{"id":193793,"date":"2022-01-25T19:00:04","date_gmt":"2022-01-25T18:00:04","guid":{"rendered":"https:\/\/www.mojabochnia.pl\/?p=193793"},"modified":"2022-01-25T19:00:04","modified_gmt":"2022-01-25T18:00:04","slug":"jakub-kuszlik-koncert-noworoczny","status":"publish","type":"post","link":"https:\/\/www.mojabochnia.pl\/?p=193793","title":{"rendered":"Jakub Kuszlik \u2013 koncert noworoczny"},"content":{"rendered":"<p style=\"text-align: justify;\"><strong>20 lutego 2022 roku o godz. 19.\u00a0w hali widowiskowo-sportowej odb\u0119dzie si\u0119 koncert noworoczny, podczas kt\u00f3rego b\u0119dzie mo\u017cna na w\u0142asne uszy i oczy przekona\u0107 si\u0119 o wirtuozerii gry Jakuba Kuszlika. Bochnianin, zdobywca 4 miejsca i nagrody za interpretacj\u0119 mazurk\u00f3w w zesz\u0142orocznym Konkursie Chopinowskim, do rodzinnego miasta przyjedzie tu\u017c po ponadmiesi\u0119cznym tourn\u00e9e po Japonii.<\/strong><\/p>\n<p style=\"text-align: justify;\">W programie koncertu oczywi\u015bcie utwory Fryderyka Chopina. Nie zabraknie tak docenionych przez jury konkursu chopinowskiego Mazurk\u00f3w (op. 30), a pr\u00f3cz nich tak\u017ce Fantazja op. 49 i Sonata op. 58. Jakub Kuszlik zagra na sprowadzonym specjalnie dla niego pe\u0142nokoncertowym fortepianie Fazzioli (na takim w trakcie Konkursu Chopinowskiego gra\u0142 jego zwyci\u0119zca Bruce Liu).<\/p>\n<p style=\"text-align: justify;\">Jak zwykle w przerwie koncertu b\u0119dzie mo\u017cna wesprze\u0107 dzia\u0142alno\u015b\u0107 boche\u0144skiego hospicjum domowego, kwest\u0119 do puszek przeprowadz\u0105 cz\u0142onkowie Zarz\u0105du Towarzystwa Pomocy Chorych \u201eHospicjum\u201d im. b\u0142. Edmunda Bojanowskiego.<\/p>\n<p style=\"text-align: justify;\"><strong>Jakub Kuszlik<\/strong> \u2013 bochnianin, absolwent Szko\u0142y Podstawowej nr 1, Gimnazjum nr 1 oraz I Liceum Og\u00f3lnokszta\u0142c\u0105cego, by\u0142 stypendyst\u0105 burmistrza Bochni za osi\u0105gni\u0119cia w konkursach pianistycznych. W boche\u0144skiej Pa\u0144stwowej Szkole Muzycznej ucz\u0119szcza\u0142 do klasy Agaty Zaj\u0105c, w Pa\u0144stwowej Szkole Muzycznej II stopnia im. W\u0142. \u017bele\u0144skiego w Krakowie kszta\u0142ci\u0142 si\u0119 pod kierunkiem Olgi \u0141azarskiej. Jest absolwentem klasy fortepianu prof. Katarzyny Popowej-Zydro\u0144 w bydgoskiej Akademii Muzycznej. Koncertowa\u0142 w Polsce i za granic\u0105, mi\u0119dzy innymi w USA, Japonii, Wietnamie, Niemczech, W\u0142oszech, Grecji, Norwegii i Islandii. Jest zdobywc\u0105 najwy\u017cszych miejsc w wielu krajowych i mi\u0119dzynarodowych konkursach. W 2019 roku otrzyma\u0142 II nagrod\u0119 w Hilton Head International Piano Competition w Nowym Jorku oraz III w Top of the World International Piano Competition w Tromso w Norwegii. Ogromnym sukcesem Jakuba Kuszlika jest zaj\u0119cie IV miejsca w XVIII Mi\u0119dzynarodowym Konkursie Chopinowskim i nagrody za najlepsze wykonanie mazurk\u00f3w. W recenzji The Gramophone Jed Distler pisa\u0142: \u2013 \u201e<em>Obejrza\u0142em ponownie wyst\u0119p Kuszlika w drugim etapie i szybko zda\u0142em sobie spraw\u0119, jak bardzo go nie docenia\u0142em. [&#8230;.] Kuszlik jest tak muzykalny, \u017ce jego niezwyk\u0142\u0105 wirtuozeri\u0119 zauwa\u017ca si\u0119 dopiero po fakcie. On urodzi\u0142 si\u0119, by gra\u0107 Chopina<\/em>\u201d.<\/p>\n<p><img loading=\"lazy\" decoding=\"async\" class=\"alignnone size-medium wp-image-193796\" src=\"https:\/\/www.mojabochnia.pl\/wp-content\/uploads\/2022\/01\/plakat-koncert-noworoczny-Jakub-Kuszlik-ma\u0142y-468x668.jpg\" alt=\"\" width=\"468\" height=\"668\" srcset=\"https:\/\/www.mojabochnia.pl\/wp-content\/uploads\/2022\/01\/plakat-koncert-noworoczny-Jakub-Kuszlik-ma\u0142y-468x668.jpg 468w, https:\/\/www.mojabochnia.pl\/wp-content\/uploads\/2022\/01\/plakat-koncert-noworoczny-Jakub-Kuszlik-ma\u0142y-120x171.jpg 120w, https:\/\/www.mojabochnia.pl\/wp-content\/uploads\/2022\/01\/plakat-koncert-noworoczny-Jakub-Kuszlik-ma\u0142y.jpg 722w\" sizes=\"auto, (max-width: 468px) 100vw, 468px\" \/><\/p>\n<p style=\"text-align: justify;\"><strong>Bilety na koncert<\/strong> mo\u017cna naby\u0107 w sekretariacie i Miejskiego Domu Kultury w Bochni (w godz. 8-16) i kasie kina Regis (w godz. 16-20). Szczeg\u00f3\u0142owych informacji udziela sekretariat MDK, nr tel. 14\u00a0611 69 35, kom.784 683\u00a0895.<\/p>\n\t  \r\n\t\r\n\t    <div class=\"mb-gallery\">\r\n\t    <a href=\"https:\/\/www.mojabochnia.pl\/?attachment_id=193795\" class=\"\"><img loading=\"lazy\" decoding=\"async\" width=\"100\" height=\"100\" src=\"https:\/\/www.mojabochnia.pl\/wp-content\/uploads\/2022\/01\/JKuszlik2-1-100x100.jpg\" class=\"attachment-100x100 size-100x100\" alt=\"\" \/><\/a><a href=\"https:\/\/www.mojabochnia.pl\/?attachment_id=193796\" class=\"\"><img loading=\"lazy\" decoding=\"async\" width=\"100\" height=\"100\" src=\"https:\/\/www.mojabochnia.pl\/wp-content\/uploads\/2022\/01\/plakat-koncert-noworoczny-Jakub-Kuszlik-ma\u0142y-100x100.jpg\" class=\"attachment-100x100 size-100x100\" alt=\"\" \/><\/a><a href=\"https:\/\/www.mojabochnia.pl\/?attachment_id=193797\" class=\"\"><img loading=\"lazy\" decoding=\"async\" width=\"100\" height=\"100\" src=\"https:\/\/www.mojabochnia.pl\/wp-content\/uploads\/2022\/01\/JKuszlik4-100x100.jpg\" class=\"attachment-100x100 size-100x100\" alt=\"\" \/><\/a><a href=\"https:\/\/www.mojabochnia.pl\/?attachment_id=193798\" class=\"\"><img loading=\"lazy\" decoding=\"async\" width=\"100\" height=\"100\" src=\"https:\/\/www.mojabochnia.pl\/wp-content\/uploads\/2022\/01\/JKuszlik3-100x100.jpg\" class=\"attachment-100x100 size-100x100\" alt=\"\" \/><\/a>\t    <\/div>\r\n\t    ","protected":false},"excerpt":{"rendered":"<p>20 lutego 2022 roku o godz. 19.\u00a0w hali widowiskowo-sportowej odb\u0119dzie si\u0119 koncert noworoczny, podczas kt\u00f3rego b\u0119dzie mo\u017cna na w\u0142asne uszy i oczy przekona\u0107 si\u0119 o wirtuozerii gry Jakuba Kuszlika. Bochnianin, zdobywca 4 miejsca i nagrody za interpretacj\u0119 mazurk\u00f3w w zesz\u0142orocznym Konkursie Chopinowskim, do rodzinnego miasta przyjedzie tu\u017c po ponadmiesi\u0119cznym tourn\u00e9e po Japonii. W programie koncertu<\/p>\n","protected":false},"author":29,"featured_media":193798,"comment_status":"open","ping_status":"closed","sticky":false,"template":"","format":"standard","meta":{"_acf_changed":false,"footnotes":""},"categories":[5,92,6250],"tags":[10700,17108,21160,5841],"class_list":["post-193793","post","type-post","status-publish","format-standard","has-post-thumbnail","hentry","category-biezace-wydarzenia","category-kultura","category-tematyka","tag-jakub-kuszlik","tag-koncert","tag-konkurs-chopinowski","tag-mdk-bochnia","main_tag-bochnia"],"acf":[],"yoast_head":"<!-- This site is optimized with the Yoast SEO plugin v26.9 - https:\/\/yoast.com\/product\/yoast-seo-wordpress\/ -->\n<title>Jakub Kuszlik \u2013 koncert noworoczny - mojabochnia.pl - portal informacyjny<\/title>\n<meta name=\"robots\" content=\"index, follow, max-snippet:-1, max-image-preview:large, max-video-preview:-1\" \/>\n<link rel=\"canonical\" href=\"https:\/\/www.mojabochnia.pl\/?p=193793\" \/>\n<meta property=\"og:locale\" content=\"pl_PL\" \/>\n<meta property=\"og:type\" content=\"article\" \/>\n<meta property=\"og:title\" content=\"Jakub Kuszlik \u2013 koncert noworoczny - mojabochnia.pl - portal informacyjny\" \/>\n<meta property=\"og:description\" content=\"20 lutego 2022 roku o godz. 19.\u00a0w hali widowiskowo-sportowej odb\u0119dzie si\u0119 koncert noworoczny, podczas kt\u00f3rego b\u0119dzie mo\u017cna na w\u0142asne uszy i oczy przekona\u0107 si\u0119 o wirtuozerii gry Jakuba Kuszlika. Bochnianin, zdobywca 4 miejsca i nagrody za interpretacj\u0119 mazurk\u00f3w w zesz\u0142orocznym Konkursie Chopinowskim, do rodzinnego miasta przyjedzie tu\u017c po ponadmiesi\u0119cznym tourn\u00e9e po Japonii. W programie koncertu\" \/>\n<meta property=\"og:url\" content=\"https:\/\/www.mojabochnia.pl\/?p=193793\" \/>\n<meta property=\"og:site_name\" content=\"mojabochnia.pl - portal informacyjny\" \/>\n<meta property=\"article:publisher\" content=\"https:\/\/www.facebook.com\/mojabochnia\" \/>\n<meta property=\"article:published_time\" content=\"2022-01-25T18:00:04+00:00\" \/>\n<meta property=\"og:image\" content=\"https:\/\/www.mojabochnia.pl\/wp-content\/uploads\/2022\/01\/JKuszlik3.jpg\" \/>\n\t<meta property=\"og:image:width\" content=\"1900\" \/>\n\t<meta property=\"og:image:height\" content=\"1267\" \/>\n\t<meta property=\"og:image:type\" content=\"image\/jpeg\" \/>\n<meta name=\"author\" content=\"Marcin Kalinowski\" \/>\n<meta name=\"twitter:card\" content=\"summary_large_image\" \/>\n<meta name=\"twitter:label1\" content=\"Written by\" \/>\n\t<meta name=\"twitter:data1\" content=\"Marcin Kalinowski\" \/>\n\t<meta name=\"twitter:label2\" content=\"Est. reading time\" \/>\n\t<meta name=\"twitter:data2\" content=\"2 minuty\" \/>\n<script type=\"application\/ld+json\" class=\"yoast-schema-graph\">{\"@context\":\"https:\/\/schema.org\",\"@graph\":[{\"@type\":\"Article\",\"@id\":\"https:\/\/www.mojabochnia.pl\/?p=193793#article\",\"isPartOf\":{\"@id\":\"https:\/\/www.mojabochnia.pl\/?p=193793\"},\"author\":{\"name\":\"Marcin Kalinowski\",\"@id\":\"https:\/\/www.mojabochnia.pl\/#\/schema\/person\/d4c758656c81ae00e6496831fe7b0792\"},\"headline\":\"Jakub Kuszlik \u2013 koncert noworoczny\",\"datePublished\":\"2022-01-25T18:00:04+00:00\",\"mainEntityOfPage\":{\"@id\":\"https:\/\/www.mojabochnia.pl\/?p=193793\"},\"wordCount\":384,\"commentCount\":0,\"publisher\":{\"@id\":\"https:\/\/www.mojabochnia.pl\/#organization\"},\"image\":{\"@id\":\"https:\/\/www.mojabochnia.pl\/?p=193793#primaryimage\"},\"thumbnailUrl\":\"https:\/\/www.mojabochnia.pl\/wp-content\/uploads\/2022\/01\/JKuszlik3.jpg\",\"keywords\":[\"jakub kuszlik\",\"koncert\",\"konkurs chopinowski\",\"mdk bochnia\"],\"articleSection\":[\"2_ostatnie\",\"kultura\",\"tematyka\"],\"inLanguage\":\"pl-PL\",\"potentialAction\":[{\"@type\":\"CommentAction\",\"name\":\"Comment\",\"target\":[\"https:\/\/www.mojabochnia.pl\/?p=193793#respond\"]}]},{\"@type\":\"WebPage\",\"@id\":\"https:\/\/www.mojabochnia.pl\/?p=193793\",\"url\":\"https:\/\/www.mojabochnia.pl\/?p=193793\",\"name\":\"Jakub Kuszlik \u2013 koncert noworoczny - mojabochnia.pl - portal informacyjny\",\"isPartOf\":{\"@id\":\"https:\/\/www.mojabochnia.pl\/#website\"},\"primaryImageOfPage\":{\"@id\":\"https:\/\/www.mojabochnia.pl\/?p=193793#primaryimage\"},\"image\":{\"@id\":\"https:\/\/www.mojabochnia.pl\/?p=193793#primaryimage\"},\"thumbnailUrl\":\"https:\/\/www.mojabochnia.pl\/wp-content\/uploads\/2022\/01\/JKuszlik3.jpg\",\"datePublished\":\"2022-01-25T18:00:04+00:00\",\"breadcrumb\":{\"@id\":\"https:\/\/www.mojabochnia.pl\/?p=193793#breadcrumb\"},\"inLanguage\":\"pl-PL\",\"potentialAction\":[{\"@type\":\"ReadAction\",\"target\":[\"https:\/\/www.mojabochnia.pl\/?p=193793\"]}]},{\"@type\":\"ImageObject\",\"inLanguage\":\"pl-PL\",\"@id\":\"https:\/\/www.mojabochnia.pl\/?p=193793#primaryimage\",\"url\":\"https:\/\/www.mojabochnia.pl\/wp-content\/uploads\/2022\/01\/JKuszlik3.jpg\",\"contentUrl\":\"https:\/\/www.mojabochnia.pl\/wp-content\/uploads\/2022\/01\/JKuszlik3.jpg\",\"width\":1900,\"height\":1267},{\"@type\":\"BreadcrumbList\",\"@id\":\"https:\/\/www.mojabochnia.pl\/?p=193793#breadcrumb\",\"itemListElement\":[{\"@type\":\"ListItem\",\"position\":1,\"name\":\"Home\",\"item\":\"https:\/\/www.mojabochnia.pl\/\"},{\"@type\":\"ListItem\",\"position\":2,\"name\":\"Jakub Kuszlik \u2013 koncert noworoczny\"}]},{\"@type\":\"WebSite\",\"@id\":\"https:\/\/www.mojabochnia.pl\/#website\",\"url\":\"https:\/\/www.mojabochnia.pl\/\",\"name\":\"mojabochnia.pl - portal informacyjny\",\"description\":\"mojaBochnia to portal informacyjny o Bochni. Codziennie o Bochni piszemy i pokazujemy najwa\u017cniejsze wydarzenia\",\"publisher\":{\"@id\":\"https:\/\/www.mojabochnia.pl\/#organization\"},\"potentialAction\":[{\"@type\":\"SearchAction\",\"target\":{\"@type\":\"EntryPoint\",\"urlTemplate\":\"https:\/\/www.mojabochnia.pl\/?s={search_term_string}\"},\"query-input\":{\"@type\":\"PropertyValueSpecification\",\"valueRequired\":true,\"valueName\":\"search_term_string\"}}],\"inLanguage\":\"pl-PL\"},{\"@type\":\"Organization\",\"@id\":\"https:\/\/www.mojabochnia.pl\/#organization\",\"name\":\"mojabochnia.pl - portal informacyjny\",\"url\":\"https:\/\/www.mojabochnia.pl\/\",\"logo\":{\"@type\":\"ImageObject\",\"inLanguage\":\"pl-PL\",\"@id\":\"https:\/\/www.mojabochnia.pl\/#\/schema\/logo\/image\/\",\"url\":\"https:\/\/www.mojabochnia.pl\/wp-content\/uploads\/2017\/08\/logo-mb-opt.png\",\"contentUrl\":\"https:\/\/www.mojabochnia.pl\/wp-content\/uploads\/2017\/08\/logo-mb-opt.png\",\"width\":250,\"height\":48,\"caption\":\"mojabochnia.pl - portal informacyjny\"},\"image\":{\"@id\":\"https:\/\/www.mojabochnia.pl\/#\/schema\/logo\/image\/\"},\"sameAs\":[\"https:\/\/www.facebook.com\/mojabochnia\"]},{\"@type\":\"Person\",\"@id\":\"https:\/\/www.mojabochnia.pl\/#\/schema\/person\/d4c758656c81ae00e6496831fe7b0792\",\"name\":\"Marcin Kalinowski\",\"url\":\"https:\/\/www.mojabochnia.pl\/?author=29\"}]}<\/script>\n<!-- \/ Yoast SEO plugin. -->","yoast_head_json":{"title":"Jakub Kuszlik \u2013 koncert noworoczny - mojabochnia.pl - portal informacyjny","robots":{"index":"index","follow":"follow","max-snippet":"max-snippet:-1","max-image-preview":"max-image-preview:large","max-video-preview":"max-video-preview:-1"},"canonical":"https:\/\/www.mojabochnia.pl\/?p=193793","og_locale":"pl_PL","og_type":"article","og_title":"Jakub Kuszlik \u2013 koncert noworoczny - mojabochnia.pl - portal informacyjny","og_description":"20 lutego 2022 roku o godz. 19.\u00a0w hali widowiskowo-sportowej odb\u0119dzie si\u0119 koncert noworoczny, podczas kt\u00f3rego b\u0119dzie mo\u017cna na w\u0142asne uszy i oczy przekona\u0107 si\u0119 o wirtuozerii gry Jakuba Kuszlika. Bochnianin, zdobywca 4 miejsca i nagrody za interpretacj\u0119 mazurk\u00f3w w zesz\u0142orocznym Konkursie Chopinowskim, do rodzinnego miasta przyjedzie tu\u017c po ponadmiesi\u0119cznym tourn\u00e9e po Japonii. W programie koncertu","og_url":"https:\/\/www.mojabochnia.pl\/?p=193793","og_site_name":"mojabochnia.pl - portal informacyjny","article_publisher":"https:\/\/www.facebook.com\/mojabochnia","article_published_time":"2022-01-25T18:00:04+00:00","og_image":[{"width":1900,"height":1267,"url":"https:\/\/www.mojabochnia.pl\/wp-content\/uploads\/2022\/01\/JKuszlik3.jpg","type":"image\/jpeg"}],"author":"Marcin Kalinowski","twitter_card":"summary_large_image","twitter_misc":{"Written by":"Marcin Kalinowski","Est. reading time":"2 minuty"},"schema":{"@context":"https:\/\/schema.org","@graph":[{"@type":"Article","@id":"https:\/\/www.mojabochnia.pl\/?p=193793#article","isPartOf":{"@id":"https:\/\/www.mojabochnia.pl\/?p=193793"},"author":{"name":"Marcin Kalinowski","@id":"https:\/\/www.mojabochnia.pl\/#\/schema\/person\/d4c758656c81ae00e6496831fe7b0792"},"headline":"Jakub Kuszlik \u2013 koncert noworoczny","datePublished":"2022-01-25T18:00:04+00:00","mainEntityOfPage":{"@id":"https:\/\/www.mojabochnia.pl\/?p=193793"},"wordCount":384,"commentCount":0,"publisher":{"@id":"https:\/\/www.mojabochnia.pl\/#organization"},"image":{"@id":"https:\/\/www.mojabochnia.pl\/?p=193793#primaryimage"},"thumbnailUrl":"https:\/\/www.mojabochnia.pl\/wp-content\/uploads\/2022\/01\/JKuszlik3.jpg","keywords":["jakub kuszlik","koncert","konkurs chopinowski","mdk bochnia"],"articleSection":["2_ostatnie","kultura","tematyka"],"inLanguage":"pl-PL","potentialAction":[{"@type":"CommentAction","name":"Comment","target":["https:\/\/www.mojabochnia.pl\/?p=193793#respond"]}]},{"@type":"WebPage","@id":"https:\/\/www.mojabochnia.pl\/?p=193793","url":"https:\/\/www.mojabochnia.pl\/?p=193793","name":"Jakub Kuszlik \u2013 koncert noworoczny - mojabochnia.pl - portal informacyjny","isPartOf":{"@id":"https:\/\/www.mojabochnia.pl\/#website"},"primaryImageOfPage":{"@id":"https:\/\/www.mojabochnia.pl\/?p=193793#primaryimage"},"image":{"@id":"https:\/\/www.mojabochnia.pl\/?p=193793#primaryimage"},"thumbnailUrl":"https:\/\/www.mojabochnia.pl\/wp-content\/uploads\/2022\/01\/JKuszlik3.jpg","datePublished":"2022-01-25T18:00:04+00:00","breadcrumb":{"@id":"https:\/\/www.mojabochnia.pl\/?p=193793#breadcrumb"},"inLanguage":"pl-PL","potentialAction":[{"@type":"ReadAction","target":["https:\/\/www.mojabochnia.pl\/?p=193793"]}]},{"@type":"ImageObject","inLanguage":"pl-PL","@id":"https:\/\/www.mojabochnia.pl\/?p=193793#primaryimage","url":"https:\/\/www.mojabochnia.pl\/wp-content\/uploads\/2022\/01\/JKuszlik3.jpg","contentUrl":"https:\/\/www.mojabochnia.pl\/wp-content\/uploads\/2022\/01\/JKuszlik3.jpg","width":1900,"height":1267},{"@type":"BreadcrumbList","@id":"https:\/\/www.mojabochnia.pl\/?p=193793#breadcrumb","itemListElement":[{"@type":"ListItem","position":1,"name":"Home","item":"https:\/\/www.mojabochnia.pl\/"},{"@type":"ListItem","position":2,"name":"Jakub Kuszlik \u2013 koncert noworoczny"}]},{"@type":"WebSite","@id":"https:\/\/www.mojabochnia.pl\/#website","url":"https:\/\/www.mojabochnia.pl\/","name":"mojabochnia.pl - portal informacyjny","description":"mojaBochnia to portal informacyjny o Bochni. Codziennie o Bochni piszemy i pokazujemy najwa\u017cniejsze wydarzenia","publisher":{"@id":"https:\/\/www.mojabochnia.pl\/#organization"},"potentialAction":[{"@type":"SearchAction","target":{"@type":"EntryPoint","urlTemplate":"https:\/\/www.mojabochnia.pl\/?s={search_term_string}"},"query-input":{"@type":"PropertyValueSpecification","valueRequired":true,"valueName":"search_term_string"}}],"inLanguage":"pl-PL"},{"@type":"Organization","@id":"https:\/\/www.mojabochnia.pl\/#organization","name":"mojabochnia.pl - portal informacyjny","url":"https:\/\/www.mojabochnia.pl\/","logo":{"@type":"ImageObject","inLanguage":"pl-PL","@id":"https:\/\/www.mojabochnia.pl\/#\/schema\/logo\/image\/","url":"https:\/\/www.mojabochnia.pl\/wp-content\/uploads\/2017\/08\/logo-mb-opt.png","contentUrl":"https:\/\/www.mojabochnia.pl\/wp-content\/uploads\/2017\/08\/logo-mb-opt.png","width":250,"height":48,"caption":"mojabochnia.pl - portal informacyjny"},"image":{"@id":"https:\/\/www.mojabochnia.pl\/#\/schema\/logo\/image\/"},"sameAs":["https:\/\/www.facebook.com\/mojabochnia"]},{"@type":"Person","@id":"https:\/\/www.mojabochnia.pl\/#\/schema\/person\/d4c758656c81ae00e6496831fe7b0792","name":"Marcin Kalinowski","url":"https:\/\/www.mojabochnia.pl\/?author=29"}]}},"_links":{"self":[{"href":"https:\/\/www.mojabochnia.pl\/index.php?rest_route=\/wp\/v2\/posts\/193793","targetHints":{"allow":["GET"]}}],"collection":[{"href":"https:\/\/www.mojabochnia.pl\/index.php?rest_route=\/wp\/v2\/posts"}],"about":[{"href":"https:\/\/www.mojabochnia.pl\/index.php?rest_route=\/wp\/v2\/types\/post"}],"author":[{"embeddable":true,"href":"https:\/\/www.mojabochnia.pl\/index.php?rest_route=\/wp\/v2\/users\/29"}],"replies":[{"embeddable":true,"href":"https:\/\/www.mojabochnia.pl\/index.php?rest_route=%2Fwp%2Fv2%2Fcomments&post=193793"}],"version-history":[{"count":1,"href":"https:\/\/www.mojabochnia.pl\/index.php?rest_route=\/wp\/v2\/posts\/193793\/revisions"}],"predecessor-version":[{"id":193799,"href":"https:\/\/www.mojabochnia.pl\/index.php?rest_route=\/wp\/v2\/posts\/193793\/revisions\/193799"}],"wp:featuredmedia":[{"embeddable":true,"href":"https:\/\/www.mojabochnia.pl\/index.php?rest_route=\/wp\/v2\/media\/193798"}],"wp:attachment":[{"href":"https:\/\/www.mojabochnia.pl\/index.php?rest_route=%2Fwp%2Fv2%2Fmedia&parent=193793"}],"wp:term":[{"taxonomy":"category","embeddable":true,"href":"https:\/\/www.mojabochnia.pl\/index.php?rest_route=%2Fwp%2Fv2%2Fcategories&post=193793"},{"taxonomy":"post_tag","embeddable":true,"href":"https:\/\/www.mojabochnia.pl\/index.php?rest_route=%2Fwp%2Fv2%2Ftags&post=193793"}],"curies":[{"name":"wp","href":"https:\/\/api.w.org\/{rel}","templated":true}]}}