{"id":193782,"date":"2022-01-20T20:34:15","date_gmt":"2022-01-20T19:34:15","guid":{"rendered":"https:\/\/www.mojabochnia.pl\/?p=193782"},"modified":"2022-01-20T20:34:15","modified_gmt":"2022-01-20T19:34:15","slug":"ulatwienia-dla-osob-z-niepelnosprawnosciami-w-starostwie","status":"publish","type":"post","link":"https:\/\/www.mojabochnia.pl\/?p=193782","title":{"rendered":"U\u0142atwienia dla os\u00f3b z\u00a0niepe\u0142nosprawno\u015bciami w\u00a0Starostwie"},"content":{"rendered":"<p><strong>Budynek Starostwa Powiatowego w Bochni od ul. R\u00f3\u017canej jest ju\u017c dost\u0119pny dla os\u00f3b poruszaj\u0105cych si\u0119 na w\u00f3zkach inwalidzkich. Z ko\u0144cem roku sfinalizowano prace remontowe. Koszt inwestycji to blisko 460 tysi\u0119cy z\u0142otych.<\/strong><\/p>\n<p>&nbsp;<\/p>\n<p><em>Kwestia dost\u0119pno\u015bci dla os\u00f3b starszych, schorowanych, czy z niepe\u0142nosprawno\u015bciami jest dla nas bardzo wa\u017cna. Uwa\u017cam, \u017ce tego typu zmiany i udogodnienia s\u0105 konieczne, by ogranicza\u0107 wykluczenie i marginalizacj\u0119 takich os\u00f3b. W zesz\u0142ym roku uruchomili\u015bmy us\u0142ug\u0119 wideot\u0142umacza j\u0119zyka migowego w Starostwie czy dostosowali\u015bmy stron\u0119 internetow\u0105 starostwa jak r\u00f3wnie\u017c jednostek organizacyjnych. Chcemy te\u017c by w Starostwie powsta\u0142a winda, prace nad projektem ju\u017c trwaj\u0105. My\u015bl\u0119, \u017ce wszystkie osoby maj\u0105ce trudno\u015bci z poruszaniem si\u0119 z zadowoleniem przyjm\u0105 kolejne zmiany<\/em> \u2014 m\u00f3wi Starosta Boche\u0144ski Adam Korta.<\/p>\n<p>Zrealizowana inwestycja u\u0142atwi wej\u015bcie do budynku osobom z niepe\u0142nosprawno\u015bciami. Przebudowano wej\u015bcie do budynku i zamontowano zadaszenie, powsta\u0142 specjalny podjazd, co u\u0142atwi dost\u0119p do urz\u0119du nie tylko osobom na w\u00f3zku, ale tak\u017ce matkom z ma\u0142ymi dzie\u0107mi. Teraz spokojnie mo\u017cna r\u00f3wnie\u017c podjecha\u0107 samochodem, poniewa\u017c wydzielono i oznakowano miejsce postojowe dla os\u00f3b z niepe\u0142nosprawno\u015bciami oraz miejsce dla pojazdu osoby z dzieckiem.<\/p>\n<p>&nbsp;<\/p>\n<p>W ramach prowadzonych rob\u00f3t zosta\u0142a wykonana r\u00f3wnie\u017c hydroizolacja na ca\u0142ej d\u0142ugo\u015bci \u015bciany piwnic wzd\u0142u\u017c elewacji od strony ulicy R\u00f3\u017canej.<\/p>\n\t  \r\n\t\r\n\t    <div class=\"mb-gallery\">\r\n\t    <a href=\"https:\/\/www.mojabochnia.pl\/?attachment_id=193784\" class=\"\"><img loading=\"lazy\" decoding=\"async\" width=\"100\" height=\"100\" src=\"https:\/\/www.mojabochnia.pl\/wp-content\/uploads\/2022\/01\/rozana03-1-100x100.jpg\" class=\"attachment-100x100 size-100x100\" alt=\"\" \/><\/a><a href=\"https:\/\/www.mojabochnia.pl\/?attachment_id=193785\" class=\"\"><img loading=\"lazy\" decoding=\"async\" width=\"100\" height=\"100\" src=\"https:\/\/www.mojabochnia.pl\/wp-content\/uploads\/2022\/01\/rozana02-1-100x100.jpg\" class=\"attachment-100x100 size-100x100\" alt=\"\" \/><\/a><a href=\"https:\/\/www.mojabochnia.pl\/?attachment_id=193786\" class=\"\"><img loading=\"lazy\" decoding=\"async\" width=\"100\" height=\"100\" src=\"https:\/\/www.mojabochnia.pl\/wp-content\/uploads\/2022\/01\/rozana01-100x100.jpg\" class=\"attachment-100x100 size-100x100\" alt=\"\" \/><\/a>\t    <\/div>\r\n\t    ","protected":false},"excerpt":{"rendered":"<p>Budynek Starostwa Powiatowego w Bochni od ul. R\u00f3\u017canej jest ju\u017c dost\u0119pny dla os\u00f3b poruszaj\u0105cych si\u0119 na w\u00f3zkach inwalidzkich. Z ko\u0144cem roku sfinalizowano prace remontowe. Koszt inwestycji to blisko 460 tysi\u0119cy z\u0142otych. &nbsp; Kwestia dost\u0119pno\u015bci dla os\u00f3b starszych, schorowanych, czy z niepe\u0142nosprawno\u015bciami jest dla nas bardzo wa\u017cna. Uwa\u017cam, \u017ce tego typu zmiany i udogodnienia s\u0105 konieczne,<\/p>\n","protected":false},"author":29,"featured_media":193785,"comment_status":"open","ping_status":"closed","sticky":false,"template":"","format":"standard","meta":{"_acf_changed":false,"footnotes":""},"categories":[6251,6250],"tags":[17884,17269,19219,17127,6436],"class_list":["post-193782","post","type-post","status-publish","format-standard","has-post-thumbnail","hentry","category-polityka-i-wydarzenia","category-tematyka","tag-adam-korta","tag-bochnia","tag-niepelnosprawnosc","tag-powiat-bochenski","tag-starostwo-powiatowe-w-bochni","main_tag-powiat-bochenski"],"acf":[],"yoast_head":"<!-- This site is optimized with the Yoast SEO plugin v26.9 - https:\/\/yoast.com\/product\/yoast-seo-wordpress\/ -->\n<title>U\u0142atwienia dla os\u00f3b z\u00a0niepe\u0142nosprawno\u015bciami w\u00a0Starostwie - mojabochnia.pl - portal informacyjny<\/title>\n<meta name=\"robots\" content=\"index, follow, max-snippet:-1, max-image-preview:large, max-video-preview:-1\" \/>\n<link rel=\"canonical\" href=\"https:\/\/www.mojabochnia.pl\/?p=193782\" \/>\n<meta property=\"og:locale\" content=\"pl_PL\" \/>\n<meta property=\"og:type\" content=\"article\" \/>\n<meta property=\"og:title\" content=\"U\u0142atwienia dla os\u00f3b z\u00a0niepe\u0142nosprawno\u015bciami w\u00a0Starostwie - mojabochnia.pl - portal informacyjny\" \/>\n<meta property=\"og:description\" content=\"Budynek Starostwa Powiatowego w Bochni od ul. R\u00f3\u017canej jest ju\u017c dost\u0119pny dla os\u00f3b poruszaj\u0105cych si\u0119 na w\u00f3zkach inwalidzkich. Z ko\u0144cem roku sfinalizowano prace remontowe. Koszt inwestycji to blisko 460 tysi\u0119cy z\u0142otych. &nbsp; Kwestia dost\u0119pno\u015bci dla os\u00f3b starszych, schorowanych, czy z niepe\u0142nosprawno\u015bciami jest dla nas bardzo wa\u017cna. Uwa\u017cam, \u017ce tego typu zmiany i udogodnienia s\u0105 konieczne,\" \/>\n<meta property=\"og:url\" content=\"https:\/\/www.mojabochnia.pl\/?p=193782\" \/>\n<meta property=\"og:site_name\" content=\"mojabochnia.pl - portal informacyjny\" \/>\n<meta property=\"article:publisher\" content=\"https:\/\/www.facebook.com\/mojabochnia\" \/>\n<meta property=\"article:published_time\" content=\"2022-01-20T19:34:15+00:00\" \/>\n<meta property=\"og:image\" content=\"https:\/\/www.mojabochnia.pl\/wp-content\/uploads\/2022\/01\/rozana02-1.jpg\" \/>\n\t<meta property=\"og:image:width\" content=\"1044\" \/>\n\t<meta property=\"og:image:height\" content=\"696\" \/>\n\t<meta property=\"og:image:type\" content=\"image\/jpeg\" \/>\n<meta name=\"author\" content=\"Marcin Kalinowski\" \/>\n<meta name=\"twitter:card\" content=\"summary_large_image\" \/>\n<meta name=\"twitter:label1\" content=\"Written by\" \/>\n\t<meta name=\"twitter:data1\" content=\"Marcin Kalinowski\" \/>\n\t<meta name=\"twitter:label2\" content=\"Est. reading time\" \/>\n\t<meta name=\"twitter:data2\" content=\"1 minuta\" \/>\n<script type=\"application\/ld+json\" class=\"yoast-schema-graph\">{\"@context\":\"https:\/\/schema.org\",\"@graph\":[{\"@type\":\"Article\",\"@id\":\"https:\/\/www.mojabochnia.pl\/?p=193782#article\",\"isPartOf\":{\"@id\":\"https:\/\/www.mojabochnia.pl\/?p=193782\"},\"author\":{\"name\":\"Marcin Kalinowski\",\"@id\":\"https:\/\/www.mojabochnia.pl\/#\/schema\/person\/d4c758656c81ae00e6496831fe7b0792\"},\"headline\":\"U\u0142atwienia dla os\u00f3b z\u00a0niepe\u0142nosprawno\u015bciami w\u00a0Starostwie\",\"datePublished\":\"2022-01-20T19:34:15+00:00\",\"mainEntityOfPage\":{\"@id\":\"https:\/\/www.mojabochnia.pl\/?p=193782\"},\"wordCount\":254,\"commentCount\":0,\"publisher\":{\"@id\":\"https:\/\/www.mojabochnia.pl\/#organization\"},\"image\":{\"@id\":\"https:\/\/www.mojabochnia.pl\/?p=193782#primaryimage\"},\"thumbnailUrl\":\"https:\/\/www.mojabochnia.pl\/wp-content\/uploads\/2022\/01\/rozana02-1.jpg\",\"keywords\":[\"adam korta\",\"bochnia\",\"niepe\u0142nosprawno\u015b\u0107\",\"powiat boche\u0144ski\",\"starostwo powiatowe w bochni\"],\"articleSection\":[\"polityka i wydarzenia\",\"tematyka\"],\"inLanguage\":\"pl-PL\",\"potentialAction\":[{\"@type\":\"CommentAction\",\"name\":\"Comment\",\"target\":[\"https:\/\/www.mojabochnia.pl\/?p=193782#respond\"]}]},{\"@type\":\"WebPage\",\"@id\":\"https:\/\/www.mojabochnia.pl\/?p=193782\",\"url\":\"https:\/\/www.mojabochnia.pl\/?p=193782\",\"name\":\"U\u0142atwienia dla os\u00f3b z\u00a0niepe\u0142nosprawno\u015bciami w\u00a0Starostwie - mojabochnia.pl - portal informacyjny\",\"isPartOf\":{\"@id\":\"https:\/\/www.mojabochnia.pl\/#website\"},\"primaryImageOfPage\":{\"@id\":\"https:\/\/www.mojabochnia.pl\/?p=193782#primaryimage\"},\"image\":{\"@id\":\"https:\/\/www.mojabochnia.pl\/?p=193782#primaryimage\"},\"thumbnailUrl\":\"https:\/\/www.mojabochnia.pl\/wp-content\/uploads\/2022\/01\/rozana02-1.jpg\",\"datePublished\":\"2022-01-20T19:34:15+00:00\",\"breadcrumb\":{\"@id\":\"https:\/\/www.mojabochnia.pl\/?p=193782#breadcrumb\"},\"inLanguage\":\"pl-PL\",\"potentialAction\":[{\"@type\":\"ReadAction\",\"target\":[\"https:\/\/www.mojabochnia.pl\/?p=193782\"]}]},{\"@type\":\"ImageObject\",\"inLanguage\":\"pl-PL\",\"@id\":\"https:\/\/www.mojabochnia.pl\/?p=193782#primaryimage\",\"url\":\"https:\/\/www.mojabochnia.pl\/wp-content\/uploads\/2022\/01\/rozana02-1.jpg\",\"contentUrl\":\"https:\/\/www.mojabochnia.pl\/wp-content\/uploads\/2022\/01\/rozana02-1.jpg\",\"width\":1044,\"height\":696},{\"@type\":\"BreadcrumbList\",\"@id\":\"https:\/\/www.mojabochnia.pl\/?p=193782#breadcrumb\",\"itemListElement\":[{\"@type\":\"ListItem\",\"position\":1,\"name\":\"Home\",\"item\":\"https:\/\/www.mojabochnia.pl\/\"},{\"@type\":\"ListItem\",\"position\":2,\"name\":\"U\u0142atwienia dla os\u00f3b z\u00a0niepe\u0142nosprawno\u015bciami w\u00a0Starostwie\"}]},{\"@type\":\"WebSite\",\"@id\":\"https:\/\/www.mojabochnia.pl\/#website\",\"url\":\"https:\/\/www.mojabochnia.pl\/\",\"name\":\"mojabochnia.pl - portal informacyjny\",\"description\":\"mojaBochnia to portal informacyjny o Bochni. Codziennie o Bochni piszemy i pokazujemy najwa\u017cniejsze wydarzenia\",\"publisher\":{\"@id\":\"https:\/\/www.mojabochnia.pl\/#organization\"},\"potentialAction\":[{\"@type\":\"SearchAction\",\"target\":{\"@type\":\"EntryPoint\",\"urlTemplate\":\"https:\/\/www.mojabochnia.pl\/?s={search_term_string}\"},\"query-input\":{\"@type\":\"PropertyValueSpecification\",\"valueRequired\":true,\"valueName\":\"search_term_string\"}}],\"inLanguage\":\"pl-PL\"},{\"@type\":\"Organization\",\"@id\":\"https:\/\/www.mojabochnia.pl\/#organization\",\"name\":\"mojabochnia.pl - portal informacyjny\",\"url\":\"https:\/\/www.mojabochnia.pl\/\",\"logo\":{\"@type\":\"ImageObject\",\"inLanguage\":\"pl-PL\",\"@id\":\"https:\/\/www.mojabochnia.pl\/#\/schema\/logo\/image\/\",\"url\":\"https:\/\/www.mojabochnia.pl\/wp-content\/uploads\/2017\/08\/logo-mb-opt.png\",\"contentUrl\":\"https:\/\/www.mojabochnia.pl\/wp-content\/uploads\/2017\/08\/logo-mb-opt.png\",\"width\":250,\"height\":48,\"caption\":\"mojabochnia.pl - portal informacyjny\"},\"image\":{\"@id\":\"https:\/\/www.mojabochnia.pl\/#\/schema\/logo\/image\/\"},\"sameAs\":[\"https:\/\/www.facebook.com\/mojabochnia\"]},{\"@type\":\"Person\",\"@id\":\"https:\/\/www.mojabochnia.pl\/#\/schema\/person\/d4c758656c81ae00e6496831fe7b0792\",\"name\":\"Marcin Kalinowski\",\"url\":\"https:\/\/www.mojabochnia.pl\/?author=29\"}]}<\/script>\n<!-- \/ Yoast SEO plugin. -->","yoast_head_json":{"title":"U\u0142atwienia dla os\u00f3b z\u00a0niepe\u0142nosprawno\u015bciami w\u00a0Starostwie - mojabochnia.pl - portal informacyjny","robots":{"index":"index","follow":"follow","max-snippet":"max-snippet:-1","max-image-preview":"max-image-preview:large","max-video-preview":"max-video-preview:-1"},"canonical":"https:\/\/www.mojabochnia.pl\/?p=193782","og_locale":"pl_PL","og_type":"article","og_title":"U\u0142atwienia dla os\u00f3b z\u00a0niepe\u0142nosprawno\u015bciami w\u00a0Starostwie - mojabochnia.pl - portal informacyjny","og_description":"Budynek Starostwa Powiatowego w Bochni od ul. R\u00f3\u017canej jest ju\u017c dost\u0119pny dla os\u00f3b poruszaj\u0105cych si\u0119 na w\u00f3zkach inwalidzkich. Z ko\u0144cem roku sfinalizowano prace remontowe. Koszt inwestycji to blisko 460 tysi\u0119cy z\u0142otych. &nbsp; Kwestia dost\u0119pno\u015bci dla os\u00f3b starszych, schorowanych, czy z niepe\u0142nosprawno\u015bciami jest dla nas bardzo wa\u017cna. Uwa\u017cam, \u017ce tego typu zmiany i udogodnienia s\u0105 konieczne,","og_url":"https:\/\/www.mojabochnia.pl\/?p=193782","og_site_name":"mojabochnia.pl - portal informacyjny","article_publisher":"https:\/\/www.facebook.com\/mojabochnia","article_published_time":"2022-01-20T19:34:15+00:00","og_image":[{"width":1044,"height":696,"url":"https:\/\/www.mojabochnia.pl\/wp-content\/uploads\/2022\/01\/rozana02-1.jpg","type":"image\/jpeg"}],"author":"Marcin Kalinowski","twitter_card":"summary_large_image","twitter_misc":{"Written by":"Marcin Kalinowski","Est. reading time":"1 minuta"},"schema":{"@context":"https:\/\/schema.org","@graph":[{"@type":"Article","@id":"https:\/\/www.mojabochnia.pl\/?p=193782#article","isPartOf":{"@id":"https:\/\/www.mojabochnia.pl\/?p=193782"},"author":{"name":"Marcin Kalinowski","@id":"https:\/\/www.mojabochnia.pl\/#\/schema\/person\/d4c758656c81ae00e6496831fe7b0792"},"headline":"U\u0142atwienia dla os\u00f3b z\u00a0niepe\u0142nosprawno\u015bciami w\u00a0Starostwie","datePublished":"2022-01-20T19:34:15+00:00","mainEntityOfPage":{"@id":"https:\/\/www.mojabochnia.pl\/?p=193782"},"wordCount":254,"commentCount":0,"publisher":{"@id":"https:\/\/www.mojabochnia.pl\/#organization"},"image":{"@id":"https:\/\/www.mojabochnia.pl\/?p=193782#primaryimage"},"thumbnailUrl":"https:\/\/www.mojabochnia.pl\/wp-content\/uploads\/2022\/01\/rozana02-1.jpg","keywords":["adam korta","bochnia","niepe\u0142nosprawno\u015b\u0107","powiat boche\u0144ski","starostwo powiatowe w bochni"],"articleSection":["polityka i wydarzenia","tematyka"],"inLanguage":"pl-PL","potentialAction":[{"@type":"CommentAction","name":"Comment","target":["https:\/\/www.mojabochnia.pl\/?p=193782#respond"]}]},{"@type":"WebPage","@id":"https:\/\/www.mojabochnia.pl\/?p=193782","url":"https:\/\/www.mojabochnia.pl\/?p=193782","name":"U\u0142atwienia dla os\u00f3b z\u00a0niepe\u0142nosprawno\u015bciami w\u00a0Starostwie - mojabochnia.pl - portal informacyjny","isPartOf":{"@id":"https:\/\/www.mojabochnia.pl\/#website"},"primaryImageOfPage":{"@id":"https:\/\/www.mojabochnia.pl\/?p=193782#primaryimage"},"image":{"@id":"https:\/\/www.mojabochnia.pl\/?p=193782#primaryimage"},"thumbnailUrl":"https:\/\/www.mojabochnia.pl\/wp-content\/uploads\/2022\/01\/rozana02-1.jpg","datePublished":"2022-01-20T19:34:15+00:00","breadcrumb":{"@id":"https:\/\/www.mojabochnia.pl\/?p=193782#breadcrumb"},"inLanguage":"pl-PL","potentialAction":[{"@type":"ReadAction","target":["https:\/\/www.mojabochnia.pl\/?p=193782"]}]},{"@type":"ImageObject","inLanguage":"pl-PL","@id":"https:\/\/www.mojabochnia.pl\/?p=193782#primaryimage","url":"https:\/\/www.mojabochnia.pl\/wp-content\/uploads\/2022\/01\/rozana02-1.jpg","contentUrl":"https:\/\/www.mojabochnia.pl\/wp-content\/uploads\/2022\/01\/rozana02-1.jpg","width":1044,"height":696},{"@type":"BreadcrumbList","@id":"https:\/\/www.mojabochnia.pl\/?p=193782#breadcrumb","itemListElement":[{"@type":"ListItem","position":1,"name":"Home","item":"https:\/\/www.mojabochnia.pl\/"},{"@type":"ListItem","position":2,"name":"U\u0142atwienia dla os\u00f3b z\u00a0niepe\u0142nosprawno\u015bciami w\u00a0Starostwie"}]},{"@type":"WebSite","@id":"https:\/\/www.mojabochnia.pl\/#website","url":"https:\/\/www.mojabochnia.pl\/","name":"mojabochnia.pl - portal informacyjny","description":"mojaBochnia to portal informacyjny o Bochni. Codziennie o Bochni piszemy i pokazujemy najwa\u017cniejsze wydarzenia","publisher":{"@id":"https:\/\/www.mojabochnia.pl\/#organization"},"potentialAction":[{"@type":"SearchAction","target":{"@type":"EntryPoint","urlTemplate":"https:\/\/www.mojabochnia.pl\/?s={search_term_string}"},"query-input":{"@type":"PropertyValueSpecification","valueRequired":true,"valueName":"search_term_string"}}],"inLanguage":"pl-PL"},{"@type":"Organization","@id":"https:\/\/www.mojabochnia.pl\/#organization","name":"mojabochnia.pl - portal informacyjny","url":"https:\/\/www.mojabochnia.pl\/","logo":{"@type":"ImageObject","inLanguage":"pl-PL","@id":"https:\/\/www.mojabochnia.pl\/#\/schema\/logo\/image\/","url":"https:\/\/www.mojabochnia.pl\/wp-content\/uploads\/2017\/08\/logo-mb-opt.png","contentUrl":"https:\/\/www.mojabochnia.pl\/wp-content\/uploads\/2017\/08\/logo-mb-opt.png","width":250,"height":48,"caption":"mojabochnia.pl - portal informacyjny"},"image":{"@id":"https:\/\/www.mojabochnia.pl\/#\/schema\/logo\/image\/"},"sameAs":["https:\/\/www.facebook.com\/mojabochnia"]},{"@type":"Person","@id":"https:\/\/www.mojabochnia.pl\/#\/schema\/person\/d4c758656c81ae00e6496831fe7b0792","name":"Marcin Kalinowski","url":"https:\/\/www.mojabochnia.pl\/?author=29"}]}},"_links":{"self":[{"href":"https:\/\/www.mojabochnia.pl\/index.php?rest_route=\/wp\/v2\/posts\/193782","targetHints":{"allow":["GET"]}}],"collection":[{"href":"https:\/\/www.mojabochnia.pl\/index.php?rest_route=\/wp\/v2\/posts"}],"about":[{"href":"https:\/\/www.mojabochnia.pl\/index.php?rest_route=\/wp\/v2\/types\/post"}],"author":[{"embeddable":true,"href":"https:\/\/www.mojabochnia.pl\/index.php?rest_route=\/wp\/v2\/users\/29"}],"replies":[{"embeddable":true,"href":"https:\/\/www.mojabochnia.pl\/index.php?rest_route=%2Fwp%2Fv2%2Fcomments&post=193782"}],"version-history":[{"count":1,"href":"https:\/\/www.mojabochnia.pl\/index.php?rest_route=\/wp\/v2\/posts\/193782\/revisions"}],"predecessor-version":[{"id":193787,"href":"https:\/\/www.mojabochnia.pl\/index.php?rest_route=\/wp\/v2\/posts\/193782\/revisions\/193787"}],"wp:featuredmedia":[{"embeddable":true,"href":"https:\/\/www.mojabochnia.pl\/index.php?rest_route=\/wp\/v2\/media\/193785"}],"wp:attachment":[{"href":"https:\/\/www.mojabochnia.pl\/index.php?rest_route=%2Fwp%2Fv2%2Fmedia&parent=193782"}],"wp:term":[{"taxonomy":"category","embeddable":true,"href":"https:\/\/www.mojabochnia.pl\/index.php?rest_route=%2Fwp%2Fv2%2Fcategories&post=193782"},{"taxonomy":"post_tag","embeddable":true,"href":"https:\/\/www.mojabochnia.pl\/index.php?rest_route=%2Fwp%2Fv2%2Ftags&post=193782"}],"curies":[{"name":"wp","href":"https:\/\/api.w.org\/{rel}","templated":true}]}}