{"id":193776,"date":"2022-01-19T08:36:07","date_gmt":"2022-01-19T07:36:07","guid":{"rendered":"https:\/\/www.mojabochnia.pl\/?p=193776"},"modified":"2022-01-19T08:36:07","modified_gmt":"2022-01-19T07:36:07","slug":"przekaz-1-na-rehabilitacje-mateuszka-z-lipnicy","status":"publish","type":"post","link":"https:\/\/www.mojabochnia.pl\/?p=193776","title":{"rendered":"Przeka\u017c 1% na rehabilitacj\u0119 Mateuszka z Lipnicy"},"content":{"rendered":"<p style=\"text-align: justify;\"><strong>Szanowni Pa\u0144stwo zwracam si\u0119 z pro\u015bb\u0105 do Pa\u0144stwa, o wsparcie dla naszego synka Mateuszka, poniewa\u017c osobi\u015bcie nie jestem w stanie przyjecha\u0107, wi\u0119c napisz\u0119 kilka s\u0142\u00f3w dla przypomnienia.<\/strong><\/p>\n<p style=\"text-align: justify;\">\nZwracamy si\u0119 ju\u017c kolejny rok do ludzi Wielkiego serca o wsparcie w postaci 1% podatku dochodowego lub darowizny, dla naszego kochanego synka. Mam nadziej\u0119, \u017ce Pa\u0144stwo pami\u0119taj\u0105 o Mateuszku. Nie jest mi \u0142atwo, prosi\u0107 ju\u017c kolejny rok o pomoc. Niestety w naszym kraju nie ma pomocy w tej kwestii, NFZ nie zapewnia rehabilitacji, do sprz\u0119t\u00f3w dop\u0142aca niewiele.<br \/>\nJeste\u015bmy zdani na siebie i pomoc wspania\u0142ych ludzi, kt\u00f3rzy nam pomagaj\u0105 i wspieraj\u0105 leczenie synka. Za to jeste\u015bmy ogromnie ka\u017cdemu wdzi\u0119czni i serdecznie dzi\u0119kujemy.<\/p>\n<p style=\"text-align: justify;\">\nNasz synek jest bezbronnym, kochanym, radosnym skarbem, kt\u00f3ry bez rehabilitacji, lek\u00f3w jest jak ro\u015blina bez wody. Wiem, \u017ce je\u017celi ja si\u0119 poddam, nie poprosz\u0119 o pomoc, to stan Mateuszka si\u0119 pogorszy. Strach pomy\u015ble\u0107 co mog\u0142oby si\u0119 wydarzy\u0107 bez lek\u00f3w sprowadzanych zza granicy, bez codziennej rehabilitacji\u2026\u2026\u2026\u2026\u2026\u2026<\/p>\n<p style=\"text-align: justify;\">\nJest to pewne<strong>, <\/strong>\u017ce gdyby niecodzienna rehabilitacja trwaj\u0105ca ju\u017c 10 lat &#8211;\u00a0 Mati by\u0142by pokrzywiony, le\u017c\u0105cy z przykurczami, a nawet m\u00f3g\u0142by nie do\u017cy\u0107 dzisiaj.<\/p>\n<p style=\"text-align: justify;\">\nPraktycznie dzie\u0144 na dzie\u0144 wozimy syna lub specjali\u015bci przyje\u017cd\u017caj\u0105 do domu. \u017bycie toczy si\u0119 wok\u00f3\u0142 Mateuszka i jego opieki. Trzeba si\u0119 nim zajmowa\u0107 ca\u0142\u0105 dob\u0119. Synek ma te\u017c problem ze spaniem, jedzeniem, cz\u0119sto choruje. Nie da si\u0119 opisa\u0107 w paru zdaniach, jak wygl\u0105da codzienne \u017cycie z chorym dzieckiem.<\/p>\n<p style=\"text-align: justify;\"><img loading=\"lazy\" decoding=\"async\" class=\"alignnone size-medium wp-image-193778\" src=\"https:\/\/www.mojabochnia.pl\/wp-content\/uploads\/2022\/01\/received_933046620665335-468x658.jpeg\" alt=\"\" width=\"468\" height=\"658\" srcset=\"https:\/\/www.mojabochnia.pl\/wp-content\/uploads\/2022\/01\/received_933046620665335-468x658.jpeg 468w, https:\/\/www.mojabochnia.pl\/wp-content\/uploads\/2022\/01\/received_933046620665335-120x169.jpeg 120w, https:\/\/www.mojabochnia.pl\/wp-content\/uploads\/2022\/01\/received_933046620665335.jpeg 674w\" sizes=\"auto, (max-width: 468px) 100vw, 468px\" \/><br \/>\nJest to ogromne wyzwanie, po\u015bwi\u0119cenie, bezradno\u015b\u0107, bezsilno\u015b\u0107, wylane \u0142zy, strach i wiele wyrzecze\u0144. Nie ukrywam, bywaj\u0105 ci\u0119\u017ckie chwile, pomimo to trzeba powsta\u0107 i dzia\u0142a\u0107. Nie b\u0119d\u0119 si\u0119 rozpisywa\u0107, zdaj\u0119 sobie spraw\u0119, \u017ce ka\u017cdy ma jaki\u015b problem, a tak\u017ce, \u017ce prosz\u0105cych o wsparcie jest wielu. Jednak z ca\u0142ego serca prosimy o pomoc w leczeniu naszego dziecka.<br \/>\nZ nadziej\u0105 liczymy na Pa\u0144stwa pomoc.<\/p>\n<p style=\"text-align: justify;\">\nW ubieg\u0142ym roku zakupili\u015bmy sprz\u0119ty do rehabilitacji, nadal codziennie rehabilitujemy syna po 1-2 godz. (koszt godz. 120 z\u0142), kupujemy leki na padaczk\u0119 poza granicami Polski. Z lek\u00f3w dost\u0119pnych w Polsce ju\u017c wszystkie stosowali\u015bmy, dzia\u0142a\u0142y kr\u00f3tkotrwale lub w og\u00f3le, op\u0142acili\u015bmy te\u017c badania genetyczne. Czeka nas zakup pionizatora (ok.10 tys.), w\u00f3zka specjalistycznego (ok.14 tys.), rozbudowujemy dom ( pok\u00f3j i \u0142azienka na parterze), poniewa\u017c ju\u017c nie jeste\u015bmy w stanie nosi\u0107 Mateuszka po schodach.<\/p>\n<p style=\"text-align: justify;\">\nPrzed nami dalsza diagnostyka i leczenie ci\u0119\u017ckiej padaczki lekoopornej, a tak\u017ce wielospecjalistyczna systematyczna rehabilitacja. Bardzo pragniemy i marzymy, aby u syna padaczka zosta\u0142a opanowana, ka\u017cdy atak zagra\u017ca jego zdrowiu i \u017cyciu, op\u00f3\u017ania rozw\u00f3j, uwstecznia.<\/p>\n<p style=\"text-align: justify;\"><img loading=\"lazy\" decoding=\"async\" class=\"alignnone size-medium wp-image-193779\" src=\"https:\/\/www.mojabochnia.pl\/wp-content\/uploads\/2022\/01\/received_288735693320237-468x658.jpeg\" alt=\"\" width=\"468\" height=\"658\" srcset=\"https:\/\/www.mojabochnia.pl\/wp-content\/uploads\/2022\/01\/received_288735693320237-468x658.jpeg 468w, https:\/\/www.mojabochnia.pl\/wp-content\/uploads\/2022\/01\/received_288735693320237-120x169.jpeg 120w, https:\/\/www.mojabochnia.pl\/wp-content\/uploads\/2022\/01\/received_288735693320237.jpeg 674w\" sizes=\"auto, (max-width: 468px) 100vw, 468px\" \/><br \/>\nSerce si\u0119 kroi, patrz\u0105c na te paskudne ataki, zapieraj\u0105ce dech w piersi, ze strachu w obawie o \u017cycie dziecka. Ataki wyrywaj\u0105 ma\u0142e cia\u0142ko ze snu, targaj\u0105c nim bezlito\u015bnie i wykrzywiaj\u0105c, nasze dziecko p\u0142acze i bardzo krzyczy, nie wiedz\u0105c, co si\u0119 z nim dzieje. Synek ma po kilka atak\u00f3w dziennie i niestety w nocy te\u017c. Straszne prze\u017cycia nie do opisania, serce z b\u00f3lu \u015bciska.<\/p>\n<p style=\"text-align: justify;\">Mateuszek robi ma\u0142e post\u0119py, nadal niestety nie chodzi samodzielnie, nie m\u00f3wi, nie zg\u0142asza swoich potrzeb fizjologicznych. Mo\u017cemy si\u0119 jedynie domy\u015bla\u0107 czego mu potrzeba.<\/p>\n<p style=\"text-align: justify;\">\n<strong><u>Z ca\u0142ego serca prosimy o wsparcie dla naszego dziecka i za okazan\u0105 pomoc bardzo dzi\u0119kujemy.<br \/>\n<\/u><\/strong>Je\u015bli Pa\u0144stwo maj\u0105 pytania o Mateuszka jego leczenie, prosz\u0119 o kontakt.<\/p>\n<p style=\"text-align: justify;\">\nPozdrawiamy serdecznie, \u017cyczymy wszystkiego dobrego w Nowym Roku, du\u017co zdrowia zw\u0142aszcza w tym trudnym czasie.<\/p>\n<p>Rodzice Mateuszka z Lipnicy Murowanej<br \/>\ntel. 698772495<\/p>\n\t  \r\n\t\r\n\t    <div class=\"mb-gallery\">\r\n\t    <a href=\"https:\/\/www.mojabochnia.pl\/?attachment_id=193778\" class=\"\"><img loading=\"lazy\" decoding=\"async\" width=\"100\" height=\"100\" src=\"https:\/\/www.mojabochnia.pl\/wp-content\/uploads\/2022\/01\/received_933046620665335-100x100.jpeg\" class=\"attachment-100x100 size-100x100\" alt=\"\" \/><\/a><a href=\"https:\/\/www.mojabochnia.pl\/?attachment_id=193779\" class=\"\"><img loading=\"lazy\" decoding=\"async\" width=\"100\" height=\"100\" src=\"https:\/\/www.mojabochnia.pl\/wp-content\/uploads\/2022\/01\/received_288735693320237-100x100.jpeg\" class=\"attachment-100x100 size-100x100\" alt=\"\" \/><\/a><a href=\"https:\/\/www.mojabochnia.pl\/?attachment_id=193780\" class=\"\"><img loading=\"lazy\" decoding=\"async\" width=\"100\" height=\"100\" src=\"https:\/\/www.mojabochnia.pl\/wp-content\/uploads\/2022\/01\/received_1092173614685818-100x100.jpeg\" class=\"attachment-100x100 size-100x100\" alt=\"\" \/><\/a>\t    <\/div>\r\n\t    ","protected":false},"excerpt":{"rendered":"<p>Szanowni Pa\u0144stwo zwracam si\u0119 z pro\u015bb\u0105 do Pa\u0144stwa, o wsparcie dla naszego synka Mateuszka, poniewa\u017c osobi\u015bcie nie jestem w stanie przyjecha\u0107, wi\u0119c napisz\u0119 kilka s\u0142\u00f3w dla przypomnienia. Zwracamy si\u0119 ju\u017c kolejny rok do ludzi Wielkiego serca o wsparcie w postaci 1% podatku dochodowego lub darowizny, dla naszego kochanego synka. Mam nadziej\u0119, \u017ce Pa\u0144stwo pami\u0119taj\u0105 o<\/p>\n","protected":false},"author":12,"featured_media":193780,"comment_status":"open","ping_status":"closed","sticky":false,"template":"","format":"standard","meta":{"_acf_changed":false,"footnotes":""},"categories":[5],"tags":[17282,21266],"class_list":["post-193776","post","type-post","status-publish","format-standard","has-post-thumbnail","hentry","category-biezace-wydarzenia","tag-akcja-charytatywna","tag-mateusz-lipnica","main_tag-akcja-charytatywna"],"acf":[],"yoast_head":"<!-- This site is optimized with the Yoast SEO plugin v26.9 - https:\/\/yoast.com\/product\/yoast-seo-wordpress\/ -->\n<title>Przeka\u017c 1% na rehabilitacj\u0119 Mateuszka z Lipnicy - mojabochnia.pl - portal informacyjny<\/title>\n<meta name=\"robots\" content=\"index, follow, max-snippet:-1, max-image-preview:large, max-video-preview:-1\" \/>\n<link rel=\"canonical\" href=\"https:\/\/www.mojabochnia.pl\/?p=193776\" \/>\n<meta property=\"og:locale\" content=\"pl_PL\" \/>\n<meta property=\"og:type\" content=\"article\" \/>\n<meta property=\"og:title\" content=\"Przeka\u017c 1% na rehabilitacj\u0119 Mateuszka z Lipnicy - mojabochnia.pl - portal informacyjny\" \/>\n<meta property=\"og:description\" content=\"Szanowni Pa\u0144stwo zwracam si\u0119 z pro\u015bb\u0105 do Pa\u0144stwa, o wsparcie dla naszego synka Mateuszka, poniewa\u017c osobi\u015bcie nie jestem w stanie przyjecha\u0107, wi\u0119c napisz\u0119 kilka s\u0142\u00f3w dla przypomnienia. Zwracamy si\u0119 ju\u017c kolejny rok do ludzi Wielkiego serca o wsparcie w postaci 1% podatku dochodowego lub darowizny, dla naszego kochanego synka. Mam nadziej\u0119, \u017ce Pa\u0144stwo pami\u0119taj\u0105 o\" \/>\n<meta property=\"og:url\" content=\"https:\/\/www.mojabochnia.pl\/?p=193776\" \/>\n<meta property=\"og:site_name\" content=\"mojabochnia.pl - portal informacyjny\" \/>\n<meta property=\"article:publisher\" content=\"https:\/\/www.facebook.com\/mojabochnia\" \/>\n<meta property=\"article:published_time\" content=\"2022-01-19T07:36:07+00:00\" \/>\n<meta property=\"og:image\" content=\"https:\/\/www.mojabochnia.pl\/wp-content\/uploads\/2022\/01\/received_1092173614685818.jpeg\" \/>\n\t<meta property=\"og:image:width\" content=\"300\" \/>\n\t<meta property=\"og:image:height\" content=\"500\" \/>\n\t<meta property=\"og:image:type\" content=\"image\/jpeg\" \/>\n<meta name=\"author\" content=\"tekst sponsorowany\" \/>\n<meta name=\"twitter:card\" content=\"summary_large_image\" \/>\n<meta name=\"twitter:label1\" content=\"Written by\" \/>\n\t<meta name=\"twitter:data1\" content=\"tekst sponsorowany\" \/>\n\t<meta name=\"twitter:label2\" content=\"Est. reading time\" \/>\n\t<meta name=\"twitter:data2\" content=\"3 minuty\" \/>\n<script type=\"application\/ld+json\" class=\"yoast-schema-graph\">{\"@context\":\"https:\/\/schema.org\",\"@graph\":[{\"@type\":\"Article\",\"@id\":\"https:\/\/www.mojabochnia.pl\/?p=193776#article\",\"isPartOf\":{\"@id\":\"https:\/\/www.mojabochnia.pl\/?p=193776\"},\"author\":{\"name\":\"tekst sponsorowany\",\"@id\":\"https:\/\/www.mojabochnia.pl\/#\/schema\/person\/146c38805d6d0d8e5dc56f00345e6a5e\"},\"headline\":\"Przeka\u017c 1% na rehabilitacj\u0119 Mateuszka z Lipnicy\",\"datePublished\":\"2022-01-19T07:36:07+00:00\",\"mainEntityOfPage\":{\"@id\":\"https:\/\/www.mojabochnia.pl\/?p=193776\"},\"wordCount\":617,\"commentCount\":0,\"publisher\":{\"@id\":\"https:\/\/www.mojabochnia.pl\/#organization\"},\"image\":{\"@id\":\"https:\/\/www.mojabochnia.pl\/?p=193776#primaryimage\"},\"thumbnailUrl\":\"https:\/\/www.mojabochnia.pl\/wp-content\/uploads\/2022\/01\/received_1092173614685818.jpeg\",\"keywords\":[\"akcja charytatywna\",\"Mateusz Lipnica\"],\"articleSection\":[\"2_ostatnie\"],\"inLanguage\":\"pl-PL\",\"potentialAction\":[{\"@type\":\"CommentAction\",\"name\":\"Comment\",\"target\":[\"https:\/\/www.mojabochnia.pl\/?p=193776#respond\"]}]},{\"@type\":\"WebPage\",\"@id\":\"https:\/\/www.mojabochnia.pl\/?p=193776\",\"url\":\"https:\/\/www.mojabochnia.pl\/?p=193776\",\"name\":\"Przeka\u017c 1% na rehabilitacj\u0119 Mateuszka z Lipnicy - mojabochnia.pl - portal informacyjny\",\"isPartOf\":{\"@id\":\"https:\/\/www.mojabochnia.pl\/#website\"},\"primaryImageOfPage\":{\"@id\":\"https:\/\/www.mojabochnia.pl\/?p=193776#primaryimage\"},\"image\":{\"@id\":\"https:\/\/www.mojabochnia.pl\/?p=193776#primaryimage\"},\"thumbnailUrl\":\"https:\/\/www.mojabochnia.pl\/wp-content\/uploads\/2022\/01\/received_1092173614685818.jpeg\",\"datePublished\":\"2022-01-19T07:36:07+00:00\",\"breadcrumb\":{\"@id\":\"https:\/\/www.mojabochnia.pl\/?p=193776#breadcrumb\"},\"inLanguage\":\"pl-PL\",\"potentialAction\":[{\"@type\":\"ReadAction\",\"target\":[\"https:\/\/www.mojabochnia.pl\/?p=193776\"]}]},{\"@type\":\"ImageObject\",\"inLanguage\":\"pl-PL\",\"@id\":\"https:\/\/www.mojabochnia.pl\/?p=193776#primaryimage\",\"url\":\"https:\/\/www.mojabochnia.pl\/wp-content\/uploads\/2022\/01\/received_1092173614685818.jpeg\",\"contentUrl\":\"https:\/\/www.mojabochnia.pl\/wp-content\/uploads\/2022\/01\/received_1092173614685818.jpeg\",\"width\":300,\"height\":500},{\"@type\":\"BreadcrumbList\",\"@id\":\"https:\/\/www.mojabochnia.pl\/?p=193776#breadcrumb\",\"itemListElement\":[{\"@type\":\"ListItem\",\"position\":1,\"name\":\"Home\",\"item\":\"https:\/\/www.mojabochnia.pl\/\"},{\"@type\":\"ListItem\",\"position\":2,\"name\":\"Przeka\u017c 1% na rehabilitacj\u0119 Mateuszka z Lipnicy\"}]},{\"@type\":\"WebSite\",\"@id\":\"https:\/\/www.mojabochnia.pl\/#website\",\"url\":\"https:\/\/www.mojabochnia.pl\/\",\"name\":\"mojabochnia.pl - portal informacyjny\",\"description\":\"mojaBochnia to portal informacyjny o Bochni. Codziennie o Bochni piszemy i pokazujemy najwa\u017cniejsze wydarzenia\",\"publisher\":{\"@id\":\"https:\/\/www.mojabochnia.pl\/#organization\"},\"potentialAction\":[{\"@type\":\"SearchAction\",\"target\":{\"@type\":\"EntryPoint\",\"urlTemplate\":\"https:\/\/www.mojabochnia.pl\/?s={search_term_string}\"},\"query-input\":{\"@type\":\"PropertyValueSpecification\",\"valueRequired\":true,\"valueName\":\"search_term_string\"}}],\"inLanguage\":\"pl-PL\"},{\"@type\":\"Organization\",\"@id\":\"https:\/\/www.mojabochnia.pl\/#organization\",\"name\":\"mojabochnia.pl - portal informacyjny\",\"url\":\"https:\/\/www.mojabochnia.pl\/\",\"logo\":{\"@type\":\"ImageObject\",\"inLanguage\":\"pl-PL\",\"@id\":\"https:\/\/www.mojabochnia.pl\/#\/schema\/logo\/image\/\",\"url\":\"https:\/\/www.mojabochnia.pl\/wp-content\/uploads\/2017\/08\/logo-mb-opt.png\",\"contentUrl\":\"https:\/\/www.mojabochnia.pl\/wp-content\/uploads\/2017\/08\/logo-mb-opt.png\",\"width\":250,\"height\":48,\"caption\":\"mojabochnia.pl - portal informacyjny\"},\"image\":{\"@id\":\"https:\/\/www.mojabochnia.pl\/#\/schema\/logo\/image\/\"},\"sameAs\":[\"https:\/\/www.facebook.com\/mojabochnia\"]},{\"@type\":\"Person\",\"@id\":\"https:\/\/www.mojabochnia.pl\/#\/schema\/person\/146c38805d6d0d8e5dc56f00345e6a5e\",\"name\":\"tekst sponsorowany\",\"sameAs\":[\"http:\/\/\"],\"url\":\"https:\/\/www.mojabochnia.pl\/?author=12\"}]}<\/script>\n<!-- \/ Yoast SEO plugin. -->","yoast_head_json":{"title":"Przeka\u017c 1% na rehabilitacj\u0119 Mateuszka z Lipnicy - mojabochnia.pl - portal informacyjny","robots":{"index":"index","follow":"follow","max-snippet":"max-snippet:-1","max-image-preview":"max-image-preview:large","max-video-preview":"max-video-preview:-1"},"canonical":"https:\/\/www.mojabochnia.pl\/?p=193776","og_locale":"pl_PL","og_type":"article","og_title":"Przeka\u017c 1% na rehabilitacj\u0119 Mateuszka z Lipnicy - mojabochnia.pl - portal informacyjny","og_description":"Szanowni Pa\u0144stwo zwracam si\u0119 z pro\u015bb\u0105 do Pa\u0144stwa, o wsparcie dla naszego synka Mateuszka, poniewa\u017c osobi\u015bcie nie jestem w stanie przyjecha\u0107, wi\u0119c napisz\u0119 kilka s\u0142\u00f3w dla przypomnienia. Zwracamy si\u0119 ju\u017c kolejny rok do ludzi Wielkiego serca o wsparcie w postaci 1% podatku dochodowego lub darowizny, dla naszego kochanego synka. Mam nadziej\u0119, \u017ce Pa\u0144stwo pami\u0119taj\u0105 o","og_url":"https:\/\/www.mojabochnia.pl\/?p=193776","og_site_name":"mojabochnia.pl - portal informacyjny","article_publisher":"https:\/\/www.facebook.com\/mojabochnia","article_published_time":"2022-01-19T07:36:07+00:00","og_image":[{"width":300,"height":500,"url":"https:\/\/www.mojabochnia.pl\/wp-content\/uploads\/2022\/01\/received_1092173614685818.jpeg","type":"image\/jpeg"}],"author":"tekst sponsorowany","twitter_card":"summary_large_image","twitter_misc":{"Written by":"tekst sponsorowany","Est. reading time":"3 minuty"},"schema":{"@context":"https:\/\/schema.org","@graph":[{"@type":"Article","@id":"https:\/\/www.mojabochnia.pl\/?p=193776#article","isPartOf":{"@id":"https:\/\/www.mojabochnia.pl\/?p=193776"},"author":{"name":"tekst sponsorowany","@id":"https:\/\/www.mojabochnia.pl\/#\/schema\/person\/146c38805d6d0d8e5dc56f00345e6a5e"},"headline":"Przeka\u017c 1% na rehabilitacj\u0119 Mateuszka z Lipnicy","datePublished":"2022-01-19T07:36:07+00:00","mainEntityOfPage":{"@id":"https:\/\/www.mojabochnia.pl\/?p=193776"},"wordCount":617,"commentCount":0,"publisher":{"@id":"https:\/\/www.mojabochnia.pl\/#organization"},"image":{"@id":"https:\/\/www.mojabochnia.pl\/?p=193776#primaryimage"},"thumbnailUrl":"https:\/\/www.mojabochnia.pl\/wp-content\/uploads\/2022\/01\/received_1092173614685818.jpeg","keywords":["akcja charytatywna","Mateusz Lipnica"],"articleSection":["2_ostatnie"],"inLanguage":"pl-PL","potentialAction":[{"@type":"CommentAction","name":"Comment","target":["https:\/\/www.mojabochnia.pl\/?p=193776#respond"]}]},{"@type":"WebPage","@id":"https:\/\/www.mojabochnia.pl\/?p=193776","url":"https:\/\/www.mojabochnia.pl\/?p=193776","name":"Przeka\u017c 1% na rehabilitacj\u0119 Mateuszka z Lipnicy - mojabochnia.pl - portal informacyjny","isPartOf":{"@id":"https:\/\/www.mojabochnia.pl\/#website"},"primaryImageOfPage":{"@id":"https:\/\/www.mojabochnia.pl\/?p=193776#primaryimage"},"image":{"@id":"https:\/\/www.mojabochnia.pl\/?p=193776#primaryimage"},"thumbnailUrl":"https:\/\/www.mojabochnia.pl\/wp-content\/uploads\/2022\/01\/received_1092173614685818.jpeg","datePublished":"2022-01-19T07:36:07+00:00","breadcrumb":{"@id":"https:\/\/www.mojabochnia.pl\/?p=193776#breadcrumb"},"inLanguage":"pl-PL","potentialAction":[{"@type":"ReadAction","target":["https:\/\/www.mojabochnia.pl\/?p=193776"]}]},{"@type":"ImageObject","inLanguage":"pl-PL","@id":"https:\/\/www.mojabochnia.pl\/?p=193776#primaryimage","url":"https:\/\/www.mojabochnia.pl\/wp-content\/uploads\/2022\/01\/received_1092173614685818.jpeg","contentUrl":"https:\/\/www.mojabochnia.pl\/wp-content\/uploads\/2022\/01\/received_1092173614685818.jpeg","width":300,"height":500},{"@type":"BreadcrumbList","@id":"https:\/\/www.mojabochnia.pl\/?p=193776#breadcrumb","itemListElement":[{"@type":"ListItem","position":1,"name":"Home","item":"https:\/\/www.mojabochnia.pl\/"},{"@type":"ListItem","position":2,"name":"Przeka\u017c 1% na rehabilitacj\u0119 Mateuszka z Lipnicy"}]},{"@type":"WebSite","@id":"https:\/\/www.mojabochnia.pl\/#website","url":"https:\/\/www.mojabochnia.pl\/","name":"mojabochnia.pl - portal informacyjny","description":"mojaBochnia to portal informacyjny o Bochni. Codziennie o Bochni piszemy i pokazujemy najwa\u017cniejsze wydarzenia","publisher":{"@id":"https:\/\/www.mojabochnia.pl\/#organization"},"potentialAction":[{"@type":"SearchAction","target":{"@type":"EntryPoint","urlTemplate":"https:\/\/www.mojabochnia.pl\/?s={search_term_string}"},"query-input":{"@type":"PropertyValueSpecification","valueRequired":true,"valueName":"search_term_string"}}],"inLanguage":"pl-PL"},{"@type":"Organization","@id":"https:\/\/www.mojabochnia.pl\/#organization","name":"mojabochnia.pl - portal informacyjny","url":"https:\/\/www.mojabochnia.pl\/","logo":{"@type":"ImageObject","inLanguage":"pl-PL","@id":"https:\/\/www.mojabochnia.pl\/#\/schema\/logo\/image\/","url":"https:\/\/www.mojabochnia.pl\/wp-content\/uploads\/2017\/08\/logo-mb-opt.png","contentUrl":"https:\/\/www.mojabochnia.pl\/wp-content\/uploads\/2017\/08\/logo-mb-opt.png","width":250,"height":48,"caption":"mojabochnia.pl - portal informacyjny"},"image":{"@id":"https:\/\/www.mojabochnia.pl\/#\/schema\/logo\/image\/"},"sameAs":["https:\/\/www.facebook.com\/mojabochnia"]},{"@type":"Person","@id":"https:\/\/www.mojabochnia.pl\/#\/schema\/person\/146c38805d6d0d8e5dc56f00345e6a5e","name":"tekst sponsorowany","sameAs":["http:\/\/"],"url":"https:\/\/www.mojabochnia.pl\/?author=12"}]}},"_links":{"self":[{"href":"https:\/\/www.mojabochnia.pl\/index.php?rest_route=\/wp\/v2\/posts\/193776","targetHints":{"allow":["GET"]}}],"collection":[{"href":"https:\/\/www.mojabochnia.pl\/index.php?rest_route=\/wp\/v2\/posts"}],"about":[{"href":"https:\/\/www.mojabochnia.pl\/index.php?rest_route=\/wp\/v2\/types\/post"}],"author":[{"embeddable":true,"href":"https:\/\/www.mojabochnia.pl\/index.php?rest_route=\/wp\/v2\/users\/12"}],"replies":[{"embeddable":true,"href":"https:\/\/www.mojabochnia.pl\/index.php?rest_route=%2Fwp%2Fv2%2Fcomments&post=193776"}],"version-history":[{"count":1,"href":"https:\/\/www.mojabochnia.pl\/index.php?rest_route=\/wp\/v2\/posts\/193776\/revisions"}],"predecessor-version":[{"id":193781,"href":"https:\/\/www.mojabochnia.pl\/index.php?rest_route=\/wp\/v2\/posts\/193776\/revisions\/193781"}],"wp:featuredmedia":[{"embeddable":true,"href":"https:\/\/www.mojabochnia.pl\/index.php?rest_route=\/wp\/v2\/media\/193780"}],"wp:attachment":[{"href":"https:\/\/www.mojabochnia.pl\/index.php?rest_route=%2Fwp%2Fv2%2Fmedia&parent=193776"}],"wp:term":[{"taxonomy":"category","embeddable":true,"href":"https:\/\/www.mojabochnia.pl\/index.php?rest_route=%2Fwp%2Fv2%2Fcategories&post=193776"},{"taxonomy":"post_tag","embeddable":true,"href":"https:\/\/www.mojabochnia.pl\/index.php?rest_route=%2Fwp%2Fv2%2Ftags&post=193776"}],"curies":[{"name":"wp","href":"https:\/\/api.w.org\/{rel}","templated":true}]}}