{"id":193768,"date":"2022-01-19T08:32:04","date_gmt":"2022-01-19T07:32:04","guid":{"rendered":"https:\/\/www.mojabochnia.pl\/?p=193768"},"modified":"2022-01-19T08:32:04","modified_gmt":"2022-01-19T07:32:04","slug":"oferta-na-ferie-tor-przeszkod-na-bochenskim-basenie","status":"publish","type":"post","link":"https:\/\/www.mojabochnia.pl\/?p=193768","title":{"rendered":"Oferta na ferie. Tor przeszk\u00f3d na boche\u0144skim basenie"},"content":{"rendered":"<div><strong>Podczas tegorocznych ferii zimowych, boche\u0144ska p\u0142ywalnia przygotowa\u0142a atrakcyjn\u0105 propozycj\u0119 : Wodny Tor Przeszk\u00f3d WIBIT AQUA TRACK. Z toru mo\u017cna skorzysta\u0107 codziennie\u00a0od 15 do 30 stycznia w godz. od 8 do 20.<\/strong><\/div>\n<div><\/div>\n<div><em>Tor gwarantuje dobra zabaw\u0119 niezale\u017cnie od pogody. Zapraszamy ca\u0142e rodziny i grupy zorganizowane sp\u0119dzaj\u0105ce ferie w naszej okolicy. Tor b\u0119dzie dost\u0119pny w cenie biletu na p\u0142ywalni\u0119 &#8211; <\/em>powiedzia\u0142 Robert Ho\u0142da, dyrektor p\u0142ywalni w Bochni.<\/div>\n<div><\/div>\n<div>Przed skorzystaniem z Wodnego Toru Przeszk\u00f3d nale\u017cy zapozna\u0107 si\u0119 z regulaminem jego u\u017cytkowania,\u00a0dost\u0119pnym w holu p\u0142ywalni oraz na stronie\u00a0<strong><a onclick=\"javascript:pageTracker._trackPageview('\/outgoing\/www.basenbochnia.pl\/');\"  href=\"http:\/\/www.basenbochnia.pl\/\" target=\"_blank\" rel=\"noreferrer noopener\">www.basenbochnia.pl<\/a><\/strong><\/div>\n<div><\/div>\n<div><\/div>\n\t  \r\n\t\r\n\t    <div class=\"mb-gallery\">\r\n\t    <a href=\"https:\/\/www.mojabochnia.pl\/?attachment_id=193770\" class=\"\"><img loading=\"lazy\" decoding=\"async\" width=\"100\" height=\"100\" src=\"https:\/\/www.mojabochnia.pl\/wp-content\/uploads\/2022\/01\/DPP_037_www_konkurs-100x100.jpg\" class=\"attachment-100x100 size-100x100\" alt=\"\" \/><\/a><a href=\"https:\/\/www.mojabochnia.pl\/?attachment_id=193771\" class=\"\"><img loading=\"lazy\" decoding=\"async\" width=\"100\" height=\"100\" src=\"https:\/\/www.mojabochnia.pl\/wp-content\/uploads\/2022\/01\/DPP_026_www-100x100.jpg\" class=\"attachment-100x100 size-100x100\" alt=\"\" \/><\/a><a href=\"https:\/\/www.mojabochnia.pl\/?attachment_id=193772\" class=\"\"><img loading=\"lazy\" decoding=\"async\" width=\"100\" height=\"100\" src=\"https:\/\/www.mojabochnia.pl\/wp-content\/uploads\/2022\/01\/DPP_009_www-100x100.jpg\" class=\"attachment-100x100 size-100x100\" alt=\"\" \/><\/a><a href=\"https:\/\/www.mojabochnia.pl\/?attachment_id=193773\" class=\"\"><img loading=\"lazy\" decoding=\"async\" width=\"100\" height=\"100\" src=\"https:\/\/www.mojabochnia.pl\/wp-content\/uploads\/2022\/01\/DPP_008_www_konkurs-100x100.jpg\" class=\"attachment-100x100 size-100x100\" alt=\"\" \/><\/a><a href=\"https:\/\/www.mojabochnia.pl\/?attachment_id=193774\" class=\"\"><img loading=\"lazy\" decoding=\"async\" width=\"100\" height=\"100\" src=\"https:\/\/www.mojabochnia.pl\/wp-content\/uploads\/2022\/01\/plakat_web-100x100.jpg\" class=\"attachment-100x100 size-100x100\" alt=\"\" \/><\/a>\t    <\/div>\r\n\t    ","protected":false},"excerpt":{"rendered":"<p>Podczas tegorocznych ferii zimowych, boche\u0144ska p\u0142ywalnia przygotowa\u0142a atrakcyjn\u0105 propozycj\u0119 : Wodny Tor Przeszk\u00f3d WIBIT AQUA TRACK. Z toru mo\u017cna skorzysta\u0107 codziennie\u00a0od 15 do 30 stycznia w godz. od 8 do 20. Tor gwarantuje dobra zabaw\u0119 niezale\u017cnie od pogody. Zapraszamy ca\u0142e rodziny i grupy zorganizowane sp\u0119dzaj\u0105ce ferie w naszej okolicy. Tor b\u0119dzie dost\u0119pny w cenie biletu<\/p>\n","protected":false},"author":29,"featured_media":193771,"comment_status":"open","ping_status":"closed","sticky":false,"template":"","format":"standard","meta":{"_acf_changed":false,"footnotes":""},"categories":[6251,6250],"tags":[17269,10552,17401],"class_list":["post-193768","post","type-post","status-publish","format-standard","has-post-thumbnail","hentry","category-polityka-i-wydarzenia","category-tematyka","tag-bochnia","tag-krypa-plywalnia-w-bochni","tag-robert-holda","main_tag-bochnia"],"acf":[],"yoast_head":"<!-- This site is optimized with the Yoast SEO plugin v26.9 - https:\/\/yoast.com\/product\/yoast-seo-wordpress\/ -->\n<title>Oferta na ferie. Tor przeszk\u00f3d na boche\u0144skim basenie - mojabochnia.pl - portal informacyjny<\/title>\n<meta name=\"robots\" content=\"index, follow, max-snippet:-1, max-image-preview:large, max-video-preview:-1\" \/>\n<link rel=\"canonical\" href=\"https:\/\/www.mojabochnia.pl\/?p=193768\" \/>\n<meta property=\"og:locale\" content=\"pl_PL\" \/>\n<meta property=\"og:type\" content=\"article\" \/>\n<meta property=\"og:title\" content=\"Oferta na ferie. Tor przeszk\u00f3d na boche\u0144skim basenie - mojabochnia.pl - portal informacyjny\" \/>\n<meta property=\"og:description\" content=\"Podczas tegorocznych ferii zimowych, boche\u0144ska p\u0142ywalnia przygotowa\u0142a atrakcyjn\u0105 propozycj\u0119 : Wodny Tor Przeszk\u00f3d WIBIT AQUA TRACK. Z toru mo\u017cna skorzysta\u0107 codziennie\u00a0od 15 do 30 stycznia w godz. od 8 do 20. Tor gwarantuje dobra zabaw\u0119 niezale\u017cnie od pogody. Zapraszamy ca\u0142e rodziny i grupy zorganizowane sp\u0119dzaj\u0105ce ferie w naszej okolicy. Tor b\u0119dzie dost\u0119pny w cenie biletu\" \/>\n<meta property=\"og:url\" content=\"https:\/\/www.mojabochnia.pl\/?p=193768\" \/>\n<meta property=\"og:site_name\" content=\"mojabochnia.pl - portal informacyjny\" \/>\n<meta property=\"article:publisher\" content=\"https:\/\/www.facebook.com\/mojabochnia\" \/>\n<meta property=\"article:published_time\" content=\"2022-01-19T07:32:04+00:00\" \/>\n<meta property=\"og:image\" content=\"https:\/\/www.mojabochnia.pl\/wp-content\/uploads\/2022\/01\/DPP_026_www.jpg\" \/>\n\t<meta property=\"og:image:width\" content=\"800\" \/>\n\t<meta property=\"og:image:height\" content=\"533\" \/>\n\t<meta property=\"og:image:type\" content=\"image\/jpeg\" \/>\n<meta name=\"author\" content=\"Marcin Kalinowski\" \/>\n<meta name=\"twitter:card\" content=\"summary_large_image\" \/>\n<meta name=\"twitter:label1\" content=\"Written by\" \/>\n\t<meta name=\"twitter:data1\" content=\"Marcin Kalinowski\" \/>\n\t<meta name=\"twitter:label2\" content=\"Est. reading time\" \/>\n\t<meta name=\"twitter:data2\" content=\"1 minuta\" \/>\n<script type=\"application\/ld+json\" class=\"yoast-schema-graph\">{\"@context\":\"https:\/\/schema.org\",\"@graph\":[{\"@type\":\"Article\",\"@id\":\"https:\/\/www.mojabochnia.pl\/?p=193768#article\",\"isPartOf\":{\"@id\":\"https:\/\/www.mojabochnia.pl\/?p=193768\"},\"author\":{\"name\":\"Marcin Kalinowski\",\"@id\":\"https:\/\/www.mojabochnia.pl\/#\/schema\/person\/d4c758656c81ae00e6496831fe7b0792\"},\"headline\":\"Oferta na ferie. Tor przeszk\u00f3d na boche\u0144skim basenie\",\"datePublished\":\"2022-01-19T07:32:04+00:00\",\"mainEntityOfPage\":{\"@id\":\"https:\/\/www.mojabochnia.pl\/?p=193768\"},\"wordCount\":113,\"commentCount\":0,\"publisher\":{\"@id\":\"https:\/\/www.mojabochnia.pl\/#organization\"},\"image\":{\"@id\":\"https:\/\/www.mojabochnia.pl\/?p=193768#primaryimage\"},\"thumbnailUrl\":\"https:\/\/www.mojabochnia.pl\/wp-content\/uploads\/2022\/01\/DPP_026_www.jpg\",\"keywords\":[\"bochnia\",\"krypa p\u0142ywalnia w bochni\",\"robert ho\u0142da\"],\"articleSection\":[\"polityka i wydarzenia\",\"tematyka\"],\"inLanguage\":\"pl-PL\",\"potentialAction\":[{\"@type\":\"CommentAction\",\"name\":\"Comment\",\"target\":[\"https:\/\/www.mojabochnia.pl\/?p=193768#respond\"]}]},{\"@type\":\"WebPage\",\"@id\":\"https:\/\/www.mojabochnia.pl\/?p=193768\",\"url\":\"https:\/\/www.mojabochnia.pl\/?p=193768\",\"name\":\"Oferta na ferie. Tor przeszk\u00f3d na boche\u0144skim basenie - mojabochnia.pl - portal informacyjny\",\"isPartOf\":{\"@id\":\"https:\/\/www.mojabochnia.pl\/#website\"},\"primaryImageOfPage\":{\"@id\":\"https:\/\/www.mojabochnia.pl\/?p=193768#primaryimage\"},\"image\":{\"@id\":\"https:\/\/www.mojabochnia.pl\/?p=193768#primaryimage\"},\"thumbnailUrl\":\"https:\/\/www.mojabochnia.pl\/wp-content\/uploads\/2022\/01\/DPP_026_www.jpg\",\"datePublished\":\"2022-01-19T07:32:04+00:00\",\"breadcrumb\":{\"@id\":\"https:\/\/www.mojabochnia.pl\/?p=193768#breadcrumb\"},\"inLanguage\":\"pl-PL\",\"potentialAction\":[{\"@type\":\"ReadAction\",\"target\":[\"https:\/\/www.mojabochnia.pl\/?p=193768\"]}]},{\"@type\":\"ImageObject\",\"inLanguage\":\"pl-PL\",\"@id\":\"https:\/\/www.mojabochnia.pl\/?p=193768#primaryimage\",\"url\":\"https:\/\/www.mojabochnia.pl\/wp-content\/uploads\/2022\/01\/DPP_026_www.jpg\",\"contentUrl\":\"https:\/\/www.mojabochnia.pl\/wp-content\/uploads\/2022\/01\/DPP_026_www.jpg\",\"width\":800,\"height\":533},{\"@type\":\"BreadcrumbList\",\"@id\":\"https:\/\/www.mojabochnia.pl\/?p=193768#breadcrumb\",\"itemListElement\":[{\"@type\":\"ListItem\",\"position\":1,\"name\":\"Home\",\"item\":\"https:\/\/www.mojabochnia.pl\/\"},{\"@type\":\"ListItem\",\"position\":2,\"name\":\"Oferta na ferie. Tor przeszk\u00f3d na boche\u0144skim basenie\"}]},{\"@type\":\"WebSite\",\"@id\":\"https:\/\/www.mojabochnia.pl\/#website\",\"url\":\"https:\/\/www.mojabochnia.pl\/\",\"name\":\"mojabochnia.pl - portal informacyjny\",\"description\":\"mojaBochnia to portal informacyjny o Bochni. Codziennie o Bochni piszemy i pokazujemy najwa\u017cniejsze wydarzenia\",\"publisher\":{\"@id\":\"https:\/\/www.mojabochnia.pl\/#organization\"},\"potentialAction\":[{\"@type\":\"SearchAction\",\"target\":{\"@type\":\"EntryPoint\",\"urlTemplate\":\"https:\/\/www.mojabochnia.pl\/?s={search_term_string}\"},\"query-input\":{\"@type\":\"PropertyValueSpecification\",\"valueRequired\":true,\"valueName\":\"search_term_string\"}}],\"inLanguage\":\"pl-PL\"},{\"@type\":\"Organization\",\"@id\":\"https:\/\/www.mojabochnia.pl\/#organization\",\"name\":\"mojabochnia.pl - portal informacyjny\",\"url\":\"https:\/\/www.mojabochnia.pl\/\",\"logo\":{\"@type\":\"ImageObject\",\"inLanguage\":\"pl-PL\",\"@id\":\"https:\/\/www.mojabochnia.pl\/#\/schema\/logo\/image\/\",\"url\":\"https:\/\/www.mojabochnia.pl\/wp-content\/uploads\/2017\/08\/logo-mb-opt.png\",\"contentUrl\":\"https:\/\/www.mojabochnia.pl\/wp-content\/uploads\/2017\/08\/logo-mb-opt.png\",\"width\":250,\"height\":48,\"caption\":\"mojabochnia.pl - portal informacyjny\"},\"image\":{\"@id\":\"https:\/\/www.mojabochnia.pl\/#\/schema\/logo\/image\/\"},\"sameAs\":[\"https:\/\/www.facebook.com\/mojabochnia\"]},{\"@type\":\"Person\",\"@id\":\"https:\/\/www.mojabochnia.pl\/#\/schema\/person\/d4c758656c81ae00e6496831fe7b0792\",\"name\":\"Marcin Kalinowski\",\"url\":\"https:\/\/www.mojabochnia.pl\/?author=29\"}]}<\/script>\n<!-- \/ Yoast SEO plugin. -->","yoast_head_json":{"title":"Oferta na ferie. Tor przeszk\u00f3d na boche\u0144skim basenie - mojabochnia.pl - portal informacyjny","robots":{"index":"index","follow":"follow","max-snippet":"max-snippet:-1","max-image-preview":"max-image-preview:large","max-video-preview":"max-video-preview:-1"},"canonical":"https:\/\/www.mojabochnia.pl\/?p=193768","og_locale":"pl_PL","og_type":"article","og_title":"Oferta na ferie. Tor przeszk\u00f3d na boche\u0144skim basenie - mojabochnia.pl - portal informacyjny","og_description":"Podczas tegorocznych ferii zimowych, boche\u0144ska p\u0142ywalnia przygotowa\u0142a atrakcyjn\u0105 propozycj\u0119 : Wodny Tor Przeszk\u00f3d WIBIT AQUA TRACK. Z toru mo\u017cna skorzysta\u0107 codziennie\u00a0od 15 do 30 stycznia w godz. od 8 do 20. Tor gwarantuje dobra zabaw\u0119 niezale\u017cnie od pogody. Zapraszamy ca\u0142e rodziny i grupy zorganizowane sp\u0119dzaj\u0105ce ferie w naszej okolicy. Tor b\u0119dzie dost\u0119pny w cenie biletu","og_url":"https:\/\/www.mojabochnia.pl\/?p=193768","og_site_name":"mojabochnia.pl - portal informacyjny","article_publisher":"https:\/\/www.facebook.com\/mojabochnia","article_published_time":"2022-01-19T07:32:04+00:00","og_image":[{"width":800,"height":533,"url":"https:\/\/www.mojabochnia.pl\/wp-content\/uploads\/2022\/01\/DPP_026_www.jpg","type":"image\/jpeg"}],"author":"Marcin Kalinowski","twitter_card":"summary_large_image","twitter_misc":{"Written by":"Marcin Kalinowski","Est. reading time":"1 minuta"},"schema":{"@context":"https:\/\/schema.org","@graph":[{"@type":"Article","@id":"https:\/\/www.mojabochnia.pl\/?p=193768#article","isPartOf":{"@id":"https:\/\/www.mojabochnia.pl\/?p=193768"},"author":{"name":"Marcin Kalinowski","@id":"https:\/\/www.mojabochnia.pl\/#\/schema\/person\/d4c758656c81ae00e6496831fe7b0792"},"headline":"Oferta na ferie. Tor przeszk\u00f3d na boche\u0144skim basenie","datePublished":"2022-01-19T07:32:04+00:00","mainEntityOfPage":{"@id":"https:\/\/www.mojabochnia.pl\/?p=193768"},"wordCount":113,"commentCount":0,"publisher":{"@id":"https:\/\/www.mojabochnia.pl\/#organization"},"image":{"@id":"https:\/\/www.mojabochnia.pl\/?p=193768#primaryimage"},"thumbnailUrl":"https:\/\/www.mojabochnia.pl\/wp-content\/uploads\/2022\/01\/DPP_026_www.jpg","keywords":["bochnia","krypa p\u0142ywalnia w bochni","robert ho\u0142da"],"articleSection":["polityka i wydarzenia","tematyka"],"inLanguage":"pl-PL","potentialAction":[{"@type":"CommentAction","name":"Comment","target":["https:\/\/www.mojabochnia.pl\/?p=193768#respond"]}]},{"@type":"WebPage","@id":"https:\/\/www.mojabochnia.pl\/?p=193768","url":"https:\/\/www.mojabochnia.pl\/?p=193768","name":"Oferta na ferie. Tor przeszk\u00f3d na boche\u0144skim basenie - mojabochnia.pl - portal informacyjny","isPartOf":{"@id":"https:\/\/www.mojabochnia.pl\/#website"},"primaryImageOfPage":{"@id":"https:\/\/www.mojabochnia.pl\/?p=193768#primaryimage"},"image":{"@id":"https:\/\/www.mojabochnia.pl\/?p=193768#primaryimage"},"thumbnailUrl":"https:\/\/www.mojabochnia.pl\/wp-content\/uploads\/2022\/01\/DPP_026_www.jpg","datePublished":"2022-01-19T07:32:04+00:00","breadcrumb":{"@id":"https:\/\/www.mojabochnia.pl\/?p=193768#breadcrumb"},"inLanguage":"pl-PL","potentialAction":[{"@type":"ReadAction","target":["https:\/\/www.mojabochnia.pl\/?p=193768"]}]},{"@type":"ImageObject","inLanguage":"pl-PL","@id":"https:\/\/www.mojabochnia.pl\/?p=193768#primaryimage","url":"https:\/\/www.mojabochnia.pl\/wp-content\/uploads\/2022\/01\/DPP_026_www.jpg","contentUrl":"https:\/\/www.mojabochnia.pl\/wp-content\/uploads\/2022\/01\/DPP_026_www.jpg","width":800,"height":533},{"@type":"BreadcrumbList","@id":"https:\/\/www.mojabochnia.pl\/?p=193768#breadcrumb","itemListElement":[{"@type":"ListItem","position":1,"name":"Home","item":"https:\/\/www.mojabochnia.pl\/"},{"@type":"ListItem","position":2,"name":"Oferta na ferie. Tor przeszk\u00f3d na boche\u0144skim basenie"}]},{"@type":"WebSite","@id":"https:\/\/www.mojabochnia.pl\/#website","url":"https:\/\/www.mojabochnia.pl\/","name":"mojabochnia.pl - portal informacyjny","description":"mojaBochnia to portal informacyjny o Bochni. Codziennie o Bochni piszemy i pokazujemy najwa\u017cniejsze wydarzenia","publisher":{"@id":"https:\/\/www.mojabochnia.pl\/#organization"},"potentialAction":[{"@type":"SearchAction","target":{"@type":"EntryPoint","urlTemplate":"https:\/\/www.mojabochnia.pl\/?s={search_term_string}"},"query-input":{"@type":"PropertyValueSpecification","valueRequired":true,"valueName":"search_term_string"}}],"inLanguage":"pl-PL"},{"@type":"Organization","@id":"https:\/\/www.mojabochnia.pl\/#organization","name":"mojabochnia.pl - portal informacyjny","url":"https:\/\/www.mojabochnia.pl\/","logo":{"@type":"ImageObject","inLanguage":"pl-PL","@id":"https:\/\/www.mojabochnia.pl\/#\/schema\/logo\/image\/","url":"https:\/\/www.mojabochnia.pl\/wp-content\/uploads\/2017\/08\/logo-mb-opt.png","contentUrl":"https:\/\/www.mojabochnia.pl\/wp-content\/uploads\/2017\/08\/logo-mb-opt.png","width":250,"height":48,"caption":"mojabochnia.pl - portal informacyjny"},"image":{"@id":"https:\/\/www.mojabochnia.pl\/#\/schema\/logo\/image\/"},"sameAs":["https:\/\/www.facebook.com\/mojabochnia"]},{"@type":"Person","@id":"https:\/\/www.mojabochnia.pl\/#\/schema\/person\/d4c758656c81ae00e6496831fe7b0792","name":"Marcin Kalinowski","url":"https:\/\/www.mojabochnia.pl\/?author=29"}]}},"_links":{"self":[{"href":"https:\/\/www.mojabochnia.pl\/index.php?rest_route=\/wp\/v2\/posts\/193768","targetHints":{"allow":["GET"]}}],"collection":[{"href":"https:\/\/www.mojabochnia.pl\/index.php?rest_route=\/wp\/v2\/posts"}],"about":[{"href":"https:\/\/www.mojabochnia.pl\/index.php?rest_route=\/wp\/v2\/types\/post"}],"author":[{"embeddable":true,"href":"https:\/\/www.mojabochnia.pl\/index.php?rest_route=\/wp\/v2\/users\/29"}],"replies":[{"embeddable":true,"href":"https:\/\/www.mojabochnia.pl\/index.php?rest_route=%2Fwp%2Fv2%2Fcomments&post=193768"}],"version-history":[{"count":1,"href":"https:\/\/www.mojabochnia.pl\/index.php?rest_route=\/wp\/v2\/posts\/193768\/revisions"}],"predecessor-version":[{"id":193775,"href":"https:\/\/www.mojabochnia.pl\/index.php?rest_route=\/wp\/v2\/posts\/193768\/revisions\/193775"}],"wp:featuredmedia":[{"embeddable":true,"href":"https:\/\/www.mojabochnia.pl\/index.php?rest_route=\/wp\/v2\/media\/193771"}],"wp:attachment":[{"href":"https:\/\/www.mojabochnia.pl\/index.php?rest_route=%2Fwp%2Fv2%2Fmedia&parent=193768"}],"wp:term":[{"taxonomy":"category","embeddable":true,"href":"https:\/\/www.mojabochnia.pl\/index.php?rest_route=%2Fwp%2Fv2%2Fcategories&post=193768"},{"taxonomy":"post_tag","embeddable":true,"href":"https:\/\/www.mojabochnia.pl\/index.php?rest_route=%2Fwp%2Fv2%2Ftags&post=193768"}],"curies":[{"name":"wp","href":"https:\/\/api.w.org\/{rel}","templated":true}]}}