{"id":193678,"date":"2022-01-12T21:25:40","date_gmt":"2022-01-12T20:25:40","guid":{"rendered":"https:\/\/www.mojabochnia.pl\/?p=193678"},"modified":"2022-01-12T21:25:40","modified_gmt":"2022-01-12T20:25:40","slug":"zus-w-lutym-beda-zwroty-nadplaconego-podatku","status":"publish","type":"post","link":"https:\/\/www.mojabochnia.pl\/?p=193678","title":{"rendered":"ZUS: W lutym b\u0119d\u0105 zwroty nadp\u0142aconego podatku"},"content":{"rendered":"<p class=\"v1MsoNormal\"><b>Emeryci i renci\u015bci, kt\u00f3rych wysoko\u015b\u0107 \u015bwiadczenia mie\u015bci si\u0119 w przedziale 4 920 z\u0142 \u2013 12 800 z\u0142 b\u0119d\u0105 mieli obliczan\u0105 zaliczk\u0119 na podatek i sk\u0142adk\u0119 na korzystniejszych zasadach. Wraz ze \u015bwiadczeniem za luty niekt\u00f3rzy \u015bwiadczeniobiorcy otrzymaj\u0105 zwrot nadp\u0142aconego podatku za miesi\u0105c stycze\u0144 2022 roku &#8211; poinformowa\u0142a prof. Gertruda U\u015bci\u0144ska, prezes ZUS.<\/b><\/p>\n<p class=\"v1MsoNormal\">\n<p class=\"v1MsoNormal\">W pi\u0105tek Minister Finans\u00f3w podpisa\u0142 rozporz\u0105dzenie zmieniaj\u0105ce technik\u0119 poboru zaliczek na podatek dochodowy od os\u00f3b fizycznych. W tej sytuacji emeryci i renci\u015bci, kt\u00f3rych wysoko\u015b\u0107 \u015bwiadczenia mie\u015bci si\u0119 w przedziale 4 920 z\u0142 \u2013 12 800 z\u0142 b\u0119d\u0105 mieli obliczan\u0105 zaliczk\u0119 na podatek i sk\u0142adk\u0119 na ubezpieczenie zdrowotne starych zasadach.<\/p>\n<p class=\"v1MsoNormal\"><em>Oznacza to, \u017ce dla tej grupy \u015bwiadczeniobiorc\u00f3w (4 920 z\u0142 \u2013 12 800 z\u0142) wprowadzenie Polskiego \u0141adu jest neutralne. Nic nie strac\u0105, emerytury i renty nie b\u0119d\u0105 pomniejszanie. Takich os\u00f3b jest zaledwie 6 proc. w przypadku emeryt\u00f3w i nieca\u0142e 2 proc. w przypadku rencist\u00f3w, pobieraj\u0105cych \u015bwiadczenia z ZUS<\/em> &#8211; podkre\u015bla prof. Gertruda U\u015bci\u0144ska, prezes ZUS.<\/p>\n<p class=\"v1MsoNormal\">Zwraca uwag\u0119, \u017ce nowa wysoko\u015b\u0107 kwoty na r\u0119k\u0119 b\u0119dzie obowi\u0105zywa\u0142a ju\u017c od lutego. <em>Osoby kt\u00f3re ju\u017c otrzyma\u0142y wyp\u0142aty emerytury lub renty za stycze\u0144, w lutym otrzymaj\u0105 wyr\u00f3wnani<\/em>e &#8211; zapowiada prezes ZUS.<\/p>\n<p class=\"v1MsoNormal\">Zaznacza, \u017ce wi\u0119kszo\u015b\u0107 emeryt\u00f3w skorzysta na Polskim \u0142adzie. <em>Najwi\u0119cej kwotowo zyskuj\u0105 osoby ze \u015bwiadczeniem brutto w okolicach 2500 z\u0142 miesi\u0119cznie. Taka osoba wykorzystuje w pe\u0142ni kwot\u0119 woln\u0105 od podatku, a brak odliczenia sk\u0142adki zdrowotnej nie jest przy tej kwocie \u015bwiadczenia tak istotny. Emeryt z takim \u015bwiadczeniem przed zmian\u0105 przepis\u00f3w otrzymywa\u0142 na r\u0119k\u0119 2088 z\u0142. Dzi\u015b jego \u015bwiadczenie na r\u0119k\u0119 wzros\u0142o do 2275 z\u0142, poniewa\u017c nie zap\u0142aci podatku 187 z\u0142 miesi\u0119cznie. Rocznie daje to kwot\u0119 2244 z\u0142 rocznie wi\u0119cej w portfelu takiego emeryta czy rencisty<\/em> &#8211; m\u00f3wi profesor.<\/p>\n<p class=\"v1MsoNormal\">&#8222;Z kolei osoba z minimaln\u0105 emerytur\u0105 lub rent\u0105, czyli dzisiaj 1250,88 z\u0142 brutto, otrzymywa\u0142a do niedawna na r\u0119k\u0119 1067 z\u0142. Dzi\u0119ki zmianom wyp\u0142ata wzros\u0142a do 1138 z\u0142. To wi\u0119cej o 71 z\u0142 miesi\u0119cznie, a 864 z\u0142 rocznie. Podobnie jest w przypadku os\u00f3b, kt\u00f3re pobieraj\u0105 \u015bwiadczenie w wysoko\u015bci 3 tys. z\u0142 brutto. W ich portfelach b\u0119dzie wi\u0119cej o 148 z\u0142 miesi\u0119cznie, czyli 1776 z\u0142 rocznie&#8221; &#8211; dodaje szefowa ZUS.<\/p>\n<p class=\"v1MsoNormal\">\n<p class=\"v1MsoNormal\">Zgodnie z za\u0142o\u017ceniami Polskiego \u0142adu\u00a0roczna kwota dochodu wolnego od podatku wzro\u015bnie do 30 tys. z\u0142. Wzro\u015bnie te\u017c do 120 tys. z\u0142 pierwszy pr\u00f3g podatkowy. Kolejna zmiana dotyczy sk\u0142adki zdrowotnej \u2013 nie b\u0119dzie pomniejsza\u0142a zaliczki na podatek.<\/p>\n<p>&nbsp;<\/p>\n<p><em>informacja nades\u0142ana<\/em><\/p>\n","protected":false},"excerpt":{"rendered":"<p>Emeryci i renci\u015bci, kt\u00f3rych wysoko\u015b\u0107 \u015bwiadczenia mie\u015bci si\u0119 w przedziale 4 920 z\u0142 \u2013 12 800 z\u0142 b\u0119d\u0105 mieli obliczan\u0105 zaliczk\u0119 na podatek i sk\u0142adk\u0119 na korzystniejszych zasadach. Wraz ze \u015bwiadczeniem za luty niekt\u00f3rzy \u015bwiadczeniobiorcy otrzymaj\u0105 zwrot nadp\u0142aconego podatku za miesi\u0105c stycze\u0144 2022 roku &#8211; poinformowa\u0142a prof. Gertruda U\u015bci\u0144ska, prezes ZUS. W pi\u0105tek Minister Finans\u00f3w<\/p>\n","protected":false},"author":29,"featured_media":86582,"comment_status":"open","ping_status":"closed","sticky":false,"template":"","format":"standard","meta":{"_acf_changed":false,"footnotes":""},"categories":[6251,6250],"tags":[17269,507,2923,17659],"class_list":["post-193678","post","type-post","status-publish","format-standard","has-post-thumbnail","hentry","category-polityka-i-wydarzenia","category-tematyka","tag-bochnia","tag-malopolska","tag-zaklad-ubezpieczen-spolecznych","tag-zus","main_tag-powiat-bochenski"],"acf":[],"yoast_head":"<!-- This site is optimized with the Yoast SEO plugin v26.9 - https:\/\/yoast.com\/product\/yoast-seo-wordpress\/ -->\n<title>ZUS: W lutym b\u0119d\u0105 zwroty nadp\u0142aconego podatku - mojabochnia.pl - portal informacyjny<\/title>\n<meta name=\"robots\" content=\"index, follow, max-snippet:-1, max-image-preview:large, max-video-preview:-1\" \/>\n<link rel=\"canonical\" href=\"https:\/\/www.mojabochnia.pl\/?p=193678\" \/>\n<meta property=\"og:locale\" content=\"pl_PL\" \/>\n<meta property=\"og:type\" content=\"article\" \/>\n<meta property=\"og:title\" content=\"ZUS: W lutym b\u0119d\u0105 zwroty nadp\u0142aconego podatku - mojabochnia.pl - portal informacyjny\" \/>\n<meta property=\"og:description\" content=\"Emeryci i renci\u015bci, kt\u00f3rych wysoko\u015b\u0107 \u015bwiadczenia mie\u015bci si\u0119 w przedziale 4 920 z\u0142 \u2013 12 800 z\u0142 b\u0119d\u0105 mieli obliczan\u0105 zaliczk\u0119 na podatek i sk\u0142adk\u0119 na korzystniejszych zasadach. Wraz ze \u015bwiadczeniem za luty niekt\u00f3rzy \u015bwiadczeniobiorcy otrzymaj\u0105 zwrot nadp\u0142aconego podatku za miesi\u0105c stycze\u0144 2022 roku &#8211; poinformowa\u0142a prof. Gertruda U\u015bci\u0144ska, prezes ZUS. W pi\u0105tek Minister Finans\u00f3w\" \/>\n<meta property=\"og:url\" content=\"https:\/\/www.mojabochnia.pl\/?p=193678\" \/>\n<meta property=\"og:site_name\" content=\"mojabochnia.pl - portal informacyjny\" \/>\n<meta property=\"article:publisher\" content=\"https:\/\/www.facebook.com\/mojabochnia\" \/>\n<meta property=\"article:published_time\" content=\"2022-01-12T20:25:40+00:00\" \/>\n<meta property=\"og:image\" content=\"https:\/\/www.mojabochnia.pl\/wp-content\/uploads\/2013\/03\/1020_zus-6.jpg\" \/>\n\t<meta property=\"og:image:width\" content=\"800\" \/>\n\t<meta property=\"og:image:height\" content=\"450\" \/>\n\t<meta property=\"og:image:type\" content=\"image\/jpeg\" \/>\n<meta name=\"author\" content=\"Marcin Kalinowski\" \/>\n<meta name=\"twitter:card\" content=\"summary_large_image\" \/>\n<meta name=\"twitter:label1\" content=\"Written by\" \/>\n\t<meta name=\"twitter:data1\" content=\"Marcin Kalinowski\" \/>\n\t<meta name=\"twitter:label2\" content=\"Est. reading time\" \/>\n\t<meta name=\"twitter:data2\" content=\"2 minuty\" \/>\n<script type=\"application\/ld+json\" class=\"yoast-schema-graph\">{\"@context\":\"https:\/\/schema.org\",\"@graph\":[{\"@type\":\"Article\",\"@id\":\"https:\/\/www.mojabochnia.pl\/?p=193678#article\",\"isPartOf\":{\"@id\":\"https:\/\/www.mojabochnia.pl\/?p=193678\"},\"author\":{\"name\":\"Marcin Kalinowski\",\"@id\":\"https:\/\/www.mojabochnia.pl\/#\/schema\/person\/d4c758656c81ae00e6496831fe7b0792\"},\"headline\":\"ZUS: W lutym b\u0119d\u0105 zwroty nadp\u0142aconego podatku\",\"datePublished\":\"2022-01-12T20:25:40+00:00\",\"mainEntityOfPage\":{\"@id\":\"https:\/\/www.mojabochnia.pl\/?p=193678\"},\"wordCount\":431,\"commentCount\":0,\"publisher\":{\"@id\":\"https:\/\/www.mojabochnia.pl\/#organization\"},\"image\":{\"@id\":\"https:\/\/www.mojabochnia.pl\/?p=193678#primaryimage\"},\"thumbnailUrl\":\"https:\/\/www.mojabochnia.pl\/wp-content\/uploads\/2013\/03\/1020_zus-6.jpg\",\"keywords\":[\"bochnia\",\"ma\u0142opolska\",\"zak\u0142ad ubezpiecze\u0144 spo\u0142ecznych\",\"zus\"],\"articleSection\":[\"polityka i wydarzenia\",\"tematyka\"],\"inLanguage\":\"pl-PL\",\"potentialAction\":[{\"@type\":\"CommentAction\",\"name\":\"Comment\",\"target\":[\"https:\/\/www.mojabochnia.pl\/?p=193678#respond\"]}]},{\"@type\":\"WebPage\",\"@id\":\"https:\/\/www.mojabochnia.pl\/?p=193678\",\"url\":\"https:\/\/www.mojabochnia.pl\/?p=193678\",\"name\":\"ZUS: W lutym b\u0119d\u0105 zwroty nadp\u0142aconego podatku - mojabochnia.pl - portal informacyjny\",\"isPartOf\":{\"@id\":\"https:\/\/www.mojabochnia.pl\/#website\"},\"primaryImageOfPage\":{\"@id\":\"https:\/\/www.mojabochnia.pl\/?p=193678#primaryimage\"},\"image\":{\"@id\":\"https:\/\/www.mojabochnia.pl\/?p=193678#primaryimage\"},\"thumbnailUrl\":\"https:\/\/www.mojabochnia.pl\/wp-content\/uploads\/2013\/03\/1020_zus-6.jpg\",\"datePublished\":\"2022-01-12T20:25:40+00:00\",\"breadcrumb\":{\"@id\":\"https:\/\/www.mojabochnia.pl\/?p=193678#breadcrumb\"},\"inLanguage\":\"pl-PL\",\"potentialAction\":[{\"@type\":\"ReadAction\",\"target\":[\"https:\/\/www.mojabochnia.pl\/?p=193678\"]}]},{\"@type\":\"ImageObject\",\"inLanguage\":\"pl-PL\",\"@id\":\"https:\/\/www.mojabochnia.pl\/?p=193678#primaryimage\",\"url\":\"https:\/\/www.mojabochnia.pl\/wp-content\/uploads\/2013\/03\/1020_zus-6.jpg\",\"contentUrl\":\"https:\/\/www.mojabochnia.pl\/wp-content\/uploads\/2013\/03\/1020_zus-6.jpg\",\"width\":800,\"height\":450,\"caption\":\"P. Michalczyk\"},{\"@type\":\"BreadcrumbList\",\"@id\":\"https:\/\/www.mojabochnia.pl\/?p=193678#breadcrumb\",\"itemListElement\":[{\"@type\":\"ListItem\",\"position\":1,\"name\":\"Home\",\"item\":\"https:\/\/www.mojabochnia.pl\/\"},{\"@type\":\"ListItem\",\"position\":2,\"name\":\"ZUS: W lutym b\u0119d\u0105 zwroty nadp\u0142aconego podatku\"}]},{\"@type\":\"WebSite\",\"@id\":\"https:\/\/www.mojabochnia.pl\/#website\",\"url\":\"https:\/\/www.mojabochnia.pl\/\",\"name\":\"mojabochnia.pl - portal informacyjny\",\"description\":\"mojaBochnia to portal informacyjny o Bochni. Codziennie o Bochni piszemy i pokazujemy najwa\u017cniejsze wydarzenia\",\"publisher\":{\"@id\":\"https:\/\/www.mojabochnia.pl\/#organization\"},\"potentialAction\":[{\"@type\":\"SearchAction\",\"target\":{\"@type\":\"EntryPoint\",\"urlTemplate\":\"https:\/\/www.mojabochnia.pl\/?s={search_term_string}\"},\"query-input\":{\"@type\":\"PropertyValueSpecification\",\"valueRequired\":true,\"valueName\":\"search_term_string\"}}],\"inLanguage\":\"pl-PL\"},{\"@type\":\"Organization\",\"@id\":\"https:\/\/www.mojabochnia.pl\/#organization\",\"name\":\"mojabochnia.pl - portal informacyjny\",\"url\":\"https:\/\/www.mojabochnia.pl\/\",\"logo\":{\"@type\":\"ImageObject\",\"inLanguage\":\"pl-PL\",\"@id\":\"https:\/\/www.mojabochnia.pl\/#\/schema\/logo\/image\/\",\"url\":\"https:\/\/www.mojabochnia.pl\/wp-content\/uploads\/2017\/08\/logo-mb-opt.png\",\"contentUrl\":\"https:\/\/www.mojabochnia.pl\/wp-content\/uploads\/2017\/08\/logo-mb-opt.png\",\"width\":250,\"height\":48,\"caption\":\"mojabochnia.pl - portal informacyjny\"},\"image\":{\"@id\":\"https:\/\/www.mojabochnia.pl\/#\/schema\/logo\/image\/\"},\"sameAs\":[\"https:\/\/www.facebook.com\/mojabochnia\"]},{\"@type\":\"Person\",\"@id\":\"https:\/\/www.mojabochnia.pl\/#\/schema\/person\/d4c758656c81ae00e6496831fe7b0792\",\"name\":\"Marcin Kalinowski\",\"url\":\"https:\/\/www.mojabochnia.pl\/?author=29\"}]}<\/script>\n<!-- \/ Yoast SEO plugin. -->","yoast_head_json":{"title":"ZUS: W lutym b\u0119d\u0105 zwroty nadp\u0142aconego podatku - mojabochnia.pl - portal informacyjny","robots":{"index":"index","follow":"follow","max-snippet":"max-snippet:-1","max-image-preview":"max-image-preview:large","max-video-preview":"max-video-preview:-1"},"canonical":"https:\/\/www.mojabochnia.pl\/?p=193678","og_locale":"pl_PL","og_type":"article","og_title":"ZUS: W lutym b\u0119d\u0105 zwroty nadp\u0142aconego podatku - mojabochnia.pl - portal informacyjny","og_description":"Emeryci i renci\u015bci, kt\u00f3rych wysoko\u015b\u0107 \u015bwiadczenia mie\u015bci si\u0119 w przedziale 4 920 z\u0142 \u2013 12 800 z\u0142 b\u0119d\u0105 mieli obliczan\u0105 zaliczk\u0119 na podatek i sk\u0142adk\u0119 na korzystniejszych zasadach. Wraz ze \u015bwiadczeniem za luty niekt\u00f3rzy \u015bwiadczeniobiorcy otrzymaj\u0105 zwrot nadp\u0142aconego podatku za miesi\u0105c stycze\u0144 2022 roku &#8211; poinformowa\u0142a prof. Gertruda U\u015bci\u0144ska, prezes ZUS. W pi\u0105tek Minister Finans\u00f3w","og_url":"https:\/\/www.mojabochnia.pl\/?p=193678","og_site_name":"mojabochnia.pl - portal informacyjny","article_publisher":"https:\/\/www.facebook.com\/mojabochnia","article_published_time":"2022-01-12T20:25:40+00:00","og_image":[{"width":800,"height":450,"url":"https:\/\/www.mojabochnia.pl\/wp-content\/uploads\/2013\/03\/1020_zus-6.jpg","type":"image\/jpeg"}],"author":"Marcin Kalinowski","twitter_card":"summary_large_image","twitter_misc":{"Written by":"Marcin Kalinowski","Est. reading time":"2 minuty"},"schema":{"@context":"https:\/\/schema.org","@graph":[{"@type":"Article","@id":"https:\/\/www.mojabochnia.pl\/?p=193678#article","isPartOf":{"@id":"https:\/\/www.mojabochnia.pl\/?p=193678"},"author":{"name":"Marcin Kalinowski","@id":"https:\/\/www.mojabochnia.pl\/#\/schema\/person\/d4c758656c81ae00e6496831fe7b0792"},"headline":"ZUS: W lutym b\u0119d\u0105 zwroty nadp\u0142aconego podatku","datePublished":"2022-01-12T20:25:40+00:00","mainEntityOfPage":{"@id":"https:\/\/www.mojabochnia.pl\/?p=193678"},"wordCount":431,"commentCount":0,"publisher":{"@id":"https:\/\/www.mojabochnia.pl\/#organization"},"image":{"@id":"https:\/\/www.mojabochnia.pl\/?p=193678#primaryimage"},"thumbnailUrl":"https:\/\/www.mojabochnia.pl\/wp-content\/uploads\/2013\/03\/1020_zus-6.jpg","keywords":["bochnia","ma\u0142opolska","zak\u0142ad ubezpiecze\u0144 spo\u0142ecznych","zus"],"articleSection":["polityka i wydarzenia","tematyka"],"inLanguage":"pl-PL","potentialAction":[{"@type":"CommentAction","name":"Comment","target":["https:\/\/www.mojabochnia.pl\/?p=193678#respond"]}]},{"@type":"WebPage","@id":"https:\/\/www.mojabochnia.pl\/?p=193678","url":"https:\/\/www.mojabochnia.pl\/?p=193678","name":"ZUS: W lutym b\u0119d\u0105 zwroty nadp\u0142aconego podatku - mojabochnia.pl - portal informacyjny","isPartOf":{"@id":"https:\/\/www.mojabochnia.pl\/#website"},"primaryImageOfPage":{"@id":"https:\/\/www.mojabochnia.pl\/?p=193678#primaryimage"},"image":{"@id":"https:\/\/www.mojabochnia.pl\/?p=193678#primaryimage"},"thumbnailUrl":"https:\/\/www.mojabochnia.pl\/wp-content\/uploads\/2013\/03\/1020_zus-6.jpg","datePublished":"2022-01-12T20:25:40+00:00","breadcrumb":{"@id":"https:\/\/www.mojabochnia.pl\/?p=193678#breadcrumb"},"inLanguage":"pl-PL","potentialAction":[{"@type":"ReadAction","target":["https:\/\/www.mojabochnia.pl\/?p=193678"]}]},{"@type":"ImageObject","inLanguage":"pl-PL","@id":"https:\/\/www.mojabochnia.pl\/?p=193678#primaryimage","url":"https:\/\/www.mojabochnia.pl\/wp-content\/uploads\/2013\/03\/1020_zus-6.jpg","contentUrl":"https:\/\/www.mojabochnia.pl\/wp-content\/uploads\/2013\/03\/1020_zus-6.jpg","width":800,"height":450,"caption":"P. Michalczyk"},{"@type":"BreadcrumbList","@id":"https:\/\/www.mojabochnia.pl\/?p=193678#breadcrumb","itemListElement":[{"@type":"ListItem","position":1,"name":"Home","item":"https:\/\/www.mojabochnia.pl\/"},{"@type":"ListItem","position":2,"name":"ZUS: W lutym b\u0119d\u0105 zwroty nadp\u0142aconego podatku"}]},{"@type":"WebSite","@id":"https:\/\/www.mojabochnia.pl\/#website","url":"https:\/\/www.mojabochnia.pl\/","name":"mojabochnia.pl - portal informacyjny","description":"mojaBochnia to portal informacyjny o Bochni. Codziennie o Bochni piszemy i pokazujemy najwa\u017cniejsze wydarzenia","publisher":{"@id":"https:\/\/www.mojabochnia.pl\/#organization"},"potentialAction":[{"@type":"SearchAction","target":{"@type":"EntryPoint","urlTemplate":"https:\/\/www.mojabochnia.pl\/?s={search_term_string}"},"query-input":{"@type":"PropertyValueSpecification","valueRequired":true,"valueName":"search_term_string"}}],"inLanguage":"pl-PL"},{"@type":"Organization","@id":"https:\/\/www.mojabochnia.pl\/#organization","name":"mojabochnia.pl - portal informacyjny","url":"https:\/\/www.mojabochnia.pl\/","logo":{"@type":"ImageObject","inLanguage":"pl-PL","@id":"https:\/\/www.mojabochnia.pl\/#\/schema\/logo\/image\/","url":"https:\/\/www.mojabochnia.pl\/wp-content\/uploads\/2017\/08\/logo-mb-opt.png","contentUrl":"https:\/\/www.mojabochnia.pl\/wp-content\/uploads\/2017\/08\/logo-mb-opt.png","width":250,"height":48,"caption":"mojabochnia.pl - portal informacyjny"},"image":{"@id":"https:\/\/www.mojabochnia.pl\/#\/schema\/logo\/image\/"},"sameAs":["https:\/\/www.facebook.com\/mojabochnia"]},{"@type":"Person","@id":"https:\/\/www.mojabochnia.pl\/#\/schema\/person\/d4c758656c81ae00e6496831fe7b0792","name":"Marcin Kalinowski","url":"https:\/\/www.mojabochnia.pl\/?author=29"}]}},"_links":{"self":[{"href":"https:\/\/www.mojabochnia.pl\/index.php?rest_route=\/wp\/v2\/posts\/193678","targetHints":{"allow":["GET"]}}],"collection":[{"href":"https:\/\/www.mojabochnia.pl\/index.php?rest_route=\/wp\/v2\/posts"}],"about":[{"href":"https:\/\/www.mojabochnia.pl\/index.php?rest_route=\/wp\/v2\/types\/post"}],"author":[{"embeddable":true,"href":"https:\/\/www.mojabochnia.pl\/index.php?rest_route=\/wp\/v2\/users\/29"}],"replies":[{"embeddable":true,"href":"https:\/\/www.mojabochnia.pl\/index.php?rest_route=%2Fwp%2Fv2%2Fcomments&post=193678"}],"version-history":[{"count":1,"href":"https:\/\/www.mojabochnia.pl\/index.php?rest_route=\/wp\/v2\/posts\/193678\/revisions"}],"predecessor-version":[{"id":193680,"href":"https:\/\/www.mojabochnia.pl\/index.php?rest_route=\/wp\/v2\/posts\/193678\/revisions\/193680"}],"wp:featuredmedia":[{"embeddable":true,"href":"https:\/\/www.mojabochnia.pl\/index.php?rest_route=\/wp\/v2\/media\/86582"}],"wp:attachment":[{"href":"https:\/\/www.mojabochnia.pl\/index.php?rest_route=%2Fwp%2Fv2%2Fmedia&parent=193678"}],"wp:term":[{"taxonomy":"category","embeddable":true,"href":"https:\/\/www.mojabochnia.pl\/index.php?rest_route=%2Fwp%2Fv2%2Fcategories&post=193678"},{"taxonomy":"post_tag","embeddable":true,"href":"https:\/\/www.mojabochnia.pl\/index.php?rest_route=%2Fwp%2Fv2%2Ftags&post=193678"}],"curies":[{"name":"wp","href":"https:\/\/api.w.org\/{rel}","templated":true}]}}