{"id":193673,"date":"2022-01-12T21:20:43","date_gmt":"2022-01-12T20:20:43","guid":{"rendered":"https:\/\/www.mojabochnia.pl\/?p=193673"},"modified":"2022-01-12T21:20:43","modified_gmt":"2022-01-12T20:20:43","slug":"zbadaj-swoje-kosci-badanie-osteoporozy-w-bochni-i-wisniczu","status":"publish","type":"post","link":"https:\/\/www.mojabochnia.pl\/?p=193673","title":{"rendered":"Zbadaj swoje ko\u015bci. Badanie osteoporozy w Bochni i Wi\u015bniczu"},"content":{"rendered":"<p><strong>We wtorek 18 stycznia oraz w pi\u0105tek 21 stycznia na terenie powiatu boche\u0144skiego odb\u0119d\u0105 si\u0119 badania osteoporozy, kt\u00f3r\u0105 przeprowadzi mobilna pracownia densytometryczna &#8211; Osteobus.\u00a0<\/strong><\/p>\n<p>&nbsp;<\/p>\n<p>Densytometria jest podstawowym badaniem, kt\u00f3re umo\u017cliwia rozpoznanie osteoporozy, r\u00f3wnie\u017c w jej stadium bezobjawowym, czyli przed z\u0142amaniem ko\u015bci, czy kr\u0119gos\u0142upa. Metoda ta precyzyjnie mierzy mas\u0119 kostn\u0105 &#8211; z dok\u0142adno\u015bci\u0105 do 1%. Jest to rodzaj badania wykorzystuj\u0105cego niewielkie dawki promienia rentgenowskiego. O wiele ni\u017csze ni\u017c przy klasycznym zdj\u0119ciu rentgenowskim klatki piersiowej, czy ko\u015bci.<\/p>\n<p>Badanie jest bezbolesne. Polega na radiologicznym pomiarze tkanki kostnej z kr\u0119gos\u0142upa l\u0119d\u017awiowego lub szyjki ko\u015bci udowej.<\/p>\n<p>Zapisy na mobilne badanie mo\u017cna przeprowadzi\u0107 telefonicznie, pod numerem:\u00a0\u00a0<strong> 512 351 600<\/strong><\/p>\n<p>Badania zostan\u0105 przeprowadzone wed\u0142ug harmonogramu:<\/p>\n<p>18 stycze\u0144 2022 \u2013 Nowy Wi\u015bnicz \u2013 przy Przychodni SPGZOZ ul. Podzamcze 4<\/p>\n<p>21 stycze\u0144 2022 \u2013 Bochnia \u2013 przy Przychodni SPM ZOZ ul. Floris 22<\/p>\n<p>Diagnostyk\u0119 przeprowadzi personel MD Multi Diagnostica z Krakowa.<\/p>\n<p>Nie jest wymagane skierowanie od lekarza!<\/p>\n<p>Cena jednego badania wynosi 45 z\u0142otych<\/p>\n<p><img loading=\"lazy\" decoding=\"async\" class=\"alignnone size-medium wp-image-193675\" src=\"https:\/\/www.mojabochnia.pl\/wp-content\/uploads\/2022\/01\/Bochnia-i-Nowy-Wi\u015bnicz-468x660.jpg\" alt=\"\" width=\"468\" height=\"660\" srcset=\"https:\/\/www.mojabochnia.pl\/wp-content\/uploads\/2022\/01\/Bochnia-i-Nowy-Wi\u015bnicz-468x660.jpg 468w, https:\/\/www.mojabochnia.pl\/wp-content\/uploads\/2022\/01\/Bochnia-i-Nowy-Wi\u015bnicz-120x169.jpg 120w, https:\/\/www.mojabochnia.pl\/wp-content\/uploads\/2022\/01\/Bochnia-i-Nowy-Wi\u015bnicz-768x1083.jpg 768w, https:\/\/www.mojabochnia.pl\/wp-content\/uploads\/2022\/01\/Bochnia-i-Nowy-Wi\u015bnicz-1050x1481.jpg 1050w\" sizes=\"auto, (max-width: 468px) 100vw, 468px\" \/><\/p>\n\t  \r\n\t\r\n\t    <div class=\"mb-gallery\">\r\n\t    <a href=\"https:\/\/www.mojabochnia.pl\/?attachment_id=193675\" class=\"\"><img loading=\"lazy\" decoding=\"async\" width=\"100\" height=\"100\" src=\"https:\/\/www.mojabochnia.pl\/wp-content\/uploads\/2022\/01\/Bochnia-i-Nowy-Wi\u015bnicz-100x100.jpg\" class=\"attachment-100x100 size-100x100\" alt=\"\" \/><\/a><a href=\"https:\/\/www.mojabochnia.pl\/?attachment_id=193676\" class=\"\"><img loading=\"lazy\" decoding=\"async\" width=\"100\" height=\"100\" src=\"https:\/\/www.mojabochnia.pl\/wp-content\/uploads\/2022\/01\/osteobus-100x100.jpeg\" class=\"attachment-100x100 size-100x100\" alt=\"\" \/><\/a>\t    <\/div>\r\n\t    ","protected":false},"excerpt":{"rendered":"<p>We wtorek 18 stycznia oraz w pi\u0105tek 21 stycznia na terenie powiatu boche\u0144skiego odb\u0119d\u0105 si\u0119 badania osteoporozy, kt\u00f3r\u0105 przeprowadzi mobilna pracownia densytometryczna &#8211; Osteobus.\u00a0 &nbsp; Densytometria jest podstawowym badaniem, kt\u00f3re umo\u017cliwia rozpoznanie osteoporozy, r\u00f3wnie\u017c w jej stadium bezobjawowym, czyli przed z\u0142amaniem ko\u015bci, czy kr\u0119gos\u0142upa. Metoda ta precyzyjnie mierzy mas\u0119 kostn\u0105 &#8211; z dok\u0142adno\u015bci\u0105 do 1%.<\/p>\n","protected":false},"author":29,"featured_media":193676,"comment_status":"open","ping_status":"closed","sticky":false,"template":"","format":"standard","meta":{"_acf_changed":false,"footnotes":""},"categories":[6251,6250],"tags":[17269,17118,14123],"class_list":["post-193673","post","type-post","status-publish","format-standard","has-post-thumbnail","hentry","category-polityka-i-wydarzenia","category-tematyka","tag-bochnia","tag-wisnicz","tag-osteoporoza","main_tag-powiat-bochenski"],"acf":[],"yoast_head":"<!-- This site is optimized with the Yoast SEO plugin v26.9 - https:\/\/yoast.com\/product\/yoast-seo-wordpress\/ -->\n<title>Zbadaj swoje ko\u015bci. Badanie osteoporozy w Bochni i Wi\u015bniczu - mojabochnia.pl - portal informacyjny<\/title>\n<meta name=\"robots\" content=\"index, follow, max-snippet:-1, max-image-preview:large, max-video-preview:-1\" \/>\n<link rel=\"canonical\" href=\"https:\/\/www.mojabochnia.pl\/?p=193673\" \/>\n<meta property=\"og:locale\" content=\"pl_PL\" \/>\n<meta property=\"og:type\" content=\"article\" \/>\n<meta property=\"og:title\" content=\"Zbadaj swoje ko\u015bci. Badanie osteoporozy w Bochni i Wi\u015bniczu - mojabochnia.pl - portal informacyjny\" \/>\n<meta property=\"og:description\" content=\"We wtorek 18 stycznia oraz w pi\u0105tek 21 stycznia na terenie powiatu boche\u0144skiego odb\u0119d\u0105 si\u0119 badania osteoporozy, kt\u00f3r\u0105 przeprowadzi mobilna pracownia densytometryczna &#8211; Osteobus.\u00a0 &nbsp; Densytometria jest podstawowym badaniem, kt\u00f3re umo\u017cliwia rozpoznanie osteoporozy, r\u00f3wnie\u017c w jej stadium bezobjawowym, czyli przed z\u0142amaniem ko\u015bci, czy kr\u0119gos\u0142upa. Metoda ta precyzyjnie mierzy mas\u0119 kostn\u0105 &#8211; z dok\u0142adno\u015bci\u0105 do 1%.\" \/>\n<meta property=\"og:url\" content=\"https:\/\/www.mojabochnia.pl\/?p=193673\" \/>\n<meta property=\"og:site_name\" content=\"mojabochnia.pl - portal informacyjny\" \/>\n<meta property=\"article:publisher\" content=\"https:\/\/www.facebook.com\/mojabochnia\" \/>\n<meta property=\"article:published_time\" content=\"2022-01-12T20:20:43+00:00\" \/>\n<meta property=\"og:image\" content=\"https:\/\/www.mojabochnia.pl\/wp-content\/uploads\/2022\/01\/osteobus.jpeg\" \/>\n\t<meta property=\"og:image:width\" content=\"828\" \/>\n\t<meta property=\"og:image:height\" content=\"1104\" \/>\n\t<meta property=\"og:image:type\" content=\"image\/jpeg\" \/>\n<meta name=\"author\" content=\"Marcin Kalinowski\" \/>\n<meta name=\"twitter:card\" content=\"summary_large_image\" \/>\n<meta name=\"twitter:label1\" content=\"Written by\" \/>\n\t<meta name=\"twitter:data1\" content=\"Marcin Kalinowski\" \/>\n\t<meta name=\"twitter:label2\" content=\"Est. reading time\" \/>\n\t<meta name=\"twitter:data2\" content=\"1 minuta\" \/>\n<script type=\"application\/ld+json\" class=\"yoast-schema-graph\">{\"@context\":\"https:\/\/schema.org\",\"@graph\":[{\"@type\":\"Article\",\"@id\":\"https:\/\/www.mojabochnia.pl\/?p=193673#article\",\"isPartOf\":{\"@id\":\"https:\/\/www.mojabochnia.pl\/?p=193673\"},\"author\":{\"name\":\"Marcin Kalinowski\",\"@id\":\"https:\/\/www.mojabochnia.pl\/#\/schema\/person\/d4c758656c81ae00e6496831fe7b0792\"},\"headline\":\"Zbadaj swoje ko\u015bci. Badanie osteoporozy w Bochni i Wi\u015bniczu\",\"datePublished\":\"2022-01-12T20:20:43+00:00\",\"mainEntityOfPage\":{\"@id\":\"https:\/\/www.mojabochnia.pl\/?p=193673\"},\"wordCount\":175,\"commentCount\":0,\"publisher\":{\"@id\":\"https:\/\/www.mojabochnia.pl\/#organization\"},\"image\":{\"@id\":\"https:\/\/www.mojabochnia.pl\/?p=193673#primaryimage\"},\"thumbnailUrl\":\"https:\/\/www.mojabochnia.pl\/wp-content\/uploads\/2022\/01\/osteobus.jpeg\",\"keywords\":[\"bochnia\",\"Nowy Wi\u015bnicz\",\"osteoporoza\"],\"articleSection\":[\"polityka i wydarzenia\",\"tematyka\"],\"inLanguage\":\"pl-PL\",\"potentialAction\":[{\"@type\":\"CommentAction\",\"name\":\"Comment\",\"target\":[\"https:\/\/www.mojabochnia.pl\/?p=193673#respond\"]}]},{\"@type\":\"WebPage\",\"@id\":\"https:\/\/www.mojabochnia.pl\/?p=193673\",\"url\":\"https:\/\/www.mojabochnia.pl\/?p=193673\",\"name\":\"Zbadaj swoje ko\u015bci. Badanie osteoporozy w Bochni i Wi\u015bniczu - mojabochnia.pl - portal informacyjny\",\"isPartOf\":{\"@id\":\"https:\/\/www.mojabochnia.pl\/#website\"},\"primaryImageOfPage\":{\"@id\":\"https:\/\/www.mojabochnia.pl\/?p=193673#primaryimage\"},\"image\":{\"@id\":\"https:\/\/www.mojabochnia.pl\/?p=193673#primaryimage\"},\"thumbnailUrl\":\"https:\/\/www.mojabochnia.pl\/wp-content\/uploads\/2022\/01\/osteobus.jpeg\",\"datePublished\":\"2022-01-12T20:20:43+00:00\",\"breadcrumb\":{\"@id\":\"https:\/\/www.mojabochnia.pl\/?p=193673#breadcrumb\"},\"inLanguage\":\"pl-PL\",\"potentialAction\":[{\"@type\":\"ReadAction\",\"target\":[\"https:\/\/www.mojabochnia.pl\/?p=193673\"]}]},{\"@type\":\"ImageObject\",\"inLanguage\":\"pl-PL\",\"@id\":\"https:\/\/www.mojabochnia.pl\/?p=193673#primaryimage\",\"url\":\"https:\/\/www.mojabochnia.pl\/wp-content\/uploads\/2022\/01\/osteobus.jpeg\",\"contentUrl\":\"https:\/\/www.mojabochnia.pl\/wp-content\/uploads\/2022\/01\/osteobus.jpeg\",\"width\":828,\"height\":1104},{\"@type\":\"BreadcrumbList\",\"@id\":\"https:\/\/www.mojabochnia.pl\/?p=193673#breadcrumb\",\"itemListElement\":[{\"@type\":\"ListItem\",\"position\":1,\"name\":\"Home\",\"item\":\"https:\/\/www.mojabochnia.pl\/\"},{\"@type\":\"ListItem\",\"position\":2,\"name\":\"Zbadaj swoje ko\u015bci. Badanie osteoporozy w Bochni i Wi\u015bniczu\"}]},{\"@type\":\"WebSite\",\"@id\":\"https:\/\/www.mojabochnia.pl\/#website\",\"url\":\"https:\/\/www.mojabochnia.pl\/\",\"name\":\"mojabochnia.pl - portal informacyjny\",\"description\":\"mojaBochnia to portal informacyjny o Bochni. Codziennie o Bochni piszemy i pokazujemy najwa\u017cniejsze wydarzenia\",\"publisher\":{\"@id\":\"https:\/\/www.mojabochnia.pl\/#organization\"},\"potentialAction\":[{\"@type\":\"SearchAction\",\"target\":{\"@type\":\"EntryPoint\",\"urlTemplate\":\"https:\/\/www.mojabochnia.pl\/?s={search_term_string}\"},\"query-input\":{\"@type\":\"PropertyValueSpecification\",\"valueRequired\":true,\"valueName\":\"search_term_string\"}}],\"inLanguage\":\"pl-PL\"},{\"@type\":\"Organization\",\"@id\":\"https:\/\/www.mojabochnia.pl\/#organization\",\"name\":\"mojabochnia.pl - portal informacyjny\",\"url\":\"https:\/\/www.mojabochnia.pl\/\",\"logo\":{\"@type\":\"ImageObject\",\"inLanguage\":\"pl-PL\",\"@id\":\"https:\/\/www.mojabochnia.pl\/#\/schema\/logo\/image\/\",\"url\":\"https:\/\/www.mojabochnia.pl\/wp-content\/uploads\/2017\/08\/logo-mb-opt.png\",\"contentUrl\":\"https:\/\/www.mojabochnia.pl\/wp-content\/uploads\/2017\/08\/logo-mb-opt.png\",\"width\":250,\"height\":48,\"caption\":\"mojabochnia.pl - portal informacyjny\"},\"image\":{\"@id\":\"https:\/\/www.mojabochnia.pl\/#\/schema\/logo\/image\/\"},\"sameAs\":[\"https:\/\/www.facebook.com\/mojabochnia\"]},{\"@type\":\"Person\",\"@id\":\"https:\/\/www.mojabochnia.pl\/#\/schema\/person\/d4c758656c81ae00e6496831fe7b0792\",\"name\":\"Marcin Kalinowski\",\"url\":\"https:\/\/www.mojabochnia.pl\/?author=29\"}]}<\/script>\n<!-- \/ Yoast SEO plugin. -->","yoast_head_json":{"title":"Zbadaj swoje ko\u015bci. Badanie osteoporozy w Bochni i Wi\u015bniczu - mojabochnia.pl - portal informacyjny","robots":{"index":"index","follow":"follow","max-snippet":"max-snippet:-1","max-image-preview":"max-image-preview:large","max-video-preview":"max-video-preview:-1"},"canonical":"https:\/\/www.mojabochnia.pl\/?p=193673","og_locale":"pl_PL","og_type":"article","og_title":"Zbadaj swoje ko\u015bci. Badanie osteoporozy w Bochni i Wi\u015bniczu - mojabochnia.pl - portal informacyjny","og_description":"We wtorek 18 stycznia oraz w pi\u0105tek 21 stycznia na terenie powiatu boche\u0144skiego odb\u0119d\u0105 si\u0119 badania osteoporozy, kt\u00f3r\u0105 przeprowadzi mobilna pracownia densytometryczna &#8211; Osteobus.\u00a0 &nbsp; Densytometria jest podstawowym badaniem, kt\u00f3re umo\u017cliwia rozpoznanie osteoporozy, r\u00f3wnie\u017c w jej stadium bezobjawowym, czyli przed z\u0142amaniem ko\u015bci, czy kr\u0119gos\u0142upa. Metoda ta precyzyjnie mierzy mas\u0119 kostn\u0105 &#8211; z dok\u0142adno\u015bci\u0105 do 1%.","og_url":"https:\/\/www.mojabochnia.pl\/?p=193673","og_site_name":"mojabochnia.pl - portal informacyjny","article_publisher":"https:\/\/www.facebook.com\/mojabochnia","article_published_time":"2022-01-12T20:20:43+00:00","og_image":[{"width":828,"height":1104,"url":"https:\/\/www.mojabochnia.pl\/wp-content\/uploads\/2022\/01\/osteobus.jpeg","type":"image\/jpeg"}],"author":"Marcin Kalinowski","twitter_card":"summary_large_image","twitter_misc":{"Written by":"Marcin Kalinowski","Est. reading time":"1 minuta"},"schema":{"@context":"https:\/\/schema.org","@graph":[{"@type":"Article","@id":"https:\/\/www.mojabochnia.pl\/?p=193673#article","isPartOf":{"@id":"https:\/\/www.mojabochnia.pl\/?p=193673"},"author":{"name":"Marcin Kalinowski","@id":"https:\/\/www.mojabochnia.pl\/#\/schema\/person\/d4c758656c81ae00e6496831fe7b0792"},"headline":"Zbadaj swoje ko\u015bci. Badanie osteoporozy w Bochni i Wi\u015bniczu","datePublished":"2022-01-12T20:20:43+00:00","mainEntityOfPage":{"@id":"https:\/\/www.mojabochnia.pl\/?p=193673"},"wordCount":175,"commentCount":0,"publisher":{"@id":"https:\/\/www.mojabochnia.pl\/#organization"},"image":{"@id":"https:\/\/www.mojabochnia.pl\/?p=193673#primaryimage"},"thumbnailUrl":"https:\/\/www.mojabochnia.pl\/wp-content\/uploads\/2022\/01\/osteobus.jpeg","keywords":["bochnia","Nowy Wi\u015bnicz","osteoporoza"],"articleSection":["polityka i wydarzenia","tematyka"],"inLanguage":"pl-PL","potentialAction":[{"@type":"CommentAction","name":"Comment","target":["https:\/\/www.mojabochnia.pl\/?p=193673#respond"]}]},{"@type":"WebPage","@id":"https:\/\/www.mojabochnia.pl\/?p=193673","url":"https:\/\/www.mojabochnia.pl\/?p=193673","name":"Zbadaj swoje ko\u015bci. Badanie osteoporozy w Bochni i Wi\u015bniczu - mojabochnia.pl - portal informacyjny","isPartOf":{"@id":"https:\/\/www.mojabochnia.pl\/#website"},"primaryImageOfPage":{"@id":"https:\/\/www.mojabochnia.pl\/?p=193673#primaryimage"},"image":{"@id":"https:\/\/www.mojabochnia.pl\/?p=193673#primaryimage"},"thumbnailUrl":"https:\/\/www.mojabochnia.pl\/wp-content\/uploads\/2022\/01\/osteobus.jpeg","datePublished":"2022-01-12T20:20:43+00:00","breadcrumb":{"@id":"https:\/\/www.mojabochnia.pl\/?p=193673#breadcrumb"},"inLanguage":"pl-PL","potentialAction":[{"@type":"ReadAction","target":["https:\/\/www.mojabochnia.pl\/?p=193673"]}]},{"@type":"ImageObject","inLanguage":"pl-PL","@id":"https:\/\/www.mojabochnia.pl\/?p=193673#primaryimage","url":"https:\/\/www.mojabochnia.pl\/wp-content\/uploads\/2022\/01\/osteobus.jpeg","contentUrl":"https:\/\/www.mojabochnia.pl\/wp-content\/uploads\/2022\/01\/osteobus.jpeg","width":828,"height":1104},{"@type":"BreadcrumbList","@id":"https:\/\/www.mojabochnia.pl\/?p=193673#breadcrumb","itemListElement":[{"@type":"ListItem","position":1,"name":"Home","item":"https:\/\/www.mojabochnia.pl\/"},{"@type":"ListItem","position":2,"name":"Zbadaj swoje ko\u015bci. Badanie osteoporozy w Bochni i Wi\u015bniczu"}]},{"@type":"WebSite","@id":"https:\/\/www.mojabochnia.pl\/#website","url":"https:\/\/www.mojabochnia.pl\/","name":"mojabochnia.pl - portal informacyjny","description":"mojaBochnia to portal informacyjny o Bochni. Codziennie o Bochni piszemy i pokazujemy najwa\u017cniejsze wydarzenia","publisher":{"@id":"https:\/\/www.mojabochnia.pl\/#organization"},"potentialAction":[{"@type":"SearchAction","target":{"@type":"EntryPoint","urlTemplate":"https:\/\/www.mojabochnia.pl\/?s={search_term_string}"},"query-input":{"@type":"PropertyValueSpecification","valueRequired":true,"valueName":"search_term_string"}}],"inLanguage":"pl-PL"},{"@type":"Organization","@id":"https:\/\/www.mojabochnia.pl\/#organization","name":"mojabochnia.pl - portal informacyjny","url":"https:\/\/www.mojabochnia.pl\/","logo":{"@type":"ImageObject","inLanguage":"pl-PL","@id":"https:\/\/www.mojabochnia.pl\/#\/schema\/logo\/image\/","url":"https:\/\/www.mojabochnia.pl\/wp-content\/uploads\/2017\/08\/logo-mb-opt.png","contentUrl":"https:\/\/www.mojabochnia.pl\/wp-content\/uploads\/2017\/08\/logo-mb-opt.png","width":250,"height":48,"caption":"mojabochnia.pl - portal informacyjny"},"image":{"@id":"https:\/\/www.mojabochnia.pl\/#\/schema\/logo\/image\/"},"sameAs":["https:\/\/www.facebook.com\/mojabochnia"]},{"@type":"Person","@id":"https:\/\/www.mojabochnia.pl\/#\/schema\/person\/d4c758656c81ae00e6496831fe7b0792","name":"Marcin Kalinowski","url":"https:\/\/www.mojabochnia.pl\/?author=29"}]}},"_links":{"self":[{"href":"https:\/\/www.mojabochnia.pl\/index.php?rest_route=\/wp\/v2\/posts\/193673","targetHints":{"allow":["GET"]}}],"collection":[{"href":"https:\/\/www.mojabochnia.pl\/index.php?rest_route=\/wp\/v2\/posts"}],"about":[{"href":"https:\/\/www.mojabochnia.pl\/index.php?rest_route=\/wp\/v2\/types\/post"}],"author":[{"embeddable":true,"href":"https:\/\/www.mojabochnia.pl\/index.php?rest_route=\/wp\/v2\/users\/29"}],"replies":[{"embeddable":true,"href":"https:\/\/www.mojabochnia.pl\/index.php?rest_route=%2Fwp%2Fv2%2Fcomments&post=193673"}],"version-history":[{"count":1,"href":"https:\/\/www.mojabochnia.pl\/index.php?rest_route=\/wp\/v2\/posts\/193673\/revisions"}],"predecessor-version":[{"id":193677,"href":"https:\/\/www.mojabochnia.pl\/index.php?rest_route=\/wp\/v2\/posts\/193673\/revisions\/193677"}],"wp:featuredmedia":[{"embeddable":true,"href":"https:\/\/www.mojabochnia.pl\/index.php?rest_route=\/wp\/v2\/media\/193676"}],"wp:attachment":[{"href":"https:\/\/www.mojabochnia.pl\/index.php?rest_route=%2Fwp%2Fv2%2Fmedia&parent=193673"}],"wp:term":[{"taxonomy":"category","embeddable":true,"href":"https:\/\/www.mojabochnia.pl\/index.php?rest_route=%2Fwp%2Fv2%2Fcategories&post=193673"},{"taxonomy":"post_tag","embeddable":true,"href":"https:\/\/www.mojabochnia.pl\/index.php?rest_route=%2Fwp%2Fv2%2Ftags&post=193673"}],"curies":[{"name":"wp","href":"https:\/\/api.w.org\/{rel}","templated":true}]}}