{"id":1935,"date":"2008-08-25T13:22:53","date_gmt":"2008-08-25T11:22:53","guid":{"rendered":"http:\/\/www.mojabochnia.pl\/?p=1935"},"modified":"2008-10-24T13:51:32","modified_gmt":"2008-10-24T11:51:32","slug":"bochnianie-na-jasnej-gorze","status":"publish","type":"post","link":"https:\/\/www.mojabochnia.pl\/?p=1935","title":{"rendered":"Bochnianie na Jasnej G\u00f3rze"},"content":{"rendered":"<p>W grupie boche\u0144skiej pielgrzymowa\u0142o w tym roku 300 os\u00f3b: 188 si\u00f3str i 112 braci. Przewodnikiem grupy jest (ju\u017c od kilku lat) ks. Stanis\u0142aw Kowalik, wikariusz z parafii  \u015bw. Miko\u0142aja w Bochni i kapelan szpitala. W tym roku pielgrzymowa\u0142 on ju\u017c po raz 23. W pielgrzymce sz\u0142o te\u017c 8 ksi\u0119\u017cy, w\u015br\u00f3d nich o. Tomasz Bajda, tegoroczny neoprezbiter ze zgromadzenia ksi\u0119\u017cy kamilian\u00f3w. Jak m\u00f3wi, odnalaz\u0142 on swoje powo\u0142anie pielgrzymuj\u0105c w\u0142a\u015bnie w sz\u00f3stce.<\/p>\n<p>W grupie pielgrzymowa\u0142o te\u017c 8 kleryk\u00f3w oraz 2 siostry zakonne ze zgromadzenia si\u00f3str j\u00f3zefinek. O zdrowie pielgrzym\u00f3w troszczy\u0142o si\u0119 5 piel\u0119gniarek.  Warto te\u017c doda\u0107, \u017ce szefem centrum medycznego, obs\u0142uguj\u0105cego pielgrzymk\u0119, by\u0142 Ryszard Najbarowski, na co dzie\u0144 przewodnicz\u0105cy rady miejskiej w Bochni. Jest on ju\u017c weteranem tarnowskiej pielgrzymki.<\/p>\n<p>Najm\u0142odsz\u0105 p\u0105tniczk\u0105 z grupy nr 6 jest Ania Wa\u017cydr\u0105g, kt\u00f3ra ma 6 lat. Najstarsza jest Janina Janio\u0142, kt\u00f3ra ma 80 lat. W grupie pielgrzymowali ludzie z dekanat\u00f3w boche\u0144skich oraz Lipnicy Murowanej, z kt\u00f3rej pochodzi patronka grupy. \u2013 <em>Cech\u0105 charakterystyczn\u0105 grupy jest wzorowa dyscyplina i punktualno\u015b\u0107, pielgrzymi odznaczaj\u0105 si\u0119 rado\u015bci\u0105 ducha  gorliwo\u015bci\u0105 modlitwy <\/em>\u2013 m\u00f3wi\u0142 w charakterystyce grupy ks. Zbigniew Szostak, dyrektor Pieszej Pielgrzymki Tarnowskiej.<\/p>\n<p>Anna Sukiennik, kt\u00f3ra na co dzie\u0144 pracuje w boche\u0144skim oddziale Caritas, na pielgrzymk\u0119 wybra\u0142a si\u0119 ju\u017c po raz 11. \u2013<em> Jest to ubogacenie si\u0119 wewn\u0119trzne. Dla mnie osobi\u015bcie jest to niesamowite prze\u017cycie, bo w nied\u0142ugim czasie b\u0119d\u0119 ko\u0144czy\u0107 to moje pielgrzymowanie, dlatego staram si\u0119 z tej pielgrzymki wynie\u015b\u0107 du\u017co dobrego. Po prostu cz\u0142owiek chce by\u0107 lepszym, \u015bwieci\u0107 przyk\u0142adem tam, gdzie pracuje, gdzie przebywa z lud\u017ami, dawa\u0107 z siebie wi\u0119cej si\u0142y, aby nie\u015b\u0107 ludziom pomoc<\/em> \u2013 m\u00f3wi.<\/p>\n<p>W tym roku grupa nr 6 prowadzi\u0142a nabo\u017ce\u0144stwo o powo\u0142ania podczas Mszy \u015bw. w \u017barnowcu. Str\u00f3j pielgrzym\u00f3w (po\u0142owa grupy podczas wej\u015bcia mia\u0142a bia\u0142e, a po\u0142owa niebieskie koszulki) nawi\u0105zywa\u0142 do kolor\u00f3w maryjnych. W r\u0119kach pielgrzymi trzymali chusty. Wraz z grup\u0105 6 do sanktuarium jasnog\u00f3rskiego przyby\u0142 ks. Zdzis\u0142aw Sadko, kustosz sanktuarium Matki Bo\u017cej R\u00f3\u017ca\u0144cowej w Bochni oraz ks. Zbigniew Kras, proboszcz w Lipnicy Murowanej i kustosz sanktuarium \u015bw. Szymona.<\/p>\n","protected":false},"excerpt":{"rendered":"<p>Po dziewi\u0119ciu dniach w\u0119dr\u00f3wki i przemierzeniu ok. 240 km z Tarnowa na Jasn\u0105 G\u00f3r\u0119 pielgrzymi doszli do celu. Patronk\u0105 grupy nr 6 jest b\u0142. Maria Teresa Led\u00f3chowska. Wiele trud\u00f3w dziewi\u0119ciu dni posz\u0142o dzi\u015b w zapomnienie. Wa\u017cne by\u0142o tylko to, co wydarzy\u0142o si\u0119 w sercu ka\u017cdego z pielgrzym\u00f3w w czasie drogi.<\/p>\n","protected":false},"author":4,"featured_media":0,"comment_status":"open","ping_status":"closed","sticky":false,"template":"","format":"standard","meta":{"_acf_changed":false,"footnotes":""},"categories":[11,1342],"tags":[230,17413,17197,17248,17125,804,304,340,384,1073],"class_list":["post-1935","post","type-post","status-publish","format-standard","hentry","category-top-temat","category-zycie-religijne","tag-jasna-gora","tag-ks-stanislaw-kowalik","tag-ks-zbigniew-kras","tag-ks-zdzislaw-sadko","tag-lipnica","tag-matka-boza-rozancowa","tag-piesza-pielgrzymka-tarnowska-na-jasna-gore","tag-ryszard-najbarowski","tag-sanktuarium","tag-zarnowiec"],"acf":[],"yoast_head":"<!-- This site is optimized with the Yoast SEO plugin v26.9 - https:\/\/yoast.com\/product\/yoast-seo-wordpress\/ -->\n<title>Bochnianie na Jasnej G\u00f3rze - mojabochnia.pl - portal informacyjny<\/title>\n<meta name=\"robots\" content=\"index, follow, max-snippet:-1, max-image-preview:large, max-video-preview:-1\" \/>\n<link rel=\"canonical\" href=\"https:\/\/www.mojabochnia.pl\/?p=1935\" \/>\n<meta property=\"og:locale\" content=\"pl_PL\" \/>\n<meta property=\"og:type\" content=\"article\" \/>\n<meta property=\"og:title\" content=\"Bochnianie na Jasnej G\u00f3rze - mojabochnia.pl - portal informacyjny\" \/>\n<meta property=\"og:description\" content=\"Po dziewi\u0119ciu dniach w\u0119dr\u00f3wki i przemierzeniu ok. 240 km z Tarnowa na Jasn\u0105 G\u00f3r\u0119 pielgrzymi doszli do celu. Patronk\u0105 grupy nr 6 jest b\u0142. Maria Teresa Led\u00f3chowska. Wiele trud\u00f3w dziewi\u0119ciu dni posz\u0142o dzi\u015b w zapomnienie. Wa\u017cne by\u0142o tylko to, co wydarzy\u0142o si\u0119 w sercu ka\u017cdego z pielgrzym\u00f3w w czasie drogi.\" \/>\n<meta property=\"og:url\" content=\"https:\/\/www.mojabochnia.pl\/?p=1935\" \/>\n<meta property=\"og:site_name\" content=\"mojabochnia.pl - portal informacyjny\" \/>\n<meta property=\"article:publisher\" content=\"https:\/\/www.facebook.com\/mojabochnia\" \/>\n<meta property=\"article:published_time\" content=\"2008-08-25T11:22:53+00:00\" \/>\n<meta property=\"article:modified_time\" content=\"2008-10-24T11:51:32+00:00\" \/>\n<meta name=\"author\" content=\"Pawe\u0142 Michalczyk\" \/>\n<meta name=\"twitter:card\" content=\"summary_large_image\" \/>\n<meta name=\"twitter:label1\" content=\"Written by\" \/>\n\t<meta name=\"twitter:data1\" content=\"Pawe\u0142 Michalczyk\" \/>\n\t<meta name=\"twitter:label2\" content=\"Est. reading time\" \/>\n\t<meta name=\"twitter:data2\" content=\"2 minuty\" \/>\n<script type=\"application\/ld+json\" class=\"yoast-schema-graph\">{\"@context\":\"https:\/\/schema.org\",\"@graph\":[{\"@type\":\"Article\",\"@id\":\"https:\/\/www.mojabochnia.pl\/?p=1935#article\",\"isPartOf\":{\"@id\":\"https:\/\/www.mojabochnia.pl\/?p=1935\"},\"author\":{\"name\":\"Pawe\u0142 Michalczyk\",\"@id\":\"https:\/\/www.mojabochnia.pl\/#\/schema\/person\/ea042e4724a77627963f02166828ead4\"},\"headline\":\"Bochnianie na Jasnej G\u00f3rze\",\"datePublished\":\"2008-08-25T11:22:53+00:00\",\"dateModified\":\"2008-10-24T11:51:32+00:00\",\"mainEntityOfPage\":{\"@id\":\"https:\/\/www.mojabochnia.pl\/?p=1935\"},\"wordCount\":386,\"commentCount\":0,\"publisher\":{\"@id\":\"https:\/\/www.mojabochnia.pl\/#organization\"},\"keywords\":[\"jasna g\u00f3ra\",\"ks. stanis\u0142aw kowalik\",\"ks. zbigniew kras\",\"ks. zdzis\u0142aw sadko\",\"Lipnica Murowana\",\"matka bo\u017ca r\u00f3\u017ca\u0144cowa\",\"piesza pielgrzymka tarnowska na jasn\u0105 g\u00f3r\u0119\",\"ryszard najbarowski\",\"sanktuarium\",\"\u017carnowiec\"],\"articleSection\":[\"3_w centrum uwagi\",\"\u017bycie religijne\"],\"inLanguage\":\"pl-PL\",\"potentialAction\":[{\"@type\":\"CommentAction\",\"name\":\"Comment\",\"target\":[\"https:\/\/www.mojabochnia.pl\/?p=1935#respond\"]}]},{\"@type\":\"WebPage\",\"@id\":\"https:\/\/www.mojabochnia.pl\/?p=1935\",\"url\":\"https:\/\/www.mojabochnia.pl\/?p=1935\",\"name\":\"Bochnianie na Jasnej G\u00f3rze - mojabochnia.pl - portal informacyjny\",\"isPartOf\":{\"@id\":\"https:\/\/www.mojabochnia.pl\/#website\"},\"datePublished\":\"2008-08-25T11:22:53+00:00\",\"dateModified\":\"2008-10-24T11:51:32+00:00\",\"breadcrumb\":{\"@id\":\"https:\/\/www.mojabochnia.pl\/?p=1935#breadcrumb\"},\"inLanguage\":\"pl-PL\",\"potentialAction\":[{\"@type\":\"ReadAction\",\"target\":[\"https:\/\/www.mojabochnia.pl\/?p=1935\"]}]},{\"@type\":\"BreadcrumbList\",\"@id\":\"https:\/\/www.mojabochnia.pl\/?p=1935#breadcrumb\",\"itemListElement\":[{\"@type\":\"ListItem\",\"position\":1,\"name\":\"Home\",\"item\":\"https:\/\/www.mojabochnia.pl\/\"},{\"@type\":\"ListItem\",\"position\":2,\"name\":\"Bochnianie na Jasnej G\u00f3rze\"}]},{\"@type\":\"WebSite\",\"@id\":\"https:\/\/www.mojabochnia.pl\/#website\",\"url\":\"https:\/\/www.mojabochnia.pl\/\",\"name\":\"mojabochnia.pl - portal informacyjny\",\"description\":\"mojaBochnia to portal informacyjny o Bochni. Codziennie o Bochni piszemy i pokazujemy najwa\u017cniejsze wydarzenia\",\"publisher\":{\"@id\":\"https:\/\/www.mojabochnia.pl\/#organization\"},\"potentialAction\":[{\"@type\":\"SearchAction\",\"target\":{\"@type\":\"EntryPoint\",\"urlTemplate\":\"https:\/\/www.mojabochnia.pl\/?s={search_term_string}\"},\"query-input\":{\"@type\":\"PropertyValueSpecification\",\"valueRequired\":true,\"valueName\":\"search_term_string\"}}],\"inLanguage\":\"pl-PL\"},{\"@type\":\"Organization\",\"@id\":\"https:\/\/www.mojabochnia.pl\/#organization\",\"name\":\"mojabochnia.pl - portal informacyjny\",\"url\":\"https:\/\/www.mojabochnia.pl\/\",\"logo\":{\"@type\":\"ImageObject\",\"inLanguage\":\"pl-PL\",\"@id\":\"https:\/\/www.mojabochnia.pl\/#\/schema\/logo\/image\/\",\"url\":\"https:\/\/www.mojabochnia.pl\/wp-content\/uploads\/2017\/08\/logo-mb-opt.png\",\"contentUrl\":\"https:\/\/www.mojabochnia.pl\/wp-content\/uploads\/2017\/08\/logo-mb-opt.png\",\"width\":250,\"height\":48,\"caption\":\"mojabochnia.pl - portal informacyjny\"},\"image\":{\"@id\":\"https:\/\/www.mojabochnia.pl\/#\/schema\/logo\/image\/\"},\"sameAs\":[\"https:\/\/www.facebook.com\/mojabochnia\"]},{\"@type\":\"Person\",\"@id\":\"https:\/\/www.mojabochnia.pl\/#\/schema\/person\/ea042e4724a77627963f02166828ead4\",\"name\":\"Pawe\u0142 Michalczyk\",\"url\":\"https:\/\/www.mojabochnia.pl\/?author=4\"}]}<\/script>\n<!-- \/ Yoast SEO plugin. -->","yoast_head_json":{"title":"Bochnianie na Jasnej G\u00f3rze - mojabochnia.pl - portal informacyjny","robots":{"index":"index","follow":"follow","max-snippet":"max-snippet:-1","max-image-preview":"max-image-preview:large","max-video-preview":"max-video-preview:-1"},"canonical":"https:\/\/www.mojabochnia.pl\/?p=1935","og_locale":"pl_PL","og_type":"article","og_title":"Bochnianie na Jasnej G\u00f3rze - mojabochnia.pl - portal informacyjny","og_description":"Po dziewi\u0119ciu dniach w\u0119dr\u00f3wki i przemierzeniu ok. 240 km z Tarnowa na Jasn\u0105 G\u00f3r\u0119 pielgrzymi doszli do celu. Patronk\u0105 grupy nr 6 jest b\u0142. Maria Teresa Led\u00f3chowska. Wiele trud\u00f3w dziewi\u0119ciu dni posz\u0142o dzi\u015b w zapomnienie. Wa\u017cne by\u0142o tylko to, co wydarzy\u0142o si\u0119 w sercu ka\u017cdego z pielgrzym\u00f3w w czasie drogi.","og_url":"https:\/\/www.mojabochnia.pl\/?p=1935","og_site_name":"mojabochnia.pl - portal informacyjny","article_publisher":"https:\/\/www.facebook.com\/mojabochnia","article_published_time":"2008-08-25T11:22:53+00:00","article_modified_time":"2008-10-24T11:51:32+00:00","author":"Pawe\u0142 Michalczyk","twitter_card":"summary_large_image","twitter_misc":{"Written by":"Pawe\u0142 Michalczyk","Est. reading time":"2 minuty"},"schema":{"@context":"https:\/\/schema.org","@graph":[{"@type":"Article","@id":"https:\/\/www.mojabochnia.pl\/?p=1935#article","isPartOf":{"@id":"https:\/\/www.mojabochnia.pl\/?p=1935"},"author":{"name":"Pawe\u0142 Michalczyk","@id":"https:\/\/www.mojabochnia.pl\/#\/schema\/person\/ea042e4724a77627963f02166828ead4"},"headline":"Bochnianie na Jasnej G\u00f3rze","datePublished":"2008-08-25T11:22:53+00:00","dateModified":"2008-10-24T11:51:32+00:00","mainEntityOfPage":{"@id":"https:\/\/www.mojabochnia.pl\/?p=1935"},"wordCount":386,"commentCount":0,"publisher":{"@id":"https:\/\/www.mojabochnia.pl\/#organization"},"keywords":["jasna g\u00f3ra","ks. stanis\u0142aw kowalik","ks. zbigniew kras","ks. zdzis\u0142aw sadko","Lipnica Murowana","matka bo\u017ca r\u00f3\u017ca\u0144cowa","piesza pielgrzymka tarnowska na jasn\u0105 g\u00f3r\u0119","ryszard najbarowski","sanktuarium","\u017carnowiec"],"articleSection":["3_w centrum uwagi","\u017bycie religijne"],"inLanguage":"pl-PL","potentialAction":[{"@type":"CommentAction","name":"Comment","target":["https:\/\/www.mojabochnia.pl\/?p=1935#respond"]}]},{"@type":"WebPage","@id":"https:\/\/www.mojabochnia.pl\/?p=1935","url":"https:\/\/www.mojabochnia.pl\/?p=1935","name":"Bochnianie na Jasnej G\u00f3rze - mojabochnia.pl - portal informacyjny","isPartOf":{"@id":"https:\/\/www.mojabochnia.pl\/#website"},"datePublished":"2008-08-25T11:22:53+00:00","dateModified":"2008-10-24T11:51:32+00:00","breadcrumb":{"@id":"https:\/\/www.mojabochnia.pl\/?p=1935#breadcrumb"},"inLanguage":"pl-PL","potentialAction":[{"@type":"ReadAction","target":["https:\/\/www.mojabochnia.pl\/?p=1935"]}]},{"@type":"BreadcrumbList","@id":"https:\/\/www.mojabochnia.pl\/?p=1935#breadcrumb","itemListElement":[{"@type":"ListItem","position":1,"name":"Home","item":"https:\/\/www.mojabochnia.pl\/"},{"@type":"ListItem","position":2,"name":"Bochnianie na Jasnej G\u00f3rze"}]},{"@type":"WebSite","@id":"https:\/\/www.mojabochnia.pl\/#website","url":"https:\/\/www.mojabochnia.pl\/","name":"mojabochnia.pl - portal informacyjny","description":"mojaBochnia to portal informacyjny o Bochni. Codziennie o Bochni piszemy i pokazujemy najwa\u017cniejsze wydarzenia","publisher":{"@id":"https:\/\/www.mojabochnia.pl\/#organization"},"potentialAction":[{"@type":"SearchAction","target":{"@type":"EntryPoint","urlTemplate":"https:\/\/www.mojabochnia.pl\/?s={search_term_string}"},"query-input":{"@type":"PropertyValueSpecification","valueRequired":true,"valueName":"search_term_string"}}],"inLanguage":"pl-PL"},{"@type":"Organization","@id":"https:\/\/www.mojabochnia.pl\/#organization","name":"mojabochnia.pl - portal informacyjny","url":"https:\/\/www.mojabochnia.pl\/","logo":{"@type":"ImageObject","inLanguage":"pl-PL","@id":"https:\/\/www.mojabochnia.pl\/#\/schema\/logo\/image\/","url":"https:\/\/www.mojabochnia.pl\/wp-content\/uploads\/2017\/08\/logo-mb-opt.png","contentUrl":"https:\/\/www.mojabochnia.pl\/wp-content\/uploads\/2017\/08\/logo-mb-opt.png","width":250,"height":48,"caption":"mojabochnia.pl - portal informacyjny"},"image":{"@id":"https:\/\/www.mojabochnia.pl\/#\/schema\/logo\/image\/"},"sameAs":["https:\/\/www.facebook.com\/mojabochnia"]},{"@type":"Person","@id":"https:\/\/www.mojabochnia.pl\/#\/schema\/person\/ea042e4724a77627963f02166828ead4","name":"Pawe\u0142 Michalczyk","url":"https:\/\/www.mojabochnia.pl\/?author=4"}]}},"_links":{"self":[{"href":"https:\/\/www.mojabochnia.pl\/index.php?rest_route=\/wp\/v2\/posts\/1935","targetHints":{"allow":["GET"]}}],"collection":[{"href":"https:\/\/www.mojabochnia.pl\/index.php?rest_route=\/wp\/v2\/posts"}],"about":[{"href":"https:\/\/www.mojabochnia.pl\/index.php?rest_route=\/wp\/v2\/types\/post"}],"author":[{"embeddable":true,"href":"https:\/\/www.mojabochnia.pl\/index.php?rest_route=\/wp\/v2\/users\/4"}],"replies":[{"embeddable":true,"href":"https:\/\/www.mojabochnia.pl\/index.php?rest_route=%2Fwp%2Fv2%2Fcomments&post=1935"}],"version-history":[{"count":0,"href":"https:\/\/www.mojabochnia.pl\/index.php?rest_route=\/wp\/v2\/posts\/1935\/revisions"}],"wp:attachment":[{"href":"https:\/\/www.mojabochnia.pl\/index.php?rest_route=%2Fwp%2Fv2%2Fmedia&parent=1935"}],"wp:term":[{"taxonomy":"category","embeddable":true,"href":"https:\/\/www.mojabochnia.pl\/index.php?rest_route=%2Fwp%2Fv2%2Fcategories&post=1935"},{"taxonomy":"post_tag","embeddable":true,"href":"https:\/\/www.mojabochnia.pl\/index.php?rest_route=%2Fwp%2Fv2%2Ftags&post=1935"}],"curies":[{"name":"wp","href":"https:\/\/api.w.org\/{rel}","templated":true}]}}