{"id":1933,"date":"2008-10-06T13:22:51","date_gmt":"2008-10-06T11:22:51","guid":{"rendered":"http:\/\/www.mojabochnia.pl\/?p=1933"},"modified":"2008-10-24T13:49:08","modified_gmt":"2008-10-24T11:49:08","slug":"rok-jubileuszowy-w-bochni","status":"publish","type":"post","link":"https:\/\/www.mojabochnia.pl\/?p=1933","title":{"rendered":"10 lat boche\u0144skiej Bazyliki"},"content":{"rendered":"<p>\u2013 <em>Wiemy, \u017ce jubileusz to 25, 50, 75, 100. Od 7 pa\u017adziernika Bochnia b\u0119dzie prze\u017cywa\u0142a rok jubileuszowy do 7 pa\u017adziernika nast\u0119pnego roku. B\u0119dziemy chcieli prze\u017cywa\u0107 go w duchu wdzi\u0119czno\u015bci za to, \u017ce Maryja obra\u0142a sobie tu tron w Bochni, \u017ce kr\u00f3luje, \u017ce or\u0119duje za nami, \u017ce wskazuje nam drog\u0119, jak i\u015b\u0107 przez to \u017cycie, jak zdobywa\u0107 \u015bwi\u0119to\u015b\u0107<\/em> \u2013 m\u00f3wi ks. Zdzis\u0142aw Sadko, proboszcz parafii \u015bw. Miko\u0142aja w Bochni. <\/p>\n<p>We wtorek b\u0119dzie te\u017c obchodzony jubileusz 10-lecia og\u0142oszenia ko\u015bcio\u0142a pw. \u015bw. Miko\u0142aja w Bochni bazylik\u0105 mniejsz\u0105. Uroczystej Mszy \u015bw. o godz. 17.00 b\u0119dzie przewodniczy\u0142 abp J\u00f3zef Kowalczyk, nuncjusz Apostolski w Polsce. \u2013 <em>Ojciec \u015bwi\u0119ty, dzi\u015b S\u0142uga Bo\u017cy Jan Pawe\u0142 II, podni\u00f3s\u0142 nasz\u0105 \u015bwi\u0105tyni\u0119 do godno\u015bci bazyliki mniejszej. Ta uroczysto\u015b\u0107 mia\u0142a miejsce 10 lat temu pod przewodnictwem ks. arcybiskupa nuncjusza apostolskiego i po 10 latach, je\u015bli B\u00f3g pozwoli, przyb\u0119dzie on do nas, aby razem z nami dzi\u0119kowa\u0107 Bogu za ten dar, jaki zostawi\u0142 nam w Bochni Ojciec \u015bwi\u0119ty Jan Pawe\u0142 II<\/em> \u2013 m\u00f3wi ks. Sadko. <\/p>\n<p><strong>Program na wtorek \u2013 7 X 2008<\/strong><\/p>\n<p>6.30 \u2013 Ods\u0142oni\u0119cie Cudownego Obrazu Matki Bo\u017cej i Godzinki<br \/>\n7.00 \u2013 Msza \u015bw. z kazaniem<br \/>\n9.00 \u2013 Msza \u015bw. \u2013 Szko\u0142a Podstawowa Nr 7<br \/>\n11.00 \u2013 Msza \u015bw. z procesj\u0105 Eucharystyczn\u0105 \u2013 Zesp\u00f3\u0142 Szk\u00f3\u0142 Nr 1 i Liceum Og\u00f3lnokszta\u0142c\u0105ce Nr 2<br \/>\n17.00 \u2013 Centralna Uroczysto\u015b\u0107 \u2013 10. rocznica podniesienia ko\u015bcio\u0142a \u015bw. Miko\u0142aja bpa do godno\u015bci Bazyliki Mniejszej i 74. rocznica koronacji Obrazu Matki Bo\u017cej. Przewodniczy J. E. Ks. Abp J\u00f3zef Kowalczyk, Nuncjusz Apostolski w Polsce.<br \/>\nPielgrzymki z \u0141apczycy, Che\u0142mu, Cikowic, \u0141\u0119\u017ckowic, Gierczyc, Parafii \u015bw. Paw\u0142a Aposto\u0142a w Bochni oraz z Parafii \u015bw. Miko\u0142aja: Os. Karolina, Wygoda i ul. Proszowska (rozpocz\u0119cie pielgrzymki o godz. 16.00 przy Domu Pomocy Spo\u0142ecznej)<br \/>\n18.00 \u2013 Procesja R\u00f3\u017ca\u0144cowa ulicami miasta<\/p>\n","protected":false},"excerpt":{"rendered":"<p>Jutro przypada centralny dzie\u0144 odpustu ku czci Matki Bo\u017cej Boche\u0144skiej. Jest to zarazem 74. rocznica koronacji obrazu Matki Bo\u017cej Boche\u0144skiej i 10. rocznica og\u0142oszenia ko\u015bcio\u0142a pw. \u015aw. Miko\u0142aja w Bochni bazylik\u0105 mniejsz\u0105. <\/p>\n","protected":false},"author":4,"featured_media":0,"comment_status":"open","ping_status":"closed","sticky":false,"template":"","format":"standard","meta":{"_acf_changed":false,"footnotes":""},"categories":[1342],"tags":[807,378,281,17248,804,1068,27,17129,384],"class_list":["post-1933","post","type-post","status-publish","format-standard","hentry","category-zycie-religijne","tag-abp-jozef-kowalczyk","tag-bazylika-sw-mikolaja","tag-jan-pawel-ii","tag-ks-zdzislaw-sadko","tag-matka-boza-rozancowa","tag-nuncjusz-apostolski-w-polsce","tag-parafia-sw-mikolaja","tag-pielgrzymka","tag-sanktuarium"],"acf":[],"yoast_head":"<!-- This site is optimized with the Yoast SEO plugin v26.9 - https:\/\/yoast.com\/product\/yoast-seo-wordpress\/ -->\n<title>10 lat boche\u0144skiej Bazyliki - mojabochnia.pl - portal informacyjny<\/title>\n<meta name=\"robots\" content=\"index, follow, max-snippet:-1, max-image-preview:large, max-video-preview:-1\" \/>\n<link rel=\"canonical\" href=\"https:\/\/www.mojabochnia.pl\/?p=1933\" \/>\n<meta property=\"og:locale\" content=\"pl_PL\" \/>\n<meta property=\"og:type\" content=\"article\" \/>\n<meta property=\"og:title\" content=\"10 lat boche\u0144skiej Bazyliki - mojabochnia.pl - portal informacyjny\" \/>\n<meta property=\"og:description\" content=\"Jutro przypada centralny dzie\u0144 odpustu ku czci Matki Bo\u017cej Boche\u0144skiej. Jest to zarazem 74. rocznica koronacji obrazu Matki Bo\u017cej Boche\u0144skiej i 10. rocznica og\u0142oszenia ko\u015bcio\u0142a pw. \u015aw. Miko\u0142aja w Bochni bazylik\u0105 mniejsz\u0105.\" \/>\n<meta property=\"og:url\" content=\"https:\/\/www.mojabochnia.pl\/?p=1933\" \/>\n<meta property=\"og:site_name\" content=\"mojabochnia.pl - portal informacyjny\" \/>\n<meta property=\"article:publisher\" content=\"https:\/\/www.facebook.com\/mojabochnia\" \/>\n<meta property=\"article:published_time\" content=\"2008-10-06T11:22:51+00:00\" \/>\n<meta property=\"article:modified_time\" content=\"2008-10-24T11:49:08+00:00\" \/>\n<meta name=\"author\" content=\"Pawe\u0142 Michalczyk\" \/>\n<meta name=\"twitter:card\" content=\"summary_large_image\" \/>\n<meta name=\"twitter:label1\" content=\"Written by\" \/>\n\t<meta name=\"twitter:data1\" content=\"Pawe\u0142 Michalczyk\" \/>\n\t<meta name=\"twitter:label2\" content=\"Est. reading time\" \/>\n\t<meta name=\"twitter:data2\" content=\"2 minuty\" \/>\n<script type=\"application\/ld+json\" class=\"yoast-schema-graph\">{\"@context\":\"https:\/\/schema.org\",\"@graph\":[{\"@type\":\"Article\",\"@id\":\"https:\/\/www.mojabochnia.pl\/?p=1933#article\",\"isPartOf\":{\"@id\":\"https:\/\/www.mojabochnia.pl\/?p=1933\"},\"author\":{\"name\":\"Pawe\u0142 Michalczyk\",\"@id\":\"https:\/\/www.mojabochnia.pl\/#\/schema\/person\/ea042e4724a77627963f02166828ead4\"},\"headline\":\"10 lat boche\u0144skiej Bazyliki\",\"datePublished\":\"2008-10-06T11:22:51+00:00\",\"dateModified\":\"2008-10-24T11:49:08+00:00\",\"mainEntityOfPage\":{\"@id\":\"https:\/\/www.mojabochnia.pl\/?p=1933\"},\"wordCount\":308,\"commentCount\":1,\"publisher\":{\"@id\":\"https:\/\/www.mojabochnia.pl\/#organization\"},\"keywords\":[\"abp j\u00f3zef kowalczyk\",\"bazylika \u015bw. miko\u0142aja\",\"jan pawe\u0142 II\",\"ks. zdzis\u0142aw sadko\",\"matka bo\u017ca r\u00f3\u017ca\u0144cowa\",\"nuncjusz apostolski w polsce\",\"Parafia \u015bw. Miko\u0142aja\",\"pielgrzymka\",\"sanktuarium\"],\"articleSection\":[\"\u017bycie religijne\"],\"inLanguage\":\"pl-PL\",\"potentialAction\":[{\"@type\":\"CommentAction\",\"name\":\"Comment\",\"target\":[\"https:\/\/www.mojabochnia.pl\/?p=1933#respond\"]}]},{\"@type\":\"WebPage\",\"@id\":\"https:\/\/www.mojabochnia.pl\/?p=1933\",\"url\":\"https:\/\/www.mojabochnia.pl\/?p=1933\",\"name\":\"10 lat boche\u0144skiej Bazyliki - mojabochnia.pl - portal informacyjny\",\"isPartOf\":{\"@id\":\"https:\/\/www.mojabochnia.pl\/#website\"},\"datePublished\":\"2008-10-06T11:22:51+00:00\",\"dateModified\":\"2008-10-24T11:49:08+00:00\",\"breadcrumb\":{\"@id\":\"https:\/\/www.mojabochnia.pl\/?p=1933#breadcrumb\"},\"inLanguage\":\"pl-PL\",\"potentialAction\":[{\"@type\":\"ReadAction\",\"target\":[\"https:\/\/www.mojabochnia.pl\/?p=1933\"]}]},{\"@type\":\"BreadcrumbList\",\"@id\":\"https:\/\/www.mojabochnia.pl\/?p=1933#breadcrumb\",\"itemListElement\":[{\"@type\":\"ListItem\",\"position\":1,\"name\":\"Home\",\"item\":\"https:\/\/www.mojabochnia.pl\/\"},{\"@type\":\"ListItem\",\"position\":2,\"name\":\"10 lat boche\u0144skiej Bazyliki\"}]},{\"@type\":\"WebSite\",\"@id\":\"https:\/\/www.mojabochnia.pl\/#website\",\"url\":\"https:\/\/www.mojabochnia.pl\/\",\"name\":\"mojabochnia.pl - portal informacyjny\",\"description\":\"mojaBochnia to portal informacyjny o Bochni. Codziennie o Bochni piszemy i pokazujemy najwa\u017cniejsze wydarzenia\",\"publisher\":{\"@id\":\"https:\/\/www.mojabochnia.pl\/#organization\"},\"potentialAction\":[{\"@type\":\"SearchAction\",\"target\":{\"@type\":\"EntryPoint\",\"urlTemplate\":\"https:\/\/www.mojabochnia.pl\/?s={search_term_string}\"},\"query-input\":{\"@type\":\"PropertyValueSpecification\",\"valueRequired\":true,\"valueName\":\"search_term_string\"}}],\"inLanguage\":\"pl-PL\"},{\"@type\":\"Organization\",\"@id\":\"https:\/\/www.mojabochnia.pl\/#organization\",\"name\":\"mojabochnia.pl - portal informacyjny\",\"url\":\"https:\/\/www.mojabochnia.pl\/\",\"logo\":{\"@type\":\"ImageObject\",\"inLanguage\":\"pl-PL\",\"@id\":\"https:\/\/www.mojabochnia.pl\/#\/schema\/logo\/image\/\",\"url\":\"https:\/\/www.mojabochnia.pl\/wp-content\/uploads\/2017\/08\/logo-mb-opt.png\",\"contentUrl\":\"https:\/\/www.mojabochnia.pl\/wp-content\/uploads\/2017\/08\/logo-mb-opt.png\",\"width\":250,\"height\":48,\"caption\":\"mojabochnia.pl - portal informacyjny\"},\"image\":{\"@id\":\"https:\/\/www.mojabochnia.pl\/#\/schema\/logo\/image\/\"},\"sameAs\":[\"https:\/\/www.facebook.com\/mojabochnia\"]},{\"@type\":\"Person\",\"@id\":\"https:\/\/www.mojabochnia.pl\/#\/schema\/person\/ea042e4724a77627963f02166828ead4\",\"name\":\"Pawe\u0142 Michalczyk\",\"url\":\"https:\/\/www.mojabochnia.pl\/?author=4\"}]}<\/script>\n<!-- \/ Yoast SEO plugin. -->","yoast_head_json":{"title":"10 lat boche\u0144skiej Bazyliki - mojabochnia.pl - portal informacyjny","robots":{"index":"index","follow":"follow","max-snippet":"max-snippet:-1","max-image-preview":"max-image-preview:large","max-video-preview":"max-video-preview:-1"},"canonical":"https:\/\/www.mojabochnia.pl\/?p=1933","og_locale":"pl_PL","og_type":"article","og_title":"10 lat boche\u0144skiej Bazyliki - mojabochnia.pl - portal informacyjny","og_description":"Jutro przypada centralny dzie\u0144 odpustu ku czci Matki Bo\u017cej Boche\u0144skiej. Jest to zarazem 74. rocznica koronacji obrazu Matki Bo\u017cej Boche\u0144skiej i 10. rocznica og\u0142oszenia ko\u015bcio\u0142a pw. \u015aw. Miko\u0142aja w Bochni bazylik\u0105 mniejsz\u0105.","og_url":"https:\/\/www.mojabochnia.pl\/?p=1933","og_site_name":"mojabochnia.pl - portal informacyjny","article_publisher":"https:\/\/www.facebook.com\/mojabochnia","article_published_time":"2008-10-06T11:22:51+00:00","article_modified_time":"2008-10-24T11:49:08+00:00","author":"Pawe\u0142 Michalczyk","twitter_card":"summary_large_image","twitter_misc":{"Written by":"Pawe\u0142 Michalczyk","Est. reading time":"2 minuty"},"schema":{"@context":"https:\/\/schema.org","@graph":[{"@type":"Article","@id":"https:\/\/www.mojabochnia.pl\/?p=1933#article","isPartOf":{"@id":"https:\/\/www.mojabochnia.pl\/?p=1933"},"author":{"name":"Pawe\u0142 Michalczyk","@id":"https:\/\/www.mojabochnia.pl\/#\/schema\/person\/ea042e4724a77627963f02166828ead4"},"headline":"10 lat boche\u0144skiej Bazyliki","datePublished":"2008-10-06T11:22:51+00:00","dateModified":"2008-10-24T11:49:08+00:00","mainEntityOfPage":{"@id":"https:\/\/www.mojabochnia.pl\/?p=1933"},"wordCount":308,"commentCount":1,"publisher":{"@id":"https:\/\/www.mojabochnia.pl\/#organization"},"keywords":["abp j\u00f3zef kowalczyk","bazylika \u015bw. miko\u0142aja","jan pawe\u0142 II","ks. zdzis\u0142aw sadko","matka bo\u017ca r\u00f3\u017ca\u0144cowa","nuncjusz apostolski w polsce","Parafia \u015bw. Miko\u0142aja","pielgrzymka","sanktuarium"],"articleSection":["\u017bycie religijne"],"inLanguage":"pl-PL","potentialAction":[{"@type":"CommentAction","name":"Comment","target":["https:\/\/www.mojabochnia.pl\/?p=1933#respond"]}]},{"@type":"WebPage","@id":"https:\/\/www.mojabochnia.pl\/?p=1933","url":"https:\/\/www.mojabochnia.pl\/?p=1933","name":"10 lat boche\u0144skiej Bazyliki - mojabochnia.pl - portal informacyjny","isPartOf":{"@id":"https:\/\/www.mojabochnia.pl\/#website"},"datePublished":"2008-10-06T11:22:51+00:00","dateModified":"2008-10-24T11:49:08+00:00","breadcrumb":{"@id":"https:\/\/www.mojabochnia.pl\/?p=1933#breadcrumb"},"inLanguage":"pl-PL","potentialAction":[{"@type":"ReadAction","target":["https:\/\/www.mojabochnia.pl\/?p=1933"]}]},{"@type":"BreadcrumbList","@id":"https:\/\/www.mojabochnia.pl\/?p=1933#breadcrumb","itemListElement":[{"@type":"ListItem","position":1,"name":"Home","item":"https:\/\/www.mojabochnia.pl\/"},{"@type":"ListItem","position":2,"name":"10 lat boche\u0144skiej Bazyliki"}]},{"@type":"WebSite","@id":"https:\/\/www.mojabochnia.pl\/#website","url":"https:\/\/www.mojabochnia.pl\/","name":"mojabochnia.pl - portal informacyjny","description":"mojaBochnia to portal informacyjny o Bochni. Codziennie o Bochni piszemy i pokazujemy najwa\u017cniejsze wydarzenia","publisher":{"@id":"https:\/\/www.mojabochnia.pl\/#organization"},"potentialAction":[{"@type":"SearchAction","target":{"@type":"EntryPoint","urlTemplate":"https:\/\/www.mojabochnia.pl\/?s={search_term_string}"},"query-input":{"@type":"PropertyValueSpecification","valueRequired":true,"valueName":"search_term_string"}}],"inLanguage":"pl-PL"},{"@type":"Organization","@id":"https:\/\/www.mojabochnia.pl\/#organization","name":"mojabochnia.pl - portal informacyjny","url":"https:\/\/www.mojabochnia.pl\/","logo":{"@type":"ImageObject","inLanguage":"pl-PL","@id":"https:\/\/www.mojabochnia.pl\/#\/schema\/logo\/image\/","url":"https:\/\/www.mojabochnia.pl\/wp-content\/uploads\/2017\/08\/logo-mb-opt.png","contentUrl":"https:\/\/www.mojabochnia.pl\/wp-content\/uploads\/2017\/08\/logo-mb-opt.png","width":250,"height":48,"caption":"mojabochnia.pl - portal informacyjny"},"image":{"@id":"https:\/\/www.mojabochnia.pl\/#\/schema\/logo\/image\/"},"sameAs":["https:\/\/www.facebook.com\/mojabochnia"]},{"@type":"Person","@id":"https:\/\/www.mojabochnia.pl\/#\/schema\/person\/ea042e4724a77627963f02166828ead4","name":"Pawe\u0142 Michalczyk","url":"https:\/\/www.mojabochnia.pl\/?author=4"}]}},"_links":{"self":[{"href":"https:\/\/www.mojabochnia.pl\/index.php?rest_route=\/wp\/v2\/posts\/1933","targetHints":{"allow":["GET"]}}],"collection":[{"href":"https:\/\/www.mojabochnia.pl\/index.php?rest_route=\/wp\/v2\/posts"}],"about":[{"href":"https:\/\/www.mojabochnia.pl\/index.php?rest_route=\/wp\/v2\/types\/post"}],"author":[{"embeddable":true,"href":"https:\/\/www.mojabochnia.pl\/index.php?rest_route=\/wp\/v2\/users\/4"}],"replies":[{"embeddable":true,"href":"https:\/\/www.mojabochnia.pl\/index.php?rest_route=%2Fwp%2Fv2%2Fcomments&post=1933"}],"version-history":[{"count":0,"href":"https:\/\/www.mojabochnia.pl\/index.php?rest_route=\/wp\/v2\/posts\/1933\/revisions"}],"wp:attachment":[{"href":"https:\/\/www.mojabochnia.pl\/index.php?rest_route=%2Fwp%2Fv2%2Fmedia&parent=1933"}],"wp:term":[{"taxonomy":"category","embeddable":true,"href":"https:\/\/www.mojabochnia.pl\/index.php?rest_route=%2Fwp%2Fv2%2Fcategories&post=1933"},{"taxonomy":"post_tag","embeddable":true,"href":"https:\/\/www.mojabochnia.pl\/index.php?rest_route=%2Fwp%2Fv2%2Ftags&post=1933"}],"curies":[{"name":"wp","href":"https:\/\/api.w.org\/{rel}","templated":true}]}}