{"id":191601,"date":"2021-09-28T18:52:20","date_gmt":"2021-09-28T16:52:20","guid":{"rendered":"https:\/\/www.mojabochnia.pl\/?p=191601"},"modified":"2021-09-28T18:52:20","modified_gmt":"2021-09-28T16:52:20","slug":"malopolska-najwiecej-ofert-pracy-dla-fachowcow-remontowo-budowlanych-i-kierowcow","status":"publish","type":"post","link":"https:\/\/www.mojabochnia.pl\/?p=191601","title":{"rendered":"Ma\u0142opolska \u2013 najwi\u0119cej ofert pracy dla fachowc\u00f3w remontowo-budowlanych i kierowc\u00f3w"},"content":{"rendered":"<p><strong>Bardzo du\u017ce zapotrzebowanie na pracownik\u00f3w fizycznych i produkcyjnych jest obecnie zauwa\u017calne w ca\u0142ym kraju. Nie inaczej sytuacja kszta\u0142tuje si\u0119 w naszym regionie. W Ma\u0142opolsce najbardziej poszukiwani s\u0105 pracownicy remontowo-budowlani, kierowcy samochod\u00f3w ci\u0119\u017carowych i ci\u0105gnik\u00f3w siod\u0142owych \u2013<\/strong> <strong>ofert pracy w sektorze transport i spedycja jest obecnie o 57,2 proc. wi\u0119cej ni\u017c rok temu! Spory deficyt dotyczy te\u017c pracownik\u00f3w produkcyjnych. Zainteresowani podj\u0119ciem nowej pracy mieszka\u0144cy naszego regionu mog\u0105 wybiera\u0107 z ponad 10,5 tys. ofert kierowanych do pracownik\u00f3w fizycznych.<\/strong><\/p>\n<p><strong>\u00a0<\/strong><\/p>\n<p><strong><em>Most wanted<\/em> w wojew\u00f3dztwie ma\u0142opolskim<\/strong>W wojew\u00f3dztwie ma\u0142opolskim najbardziej poszukiwanymi obecnie fachowcami (po\u015br\u00f3d zawod\u00f3w fizycznych) s\u0105 pracownicy remontowo-budowlani. Na OLX Praca w lipcu tego roku liczba aktywnych ofert dotycz\u0105cych tej kategorii stanowi\u0142a a\u017c 24 proc. og\u0142osze\u0144 kierowanych do os\u00f3b wykonuj\u0105cych prac\u0119 fizyczn\u0105. W naszym regionie brakuje tak\u017ce pracownik\u00f3w z bran\u017cy transportowo-spedycyjnej, szczeg\u00f3lnie kierowc\u00f3w samochod\u00f3w ci\u0119\u017carowych i ci\u0105gnik\u00f3w siod\u0142owych. (ponad 2,4 tys. ofert). Na trzecim miejscu w\u015br\u00f3d deficytowych zawod\u00f3w uplasowali si\u0119 z kolei pracownicy produkcyjni.<strong><br \/>\n<\/strong><\/p>\n<p><strong>Rekordowe zapotrzebowanie w sektorze produkcyjnym da\u0142o wynik o 57,2 proc. wi\u0119kszy w por\u00f3wnaniu z liczb\u0105 ofert dost\u0119pn\u0105 w ubieg\u0142ym roku<\/strong>. Tylko nieco ni\u017cszy wynik dotyczy natomiast kategorii transport i spedycja. Statystyki ofert pracy w tym obszarze osi\u0105gn\u0119\u0142y imponuj\u0105cy, 57-procentowy wzrost w por\u00f3wnaniu rok do roku. O 30 proc. zwi\u0119kszy\u0142a si\u0119 te\u017c liczba og\u0142osze\u0144 dla fachowc\u00f3w remontowo-budowlanych (\u017ar\u00f3d\u0142o danych: OLX Praca, okres badania: lipiec 2020 \u2013 lipiec 2021).<\/p>\n<p><img loading=\"lazy\" decoding=\"async\" class=\"alignnone size-medium wp-image-191604\" src=\"https:\/\/www.mojabochnia.pl\/wp-content\/uploads\/2021\/09\/Zdj\u0119cie_pracownik-fizyczny-468x312.jpg\" alt=\"\" width=\"468\" height=\"312\" srcset=\"https:\/\/www.mojabochnia.pl\/wp-content\/uploads\/2021\/09\/Zdj\u0119cie_pracownik-fizyczny-468x312.jpg 468w, https:\/\/www.mojabochnia.pl\/wp-content\/uploads\/2021\/09\/Zdj\u0119cie_pracownik-fizyczny-120x80.jpg 120w, https:\/\/www.mojabochnia.pl\/wp-content\/uploads\/2021\/09\/Zdj\u0119cie_pracownik-fizyczny-768x512.jpg 768w, https:\/\/www.mojabochnia.pl\/wp-content\/uploads\/2021\/09\/Zdj\u0119cie_pracownik-fizyczny-1050x700.jpg 1050w, https:\/\/www.mojabochnia.pl\/wp-content\/uploads\/2021\/09\/Zdj\u0119cie_pracownik-fizyczny.jpg 1600w\" sizes=\"auto, (max-width: 468px) 100vw, 468px\" \/><\/p>\n<p><strong>Benefity \u2013 nie tylko dla pracownik\u00f3w biurowych<\/strong><\/p>\n<p><strong>Wed\u0142ug badania zrealizowanego przez SW Research na zlecenie OLX Praca 28 proc. Ma\u0142opolan zdecydowa\u0142oby si\u0119 spr\u00f3bowa\u0107 swoich si\u0142 w pracy spedytora<\/strong>. To zaj\u0119cie presti\u017cowe wed\u0142ug niemal 22 proc. badanych z naszego regionu. Co ciekawe, niemal co pi\u0105ty ankietowany chcia\u0142by tak\u017ce nauczy\u0107 si\u0119 prac remontowo-budowlanych, pomimo \u017ce ponad po\u0142owa ankietowanych (55 proc.) uwa\u017ca to zaj\u0119cia za wymagaj\u0105ce. Za najbardziej niedoceniany zaw\u00f3d spo\u015br\u00f3d profesji badanych przez OLX Praca, uznano natomiast kasjera (blisko 53 proc. odpowiedzi). 46,7 proc. ankietowanych wskaza\u0142o te\u017c, \u017ce pracownicy fizyczni i produkcyjni nie mog\u0105 liczy\u0107 na atrakcyjne benefity. A jak jest w praktyce? Czy potrzeba zatrudnienia idzie w parze z dobrymi warunkami oferowanymi przez pracodawc\u00f3w?<\/p>\n<p>Okazuje si\u0119, \u017ce tak, cho\u0107 nie wszyscy zdaj\u0105 sobie z tego spraw\u0119. Analiza ofert kierowanych do pracownik\u00f3w fizycznych i produkcyjnych pokazuje, \u017ce <strong>coraz cz\u0119\u015bciej na benefity mog\u0105 liczy\u0107 nie tylko pracownicy biurowi, ale tak\u017ce kurierzy, magazynierzy, kasjerzy czy pracownicy produkcyjni.<\/strong> Szkolenia zapewniane s\u0105 m.in. osobom z sektora handlowego, pracuj\u0105cym w sprzeda\u017cy i obs\u0142udze klienta. Prywatn\u0105 opiek\u0105 medyczn\u0105 i pakietami sportowymi pracodawcy z kolei pr\u00f3buj\u0105 zach\u0119ci\u0107 do aplikowania pracownik\u00f3w magazynowych, a premie miesi\u0119czne przewidziane s\u0105 m.in. kasjer\u00f3w i pracownik\u00f3w sklep\u00f3w (\u017ar\u00f3d\u0142o: dane w\u0142asne OLX Praca).<\/p>\n<p><img loading=\"lazy\" decoding=\"async\" class=\"alignnone size-medium wp-image-191603\" src=\"https:\/\/www.mojabochnia.pl\/wp-content\/uploads\/2021\/09\/Infografika_Ma\u0142opolska-468x513.png\" alt=\"\" width=\"468\" height=\"513\" srcset=\"https:\/\/www.mojabochnia.pl\/wp-content\/uploads\/2021\/09\/Infografika_Ma\u0142opolska-468x513.png 468w, https:\/\/www.mojabochnia.pl\/wp-content\/uploads\/2021\/09\/Infografika_Ma\u0142opolska-120x132.png 120w, https:\/\/www.mojabochnia.pl\/wp-content\/uploads\/2021\/09\/Infografika_Ma\u0142opolska-768x843.png 768w, https:\/\/www.mojabochnia.pl\/wp-content\/uploads\/2021\/09\/Infografika_Ma\u0142opolska-1050x1152.png 1050w\" sizes=\"auto, (max-width: 468px) 100vw, 468px\" \/><\/p>\n<p><strong>Du\u017cy deficyt kierowc\u00f3w, blacharzy i dekarzy<\/strong><\/p>\n<p>Cho\u0107 deficyt pracownik\u00f3w fizycznych dotyczy ca\u0142ego kraju, zapotrzebowanie na poszczeg\u00f3lnych fachowc\u00f3w jest zr\u00f3\u017cnicowane terytorialnie. <strong>Jak wskazuj\u0105 dane zebrane przez Barometr Zawod\u00f3w, w Ma\u0142opolsce<\/strong> <strong>zapotrzebowanie na blacharzy i dekarzy jest bardzo du\u017ce \u2013 obejmuje obecnie a\u017c 16 powiat\u00f3w!<\/strong> W naszym wojew\u00f3dztwie liczba ofert pracy w tym sektorze jest zbli\u017cona do liczby os\u00f3b zdolnych i ch\u0119tnych do jej podj\u0119cia tylko w pozosta\u0142ych 6 powiatach, tj.: chrzanowskim, krakowskim, proszowickim, d\u0105browskim, tatrza\u0144skim oraz nowotarskim. Pracownicy rob\u00f3t wyko\u0144czeniowych poszukiwani s\u0105 natomiast szczeg\u00f3lnie w p\u00f3\u0142nocno-zachodniej i centralnej cz\u0119\u015bci regionu. Bez trudu znajd\u0105 tu zatrudnienie osoby z do\u015bwiadczeniem, znaj\u0105ce nowe technologie stosowane w budownictwie (\u017ar\u00f3d\u0142o danych: Barometr Zawod\u00f3w).<strong><br \/>\n<\/strong><\/p>\n<p><strong>Kierowcy samochod\u00f3w ci\u0119\u017carowych i ci\u0105gnik\u00f3w siod\u0142owych poszukiwani s\u0105 obecnie w ca\u0142ym wojew\u00f3dztwie!<\/strong> Zatrudnienie w tym fachu znajd\u0105 kandydaci posiadaj\u0105cy odpowiednie uprawnienia i gotowi do pracy poza miejscem zamieszkania (transport mi\u0119dzynarodowy). Najwi\u0119kszy deficyt pracownik\u00f3w, a wi\u0119c r\u00f3wnie\u017c najwi\u0119kszy wyb\u00f3r ofert pracy z tej kategorii, widoczny jest na p\u00f3\u0142nocy regionu \u2013 w powiatach: olkuskim i miechowskim. Zapotrzebowanie na pracownik\u00f3w produkcyjnych w naszym regionie odnotowano z kolei g\u0142\u00f3wnie w powiatach wadowickim, krakowskim i w Krakowie (\u017ar\u00f3d\u0142o danych: Barometr Zawod\u00f3w).<\/p>\n<p>&nbsp;<\/p>\n<p><strong>Dobry czas na znalezienie pracy<\/strong><\/p>\n<p>Rok 2021 sta\u0142 si\u0119 dobrym czasem na poszukiwanie nowej pracy w deficytowych obecnie zawodach: kierowcy, pracownika produkcyjnego, magazyniera, kasjera czy kuriera. Dane zebrane przez OLX Praca oraz Barometr Zawod\u00f3w pokazuj\u0105, \u017ce zapotrzebowanie na pracownik\u00f3w fizycznych coraz cz\u0119\u015bciej oznacza ich docenienie. Pracodawcy, chc\u0105c wype\u0142ni\u0107 luki kadrowe, oferuj\u0105 atrakcyjniejsze ni\u017c dotychczas warunki pracy, zapewniaj\u0105c najbardziej po\u017c\u0105danym pracownikom m.in. atrakcyjne benefity.<\/p>\n<p>&nbsp;<\/p>\n<p><em>Tekst:\u00a0Cezary Kolasa<\/em><\/p>\n<p>___________<br \/>\n\u0179r\u00f3d\u0142a danych: OLX Praca, Aktywne oferty \u2013 podzia\u0142 na miesi\u0105ce, lata, kategorie oraz wojew\u00f3dztwa, lipiec 2020 \u2013 lipiec 2021; Barometr zawod\u00f3w; badanie zrealizowane przez SW Research na zlecenie OLX Praca, <em>N<\/em> = 1002, Polacy 18+ pracuj\u0105cy zawodowo, wywiady CAWI, przeprowadzone 21\u201324.08.2021 r.; dane w\u0142asne OLX Praca.<\/p>\n<p>&nbsp;<\/p>\n\t  \r\n\t\r\n\t    <div class=\"mb-gallery\">\r\n\t    <a href=\"https:\/\/www.mojabochnia.pl\/?attachment_id=191603\" class=\"\"><img loading=\"lazy\" decoding=\"async\" width=\"100\" height=\"100\" src=\"https:\/\/www.mojabochnia.pl\/wp-content\/uploads\/2021\/09\/Infografika_Ma\u0142opolska-100x100.png\" class=\"attachment-100x100 size-100x100\" alt=\"\" \/><\/a><a href=\"https:\/\/www.mojabochnia.pl\/?attachment_id=191604\" class=\"\"><img loading=\"lazy\" decoding=\"async\" width=\"100\" height=\"100\" src=\"https:\/\/www.mojabochnia.pl\/wp-content\/uploads\/2021\/09\/Zdj\u0119cie_pracownik-fizyczny-100x100.jpg\" class=\"attachment-100x100 size-100x100\" alt=\"\" \/><\/a><a href=\"https:\/\/www.mojabochnia.pl\/?attachment_id=191605\" class=\"\"><img loading=\"lazy\" decoding=\"async\" width=\"100\" height=\"100\" src=\"https:\/\/www.mojabochnia.pl\/wp-content\/uploads\/2021\/09\/Zdj\u0119cie_kierowca-100x100.jpg\" class=\"attachment-100x100 size-100x100\" alt=\"\" \/><\/a>\t    <\/div>\r\n\t    ","protected":false},"excerpt":{"rendered":"<p>Bardzo du\u017ce zapotrzebowanie na pracownik\u00f3w fizycznych i produkcyjnych jest obecnie zauwa\u017calne w ca\u0142ym kraju. Nie inaczej sytuacja kszta\u0142tuje si\u0119 w naszym regionie. W Ma\u0142opolsce najbardziej poszukiwani s\u0105 pracownicy remontowo-budowlani, kierowcy samochod\u00f3w ci\u0119\u017carowych i ci\u0105gnik\u00f3w siod\u0142owych \u2013 ofert pracy w sektorze transport i spedycja jest obecnie o 57,2 proc. wi\u0119cej ni\u017c rok temu! Spory deficyt dotyczy<\/p>\n","protected":false},"author":29,"featured_media":191605,"comment_status":"open","ping_status":"closed","sticky":false,"template":"","format":"standard","meta":{"_acf_changed":false,"footnotes":""},"categories":[6251,6250],"tags":[507,1847],"class_list":["post-191601","post","type-post","status-publish","format-standard","has-post-thumbnail","hentry","category-polityka-i-wydarzenia","category-tematyka","tag-malopolska","tag-zatrudnienie","main_tag-malopolska"],"acf":[],"yoast_head":"<!-- This site is optimized with the Yoast SEO plugin v26.9 - https:\/\/yoast.com\/product\/yoast-seo-wordpress\/ -->\n<title>Ma\u0142opolska \u2013 najwi\u0119cej ofert pracy dla fachowc\u00f3w remontowo-budowlanych i kierowc\u00f3w - mojabochnia.pl - portal informacyjny<\/title>\n<meta name=\"robots\" content=\"index, follow, max-snippet:-1, max-image-preview:large, max-video-preview:-1\" \/>\n<link rel=\"canonical\" href=\"https:\/\/www.mojabochnia.pl\/?p=191601\" \/>\n<meta property=\"og:locale\" content=\"pl_PL\" \/>\n<meta property=\"og:type\" content=\"article\" \/>\n<meta property=\"og:title\" content=\"Ma\u0142opolska \u2013 najwi\u0119cej ofert pracy dla fachowc\u00f3w remontowo-budowlanych i kierowc\u00f3w - mojabochnia.pl - portal informacyjny\" \/>\n<meta property=\"og:description\" content=\"Bardzo du\u017ce zapotrzebowanie na pracownik\u00f3w fizycznych i produkcyjnych jest obecnie zauwa\u017calne w ca\u0142ym kraju. Nie inaczej sytuacja kszta\u0142tuje si\u0119 w naszym regionie. W Ma\u0142opolsce najbardziej poszukiwani s\u0105 pracownicy remontowo-budowlani, kierowcy samochod\u00f3w ci\u0119\u017carowych i ci\u0105gnik\u00f3w siod\u0142owych \u2013 ofert pracy w sektorze transport i spedycja jest obecnie o 57,2 proc. wi\u0119cej ni\u017c rok temu! Spory deficyt dotyczy\" \/>\n<meta property=\"og:url\" content=\"https:\/\/www.mojabochnia.pl\/?p=191601\" \/>\n<meta property=\"og:site_name\" content=\"mojabochnia.pl - portal informacyjny\" \/>\n<meta property=\"article:publisher\" content=\"https:\/\/www.facebook.com\/mojabochnia\" \/>\n<meta property=\"article:published_time\" content=\"2021-09-28T16:52:20+00:00\" \/>\n<meta property=\"og:image\" content=\"https:\/\/www.mojabochnia.pl\/wp-content\/uploads\/2021\/09\/Zdj\u0119cie_kierowca.jpg\" \/>\n\t<meta property=\"og:image:width\" content=\"1600\" \/>\n\t<meta property=\"og:image:height\" content=\"1067\" \/>\n\t<meta property=\"og:image:type\" content=\"image\/jpeg\" \/>\n<meta name=\"author\" content=\"Marcin Kalinowski\" \/>\n<meta name=\"twitter:card\" content=\"summary_large_image\" \/>\n<meta name=\"twitter:label1\" content=\"Written by\" \/>\n\t<meta name=\"twitter:data1\" content=\"Marcin Kalinowski\" \/>\n\t<meta name=\"twitter:label2\" content=\"Est. reading time\" \/>\n\t<meta name=\"twitter:data2\" content=\"4 minuty\" \/>\n<script type=\"application\/ld+json\" class=\"yoast-schema-graph\">{\"@context\":\"https:\/\/schema.org\",\"@graph\":[{\"@type\":\"Article\",\"@id\":\"https:\/\/www.mojabochnia.pl\/?p=191601#article\",\"isPartOf\":{\"@id\":\"https:\/\/www.mojabochnia.pl\/?p=191601\"},\"author\":{\"name\":\"Marcin Kalinowski\",\"@id\":\"https:\/\/www.mojabochnia.pl\/#\/schema\/person\/d4c758656c81ae00e6496831fe7b0792\"},\"headline\":\"Ma\u0142opolska \u2013 najwi\u0119cej ofert pracy dla fachowc\u00f3w remontowo-budowlanych i kierowc\u00f3w\",\"datePublished\":\"2021-09-28T16:52:20+00:00\",\"mainEntityOfPage\":{\"@id\":\"https:\/\/www.mojabochnia.pl\/?p=191601\"},\"wordCount\":855,\"commentCount\":0,\"publisher\":{\"@id\":\"https:\/\/www.mojabochnia.pl\/#organization\"},\"image\":{\"@id\":\"https:\/\/www.mojabochnia.pl\/?p=191601#primaryimage\"},\"thumbnailUrl\":\"https:\/\/www.mojabochnia.pl\/wp-content\/uploads\/2021\/09\/Zdj\u0119cie_kierowca.jpg\",\"keywords\":[\"ma\u0142opolska\",\"zatrudnienie\"],\"articleSection\":[\"polityka i wydarzenia\",\"tematyka\"],\"inLanguage\":\"pl-PL\",\"potentialAction\":[{\"@type\":\"CommentAction\",\"name\":\"Comment\",\"target\":[\"https:\/\/www.mojabochnia.pl\/?p=191601#respond\"]}]},{\"@type\":\"WebPage\",\"@id\":\"https:\/\/www.mojabochnia.pl\/?p=191601\",\"url\":\"https:\/\/www.mojabochnia.pl\/?p=191601\",\"name\":\"Ma\u0142opolska \u2013 najwi\u0119cej ofert pracy dla fachowc\u00f3w remontowo-budowlanych i kierowc\u00f3w - mojabochnia.pl - portal informacyjny\",\"isPartOf\":{\"@id\":\"https:\/\/www.mojabochnia.pl\/#website\"},\"primaryImageOfPage\":{\"@id\":\"https:\/\/www.mojabochnia.pl\/?p=191601#primaryimage\"},\"image\":{\"@id\":\"https:\/\/www.mojabochnia.pl\/?p=191601#primaryimage\"},\"thumbnailUrl\":\"https:\/\/www.mojabochnia.pl\/wp-content\/uploads\/2021\/09\/Zdj\u0119cie_kierowca.jpg\",\"datePublished\":\"2021-09-28T16:52:20+00:00\",\"breadcrumb\":{\"@id\":\"https:\/\/www.mojabochnia.pl\/?p=191601#breadcrumb\"},\"inLanguage\":\"pl-PL\",\"potentialAction\":[{\"@type\":\"ReadAction\",\"target\":[\"https:\/\/www.mojabochnia.pl\/?p=191601\"]}]},{\"@type\":\"ImageObject\",\"inLanguage\":\"pl-PL\",\"@id\":\"https:\/\/www.mojabochnia.pl\/?p=191601#primaryimage\",\"url\":\"https:\/\/www.mojabochnia.pl\/wp-content\/uploads\/2021\/09\/Zdj\u0119cie_kierowca.jpg\",\"contentUrl\":\"https:\/\/www.mojabochnia.pl\/wp-content\/uploads\/2021\/09\/Zdj\u0119cie_kierowca.jpg\",\"width\":1600,\"height\":1067},{\"@type\":\"BreadcrumbList\",\"@id\":\"https:\/\/www.mojabochnia.pl\/?p=191601#breadcrumb\",\"itemListElement\":[{\"@type\":\"ListItem\",\"position\":1,\"name\":\"Home\",\"item\":\"https:\/\/www.mojabochnia.pl\/\"},{\"@type\":\"ListItem\",\"position\":2,\"name\":\"Ma\u0142opolska \u2013 najwi\u0119cej ofert pracy dla fachowc\u00f3w remontowo-budowlanych i kierowc\u00f3w\"}]},{\"@type\":\"WebSite\",\"@id\":\"https:\/\/www.mojabochnia.pl\/#website\",\"url\":\"https:\/\/www.mojabochnia.pl\/\",\"name\":\"mojabochnia.pl - portal informacyjny\",\"description\":\"mojaBochnia to portal informacyjny o Bochni. Codziennie o Bochni piszemy i pokazujemy najwa\u017cniejsze wydarzenia\",\"publisher\":{\"@id\":\"https:\/\/www.mojabochnia.pl\/#organization\"},\"potentialAction\":[{\"@type\":\"SearchAction\",\"target\":{\"@type\":\"EntryPoint\",\"urlTemplate\":\"https:\/\/www.mojabochnia.pl\/?s={search_term_string}\"},\"query-input\":{\"@type\":\"PropertyValueSpecification\",\"valueRequired\":true,\"valueName\":\"search_term_string\"}}],\"inLanguage\":\"pl-PL\"},{\"@type\":\"Organization\",\"@id\":\"https:\/\/www.mojabochnia.pl\/#organization\",\"name\":\"mojabochnia.pl - portal informacyjny\",\"url\":\"https:\/\/www.mojabochnia.pl\/\",\"logo\":{\"@type\":\"ImageObject\",\"inLanguage\":\"pl-PL\",\"@id\":\"https:\/\/www.mojabochnia.pl\/#\/schema\/logo\/image\/\",\"url\":\"https:\/\/www.mojabochnia.pl\/wp-content\/uploads\/2017\/08\/logo-mb-opt.png\",\"contentUrl\":\"https:\/\/www.mojabochnia.pl\/wp-content\/uploads\/2017\/08\/logo-mb-opt.png\",\"width\":250,\"height\":48,\"caption\":\"mojabochnia.pl - portal informacyjny\"},\"image\":{\"@id\":\"https:\/\/www.mojabochnia.pl\/#\/schema\/logo\/image\/\"},\"sameAs\":[\"https:\/\/www.facebook.com\/mojabochnia\"]},{\"@type\":\"Person\",\"@id\":\"https:\/\/www.mojabochnia.pl\/#\/schema\/person\/d4c758656c81ae00e6496831fe7b0792\",\"name\":\"Marcin Kalinowski\",\"url\":\"https:\/\/www.mojabochnia.pl\/?author=29\"}]}<\/script>\n<!-- \/ Yoast SEO plugin. -->","yoast_head_json":{"title":"Ma\u0142opolska \u2013 najwi\u0119cej ofert pracy dla fachowc\u00f3w remontowo-budowlanych i kierowc\u00f3w - mojabochnia.pl - portal informacyjny","robots":{"index":"index","follow":"follow","max-snippet":"max-snippet:-1","max-image-preview":"max-image-preview:large","max-video-preview":"max-video-preview:-1"},"canonical":"https:\/\/www.mojabochnia.pl\/?p=191601","og_locale":"pl_PL","og_type":"article","og_title":"Ma\u0142opolska \u2013 najwi\u0119cej ofert pracy dla fachowc\u00f3w remontowo-budowlanych i kierowc\u00f3w - mojabochnia.pl - portal informacyjny","og_description":"Bardzo du\u017ce zapotrzebowanie na pracownik\u00f3w fizycznych i produkcyjnych jest obecnie zauwa\u017calne w ca\u0142ym kraju. Nie inaczej sytuacja kszta\u0142tuje si\u0119 w naszym regionie. W Ma\u0142opolsce najbardziej poszukiwani s\u0105 pracownicy remontowo-budowlani, kierowcy samochod\u00f3w ci\u0119\u017carowych i ci\u0105gnik\u00f3w siod\u0142owych \u2013 ofert pracy w sektorze transport i spedycja jest obecnie o 57,2 proc. wi\u0119cej ni\u017c rok temu! Spory deficyt dotyczy","og_url":"https:\/\/www.mojabochnia.pl\/?p=191601","og_site_name":"mojabochnia.pl - portal informacyjny","article_publisher":"https:\/\/www.facebook.com\/mojabochnia","article_published_time":"2021-09-28T16:52:20+00:00","og_image":[{"width":1600,"height":1067,"url":"https:\/\/www.mojabochnia.pl\/wp-content\/uploads\/2021\/09\/Zdj\u0119cie_kierowca.jpg","type":"image\/jpeg"}],"author":"Marcin Kalinowski","twitter_card":"summary_large_image","twitter_misc":{"Written by":"Marcin Kalinowski","Est. reading time":"4 minuty"},"schema":{"@context":"https:\/\/schema.org","@graph":[{"@type":"Article","@id":"https:\/\/www.mojabochnia.pl\/?p=191601#article","isPartOf":{"@id":"https:\/\/www.mojabochnia.pl\/?p=191601"},"author":{"name":"Marcin Kalinowski","@id":"https:\/\/www.mojabochnia.pl\/#\/schema\/person\/d4c758656c81ae00e6496831fe7b0792"},"headline":"Ma\u0142opolska \u2013 najwi\u0119cej ofert pracy dla fachowc\u00f3w remontowo-budowlanych i kierowc\u00f3w","datePublished":"2021-09-28T16:52:20+00:00","mainEntityOfPage":{"@id":"https:\/\/www.mojabochnia.pl\/?p=191601"},"wordCount":855,"commentCount":0,"publisher":{"@id":"https:\/\/www.mojabochnia.pl\/#organization"},"image":{"@id":"https:\/\/www.mojabochnia.pl\/?p=191601#primaryimage"},"thumbnailUrl":"https:\/\/www.mojabochnia.pl\/wp-content\/uploads\/2021\/09\/Zdj\u0119cie_kierowca.jpg","keywords":["ma\u0142opolska","zatrudnienie"],"articleSection":["polityka i wydarzenia","tematyka"],"inLanguage":"pl-PL","potentialAction":[{"@type":"CommentAction","name":"Comment","target":["https:\/\/www.mojabochnia.pl\/?p=191601#respond"]}]},{"@type":"WebPage","@id":"https:\/\/www.mojabochnia.pl\/?p=191601","url":"https:\/\/www.mojabochnia.pl\/?p=191601","name":"Ma\u0142opolska \u2013 najwi\u0119cej ofert pracy dla fachowc\u00f3w remontowo-budowlanych i kierowc\u00f3w - mojabochnia.pl - portal informacyjny","isPartOf":{"@id":"https:\/\/www.mojabochnia.pl\/#website"},"primaryImageOfPage":{"@id":"https:\/\/www.mojabochnia.pl\/?p=191601#primaryimage"},"image":{"@id":"https:\/\/www.mojabochnia.pl\/?p=191601#primaryimage"},"thumbnailUrl":"https:\/\/www.mojabochnia.pl\/wp-content\/uploads\/2021\/09\/Zdj\u0119cie_kierowca.jpg","datePublished":"2021-09-28T16:52:20+00:00","breadcrumb":{"@id":"https:\/\/www.mojabochnia.pl\/?p=191601#breadcrumb"},"inLanguage":"pl-PL","potentialAction":[{"@type":"ReadAction","target":["https:\/\/www.mojabochnia.pl\/?p=191601"]}]},{"@type":"ImageObject","inLanguage":"pl-PL","@id":"https:\/\/www.mojabochnia.pl\/?p=191601#primaryimage","url":"https:\/\/www.mojabochnia.pl\/wp-content\/uploads\/2021\/09\/Zdj\u0119cie_kierowca.jpg","contentUrl":"https:\/\/www.mojabochnia.pl\/wp-content\/uploads\/2021\/09\/Zdj\u0119cie_kierowca.jpg","width":1600,"height":1067},{"@type":"BreadcrumbList","@id":"https:\/\/www.mojabochnia.pl\/?p=191601#breadcrumb","itemListElement":[{"@type":"ListItem","position":1,"name":"Home","item":"https:\/\/www.mojabochnia.pl\/"},{"@type":"ListItem","position":2,"name":"Ma\u0142opolska \u2013 najwi\u0119cej ofert pracy dla fachowc\u00f3w remontowo-budowlanych i kierowc\u00f3w"}]},{"@type":"WebSite","@id":"https:\/\/www.mojabochnia.pl\/#website","url":"https:\/\/www.mojabochnia.pl\/","name":"mojabochnia.pl - portal informacyjny","description":"mojaBochnia to portal informacyjny o Bochni. Codziennie o Bochni piszemy i pokazujemy najwa\u017cniejsze wydarzenia","publisher":{"@id":"https:\/\/www.mojabochnia.pl\/#organization"},"potentialAction":[{"@type":"SearchAction","target":{"@type":"EntryPoint","urlTemplate":"https:\/\/www.mojabochnia.pl\/?s={search_term_string}"},"query-input":{"@type":"PropertyValueSpecification","valueRequired":true,"valueName":"search_term_string"}}],"inLanguage":"pl-PL"},{"@type":"Organization","@id":"https:\/\/www.mojabochnia.pl\/#organization","name":"mojabochnia.pl - portal informacyjny","url":"https:\/\/www.mojabochnia.pl\/","logo":{"@type":"ImageObject","inLanguage":"pl-PL","@id":"https:\/\/www.mojabochnia.pl\/#\/schema\/logo\/image\/","url":"https:\/\/www.mojabochnia.pl\/wp-content\/uploads\/2017\/08\/logo-mb-opt.png","contentUrl":"https:\/\/www.mojabochnia.pl\/wp-content\/uploads\/2017\/08\/logo-mb-opt.png","width":250,"height":48,"caption":"mojabochnia.pl - portal informacyjny"},"image":{"@id":"https:\/\/www.mojabochnia.pl\/#\/schema\/logo\/image\/"},"sameAs":["https:\/\/www.facebook.com\/mojabochnia"]},{"@type":"Person","@id":"https:\/\/www.mojabochnia.pl\/#\/schema\/person\/d4c758656c81ae00e6496831fe7b0792","name":"Marcin Kalinowski","url":"https:\/\/www.mojabochnia.pl\/?author=29"}]}},"_links":{"self":[{"href":"https:\/\/www.mojabochnia.pl\/index.php?rest_route=\/wp\/v2\/posts\/191601","targetHints":{"allow":["GET"]}}],"collection":[{"href":"https:\/\/www.mojabochnia.pl\/index.php?rest_route=\/wp\/v2\/posts"}],"about":[{"href":"https:\/\/www.mojabochnia.pl\/index.php?rest_route=\/wp\/v2\/types\/post"}],"author":[{"embeddable":true,"href":"https:\/\/www.mojabochnia.pl\/index.php?rest_route=\/wp\/v2\/users\/29"}],"replies":[{"embeddable":true,"href":"https:\/\/www.mojabochnia.pl\/index.php?rest_route=%2Fwp%2Fv2%2Fcomments&post=191601"}],"version-history":[{"count":1,"href":"https:\/\/www.mojabochnia.pl\/index.php?rest_route=\/wp\/v2\/posts\/191601\/revisions"}],"predecessor-version":[{"id":191606,"href":"https:\/\/www.mojabochnia.pl\/index.php?rest_route=\/wp\/v2\/posts\/191601\/revisions\/191606"}],"wp:featuredmedia":[{"embeddable":true,"href":"https:\/\/www.mojabochnia.pl\/index.php?rest_route=\/wp\/v2\/media\/191605"}],"wp:attachment":[{"href":"https:\/\/www.mojabochnia.pl\/index.php?rest_route=%2Fwp%2Fv2%2Fmedia&parent=191601"}],"wp:term":[{"taxonomy":"category","embeddable":true,"href":"https:\/\/www.mojabochnia.pl\/index.php?rest_route=%2Fwp%2Fv2%2Fcategories&post=191601"},{"taxonomy":"post_tag","embeddable":true,"href":"https:\/\/www.mojabochnia.pl\/index.php?rest_route=%2Fwp%2Fv2%2Ftags&post=191601"}],"curies":[{"name":"wp","href":"https:\/\/api.w.org\/{rel}","templated":true}]}}