{"id":191599,"date":"2021-09-28T16:40:59","date_gmt":"2021-09-28T14:40:59","guid":{"rendered":"https:\/\/www.mojabochnia.pl\/?p=191599"},"modified":"2021-09-28T16:40:59","modified_gmt":"2021-09-28T14:40:59","slug":"szybszy-dojazd-do-autostrady","status":"publish","type":"post","link":"https:\/\/www.mojabochnia.pl\/?p=191599","title":{"rendered":"Szybszy dojazd do autostrady"},"content":{"rendered":"<p class=\"v1MsoNormal\"><strong>Kierowcy mog\u0105 ju\u017c przejecha\u0107 nowym odcinkiem drogi \u0142\u0105cz\u0105cej autostrad\u0119 A4 z Bochni\u0105. W pi\u0105tek oficjalnie otwarto inwestycj\u0119, sfinansowan\u0105 w wi\u0119kszo\u015bci ze \u015brodk\u00f3w pochodz\u0105cych z Unii Europejskiej.<\/strong><\/p>\n<p class=\"v1MsoNormal\">W oficjalnym otwarciu inwestycji uczestniczyli m.in. Stanis\u0142aw Bukowiec Pose\u0142 na sejm na RP, wicemarsza\u0142ek \u0141ukasz Sm\u00f3\u0142ka, Marta Malec-Lech z zarz\u0105du wojew\u00f3dztwa, Piotr Dziurdzia i Krzysztof Nowak Radni Sejmiku Wojew\u00f3dzkiego, Adam Korta Starosta Boche\u0144ski, Burmistrz Miasta Bochnia &#8211; Stefan Kolawi\u0144ski, wicestarosta Ryszard Dro\u017cd\u017cak oraz Rafa\u0142 Rudka i Marek Rudnik z zarz\u0105du powiatu, Katarzyna W\u0119grzyn-Madeja dyrektor ZDW oraz przedstawiciele s\u0105siednich samorz\u0105d\u00f3w i wykonawcy.<\/p>\n<p class=\"v1MsoNormal\">\u2013 Sta\u0142o si\u0119. W ko\u0144cu po wielu latach mo\u017cemy przejecha\u0107 po drodze, kt\u00f3ra docelowo ma po\u0142\u0105czy\u0107 w\u0119ze\u0142 autostradowy z drog\u0105 krajow\u0105 94. Ta inwestycja pokazuje, \u017ce dzia\u0142aj\u0105c wsp\u00f3lnie mo\u017cna sprawnie zrealizowa\u0107 zadania. Dzia\u0142ania samorz\u0105d\u00f3w na przestrzeni kilkunastu lat doprowadzi\u0142y do tego, \u017ce dzisiaj otwieramy t\u0105 drog\u0119 \u2013 m\u00f3wi Starosta Boche\u0144ski Adam Korta.<\/p>\n<p class=\"v1MsoNormal\">\u00a0W ramach zrealizowanego etapu wykonano po\u0142\u0105czenie od w\u0119z\u0142a autostradowego z Bochni do ul. Krzeczowskiej. Wybudowano ca\u0142kowicie now\u0105 drog\u0119 klasy G wraz z niezb\u0119dn\u0105 infrastruktur\u0105 techniczn\u0105. Powsta\u0142y dwa ronda na skrzy\u017cowaniu z ul. Smyk\u00f3w i z ul. Krzeczowsk\u0105, mosty i przepust nad rowami melioracyjnymi oraz \u015bcie\u017cka rowerowa.<\/p>\n<p class=\"v1MsoNormal\">\u0141\u0105czna warto\u015b\u0107 inwestycji wynios\u0142a ponad 41,5 miliona z\u0142otych. Zadanie w 95% by\u0142o dofinansowane ze \u015brodk\u00f3w Unii Europejskiej &#8211; blisko 37,5 mln z\u0142 oraz z Bud\u017cetu Pa\u0144stwa &#8211; prawie 4 mln z\u0142. Pozosta\u0142e \u015brodki zosta\u0142y pokryte z Bud\u017cetu Wojew\u00f3dztwa, Powiatu Boche\u0144skiego i Miasta Bochni.<\/p>\n","protected":false},"excerpt":{"rendered":"<p>Kierowcy mog\u0105 ju\u017c przejecha\u0107 nowym odcinkiem drogi \u0142\u0105cz\u0105cej autostrad\u0119 A4 z Bochni\u0105. W pi\u0105tek oficjalnie otwarto inwestycj\u0119, sfinansowan\u0105 w wi\u0119kszo\u015bci ze \u015brodk\u00f3w pochodz\u0105cych z Unii Europejskiej. W oficjalnym otwarciu inwestycji uczestniczyli m.in. Stanis\u0142aw Bukowiec Pose\u0142 na sejm na RP, wicemarsza\u0142ek \u0141ukasz Sm\u00f3\u0142ka, Marta Malec-Lech z zarz\u0105du wojew\u00f3dztwa, Piotr Dziurdzia i Krzysztof Nowak Radni Sejmiku Wojew\u00f3dzkiego,<\/p>\n","protected":false},"author":29,"featured_media":191572,"comment_status":"open","ping_status":"closed","sticky":false,"template":"","format":"standard","meta":{"_acf_changed":false,"footnotes":""},"categories":[6251,6250],"tags":[21120,17269,17225,15925,17127],"class_list":["post-191599","post","type-post","status-publish","format-standard","has-post-thumbnail","hentry","category-polityka-i-wydarzenia","category-tematyka","tag-autostrada-a4","tag-bochnia","tag-gmina-bochnia","tag-lacznik-autostradowy","tag-powiat-bochenski","main_tag-powiat-bochenski"],"acf":[],"yoast_head":"<!-- This site is optimized with the Yoast SEO plugin v26.9 - https:\/\/yoast.com\/product\/yoast-seo-wordpress\/ -->\n<title>Szybszy dojazd do autostrady - mojabochnia.pl - portal informacyjny<\/title>\n<meta name=\"robots\" content=\"index, follow, max-snippet:-1, max-image-preview:large, max-video-preview:-1\" \/>\n<link rel=\"canonical\" href=\"https:\/\/www.mojabochnia.pl\/?p=191599\" \/>\n<meta property=\"og:locale\" content=\"pl_PL\" \/>\n<meta property=\"og:type\" content=\"article\" \/>\n<meta property=\"og:title\" content=\"Szybszy dojazd do autostrady - mojabochnia.pl - portal informacyjny\" \/>\n<meta property=\"og:description\" content=\"Kierowcy mog\u0105 ju\u017c przejecha\u0107 nowym odcinkiem drogi \u0142\u0105cz\u0105cej autostrad\u0119 A4 z Bochni\u0105. W pi\u0105tek oficjalnie otwarto inwestycj\u0119, sfinansowan\u0105 w wi\u0119kszo\u015bci ze \u015brodk\u00f3w pochodz\u0105cych z Unii Europejskiej. W oficjalnym otwarciu inwestycji uczestniczyli m.in. Stanis\u0142aw Bukowiec Pose\u0142 na sejm na RP, wicemarsza\u0142ek \u0141ukasz Sm\u00f3\u0142ka, Marta Malec-Lech z zarz\u0105du wojew\u00f3dztwa, Piotr Dziurdzia i Krzysztof Nowak Radni Sejmiku Wojew\u00f3dzkiego,\" \/>\n<meta property=\"og:url\" content=\"https:\/\/www.mojabochnia.pl\/?p=191599\" \/>\n<meta property=\"og:site_name\" content=\"mojabochnia.pl - portal informacyjny\" \/>\n<meta property=\"article:publisher\" content=\"https:\/\/www.facebook.com\/mojabochnia\" \/>\n<meta property=\"article:published_time\" content=\"2021-09-28T14:40:59+00:00\" \/>\n<meta property=\"og:image\" content=\"https:\/\/www.mojabochnia.pl\/wp-content\/uploads\/2021\/09\/01-1.jpg\" \/>\n\t<meta property=\"og:image:width\" content=\"1500\" \/>\n\t<meta property=\"og:image:height\" content=\"1000\" \/>\n\t<meta property=\"og:image:type\" content=\"image\/jpeg\" \/>\n<meta name=\"author\" content=\"Marcin Kalinowski\" \/>\n<meta name=\"twitter:card\" content=\"summary_large_image\" \/>\n<meta name=\"twitter:label1\" content=\"Written by\" \/>\n\t<meta name=\"twitter:data1\" content=\"Marcin Kalinowski\" \/>\n\t<meta name=\"twitter:label2\" content=\"Est. reading time\" \/>\n\t<meta name=\"twitter:data2\" content=\"1 minuta\" \/>\n<script type=\"application\/ld+json\" class=\"yoast-schema-graph\">{\"@context\":\"https:\/\/schema.org\",\"@graph\":[{\"@type\":\"Article\",\"@id\":\"https:\/\/www.mojabochnia.pl\/?p=191599#article\",\"isPartOf\":{\"@id\":\"https:\/\/www.mojabochnia.pl\/?p=191599\"},\"author\":{\"name\":\"Marcin Kalinowski\",\"@id\":\"https:\/\/www.mojabochnia.pl\/#\/schema\/person\/d4c758656c81ae00e6496831fe7b0792\"},\"headline\":\"Szybszy dojazd do autostrady\",\"datePublished\":\"2021-09-28T14:40:59+00:00\",\"mainEntityOfPage\":{\"@id\":\"https:\/\/www.mojabochnia.pl\/?p=191599\"},\"wordCount\":283,\"commentCount\":0,\"publisher\":{\"@id\":\"https:\/\/www.mojabochnia.pl\/#organization\"},\"image\":{\"@id\":\"https:\/\/www.mojabochnia.pl\/?p=191599#primaryimage\"},\"thumbnailUrl\":\"https:\/\/www.mojabochnia.pl\/wp-content\/uploads\/2021\/09\/01-1.jpg\",\"keywords\":[\"autostrada A4\",\"bochnia\",\"gmina bochnia\",\"\u0142\u0105cznik autostradowy\",\"powiat boche\u0144ski\"],\"articleSection\":[\"polityka i wydarzenia\",\"tematyka\"],\"inLanguage\":\"pl-PL\",\"potentialAction\":[{\"@type\":\"CommentAction\",\"name\":\"Comment\",\"target\":[\"https:\/\/www.mojabochnia.pl\/?p=191599#respond\"]}]},{\"@type\":\"WebPage\",\"@id\":\"https:\/\/www.mojabochnia.pl\/?p=191599\",\"url\":\"https:\/\/www.mojabochnia.pl\/?p=191599\",\"name\":\"Szybszy dojazd do autostrady - mojabochnia.pl - portal informacyjny\",\"isPartOf\":{\"@id\":\"https:\/\/www.mojabochnia.pl\/#website\"},\"primaryImageOfPage\":{\"@id\":\"https:\/\/www.mojabochnia.pl\/?p=191599#primaryimage\"},\"image\":{\"@id\":\"https:\/\/www.mojabochnia.pl\/?p=191599#primaryimage\"},\"thumbnailUrl\":\"https:\/\/www.mojabochnia.pl\/wp-content\/uploads\/2021\/09\/01-1.jpg\",\"datePublished\":\"2021-09-28T14:40:59+00:00\",\"breadcrumb\":{\"@id\":\"https:\/\/www.mojabochnia.pl\/?p=191599#breadcrumb\"},\"inLanguage\":\"pl-PL\",\"potentialAction\":[{\"@type\":\"ReadAction\",\"target\":[\"https:\/\/www.mojabochnia.pl\/?p=191599\"]}]},{\"@type\":\"ImageObject\",\"inLanguage\":\"pl-PL\",\"@id\":\"https:\/\/www.mojabochnia.pl\/?p=191599#primaryimage\",\"url\":\"https:\/\/www.mojabochnia.pl\/wp-content\/uploads\/2021\/09\/01-1.jpg\",\"contentUrl\":\"https:\/\/www.mojabochnia.pl\/wp-content\/uploads\/2021\/09\/01-1.jpg\",\"width\":1500,\"height\":1000},{\"@type\":\"BreadcrumbList\",\"@id\":\"https:\/\/www.mojabochnia.pl\/?p=191599#breadcrumb\",\"itemListElement\":[{\"@type\":\"ListItem\",\"position\":1,\"name\":\"Home\",\"item\":\"https:\/\/www.mojabochnia.pl\/\"},{\"@type\":\"ListItem\",\"position\":2,\"name\":\"Szybszy dojazd do autostrady\"}]},{\"@type\":\"WebSite\",\"@id\":\"https:\/\/www.mojabochnia.pl\/#website\",\"url\":\"https:\/\/www.mojabochnia.pl\/\",\"name\":\"mojabochnia.pl - portal informacyjny\",\"description\":\"mojaBochnia to portal informacyjny o Bochni. Codziennie o Bochni piszemy i pokazujemy najwa\u017cniejsze wydarzenia\",\"publisher\":{\"@id\":\"https:\/\/www.mojabochnia.pl\/#organization\"},\"potentialAction\":[{\"@type\":\"SearchAction\",\"target\":{\"@type\":\"EntryPoint\",\"urlTemplate\":\"https:\/\/www.mojabochnia.pl\/?s={search_term_string}\"},\"query-input\":{\"@type\":\"PropertyValueSpecification\",\"valueRequired\":true,\"valueName\":\"search_term_string\"}}],\"inLanguage\":\"pl-PL\"},{\"@type\":\"Organization\",\"@id\":\"https:\/\/www.mojabochnia.pl\/#organization\",\"name\":\"mojabochnia.pl - portal informacyjny\",\"url\":\"https:\/\/www.mojabochnia.pl\/\",\"logo\":{\"@type\":\"ImageObject\",\"inLanguage\":\"pl-PL\",\"@id\":\"https:\/\/www.mojabochnia.pl\/#\/schema\/logo\/image\/\",\"url\":\"https:\/\/www.mojabochnia.pl\/wp-content\/uploads\/2017\/08\/logo-mb-opt.png\",\"contentUrl\":\"https:\/\/www.mojabochnia.pl\/wp-content\/uploads\/2017\/08\/logo-mb-opt.png\",\"width\":250,\"height\":48,\"caption\":\"mojabochnia.pl - portal informacyjny\"},\"image\":{\"@id\":\"https:\/\/www.mojabochnia.pl\/#\/schema\/logo\/image\/\"},\"sameAs\":[\"https:\/\/www.facebook.com\/mojabochnia\"]},{\"@type\":\"Person\",\"@id\":\"https:\/\/www.mojabochnia.pl\/#\/schema\/person\/d4c758656c81ae00e6496831fe7b0792\",\"name\":\"Marcin Kalinowski\",\"url\":\"https:\/\/www.mojabochnia.pl\/?author=29\"}]}<\/script>\n<!-- \/ Yoast SEO plugin. -->","yoast_head_json":{"title":"Szybszy dojazd do autostrady - mojabochnia.pl - portal informacyjny","robots":{"index":"index","follow":"follow","max-snippet":"max-snippet:-1","max-image-preview":"max-image-preview:large","max-video-preview":"max-video-preview:-1"},"canonical":"https:\/\/www.mojabochnia.pl\/?p=191599","og_locale":"pl_PL","og_type":"article","og_title":"Szybszy dojazd do autostrady - mojabochnia.pl - portal informacyjny","og_description":"Kierowcy mog\u0105 ju\u017c przejecha\u0107 nowym odcinkiem drogi \u0142\u0105cz\u0105cej autostrad\u0119 A4 z Bochni\u0105. W pi\u0105tek oficjalnie otwarto inwestycj\u0119, sfinansowan\u0105 w wi\u0119kszo\u015bci ze \u015brodk\u00f3w pochodz\u0105cych z Unii Europejskiej. W oficjalnym otwarciu inwestycji uczestniczyli m.in. Stanis\u0142aw Bukowiec Pose\u0142 na sejm na RP, wicemarsza\u0142ek \u0141ukasz Sm\u00f3\u0142ka, Marta Malec-Lech z zarz\u0105du wojew\u00f3dztwa, Piotr Dziurdzia i Krzysztof Nowak Radni Sejmiku Wojew\u00f3dzkiego,","og_url":"https:\/\/www.mojabochnia.pl\/?p=191599","og_site_name":"mojabochnia.pl - portal informacyjny","article_publisher":"https:\/\/www.facebook.com\/mojabochnia","article_published_time":"2021-09-28T14:40:59+00:00","og_image":[{"width":1500,"height":1000,"url":"https:\/\/www.mojabochnia.pl\/wp-content\/uploads\/2021\/09\/01-1.jpg","type":"image\/jpeg"}],"author":"Marcin Kalinowski","twitter_card":"summary_large_image","twitter_misc":{"Written by":"Marcin Kalinowski","Est. reading time":"1 minuta"},"schema":{"@context":"https:\/\/schema.org","@graph":[{"@type":"Article","@id":"https:\/\/www.mojabochnia.pl\/?p=191599#article","isPartOf":{"@id":"https:\/\/www.mojabochnia.pl\/?p=191599"},"author":{"name":"Marcin Kalinowski","@id":"https:\/\/www.mojabochnia.pl\/#\/schema\/person\/d4c758656c81ae00e6496831fe7b0792"},"headline":"Szybszy dojazd do autostrady","datePublished":"2021-09-28T14:40:59+00:00","mainEntityOfPage":{"@id":"https:\/\/www.mojabochnia.pl\/?p=191599"},"wordCount":283,"commentCount":0,"publisher":{"@id":"https:\/\/www.mojabochnia.pl\/#organization"},"image":{"@id":"https:\/\/www.mojabochnia.pl\/?p=191599#primaryimage"},"thumbnailUrl":"https:\/\/www.mojabochnia.pl\/wp-content\/uploads\/2021\/09\/01-1.jpg","keywords":["autostrada A4","bochnia","gmina bochnia","\u0142\u0105cznik autostradowy","powiat boche\u0144ski"],"articleSection":["polityka i wydarzenia","tematyka"],"inLanguage":"pl-PL","potentialAction":[{"@type":"CommentAction","name":"Comment","target":["https:\/\/www.mojabochnia.pl\/?p=191599#respond"]}]},{"@type":"WebPage","@id":"https:\/\/www.mojabochnia.pl\/?p=191599","url":"https:\/\/www.mojabochnia.pl\/?p=191599","name":"Szybszy dojazd do autostrady - mojabochnia.pl - portal informacyjny","isPartOf":{"@id":"https:\/\/www.mojabochnia.pl\/#website"},"primaryImageOfPage":{"@id":"https:\/\/www.mojabochnia.pl\/?p=191599#primaryimage"},"image":{"@id":"https:\/\/www.mojabochnia.pl\/?p=191599#primaryimage"},"thumbnailUrl":"https:\/\/www.mojabochnia.pl\/wp-content\/uploads\/2021\/09\/01-1.jpg","datePublished":"2021-09-28T14:40:59+00:00","breadcrumb":{"@id":"https:\/\/www.mojabochnia.pl\/?p=191599#breadcrumb"},"inLanguage":"pl-PL","potentialAction":[{"@type":"ReadAction","target":["https:\/\/www.mojabochnia.pl\/?p=191599"]}]},{"@type":"ImageObject","inLanguage":"pl-PL","@id":"https:\/\/www.mojabochnia.pl\/?p=191599#primaryimage","url":"https:\/\/www.mojabochnia.pl\/wp-content\/uploads\/2021\/09\/01-1.jpg","contentUrl":"https:\/\/www.mojabochnia.pl\/wp-content\/uploads\/2021\/09\/01-1.jpg","width":1500,"height":1000},{"@type":"BreadcrumbList","@id":"https:\/\/www.mojabochnia.pl\/?p=191599#breadcrumb","itemListElement":[{"@type":"ListItem","position":1,"name":"Home","item":"https:\/\/www.mojabochnia.pl\/"},{"@type":"ListItem","position":2,"name":"Szybszy dojazd do autostrady"}]},{"@type":"WebSite","@id":"https:\/\/www.mojabochnia.pl\/#website","url":"https:\/\/www.mojabochnia.pl\/","name":"mojabochnia.pl - portal informacyjny","description":"mojaBochnia to portal informacyjny o Bochni. Codziennie o Bochni piszemy i pokazujemy najwa\u017cniejsze wydarzenia","publisher":{"@id":"https:\/\/www.mojabochnia.pl\/#organization"},"potentialAction":[{"@type":"SearchAction","target":{"@type":"EntryPoint","urlTemplate":"https:\/\/www.mojabochnia.pl\/?s={search_term_string}"},"query-input":{"@type":"PropertyValueSpecification","valueRequired":true,"valueName":"search_term_string"}}],"inLanguage":"pl-PL"},{"@type":"Organization","@id":"https:\/\/www.mojabochnia.pl\/#organization","name":"mojabochnia.pl - portal informacyjny","url":"https:\/\/www.mojabochnia.pl\/","logo":{"@type":"ImageObject","inLanguage":"pl-PL","@id":"https:\/\/www.mojabochnia.pl\/#\/schema\/logo\/image\/","url":"https:\/\/www.mojabochnia.pl\/wp-content\/uploads\/2017\/08\/logo-mb-opt.png","contentUrl":"https:\/\/www.mojabochnia.pl\/wp-content\/uploads\/2017\/08\/logo-mb-opt.png","width":250,"height":48,"caption":"mojabochnia.pl - portal informacyjny"},"image":{"@id":"https:\/\/www.mojabochnia.pl\/#\/schema\/logo\/image\/"},"sameAs":["https:\/\/www.facebook.com\/mojabochnia"]},{"@type":"Person","@id":"https:\/\/www.mojabochnia.pl\/#\/schema\/person\/d4c758656c81ae00e6496831fe7b0792","name":"Marcin Kalinowski","url":"https:\/\/www.mojabochnia.pl\/?author=29"}]}},"_links":{"self":[{"href":"https:\/\/www.mojabochnia.pl\/index.php?rest_route=\/wp\/v2\/posts\/191599","targetHints":{"allow":["GET"]}}],"collection":[{"href":"https:\/\/www.mojabochnia.pl\/index.php?rest_route=\/wp\/v2\/posts"}],"about":[{"href":"https:\/\/www.mojabochnia.pl\/index.php?rest_route=\/wp\/v2\/types\/post"}],"author":[{"embeddable":true,"href":"https:\/\/www.mojabochnia.pl\/index.php?rest_route=\/wp\/v2\/users\/29"}],"replies":[{"embeddable":true,"href":"https:\/\/www.mojabochnia.pl\/index.php?rest_route=%2Fwp%2Fv2%2Fcomments&post=191599"}],"version-history":[{"count":1,"href":"https:\/\/www.mojabochnia.pl\/index.php?rest_route=\/wp\/v2\/posts\/191599\/revisions"}],"predecessor-version":[{"id":191600,"href":"https:\/\/www.mojabochnia.pl\/index.php?rest_route=\/wp\/v2\/posts\/191599\/revisions\/191600"}],"wp:featuredmedia":[{"embeddable":true,"href":"https:\/\/www.mojabochnia.pl\/index.php?rest_route=\/wp\/v2\/media\/191572"}],"wp:attachment":[{"href":"https:\/\/www.mojabochnia.pl\/index.php?rest_route=%2Fwp%2Fv2%2Fmedia&parent=191599"}],"wp:term":[{"taxonomy":"category","embeddable":true,"href":"https:\/\/www.mojabochnia.pl\/index.php?rest_route=%2Fwp%2Fv2%2Fcategories&post=191599"},{"taxonomy":"post_tag","embeddable":true,"href":"https:\/\/www.mojabochnia.pl\/index.php?rest_route=%2Fwp%2Fv2%2Ftags&post=191599"}],"curies":[{"name":"wp","href":"https:\/\/api.w.org\/{rel}","templated":true}]}}