{"id":190823,"date":"2021-08-10T22:00:07","date_gmt":"2021-08-10T20:00:07","guid":{"rendered":"https:\/\/www.mojabochnia.pl\/?p=190823"},"modified":"2021-08-14T22:01:05","modified_gmt":"2021-08-14T20:01:05","slug":"szkodliwe-suche-powietrze-w-domu-zima-sprawdz-jak-sie-chronic","status":"publish","type":"post","link":"https:\/\/www.mojabochnia.pl\/?p=190823","title":{"rendered":"Szkodliwe, suche powietrze w domu zim\u0105, sprawd\u017a jak si\u0119 chroni\u0107!"},"content":{"rendered":"<h2>Mro\u017ana zima trwa, wi\u0119c ogrzewamy dom r\u00f3wnocze\u015bnie zmniejszaj\u0105c wilgotno\u015b\u0107 i\u00a0 pog\u0142\u0119biaj\u0105c problem suchego powietrza w mieszkaniu. Nawil\u017caj powietrze i zapobiegaj wielu gro\u017anym chorobom. Sprawd\u017a jak najlepiej si\u0119 chroni\u0107.<\/h2>\n<p>&nbsp;<\/p>\n<h3>Co nam szkodzi zim\u0105?<\/h3>\n<p>Jesie\u0144 i zima to okres grzewczy &#8211; przez pogod\u0119 sp\u0119dzamy wi\u0119cej czasu w mieszkaniu, w kt\u00f3rym powietrze mo\u017ce by\u0107 o nawet 70% bardziej zanieczyszczone ni\u017c to poza nim!<\/p>\n<h4>Sk\u0105d taka r\u00f3\u017cnica?<\/h4>\n<p>Na du\u017ce zanieczyszczenie powietrza wp\u0142yw ma przede wszystkim ogrzewanie domu piecem czy kominkiem, podczas kt\u00f3rego powstaj\u0105 szkodliwe spaliny pogarszaj\u0105ce jako\u015b\u0107 powietrza w mieszkaniu i poza nim. Trafiaj\u0105 te\u017c do atmosfery tworz\u0105c smog.<\/p>\n<h4>Czym jest smog?<\/h4>\n<p>To gro\u017ana dla zdrowia i \u017cycia mg\u0142a po\u0142\u0105czona z dymem (smog &#8211; dym, fog &#8211; mg\u0142a) z piec\u00f3w, komink\u00f3w, fabryk i samochod\u00f3w. W sk\u0142adzie smogu znajduje si\u0119 r\u00f3wnie\u017c siarka i azot.<\/p>\n<h4>Zimowe wieczory ch\u0119tnie sp\u0119dzamy w domu przy pachn\u0105cych \u015bwiecach zapachowych, czy s\u0105 bezpieczne?<\/h4>\n<p>Niestety wydzielaj\u0105 zanieczyszczenia por\u00f3wnywalne do zanieczyszcze\u0144 z rury wydechowej. Generuj\u0105 benzen, toluen i rakotw\u00f3rczy formaldehyd. Najwi\u0119cej szkodliwych zwi\u0105zk\u00f3w powstaje ze \u015bwiec zapachowych i kolorowych, a a\u017c 100 razy wi\u0119cej szkodliwych zwi\u0105zk\u00f3w wydzielaj\u0105 kadzid\u0142a. Dlatego najlepiej wymieni\u0107 zwyk\u0142e \u015bwiece na te z woskiem sojowym. S\u0105 zdrowsze i r\u00f3wnie relaksuj\u0105ce!<\/p>\n<h1><\/h1>\n<h2>Prawid\u0142owa wentylacja jest bardzo wa\u017cna<\/h2>\n<p>Podczas ogrzewania domu bardzo wa\u017cna jest prawid\u0142owa wentylacja i zachowanie odpowiedniej temperatury i wilgotno\u015bci. <strong>Za norm\u0119 uznaje si\u0119 wilgotno\u015b\u0107 powy\u017cej 40% i nie przekraczaj\u0105c\u0105 60%<\/strong>, a najkorzystniejsz\u0105 temperatur\u0105 dla zdrowia jest 22 st. C. Ciep\u0142e powietrze podczas ogrzewania mo\u017ce drastycznie wysuszy\u0107 powietrze w mieszkaniu, dlatego nale\u017cy cz\u0119sto otwiera\u0107 okna lub je uszczelni\u0107 najlepiej podczas opad\u00f3w \u015bniegu lub deszczu.<\/p>\n<p>Wilgotne powietrze z zewn\u0105trz szybko nawil\u017cy suche powietrze w mieszkaniu. Objawem nieodpowiedniej wentylacji jest skraplanie si\u0119 wody na szybie okna zw\u0142aszcza po nocy. Za wysoka wilgotno\u015b\u0107 r\u00f3wnie\u017c jest bardzo szkodliwa dla zdrowia.<\/p>\n<h1><\/h1>\n<h2>Jakie s\u0105 skutki suchego powietrza?<\/h2>\n<p>Niska wilgotno\u015b\u0107 powoduje, \u017ce zanieczyszczenia smogowe w mieszkaniu, kt\u00f3re zostan\u0105 wpuszczone przez okno przedostaj\u0105 si\u0119 do organizmu cz\u0142owieka, a kurz \u0142atwiej si\u0119 unosi, nast\u0119pnie dostaje si\u0119 do naszych dr\u00f3g oddechowych.<\/p>\n<p>&nbsp;<\/p>\n<p>Suche powietrze przyczynia si\u0119 do powstawania objaw\u00f3w podobnych przy grypie, przezi\u0119bieniu i alergii.<\/p>\n<h4>Suche powietrze powoduje:<\/h4>\n<ul>\n<li>problemy z oddychaniem,<\/li>\n<li>cz\u0119stsze problemy z infekcjami g\u00f3rnych dr\u00f3g oddechowych,<\/li>\n<li>wysuszenie b\u0142on \u015bluzowych,<\/li>\n<li>problemy z zatokami,<\/li>\n<li>podra\u017cnienie i zaczerwienienie oczu,<\/li>\n<li>wysuszenie sk\u00f3ry i w\u0142os\u00f3w<\/li>\n<\/ul>\n<p>&nbsp;<\/p>\n<p>Pami\u0119taj o odpowiednim nawadnianiu si\u0119 i piciu wody przynajmniej 1,5 litra dziennie i unikaniu podra\u017cnienia nask\u00f3rka np. poprzez d\u0142ugie gor\u0105ce k\u0105piele w wannie.<\/p>\n<h1><\/h1>\n<h2>Jak zadba\u0107 o odpowiednie nawil\u017cenie i oczyszczenie powietrza?<\/h2>\n<h3>Kup dobry, bezpieczny dla zdrowia nawil\u017cacz powietrza! Czyli jaki?<\/h3>\n<p><strong>Skutecznym sposobem na zwi\u0119kszenie wilgotno\u015bci w mieszkaniu jest <\/strong><a onclick=\"javascript:pageTracker._trackPageview('\/outgoing\/wybierzoczyszczacz.pl\/poradniki\/zdrowe-nawilzacze-powietrza-ranking\/');\"  href=\"https:\/\/wybierzoczyszczacz.pl\/poradniki\/zdrowe-nawilzacze-powietrza-ranking\/\"><strong>nawil\u017cacz powietrza<\/strong><\/a>, najlepiej wybra\u0107 taki, kt\u00f3rego dzia\u0142anie oparte jest na naturalnej metodzie nawil\u017cania- ewaporacji, czyli naturalnym odparowywaniu wody to tzw. nawil\u017cacz ewaporacyjny. Je\u015bli zanieczyszczenie w Twoim domu jest bardzo du\u017ce i chcesz zadba\u0107 o kompleksow\u0105 ochron\u0119 zdrowia to rozwa\u017c zakup urz\u0105dzenia 2w1 czyli oczyszczacza powietrza z nawil\u017caczem. Poradnik jaki wybra\u0107: <a onclick=\"javascript:pageTracker._trackPageview('\/outgoing\/wybierzoczyszczacz.pl\/poradniki\/oczyszczacz-powietrza-z-nawilzaczem\/');\"  href=\"https:\/\/wybierzoczyszczacz.pl\/poradniki\/oczyszczacz-powietrza-z-nawilzaczem\/\"><strong>https:\/\/wybierzoczyszczacz.pl\/poradniki\/oczyszczacz-powietrza-z-nawilzaczem\/<\/strong><\/a><\/p>\n<h3>Ostro\u017cnie z nawil\u017caczem ultrad\u017awi\u0119kowym!<\/h3>\n<p>Sklepy oferuj\u0105 r\u00f3wnie\u017c ta\u0144sze ultrad\u017awi\u0119kowe nawil\u017cacze powietrza o r\u00f3\u017cnych kszta\u0142tach, rozmiarach i wzorach. Takie nawil\u017cacze dzia\u0142aj\u0105 na zasadzie ultrad\u017awi\u0119k\u00f3w i nios\u0105 za sob\u0105 pewne zagro\u017cenie. Przy nieodpowiednim u\u017cywaniu jest szkodliwy dla zdrowia. Jak pozna\u0107, \u017ce nawil\u017cacz jest szkodliwy? Obserwuj czy na pod\u0142odze i meblach nie pojawia si\u0119 bia\u0142y osad powstaj\u0105cy z rozbitych przez ultrad\u017awi\u0119ki cz\u0105steczek chemicznych z wody kranowej, kt\u00f3re trafiaj\u0105 do uk\u0142adu oddechowego. Aby temu zapobiec u\u017cywaj wod\u0119 destylowan\u0105 lub po odwr\u00f3conej osmozie.<\/p>\n<h3>Hoduj ro\u015bliny doniczkowe<\/h3>\n<p>Kwiaty s\u0105 naturalnym nawil\u017caczem i od\u015bwie\u017caczem powietrza. Poch\u0142aniaj\u0105 dwutlenek w\u0119gla i dostarczaj\u0105 tlen. Usuwaj\u0105 formaldehyd, dym, tr\u00f3jchloroetylen, benzen i aceton. Do oczyszczania i nawil\u017cania powietrza w mieszkaniu sprawdzi si\u0119 m.in paprotka, skrzyd\u0142okwiat czy zielistka.<\/p>\n","protected":false},"excerpt":{"rendered":"<p>Mro\u017ana zima trwa, wi\u0119c ogrzewamy dom r\u00f3wnocze\u015bnie zmniejszaj\u0105c wilgotno\u015b\u0107 i\u00a0 pog\u0142\u0119biaj\u0105c problem suchego powietrza w mieszkaniu. Nawil\u017caj powietrze i zapobiegaj wielu gro\u017anym chorobom. Sprawd\u017a jak najlepiej si\u0119 chroni\u0107. &nbsp; Co nam szkodzi zim\u0105? Jesie\u0144 i zima to okres grzewczy &#8211; przez pogod\u0119 sp\u0119dzamy wi\u0119cej czasu w mieszkaniu, w kt\u00f3rym powietrze mo\u017ce by\u0107 o nawet 70%<\/p>\n","protected":false},"author":1,"featured_media":190825,"comment_status":"open","ping_status":"closed","sticky":false,"template":"","format":"standard","meta":{"_acf_changed":false,"footnotes":""},"categories":[5,6251,6250],"tags":[20917],"class_list":["post-190823","post","type-post","status-publish","format-standard","has-post-thumbnail","hentry","category-biezace-wydarzenia","category-polityka-i-wydarzenia","category-tematyka","tag-tekst-sponsorowany","main_tag-tekst-sponsorowany"],"acf":[],"yoast_head":"<!-- This site is optimized with the Yoast SEO plugin v26.9 - https:\/\/yoast.com\/product\/yoast-seo-wordpress\/ -->\n<title>Szkodliwe, suche powietrze w domu zim\u0105, sprawd\u017a jak si\u0119 chroni\u0107! - mojabochnia.pl - portal informacyjny<\/title>\n<meta name=\"robots\" content=\"index, follow, max-snippet:-1, max-image-preview:large, max-video-preview:-1\" \/>\n<link rel=\"canonical\" href=\"https:\/\/www.mojabochnia.pl\/?p=190823\" \/>\n<meta property=\"og:locale\" content=\"pl_PL\" \/>\n<meta property=\"og:type\" content=\"article\" \/>\n<meta property=\"og:title\" content=\"Szkodliwe, suche powietrze w domu zim\u0105, sprawd\u017a jak si\u0119 chroni\u0107! - mojabochnia.pl - portal informacyjny\" \/>\n<meta property=\"og:description\" content=\"Mro\u017ana zima trwa, wi\u0119c ogrzewamy dom r\u00f3wnocze\u015bnie zmniejszaj\u0105c wilgotno\u015b\u0107 i\u00a0 pog\u0142\u0119biaj\u0105c problem suchego powietrza w mieszkaniu. Nawil\u017caj powietrze i zapobiegaj wielu gro\u017anym chorobom. Sprawd\u017a jak najlepiej si\u0119 chroni\u0107. &nbsp; Co nam szkodzi zim\u0105? Jesie\u0144 i zima to okres grzewczy &#8211; przez pogod\u0119 sp\u0119dzamy wi\u0119cej czasu w mieszkaniu, w kt\u00f3rym powietrze mo\u017ce by\u0107 o nawet 70%\" \/>\n<meta property=\"og:url\" content=\"https:\/\/www.mojabochnia.pl\/?p=190823\" \/>\n<meta property=\"og:site_name\" content=\"mojabochnia.pl - portal informacyjny\" \/>\n<meta property=\"article:publisher\" content=\"https:\/\/www.facebook.com\/mojabochnia\" \/>\n<meta property=\"article:published_time\" content=\"2021-08-10T20:00:07+00:00\" \/>\n<meta property=\"article:modified_time\" content=\"2021-08-14T20:01:05+00:00\" \/>\n<meta property=\"og:image\" content=\"https:\/\/www.mojabochnia.pl\/wp-content\/uploads\/2021\/08\/Zdj\u0119cie-2.jpg\" \/>\n\t<meta property=\"og:image:width\" content=\"800\" \/>\n\t<meta property=\"og:image:height\" content=\"600\" \/>\n\t<meta property=\"og:image:type\" content=\"image\/jpeg\" \/>\n<meta name=\"author\" content=\"administrator\" \/>\n<meta name=\"twitter:card\" content=\"summary_large_image\" \/>\n<meta name=\"twitter:label1\" content=\"Written by\" \/>\n\t<meta name=\"twitter:data1\" content=\"administrator\" \/>\n\t<meta name=\"twitter:label2\" content=\"Est. reading time\" \/>\n\t<meta name=\"twitter:data2\" content=\"4 minuty\" \/>\n<script type=\"application\/ld+json\" class=\"yoast-schema-graph\">{\"@context\":\"https:\/\/schema.org\",\"@graph\":[{\"@type\":\"Article\",\"@id\":\"https:\/\/www.mojabochnia.pl\/?p=190823#article\",\"isPartOf\":{\"@id\":\"https:\/\/www.mojabochnia.pl\/?p=190823\"},\"author\":{\"name\":\"administrator\",\"@id\":\"https:\/\/www.mojabochnia.pl\/#\/schema\/person\/c00e1f64e6fa0e6de6d410f2c340017f\"},\"headline\":\"Szkodliwe, suche powietrze w domu zim\u0105, sprawd\u017a jak si\u0119 chroni\u0107!\",\"datePublished\":\"2021-08-10T20:00:07+00:00\",\"dateModified\":\"2021-08-14T20:01:05+00:00\",\"mainEntityOfPage\":{\"@id\":\"https:\/\/www.mojabochnia.pl\/?p=190823\"},\"wordCount\":717,\"commentCount\":0,\"publisher\":{\"@id\":\"https:\/\/www.mojabochnia.pl\/#organization\"},\"image\":{\"@id\":\"https:\/\/www.mojabochnia.pl\/?p=190823#primaryimage\"},\"thumbnailUrl\":\"https:\/\/www.mojabochnia.pl\/wp-content\/uploads\/2021\/08\/Zdj\u0119cie-2.jpg\",\"keywords\":[\"tekst sponsorowany\"],\"articleSection\":[\"2_ostatnie\",\"polityka i wydarzenia\",\"tematyka\"],\"inLanguage\":\"pl-PL\",\"potentialAction\":[{\"@type\":\"CommentAction\",\"name\":\"Comment\",\"target\":[\"https:\/\/www.mojabochnia.pl\/?p=190823#respond\"]}]},{\"@type\":\"WebPage\",\"@id\":\"https:\/\/www.mojabochnia.pl\/?p=190823\",\"url\":\"https:\/\/www.mojabochnia.pl\/?p=190823\",\"name\":\"Szkodliwe, suche powietrze w domu zim\u0105, sprawd\u017a jak si\u0119 chroni\u0107! - mojabochnia.pl - portal informacyjny\",\"isPartOf\":{\"@id\":\"https:\/\/www.mojabochnia.pl\/#website\"},\"primaryImageOfPage\":{\"@id\":\"https:\/\/www.mojabochnia.pl\/?p=190823#primaryimage\"},\"image\":{\"@id\":\"https:\/\/www.mojabochnia.pl\/?p=190823#primaryimage\"},\"thumbnailUrl\":\"https:\/\/www.mojabochnia.pl\/wp-content\/uploads\/2021\/08\/Zdj\u0119cie-2.jpg\",\"datePublished\":\"2021-08-10T20:00:07+00:00\",\"dateModified\":\"2021-08-14T20:01:05+00:00\",\"breadcrumb\":{\"@id\":\"https:\/\/www.mojabochnia.pl\/?p=190823#breadcrumb\"},\"inLanguage\":\"pl-PL\",\"potentialAction\":[{\"@type\":\"ReadAction\",\"target\":[\"https:\/\/www.mojabochnia.pl\/?p=190823\"]}]},{\"@type\":\"ImageObject\",\"inLanguage\":\"pl-PL\",\"@id\":\"https:\/\/www.mojabochnia.pl\/?p=190823#primaryimage\",\"url\":\"https:\/\/www.mojabochnia.pl\/wp-content\/uploads\/2021\/08\/Zdj\u0119cie-2.jpg\",\"contentUrl\":\"https:\/\/www.mojabochnia.pl\/wp-content\/uploads\/2021\/08\/Zdj\u0119cie-2.jpg\",\"width\":800,\"height\":600},{\"@type\":\"BreadcrumbList\",\"@id\":\"https:\/\/www.mojabochnia.pl\/?p=190823#breadcrumb\",\"itemListElement\":[{\"@type\":\"ListItem\",\"position\":1,\"name\":\"Home\",\"item\":\"https:\/\/www.mojabochnia.pl\/\"},{\"@type\":\"ListItem\",\"position\":2,\"name\":\"Szkodliwe, suche powietrze w domu zim\u0105, sprawd\u017a jak si\u0119 chroni\u0107!\"}]},{\"@type\":\"WebSite\",\"@id\":\"https:\/\/www.mojabochnia.pl\/#website\",\"url\":\"https:\/\/www.mojabochnia.pl\/\",\"name\":\"mojabochnia.pl - portal informacyjny\",\"description\":\"mojaBochnia to portal informacyjny o Bochni. Codziennie o Bochni piszemy i pokazujemy najwa\u017cniejsze wydarzenia\",\"publisher\":{\"@id\":\"https:\/\/www.mojabochnia.pl\/#organization\"},\"potentialAction\":[{\"@type\":\"SearchAction\",\"target\":{\"@type\":\"EntryPoint\",\"urlTemplate\":\"https:\/\/www.mojabochnia.pl\/?s={search_term_string}\"},\"query-input\":{\"@type\":\"PropertyValueSpecification\",\"valueRequired\":true,\"valueName\":\"search_term_string\"}}],\"inLanguage\":\"pl-PL\"},{\"@type\":\"Organization\",\"@id\":\"https:\/\/www.mojabochnia.pl\/#organization\",\"name\":\"mojabochnia.pl - portal informacyjny\",\"url\":\"https:\/\/www.mojabochnia.pl\/\",\"logo\":{\"@type\":\"ImageObject\",\"inLanguage\":\"pl-PL\",\"@id\":\"https:\/\/www.mojabochnia.pl\/#\/schema\/logo\/image\/\",\"url\":\"https:\/\/www.mojabochnia.pl\/wp-content\/uploads\/2017\/08\/logo-mb-opt.png\",\"contentUrl\":\"https:\/\/www.mojabochnia.pl\/wp-content\/uploads\/2017\/08\/logo-mb-opt.png\",\"width\":250,\"height\":48,\"caption\":\"mojabochnia.pl - portal informacyjny\"},\"image\":{\"@id\":\"https:\/\/www.mojabochnia.pl\/#\/schema\/logo\/image\/\"},\"sameAs\":[\"https:\/\/www.facebook.com\/mojabochnia\"]},{\"@type\":\"Person\",\"@id\":\"https:\/\/www.mojabochnia.pl\/#\/schema\/person\/c00e1f64e6fa0e6de6d410f2c340017f\",\"name\":\"administrator\",\"url\":\"https:\/\/www.mojabochnia.pl\/?author=1\"}]}<\/script>\n<!-- \/ Yoast SEO plugin. -->","yoast_head_json":{"title":"Szkodliwe, suche powietrze w domu zim\u0105, sprawd\u017a jak si\u0119 chroni\u0107! - mojabochnia.pl - portal informacyjny","robots":{"index":"index","follow":"follow","max-snippet":"max-snippet:-1","max-image-preview":"max-image-preview:large","max-video-preview":"max-video-preview:-1"},"canonical":"https:\/\/www.mojabochnia.pl\/?p=190823","og_locale":"pl_PL","og_type":"article","og_title":"Szkodliwe, suche powietrze w domu zim\u0105, sprawd\u017a jak si\u0119 chroni\u0107! - mojabochnia.pl - portal informacyjny","og_description":"Mro\u017ana zima trwa, wi\u0119c ogrzewamy dom r\u00f3wnocze\u015bnie zmniejszaj\u0105c wilgotno\u015b\u0107 i\u00a0 pog\u0142\u0119biaj\u0105c problem suchego powietrza w mieszkaniu. Nawil\u017caj powietrze i zapobiegaj wielu gro\u017anym chorobom. Sprawd\u017a jak najlepiej si\u0119 chroni\u0107. &nbsp; Co nam szkodzi zim\u0105? Jesie\u0144 i zima to okres grzewczy &#8211; przez pogod\u0119 sp\u0119dzamy wi\u0119cej czasu w mieszkaniu, w kt\u00f3rym powietrze mo\u017ce by\u0107 o nawet 70%","og_url":"https:\/\/www.mojabochnia.pl\/?p=190823","og_site_name":"mojabochnia.pl - portal informacyjny","article_publisher":"https:\/\/www.facebook.com\/mojabochnia","article_published_time":"2021-08-10T20:00:07+00:00","article_modified_time":"2021-08-14T20:01:05+00:00","og_image":[{"width":800,"height":600,"url":"https:\/\/www.mojabochnia.pl\/wp-content\/uploads\/2021\/08\/Zdj\u0119cie-2.jpg","type":"image\/jpeg"}],"author":"administrator","twitter_card":"summary_large_image","twitter_misc":{"Written by":"administrator","Est. reading time":"4 minuty"},"schema":{"@context":"https:\/\/schema.org","@graph":[{"@type":"Article","@id":"https:\/\/www.mojabochnia.pl\/?p=190823#article","isPartOf":{"@id":"https:\/\/www.mojabochnia.pl\/?p=190823"},"author":{"name":"administrator","@id":"https:\/\/www.mojabochnia.pl\/#\/schema\/person\/c00e1f64e6fa0e6de6d410f2c340017f"},"headline":"Szkodliwe, suche powietrze w domu zim\u0105, sprawd\u017a jak si\u0119 chroni\u0107!","datePublished":"2021-08-10T20:00:07+00:00","dateModified":"2021-08-14T20:01:05+00:00","mainEntityOfPage":{"@id":"https:\/\/www.mojabochnia.pl\/?p=190823"},"wordCount":717,"commentCount":0,"publisher":{"@id":"https:\/\/www.mojabochnia.pl\/#organization"},"image":{"@id":"https:\/\/www.mojabochnia.pl\/?p=190823#primaryimage"},"thumbnailUrl":"https:\/\/www.mojabochnia.pl\/wp-content\/uploads\/2021\/08\/Zdj\u0119cie-2.jpg","keywords":["tekst sponsorowany"],"articleSection":["2_ostatnie","polityka i wydarzenia","tematyka"],"inLanguage":"pl-PL","potentialAction":[{"@type":"CommentAction","name":"Comment","target":["https:\/\/www.mojabochnia.pl\/?p=190823#respond"]}]},{"@type":"WebPage","@id":"https:\/\/www.mojabochnia.pl\/?p=190823","url":"https:\/\/www.mojabochnia.pl\/?p=190823","name":"Szkodliwe, suche powietrze w domu zim\u0105, sprawd\u017a jak si\u0119 chroni\u0107! - mojabochnia.pl - portal informacyjny","isPartOf":{"@id":"https:\/\/www.mojabochnia.pl\/#website"},"primaryImageOfPage":{"@id":"https:\/\/www.mojabochnia.pl\/?p=190823#primaryimage"},"image":{"@id":"https:\/\/www.mojabochnia.pl\/?p=190823#primaryimage"},"thumbnailUrl":"https:\/\/www.mojabochnia.pl\/wp-content\/uploads\/2021\/08\/Zdj\u0119cie-2.jpg","datePublished":"2021-08-10T20:00:07+00:00","dateModified":"2021-08-14T20:01:05+00:00","breadcrumb":{"@id":"https:\/\/www.mojabochnia.pl\/?p=190823#breadcrumb"},"inLanguage":"pl-PL","potentialAction":[{"@type":"ReadAction","target":["https:\/\/www.mojabochnia.pl\/?p=190823"]}]},{"@type":"ImageObject","inLanguage":"pl-PL","@id":"https:\/\/www.mojabochnia.pl\/?p=190823#primaryimage","url":"https:\/\/www.mojabochnia.pl\/wp-content\/uploads\/2021\/08\/Zdj\u0119cie-2.jpg","contentUrl":"https:\/\/www.mojabochnia.pl\/wp-content\/uploads\/2021\/08\/Zdj\u0119cie-2.jpg","width":800,"height":600},{"@type":"BreadcrumbList","@id":"https:\/\/www.mojabochnia.pl\/?p=190823#breadcrumb","itemListElement":[{"@type":"ListItem","position":1,"name":"Home","item":"https:\/\/www.mojabochnia.pl\/"},{"@type":"ListItem","position":2,"name":"Szkodliwe, suche powietrze w domu zim\u0105, sprawd\u017a jak si\u0119 chroni\u0107!"}]},{"@type":"WebSite","@id":"https:\/\/www.mojabochnia.pl\/#website","url":"https:\/\/www.mojabochnia.pl\/","name":"mojabochnia.pl - portal informacyjny","description":"mojaBochnia to portal informacyjny o Bochni. Codziennie o Bochni piszemy i pokazujemy najwa\u017cniejsze wydarzenia","publisher":{"@id":"https:\/\/www.mojabochnia.pl\/#organization"},"potentialAction":[{"@type":"SearchAction","target":{"@type":"EntryPoint","urlTemplate":"https:\/\/www.mojabochnia.pl\/?s={search_term_string}"},"query-input":{"@type":"PropertyValueSpecification","valueRequired":true,"valueName":"search_term_string"}}],"inLanguage":"pl-PL"},{"@type":"Organization","@id":"https:\/\/www.mojabochnia.pl\/#organization","name":"mojabochnia.pl - portal informacyjny","url":"https:\/\/www.mojabochnia.pl\/","logo":{"@type":"ImageObject","inLanguage":"pl-PL","@id":"https:\/\/www.mojabochnia.pl\/#\/schema\/logo\/image\/","url":"https:\/\/www.mojabochnia.pl\/wp-content\/uploads\/2017\/08\/logo-mb-opt.png","contentUrl":"https:\/\/www.mojabochnia.pl\/wp-content\/uploads\/2017\/08\/logo-mb-opt.png","width":250,"height":48,"caption":"mojabochnia.pl - portal informacyjny"},"image":{"@id":"https:\/\/www.mojabochnia.pl\/#\/schema\/logo\/image\/"},"sameAs":["https:\/\/www.facebook.com\/mojabochnia"]},{"@type":"Person","@id":"https:\/\/www.mojabochnia.pl\/#\/schema\/person\/c00e1f64e6fa0e6de6d410f2c340017f","name":"administrator","url":"https:\/\/www.mojabochnia.pl\/?author=1"}]}},"_links":{"self":[{"href":"https:\/\/www.mojabochnia.pl\/index.php?rest_route=\/wp\/v2\/posts\/190823","targetHints":{"allow":["GET"]}}],"collection":[{"href":"https:\/\/www.mojabochnia.pl\/index.php?rest_route=\/wp\/v2\/posts"}],"about":[{"href":"https:\/\/www.mojabochnia.pl\/index.php?rest_route=\/wp\/v2\/types\/post"}],"author":[{"embeddable":true,"href":"https:\/\/www.mojabochnia.pl\/index.php?rest_route=\/wp\/v2\/users\/1"}],"replies":[{"embeddable":true,"href":"https:\/\/www.mojabochnia.pl\/index.php?rest_route=%2Fwp%2Fv2%2Fcomments&post=190823"}],"version-history":[{"count":1,"href":"https:\/\/www.mojabochnia.pl\/index.php?rest_route=\/wp\/v2\/posts\/190823\/revisions"}],"predecessor-version":[{"id":190826,"href":"https:\/\/www.mojabochnia.pl\/index.php?rest_route=\/wp\/v2\/posts\/190823\/revisions\/190826"}],"wp:featuredmedia":[{"embeddable":true,"href":"https:\/\/www.mojabochnia.pl\/index.php?rest_route=\/wp\/v2\/media\/190825"}],"wp:attachment":[{"href":"https:\/\/www.mojabochnia.pl\/index.php?rest_route=%2Fwp%2Fv2%2Fmedia&parent=190823"}],"wp:term":[{"taxonomy":"category","embeddable":true,"href":"https:\/\/www.mojabochnia.pl\/index.php?rest_route=%2Fwp%2Fv2%2Fcategories&post=190823"},{"taxonomy":"post_tag","embeddable":true,"href":"https:\/\/www.mojabochnia.pl\/index.php?rest_route=%2Fwp%2Fv2%2Ftags&post=190823"}],"curies":[{"name":"wp","href":"https:\/\/api.w.org\/{rel}","templated":true}]}}