{"id":1895,"date":"2008-10-07T09:12:52","date_gmt":"2008-10-07T07:12:52","guid":{"rendered":"http:\/\/www.mojabochnia.pl\/?p=1895"},"modified":"2008-10-03T16:15:34","modified_gmt":"2008-10-03T14:15:34","slug":"ekstremalny-wyscig","status":"publish","type":"post","link":"https:\/\/www.mojabochnia.pl\/?p=1895","title":{"rendered":"Ekstremalny wy\u015bcig"},"content":{"rendered":"<p>Aby zg\u0142osi\u0107 sw\u00f3j udzia\u0142 w imprezie trzeba wype\u0142ni\u0107 formularz znajduj\u0105cy si\u0119 na stronie internetowej i przela\u0107 na poni\u017csze konto wpisowe w wysoko\u015bci 130 z\u0142.<\/p>\n<p>KST JEDYNKA<br \/>\nProsz\u00f3wki 365<br \/>\n32 \u2013 700 Bochnia<br \/>\nNr konta w PKO:   19-10204984-0000480200486845<\/p>\n<p>w tytule nale\u017cy koniecznie poda\u0107 imi\u0119 i nazwisko kierowcy oraz dopisek \u201eGP\u201d.<\/p>\n<p>Zawodnicy startowa\u0107 b\u0119d\u0105 w jednej klasie \u015bcigaj\u0105c si\u0119 z czasem i innymi za\u0142ogami na specjalnie przygotowanych odcinkach. &#8211; <em>OS&#8217;y zosta\u0142y przygotowane pod k\u0105tem jazdy na czas ale nie zabraknie r\u00f3wnie\u017c cz\u0119\u015bci wymagaj\u0105cych my\u015blenia i techniki. Dodatkowo dla \u017c\u0105dnych ekstremalnych emocji przygotowany zosta\u0142 (osobno nagradzany i nie liczony do og\u00f3lnej klasyfikacji) odcinek ekstremalny &#8211; tylko dla samochod\u00f3w z wyci\u0105garkami, kt\u00f3ry rozegrany zostanie po zako\u0144czeniu g\u0142\u00f3wnej cz\u0119\u015bci imprezy <\/em>&#8211; zapowiadaj\u0105 organizatorzy.<\/p>\n<p>Baz\u0105 imprezy b\u0119dzie \u017cwirownia P. Szota w Che\u0142mie (tam gdzie Las Bagnas w kwietniu). Honorowy patronat nad imprez\u0105 obj\u0105\u0142 W\u00f3jt Gminy Bochnia, Jerzy Lysy. <\/p>\n<p>Wi\u0119cej informacji na temat rajdu mo\u017cna znale\u017a\u0107 na stronie www.jedynka.org.pl<\/p>\n<p><strong>Plan imprezy:<\/strong><br \/>\n<strong><br \/>\nNiedziela \u2013 12 pa\u017adziernika 2008r.<\/strong><br \/>\n8:00 \u2013 9:00 przyjazd uczestnik\u00f3w, formalno\u015bci w biurze, rozdanie numer\u00f3w startowych itd.<br \/>\n9.30 \u2013 9:45 odprawa uczestnik\u00f3w<br \/>\n10.00 &#8211; start pierwszego zawodnika<br \/>\nOk. 16.00 \u2013 przewidywane zjazd ostatniego zawodnika<br \/>\nOk. 16.00 \u2013 dodatkowe konkurencje, nie liczonej do og\u00f3lnej punktacji<br \/>\nOk. 17:00 \u2013 og\u0142oszenie wynik\u00f3w i rozdanie nagr\u00f3d ca\u0142ego GP<\/p>\n","protected":false},"excerpt":{"rendered":"<p>Trwaj\u0105 zapisy do III ju\u017c Grand Prix Ziemi Boche\u0144skiej. Zawody odb\u0119d\u0105 si\u0119 w najbli\u017csz\u0105 niedziel\u0119 12 pa\u017adziernika. W programie przewidziano m.in. specjalny odcinek ekstremalny.<\/p>\n","protected":false},"author":1,"featured_media":0,"comment_status":"open","ping_status":"closed","sticky":false,"template":"","format":"standard","meta":{"_acf_changed":false,"footnotes":""},"categories":[5],"tags":[17244,564,229,17191,461,644,363,17107],"class_list":["post-1895","post","type-post","status-publish","format-standard","hentry","category-biezace-wydarzenia","tag-chelm","tag-czas-wolny","tag-klub-samochodow-terenowych-jedynka","tag-rajd","tag-rajd-samochodowy","tag-samochody-rajdowe","tag-wyscig","tag-zawody"],"acf":[],"yoast_head":"<!-- This site is optimized with the Yoast SEO plugin v26.9 - https:\/\/yoast.com\/product\/yoast-seo-wordpress\/ -->\n<title>Ekstremalny wy\u015bcig - mojabochnia.pl - portal informacyjny<\/title>\n<meta name=\"robots\" content=\"index, follow, max-snippet:-1, max-image-preview:large, max-video-preview:-1\" \/>\n<link rel=\"canonical\" href=\"https:\/\/www.mojabochnia.pl\/?p=1895\" \/>\n<meta property=\"og:locale\" content=\"pl_PL\" \/>\n<meta property=\"og:type\" content=\"article\" \/>\n<meta property=\"og:title\" content=\"Ekstremalny wy\u015bcig - mojabochnia.pl - portal informacyjny\" \/>\n<meta property=\"og:description\" content=\"Trwaj\u0105 zapisy do III ju\u017c Grand Prix Ziemi Boche\u0144skiej. Zawody odb\u0119d\u0105 si\u0119 w najbli\u017csz\u0105 niedziel\u0119 12 pa\u017adziernika. W programie przewidziano m.in. specjalny odcinek ekstremalny.\" \/>\n<meta property=\"og:url\" content=\"https:\/\/www.mojabochnia.pl\/?p=1895\" \/>\n<meta property=\"og:site_name\" content=\"mojabochnia.pl - portal informacyjny\" \/>\n<meta property=\"article:publisher\" content=\"https:\/\/www.facebook.com\/mojabochnia\" \/>\n<meta property=\"article:published_time\" content=\"2008-10-07T07:12:52+00:00\" \/>\n<meta name=\"author\" content=\"administrator\" \/>\n<meta name=\"twitter:card\" content=\"summary_large_image\" \/>\n<meta name=\"twitter:label1\" content=\"Written by\" \/>\n\t<meta name=\"twitter:data1\" content=\"administrator\" \/>\n\t<meta name=\"twitter:label2\" content=\"Est. reading time\" \/>\n\t<meta name=\"twitter:data2\" content=\"1 minuta\" \/>\n<script type=\"application\/ld+json\" class=\"yoast-schema-graph\">{\"@context\":\"https:\/\/schema.org\",\"@graph\":[{\"@type\":\"Article\",\"@id\":\"https:\/\/www.mojabochnia.pl\/?p=1895#article\",\"isPartOf\":{\"@id\":\"https:\/\/www.mojabochnia.pl\/?p=1895\"},\"author\":{\"name\":\"administrator\",\"@id\":\"https:\/\/www.mojabochnia.pl\/#\/schema\/person\/c00e1f64e6fa0e6de6d410f2c340017f\"},\"headline\":\"Ekstremalny wy\u015bcig\",\"datePublished\":\"2008-10-07T07:12:52+00:00\",\"mainEntityOfPage\":{\"@id\":\"https:\/\/www.mojabochnia.pl\/?p=1895\"},\"wordCount\":234,\"commentCount\":0,\"publisher\":{\"@id\":\"https:\/\/www.mojabochnia.pl\/#organization\"},\"keywords\":[\"che\u0142m\",\"czas wolny\",\"klub samochod\u00f3w terenowych jedynka\",\"rajd\",\"rajd samochodowy\",\"samochody rajdowe\",\"wy\u015bcig\",\"zawody\"],\"articleSection\":[\"2_ostatnie\"],\"inLanguage\":\"pl-PL\",\"potentialAction\":[{\"@type\":\"CommentAction\",\"name\":\"Comment\",\"target\":[\"https:\/\/www.mojabochnia.pl\/?p=1895#respond\"]}]},{\"@type\":\"WebPage\",\"@id\":\"https:\/\/www.mojabochnia.pl\/?p=1895\",\"url\":\"https:\/\/www.mojabochnia.pl\/?p=1895\",\"name\":\"Ekstremalny wy\u015bcig - mojabochnia.pl - portal informacyjny\",\"isPartOf\":{\"@id\":\"https:\/\/www.mojabochnia.pl\/#website\"},\"datePublished\":\"2008-10-07T07:12:52+00:00\",\"breadcrumb\":{\"@id\":\"https:\/\/www.mojabochnia.pl\/?p=1895#breadcrumb\"},\"inLanguage\":\"pl-PL\",\"potentialAction\":[{\"@type\":\"ReadAction\",\"target\":[\"https:\/\/www.mojabochnia.pl\/?p=1895\"]}]},{\"@type\":\"BreadcrumbList\",\"@id\":\"https:\/\/www.mojabochnia.pl\/?p=1895#breadcrumb\",\"itemListElement\":[{\"@type\":\"ListItem\",\"position\":1,\"name\":\"Home\",\"item\":\"https:\/\/www.mojabochnia.pl\/\"},{\"@type\":\"ListItem\",\"position\":2,\"name\":\"Ekstremalny wy\u015bcig\"}]},{\"@type\":\"WebSite\",\"@id\":\"https:\/\/www.mojabochnia.pl\/#website\",\"url\":\"https:\/\/www.mojabochnia.pl\/\",\"name\":\"mojabochnia.pl - portal informacyjny\",\"description\":\"mojaBochnia to portal informacyjny o Bochni. Codziennie o Bochni piszemy i pokazujemy najwa\u017cniejsze wydarzenia\",\"publisher\":{\"@id\":\"https:\/\/www.mojabochnia.pl\/#organization\"},\"potentialAction\":[{\"@type\":\"SearchAction\",\"target\":{\"@type\":\"EntryPoint\",\"urlTemplate\":\"https:\/\/www.mojabochnia.pl\/?s={search_term_string}\"},\"query-input\":{\"@type\":\"PropertyValueSpecification\",\"valueRequired\":true,\"valueName\":\"search_term_string\"}}],\"inLanguage\":\"pl-PL\"},{\"@type\":\"Organization\",\"@id\":\"https:\/\/www.mojabochnia.pl\/#organization\",\"name\":\"mojabochnia.pl - portal informacyjny\",\"url\":\"https:\/\/www.mojabochnia.pl\/\",\"logo\":{\"@type\":\"ImageObject\",\"inLanguage\":\"pl-PL\",\"@id\":\"https:\/\/www.mojabochnia.pl\/#\/schema\/logo\/image\/\",\"url\":\"https:\/\/www.mojabochnia.pl\/wp-content\/uploads\/2017\/08\/logo-mb-opt.png\",\"contentUrl\":\"https:\/\/www.mojabochnia.pl\/wp-content\/uploads\/2017\/08\/logo-mb-opt.png\",\"width\":250,\"height\":48,\"caption\":\"mojabochnia.pl - portal informacyjny\"},\"image\":{\"@id\":\"https:\/\/www.mojabochnia.pl\/#\/schema\/logo\/image\/\"},\"sameAs\":[\"https:\/\/www.facebook.com\/mojabochnia\"]},{\"@type\":\"Person\",\"@id\":\"https:\/\/www.mojabochnia.pl\/#\/schema\/person\/c00e1f64e6fa0e6de6d410f2c340017f\",\"name\":\"administrator\",\"url\":\"https:\/\/www.mojabochnia.pl\/?author=1\"}]}<\/script>\n<!-- \/ Yoast SEO plugin. -->","yoast_head_json":{"title":"Ekstremalny wy\u015bcig - mojabochnia.pl - portal informacyjny","robots":{"index":"index","follow":"follow","max-snippet":"max-snippet:-1","max-image-preview":"max-image-preview:large","max-video-preview":"max-video-preview:-1"},"canonical":"https:\/\/www.mojabochnia.pl\/?p=1895","og_locale":"pl_PL","og_type":"article","og_title":"Ekstremalny wy\u015bcig - mojabochnia.pl - portal informacyjny","og_description":"Trwaj\u0105 zapisy do III ju\u017c Grand Prix Ziemi Boche\u0144skiej. Zawody odb\u0119d\u0105 si\u0119 w najbli\u017csz\u0105 niedziel\u0119 12 pa\u017adziernika. W programie przewidziano m.in. specjalny odcinek ekstremalny.","og_url":"https:\/\/www.mojabochnia.pl\/?p=1895","og_site_name":"mojabochnia.pl - portal informacyjny","article_publisher":"https:\/\/www.facebook.com\/mojabochnia","article_published_time":"2008-10-07T07:12:52+00:00","author":"administrator","twitter_card":"summary_large_image","twitter_misc":{"Written by":"administrator","Est. reading time":"1 minuta"},"schema":{"@context":"https:\/\/schema.org","@graph":[{"@type":"Article","@id":"https:\/\/www.mojabochnia.pl\/?p=1895#article","isPartOf":{"@id":"https:\/\/www.mojabochnia.pl\/?p=1895"},"author":{"name":"administrator","@id":"https:\/\/www.mojabochnia.pl\/#\/schema\/person\/c00e1f64e6fa0e6de6d410f2c340017f"},"headline":"Ekstremalny wy\u015bcig","datePublished":"2008-10-07T07:12:52+00:00","mainEntityOfPage":{"@id":"https:\/\/www.mojabochnia.pl\/?p=1895"},"wordCount":234,"commentCount":0,"publisher":{"@id":"https:\/\/www.mojabochnia.pl\/#organization"},"keywords":["che\u0142m","czas wolny","klub samochod\u00f3w terenowych jedynka","rajd","rajd samochodowy","samochody rajdowe","wy\u015bcig","zawody"],"articleSection":["2_ostatnie"],"inLanguage":"pl-PL","potentialAction":[{"@type":"CommentAction","name":"Comment","target":["https:\/\/www.mojabochnia.pl\/?p=1895#respond"]}]},{"@type":"WebPage","@id":"https:\/\/www.mojabochnia.pl\/?p=1895","url":"https:\/\/www.mojabochnia.pl\/?p=1895","name":"Ekstremalny wy\u015bcig - mojabochnia.pl - portal informacyjny","isPartOf":{"@id":"https:\/\/www.mojabochnia.pl\/#website"},"datePublished":"2008-10-07T07:12:52+00:00","breadcrumb":{"@id":"https:\/\/www.mojabochnia.pl\/?p=1895#breadcrumb"},"inLanguage":"pl-PL","potentialAction":[{"@type":"ReadAction","target":["https:\/\/www.mojabochnia.pl\/?p=1895"]}]},{"@type":"BreadcrumbList","@id":"https:\/\/www.mojabochnia.pl\/?p=1895#breadcrumb","itemListElement":[{"@type":"ListItem","position":1,"name":"Home","item":"https:\/\/www.mojabochnia.pl\/"},{"@type":"ListItem","position":2,"name":"Ekstremalny wy\u015bcig"}]},{"@type":"WebSite","@id":"https:\/\/www.mojabochnia.pl\/#website","url":"https:\/\/www.mojabochnia.pl\/","name":"mojabochnia.pl - portal informacyjny","description":"mojaBochnia to portal informacyjny o Bochni. Codziennie o Bochni piszemy i pokazujemy najwa\u017cniejsze wydarzenia","publisher":{"@id":"https:\/\/www.mojabochnia.pl\/#organization"},"potentialAction":[{"@type":"SearchAction","target":{"@type":"EntryPoint","urlTemplate":"https:\/\/www.mojabochnia.pl\/?s={search_term_string}"},"query-input":{"@type":"PropertyValueSpecification","valueRequired":true,"valueName":"search_term_string"}}],"inLanguage":"pl-PL"},{"@type":"Organization","@id":"https:\/\/www.mojabochnia.pl\/#organization","name":"mojabochnia.pl - portal informacyjny","url":"https:\/\/www.mojabochnia.pl\/","logo":{"@type":"ImageObject","inLanguage":"pl-PL","@id":"https:\/\/www.mojabochnia.pl\/#\/schema\/logo\/image\/","url":"https:\/\/www.mojabochnia.pl\/wp-content\/uploads\/2017\/08\/logo-mb-opt.png","contentUrl":"https:\/\/www.mojabochnia.pl\/wp-content\/uploads\/2017\/08\/logo-mb-opt.png","width":250,"height":48,"caption":"mojabochnia.pl - portal informacyjny"},"image":{"@id":"https:\/\/www.mojabochnia.pl\/#\/schema\/logo\/image\/"},"sameAs":["https:\/\/www.facebook.com\/mojabochnia"]},{"@type":"Person","@id":"https:\/\/www.mojabochnia.pl\/#\/schema\/person\/c00e1f64e6fa0e6de6d410f2c340017f","name":"administrator","url":"https:\/\/www.mojabochnia.pl\/?author=1"}]}},"_links":{"self":[{"href":"https:\/\/www.mojabochnia.pl\/index.php?rest_route=\/wp\/v2\/posts\/1895","targetHints":{"allow":["GET"]}}],"collection":[{"href":"https:\/\/www.mojabochnia.pl\/index.php?rest_route=\/wp\/v2\/posts"}],"about":[{"href":"https:\/\/www.mojabochnia.pl\/index.php?rest_route=\/wp\/v2\/types\/post"}],"author":[{"embeddable":true,"href":"https:\/\/www.mojabochnia.pl\/index.php?rest_route=\/wp\/v2\/users\/1"}],"replies":[{"embeddable":true,"href":"https:\/\/www.mojabochnia.pl\/index.php?rest_route=%2Fwp%2Fv2%2Fcomments&post=1895"}],"version-history":[{"count":0,"href":"https:\/\/www.mojabochnia.pl\/index.php?rest_route=\/wp\/v2\/posts\/1895\/revisions"}],"wp:attachment":[{"href":"https:\/\/www.mojabochnia.pl\/index.php?rest_route=%2Fwp%2Fv2%2Fmedia&parent=1895"}],"wp:term":[{"taxonomy":"category","embeddable":true,"href":"https:\/\/www.mojabochnia.pl\/index.php?rest_route=%2Fwp%2Fv2%2Fcategories&post=1895"},{"taxonomy":"post_tag","embeddable":true,"href":"https:\/\/www.mojabochnia.pl\/index.php?rest_route=%2Fwp%2Fv2%2Ftags&post=1895"}],"curies":[{"name":"wp","href":"https:\/\/api.w.org\/{rel}","templated":true}]}}