{"id":189296,"date":"2021-04-07T13:13:21","date_gmt":"2021-04-07T11:13:21","guid":{"rendered":"https:\/\/www.mojabochnia.pl\/?p=189296"},"modified":"2021-04-07T13:13:21","modified_gmt":"2021-04-07T11:13:21","slug":"zabytkowy-budynek-starostwa-odzyska-dawny-blask","status":"publish","type":"post","link":"https:\/\/www.mojabochnia.pl\/?p=189296","title":{"rendered":"Zabytkowy budynek starostwa odzyska dawny blask"},"content":{"rendered":"<p class=\"v1MsoNormal\"><strong>W dziewi\u0119tnastowiecznym budynku Starostwa Powiatowego w Bochni wyremontowana zostanie elewacja. W ramach prac wymieniony zostanie r\u00f3wnie\u017c dach, a wszystkie elementy zdobnicze zostan\u0105 zrekonstruowane. Zachowane zostan\u0105 zielone ogr\u00f3dki przed budynkiem. W nocy za\u015b obiekt zyska iluminacj\u0119.<\/strong><\/p>\n<p class=\"v1MsoNormal\">Tu\u017c przed \u015bwi\u0119tami podpisano umow\u0119 na remont elewacji zabytkowego budynku Starostwa Powiatowego wraz z robotami budowlanymi polegaj\u0105cymi na wykonaniu remontu dachu. Roboty maj\u0105 si\u0119 zako\u0144czy\u0107 jeszcze w tym roku. Prace budowlane b\u0119d\u0105 polega\u0142y na skuciu obrzutki cementowej i innych warstw z poprzednich remont\u00f3w, demonta\u017cu krat okiennych, wykonaniu rekonstrukcji ubytk\u00f3w na wszystkich elementach zdobniczych, wykonaniu obr\u00f3bek blacharskich oraz odnowieniu elewacji. Wykonane zostan\u0105 r\u00f3wnie\u017c prace polegaj\u0105ce na monta\u017cu iluminacji \u015bwietlnej.<\/p>\n<p class=\"v1MsoNormal\">&#8211;\u00a0<i>Remont dziewi\u0119tnastowiecznego budynku wpisuje si\u0119 w rewitalizacj\u0119 zabytkowego centrum Bochni. Zale\u017ca\u0142o nam, aby zachowa\u0107 unikatowe zdobienia budynku, a iluminacja dodatkowo podkre\u015bli jego wyj\u0105tkowo\u015b\u0107\u00a0<\/i>\u2013 wyja\u015bnia Starosta Boche\u0144ski Adam Korta.<\/p>\n<p class=\"v1MsoNormal\">Budynek Starostwa zosta\u0142 zbudowany w 1893 r., wg projektu znanego architekta W\u0142adys\u0142awa Ekielskiego, z inicjatywy prezesa Rady Powiatowej Zdzis\u0142awa W\u0142odka. Na pocz\u0105tku XX wieku dobudowano skrzyd\u0142o zachodnie, a w latach 60. i 70. XX wieku nadbudowano cz\u0119\u015bciowo pi\u0119tro na budynkiem g\u0142\u00f3wnym oraz poszerzono obiekt o skrzyd\u0142o p\u00f3\u0142nocne. Do 1975 r. obiekt pe\u0142ni\u0142 funkcje administracyjne powiatu boche\u0144skiego. W latach 90-tych by\u0142 siedzib\u0105 Urz\u0119du Rejonowego. Wraz z reaktywacj\u0105 powiat\u00f3w zosta\u0142 siedzib\u0105 Starostwa Powiatowego w Bochni. Fasada centralna budynku wyr\u00f3\u017cnia si\u0119 bogatymi zdobieniami m.in. dekoracjami o motywach heraldycznych, kamiennym balkonem oraz oknami w ozdobnych obramieniach.<\/p>\n<p class=\"v1MsoNormal\"><em>Na zdj\u0119ciach projekt wizualizacji oraz poczt\u00f3wki z widokiem budynku z 1901, 1915, 1966 roku ze zbior\u00f3w El\u017cbiety i Piotra Lekkich oraz Bogdana Haby<\/em>.<\/p>\n<p>&nbsp;<\/p>\n<p>&nbsp;<\/p>\n\t  \r\n\t\r\n\t    <div class=\"mb-gallery\">\r\n\t    <a href=\"https:\/\/www.mojabochnia.pl\/?attachment_id=189300\" class=\"\"><img loading=\"lazy\" decoding=\"async\" width=\"100\" height=\"100\" src=\"https:\/\/www.mojabochnia.pl\/wp-content\/uploads\/2021\/04\/kazimierza-02-100x100.jpg\" class=\"attachment-100x100 size-100x100\" alt=\"\" \/><\/a><a href=\"https:\/\/www.mojabochnia.pl\/?attachment_id=189302\" class=\"\"><img loading=\"lazy\" decoding=\"async\" width=\"100\" height=\"100\" src=\"https:\/\/www.mojabochnia.pl\/wp-content\/uploads\/2021\/04\/starostwo_1915-100x100.jpg\" class=\"attachment-100x100 size-100x100\" alt=\"\" \/><\/a><a href=\"https:\/\/www.mojabochnia.pl\/?attachment_id=189303\" class=\"\"><img loading=\"lazy\" decoding=\"async\" width=\"100\" height=\"100\" src=\"https:\/\/www.mojabochnia.pl\/wp-content\/uploads\/2021\/04\/starostwo_1966-100x100.jpg\" class=\"attachment-100x100 size-100x100\" alt=\"\" \/><\/a><a href=\"https:\/\/www.mojabochnia.pl\/?attachment_id=189304\" class=\"\"><img loading=\"lazy\" decoding=\"async\" width=\"100\" height=\"100\" src=\"https:\/\/www.mojabochnia.pl\/wp-content\/uploads\/2021\/04\/umowa-elewacja02-100x100.jpg\" class=\"attachment-100x100 size-100x100\" alt=\"\" \/><\/a><a href=\"https:\/\/www.mojabochnia.pl\/?attachment_id=189301\" class=\"\"><img loading=\"lazy\" decoding=\"async\" width=\"100\" height=\"100\" src=\"https:\/\/www.mojabochnia.pl\/wp-content\/uploads\/2021\/04\/starostwo_1901-100x100.jpg\" class=\"attachment-100x100 size-100x100\" alt=\"\" \/><\/a>\t    <\/div>\r\n\t    ","protected":false},"excerpt":{"rendered":"<p>W dziewi\u0119tnastowiecznym budynku Starostwa Powiatowego w Bochni wyremontowana zostanie elewacja. W ramach prac wymieniony zostanie r\u00f3wnie\u017c dach, a wszystkie elementy zdobnicze zostan\u0105 zrekonstruowane. Zachowane zostan\u0105 zielone ogr\u00f3dki przed budynkiem. W nocy za\u015b obiekt zyska iluminacj\u0119. Tu\u017c przed \u015bwi\u0119tami podpisano umow\u0119 na remont elewacji zabytkowego budynku Starostwa Powiatowego wraz z robotami budowlanymi polegaj\u0105cymi na wykonaniu remontu<\/p>\n","protected":false},"author":29,"featured_media":189300,"comment_status":"open","ping_status":"closed","sticky":false,"template":"","format":"standard","meta":{"_acf_changed":false,"footnotes":""},"categories":[6251,6250],"tags":[17884,17127,6436,19720],"class_list":["post-189296","post","type-post","status-publish","format-standard","has-post-thumbnail","hentry","category-polityka-i-wydarzenia","category-tematyka","tag-adam-korta","tag-powiat-bochenski","tag-starostwo-powiatowe-w-bochni","tag-top-temat","main_tag-powiat-bochenski"],"acf":[],"yoast_head":"<!-- This site is optimized with the Yoast SEO plugin v26.9 - https:\/\/yoast.com\/product\/yoast-seo-wordpress\/ -->\n<title>Zabytkowy budynek starostwa odzyska dawny blask - mojabochnia.pl - portal informacyjny<\/title>\n<meta name=\"robots\" content=\"index, follow, max-snippet:-1, max-image-preview:large, max-video-preview:-1\" \/>\n<link rel=\"canonical\" href=\"https:\/\/www.mojabochnia.pl\/?p=189296\" \/>\n<meta property=\"og:locale\" content=\"pl_PL\" \/>\n<meta property=\"og:type\" content=\"article\" \/>\n<meta property=\"og:title\" content=\"Zabytkowy budynek starostwa odzyska dawny blask - mojabochnia.pl - portal informacyjny\" \/>\n<meta property=\"og:description\" content=\"W dziewi\u0119tnastowiecznym budynku Starostwa Powiatowego w Bochni wyremontowana zostanie elewacja. W ramach prac wymieniony zostanie r\u00f3wnie\u017c dach, a wszystkie elementy zdobnicze zostan\u0105 zrekonstruowane. Zachowane zostan\u0105 zielone ogr\u00f3dki przed budynkiem. W nocy za\u015b obiekt zyska iluminacj\u0119. Tu\u017c przed \u015bwi\u0119tami podpisano umow\u0119 na remont elewacji zabytkowego budynku Starostwa Powiatowego wraz z robotami budowlanymi polegaj\u0105cymi na wykonaniu remontu\" \/>\n<meta property=\"og:url\" content=\"https:\/\/www.mojabochnia.pl\/?p=189296\" \/>\n<meta property=\"og:site_name\" content=\"mojabochnia.pl - portal informacyjny\" \/>\n<meta property=\"article:publisher\" content=\"https:\/\/www.facebook.com\/mojabochnia\" \/>\n<meta property=\"article:published_time\" content=\"2021-04-07T11:13:21+00:00\" \/>\n<meta property=\"og:image\" content=\"https:\/\/www.mojabochnia.pl\/wp-content\/uploads\/2021\/04\/kazimierza-02.jpg\" \/>\n\t<meta property=\"og:image:width\" content=\"1268\" \/>\n\t<meta property=\"og:image:height\" content=\"1064\" \/>\n\t<meta property=\"og:image:type\" content=\"image\/jpeg\" \/>\n<meta name=\"author\" content=\"Marcin Kalinowski\" \/>\n<meta name=\"twitter:card\" content=\"summary_large_image\" \/>\n<meta name=\"twitter:label1\" content=\"Written by\" \/>\n\t<meta name=\"twitter:data1\" content=\"Marcin Kalinowski\" \/>\n\t<meta name=\"twitter:label2\" content=\"Est. reading time\" \/>\n\t<meta name=\"twitter:data2\" content=\"1 minuta\" \/>\n<script type=\"application\/ld+json\" class=\"yoast-schema-graph\">{\"@context\":\"https:\/\/schema.org\",\"@graph\":[{\"@type\":\"Article\",\"@id\":\"https:\/\/www.mojabochnia.pl\/?p=189296#article\",\"isPartOf\":{\"@id\":\"https:\/\/www.mojabochnia.pl\/?p=189296\"},\"author\":{\"name\":\"Marcin Kalinowski\",\"@id\":\"https:\/\/www.mojabochnia.pl\/#\/schema\/person\/d4c758656c81ae00e6496831fe7b0792\"},\"headline\":\"Zabytkowy budynek starostwa odzyska dawny blask\",\"datePublished\":\"2021-04-07T11:13:21+00:00\",\"mainEntityOfPage\":{\"@id\":\"https:\/\/www.mojabochnia.pl\/?p=189296\"},\"wordCount\":291,\"commentCount\":0,\"publisher\":{\"@id\":\"https:\/\/www.mojabochnia.pl\/#organization\"},\"image\":{\"@id\":\"https:\/\/www.mojabochnia.pl\/?p=189296#primaryimage\"},\"thumbnailUrl\":\"https:\/\/www.mojabochnia.pl\/wp-content\/uploads\/2021\/04\/kazimierza-02.jpg\",\"keywords\":[\"adam korta\",\"powiat boche\u0144ski\",\"starostwo powiatowe w bochni\",\"top temat\"],\"articleSection\":[\"polityka i wydarzenia\",\"tematyka\"],\"inLanguage\":\"pl-PL\",\"potentialAction\":[{\"@type\":\"CommentAction\",\"name\":\"Comment\",\"target\":[\"https:\/\/www.mojabochnia.pl\/?p=189296#respond\"]}]},{\"@type\":\"WebPage\",\"@id\":\"https:\/\/www.mojabochnia.pl\/?p=189296\",\"url\":\"https:\/\/www.mojabochnia.pl\/?p=189296\",\"name\":\"Zabytkowy budynek starostwa odzyska dawny blask - mojabochnia.pl - portal informacyjny\",\"isPartOf\":{\"@id\":\"https:\/\/www.mojabochnia.pl\/#website\"},\"primaryImageOfPage\":{\"@id\":\"https:\/\/www.mojabochnia.pl\/?p=189296#primaryimage\"},\"image\":{\"@id\":\"https:\/\/www.mojabochnia.pl\/?p=189296#primaryimage\"},\"thumbnailUrl\":\"https:\/\/www.mojabochnia.pl\/wp-content\/uploads\/2021\/04\/kazimierza-02.jpg\",\"datePublished\":\"2021-04-07T11:13:21+00:00\",\"breadcrumb\":{\"@id\":\"https:\/\/www.mojabochnia.pl\/?p=189296#breadcrumb\"},\"inLanguage\":\"pl-PL\",\"potentialAction\":[{\"@type\":\"ReadAction\",\"target\":[\"https:\/\/www.mojabochnia.pl\/?p=189296\"]}]},{\"@type\":\"ImageObject\",\"inLanguage\":\"pl-PL\",\"@id\":\"https:\/\/www.mojabochnia.pl\/?p=189296#primaryimage\",\"url\":\"https:\/\/www.mojabochnia.pl\/wp-content\/uploads\/2021\/04\/kazimierza-02.jpg\",\"contentUrl\":\"https:\/\/www.mojabochnia.pl\/wp-content\/uploads\/2021\/04\/kazimierza-02.jpg\",\"width\":1268,\"height\":1064},{\"@type\":\"BreadcrumbList\",\"@id\":\"https:\/\/www.mojabochnia.pl\/?p=189296#breadcrumb\",\"itemListElement\":[{\"@type\":\"ListItem\",\"position\":1,\"name\":\"Home\",\"item\":\"https:\/\/www.mojabochnia.pl\/\"},{\"@type\":\"ListItem\",\"position\":2,\"name\":\"Zabytkowy budynek starostwa odzyska dawny blask\"}]},{\"@type\":\"WebSite\",\"@id\":\"https:\/\/www.mojabochnia.pl\/#website\",\"url\":\"https:\/\/www.mojabochnia.pl\/\",\"name\":\"mojabochnia.pl - portal informacyjny\",\"description\":\"mojaBochnia to portal informacyjny o Bochni. Codziennie o Bochni piszemy i pokazujemy najwa\u017cniejsze wydarzenia\",\"publisher\":{\"@id\":\"https:\/\/www.mojabochnia.pl\/#organization\"},\"potentialAction\":[{\"@type\":\"SearchAction\",\"target\":{\"@type\":\"EntryPoint\",\"urlTemplate\":\"https:\/\/www.mojabochnia.pl\/?s={search_term_string}\"},\"query-input\":{\"@type\":\"PropertyValueSpecification\",\"valueRequired\":true,\"valueName\":\"search_term_string\"}}],\"inLanguage\":\"pl-PL\"},{\"@type\":\"Organization\",\"@id\":\"https:\/\/www.mojabochnia.pl\/#organization\",\"name\":\"mojabochnia.pl - portal informacyjny\",\"url\":\"https:\/\/www.mojabochnia.pl\/\",\"logo\":{\"@type\":\"ImageObject\",\"inLanguage\":\"pl-PL\",\"@id\":\"https:\/\/www.mojabochnia.pl\/#\/schema\/logo\/image\/\",\"url\":\"https:\/\/www.mojabochnia.pl\/wp-content\/uploads\/2017\/08\/logo-mb-opt.png\",\"contentUrl\":\"https:\/\/www.mojabochnia.pl\/wp-content\/uploads\/2017\/08\/logo-mb-opt.png\",\"width\":250,\"height\":48,\"caption\":\"mojabochnia.pl - portal informacyjny\"},\"image\":{\"@id\":\"https:\/\/www.mojabochnia.pl\/#\/schema\/logo\/image\/\"},\"sameAs\":[\"https:\/\/www.facebook.com\/mojabochnia\"]},{\"@type\":\"Person\",\"@id\":\"https:\/\/www.mojabochnia.pl\/#\/schema\/person\/d4c758656c81ae00e6496831fe7b0792\",\"name\":\"Marcin Kalinowski\",\"url\":\"https:\/\/www.mojabochnia.pl\/?author=29\"}]}<\/script>\n<!-- \/ Yoast SEO plugin. -->","yoast_head_json":{"title":"Zabytkowy budynek starostwa odzyska dawny blask - mojabochnia.pl - portal informacyjny","robots":{"index":"index","follow":"follow","max-snippet":"max-snippet:-1","max-image-preview":"max-image-preview:large","max-video-preview":"max-video-preview:-1"},"canonical":"https:\/\/www.mojabochnia.pl\/?p=189296","og_locale":"pl_PL","og_type":"article","og_title":"Zabytkowy budynek starostwa odzyska dawny blask - mojabochnia.pl - portal informacyjny","og_description":"W dziewi\u0119tnastowiecznym budynku Starostwa Powiatowego w Bochni wyremontowana zostanie elewacja. W ramach prac wymieniony zostanie r\u00f3wnie\u017c dach, a wszystkie elementy zdobnicze zostan\u0105 zrekonstruowane. Zachowane zostan\u0105 zielone ogr\u00f3dki przed budynkiem. W nocy za\u015b obiekt zyska iluminacj\u0119. Tu\u017c przed \u015bwi\u0119tami podpisano umow\u0119 na remont elewacji zabytkowego budynku Starostwa Powiatowego wraz z robotami budowlanymi polegaj\u0105cymi na wykonaniu remontu","og_url":"https:\/\/www.mojabochnia.pl\/?p=189296","og_site_name":"mojabochnia.pl - portal informacyjny","article_publisher":"https:\/\/www.facebook.com\/mojabochnia","article_published_time":"2021-04-07T11:13:21+00:00","og_image":[{"width":1268,"height":1064,"url":"https:\/\/www.mojabochnia.pl\/wp-content\/uploads\/2021\/04\/kazimierza-02.jpg","type":"image\/jpeg"}],"author":"Marcin Kalinowski","twitter_card":"summary_large_image","twitter_misc":{"Written by":"Marcin Kalinowski","Est. reading time":"1 minuta"},"schema":{"@context":"https:\/\/schema.org","@graph":[{"@type":"Article","@id":"https:\/\/www.mojabochnia.pl\/?p=189296#article","isPartOf":{"@id":"https:\/\/www.mojabochnia.pl\/?p=189296"},"author":{"name":"Marcin Kalinowski","@id":"https:\/\/www.mojabochnia.pl\/#\/schema\/person\/d4c758656c81ae00e6496831fe7b0792"},"headline":"Zabytkowy budynek starostwa odzyska dawny blask","datePublished":"2021-04-07T11:13:21+00:00","mainEntityOfPage":{"@id":"https:\/\/www.mojabochnia.pl\/?p=189296"},"wordCount":291,"commentCount":0,"publisher":{"@id":"https:\/\/www.mojabochnia.pl\/#organization"},"image":{"@id":"https:\/\/www.mojabochnia.pl\/?p=189296#primaryimage"},"thumbnailUrl":"https:\/\/www.mojabochnia.pl\/wp-content\/uploads\/2021\/04\/kazimierza-02.jpg","keywords":["adam korta","powiat boche\u0144ski","starostwo powiatowe w bochni","top temat"],"articleSection":["polityka i wydarzenia","tematyka"],"inLanguage":"pl-PL","potentialAction":[{"@type":"CommentAction","name":"Comment","target":["https:\/\/www.mojabochnia.pl\/?p=189296#respond"]}]},{"@type":"WebPage","@id":"https:\/\/www.mojabochnia.pl\/?p=189296","url":"https:\/\/www.mojabochnia.pl\/?p=189296","name":"Zabytkowy budynek starostwa odzyska dawny blask - mojabochnia.pl - portal informacyjny","isPartOf":{"@id":"https:\/\/www.mojabochnia.pl\/#website"},"primaryImageOfPage":{"@id":"https:\/\/www.mojabochnia.pl\/?p=189296#primaryimage"},"image":{"@id":"https:\/\/www.mojabochnia.pl\/?p=189296#primaryimage"},"thumbnailUrl":"https:\/\/www.mojabochnia.pl\/wp-content\/uploads\/2021\/04\/kazimierza-02.jpg","datePublished":"2021-04-07T11:13:21+00:00","breadcrumb":{"@id":"https:\/\/www.mojabochnia.pl\/?p=189296#breadcrumb"},"inLanguage":"pl-PL","potentialAction":[{"@type":"ReadAction","target":["https:\/\/www.mojabochnia.pl\/?p=189296"]}]},{"@type":"ImageObject","inLanguage":"pl-PL","@id":"https:\/\/www.mojabochnia.pl\/?p=189296#primaryimage","url":"https:\/\/www.mojabochnia.pl\/wp-content\/uploads\/2021\/04\/kazimierza-02.jpg","contentUrl":"https:\/\/www.mojabochnia.pl\/wp-content\/uploads\/2021\/04\/kazimierza-02.jpg","width":1268,"height":1064},{"@type":"BreadcrumbList","@id":"https:\/\/www.mojabochnia.pl\/?p=189296#breadcrumb","itemListElement":[{"@type":"ListItem","position":1,"name":"Home","item":"https:\/\/www.mojabochnia.pl\/"},{"@type":"ListItem","position":2,"name":"Zabytkowy budynek starostwa odzyska dawny blask"}]},{"@type":"WebSite","@id":"https:\/\/www.mojabochnia.pl\/#website","url":"https:\/\/www.mojabochnia.pl\/","name":"mojabochnia.pl - portal informacyjny","description":"mojaBochnia to portal informacyjny o Bochni. Codziennie o Bochni piszemy i pokazujemy najwa\u017cniejsze wydarzenia","publisher":{"@id":"https:\/\/www.mojabochnia.pl\/#organization"},"potentialAction":[{"@type":"SearchAction","target":{"@type":"EntryPoint","urlTemplate":"https:\/\/www.mojabochnia.pl\/?s={search_term_string}"},"query-input":{"@type":"PropertyValueSpecification","valueRequired":true,"valueName":"search_term_string"}}],"inLanguage":"pl-PL"},{"@type":"Organization","@id":"https:\/\/www.mojabochnia.pl\/#organization","name":"mojabochnia.pl - portal informacyjny","url":"https:\/\/www.mojabochnia.pl\/","logo":{"@type":"ImageObject","inLanguage":"pl-PL","@id":"https:\/\/www.mojabochnia.pl\/#\/schema\/logo\/image\/","url":"https:\/\/www.mojabochnia.pl\/wp-content\/uploads\/2017\/08\/logo-mb-opt.png","contentUrl":"https:\/\/www.mojabochnia.pl\/wp-content\/uploads\/2017\/08\/logo-mb-opt.png","width":250,"height":48,"caption":"mojabochnia.pl - portal informacyjny"},"image":{"@id":"https:\/\/www.mojabochnia.pl\/#\/schema\/logo\/image\/"},"sameAs":["https:\/\/www.facebook.com\/mojabochnia"]},{"@type":"Person","@id":"https:\/\/www.mojabochnia.pl\/#\/schema\/person\/d4c758656c81ae00e6496831fe7b0792","name":"Marcin Kalinowski","url":"https:\/\/www.mojabochnia.pl\/?author=29"}]}},"_links":{"self":[{"href":"https:\/\/www.mojabochnia.pl\/index.php?rest_route=\/wp\/v2\/posts\/189296","targetHints":{"allow":["GET"]}}],"collection":[{"href":"https:\/\/www.mojabochnia.pl\/index.php?rest_route=\/wp\/v2\/posts"}],"about":[{"href":"https:\/\/www.mojabochnia.pl\/index.php?rest_route=\/wp\/v2\/types\/post"}],"author":[{"embeddable":true,"href":"https:\/\/www.mojabochnia.pl\/index.php?rest_route=\/wp\/v2\/users\/29"}],"replies":[{"embeddable":true,"href":"https:\/\/www.mojabochnia.pl\/index.php?rest_route=%2Fwp%2Fv2%2Fcomments&post=189296"}],"version-history":[{"count":1,"href":"https:\/\/www.mojabochnia.pl\/index.php?rest_route=\/wp\/v2\/posts\/189296\/revisions"}],"predecessor-version":[{"id":189305,"href":"https:\/\/www.mojabochnia.pl\/index.php?rest_route=\/wp\/v2\/posts\/189296\/revisions\/189305"}],"wp:featuredmedia":[{"embeddable":true,"href":"https:\/\/www.mojabochnia.pl\/index.php?rest_route=\/wp\/v2\/media\/189300"}],"wp:attachment":[{"href":"https:\/\/www.mojabochnia.pl\/index.php?rest_route=%2Fwp%2Fv2%2Fmedia&parent=189296"}],"wp:term":[{"taxonomy":"category","embeddable":true,"href":"https:\/\/www.mojabochnia.pl\/index.php?rest_route=%2Fwp%2Fv2%2Fcategories&post=189296"},{"taxonomy":"post_tag","embeddable":true,"href":"https:\/\/www.mojabochnia.pl\/index.php?rest_route=%2Fwp%2Fv2%2Ftags&post=189296"}],"curies":[{"name":"wp","href":"https:\/\/api.w.org\/{rel}","templated":true}]}}