{"id":189285,"date":"2018-09-24T12:13:24","date_gmt":"2018-09-24T10:13:24","guid":{"rendered":"https:\/\/www.mojabochnia.pl\/?p=189285"},"modified":"2018-09-24T12:13:24","modified_gmt":"2018-09-24T10:13:24","slug":"mala-ksiazka-wielki-czlowiek-w-bochenskiej-bibliotece-publicznej","status":"publish","type":"post","link":"https:\/\/www.mojabochnia.pl\/?p=189285","title":{"rendered":"\u201eMa\u0142a ksi\u0105\u017cka- wielki cz\u0142owiek\u201d w boche\u0144skiej Bibliotece Publicznej"},"content":{"rendered":"<p><strong>Oddzia\u0142 dla Dzieci i M\u0142odzie\u017cy Powiatowej i Miejskiej Biblioteki Publicznej w Bochni przy\u0142\u0105czy\u0142 si\u0119 do kampanii spo\u0142ecznej \u201eMa\u0142a ksi\u0105\u017cka- wielki cz\u0142owiek\u201d, kt\u00f3ra jest cz\u0119\u015bci\u0105 og\u00f3lnopolskiej akcji \u201eKsi\u0105\u017ck\u0105 po\u0142\u0105czeni\u201d. Akcja rozpocznie si\u0119 we wrze\u015bniu 2018 roku i b\u0119dzie wspierana kampani\u0105 w mediach, a jej beneficjentami b\u0119d\u0105 trzyletni Mali Czytelnicy. Zach\u0119camy wszystkich rodzic\u00f3w, aby wsp\u00f3lnie z nami przy\u0142\u0105czyli si\u0119 do kampanii i zaszczepili w swoich maluchach mi\u0142o\u015b\u0107 do czytania.<\/strong><\/p>\n<p><span style=\"font-size: medium;\">Po wielkich sukcesach projektu bookstartowego na oddzia\u0142ach po\u0142o\u017cniczych w ca\u0142ej Polsce Instytut Ksi\u0105\u017cki rozpoczyna now\u0105 ods\u0142on\u0119 og\u00f3lnopolskiej kampanii \u201eMa\u0142a ksi\u0105\u017cka \u2013 wielki cz\u0142owiek\u201d. Wyj\u0105tkowe Wyprawki Czytelnicze otrzymaj\u0105 nie tylko rodzice nowo narodzonych dzieci w szpitalach, ale tak\u017ce trzylatki, kt\u00f3re odwiedz\u0105 biblioteki bior\u0105ce udzia\u0142 w akcji.<\/span><\/p>\n<p><span style=\"font-size: medium;\">Pilota\u017cowy projekt dla trzylatk\u00f3w realizowany w ramach og\u00f3lnopolskiej kampanii \u201eMa\u0142a ksi\u0105\u017cka &#8211; wielki cz\u0142owiek\u201d rozpocz\u0105\u0142 si\u0119 we wrze\u015bniu 2018 roku. Akcja ma zach\u0119ci\u0107 rodzic\u00f3w do odwiedzania bibliotek i codziennego czytania z dzieckiem. Ka\u017cdy trzylatek, kt\u00f3ry przyjdzie do biblioteki, otrzyma w prezencie Wyprawk\u0119 Czytelnicz\u0105, a w niej: ksi\u0105\u017ck\u0119 \u201ePierwsze wiersze dla\u2026\u201d oraz Kart\u0119 Ma\u0142ego Czytelnika. Za ka\u017cd\u0105 wizyt\u0119 w bibliotece zako\u0144czon\u0105 wypo\u017cyczeniem minimum jednej ksi\u0105\u017cki z ksi\u0119gozbioru dzieci\u0119cego Ma\u0142y Czytelnik otrzyma naklejk\u0119, a po zebraniu dziesi\u0119ciu zostanie uhonorowany imiennym dyplomem potwierdzaj\u0105cym jego czytelnicze zainteresowania. W Wyprawce znajd\u0105 co\u015b dla siebie tak\u017ce rodzice. \u201eKsi\u0105\u017ck\u0105 po\u0142\u0105czeni, czyli o roli czytania w \u017cyciu dziecka\u201d to broszura informacyjna, przypominaj\u0105ca o korzy\u015bciach wynikaj\u0105cych z czytania dzieciom oraz podpowiadaj\u0105ca, sk\u0105d czerpa\u0107 nowe inspiracje czytelnicze. Dzi\u0119ki akcji dziecko pozna wa\u017cne miejsce na czytelniczej mapie dzieci\u0144stwa (bibliotek\u0119) i zostanie pe\u0142noprawnym uczestnikiem \u017cycia kulturalnego.<\/span><\/p>\n<p><span style=\"font-size: medium;\">Badania wykazuj\u0105, \u017ce dzieci wychowywane po\u015br\u00f3d ksi\u0105\u017cek s\u0105 bardziej pewne siebie, maj\u0105 wi\u0119kszy ni\u017c r\u00f3wie\u015bnicy zas\u00f3b s\u0142ownictwa i dobrze rozwini\u0119t\u0105 wyobra\u017ani\u0119. Po\u017cytki z czytania maj\u0105 tak\u017ce konkretny wymiar materialny: czytaj\u0105ce dzieci osi\u0105gaj\u0105 sukcesy i zarabiaj\u0105 wi\u0119cej od tych, kt\u00f3re nie czytaj\u0105. Nieod\u0142\u0105cznym elementem czytania dzieciom w wieku przedszkolnym jest obecno\u015b\u0107 rodzica\/opiekuna, kt\u00f3ry nie tylko wciela si\u0119 w ksi\u0105\u017ckowych bohater\u00f3w, ale staje si\u0119 przewodnikiem w nowej przygodzie prze\u017cywanej wsp\u00f3lnie z dzieckiem, buduj\u0105c tym samym relacje, kt\u00f3re z ca\u0142\u0105 pewno\u015bci\u0105 zaowocuj\u0105 w przysz\u0142o\u015bci.<\/span><\/p>\n<p><span style=\"font-size: medium;\">Wyprawki Czytelnicze dla trzylatk\u00f3w mo\u017cna odebra\u0107 w prawie 3 tys. bibliotek na terenie ca\u0142ej Polski. W ramach tegorocznej akcji planujemy rozda\u0107 oko\u0142o 100 tys. Wyprawek. Wi\u0119cej informacji oraz lista bibliotek bior\u0105cych udzia\u0142 w projekcie znajduje si\u0119 na stronie: <a onclick=\"javascript:pageTracker._trackPageview('\/outgoing\/www.wielki-czlowiek.pl');\"  href=\"http:\/\/www.wielki-czlowiek.pl\">www.wielki-czlowiek.pl<\/a><\/span><\/p>\n<p><span style=\"font-size: medium;\">Kampania spo\u0142eczna \u201eMa\u0142a ksi\u0105\u017cka \u2013 wielki cz\u0142owiek\u201d przypomina o\u00a0korzy\u015bciach wynikaj\u0105cych ze wsp\u00f3lnego, rodzinnego czytania ju\u017c od pierwszych miesi\u0119cy \u017cycia dziecka. Zosta\u0142a przygotowana w\u00a0zwi\u0105zku z\u00a0og\u00f3lnopolsk\u0105 akcj\u0105, w\u00a0ramach kt\u00f3rej m\u0142odzi rodzice na oddzia\u0142ach po\u0142o\u017cniczych otrzymuj\u0105 wyj\u0105tkowe Wyprawki Czytelnicze: ksi\u0105\u017ck\u0119 z wierszami dla dzieci najwybitniejszych polskich poet\u00f3w oraz broszur\u0119 informacyjn\u0105 o roli czytania w rozwoju m\u0142odego cz\u0142owieka. W 2017 r. w ramach akcji pilota\u017cowej rozpocz\u0119tej w grudniu rozdano 100 tys. Wyprawek Czytelniczych w 360 szpitalach w ca\u0142ej Polsce, a w 2018 r. na nowo narodzone dzieci czeka a\u017c 360 tys. wyprawek.<\/span><\/p>\n<p><span style=\"font-size: medium;\">Projekt nawi\u0105zuje do kampanii proczytelniczych realizowanych na ca\u0142ym \u015bwiecie, a zapocz\u0105tkowanych w 1992 r. przez brytyjsk\u0105 fundacj\u0119 BookTrust.<\/span><\/p>\n<p><span style=\"font-size: medium;\">Projekt jest finansowany ze \u015brodk\u00f3w Ministerstwa Kultury i Dziedzictwa Narodowego. Organizator: Instytut Ksi\u0105\u017cki, Patronat Honorowy: Rzecznik Praw Dziecka Marek Michalak, Partnerzy: Polska Sekcja IBBY, Fundacja Metropolia Dzieci, Patronat Medialny: Ryms, CzasDzieci.pl<\/span><\/p>\n<p><img loading=\"lazy\" decoding=\"async\" class=\"alignnone size-medium wp-image-189287\" src=\"https:\/\/www.mojabochnia.pl\/wp-content\/uploads\/2018\/09\/Ma\u0142a-Ksi\u0105\u017cka-Wielki-Cz\u0142owiek-3-468x624.jpg\" alt=\"\" width=\"468\" height=\"624\" \/><\/p>\n\t  \r\n\t\r\n\t    <div class=\"mb-gallery\">\r\n\t    <a href=\"https:\/\/www.mojabochnia.pl\/?attachment_id=189287\" class=\"\"><img loading=\"lazy\" decoding=\"async\" width=\"100\" height=\"100\" src=\"https:\/\/www.mojabochnia.pl\/wp-content\/uploads\/2018\/09\/Ma\u0142a-Ksi\u0105\u017cka-Wielki-Cz\u0142owiek-3-100x100.jpg\" class=\"attachment-100x100 size-100x100\" alt=\"\" \/><\/a><a href=\"https:\/\/www.mojabochnia.pl\/?attachment_id=189288\" class=\"\"><img loading=\"lazy\" decoding=\"async\" width=\"100\" height=\"100\" src=\"https:\/\/www.mojabochnia.pl\/wp-content\/uploads\/2018\/09\/Ma\u0142a-Ksi\u0105\u017cka-Wielki-Cz\u0142owiek-Plakat-100x100.jpg\" class=\"attachment-100x100 size-100x100\" alt=\"\" \/><\/a>\t    <\/div>\r\n\t    ","protected":false},"excerpt":{"rendered":"<p>Oddzia\u0142 dla Dzieci i M\u0142odzie\u017cy Powiatowej i Miejskiej Biblioteki Publicznej w Bochni przy\u0142\u0105czy\u0142 si\u0119 do kampanii spo\u0142ecznej \u201eMa\u0142a ksi\u0105\u017cka- wielki cz\u0142owiek\u201d, kt\u00f3ra jest cz\u0119\u015bci\u0105 og\u00f3lnopolskiej akcji \u201eKsi\u0105\u017ck\u0105 po\u0142\u0105czeni\u201d. Akcja rozpocznie si\u0119 we wrze\u015bniu 2018 roku i b\u0119dzie wspierana kampani\u0105 w mediach, a jej beneficjentami b\u0119d\u0105 trzyletni Mali Czytelnicy. Zach\u0119camy wszystkich rodzic\u00f3w, aby wsp\u00f3lnie z nami<\/p>\n","protected":false},"author":29,"featured_media":189288,"comment_status":"open","ping_status":"closed","sticky":false,"template":"","format":"standard","meta":{"_acf_changed":false,"footnotes":""},"categories":[92,6251,6250],"tags":[17162,5227],"class_list":["post-189285","post","type-post","status-publish","format-standard","has-post-thumbnail","hentry","category-kultura","category-polityka-i-wydarzenia","category-tematyka","tag-biblioteka","tag-biblioteka-miejska-w-bochni","main_tag-biblioteka"],"acf":[],"yoast_head":"<!-- This site is optimized with the Yoast SEO plugin v26.9 - https:\/\/yoast.com\/product\/yoast-seo-wordpress\/ -->\n<title>\u201eMa\u0142a ksi\u0105\u017cka- wielki cz\u0142owiek\u201d w boche\u0144skiej Bibliotece Publicznej - mojabochnia.pl - portal informacyjny<\/title>\n<meta name=\"robots\" content=\"index, follow, max-snippet:-1, max-image-preview:large, max-video-preview:-1\" \/>\n<link rel=\"canonical\" href=\"https:\/\/www.mojabochnia.pl\/?p=189285\" \/>\n<meta property=\"og:locale\" content=\"pl_PL\" \/>\n<meta property=\"og:type\" content=\"article\" \/>\n<meta property=\"og:title\" content=\"\u201eMa\u0142a ksi\u0105\u017cka- wielki cz\u0142owiek\u201d w boche\u0144skiej Bibliotece Publicznej - mojabochnia.pl - portal informacyjny\" \/>\n<meta property=\"og:description\" content=\"Oddzia\u0142 dla Dzieci i M\u0142odzie\u017cy Powiatowej i Miejskiej Biblioteki Publicznej w Bochni przy\u0142\u0105czy\u0142 si\u0119 do kampanii spo\u0142ecznej \u201eMa\u0142a ksi\u0105\u017cka- wielki cz\u0142owiek\u201d, kt\u00f3ra jest cz\u0119\u015bci\u0105 og\u00f3lnopolskiej akcji \u201eKsi\u0105\u017ck\u0105 po\u0142\u0105czeni\u201d. Akcja rozpocznie si\u0119 we wrze\u015bniu 2018 roku i b\u0119dzie wspierana kampani\u0105 w mediach, a jej beneficjentami b\u0119d\u0105 trzyletni Mali Czytelnicy. Zach\u0119camy wszystkich rodzic\u00f3w, aby wsp\u00f3lnie z nami\" \/>\n<meta property=\"og:url\" content=\"https:\/\/www.mojabochnia.pl\/?p=189285\" \/>\n<meta property=\"og:site_name\" content=\"mojabochnia.pl - portal informacyjny\" \/>\n<meta property=\"article:publisher\" content=\"https:\/\/www.facebook.com\/mojabochnia\" \/>\n<meta property=\"article:published_time\" content=\"2018-09-24T10:13:24+00:00\" \/>\n<meta property=\"og:image\" content=\"https:\/\/www.mojabochnia.pl\/wp-content\/uploads\/2018\/09\/Ma\u0142a-Ksi\u0105\u017cka-Wielki-Cz\u0142owiek-Plakat-e1537783874332.jpg\" \/>\n\t<meta property=\"og:image:width\" content=\"1053\" \/>\n\t<meta property=\"og:image:height\" content=\"1500\" \/>\n\t<meta property=\"og:image:type\" content=\"image\/jpeg\" \/>\n<meta name=\"author\" content=\"Marcin Kalinowski\" \/>\n<meta name=\"twitter:card\" content=\"summary_large_image\" \/>\n<meta name=\"twitter:label1\" content=\"Written by\" \/>\n\t<meta name=\"twitter:data1\" content=\"Marcin Kalinowski\" \/>\n\t<meta name=\"twitter:label2\" content=\"Est. reading time\" \/>\n\t<meta name=\"twitter:data2\" content=\"3 minuty\" \/>\n<script type=\"application\/ld+json\" class=\"yoast-schema-graph\">{\"@context\":\"https:\/\/schema.org\",\"@graph\":[{\"@type\":\"Article\",\"@id\":\"https:\/\/www.mojabochnia.pl\/?p=189285#article\",\"isPartOf\":{\"@id\":\"https:\/\/www.mojabochnia.pl\/?p=189285\"},\"author\":{\"name\":\"Marcin Kalinowski\",\"@id\":\"https:\/\/www.mojabochnia.pl\/#\/schema\/person\/d4c758656c81ae00e6496831fe7b0792\"},\"headline\":\"\u201eMa\u0142a ksi\u0105\u017cka- wielki cz\u0142owiek\u201d w boche\u0144skiej Bibliotece Publicznej\",\"datePublished\":\"2018-09-24T10:13:24+00:00\",\"mainEntityOfPage\":{\"@id\":\"https:\/\/www.mojabochnia.pl\/?p=189285\"},\"wordCount\":641,\"commentCount\":0,\"publisher\":{\"@id\":\"https:\/\/www.mojabochnia.pl\/#organization\"},\"image\":{\"@id\":\"https:\/\/www.mojabochnia.pl\/?p=189285#primaryimage\"},\"thumbnailUrl\":\"https:\/\/www.mojabochnia.pl\/wp-content\/uploads\/2018\/09\/Ma\u0142a-Ksi\u0105\u017cka-Wielki-Cz\u0142owiek-Plakat-e1537783874332.jpg\",\"keywords\":[\"biblioteka\",\"Biblioteka Miejska w Bochni\"],\"articleSection\":[\"kultura\",\"polityka i wydarzenia\",\"tematyka\"],\"inLanguage\":\"pl-PL\",\"potentialAction\":[{\"@type\":\"CommentAction\",\"name\":\"Comment\",\"target\":[\"https:\/\/www.mojabochnia.pl\/?p=189285#respond\"]}]},{\"@type\":\"WebPage\",\"@id\":\"https:\/\/www.mojabochnia.pl\/?p=189285\",\"url\":\"https:\/\/www.mojabochnia.pl\/?p=189285\",\"name\":\"\u201eMa\u0142a ksi\u0105\u017cka- wielki cz\u0142owiek\u201d w boche\u0144skiej Bibliotece Publicznej - mojabochnia.pl - portal informacyjny\",\"isPartOf\":{\"@id\":\"https:\/\/www.mojabochnia.pl\/#website\"},\"primaryImageOfPage\":{\"@id\":\"https:\/\/www.mojabochnia.pl\/?p=189285#primaryimage\"},\"image\":{\"@id\":\"https:\/\/www.mojabochnia.pl\/?p=189285#primaryimage\"},\"thumbnailUrl\":\"https:\/\/www.mojabochnia.pl\/wp-content\/uploads\/2018\/09\/Ma\u0142a-Ksi\u0105\u017cka-Wielki-Cz\u0142owiek-Plakat-e1537783874332.jpg\",\"datePublished\":\"2018-09-24T10:13:24+00:00\",\"breadcrumb\":{\"@id\":\"https:\/\/www.mojabochnia.pl\/?p=189285#breadcrumb\"},\"inLanguage\":\"pl-PL\",\"potentialAction\":[{\"@type\":\"ReadAction\",\"target\":[\"https:\/\/www.mojabochnia.pl\/?p=189285\"]}]},{\"@type\":\"ImageObject\",\"inLanguage\":\"pl-PL\",\"@id\":\"https:\/\/www.mojabochnia.pl\/?p=189285#primaryimage\",\"url\":\"https:\/\/www.mojabochnia.pl\/wp-content\/uploads\/2018\/09\/Ma\u0142a-Ksi\u0105\u017cka-Wielki-Cz\u0142owiek-Plakat-e1537783874332.jpg\",\"contentUrl\":\"https:\/\/www.mojabochnia.pl\/wp-content\/uploads\/2018\/09\/Ma\u0142a-Ksi\u0105\u017cka-Wielki-Cz\u0142owiek-Plakat-e1537783874332.jpg\",\"width\":1053,\"height\":1500},{\"@type\":\"BreadcrumbList\",\"@id\":\"https:\/\/www.mojabochnia.pl\/?p=189285#breadcrumb\",\"itemListElement\":[{\"@type\":\"ListItem\",\"position\":1,\"name\":\"Home\",\"item\":\"https:\/\/www.mojabochnia.pl\/\"},{\"@type\":\"ListItem\",\"position\":2,\"name\":\"\u201eMa\u0142a ksi\u0105\u017cka- wielki cz\u0142owiek\u201d w boche\u0144skiej Bibliotece Publicznej\"}]},{\"@type\":\"WebSite\",\"@id\":\"https:\/\/www.mojabochnia.pl\/#website\",\"url\":\"https:\/\/www.mojabochnia.pl\/\",\"name\":\"mojabochnia.pl - portal informacyjny\",\"description\":\"mojaBochnia to portal informacyjny o Bochni. Codziennie o Bochni piszemy i pokazujemy najwa\u017cniejsze wydarzenia\",\"publisher\":{\"@id\":\"https:\/\/www.mojabochnia.pl\/#organization\"},\"potentialAction\":[{\"@type\":\"SearchAction\",\"target\":{\"@type\":\"EntryPoint\",\"urlTemplate\":\"https:\/\/www.mojabochnia.pl\/?s={search_term_string}\"},\"query-input\":{\"@type\":\"PropertyValueSpecification\",\"valueRequired\":true,\"valueName\":\"search_term_string\"}}],\"inLanguage\":\"pl-PL\"},{\"@type\":\"Organization\",\"@id\":\"https:\/\/www.mojabochnia.pl\/#organization\",\"name\":\"mojabochnia.pl - portal informacyjny\",\"url\":\"https:\/\/www.mojabochnia.pl\/\",\"logo\":{\"@type\":\"ImageObject\",\"inLanguage\":\"pl-PL\",\"@id\":\"https:\/\/www.mojabochnia.pl\/#\/schema\/logo\/image\/\",\"url\":\"https:\/\/www.mojabochnia.pl\/wp-content\/uploads\/2017\/08\/logo-mb-opt.png\",\"contentUrl\":\"https:\/\/www.mojabochnia.pl\/wp-content\/uploads\/2017\/08\/logo-mb-opt.png\",\"width\":250,\"height\":48,\"caption\":\"mojabochnia.pl - portal informacyjny\"},\"image\":{\"@id\":\"https:\/\/www.mojabochnia.pl\/#\/schema\/logo\/image\/\"},\"sameAs\":[\"https:\/\/www.facebook.com\/mojabochnia\"]},{\"@type\":\"Person\",\"@id\":\"https:\/\/www.mojabochnia.pl\/#\/schema\/person\/d4c758656c81ae00e6496831fe7b0792\",\"name\":\"Marcin Kalinowski\",\"url\":\"https:\/\/www.mojabochnia.pl\/?author=29\"}]}<\/script>\n<!-- \/ Yoast SEO plugin. -->","yoast_head_json":{"title":"\u201eMa\u0142a ksi\u0105\u017cka- wielki cz\u0142owiek\u201d w boche\u0144skiej Bibliotece Publicznej - mojabochnia.pl - portal informacyjny","robots":{"index":"index","follow":"follow","max-snippet":"max-snippet:-1","max-image-preview":"max-image-preview:large","max-video-preview":"max-video-preview:-1"},"canonical":"https:\/\/www.mojabochnia.pl\/?p=189285","og_locale":"pl_PL","og_type":"article","og_title":"\u201eMa\u0142a ksi\u0105\u017cka- wielki cz\u0142owiek\u201d w boche\u0144skiej Bibliotece Publicznej - mojabochnia.pl - portal informacyjny","og_description":"Oddzia\u0142 dla Dzieci i M\u0142odzie\u017cy Powiatowej i Miejskiej Biblioteki Publicznej w Bochni przy\u0142\u0105czy\u0142 si\u0119 do kampanii spo\u0142ecznej \u201eMa\u0142a ksi\u0105\u017cka- wielki cz\u0142owiek\u201d, kt\u00f3ra jest cz\u0119\u015bci\u0105 og\u00f3lnopolskiej akcji \u201eKsi\u0105\u017ck\u0105 po\u0142\u0105czeni\u201d. Akcja rozpocznie si\u0119 we wrze\u015bniu 2018 roku i b\u0119dzie wspierana kampani\u0105 w mediach, a jej beneficjentami b\u0119d\u0105 trzyletni Mali Czytelnicy. Zach\u0119camy wszystkich rodzic\u00f3w, aby wsp\u00f3lnie z nami","og_url":"https:\/\/www.mojabochnia.pl\/?p=189285","og_site_name":"mojabochnia.pl - portal informacyjny","article_publisher":"https:\/\/www.facebook.com\/mojabochnia","article_published_time":"2018-09-24T10:13:24+00:00","og_image":[{"width":1053,"height":1500,"url":"https:\/\/www.mojabochnia.pl\/wp-content\/uploads\/2018\/09\/Ma\u0142a-Ksi\u0105\u017cka-Wielki-Cz\u0142owiek-Plakat-e1537783874332.jpg","type":"image\/jpeg"}],"author":"Marcin Kalinowski","twitter_card":"summary_large_image","twitter_misc":{"Written by":"Marcin Kalinowski","Est. reading time":"3 minuty"},"schema":{"@context":"https:\/\/schema.org","@graph":[{"@type":"Article","@id":"https:\/\/www.mojabochnia.pl\/?p=189285#article","isPartOf":{"@id":"https:\/\/www.mojabochnia.pl\/?p=189285"},"author":{"name":"Marcin Kalinowski","@id":"https:\/\/www.mojabochnia.pl\/#\/schema\/person\/d4c758656c81ae00e6496831fe7b0792"},"headline":"\u201eMa\u0142a ksi\u0105\u017cka- wielki cz\u0142owiek\u201d w boche\u0144skiej Bibliotece Publicznej","datePublished":"2018-09-24T10:13:24+00:00","mainEntityOfPage":{"@id":"https:\/\/www.mojabochnia.pl\/?p=189285"},"wordCount":641,"commentCount":0,"publisher":{"@id":"https:\/\/www.mojabochnia.pl\/#organization"},"image":{"@id":"https:\/\/www.mojabochnia.pl\/?p=189285#primaryimage"},"thumbnailUrl":"https:\/\/www.mojabochnia.pl\/wp-content\/uploads\/2018\/09\/Ma\u0142a-Ksi\u0105\u017cka-Wielki-Cz\u0142owiek-Plakat-e1537783874332.jpg","keywords":["biblioteka","Biblioteka Miejska w Bochni"],"articleSection":["kultura","polityka i wydarzenia","tematyka"],"inLanguage":"pl-PL","potentialAction":[{"@type":"CommentAction","name":"Comment","target":["https:\/\/www.mojabochnia.pl\/?p=189285#respond"]}]},{"@type":"WebPage","@id":"https:\/\/www.mojabochnia.pl\/?p=189285","url":"https:\/\/www.mojabochnia.pl\/?p=189285","name":"\u201eMa\u0142a ksi\u0105\u017cka- wielki cz\u0142owiek\u201d w boche\u0144skiej Bibliotece Publicznej - mojabochnia.pl - portal informacyjny","isPartOf":{"@id":"https:\/\/www.mojabochnia.pl\/#website"},"primaryImageOfPage":{"@id":"https:\/\/www.mojabochnia.pl\/?p=189285#primaryimage"},"image":{"@id":"https:\/\/www.mojabochnia.pl\/?p=189285#primaryimage"},"thumbnailUrl":"https:\/\/www.mojabochnia.pl\/wp-content\/uploads\/2018\/09\/Ma\u0142a-Ksi\u0105\u017cka-Wielki-Cz\u0142owiek-Plakat-e1537783874332.jpg","datePublished":"2018-09-24T10:13:24+00:00","breadcrumb":{"@id":"https:\/\/www.mojabochnia.pl\/?p=189285#breadcrumb"},"inLanguage":"pl-PL","potentialAction":[{"@type":"ReadAction","target":["https:\/\/www.mojabochnia.pl\/?p=189285"]}]},{"@type":"ImageObject","inLanguage":"pl-PL","@id":"https:\/\/www.mojabochnia.pl\/?p=189285#primaryimage","url":"https:\/\/www.mojabochnia.pl\/wp-content\/uploads\/2018\/09\/Ma\u0142a-Ksi\u0105\u017cka-Wielki-Cz\u0142owiek-Plakat-e1537783874332.jpg","contentUrl":"https:\/\/www.mojabochnia.pl\/wp-content\/uploads\/2018\/09\/Ma\u0142a-Ksi\u0105\u017cka-Wielki-Cz\u0142owiek-Plakat-e1537783874332.jpg","width":1053,"height":1500},{"@type":"BreadcrumbList","@id":"https:\/\/www.mojabochnia.pl\/?p=189285#breadcrumb","itemListElement":[{"@type":"ListItem","position":1,"name":"Home","item":"https:\/\/www.mojabochnia.pl\/"},{"@type":"ListItem","position":2,"name":"\u201eMa\u0142a ksi\u0105\u017cka- wielki cz\u0142owiek\u201d w boche\u0144skiej Bibliotece Publicznej"}]},{"@type":"WebSite","@id":"https:\/\/www.mojabochnia.pl\/#website","url":"https:\/\/www.mojabochnia.pl\/","name":"mojabochnia.pl - portal informacyjny","description":"mojaBochnia to portal informacyjny o Bochni. Codziennie o Bochni piszemy i pokazujemy najwa\u017cniejsze wydarzenia","publisher":{"@id":"https:\/\/www.mojabochnia.pl\/#organization"},"potentialAction":[{"@type":"SearchAction","target":{"@type":"EntryPoint","urlTemplate":"https:\/\/www.mojabochnia.pl\/?s={search_term_string}"},"query-input":{"@type":"PropertyValueSpecification","valueRequired":true,"valueName":"search_term_string"}}],"inLanguage":"pl-PL"},{"@type":"Organization","@id":"https:\/\/www.mojabochnia.pl\/#organization","name":"mojabochnia.pl - portal informacyjny","url":"https:\/\/www.mojabochnia.pl\/","logo":{"@type":"ImageObject","inLanguage":"pl-PL","@id":"https:\/\/www.mojabochnia.pl\/#\/schema\/logo\/image\/","url":"https:\/\/www.mojabochnia.pl\/wp-content\/uploads\/2017\/08\/logo-mb-opt.png","contentUrl":"https:\/\/www.mojabochnia.pl\/wp-content\/uploads\/2017\/08\/logo-mb-opt.png","width":250,"height":48,"caption":"mojabochnia.pl - portal informacyjny"},"image":{"@id":"https:\/\/www.mojabochnia.pl\/#\/schema\/logo\/image\/"},"sameAs":["https:\/\/www.facebook.com\/mojabochnia"]},{"@type":"Person","@id":"https:\/\/www.mojabochnia.pl\/#\/schema\/person\/d4c758656c81ae00e6496831fe7b0792","name":"Marcin Kalinowski","url":"https:\/\/www.mojabochnia.pl\/?author=29"}]}},"_links":{"self":[{"href":"https:\/\/www.mojabochnia.pl\/index.php?rest_route=\/wp\/v2\/posts\/189285","targetHints":{"allow":["GET"]}}],"collection":[{"href":"https:\/\/www.mojabochnia.pl\/index.php?rest_route=\/wp\/v2\/posts"}],"about":[{"href":"https:\/\/www.mojabochnia.pl\/index.php?rest_route=\/wp\/v2\/types\/post"}],"author":[{"embeddable":true,"href":"https:\/\/www.mojabochnia.pl\/index.php?rest_route=\/wp\/v2\/users\/29"}],"replies":[{"embeddable":true,"href":"https:\/\/www.mojabochnia.pl\/index.php?rest_route=%2Fwp%2Fv2%2Fcomments&post=189285"}],"version-history":[{"count":1,"href":"https:\/\/www.mojabochnia.pl\/index.php?rest_route=\/wp\/v2\/posts\/189285\/revisions"}],"predecessor-version":[{"id":189289,"href":"https:\/\/www.mojabochnia.pl\/index.php?rest_route=\/wp\/v2\/posts\/189285\/revisions\/189289"}],"wp:featuredmedia":[{"embeddable":true,"href":"https:\/\/www.mojabochnia.pl\/index.php?rest_route=\/wp\/v2\/media\/189288"}],"wp:attachment":[{"href":"https:\/\/www.mojabochnia.pl\/index.php?rest_route=%2Fwp%2Fv2%2Fmedia&parent=189285"}],"wp:term":[{"taxonomy":"category","embeddable":true,"href":"https:\/\/www.mojabochnia.pl\/index.php?rest_route=%2Fwp%2Fv2%2Fcategories&post=189285"},{"taxonomy":"post_tag","embeddable":true,"href":"https:\/\/www.mojabochnia.pl\/index.php?rest_route=%2Fwp%2Fv2%2Ftags&post=189285"}],"curies":[{"name":"wp","href":"https:\/\/api.w.org\/{rel}","templated":true}]}}