{"id":189240,"date":"2018-09-21T06:25:41","date_gmt":"2018-09-21T04:25:41","guid":{"rendered":"https:\/\/www.mojabochnia.pl\/?p=189240"},"modified":"2018-09-21T06:25:41","modified_gmt":"2018-09-21T04:25:41","slug":"uwaga-od-dzisiaj-plac-sw-kingi-czasowo-wylaczony-z-ruchu","status":"publish","type":"post","link":"https:\/\/www.mojabochnia.pl\/?p=189240","title":{"rendered":"Uwaga! Od dzisiaj Plac \u015bw. Kingi czasowo wy\u0142\u0105czony z ruchu"},"content":{"rendered":"<p><strong>Urz\u0105d Miasta Bochnia informuje, ze w okresie od 21 do 22 wrze\u015bnia Plac \u015bw. Kingi (od skrzy\u017cowania z\u00a0ul. Szewsk\u0105 do skrzy\u017cowania z ul. Mickiewicza) zostanie wy\u0142\u0105czony z ruchu samochodowego. Nie b\u0119dzie te\u017c mo\u017cliwo\u015bci parkowania pojazd\u00f3w.<\/strong><\/p>\n<p>Przez dwa dni ta 80-metrowa ulica stanie si\u0119 stref\u0105 piesz\u0105 na kt\u00f3rej odbywa\u0107 si\u0119 b\u0119d\u0105 r\u00f3\u017cne wydarzenia, zwi\u0105zane z boche\u0144skimi obchodami Europejskiego Tygodnia Zr\u00f3wnowa\u017conego Transportu.\u00a0 Dostawa towar\u00f3w do punkt\u00f3w handlowych b\u0119dzie mo\u017cliwa z parkowaniem w kieszeniach na pocz\u0105tku i ko\u0144cu wy\u0142\u0105czonej z ruchu strefy.<\/p>\n<p>Za powsta\u0142a utrudnienia urz\u0105d przeprasza zmotoryzowanych mieszka\u0144c\u00f3w Bochni, a wszystkich ju\u017c teraz zaprasza na wydarzenia organizowane w ramach ETZT 2018.<\/p>\n","protected":false},"excerpt":{"rendered":"<p>Urz\u0105d Miasta Bochnia informuje, ze w okresie od 21 do 22 wrze\u015bnia Plac \u015bw. Kingi (od skrzy\u017cowania z\u00a0ul. Szewsk\u0105 do skrzy\u017cowania z ul. Mickiewicza) zostanie wy\u0142\u0105czony z ruchu samochodowego. Nie b\u0119dzie te\u017c mo\u017cliwo\u015bci parkowania pojazd\u00f3w. Przez dwa dni ta 80-metrowa ulica stanie si\u0119 stref\u0105 piesz\u0105 na kt\u00f3rej odbywa\u0107 si\u0119 b\u0119d\u0105 r\u00f3\u017cne wydarzenia, zwi\u0105zane z boche\u0144skimi<\/p>\n","protected":false},"author":1168,"featured_media":161429,"comment_status":"open","ping_status":"closed","sticky":false,"template":"","format":"standard","meta":{"_acf_changed":false,"footnotes":""},"categories":[5,6251,6250],"tags":[9991,19720],"class_list":["post-189240","post","type-post","status-publish","format-standard","has-post-thumbnail","hentry","category-biezace-wydarzenia","category-polityka-i-wydarzenia","category-tematyka","tag-plac-sw-kingi","tag-top-temat"],"acf":[],"yoast_head":"<!-- This site is optimized with the Yoast SEO plugin v26.9 - https:\/\/yoast.com\/product\/yoast-seo-wordpress\/ -->\n<title>Uwaga! Od dzisiaj Plac \u015bw. Kingi czasowo wy\u0142\u0105czony z ruchu - mojabochnia.pl - portal informacyjny<\/title>\n<meta name=\"robots\" content=\"index, follow, max-snippet:-1, max-image-preview:large, max-video-preview:-1\" \/>\n<link rel=\"canonical\" href=\"https:\/\/www.mojabochnia.pl\/?p=189240\" \/>\n<meta property=\"og:locale\" content=\"pl_PL\" \/>\n<meta property=\"og:type\" content=\"article\" \/>\n<meta property=\"og:title\" content=\"Uwaga! Od dzisiaj Plac \u015bw. Kingi czasowo wy\u0142\u0105czony z ruchu - mojabochnia.pl - portal informacyjny\" \/>\n<meta property=\"og:description\" content=\"Urz\u0105d Miasta Bochnia informuje, ze w okresie od 21 do 22 wrze\u015bnia Plac \u015bw. Kingi (od skrzy\u017cowania z\u00a0ul. Szewsk\u0105 do skrzy\u017cowania z ul. Mickiewicza) zostanie wy\u0142\u0105czony z ruchu samochodowego. Nie b\u0119dzie te\u017c mo\u017cliwo\u015bci parkowania pojazd\u00f3w. Przez dwa dni ta 80-metrowa ulica stanie si\u0119 stref\u0105 piesz\u0105 na kt\u00f3rej odbywa\u0107 si\u0119 b\u0119d\u0105 r\u00f3\u017cne wydarzenia, zwi\u0105zane z boche\u0144skimi\" \/>\n<meta property=\"og:url\" content=\"https:\/\/www.mojabochnia.pl\/?p=189240\" \/>\n<meta property=\"og:site_name\" content=\"mojabochnia.pl - portal informacyjny\" \/>\n<meta property=\"article:publisher\" content=\"https:\/\/www.facebook.com\/mojabochnia\" \/>\n<meta property=\"article:published_time\" content=\"2018-09-21T04:25:41+00:00\" \/>\n<meta property=\"og:image\" content=\"https:\/\/www.mojabochnia.pl\/wp-content\/uploads\/2016\/10\/IMG_7015.jpg\" \/>\n\t<meta property=\"og:image:width\" content=\"800\" \/>\n\t<meta property=\"og:image:height\" content=\"534\" \/>\n\t<meta property=\"og:image:type\" content=\"image\/jpeg\" \/>\n<meta name=\"author\" content=\"Mateusz Franczyk\" \/>\n<meta name=\"twitter:card\" content=\"summary_large_image\" \/>\n<meta name=\"twitter:label1\" content=\"Written by\" \/>\n\t<meta name=\"twitter:data1\" content=\"Mateusz Franczyk\" \/>\n\t<meta name=\"twitter:label2\" content=\"Est. reading time\" \/>\n\t<meta name=\"twitter:data2\" content=\"1 minuta\" \/>\n<script type=\"application\/ld+json\" class=\"yoast-schema-graph\">{\"@context\":\"https:\/\/schema.org\",\"@graph\":[{\"@type\":\"Article\",\"@id\":\"https:\/\/www.mojabochnia.pl\/?p=189240#article\",\"isPartOf\":{\"@id\":\"https:\/\/www.mojabochnia.pl\/?p=189240\"},\"author\":{\"name\":\"Mateusz Franczyk\",\"@id\":\"https:\/\/www.mojabochnia.pl\/#\/schema\/person\/43d3c2066b5450cc314bfa4e9e0e0099\"},\"headline\":\"Uwaga! Od dzisiaj Plac \u015bw. Kingi czasowo wy\u0142\u0105czony z ruchu\",\"datePublished\":\"2018-09-21T04:25:41+00:00\",\"mainEntityOfPage\":{\"@id\":\"https:\/\/www.mojabochnia.pl\/?p=189240\"},\"wordCount\":135,\"commentCount\":0,\"publisher\":{\"@id\":\"https:\/\/www.mojabochnia.pl\/#organization\"},\"image\":{\"@id\":\"https:\/\/www.mojabochnia.pl\/?p=189240#primaryimage\"},\"thumbnailUrl\":\"https:\/\/www.mojabochnia.pl\/wp-content\/uploads\/2016\/10\/IMG_7015.jpg\",\"keywords\":[\"plac \u015bw. kingi\",\"top temat\"],\"articleSection\":[\"2_ostatnie\",\"polityka i wydarzenia\",\"tematyka\"],\"inLanguage\":\"pl-PL\",\"potentialAction\":[{\"@type\":\"CommentAction\",\"name\":\"Comment\",\"target\":[\"https:\/\/www.mojabochnia.pl\/?p=189240#respond\"]}]},{\"@type\":\"WebPage\",\"@id\":\"https:\/\/www.mojabochnia.pl\/?p=189240\",\"url\":\"https:\/\/www.mojabochnia.pl\/?p=189240\",\"name\":\"Uwaga! Od dzisiaj Plac \u015bw. Kingi czasowo wy\u0142\u0105czony z ruchu - mojabochnia.pl - portal informacyjny\",\"isPartOf\":{\"@id\":\"https:\/\/www.mojabochnia.pl\/#website\"},\"primaryImageOfPage\":{\"@id\":\"https:\/\/www.mojabochnia.pl\/?p=189240#primaryimage\"},\"image\":{\"@id\":\"https:\/\/www.mojabochnia.pl\/?p=189240#primaryimage\"},\"thumbnailUrl\":\"https:\/\/www.mojabochnia.pl\/wp-content\/uploads\/2016\/10\/IMG_7015.jpg\",\"datePublished\":\"2018-09-21T04:25:41+00:00\",\"breadcrumb\":{\"@id\":\"https:\/\/www.mojabochnia.pl\/?p=189240#breadcrumb\"},\"inLanguage\":\"pl-PL\",\"potentialAction\":[{\"@type\":\"ReadAction\",\"target\":[\"https:\/\/www.mojabochnia.pl\/?p=189240\"]}]},{\"@type\":\"ImageObject\",\"inLanguage\":\"pl-PL\",\"@id\":\"https:\/\/www.mojabochnia.pl\/?p=189240#primaryimage\",\"url\":\"https:\/\/www.mojabochnia.pl\/wp-content\/uploads\/2016\/10\/IMG_7015.jpg\",\"contentUrl\":\"https:\/\/www.mojabochnia.pl\/wp-content\/uploads\/2016\/10\/IMG_7015.jpg\",\"width\":800,\"height\":534,\"caption\":\"Pawe\u0142 Michalczyk\"},{\"@type\":\"BreadcrumbList\",\"@id\":\"https:\/\/www.mojabochnia.pl\/?p=189240#breadcrumb\",\"itemListElement\":[{\"@type\":\"ListItem\",\"position\":1,\"name\":\"Home\",\"item\":\"https:\/\/www.mojabochnia.pl\/\"},{\"@type\":\"ListItem\",\"position\":2,\"name\":\"Uwaga! Od dzisiaj Plac \u015bw. Kingi czasowo wy\u0142\u0105czony z ruchu\"}]},{\"@type\":\"WebSite\",\"@id\":\"https:\/\/www.mojabochnia.pl\/#website\",\"url\":\"https:\/\/www.mojabochnia.pl\/\",\"name\":\"mojabochnia.pl - portal informacyjny\",\"description\":\"mojaBochnia to portal informacyjny o Bochni. Codziennie o Bochni piszemy i pokazujemy najwa\u017cniejsze wydarzenia\",\"publisher\":{\"@id\":\"https:\/\/www.mojabochnia.pl\/#organization\"},\"potentialAction\":[{\"@type\":\"SearchAction\",\"target\":{\"@type\":\"EntryPoint\",\"urlTemplate\":\"https:\/\/www.mojabochnia.pl\/?s={search_term_string}\"},\"query-input\":{\"@type\":\"PropertyValueSpecification\",\"valueRequired\":true,\"valueName\":\"search_term_string\"}}],\"inLanguage\":\"pl-PL\"},{\"@type\":\"Organization\",\"@id\":\"https:\/\/www.mojabochnia.pl\/#organization\",\"name\":\"mojabochnia.pl - portal informacyjny\",\"url\":\"https:\/\/www.mojabochnia.pl\/\",\"logo\":{\"@type\":\"ImageObject\",\"inLanguage\":\"pl-PL\",\"@id\":\"https:\/\/www.mojabochnia.pl\/#\/schema\/logo\/image\/\",\"url\":\"https:\/\/www.mojabochnia.pl\/wp-content\/uploads\/2017\/08\/logo-mb-opt.png\",\"contentUrl\":\"https:\/\/www.mojabochnia.pl\/wp-content\/uploads\/2017\/08\/logo-mb-opt.png\",\"width\":250,\"height\":48,\"caption\":\"mojabochnia.pl - portal informacyjny\"},\"image\":{\"@id\":\"https:\/\/www.mojabochnia.pl\/#\/schema\/logo\/image\/\"},\"sameAs\":[\"https:\/\/www.facebook.com\/mojabochnia\"]},{\"@type\":\"Person\",\"@id\":\"https:\/\/www.mojabochnia.pl\/#\/schema\/person\/43d3c2066b5450cc314bfa4e9e0e0099\",\"name\":\"Mateusz Franczyk\",\"url\":\"https:\/\/www.mojabochnia.pl\/?author=1168\"}]}<\/script>\n<!-- \/ Yoast SEO plugin. -->","yoast_head_json":{"title":"Uwaga! Od dzisiaj Plac \u015bw. Kingi czasowo wy\u0142\u0105czony z ruchu - mojabochnia.pl - portal informacyjny","robots":{"index":"index","follow":"follow","max-snippet":"max-snippet:-1","max-image-preview":"max-image-preview:large","max-video-preview":"max-video-preview:-1"},"canonical":"https:\/\/www.mojabochnia.pl\/?p=189240","og_locale":"pl_PL","og_type":"article","og_title":"Uwaga! Od dzisiaj Plac \u015bw. Kingi czasowo wy\u0142\u0105czony z ruchu - mojabochnia.pl - portal informacyjny","og_description":"Urz\u0105d Miasta Bochnia informuje, ze w okresie od 21 do 22 wrze\u015bnia Plac \u015bw. Kingi (od skrzy\u017cowania z\u00a0ul. Szewsk\u0105 do skrzy\u017cowania z ul. Mickiewicza) zostanie wy\u0142\u0105czony z ruchu samochodowego. Nie b\u0119dzie te\u017c mo\u017cliwo\u015bci parkowania pojazd\u00f3w. Przez dwa dni ta 80-metrowa ulica stanie si\u0119 stref\u0105 piesz\u0105 na kt\u00f3rej odbywa\u0107 si\u0119 b\u0119d\u0105 r\u00f3\u017cne wydarzenia, zwi\u0105zane z boche\u0144skimi","og_url":"https:\/\/www.mojabochnia.pl\/?p=189240","og_site_name":"mojabochnia.pl - portal informacyjny","article_publisher":"https:\/\/www.facebook.com\/mojabochnia","article_published_time":"2018-09-21T04:25:41+00:00","og_image":[{"width":800,"height":534,"url":"https:\/\/www.mojabochnia.pl\/wp-content\/uploads\/2016\/10\/IMG_7015.jpg","type":"image\/jpeg"}],"author":"Mateusz Franczyk","twitter_card":"summary_large_image","twitter_misc":{"Written by":"Mateusz Franczyk","Est. reading time":"1 minuta"},"schema":{"@context":"https:\/\/schema.org","@graph":[{"@type":"Article","@id":"https:\/\/www.mojabochnia.pl\/?p=189240#article","isPartOf":{"@id":"https:\/\/www.mojabochnia.pl\/?p=189240"},"author":{"name":"Mateusz Franczyk","@id":"https:\/\/www.mojabochnia.pl\/#\/schema\/person\/43d3c2066b5450cc314bfa4e9e0e0099"},"headline":"Uwaga! Od dzisiaj Plac \u015bw. Kingi czasowo wy\u0142\u0105czony z ruchu","datePublished":"2018-09-21T04:25:41+00:00","mainEntityOfPage":{"@id":"https:\/\/www.mojabochnia.pl\/?p=189240"},"wordCount":135,"commentCount":0,"publisher":{"@id":"https:\/\/www.mojabochnia.pl\/#organization"},"image":{"@id":"https:\/\/www.mojabochnia.pl\/?p=189240#primaryimage"},"thumbnailUrl":"https:\/\/www.mojabochnia.pl\/wp-content\/uploads\/2016\/10\/IMG_7015.jpg","keywords":["plac \u015bw. kingi","top temat"],"articleSection":["2_ostatnie","polityka i wydarzenia","tematyka"],"inLanguage":"pl-PL","potentialAction":[{"@type":"CommentAction","name":"Comment","target":["https:\/\/www.mojabochnia.pl\/?p=189240#respond"]}]},{"@type":"WebPage","@id":"https:\/\/www.mojabochnia.pl\/?p=189240","url":"https:\/\/www.mojabochnia.pl\/?p=189240","name":"Uwaga! Od dzisiaj Plac \u015bw. Kingi czasowo wy\u0142\u0105czony z ruchu - mojabochnia.pl - portal informacyjny","isPartOf":{"@id":"https:\/\/www.mojabochnia.pl\/#website"},"primaryImageOfPage":{"@id":"https:\/\/www.mojabochnia.pl\/?p=189240#primaryimage"},"image":{"@id":"https:\/\/www.mojabochnia.pl\/?p=189240#primaryimage"},"thumbnailUrl":"https:\/\/www.mojabochnia.pl\/wp-content\/uploads\/2016\/10\/IMG_7015.jpg","datePublished":"2018-09-21T04:25:41+00:00","breadcrumb":{"@id":"https:\/\/www.mojabochnia.pl\/?p=189240#breadcrumb"},"inLanguage":"pl-PL","potentialAction":[{"@type":"ReadAction","target":["https:\/\/www.mojabochnia.pl\/?p=189240"]}]},{"@type":"ImageObject","inLanguage":"pl-PL","@id":"https:\/\/www.mojabochnia.pl\/?p=189240#primaryimage","url":"https:\/\/www.mojabochnia.pl\/wp-content\/uploads\/2016\/10\/IMG_7015.jpg","contentUrl":"https:\/\/www.mojabochnia.pl\/wp-content\/uploads\/2016\/10\/IMG_7015.jpg","width":800,"height":534,"caption":"Pawe\u0142 Michalczyk"},{"@type":"BreadcrumbList","@id":"https:\/\/www.mojabochnia.pl\/?p=189240#breadcrumb","itemListElement":[{"@type":"ListItem","position":1,"name":"Home","item":"https:\/\/www.mojabochnia.pl\/"},{"@type":"ListItem","position":2,"name":"Uwaga! Od dzisiaj Plac \u015bw. Kingi czasowo wy\u0142\u0105czony z ruchu"}]},{"@type":"WebSite","@id":"https:\/\/www.mojabochnia.pl\/#website","url":"https:\/\/www.mojabochnia.pl\/","name":"mojabochnia.pl - portal informacyjny","description":"mojaBochnia to portal informacyjny o Bochni. Codziennie o Bochni piszemy i pokazujemy najwa\u017cniejsze wydarzenia","publisher":{"@id":"https:\/\/www.mojabochnia.pl\/#organization"},"potentialAction":[{"@type":"SearchAction","target":{"@type":"EntryPoint","urlTemplate":"https:\/\/www.mojabochnia.pl\/?s={search_term_string}"},"query-input":{"@type":"PropertyValueSpecification","valueRequired":true,"valueName":"search_term_string"}}],"inLanguage":"pl-PL"},{"@type":"Organization","@id":"https:\/\/www.mojabochnia.pl\/#organization","name":"mojabochnia.pl - portal informacyjny","url":"https:\/\/www.mojabochnia.pl\/","logo":{"@type":"ImageObject","inLanguage":"pl-PL","@id":"https:\/\/www.mojabochnia.pl\/#\/schema\/logo\/image\/","url":"https:\/\/www.mojabochnia.pl\/wp-content\/uploads\/2017\/08\/logo-mb-opt.png","contentUrl":"https:\/\/www.mojabochnia.pl\/wp-content\/uploads\/2017\/08\/logo-mb-opt.png","width":250,"height":48,"caption":"mojabochnia.pl - portal informacyjny"},"image":{"@id":"https:\/\/www.mojabochnia.pl\/#\/schema\/logo\/image\/"},"sameAs":["https:\/\/www.facebook.com\/mojabochnia"]},{"@type":"Person","@id":"https:\/\/www.mojabochnia.pl\/#\/schema\/person\/43d3c2066b5450cc314bfa4e9e0e0099","name":"Mateusz Franczyk","url":"https:\/\/www.mojabochnia.pl\/?author=1168"}]}},"_links":{"self":[{"href":"https:\/\/www.mojabochnia.pl\/index.php?rest_route=\/wp\/v2\/posts\/189240","targetHints":{"allow":["GET"]}}],"collection":[{"href":"https:\/\/www.mojabochnia.pl\/index.php?rest_route=\/wp\/v2\/posts"}],"about":[{"href":"https:\/\/www.mojabochnia.pl\/index.php?rest_route=\/wp\/v2\/types\/post"}],"author":[{"embeddable":true,"href":"https:\/\/www.mojabochnia.pl\/index.php?rest_route=\/wp\/v2\/users\/1168"}],"replies":[{"embeddable":true,"href":"https:\/\/www.mojabochnia.pl\/index.php?rest_route=%2Fwp%2Fv2%2Fcomments&post=189240"}],"version-history":[{"count":1,"href":"https:\/\/www.mojabochnia.pl\/index.php?rest_route=\/wp\/v2\/posts\/189240\/revisions"}],"predecessor-version":[{"id":189242,"href":"https:\/\/www.mojabochnia.pl\/index.php?rest_route=\/wp\/v2\/posts\/189240\/revisions\/189242"}],"wp:featuredmedia":[{"embeddable":true,"href":"https:\/\/www.mojabochnia.pl\/index.php?rest_route=\/wp\/v2\/media\/161429"}],"wp:attachment":[{"href":"https:\/\/www.mojabochnia.pl\/index.php?rest_route=%2Fwp%2Fv2%2Fmedia&parent=189240"}],"wp:term":[{"taxonomy":"category","embeddable":true,"href":"https:\/\/www.mojabochnia.pl\/index.php?rest_route=%2Fwp%2Fv2%2Fcategories&post=189240"},{"taxonomy":"post_tag","embeddable":true,"href":"https:\/\/www.mojabochnia.pl\/index.php?rest_route=%2Fwp%2Fv2%2Ftags&post=189240"}],"curies":[{"name":"wp","href":"https:\/\/api.w.org\/{rel}","templated":true}]}}