{"id":189184,"date":"2018-09-18T22:41:36","date_gmt":"2018-09-18T20:41:36","guid":{"rendered":"https:\/\/www.mojabochnia.pl\/?p=189184"},"modified":"2018-09-18T22:41:36","modified_gmt":"2018-09-18T20:41:36","slug":"jerzy-lysy-powraca-chce-byc-burmistrzem-bochni","status":"publish","type":"post","link":"https:\/\/www.mojabochnia.pl\/?p=189184","title":{"rendered":"Jerzy Lysy powraca &#8211; chce by\u0107 burmistrzem Bochni"},"content":{"rendered":"<p><strong>Jerzy Lysy, by\u0142y w\u00f3jt gminy Bochnia powraca. Po 4 latach przerwy od polityki dawny szef gminy postanowi\u0142 ubiega\u0107 si\u0119 o fotel&#8230; burmistrza Bochni.<\/strong><\/p>\n<p>Jak m\u00f3wi w rozmowie z GK,\u00a0 ta decyzja jest efektem &#8221; tego wszystkiego co od lat dzieje si\u0119 w naszym mie\u015bcie&#8221;. By\u0142y w\u00f3jt twierdzi, \u017ce obecny burmistrz nie ma wizji rozwoju Bochni lub nie potrafi jej konsekwentnie realizowa\u0107.<\/p>\n<blockquote><p>To szczeg\u00f3lnie przykre, \u017ce obserwujemy to mie\u015bcie posiadaj\u0105cym wspania\u0142y kapita\u0142 &#8211; przedsi\u0119biorczych, dobrze wykszta\u0142conych ludzi oraz ogromne walory naturalne: historyczne, geograficzne, komunikacyjne itd. Z drugiej strony &#8211; w\u015br\u00f3d zg\u0142oszonych wcze\u015bniej kontrkandydat\u00f3w urz\u0119duj\u0105cego burmistrza dominuje dziwne prze\u015bwiadczenie, \u017ce licz\u0105 si\u0119 tylko trampoliny partyjne, o kt\u00f3re sami zabiegaj\u0105 czasem nawet w spos\u00f3b budz\u0105cy powszechne za\u017cenowanie. M\u0142odo\u015b\u0107 jest ich walorem, ale zaciemnia go kompletne nieprzygotowanie do tak powa\u017cnej funkcji, a tak\u017ce &#8230;oddech partyjnych aparatczyk\u00f3w stoj\u0105cych za ich plecami.<\/p><\/blockquote>\n<p>&#8211; czytamy w wywiadzie na portalu bochnia.naszemiasto.pl.<\/p>\n<p><strong>Jerzy Lysy\u00a0w\u00f3jtem gminy Bochnia by\u0142 1995 r. do 2014 roku. Wcze\u015bniej przez 4 lata by\u0142 zast\u0119pc\u0105 gospodarza tego samorz\u0105du.<\/strong><\/p>\n<p>Pozostali kandydaci w wyborach na stanowisko burmistrza Bochni to:\u00a0li Krzysztof Kokoszka (PiS) i Artur Gondek (Wolno\u015b\u0107 i Kukiz\u201915) i ubiegaj\u0105cy si\u0119 o reelekcje Stefan Kolawi\u0144ski.<\/p>\n<p>&nbsp;<\/p>\n","protected":false},"excerpt":{"rendered":"<p>Jerzy Lysy, by\u0142y w\u00f3jt gminy Bochnia powraca. Po 4 latach przerwy od polityki dawny szef gminy postanowi\u0142 ubiega\u0107 si\u0119 o fotel&#8230; burmistrza Bochni. Jak m\u00f3wi w rozmowie z GK,\u00a0 ta decyzja jest efektem &#8221; tego wszystkiego co od lat dzieje si\u0119 w naszym mie\u015bcie&#8221;. By\u0142y w\u00f3jt twierdzi, \u017ce obecny burmistrz nie ma wizji rozwoju Bochni<\/p>\n","protected":false},"author":1168,"featured_media":86863,"comment_status":"open","ping_status":"closed","sticky":false,"template":"","format":"standard","meta":{"_acf_changed":false,"footnotes":""},"categories":[5,6251,6250],"tags":[5791,19720,17200,20150,20780],"class_list":["post-189184","post","type-post","status-publish","format-standard","has-post-thumbnail","hentry","category-biezace-wydarzenia","category-polityka-i-wydarzenia","category-tematyka","tag-burmistrz-bochni","tag-top-temat","tag-wybory","tag-wybory-2018","tag-wybory-samorzadowe-2018","main_tag-jerzy-lysy"],"acf":[],"yoast_head":"<!-- This site is optimized with the Yoast SEO plugin v26.9 - https:\/\/yoast.com\/product\/yoast-seo-wordpress\/ -->\n<title>Jerzy Lysy powraca - chce by\u0107 burmistrzem Bochni - mojabochnia.pl - portal informacyjny<\/title>\n<meta name=\"robots\" content=\"index, follow, max-snippet:-1, max-image-preview:large, max-video-preview:-1\" \/>\n<link rel=\"canonical\" href=\"https:\/\/www.mojabochnia.pl\/?p=189184\" \/>\n<meta property=\"og:locale\" content=\"pl_PL\" \/>\n<meta property=\"og:type\" content=\"article\" \/>\n<meta property=\"og:title\" content=\"Jerzy Lysy powraca - chce by\u0107 burmistrzem Bochni - mojabochnia.pl - portal informacyjny\" \/>\n<meta property=\"og:description\" content=\"Jerzy Lysy, by\u0142y w\u00f3jt gminy Bochnia powraca. Po 4 latach przerwy od polityki dawny szef gminy postanowi\u0142 ubiega\u0107 si\u0119 o fotel&#8230; burmistrza Bochni. Jak m\u00f3wi w rozmowie z GK,\u00a0 ta decyzja jest efektem &#8221; tego wszystkiego co od lat dzieje si\u0119 w naszym mie\u015bcie&#8221;. By\u0142y w\u00f3jt twierdzi, \u017ce obecny burmistrz nie ma wizji rozwoju Bochni\" \/>\n<meta property=\"og:url\" content=\"https:\/\/www.mojabochnia.pl\/?p=189184\" \/>\n<meta property=\"og:site_name\" content=\"mojabochnia.pl - portal informacyjny\" \/>\n<meta property=\"article:publisher\" content=\"https:\/\/www.facebook.com\/mojabochnia\" \/>\n<meta property=\"article:published_time\" content=\"2018-09-18T20:41:36+00:00\" \/>\n<meta property=\"og:image\" content=\"https:\/\/www.mojabochnia.pl\/wp-content\/uploads\/2013\/03\/IMG_0868-001.jpg\" \/>\n\t<meta property=\"og:image:width\" content=\"800\" \/>\n\t<meta property=\"og:image:height\" content=\"450\" \/>\n\t<meta property=\"og:image:type\" content=\"image\/jpeg\" \/>\n<meta name=\"author\" content=\"Mateusz Franczyk\" \/>\n<meta name=\"twitter:card\" content=\"summary_large_image\" \/>\n<meta name=\"twitter:label1\" content=\"Written by\" \/>\n\t<meta name=\"twitter:data1\" content=\"Mateusz Franczyk\" \/>\n\t<meta name=\"twitter:label2\" content=\"Est. reading time\" \/>\n\t<meta name=\"twitter:data2\" content=\"1 minuta\" \/>\n<script type=\"application\/ld+json\" class=\"yoast-schema-graph\">{\"@context\":\"https:\/\/schema.org\",\"@graph\":[{\"@type\":\"Article\",\"@id\":\"https:\/\/www.mojabochnia.pl\/?p=189184#article\",\"isPartOf\":{\"@id\":\"https:\/\/www.mojabochnia.pl\/?p=189184\"},\"author\":{\"name\":\"Mateusz Franczyk\",\"@id\":\"https:\/\/www.mojabochnia.pl\/#\/schema\/person\/43d3c2066b5450cc314bfa4e9e0e0099\"},\"headline\":\"Jerzy Lysy powraca &#8211; chce by\u0107 burmistrzem Bochni\",\"datePublished\":\"2018-09-18T20:41:36+00:00\",\"mainEntityOfPage\":{\"@id\":\"https:\/\/www.mojabochnia.pl\/?p=189184\"},\"wordCount\":230,\"commentCount\":0,\"publisher\":{\"@id\":\"https:\/\/www.mojabochnia.pl\/#organization\"},\"image\":{\"@id\":\"https:\/\/www.mojabochnia.pl\/?p=189184#primaryimage\"},\"thumbnailUrl\":\"https:\/\/www.mojabochnia.pl\/wp-content\/uploads\/2013\/03\/IMG_0868-001.jpg\",\"keywords\":[\"burmistrz bochni\",\"top temat\",\"wybory\",\"wybory 2018\",\"wybory samorz\u0105dowe 2018\"],\"articleSection\":[\"2_ostatnie\",\"polityka i wydarzenia\",\"tematyka\"],\"inLanguage\":\"pl-PL\",\"potentialAction\":[{\"@type\":\"CommentAction\",\"name\":\"Comment\",\"target\":[\"https:\/\/www.mojabochnia.pl\/?p=189184#respond\"]}]},{\"@type\":\"WebPage\",\"@id\":\"https:\/\/www.mojabochnia.pl\/?p=189184\",\"url\":\"https:\/\/www.mojabochnia.pl\/?p=189184\",\"name\":\"Jerzy Lysy powraca - chce by\u0107 burmistrzem Bochni - mojabochnia.pl - portal informacyjny\",\"isPartOf\":{\"@id\":\"https:\/\/www.mojabochnia.pl\/#website\"},\"primaryImageOfPage\":{\"@id\":\"https:\/\/www.mojabochnia.pl\/?p=189184#primaryimage\"},\"image\":{\"@id\":\"https:\/\/www.mojabochnia.pl\/?p=189184#primaryimage\"},\"thumbnailUrl\":\"https:\/\/www.mojabochnia.pl\/wp-content\/uploads\/2013\/03\/IMG_0868-001.jpg\",\"datePublished\":\"2018-09-18T20:41:36+00:00\",\"breadcrumb\":{\"@id\":\"https:\/\/www.mojabochnia.pl\/?p=189184#breadcrumb\"},\"inLanguage\":\"pl-PL\",\"potentialAction\":[{\"@type\":\"ReadAction\",\"target\":[\"https:\/\/www.mojabochnia.pl\/?p=189184\"]}]},{\"@type\":\"ImageObject\",\"inLanguage\":\"pl-PL\",\"@id\":\"https:\/\/www.mojabochnia.pl\/?p=189184#primaryimage\",\"url\":\"https:\/\/www.mojabochnia.pl\/wp-content\/uploads\/2013\/03\/IMG_0868-001.jpg\",\"contentUrl\":\"https:\/\/www.mojabochnia.pl\/wp-content\/uploads\/2013\/03\/IMG_0868-001.jpg\",\"width\":800,\"height\":450,\"caption\":\"P. Michalczyk\"},{\"@type\":\"BreadcrumbList\",\"@id\":\"https:\/\/www.mojabochnia.pl\/?p=189184#breadcrumb\",\"itemListElement\":[{\"@type\":\"ListItem\",\"position\":1,\"name\":\"Home\",\"item\":\"https:\/\/www.mojabochnia.pl\/\"},{\"@type\":\"ListItem\",\"position\":2,\"name\":\"Jerzy Lysy powraca &#8211; chce by\u0107 burmistrzem Bochni\"}]},{\"@type\":\"WebSite\",\"@id\":\"https:\/\/www.mojabochnia.pl\/#website\",\"url\":\"https:\/\/www.mojabochnia.pl\/\",\"name\":\"mojabochnia.pl - portal informacyjny\",\"description\":\"mojaBochnia to portal informacyjny o Bochni. Codziennie o Bochni piszemy i pokazujemy najwa\u017cniejsze wydarzenia\",\"publisher\":{\"@id\":\"https:\/\/www.mojabochnia.pl\/#organization\"},\"potentialAction\":[{\"@type\":\"SearchAction\",\"target\":{\"@type\":\"EntryPoint\",\"urlTemplate\":\"https:\/\/www.mojabochnia.pl\/?s={search_term_string}\"},\"query-input\":{\"@type\":\"PropertyValueSpecification\",\"valueRequired\":true,\"valueName\":\"search_term_string\"}}],\"inLanguage\":\"pl-PL\"},{\"@type\":\"Organization\",\"@id\":\"https:\/\/www.mojabochnia.pl\/#organization\",\"name\":\"mojabochnia.pl - portal informacyjny\",\"url\":\"https:\/\/www.mojabochnia.pl\/\",\"logo\":{\"@type\":\"ImageObject\",\"inLanguage\":\"pl-PL\",\"@id\":\"https:\/\/www.mojabochnia.pl\/#\/schema\/logo\/image\/\",\"url\":\"https:\/\/www.mojabochnia.pl\/wp-content\/uploads\/2017\/08\/logo-mb-opt.png\",\"contentUrl\":\"https:\/\/www.mojabochnia.pl\/wp-content\/uploads\/2017\/08\/logo-mb-opt.png\",\"width\":250,\"height\":48,\"caption\":\"mojabochnia.pl - portal informacyjny\"},\"image\":{\"@id\":\"https:\/\/www.mojabochnia.pl\/#\/schema\/logo\/image\/\"},\"sameAs\":[\"https:\/\/www.facebook.com\/mojabochnia\"]},{\"@type\":\"Person\",\"@id\":\"https:\/\/www.mojabochnia.pl\/#\/schema\/person\/43d3c2066b5450cc314bfa4e9e0e0099\",\"name\":\"Mateusz Franczyk\",\"url\":\"https:\/\/www.mojabochnia.pl\/?author=1168\"}]}<\/script>\n<!-- \/ Yoast SEO plugin. -->","yoast_head_json":{"title":"Jerzy Lysy powraca - chce by\u0107 burmistrzem Bochni - mojabochnia.pl - portal informacyjny","robots":{"index":"index","follow":"follow","max-snippet":"max-snippet:-1","max-image-preview":"max-image-preview:large","max-video-preview":"max-video-preview:-1"},"canonical":"https:\/\/www.mojabochnia.pl\/?p=189184","og_locale":"pl_PL","og_type":"article","og_title":"Jerzy Lysy powraca - chce by\u0107 burmistrzem Bochni - mojabochnia.pl - portal informacyjny","og_description":"Jerzy Lysy, by\u0142y w\u00f3jt gminy Bochnia powraca. Po 4 latach przerwy od polityki dawny szef gminy postanowi\u0142 ubiega\u0107 si\u0119 o fotel&#8230; burmistrza Bochni. Jak m\u00f3wi w rozmowie z GK,\u00a0 ta decyzja jest efektem &#8221; tego wszystkiego co od lat dzieje si\u0119 w naszym mie\u015bcie&#8221;. By\u0142y w\u00f3jt twierdzi, \u017ce obecny burmistrz nie ma wizji rozwoju Bochni","og_url":"https:\/\/www.mojabochnia.pl\/?p=189184","og_site_name":"mojabochnia.pl - portal informacyjny","article_publisher":"https:\/\/www.facebook.com\/mojabochnia","article_published_time":"2018-09-18T20:41:36+00:00","og_image":[{"width":800,"height":450,"url":"https:\/\/www.mojabochnia.pl\/wp-content\/uploads\/2013\/03\/IMG_0868-001.jpg","type":"image\/jpeg"}],"author":"Mateusz Franczyk","twitter_card":"summary_large_image","twitter_misc":{"Written by":"Mateusz Franczyk","Est. reading time":"1 minuta"},"schema":{"@context":"https:\/\/schema.org","@graph":[{"@type":"Article","@id":"https:\/\/www.mojabochnia.pl\/?p=189184#article","isPartOf":{"@id":"https:\/\/www.mojabochnia.pl\/?p=189184"},"author":{"name":"Mateusz Franczyk","@id":"https:\/\/www.mojabochnia.pl\/#\/schema\/person\/43d3c2066b5450cc314bfa4e9e0e0099"},"headline":"Jerzy Lysy powraca &#8211; chce by\u0107 burmistrzem Bochni","datePublished":"2018-09-18T20:41:36+00:00","mainEntityOfPage":{"@id":"https:\/\/www.mojabochnia.pl\/?p=189184"},"wordCount":230,"commentCount":0,"publisher":{"@id":"https:\/\/www.mojabochnia.pl\/#organization"},"image":{"@id":"https:\/\/www.mojabochnia.pl\/?p=189184#primaryimage"},"thumbnailUrl":"https:\/\/www.mojabochnia.pl\/wp-content\/uploads\/2013\/03\/IMG_0868-001.jpg","keywords":["burmistrz bochni","top temat","wybory","wybory 2018","wybory samorz\u0105dowe 2018"],"articleSection":["2_ostatnie","polityka i wydarzenia","tematyka"],"inLanguage":"pl-PL","potentialAction":[{"@type":"CommentAction","name":"Comment","target":["https:\/\/www.mojabochnia.pl\/?p=189184#respond"]}]},{"@type":"WebPage","@id":"https:\/\/www.mojabochnia.pl\/?p=189184","url":"https:\/\/www.mojabochnia.pl\/?p=189184","name":"Jerzy Lysy powraca - chce by\u0107 burmistrzem Bochni - mojabochnia.pl - portal informacyjny","isPartOf":{"@id":"https:\/\/www.mojabochnia.pl\/#website"},"primaryImageOfPage":{"@id":"https:\/\/www.mojabochnia.pl\/?p=189184#primaryimage"},"image":{"@id":"https:\/\/www.mojabochnia.pl\/?p=189184#primaryimage"},"thumbnailUrl":"https:\/\/www.mojabochnia.pl\/wp-content\/uploads\/2013\/03\/IMG_0868-001.jpg","datePublished":"2018-09-18T20:41:36+00:00","breadcrumb":{"@id":"https:\/\/www.mojabochnia.pl\/?p=189184#breadcrumb"},"inLanguage":"pl-PL","potentialAction":[{"@type":"ReadAction","target":["https:\/\/www.mojabochnia.pl\/?p=189184"]}]},{"@type":"ImageObject","inLanguage":"pl-PL","@id":"https:\/\/www.mojabochnia.pl\/?p=189184#primaryimage","url":"https:\/\/www.mojabochnia.pl\/wp-content\/uploads\/2013\/03\/IMG_0868-001.jpg","contentUrl":"https:\/\/www.mojabochnia.pl\/wp-content\/uploads\/2013\/03\/IMG_0868-001.jpg","width":800,"height":450,"caption":"P. Michalczyk"},{"@type":"BreadcrumbList","@id":"https:\/\/www.mojabochnia.pl\/?p=189184#breadcrumb","itemListElement":[{"@type":"ListItem","position":1,"name":"Home","item":"https:\/\/www.mojabochnia.pl\/"},{"@type":"ListItem","position":2,"name":"Jerzy Lysy powraca &#8211; chce by\u0107 burmistrzem Bochni"}]},{"@type":"WebSite","@id":"https:\/\/www.mojabochnia.pl\/#website","url":"https:\/\/www.mojabochnia.pl\/","name":"mojabochnia.pl - portal informacyjny","description":"mojaBochnia to portal informacyjny o Bochni. Codziennie o Bochni piszemy i pokazujemy najwa\u017cniejsze wydarzenia","publisher":{"@id":"https:\/\/www.mojabochnia.pl\/#organization"},"potentialAction":[{"@type":"SearchAction","target":{"@type":"EntryPoint","urlTemplate":"https:\/\/www.mojabochnia.pl\/?s={search_term_string}"},"query-input":{"@type":"PropertyValueSpecification","valueRequired":true,"valueName":"search_term_string"}}],"inLanguage":"pl-PL"},{"@type":"Organization","@id":"https:\/\/www.mojabochnia.pl\/#organization","name":"mojabochnia.pl - portal informacyjny","url":"https:\/\/www.mojabochnia.pl\/","logo":{"@type":"ImageObject","inLanguage":"pl-PL","@id":"https:\/\/www.mojabochnia.pl\/#\/schema\/logo\/image\/","url":"https:\/\/www.mojabochnia.pl\/wp-content\/uploads\/2017\/08\/logo-mb-opt.png","contentUrl":"https:\/\/www.mojabochnia.pl\/wp-content\/uploads\/2017\/08\/logo-mb-opt.png","width":250,"height":48,"caption":"mojabochnia.pl - portal informacyjny"},"image":{"@id":"https:\/\/www.mojabochnia.pl\/#\/schema\/logo\/image\/"},"sameAs":["https:\/\/www.facebook.com\/mojabochnia"]},{"@type":"Person","@id":"https:\/\/www.mojabochnia.pl\/#\/schema\/person\/43d3c2066b5450cc314bfa4e9e0e0099","name":"Mateusz Franczyk","url":"https:\/\/www.mojabochnia.pl\/?author=1168"}]}},"_links":{"self":[{"href":"https:\/\/www.mojabochnia.pl\/index.php?rest_route=\/wp\/v2\/posts\/189184","targetHints":{"allow":["GET"]}}],"collection":[{"href":"https:\/\/www.mojabochnia.pl\/index.php?rest_route=\/wp\/v2\/posts"}],"about":[{"href":"https:\/\/www.mojabochnia.pl\/index.php?rest_route=\/wp\/v2\/types\/post"}],"author":[{"embeddable":true,"href":"https:\/\/www.mojabochnia.pl\/index.php?rest_route=\/wp\/v2\/users\/1168"}],"replies":[{"embeddable":true,"href":"https:\/\/www.mojabochnia.pl\/index.php?rest_route=%2Fwp%2Fv2%2Fcomments&post=189184"}],"version-history":[{"count":1,"href":"https:\/\/www.mojabochnia.pl\/index.php?rest_route=\/wp\/v2\/posts\/189184\/revisions"}],"predecessor-version":[{"id":189186,"href":"https:\/\/www.mojabochnia.pl\/index.php?rest_route=\/wp\/v2\/posts\/189184\/revisions\/189186"}],"wp:featuredmedia":[{"embeddable":true,"href":"https:\/\/www.mojabochnia.pl\/index.php?rest_route=\/wp\/v2\/media\/86863"}],"wp:attachment":[{"href":"https:\/\/www.mojabochnia.pl\/index.php?rest_route=%2Fwp%2Fv2%2Fmedia&parent=189184"}],"wp:term":[{"taxonomy":"category","embeddable":true,"href":"https:\/\/www.mojabochnia.pl\/index.php?rest_route=%2Fwp%2Fv2%2Fcategories&post=189184"},{"taxonomy":"post_tag","embeddable":true,"href":"https:\/\/www.mojabochnia.pl\/index.php?rest_route=%2Fwp%2Fv2%2Ftags&post=189184"}],"curies":[{"name":"wp","href":"https:\/\/api.w.org\/{rel}","templated":true}]}}