{"id":189124,"date":"2018-09-14T22:28:51","date_gmt":"2018-09-14T20:28:51","guid":{"rendered":"https:\/\/www.mojabochnia.pl\/?p=189124"},"modified":"2018-09-14T22:28:51","modified_gmt":"2018-09-14T20:28:51","slug":"w-lapanowie-powstanie-centrum-kuchni-regionalnej","status":"publish","type":"post","link":"https:\/\/www.mojabochnia.pl\/?p=189124","title":{"rendered":"W \u0141apanowie powstanie Centrum Kuchni Regionalnej"},"content":{"rendered":"<div class=\"short_desc\"><strong>Starosta boche\u0144ski Ludwik W\u0119grzyn oraz wicestarosta J\u00f3zef Mroczek podpisali umow\u0119 na modernizacj\u0119 budynku warsztat\u00f3w Centrum Kszta\u0142cenia Zawodowego i Ustawicznego w \u0141apanowie. Prawie 450 tysi\u0119cy wyniesie remont budynku warsztat\u00f3w, a dzi\u0119ki temu powstanie Centrum Kuchni Regionalnej przy \u0142apanowskiej szkole.<\/strong><\/div>\n<p>Prace remontowe b\u0119d\u0105 polega\u0107 przede wszystkim na wykonaniu wylewek, nowych posadzek w pomieszczeniach warsztat\u00f3w, nowej instalacji wodnej , \u015bcian z p\u0142ytek ceramicznych, po\u0142o\u017ceniu g\u0142adzi i pomalowaniu jak r\u00f3wnie\u017c wykonaniu kanalizacji technologicznej i kanalizacji sanitarnej. \u0141azienki zyskaj\u0105 nowy blask, na \u015bcianach po\u0142o\u017c\u0105 p\u0142ytki, zamontuj\u0105 nowe muszle, umywalki czy zlewy.<\/p>\n<p><em>Utworzone Centrum Kuchni Regionalnej b\u0119dzie s\u0142u\u017cy\u0107 nie tylko do realizacji zaj\u0119\u0107 praktycznej nauki zawodu w CKZiU, ale b\u0119dzie przede wszystkim miejscem gdzie lokalna spo\u0142eczno\u015b\u0107 b\u0119dzie mog\u0142a si\u0119 spotka\u0107 i rozmawia\u0107 oraz podtrzymywa\u0107 kuchni\u0119 regionaln\u0105, kt\u00f3ra jest z pewno\u015bci\u0105 elementem dziedzictwa kulturowego\u00a0<\/em>\u2013 wyja\u015bnia Ludwik W\u0119grzyn.<\/p>\n<p>Istniej\u0105ce dziedzictwo kulinarne stanowi znakomite narz\u0119dzie promocji regionu, wzrostu konkurencyjno\u015bci regionalnej oferty kulturalnej, podniesienia atrakcyjno\u015bci regionu na rynku krajowym i mi\u0119dzynarodowym. Dzi\u0119ki utworzeniu pracowni mo\u017cliwa b\u0119dzie organizacja licznych wydarze\u0144 kulturowych, imprez folklorystycznych i \u015bwi\u0105t kulinarnych zwi\u0105zanych z promocj\u0105 kuchni regionalnej, przekazywaniem i kultywowaniem dorobku kulinarnego pokole\u0144, smaku tradycyjnych produkt\u00f3w i potraw, co wp\u0142ynie na promocj\u0119 regionu i jego atrakcyjno\u015bci.<\/p>\n<p>Operacja dofinansowana w ramach poddzia\u0142ania 19.2 \u201eWsparcie na wdra\u017canie operacji w ramach strategii rozwoju lokalnego kierowanego przez spo\u0142eczno\u015b\u0107&#8221; obj\u0119tego Programem Rozwoju Obszar\u00f3w Wiejskich na lata 2014-2020. Kwota dofinansowania to prawie 183 tysi\u0105ce z\u0142otych.<\/p>\n<p>Modernizacja, kt\u00f3r\u0105 b\u0119dzie wykonywa\u0142 Zak\u0142ad Remontowo Budowlany, zostanie wykonana do ko\u0144ca wrze\u015bnia br.<\/p>\n<p>__<\/p>\n<p>sp<\/p>\n","protected":false},"excerpt":{"rendered":"<p>Starosta boche\u0144ski Ludwik W\u0119grzyn oraz wicestarosta J\u00f3zef Mroczek podpisali umow\u0119 na modernizacj\u0119 budynku warsztat\u00f3w Centrum Kszta\u0142cenia Zawodowego i Ustawicznego w \u0141apanowie. Prawie 450 tysi\u0119cy wyniesie remont budynku warsztat\u00f3w, a dzi\u0119ki temu powstanie Centrum Kuchni Regionalnej przy \u0142apanowskiej szkole. Prace remontowe b\u0119d\u0105 polega\u0107 przede wszystkim na wykonaniu wylewek, nowych posadzek w pomieszczeniach warsztat\u00f3w, nowej instalacji wodnej<\/p>\n","protected":false},"author":1168,"featured_media":189126,"comment_status":"open","ping_status":"closed","sticky":false,"template":"","format":"standard","meta":{"_acf_changed":false,"footnotes":""},"categories":[5,6250],"tags":[20859,17396,582,17127,17249,19720],"class_list":["post-189124","post","type-post","status-publish","format-standard","has-post-thumbnail","hentry","category-biezace-wydarzenia","category-tematyka","tag-ckzis","tag-edukacja","tag-gmina-lapanow1","tag-powiat-bochenski","tag-szkola","tag-top-temat","main_tag-lapanow"],"acf":[],"yoast_head":"<!-- This site is optimized with the Yoast SEO plugin v26.9 - https:\/\/yoast.com\/product\/yoast-seo-wordpress\/ -->\n<title>W \u0141apanowie powstanie Centrum Kuchni Regionalnej - mojabochnia.pl - portal informacyjny<\/title>\n<meta name=\"robots\" content=\"index, follow, max-snippet:-1, max-image-preview:large, max-video-preview:-1\" \/>\n<link rel=\"canonical\" href=\"https:\/\/www.mojabochnia.pl\/?p=189124\" \/>\n<meta property=\"og:locale\" content=\"pl_PL\" \/>\n<meta property=\"og:type\" content=\"article\" \/>\n<meta property=\"og:title\" content=\"W \u0141apanowie powstanie Centrum Kuchni Regionalnej - mojabochnia.pl - portal informacyjny\" \/>\n<meta property=\"og:description\" content=\"Starosta boche\u0144ski Ludwik W\u0119grzyn oraz wicestarosta J\u00f3zef Mroczek podpisali umow\u0119 na modernizacj\u0119 budynku warsztat\u00f3w Centrum Kszta\u0142cenia Zawodowego i Ustawicznego w \u0141apanowie. Prawie 450 tysi\u0119cy wyniesie remont budynku warsztat\u00f3w, a dzi\u0119ki temu powstanie Centrum Kuchni Regionalnej przy \u0142apanowskiej szkole. Prace remontowe b\u0119d\u0105 polega\u0107 przede wszystkim na wykonaniu wylewek, nowych posadzek w pomieszczeniach warsztat\u00f3w, nowej instalacji wodnej\" \/>\n<meta property=\"og:url\" content=\"https:\/\/www.mojabochnia.pl\/?p=189124\" \/>\n<meta property=\"og:site_name\" content=\"mojabochnia.pl - portal informacyjny\" \/>\n<meta property=\"article:publisher\" content=\"https:\/\/www.facebook.com\/mojabochnia\" \/>\n<meta property=\"article:published_time\" content=\"2018-09-14T20:28:51+00:00\" \/>\n<meta property=\"og:image\" content=\"https:\/\/www.mojabochnia.pl\/wp-content\/uploads\/2018\/09\/file3-1-1-1050x788.png\" \/>\n\t<meta property=\"og:image:width\" content=\"1050\" \/>\n\t<meta property=\"og:image:height\" content=\"788\" \/>\n\t<meta property=\"og:image:type\" content=\"image\/png\" \/>\n<meta name=\"author\" content=\"Mateusz Franczyk\" \/>\n<meta name=\"twitter:card\" content=\"summary_large_image\" \/>\n<meta name=\"twitter:label1\" content=\"Written by\" \/>\n\t<meta name=\"twitter:data1\" content=\"Mateusz Franczyk\" \/>\n\t<meta name=\"twitter:label2\" content=\"Est. reading time\" \/>\n\t<meta name=\"twitter:data2\" content=\"1 minuta\" \/>\n<script type=\"application\/ld+json\" class=\"yoast-schema-graph\">{\"@context\":\"https:\/\/schema.org\",\"@graph\":[{\"@type\":\"Article\",\"@id\":\"https:\/\/www.mojabochnia.pl\/?p=189124#article\",\"isPartOf\":{\"@id\":\"https:\/\/www.mojabochnia.pl\/?p=189124\"},\"author\":{\"name\":\"Mateusz Franczyk\",\"@id\":\"https:\/\/www.mojabochnia.pl\/#\/schema\/person\/43d3c2066b5450cc314bfa4e9e0e0099\"},\"headline\":\"W \u0141apanowie powstanie Centrum Kuchni Regionalnej\",\"datePublished\":\"2018-09-14T20:28:51+00:00\",\"mainEntityOfPage\":{\"@id\":\"https:\/\/www.mojabochnia.pl\/?p=189124\"},\"wordCount\":291,\"commentCount\":0,\"publisher\":{\"@id\":\"https:\/\/www.mojabochnia.pl\/#organization\"},\"image\":{\"@id\":\"https:\/\/www.mojabochnia.pl\/?p=189124#primaryimage\"},\"thumbnailUrl\":\"https:\/\/www.mojabochnia.pl\/wp-content\/uploads\/2018\/09\/file3-1-1.png\",\"keywords\":[\"ckzis\",\"edukacja\",\"gmina \u0142apan\u00f3w\",\"powiat boche\u0144ski\",\"szko\u0142a\",\"top temat\"],\"articleSection\":[\"2_ostatnie\",\"tematyka\"],\"inLanguage\":\"pl-PL\",\"potentialAction\":[{\"@type\":\"CommentAction\",\"name\":\"Comment\",\"target\":[\"https:\/\/www.mojabochnia.pl\/?p=189124#respond\"]}]},{\"@type\":\"WebPage\",\"@id\":\"https:\/\/www.mojabochnia.pl\/?p=189124\",\"url\":\"https:\/\/www.mojabochnia.pl\/?p=189124\",\"name\":\"W \u0141apanowie powstanie Centrum Kuchni Regionalnej - mojabochnia.pl - portal informacyjny\",\"isPartOf\":{\"@id\":\"https:\/\/www.mojabochnia.pl\/#website\"},\"primaryImageOfPage\":{\"@id\":\"https:\/\/www.mojabochnia.pl\/?p=189124#primaryimage\"},\"image\":{\"@id\":\"https:\/\/www.mojabochnia.pl\/?p=189124#primaryimage\"},\"thumbnailUrl\":\"https:\/\/www.mojabochnia.pl\/wp-content\/uploads\/2018\/09\/file3-1-1.png\",\"datePublished\":\"2018-09-14T20:28:51+00:00\",\"breadcrumb\":{\"@id\":\"https:\/\/www.mojabochnia.pl\/?p=189124#breadcrumb\"},\"inLanguage\":\"pl-PL\",\"potentialAction\":[{\"@type\":\"ReadAction\",\"target\":[\"https:\/\/www.mojabochnia.pl\/?p=189124\"]}]},{\"@type\":\"ImageObject\",\"inLanguage\":\"pl-PL\",\"@id\":\"https:\/\/www.mojabochnia.pl\/?p=189124#primaryimage\",\"url\":\"https:\/\/www.mojabochnia.pl\/wp-content\/uploads\/2018\/09\/file3-1-1.png\",\"contentUrl\":\"https:\/\/www.mojabochnia.pl\/wp-content\/uploads\/2018\/09\/file3-1-1.png\",\"width\":1412,\"height\":1059},{\"@type\":\"BreadcrumbList\",\"@id\":\"https:\/\/www.mojabochnia.pl\/?p=189124#breadcrumb\",\"itemListElement\":[{\"@type\":\"ListItem\",\"position\":1,\"name\":\"Home\",\"item\":\"https:\/\/www.mojabochnia.pl\/\"},{\"@type\":\"ListItem\",\"position\":2,\"name\":\"W \u0141apanowie powstanie Centrum Kuchni Regionalnej\"}]},{\"@type\":\"WebSite\",\"@id\":\"https:\/\/www.mojabochnia.pl\/#website\",\"url\":\"https:\/\/www.mojabochnia.pl\/\",\"name\":\"mojabochnia.pl - portal informacyjny\",\"description\":\"mojaBochnia to portal informacyjny o Bochni. Codziennie o Bochni piszemy i pokazujemy najwa\u017cniejsze wydarzenia\",\"publisher\":{\"@id\":\"https:\/\/www.mojabochnia.pl\/#organization\"},\"potentialAction\":[{\"@type\":\"SearchAction\",\"target\":{\"@type\":\"EntryPoint\",\"urlTemplate\":\"https:\/\/www.mojabochnia.pl\/?s={search_term_string}\"},\"query-input\":{\"@type\":\"PropertyValueSpecification\",\"valueRequired\":true,\"valueName\":\"search_term_string\"}}],\"inLanguage\":\"pl-PL\"},{\"@type\":\"Organization\",\"@id\":\"https:\/\/www.mojabochnia.pl\/#organization\",\"name\":\"mojabochnia.pl - portal informacyjny\",\"url\":\"https:\/\/www.mojabochnia.pl\/\",\"logo\":{\"@type\":\"ImageObject\",\"inLanguage\":\"pl-PL\",\"@id\":\"https:\/\/www.mojabochnia.pl\/#\/schema\/logo\/image\/\",\"url\":\"https:\/\/www.mojabochnia.pl\/wp-content\/uploads\/2017\/08\/logo-mb-opt.png\",\"contentUrl\":\"https:\/\/www.mojabochnia.pl\/wp-content\/uploads\/2017\/08\/logo-mb-opt.png\",\"width\":250,\"height\":48,\"caption\":\"mojabochnia.pl - portal informacyjny\"},\"image\":{\"@id\":\"https:\/\/www.mojabochnia.pl\/#\/schema\/logo\/image\/\"},\"sameAs\":[\"https:\/\/www.facebook.com\/mojabochnia\"]},{\"@type\":\"Person\",\"@id\":\"https:\/\/www.mojabochnia.pl\/#\/schema\/person\/43d3c2066b5450cc314bfa4e9e0e0099\",\"name\":\"Mateusz Franczyk\",\"url\":\"https:\/\/www.mojabochnia.pl\/?author=1168\"}]}<\/script>\n<!-- \/ Yoast SEO plugin. -->","yoast_head_json":{"title":"W \u0141apanowie powstanie Centrum Kuchni Regionalnej - mojabochnia.pl - portal informacyjny","robots":{"index":"index","follow":"follow","max-snippet":"max-snippet:-1","max-image-preview":"max-image-preview:large","max-video-preview":"max-video-preview:-1"},"canonical":"https:\/\/www.mojabochnia.pl\/?p=189124","og_locale":"pl_PL","og_type":"article","og_title":"W \u0141apanowie powstanie Centrum Kuchni Regionalnej - mojabochnia.pl - portal informacyjny","og_description":"Starosta boche\u0144ski Ludwik W\u0119grzyn oraz wicestarosta J\u00f3zef Mroczek podpisali umow\u0119 na modernizacj\u0119 budynku warsztat\u00f3w Centrum Kszta\u0142cenia Zawodowego i Ustawicznego w \u0141apanowie. Prawie 450 tysi\u0119cy wyniesie remont budynku warsztat\u00f3w, a dzi\u0119ki temu powstanie Centrum Kuchni Regionalnej przy \u0142apanowskiej szkole. Prace remontowe b\u0119d\u0105 polega\u0107 przede wszystkim na wykonaniu wylewek, nowych posadzek w pomieszczeniach warsztat\u00f3w, nowej instalacji wodnej","og_url":"https:\/\/www.mojabochnia.pl\/?p=189124","og_site_name":"mojabochnia.pl - portal informacyjny","article_publisher":"https:\/\/www.facebook.com\/mojabochnia","article_published_time":"2018-09-14T20:28:51+00:00","og_image":[{"width":1050,"height":788,"url":"https:\/\/www.mojabochnia.pl\/wp-content\/uploads\/2018\/09\/file3-1-1-1050x788.png","type":"image\/png"}],"author":"Mateusz Franczyk","twitter_card":"summary_large_image","twitter_misc":{"Written by":"Mateusz Franczyk","Est. reading time":"1 minuta"},"schema":{"@context":"https:\/\/schema.org","@graph":[{"@type":"Article","@id":"https:\/\/www.mojabochnia.pl\/?p=189124#article","isPartOf":{"@id":"https:\/\/www.mojabochnia.pl\/?p=189124"},"author":{"name":"Mateusz Franczyk","@id":"https:\/\/www.mojabochnia.pl\/#\/schema\/person\/43d3c2066b5450cc314bfa4e9e0e0099"},"headline":"W \u0141apanowie powstanie Centrum Kuchni Regionalnej","datePublished":"2018-09-14T20:28:51+00:00","mainEntityOfPage":{"@id":"https:\/\/www.mojabochnia.pl\/?p=189124"},"wordCount":291,"commentCount":0,"publisher":{"@id":"https:\/\/www.mojabochnia.pl\/#organization"},"image":{"@id":"https:\/\/www.mojabochnia.pl\/?p=189124#primaryimage"},"thumbnailUrl":"https:\/\/www.mojabochnia.pl\/wp-content\/uploads\/2018\/09\/file3-1-1.png","keywords":["ckzis","edukacja","gmina \u0142apan\u00f3w","powiat boche\u0144ski","szko\u0142a","top temat"],"articleSection":["2_ostatnie","tematyka"],"inLanguage":"pl-PL","potentialAction":[{"@type":"CommentAction","name":"Comment","target":["https:\/\/www.mojabochnia.pl\/?p=189124#respond"]}]},{"@type":"WebPage","@id":"https:\/\/www.mojabochnia.pl\/?p=189124","url":"https:\/\/www.mojabochnia.pl\/?p=189124","name":"W \u0141apanowie powstanie Centrum Kuchni Regionalnej - mojabochnia.pl - portal informacyjny","isPartOf":{"@id":"https:\/\/www.mojabochnia.pl\/#website"},"primaryImageOfPage":{"@id":"https:\/\/www.mojabochnia.pl\/?p=189124#primaryimage"},"image":{"@id":"https:\/\/www.mojabochnia.pl\/?p=189124#primaryimage"},"thumbnailUrl":"https:\/\/www.mojabochnia.pl\/wp-content\/uploads\/2018\/09\/file3-1-1.png","datePublished":"2018-09-14T20:28:51+00:00","breadcrumb":{"@id":"https:\/\/www.mojabochnia.pl\/?p=189124#breadcrumb"},"inLanguage":"pl-PL","potentialAction":[{"@type":"ReadAction","target":["https:\/\/www.mojabochnia.pl\/?p=189124"]}]},{"@type":"ImageObject","inLanguage":"pl-PL","@id":"https:\/\/www.mojabochnia.pl\/?p=189124#primaryimage","url":"https:\/\/www.mojabochnia.pl\/wp-content\/uploads\/2018\/09\/file3-1-1.png","contentUrl":"https:\/\/www.mojabochnia.pl\/wp-content\/uploads\/2018\/09\/file3-1-1.png","width":1412,"height":1059},{"@type":"BreadcrumbList","@id":"https:\/\/www.mojabochnia.pl\/?p=189124#breadcrumb","itemListElement":[{"@type":"ListItem","position":1,"name":"Home","item":"https:\/\/www.mojabochnia.pl\/"},{"@type":"ListItem","position":2,"name":"W \u0141apanowie powstanie Centrum Kuchni Regionalnej"}]},{"@type":"WebSite","@id":"https:\/\/www.mojabochnia.pl\/#website","url":"https:\/\/www.mojabochnia.pl\/","name":"mojabochnia.pl - portal informacyjny","description":"mojaBochnia to portal informacyjny o Bochni. Codziennie o Bochni piszemy i pokazujemy najwa\u017cniejsze wydarzenia","publisher":{"@id":"https:\/\/www.mojabochnia.pl\/#organization"},"potentialAction":[{"@type":"SearchAction","target":{"@type":"EntryPoint","urlTemplate":"https:\/\/www.mojabochnia.pl\/?s={search_term_string}"},"query-input":{"@type":"PropertyValueSpecification","valueRequired":true,"valueName":"search_term_string"}}],"inLanguage":"pl-PL"},{"@type":"Organization","@id":"https:\/\/www.mojabochnia.pl\/#organization","name":"mojabochnia.pl - portal informacyjny","url":"https:\/\/www.mojabochnia.pl\/","logo":{"@type":"ImageObject","inLanguage":"pl-PL","@id":"https:\/\/www.mojabochnia.pl\/#\/schema\/logo\/image\/","url":"https:\/\/www.mojabochnia.pl\/wp-content\/uploads\/2017\/08\/logo-mb-opt.png","contentUrl":"https:\/\/www.mojabochnia.pl\/wp-content\/uploads\/2017\/08\/logo-mb-opt.png","width":250,"height":48,"caption":"mojabochnia.pl - portal informacyjny"},"image":{"@id":"https:\/\/www.mojabochnia.pl\/#\/schema\/logo\/image\/"},"sameAs":["https:\/\/www.facebook.com\/mojabochnia"]},{"@type":"Person","@id":"https:\/\/www.mojabochnia.pl\/#\/schema\/person\/43d3c2066b5450cc314bfa4e9e0e0099","name":"Mateusz Franczyk","url":"https:\/\/www.mojabochnia.pl\/?author=1168"}]}},"_links":{"self":[{"href":"https:\/\/www.mojabochnia.pl\/index.php?rest_route=\/wp\/v2\/posts\/189124","targetHints":{"allow":["GET"]}}],"collection":[{"href":"https:\/\/www.mojabochnia.pl\/index.php?rest_route=\/wp\/v2\/posts"}],"about":[{"href":"https:\/\/www.mojabochnia.pl\/index.php?rest_route=\/wp\/v2\/types\/post"}],"author":[{"embeddable":true,"href":"https:\/\/www.mojabochnia.pl\/index.php?rest_route=\/wp\/v2\/users\/1168"}],"replies":[{"embeddable":true,"href":"https:\/\/www.mojabochnia.pl\/index.php?rest_route=%2Fwp%2Fv2%2Fcomments&post=189124"}],"version-history":[{"count":1,"href":"https:\/\/www.mojabochnia.pl\/index.php?rest_route=\/wp\/v2\/posts\/189124\/revisions"}],"predecessor-version":[{"id":189127,"href":"https:\/\/www.mojabochnia.pl\/index.php?rest_route=\/wp\/v2\/posts\/189124\/revisions\/189127"}],"wp:featuredmedia":[{"embeddable":true,"href":"https:\/\/www.mojabochnia.pl\/index.php?rest_route=\/wp\/v2\/media\/189126"}],"wp:attachment":[{"href":"https:\/\/www.mojabochnia.pl\/index.php?rest_route=%2Fwp%2Fv2%2Fmedia&parent=189124"}],"wp:term":[{"taxonomy":"category","embeddable":true,"href":"https:\/\/www.mojabochnia.pl\/index.php?rest_route=%2Fwp%2Fv2%2Fcategories&post=189124"},{"taxonomy":"post_tag","embeddable":true,"href":"https:\/\/www.mojabochnia.pl\/index.php?rest_route=%2Fwp%2Fv2%2Ftags&post=189124"}],"curies":[{"name":"wp","href":"https:\/\/api.w.org\/{rel}","templated":true}]}}