{"id":188812,"date":"2018-09-24T13:13:52","date_gmt":"2018-09-24T11:13:52","guid":{"rendered":"https:\/\/www.mojabochnia.pl\/?p=188812"},"modified":"2018-09-24T13:31:30","modified_gmt":"2018-09-24T11:31:30","slug":"180-metrow-wstydu-mieszkancy-czekaja-na-chodnik-przy-ul-wisnickiej","status":"publish","type":"post","link":"https:\/\/www.mojabochnia.pl\/?p=188812","title":{"rendered":"180 metr\u00f3w wstydu. Mieszka\u0144cy czekaj\u0105 na chodnik przy ul. Wi\u015bnickiej"},"content":{"rendered":"<p><strong>Mniej wi\u0119cej rok temu poczynili\u015bmy artyku\u0142 \u00a0na temat chodnika przy ulicy Wi\u015bnickiej. Na odcinku pomi\u0119dzy drukarni\u0105 a wiaduktem nad obwodnic\u0105 piesi maj\u0105 do pokonania w\u0105ski odcinek &#8230; no w\u0142a\u015bnie nie wiadomo czego &#8211; na pewno nie chodnika &#8211; na kt\u00f3rym a\u017c roi si\u0119 od dziur, wystaj\u0105cych kamieni, a tak\u017ce pozosta\u0142o\u015bci po metalowych konstrukcjach.\u00a0<\/strong><\/p>\n<p>Kiedy w roku 2017 (<a href=\"https:\/\/www.mojabochnia.pl\/?p=172875\"><strong>TUTAJ<\/strong><\/a>) napisali\u015bmy o tym zapomnianym &#8211; ale przecie\u017c do\u015b\u0107 cz\u0119sto ucz\u0119szczanym, b\u0119d\u0105cym g\u0142\u00f3wnym traktem \u0142\u0105cz\u0105cym po\u0142udniow\u0105 cz\u0119\u015b\u0107 miasta z jego centrum &#8211;\u00a0 wyra\u017cano nadziej\u0119, \u017ce temat chodnika zostanie podniesiony w roku\u00a02018 podczas remontu nawierzchni drogi wojew\u00f3dzkiej.<\/p>\n<p>Mamy rok 2018. Z drzew spadaj\u0105 ju\u017c pierwsze li\u015bcie. Jeszcze kilka tygodni temu wys\u0142ali\u015bmy zapytanie do Urz\u0119du Miasta o to czy jest szansa na realizacj\u0119 tego zadania w roku bie\u017c\u0105cym, a je\u015bli tak, to kiedy?<\/p>\n<p>Otrzymali\u015bmy odpowied\u017a, z kt\u00f3rej wynika, \u017ce miasto ju\u017c w roku 2015 opracowa\u0142o w\u0142asn\u0105 dokumentacj\u0119 na budow\u0119 na ww. odcinku chodnika wraz z kanalizacj\u0105 deszczow\u0105 przy drodze wojew\u00f3dzkiej nr 965 (ul. Wi\u015bnicka). Ju\u017c w roku 2016 uzyskano pozwolenie na budow\u0119 dla przedmiotowej inwestycji.<\/p>\n<p><em> R\u00f3wnocze\u015bnie ZDW [Zarz\u0105d Dr\u00f3g Wojew\u00f3dzkich &#8211; przyp. MK] rozpocz\u0119\u0142o w\u0142asn\u0105 inwestycj\u0119 w systemie zaprojektuj i wybuduj, kt\u00f3ra obejmowa\u0142a r\u00f3wnie\u017c odcinek dla kt\u00f3rego Gmina Miasto Bochnia posiada\u0142o dokumentacj\u0119.\u00a0W dniu 21.06.2017 ZDW poinformowa\u0142 za pismem, \u017ce przedmiotowy fragment odcinka zostanie zrealizowany w ramach zadania \u201erozbudowa drogi wojew\u00f3dzkiej 965 Zielona \u2013 Limanowa\u201d &#8211;<\/em> poinformowa\u0142 nas Andrzej Koprowski z boche\u0144skiego magistratu<\/p>\n<p>&nbsp;<\/p>\n<p>Czyli&#8230; czekamy dalej. Czas mija, wypatruj\u0105c tak d\u0142ugo oczekiwanego remontu, a koniec inwestycji zbli\u017ca si\u0119 coraz wi\u0119kszymi krokami. Czy doczekamy si\u0119 nowego chodnika jeszcze w roku 2018?<\/p>\n<p>&nbsp;<\/p>\n\t  \r\n\t\r\n\t    <div class=\"mb-gallery\">\r\n\t    <a href=\"https:\/\/www.mojabochnia.pl\/?attachment_id=188815\" class=\"\"><img loading=\"lazy\" decoding=\"async\" width=\"100\" height=\"100\" src=\"https:\/\/www.mojabochnia.pl\/wp-content\/uploads\/2018\/09\/DSC_6302-100x100.jpg\" class=\"attachment-100x100 size-100x100\" alt=\"\" \/><\/a><a href=\"https:\/\/www.mojabochnia.pl\/?attachment_id=188817\" class=\"\"><img loading=\"lazy\" decoding=\"async\" width=\"100\" height=\"100\" src=\"https:\/\/www.mojabochnia.pl\/wp-content\/uploads\/2018\/09\/DSC_6300-100x100.jpg\" class=\"attachment-100x100 size-100x100\" alt=\"\" \/><\/a><a href=\"https:\/\/www.mojabochnia.pl\/?attachment_id=188818\" class=\"\"><img loading=\"lazy\" decoding=\"async\" width=\"100\" height=\"100\" src=\"https:\/\/www.mojabochnia.pl\/wp-content\/uploads\/2018\/09\/DSC_6308-100x100.jpg\" class=\"attachment-100x100 size-100x100\" alt=\"\" \/><\/a><a href=\"https:\/\/www.mojabochnia.pl\/?attachment_id=188819\" class=\"\"><img loading=\"lazy\" decoding=\"async\" width=\"100\" height=\"100\" src=\"https:\/\/www.mojabochnia.pl\/wp-content\/uploads\/2018\/09\/DSC_6299-100x100.jpg\" class=\"attachment-100x100 size-100x100\" alt=\"\" \/><\/a><a href=\"https:\/\/www.mojabochnia.pl\/?attachment_id=188820\" class=\"\"><img loading=\"lazy\" decoding=\"async\" width=\"100\" height=\"100\" src=\"https:\/\/www.mojabochnia.pl\/wp-content\/uploads\/2018\/09\/DSC_6306-100x100.jpg\" class=\"attachment-100x100 size-100x100\" alt=\"\" \/><\/a><a href=\"https:\/\/www.mojabochnia.pl\/?attachment_id=188821\" class=\"\"><img loading=\"lazy\" decoding=\"async\" width=\"100\" height=\"100\" src=\"https:\/\/www.mojabochnia.pl\/wp-content\/uploads\/2018\/09\/DSC_6295-100x100.jpg\" class=\"attachment-100x100 size-100x100\" alt=\"\" \/><\/a><a href=\"https:\/\/www.mojabochnia.pl\/?attachment_id=188822\" class=\"\"><img loading=\"lazy\" decoding=\"async\" width=\"100\" height=\"100\" src=\"https:\/\/www.mojabochnia.pl\/wp-content\/uploads\/2018\/09\/DSC_6305-100x100.jpg\" class=\"attachment-100x100 size-100x100\" alt=\"\" \/><\/a><a href=\"https:\/\/www.mojabochnia.pl\/?attachment_id=188823\" class=\"\"><img loading=\"lazy\" decoding=\"async\" width=\"100\" height=\"100\" src=\"https:\/\/www.mojabochnia.pl\/wp-content\/uploads\/2018\/09\/DSC_6296-100x100.jpg\" class=\"attachment-100x100 size-100x100\" alt=\"\" \/><\/a><a href=\"https:\/\/www.mojabochnia.pl\/?attachment_id=188824\" class=\"\"><img loading=\"lazy\" decoding=\"async\" width=\"100\" height=\"100\" src=\"https:\/\/www.mojabochnia.pl\/wp-content\/uploads\/2018\/09\/DSC_6294-100x100.jpg\" class=\"attachment-100x100 size-100x100\" alt=\"\" \/><\/a><a href=\"https:\/\/www.mojabochnia.pl\/?attachment_id=188825\" class=\"\"><img loading=\"lazy\" decoding=\"async\" width=\"100\" height=\"100\" src=\"https:\/\/www.mojabochnia.pl\/wp-content\/uploads\/2018\/09\/DSC_6297-100x100.jpg\" class=\"attachment-100x100 size-100x100\" alt=\"\" \/><\/a><a href=\"https:\/\/www.mojabochnia.pl\/?attachment_id=188826\" class=\"\"><img loading=\"lazy\" decoding=\"async\" width=\"100\" height=\"100\" src=\"https:\/\/www.mojabochnia.pl\/wp-content\/uploads\/2018\/09\/DSC_6313-100x100.jpg\" class=\"attachment-100x100 size-100x100\" alt=\"\" \/><\/a><a href=\"https:\/\/www.mojabochnia.pl\/?attachment_id=188827\" class=\"\"><img loading=\"lazy\" decoding=\"async\" width=\"100\" height=\"100\" src=\"https:\/\/www.mojabochnia.pl\/wp-content\/uploads\/2018\/09\/DSC_6301-100x100.jpg\" class=\"attachment-100x100 size-100x100\" alt=\"\" \/><\/a><a href=\"https:\/\/www.mojabochnia.pl\/?attachment_id=188828\" class=\"\"><img loading=\"lazy\" decoding=\"async\" width=\"100\" height=\"100\" src=\"https:\/\/www.mojabochnia.pl\/wp-content\/uploads\/2018\/09\/DSC_6311-100x100.jpg\" class=\"attachment-100x100 size-100x100\" alt=\"\" \/><\/a>\t    <\/div>\r\n\t    ","protected":false},"excerpt":{"rendered":"<p>Mniej wi\u0119cej rok temu poczynili\u015bmy artyku\u0142 \u00a0na temat chodnika przy ulicy Wi\u015bnickiej. Na odcinku pomi\u0119dzy drukarni\u0105 a wiaduktem nad obwodnic\u0105 piesi maj\u0105 do pokonania w\u0105ski odcinek &#8230; no w\u0142a\u015bnie nie wiadomo czego &#8211; na pewno nie chodnika &#8211; na kt\u00f3rym a\u017c roi si\u0119 od dziur, wystaj\u0105cych kamieni, a tak\u017ce pozosta\u0142o\u015bci po metalowych konstrukcjach.\u00a0 Kiedy w<\/p>\n","protected":false},"author":29,"featured_media":188828,"comment_status":"open","ping_status":"closed","sticky":false,"template":"","format":"standard","meta":{"_acf_changed":false,"footnotes":""},"categories":[5,6251,6250],"tags":[14889,1513,19720,20908],"class_list":["post-188812","post","type-post","status-publish","format-standard","has-post-thumbnail","hentry","category-biezace-wydarzenia","category-polityka-i-wydarzenia","category-tematyka","tag-andrzej-koprowski","tag-droga-wojewodzka","tag-top-temat","tag-ulica-wisnicka","main_tag-inwestycje-drogowe"],"acf":[],"yoast_head":"<!-- This site is optimized with the Yoast SEO plugin v26.9 - https:\/\/yoast.com\/product\/yoast-seo-wordpress\/ -->\n<title>180 metr\u00f3w wstydu. Mieszka\u0144cy czekaj\u0105 na chodnik przy ul. Wi\u015bnickiej - mojabochnia.pl - portal informacyjny<\/title>\n<meta name=\"robots\" content=\"index, follow, max-snippet:-1, max-image-preview:large, max-video-preview:-1\" \/>\n<link rel=\"canonical\" href=\"https:\/\/www.mojabochnia.pl\/?p=188812\" \/>\n<meta property=\"og:locale\" content=\"pl_PL\" \/>\n<meta property=\"og:type\" content=\"article\" \/>\n<meta property=\"og:title\" content=\"180 metr\u00f3w wstydu. Mieszka\u0144cy czekaj\u0105 na chodnik przy ul. Wi\u015bnickiej - mojabochnia.pl - portal informacyjny\" \/>\n<meta property=\"og:description\" content=\"Mniej wi\u0119cej rok temu poczynili\u015bmy artyku\u0142 \u00a0na temat chodnika przy ulicy Wi\u015bnickiej. Na odcinku pomi\u0119dzy drukarni\u0105 a wiaduktem nad obwodnic\u0105 piesi maj\u0105 do pokonania w\u0105ski odcinek &#8230; no w\u0142a\u015bnie nie wiadomo czego &#8211; na pewno nie chodnika &#8211; na kt\u00f3rym a\u017c roi si\u0119 od dziur, wystaj\u0105cych kamieni, a tak\u017ce pozosta\u0142o\u015bci po metalowych konstrukcjach.\u00a0 Kiedy w\" \/>\n<meta property=\"og:url\" content=\"https:\/\/www.mojabochnia.pl\/?p=188812\" \/>\n<meta property=\"og:site_name\" content=\"mojabochnia.pl - portal informacyjny\" \/>\n<meta property=\"article:publisher\" content=\"https:\/\/www.facebook.com\/mojabochnia\" \/>\n<meta property=\"article:published_time\" content=\"2018-09-24T11:13:52+00:00\" \/>\n<meta property=\"article:modified_time\" content=\"2018-09-24T11:31:30+00:00\" \/>\n<meta property=\"og:image\" content=\"https:\/\/www.mojabochnia.pl\/wp-content\/uploads\/2018\/09\/DSC_6311.jpg\" \/>\n\t<meta property=\"og:image:width\" content=\"1500\" \/>\n\t<meta property=\"og:image:height\" content=\"1000\" \/>\n\t<meta property=\"og:image:type\" content=\"image\/jpeg\" \/>\n<meta name=\"author\" content=\"Marcin Kalinowski\" \/>\n<meta name=\"twitter:card\" content=\"summary_large_image\" \/>\n<meta name=\"twitter:label1\" content=\"Written by\" \/>\n\t<meta name=\"twitter:data1\" content=\"Marcin Kalinowski\" \/>\n\t<meta name=\"twitter:label2\" content=\"Est. reading time\" \/>\n\t<meta name=\"twitter:data2\" content=\"1 minuta\" \/>\n<script type=\"application\/ld+json\" class=\"yoast-schema-graph\">{\"@context\":\"https:\/\/schema.org\",\"@graph\":[{\"@type\":\"Article\",\"@id\":\"https:\/\/www.mojabochnia.pl\/?p=188812#article\",\"isPartOf\":{\"@id\":\"https:\/\/www.mojabochnia.pl\/?p=188812\"},\"author\":{\"name\":\"Marcin Kalinowski\",\"@id\":\"https:\/\/www.mojabochnia.pl\/#\/schema\/person\/d4c758656c81ae00e6496831fe7b0792\"},\"headline\":\"180 metr\u00f3w wstydu. Mieszka\u0144cy czekaj\u0105 na chodnik przy ul. Wi\u015bnickiej\",\"datePublished\":\"2018-09-24T11:13:52+00:00\",\"dateModified\":\"2018-09-24T11:31:30+00:00\",\"mainEntityOfPage\":{\"@id\":\"https:\/\/www.mojabochnia.pl\/?p=188812\"},\"wordCount\":311,\"commentCount\":0,\"publisher\":{\"@id\":\"https:\/\/www.mojabochnia.pl\/#organization\"},\"image\":{\"@id\":\"https:\/\/www.mojabochnia.pl\/?p=188812#primaryimage\"},\"thumbnailUrl\":\"https:\/\/www.mojabochnia.pl\/wp-content\/uploads\/2018\/09\/DSC_6311.jpg\",\"keywords\":[\"andrzej koprowski\",\"droga wojew\u00f3dzka\",\"top temat\",\"ulica Wi\u015bnicka\"],\"articleSection\":[\"2_ostatnie\",\"polityka i wydarzenia\",\"tematyka\"],\"inLanguage\":\"pl-PL\",\"potentialAction\":[{\"@type\":\"CommentAction\",\"name\":\"Comment\",\"target\":[\"https:\/\/www.mojabochnia.pl\/?p=188812#respond\"]}]},{\"@type\":\"WebPage\",\"@id\":\"https:\/\/www.mojabochnia.pl\/?p=188812\",\"url\":\"https:\/\/www.mojabochnia.pl\/?p=188812\",\"name\":\"180 metr\u00f3w wstydu. Mieszka\u0144cy czekaj\u0105 na chodnik przy ul. Wi\u015bnickiej - mojabochnia.pl - portal informacyjny\",\"isPartOf\":{\"@id\":\"https:\/\/www.mojabochnia.pl\/#website\"},\"primaryImageOfPage\":{\"@id\":\"https:\/\/www.mojabochnia.pl\/?p=188812#primaryimage\"},\"image\":{\"@id\":\"https:\/\/www.mojabochnia.pl\/?p=188812#primaryimage\"},\"thumbnailUrl\":\"https:\/\/www.mojabochnia.pl\/wp-content\/uploads\/2018\/09\/DSC_6311.jpg\",\"datePublished\":\"2018-09-24T11:13:52+00:00\",\"dateModified\":\"2018-09-24T11:31:30+00:00\",\"breadcrumb\":{\"@id\":\"https:\/\/www.mojabochnia.pl\/?p=188812#breadcrumb\"},\"inLanguage\":\"pl-PL\",\"potentialAction\":[{\"@type\":\"ReadAction\",\"target\":[\"https:\/\/www.mojabochnia.pl\/?p=188812\"]}]},{\"@type\":\"ImageObject\",\"inLanguage\":\"pl-PL\",\"@id\":\"https:\/\/www.mojabochnia.pl\/?p=188812#primaryimage\",\"url\":\"https:\/\/www.mojabochnia.pl\/wp-content\/uploads\/2018\/09\/DSC_6311.jpg\",\"contentUrl\":\"https:\/\/www.mojabochnia.pl\/wp-content\/uploads\/2018\/09\/DSC_6311.jpg\",\"width\":1500,\"height\":1000},{\"@type\":\"BreadcrumbList\",\"@id\":\"https:\/\/www.mojabochnia.pl\/?p=188812#breadcrumb\",\"itemListElement\":[{\"@type\":\"ListItem\",\"position\":1,\"name\":\"Home\",\"item\":\"https:\/\/www.mojabochnia.pl\/\"},{\"@type\":\"ListItem\",\"position\":2,\"name\":\"180 metr\u00f3w wstydu. Mieszka\u0144cy czekaj\u0105 na chodnik przy ul. Wi\u015bnickiej\"}]},{\"@type\":\"WebSite\",\"@id\":\"https:\/\/www.mojabochnia.pl\/#website\",\"url\":\"https:\/\/www.mojabochnia.pl\/\",\"name\":\"mojabochnia.pl - portal informacyjny\",\"description\":\"mojaBochnia to portal informacyjny o Bochni. Codziennie o Bochni piszemy i pokazujemy najwa\u017cniejsze wydarzenia\",\"publisher\":{\"@id\":\"https:\/\/www.mojabochnia.pl\/#organization\"},\"potentialAction\":[{\"@type\":\"SearchAction\",\"target\":{\"@type\":\"EntryPoint\",\"urlTemplate\":\"https:\/\/www.mojabochnia.pl\/?s={search_term_string}\"},\"query-input\":{\"@type\":\"PropertyValueSpecification\",\"valueRequired\":true,\"valueName\":\"search_term_string\"}}],\"inLanguage\":\"pl-PL\"},{\"@type\":\"Organization\",\"@id\":\"https:\/\/www.mojabochnia.pl\/#organization\",\"name\":\"mojabochnia.pl - portal informacyjny\",\"url\":\"https:\/\/www.mojabochnia.pl\/\",\"logo\":{\"@type\":\"ImageObject\",\"inLanguage\":\"pl-PL\",\"@id\":\"https:\/\/www.mojabochnia.pl\/#\/schema\/logo\/image\/\",\"url\":\"https:\/\/www.mojabochnia.pl\/wp-content\/uploads\/2017\/08\/logo-mb-opt.png\",\"contentUrl\":\"https:\/\/www.mojabochnia.pl\/wp-content\/uploads\/2017\/08\/logo-mb-opt.png\",\"width\":250,\"height\":48,\"caption\":\"mojabochnia.pl - portal informacyjny\"},\"image\":{\"@id\":\"https:\/\/www.mojabochnia.pl\/#\/schema\/logo\/image\/\"},\"sameAs\":[\"https:\/\/www.facebook.com\/mojabochnia\"]},{\"@type\":\"Person\",\"@id\":\"https:\/\/www.mojabochnia.pl\/#\/schema\/person\/d4c758656c81ae00e6496831fe7b0792\",\"name\":\"Marcin Kalinowski\",\"url\":\"https:\/\/www.mojabochnia.pl\/?author=29\"}]}<\/script>\n<!-- \/ Yoast SEO plugin. -->","yoast_head_json":{"title":"180 metr\u00f3w wstydu. Mieszka\u0144cy czekaj\u0105 na chodnik przy ul. Wi\u015bnickiej - mojabochnia.pl - portal informacyjny","robots":{"index":"index","follow":"follow","max-snippet":"max-snippet:-1","max-image-preview":"max-image-preview:large","max-video-preview":"max-video-preview:-1"},"canonical":"https:\/\/www.mojabochnia.pl\/?p=188812","og_locale":"pl_PL","og_type":"article","og_title":"180 metr\u00f3w wstydu. Mieszka\u0144cy czekaj\u0105 na chodnik przy ul. Wi\u015bnickiej - mojabochnia.pl - portal informacyjny","og_description":"Mniej wi\u0119cej rok temu poczynili\u015bmy artyku\u0142 \u00a0na temat chodnika przy ulicy Wi\u015bnickiej. Na odcinku pomi\u0119dzy drukarni\u0105 a wiaduktem nad obwodnic\u0105 piesi maj\u0105 do pokonania w\u0105ski odcinek &#8230; no w\u0142a\u015bnie nie wiadomo czego &#8211; na pewno nie chodnika &#8211; na kt\u00f3rym a\u017c roi si\u0119 od dziur, wystaj\u0105cych kamieni, a tak\u017ce pozosta\u0142o\u015bci po metalowych konstrukcjach.\u00a0 Kiedy w","og_url":"https:\/\/www.mojabochnia.pl\/?p=188812","og_site_name":"mojabochnia.pl - portal informacyjny","article_publisher":"https:\/\/www.facebook.com\/mojabochnia","article_published_time":"2018-09-24T11:13:52+00:00","article_modified_time":"2018-09-24T11:31:30+00:00","og_image":[{"width":1500,"height":1000,"url":"https:\/\/www.mojabochnia.pl\/wp-content\/uploads\/2018\/09\/DSC_6311.jpg","type":"image\/jpeg"}],"author":"Marcin Kalinowski","twitter_card":"summary_large_image","twitter_misc":{"Written by":"Marcin Kalinowski","Est. reading time":"1 minuta"},"schema":{"@context":"https:\/\/schema.org","@graph":[{"@type":"Article","@id":"https:\/\/www.mojabochnia.pl\/?p=188812#article","isPartOf":{"@id":"https:\/\/www.mojabochnia.pl\/?p=188812"},"author":{"name":"Marcin Kalinowski","@id":"https:\/\/www.mojabochnia.pl\/#\/schema\/person\/d4c758656c81ae00e6496831fe7b0792"},"headline":"180 metr\u00f3w wstydu. Mieszka\u0144cy czekaj\u0105 na chodnik przy ul. Wi\u015bnickiej","datePublished":"2018-09-24T11:13:52+00:00","dateModified":"2018-09-24T11:31:30+00:00","mainEntityOfPage":{"@id":"https:\/\/www.mojabochnia.pl\/?p=188812"},"wordCount":311,"commentCount":0,"publisher":{"@id":"https:\/\/www.mojabochnia.pl\/#organization"},"image":{"@id":"https:\/\/www.mojabochnia.pl\/?p=188812#primaryimage"},"thumbnailUrl":"https:\/\/www.mojabochnia.pl\/wp-content\/uploads\/2018\/09\/DSC_6311.jpg","keywords":["andrzej koprowski","droga wojew\u00f3dzka","top temat","ulica Wi\u015bnicka"],"articleSection":["2_ostatnie","polityka i wydarzenia","tematyka"],"inLanguage":"pl-PL","potentialAction":[{"@type":"CommentAction","name":"Comment","target":["https:\/\/www.mojabochnia.pl\/?p=188812#respond"]}]},{"@type":"WebPage","@id":"https:\/\/www.mojabochnia.pl\/?p=188812","url":"https:\/\/www.mojabochnia.pl\/?p=188812","name":"180 metr\u00f3w wstydu. Mieszka\u0144cy czekaj\u0105 na chodnik przy ul. Wi\u015bnickiej - mojabochnia.pl - portal informacyjny","isPartOf":{"@id":"https:\/\/www.mojabochnia.pl\/#website"},"primaryImageOfPage":{"@id":"https:\/\/www.mojabochnia.pl\/?p=188812#primaryimage"},"image":{"@id":"https:\/\/www.mojabochnia.pl\/?p=188812#primaryimage"},"thumbnailUrl":"https:\/\/www.mojabochnia.pl\/wp-content\/uploads\/2018\/09\/DSC_6311.jpg","datePublished":"2018-09-24T11:13:52+00:00","dateModified":"2018-09-24T11:31:30+00:00","breadcrumb":{"@id":"https:\/\/www.mojabochnia.pl\/?p=188812#breadcrumb"},"inLanguage":"pl-PL","potentialAction":[{"@type":"ReadAction","target":["https:\/\/www.mojabochnia.pl\/?p=188812"]}]},{"@type":"ImageObject","inLanguage":"pl-PL","@id":"https:\/\/www.mojabochnia.pl\/?p=188812#primaryimage","url":"https:\/\/www.mojabochnia.pl\/wp-content\/uploads\/2018\/09\/DSC_6311.jpg","contentUrl":"https:\/\/www.mojabochnia.pl\/wp-content\/uploads\/2018\/09\/DSC_6311.jpg","width":1500,"height":1000},{"@type":"BreadcrumbList","@id":"https:\/\/www.mojabochnia.pl\/?p=188812#breadcrumb","itemListElement":[{"@type":"ListItem","position":1,"name":"Home","item":"https:\/\/www.mojabochnia.pl\/"},{"@type":"ListItem","position":2,"name":"180 metr\u00f3w wstydu. Mieszka\u0144cy czekaj\u0105 na chodnik przy ul. Wi\u015bnickiej"}]},{"@type":"WebSite","@id":"https:\/\/www.mojabochnia.pl\/#website","url":"https:\/\/www.mojabochnia.pl\/","name":"mojabochnia.pl - portal informacyjny","description":"mojaBochnia to portal informacyjny o Bochni. Codziennie o Bochni piszemy i pokazujemy najwa\u017cniejsze wydarzenia","publisher":{"@id":"https:\/\/www.mojabochnia.pl\/#organization"},"potentialAction":[{"@type":"SearchAction","target":{"@type":"EntryPoint","urlTemplate":"https:\/\/www.mojabochnia.pl\/?s={search_term_string}"},"query-input":{"@type":"PropertyValueSpecification","valueRequired":true,"valueName":"search_term_string"}}],"inLanguage":"pl-PL"},{"@type":"Organization","@id":"https:\/\/www.mojabochnia.pl\/#organization","name":"mojabochnia.pl - portal informacyjny","url":"https:\/\/www.mojabochnia.pl\/","logo":{"@type":"ImageObject","inLanguage":"pl-PL","@id":"https:\/\/www.mojabochnia.pl\/#\/schema\/logo\/image\/","url":"https:\/\/www.mojabochnia.pl\/wp-content\/uploads\/2017\/08\/logo-mb-opt.png","contentUrl":"https:\/\/www.mojabochnia.pl\/wp-content\/uploads\/2017\/08\/logo-mb-opt.png","width":250,"height":48,"caption":"mojabochnia.pl - portal informacyjny"},"image":{"@id":"https:\/\/www.mojabochnia.pl\/#\/schema\/logo\/image\/"},"sameAs":["https:\/\/www.facebook.com\/mojabochnia"]},{"@type":"Person","@id":"https:\/\/www.mojabochnia.pl\/#\/schema\/person\/d4c758656c81ae00e6496831fe7b0792","name":"Marcin Kalinowski","url":"https:\/\/www.mojabochnia.pl\/?author=29"}]}},"_links":{"self":[{"href":"https:\/\/www.mojabochnia.pl\/index.php?rest_route=\/wp\/v2\/posts\/188812","targetHints":{"allow":["GET"]}}],"collection":[{"href":"https:\/\/www.mojabochnia.pl\/index.php?rest_route=\/wp\/v2\/posts"}],"about":[{"href":"https:\/\/www.mojabochnia.pl\/index.php?rest_route=\/wp\/v2\/types\/post"}],"author":[{"embeddable":true,"href":"https:\/\/www.mojabochnia.pl\/index.php?rest_route=\/wp\/v2\/users\/29"}],"replies":[{"embeddable":true,"href":"https:\/\/www.mojabochnia.pl\/index.php?rest_route=%2Fwp%2Fv2%2Fcomments&post=188812"}],"version-history":[{"count":3,"href":"https:\/\/www.mojabochnia.pl\/index.php?rest_route=\/wp\/v2\/posts\/188812\/revisions"}],"predecessor-version":[{"id":189291,"href":"https:\/\/www.mojabochnia.pl\/index.php?rest_route=\/wp\/v2\/posts\/188812\/revisions\/189291"}],"wp:featuredmedia":[{"embeddable":true,"href":"https:\/\/www.mojabochnia.pl\/index.php?rest_route=\/wp\/v2\/media\/188828"}],"wp:attachment":[{"href":"https:\/\/www.mojabochnia.pl\/index.php?rest_route=%2Fwp%2Fv2%2Fmedia&parent=188812"}],"wp:term":[{"taxonomy":"category","embeddable":true,"href":"https:\/\/www.mojabochnia.pl\/index.php?rest_route=%2Fwp%2Fv2%2Fcategories&post=188812"},{"taxonomy":"post_tag","embeddable":true,"href":"https:\/\/www.mojabochnia.pl\/index.php?rest_route=%2Fwp%2Fv2%2Ftags&post=188812"}],"curies":[{"name":"wp","href":"https:\/\/api.w.org\/{rel}","templated":true}]}}