{"id":1887,"date":"2008-08-28T12:06:08","date_gmt":"2008-08-28T10:06:08","guid":{"rendered":"http:\/\/www.mojabochnia.pl\/?p=1887"},"modified":"2008-10-03T15:33:43","modified_gmt":"2008-10-03T13:33:43","slug":"co-z-budynkiem-po-pogotowiu","status":"publish","type":"post","link":"https:\/\/www.mojabochnia.pl\/?p=1887","title":{"rendered":"Co z budynkiem po pogotowiu?"},"content":{"rendered":"<p>Do kiedy potrwa taka sytuacja i czy powiat, kt\u00f3ry jest w\u0142a\u015bcicielem obiektu, ma pomys\u0142 na zagospodarowanie obiektu? Zapytali\u015bmy o to starost\u0119 Jacka Paj\u0105ka.<\/p>\n<p>\u2013 <em>Adaptacja na potrzeby opieki zdrowotnej dla mieszka\u0144c\u00f3w powiatu boche\u0144skiego wydaje si\u0119 by\u0107 naturalna dla tej lokalizacji <\/em>\u2013 m\u00f3wi starosta i dodaje, \u017ce na razie powiat nie ma pieni\u0119dzy, kt\u00f3re nale\u017cy liczy\u0107 w milionach z\u0142otych.<\/p>\n<p>Niedawno m\u00f3wi\u0142o si\u0119, \u017ce w budynku po by\u0142ym pogotowiu w Bochni mia\u0142aby si\u0119 mie\u015bci\u0107 poradnia rehabilitacyjna. Do tego niezb\u0119dny jest jednak kontrakt z Narodowym Funduszem Zdrowia. \u2013 <em>NFZ nie by\u0142 \u0142askaw do chwili obecnej poczyni\u0107 deklaracji, \u017ce dla ulokowanych tam \u015bwiadcze\u0144 medycznych on zawrze jakikolwiek kontrakt. By\u0142oby rzecz\u0105 nierozs\u0105dn\u0105 ponosi\u0107 nak\u0142ady id\u0105ce w miliony z\u0142otych bez \u015bwiadomo\u015bci, \u017ce te nak\u0142ady mog\u0105 p\u00f3\u017aniej w spos\u00f3b skuteczny na siebie zarobi\u0107 i by\u0107 u\u017cyteczn\u0105 cz\u0119\u015bci\u0105 systemu opieki zdrowotnej powiatu boche\u0144skiego<\/em> \u2013 dodaje Paj\u0105k.<\/p>\n<p>Jak m\u00f3wi starosta, obecnie trwaj\u0105 w tej sprawie rozmowy z Narodowym Funduszem Zdrowia. <\/p>\n","protected":false},"excerpt":{"rendered":"<p>Budynek po by\u0142ym pogotowiu ratunkowym w Bochni \u015bwieci pustkami. Po likwidacji pogotowia pod koniec ubieg\u0142ego roku i przeniesieniu go w struktury szpitala, zabytkowy budynek przy ul. Konstytucji 3 Maja stoi zamkni\u0119ty. Na bramach zawis\u0142y k\u0142\u00f3dki. <\/p>\n","protected":false},"author":4,"featured_media":0,"comment_status":"open","ping_status":"closed","sticky":false,"template":"","format":"standard","meta":{"_acf_changed":false,"footnotes":""},"categories":[5],"tags":[17216,17136,1034,17409,17408,1032,17324,398,1031,17302],"class_list":["post-1887","post","type-post","status-publish","format-standard","hentry","category-biezace-wydarzenia","tag-inwestycja","tag-jacek-pajak","tag-kontrakt","tag-nfz","tag-pogotowie","tag-ratownictwo-medyczne","tag-szpital","tag-szpital-powiatowy","tag-wojciech-szafranski","tag-zdrowie"],"acf":[],"yoast_head":"<!-- This site is optimized with the Yoast SEO plugin v26.9 - https:\/\/yoast.com\/product\/yoast-seo-wordpress\/ -->\n<title>Co z budynkiem po pogotowiu? - mojabochnia.pl - portal informacyjny<\/title>\n<meta name=\"robots\" content=\"index, follow, max-snippet:-1, max-image-preview:large, max-video-preview:-1\" \/>\n<link rel=\"canonical\" href=\"https:\/\/www.mojabochnia.pl\/?p=1887\" \/>\n<meta property=\"og:locale\" content=\"pl_PL\" \/>\n<meta property=\"og:type\" content=\"article\" \/>\n<meta property=\"og:title\" content=\"Co z budynkiem po pogotowiu? - mojabochnia.pl - portal informacyjny\" \/>\n<meta property=\"og:description\" content=\"Budynek po by\u0142ym pogotowiu ratunkowym w Bochni \u015bwieci pustkami. Po likwidacji pogotowia pod koniec ubieg\u0142ego roku i przeniesieniu go w struktury szpitala, zabytkowy budynek przy ul. Konstytucji 3 Maja stoi zamkni\u0119ty. Na bramach zawis\u0142y k\u0142\u00f3dki.\" \/>\n<meta property=\"og:url\" content=\"https:\/\/www.mojabochnia.pl\/?p=1887\" \/>\n<meta property=\"og:site_name\" content=\"mojabochnia.pl - portal informacyjny\" \/>\n<meta property=\"article:publisher\" content=\"https:\/\/www.facebook.com\/mojabochnia\" \/>\n<meta property=\"article:published_time\" content=\"2008-08-28T10:06:08+00:00\" \/>\n<meta property=\"article:modified_time\" content=\"2008-10-03T13:33:43+00:00\" \/>\n<meta name=\"author\" content=\"Pawe\u0142 Michalczyk\" \/>\n<meta name=\"twitter:card\" content=\"summary_large_image\" \/>\n<meta name=\"twitter:label1\" content=\"Written by\" \/>\n\t<meta name=\"twitter:data1\" content=\"Pawe\u0142 Michalczyk\" \/>\n\t<meta name=\"twitter:label2\" content=\"Est. reading time\" \/>\n\t<meta name=\"twitter:data2\" content=\"1 minuta\" \/>\n<script type=\"application\/ld+json\" class=\"yoast-schema-graph\">{\"@context\":\"https:\/\/schema.org\",\"@graph\":[{\"@type\":\"Article\",\"@id\":\"https:\/\/www.mojabochnia.pl\/?p=1887#article\",\"isPartOf\":{\"@id\":\"https:\/\/www.mojabochnia.pl\/?p=1887\"},\"author\":{\"name\":\"Pawe\u0142 Michalczyk\",\"@id\":\"https:\/\/www.mojabochnia.pl\/#\/schema\/person\/ea042e4724a77627963f02166828ead4\"},\"headline\":\"Co z budynkiem po pogotowiu?\",\"datePublished\":\"2008-08-28T10:06:08+00:00\",\"dateModified\":\"2008-10-03T13:33:43+00:00\",\"mainEntityOfPage\":{\"@id\":\"https:\/\/www.mojabochnia.pl\/?p=1887\"},\"wordCount\":185,\"commentCount\":0,\"publisher\":{\"@id\":\"https:\/\/www.mojabochnia.pl\/#organization\"},\"keywords\":[\"inwestycja\",\"jacek paj\u0105k\",\"kontrakt\",\"nfz\",\"pogotowie\",\"ratownictwo medyczne\",\"szpital\",\"szpital powiatowy\",\"wojciech szafra\u0144ski\",\"zdrowie\"],\"articleSection\":[\"2_ostatnie\"],\"inLanguage\":\"pl-PL\",\"potentialAction\":[{\"@type\":\"CommentAction\",\"name\":\"Comment\",\"target\":[\"https:\/\/www.mojabochnia.pl\/?p=1887#respond\"]}]},{\"@type\":\"WebPage\",\"@id\":\"https:\/\/www.mojabochnia.pl\/?p=1887\",\"url\":\"https:\/\/www.mojabochnia.pl\/?p=1887\",\"name\":\"Co z budynkiem po pogotowiu? - mojabochnia.pl - portal informacyjny\",\"isPartOf\":{\"@id\":\"https:\/\/www.mojabochnia.pl\/#website\"},\"datePublished\":\"2008-08-28T10:06:08+00:00\",\"dateModified\":\"2008-10-03T13:33:43+00:00\",\"breadcrumb\":{\"@id\":\"https:\/\/www.mojabochnia.pl\/?p=1887#breadcrumb\"},\"inLanguage\":\"pl-PL\",\"potentialAction\":[{\"@type\":\"ReadAction\",\"target\":[\"https:\/\/www.mojabochnia.pl\/?p=1887\"]}]},{\"@type\":\"BreadcrumbList\",\"@id\":\"https:\/\/www.mojabochnia.pl\/?p=1887#breadcrumb\",\"itemListElement\":[{\"@type\":\"ListItem\",\"position\":1,\"name\":\"Home\",\"item\":\"https:\/\/www.mojabochnia.pl\/\"},{\"@type\":\"ListItem\",\"position\":2,\"name\":\"Co z budynkiem po pogotowiu?\"}]},{\"@type\":\"WebSite\",\"@id\":\"https:\/\/www.mojabochnia.pl\/#website\",\"url\":\"https:\/\/www.mojabochnia.pl\/\",\"name\":\"mojabochnia.pl - portal informacyjny\",\"description\":\"mojaBochnia to portal informacyjny o Bochni. Codziennie o Bochni piszemy i pokazujemy najwa\u017cniejsze wydarzenia\",\"publisher\":{\"@id\":\"https:\/\/www.mojabochnia.pl\/#organization\"},\"potentialAction\":[{\"@type\":\"SearchAction\",\"target\":{\"@type\":\"EntryPoint\",\"urlTemplate\":\"https:\/\/www.mojabochnia.pl\/?s={search_term_string}\"},\"query-input\":{\"@type\":\"PropertyValueSpecification\",\"valueRequired\":true,\"valueName\":\"search_term_string\"}}],\"inLanguage\":\"pl-PL\"},{\"@type\":\"Organization\",\"@id\":\"https:\/\/www.mojabochnia.pl\/#organization\",\"name\":\"mojabochnia.pl - portal informacyjny\",\"url\":\"https:\/\/www.mojabochnia.pl\/\",\"logo\":{\"@type\":\"ImageObject\",\"inLanguage\":\"pl-PL\",\"@id\":\"https:\/\/www.mojabochnia.pl\/#\/schema\/logo\/image\/\",\"url\":\"https:\/\/www.mojabochnia.pl\/wp-content\/uploads\/2017\/08\/logo-mb-opt.png\",\"contentUrl\":\"https:\/\/www.mojabochnia.pl\/wp-content\/uploads\/2017\/08\/logo-mb-opt.png\",\"width\":250,\"height\":48,\"caption\":\"mojabochnia.pl - portal informacyjny\"},\"image\":{\"@id\":\"https:\/\/www.mojabochnia.pl\/#\/schema\/logo\/image\/\"},\"sameAs\":[\"https:\/\/www.facebook.com\/mojabochnia\"]},{\"@type\":\"Person\",\"@id\":\"https:\/\/www.mojabochnia.pl\/#\/schema\/person\/ea042e4724a77627963f02166828ead4\",\"name\":\"Pawe\u0142 Michalczyk\",\"url\":\"https:\/\/www.mojabochnia.pl\/?author=4\"}]}<\/script>\n<!-- \/ Yoast SEO plugin. -->","yoast_head_json":{"title":"Co z budynkiem po pogotowiu? - mojabochnia.pl - portal informacyjny","robots":{"index":"index","follow":"follow","max-snippet":"max-snippet:-1","max-image-preview":"max-image-preview:large","max-video-preview":"max-video-preview:-1"},"canonical":"https:\/\/www.mojabochnia.pl\/?p=1887","og_locale":"pl_PL","og_type":"article","og_title":"Co z budynkiem po pogotowiu? - mojabochnia.pl - portal informacyjny","og_description":"Budynek po by\u0142ym pogotowiu ratunkowym w Bochni \u015bwieci pustkami. Po likwidacji pogotowia pod koniec ubieg\u0142ego roku i przeniesieniu go w struktury szpitala, zabytkowy budynek przy ul. Konstytucji 3 Maja stoi zamkni\u0119ty. Na bramach zawis\u0142y k\u0142\u00f3dki.","og_url":"https:\/\/www.mojabochnia.pl\/?p=1887","og_site_name":"mojabochnia.pl - portal informacyjny","article_publisher":"https:\/\/www.facebook.com\/mojabochnia","article_published_time":"2008-08-28T10:06:08+00:00","article_modified_time":"2008-10-03T13:33:43+00:00","author":"Pawe\u0142 Michalczyk","twitter_card":"summary_large_image","twitter_misc":{"Written by":"Pawe\u0142 Michalczyk","Est. reading time":"1 minuta"},"schema":{"@context":"https:\/\/schema.org","@graph":[{"@type":"Article","@id":"https:\/\/www.mojabochnia.pl\/?p=1887#article","isPartOf":{"@id":"https:\/\/www.mojabochnia.pl\/?p=1887"},"author":{"name":"Pawe\u0142 Michalczyk","@id":"https:\/\/www.mojabochnia.pl\/#\/schema\/person\/ea042e4724a77627963f02166828ead4"},"headline":"Co z budynkiem po pogotowiu?","datePublished":"2008-08-28T10:06:08+00:00","dateModified":"2008-10-03T13:33:43+00:00","mainEntityOfPage":{"@id":"https:\/\/www.mojabochnia.pl\/?p=1887"},"wordCount":185,"commentCount":0,"publisher":{"@id":"https:\/\/www.mojabochnia.pl\/#organization"},"keywords":["inwestycja","jacek paj\u0105k","kontrakt","nfz","pogotowie","ratownictwo medyczne","szpital","szpital powiatowy","wojciech szafra\u0144ski","zdrowie"],"articleSection":["2_ostatnie"],"inLanguage":"pl-PL","potentialAction":[{"@type":"CommentAction","name":"Comment","target":["https:\/\/www.mojabochnia.pl\/?p=1887#respond"]}]},{"@type":"WebPage","@id":"https:\/\/www.mojabochnia.pl\/?p=1887","url":"https:\/\/www.mojabochnia.pl\/?p=1887","name":"Co z budynkiem po pogotowiu? - mojabochnia.pl - portal informacyjny","isPartOf":{"@id":"https:\/\/www.mojabochnia.pl\/#website"},"datePublished":"2008-08-28T10:06:08+00:00","dateModified":"2008-10-03T13:33:43+00:00","breadcrumb":{"@id":"https:\/\/www.mojabochnia.pl\/?p=1887#breadcrumb"},"inLanguage":"pl-PL","potentialAction":[{"@type":"ReadAction","target":["https:\/\/www.mojabochnia.pl\/?p=1887"]}]},{"@type":"BreadcrumbList","@id":"https:\/\/www.mojabochnia.pl\/?p=1887#breadcrumb","itemListElement":[{"@type":"ListItem","position":1,"name":"Home","item":"https:\/\/www.mojabochnia.pl\/"},{"@type":"ListItem","position":2,"name":"Co z budynkiem po pogotowiu?"}]},{"@type":"WebSite","@id":"https:\/\/www.mojabochnia.pl\/#website","url":"https:\/\/www.mojabochnia.pl\/","name":"mojabochnia.pl - portal informacyjny","description":"mojaBochnia to portal informacyjny o Bochni. Codziennie o Bochni piszemy i pokazujemy najwa\u017cniejsze wydarzenia","publisher":{"@id":"https:\/\/www.mojabochnia.pl\/#organization"},"potentialAction":[{"@type":"SearchAction","target":{"@type":"EntryPoint","urlTemplate":"https:\/\/www.mojabochnia.pl\/?s={search_term_string}"},"query-input":{"@type":"PropertyValueSpecification","valueRequired":true,"valueName":"search_term_string"}}],"inLanguage":"pl-PL"},{"@type":"Organization","@id":"https:\/\/www.mojabochnia.pl\/#organization","name":"mojabochnia.pl - portal informacyjny","url":"https:\/\/www.mojabochnia.pl\/","logo":{"@type":"ImageObject","inLanguage":"pl-PL","@id":"https:\/\/www.mojabochnia.pl\/#\/schema\/logo\/image\/","url":"https:\/\/www.mojabochnia.pl\/wp-content\/uploads\/2017\/08\/logo-mb-opt.png","contentUrl":"https:\/\/www.mojabochnia.pl\/wp-content\/uploads\/2017\/08\/logo-mb-opt.png","width":250,"height":48,"caption":"mojabochnia.pl - portal informacyjny"},"image":{"@id":"https:\/\/www.mojabochnia.pl\/#\/schema\/logo\/image\/"},"sameAs":["https:\/\/www.facebook.com\/mojabochnia"]},{"@type":"Person","@id":"https:\/\/www.mojabochnia.pl\/#\/schema\/person\/ea042e4724a77627963f02166828ead4","name":"Pawe\u0142 Michalczyk","url":"https:\/\/www.mojabochnia.pl\/?author=4"}]}},"_links":{"self":[{"href":"https:\/\/www.mojabochnia.pl\/index.php?rest_route=\/wp\/v2\/posts\/1887","targetHints":{"allow":["GET"]}}],"collection":[{"href":"https:\/\/www.mojabochnia.pl\/index.php?rest_route=\/wp\/v2\/posts"}],"about":[{"href":"https:\/\/www.mojabochnia.pl\/index.php?rest_route=\/wp\/v2\/types\/post"}],"author":[{"embeddable":true,"href":"https:\/\/www.mojabochnia.pl\/index.php?rest_route=\/wp\/v2\/users\/4"}],"replies":[{"embeddable":true,"href":"https:\/\/www.mojabochnia.pl\/index.php?rest_route=%2Fwp%2Fv2%2Fcomments&post=1887"}],"version-history":[{"count":0,"href":"https:\/\/www.mojabochnia.pl\/index.php?rest_route=\/wp\/v2\/posts\/1887\/revisions"}],"wp:attachment":[{"href":"https:\/\/www.mojabochnia.pl\/index.php?rest_route=%2Fwp%2Fv2%2Fmedia&parent=1887"}],"wp:term":[{"taxonomy":"category","embeddable":true,"href":"https:\/\/www.mojabochnia.pl\/index.php?rest_route=%2Fwp%2Fv2%2Fcategories&post=1887"},{"taxonomy":"post_tag","embeddable":true,"href":"https:\/\/www.mojabochnia.pl\/index.php?rest_route=%2Fwp%2Fv2%2Ftags&post=1887"}],"curies":[{"name":"wp","href":"https:\/\/api.w.org\/{rel}","templated":true}]}}