{"id":188508,"date":"2018-09-03T21:51:44","date_gmt":"2018-09-03T19:51:44","guid":{"rendered":"https:\/\/www.mojabochnia.pl\/?p=188508"},"modified":"2018-09-04T08:38:22","modified_gmt":"2018-09-04T06:38:22","slug":"rozpoczecie-roku-szkolnego-starosta-skierowal-list-do-nauczycieli-i-uczniow","status":"publish","type":"post","link":"https:\/\/www.mojabochnia.pl\/?p=188508","title":{"rendered":"Rozpocz\u0119cie roku szkolnego &#8211; starosta skierowa\u0142 list do nauczycieli i uczni\u00f3w"},"content":{"rendered":"<p><strong>Dzi\u015b w szko\u0142ach ponadgimnazjalnych prowadzonych przez Powiat Boche\u0144ski nauk\u0119 rozpocz\u0119\u0142o 3 585 uczni\u00f3w. W klasach pierwszych uczy\u0107 si\u0119 b\u0119dzie 1062 uczni\u00f3w. Najwi\u0119cej z nich bo a\u017c 520 uczni\u00f3w zawita\u0142o w mury technik\u00f3w. Od kilku lat statystycznie najwi\u0119cej uczni\u00f3w po uko\u0144czeniu gimnazjum kontynuuje nauk\u0119 w technikach.<\/strong><\/p>\n<p>Analiza og\u00f3lnej liczby uczni\u00f3w w podziale na typy szk\u00f3\u0142 , wg stanu na 3 wrze\u015bnia 2018 roku przedstawia si\u0119 nast\u0119puj\u0105co:  technika- 1995 uczni\u00f3w; licea og\u00f3lnokszta\u0142c\u0105ce- 1122 uczni\u00f3w; klasy III zasadniczej szko\u0142y zawodowej \u2013 115 uczni\u00f3w oraz klasy I i II bran\u017cowej szko\u0142y I stopnia- 356 uczni\u00f3w tj \u0142\u0105cznie ZSZ oraz BS I st.-471 uczni\u00f3w.<\/p>\n<p>Ponadto w Specjalnym O\u015brodku Szkolno- Wychowawczym uczy\u0107 si\u0119 b\u0119dzie 130 uczni\u00f3w, a do przedszkola ucz\u0119szcza  9 dzieci. Z zaj\u0119\u0107 rewalidacyjno-wychowawczych indywidualnych i grupowych korzysta\u0107 b\u0119dzie 12 os\u00f3b, natomiast z zaj\u0119\u0107 wczesnego wspomagania rozwoju dziecka  60 os\u00f3b.<\/p>\n<p>Liczba uczni\u00f3w w poszczeg\u00f3lnych szko\u0142ach kszta\u0142tuje si\u0119 to nast\u0119puj\u0105co:<br \/>\n<strong>I Liceum Og\u00f3lnokszta\u0142c\u0105ce:<\/strong>  og\u00f3lna liczba uczni\u00f3w  828, w tym klasy pierwsze 274 .<br \/>\n<strong>II Liceum Og\u00f3lnokszta\u0142c\u0105ce<\/strong> og\u00f3lna liczba uczni\u00f3w  173, w tym klasy pierwsze 64<br \/>\n<strong>Zesp\u00f3\u0142 Szk\u00f3\u0142 nr 1 w Bochni <\/strong>og\u00f3lna liczba uczni\u00f3w 1211 uczni\u00f3w, w tym klasy pierwsze 381<br \/>\n<strong>Zesp\u00f3\u0142 Szk\u00f3\u0142 Nr 2 w Bochni<\/strong>: og\u00f3lna liczba uczni\u00f3w  522, w tym klasy pierwsze 150.<br \/>\n<strong>Zesp\u00f3\u0142 Szk\u00f3\u0142 Nr 3 <\/strong> og\u00f3lna liczba uczni\u00f3w   621, w tym klasy pierwsze 153<br \/>\n<strong>Centrum Kszta\u0142cenia Zawodowego i Ustawicznego  w \u0141apanowie<\/strong> og\u00f3lna liczba uczni\u00f3w 230, w tym  klasy pierwsze 40<\/p>\n<p>Z okazji rozpocz\u0119cia nowego roku szkolnego Ludwik W\u0119grzyn Starosta Boche\u0144ski, przekaza\u0142 \u017cyczenia dyrekcji szk\u00f3\u0142, nauczycielom oraz uczniom. Poni\u017cej pe\u0142na tre\u015b\u0107:<\/p>\n<p>\u201e&#8230;Wykszta\u0142cenie to dobro, kt\u00f3rego nic nie jest w stanie nas pozbawi\u0107&#8230;.&#8221;<\/p>\n<p>Szanowna Dyrekcjo, Nauczyciele<br \/>\ni Pracownicy Szko\u0142y<br \/>\nSzanowni Uczniowie i Rodzice<\/p>\n<p><em>Dzisiaj rozpoczyna si\u0119 rok szkolny 2018\/2019 &#8211; czas pracy i nauki, zdobywania wiedzy i nowych do\u015bwiadcze\u0144. Kolejny rok poznawania otaczaj\u0105cego nas \u015bwiata, rozwijania zainteresowa\u0144, poszukiwania dalszej drogi rozwoju. Uczniowie, grono pedagogiczne i rodzice podejm\u0105 trud kszta\u0142towania charakter\u00f3w m\u0142odego pokolenia, rozwijania wiedzy i umiej\u0119tno\u015bci, a pracownicy o\u015bwiaty tworzenia w\u0142a\u015bciwych warunk\u00f3w do nauki i pracy.<br \/>\nSzko\u0142a powinna uczy\u0107 i wychowywa\u0107. Dba\u0107 o przygotowanie m\u0142odych ludzi, zar\u00f3wno do dalszego kszta\u0142cenia ale r\u00f3wnie\u017c wpaja\u0107 im warto\u015bci i rozwija\u0107 pasje.<br \/>\nAby cele te mog\u0142y by\u0107 spe\u0142nione, proces dydaktyczny powinien przebiega\u0107 w warunkach dyscypliny i  wzajemnego szacunku. Tylko w warunkach \u015bcis\u0142ego przestrzegania szkolnych standard\u00f3w mo\u017cna realizowa\u0107 ambitne plany edukacyjne i wychowawcze.<br \/>\nSamorz\u0105d powiatowy dba o baz\u0119 dydaktyczn\u0105 aby nauka odbywa\u0142a si\u0119 w jak najlepszych warunkach.<br \/>\nBardzo wa\u017cne jest tak\u017ce to, aby polska szko\u0142a wychowywa\u0142a dzieci i m\u0142odzie\u017c  w duchu patriotycznym, dbaj\u0105c o wpajanie im pami\u0119ci historycznej i poczucia przynale\u017cno\u015bci do wsp\u00f3lnoty narodowej. S\u0142owo &#8222;Ojczyzna&#8221; nie jest i nie mo\u017ce by\u0107 s\u0142owem wstydliwym. Ten rok jest rokiem szczeg\u00f3lnym, gdy\u017c obchodzimy jubileusz 100-lecia odzyskania przez Polsk\u0119 niepodleg\u0142o\u015bci.<br \/>\nWszystkim Nauczycielom \u017cycz\u0119 powodzenia w wype\u0142nianiu trudnych obowi\u0105zk\u00f3w zwi\u0105zanych z intelektualnym, moralnym i fizycznym rozwojem m\u0142odego pokolenia, a Uczniom pe\u0142nej realizacji zamierze\u0144 i marze\u0144, kt\u00f3re towarzysz\u0105 Wam na progu rozpoczynaj\u0105cego si\u0119 nowego roku szkolnego 2018\/2019.<br \/>\nPowodzenia.<\/p>\n<p>Starosta Boche\u0144ski<br \/>\nLudwik W\u0119grzyn <\/em><\/p>\n","protected":false},"excerpt":{"rendered":"<p>Dzi\u015b w szko\u0142ach ponadgimnazjalnych prowadzonych przez Powiat Boche\u0144ski nauk\u0119 rozpocz\u0119\u0142o 3 585 uczni\u00f3w. W klasach pierwszych uczy\u0107 si\u0119 b\u0119dzie 1062 uczni\u00f3w. Najwi\u0119cej z nich bo a\u017c 520 uczni\u00f3w zawita\u0142o w mury technik\u00f3w. Od kilku lat statystycznie najwi\u0119cej uczni\u00f3w po uko\u0144czeniu gimnazjum kontynuuje nauk\u0119 w technikach. Analiza og\u00f3lnej liczby uczni\u00f3w w podziale na typy szk\u00f3\u0142 ,<\/p>\n","protected":false},"author":29,"featured_media":170885,"comment_status":"open","ping_status":"closed","sticky":false,"template":"","format":"standard","meta":{"_acf_changed":false,"footnotes":""},"categories":[5,6251,6250],"tags":[17390,3689,19720],"class_list":["post-188508","post","type-post","status-publish","format-standard","has-post-thumbnail","hentry","category-biezace-wydarzenia","category-polityka-i-wydarzenia","category-tematyka","tag-ludwik-wegrzyn","tag-starosta-bochenski","tag-top-temat","main_tag-ludwik-wegrzyn"],"acf":[],"yoast_head":"<!-- This site is optimized with the Yoast SEO plugin v26.9 - https:\/\/yoast.com\/product\/yoast-seo-wordpress\/ -->\n<title>Rozpocz\u0119cie roku szkolnego - starosta skierowa\u0142 list do nauczycieli i uczni\u00f3w - mojabochnia.pl - portal informacyjny<\/title>\n<meta name=\"robots\" content=\"index, follow, max-snippet:-1, max-image-preview:large, max-video-preview:-1\" \/>\n<link rel=\"canonical\" href=\"https:\/\/www.mojabochnia.pl\/?p=188508\" \/>\n<meta property=\"og:locale\" content=\"pl_PL\" \/>\n<meta property=\"og:type\" content=\"article\" \/>\n<meta property=\"og:title\" content=\"Rozpocz\u0119cie roku szkolnego - starosta skierowa\u0142 list do nauczycieli i uczni\u00f3w - mojabochnia.pl - portal informacyjny\" \/>\n<meta property=\"og:description\" content=\"Dzi\u015b w szko\u0142ach ponadgimnazjalnych prowadzonych przez Powiat Boche\u0144ski nauk\u0119 rozpocz\u0119\u0142o 3 585 uczni\u00f3w. W klasach pierwszych uczy\u0107 si\u0119 b\u0119dzie 1062 uczni\u00f3w. Najwi\u0119cej z nich bo a\u017c 520 uczni\u00f3w zawita\u0142o w mury technik\u00f3w. Od kilku lat statystycznie najwi\u0119cej uczni\u00f3w po uko\u0144czeniu gimnazjum kontynuuje nauk\u0119 w technikach. Analiza og\u00f3lnej liczby uczni\u00f3w w podziale na typy szk\u00f3\u0142 ,\" \/>\n<meta property=\"og:url\" content=\"https:\/\/www.mojabochnia.pl\/?p=188508\" \/>\n<meta property=\"og:site_name\" content=\"mojabochnia.pl - portal informacyjny\" \/>\n<meta property=\"article:publisher\" content=\"https:\/\/www.facebook.com\/mojabochnia\" \/>\n<meta property=\"article:published_time\" content=\"2018-09-03T19:51:44+00:00\" \/>\n<meta property=\"article:modified_time\" content=\"2018-09-04T06:38:22+00:00\" \/>\n<meta property=\"og:image\" content=\"https:\/\/www.mojabochnia.pl\/wp-content\/uploads\/2017\/05\/IMG_3154.jpg\" \/>\n\t<meta property=\"og:image:width\" content=\"800\" \/>\n\t<meta property=\"og:image:height\" content=\"534\" \/>\n\t<meta property=\"og:image:type\" content=\"image\/jpeg\" \/>\n<meta name=\"author\" content=\"Marcin Kalinowski\" \/>\n<meta name=\"twitter:card\" content=\"summary_large_image\" \/>\n<meta name=\"twitter:label1\" content=\"Written by\" \/>\n\t<meta name=\"twitter:data1\" content=\"Marcin Kalinowski\" \/>\n\t<meta name=\"twitter:label2\" content=\"Est. reading time\" \/>\n\t<meta name=\"twitter:data2\" content=\"3 minuty\" \/>\n<script type=\"application\/ld+json\" class=\"yoast-schema-graph\">{\"@context\":\"https:\/\/schema.org\",\"@graph\":[{\"@type\":\"Article\",\"@id\":\"https:\/\/www.mojabochnia.pl\/?p=188508#article\",\"isPartOf\":{\"@id\":\"https:\/\/www.mojabochnia.pl\/?p=188508\"},\"author\":{\"name\":\"Marcin Kalinowski\",\"@id\":\"https:\/\/www.mojabochnia.pl\/#\/schema\/person\/d4c758656c81ae00e6496831fe7b0792\"},\"headline\":\"Rozpocz\u0119cie roku szkolnego &#8211; starosta skierowa\u0142 list do nauczycieli i uczni\u00f3w\",\"datePublished\":\"2018-09-03T19:51:44+00:00\",\"dateModified\":\"2018-09-04T06:38:22+00:00\",\"mainEntityOfPage\":{\"@id\":\"https:\/\/www.mojabochnia.pl\/?p=188508\"},\"wordCount\":579,\"commentCount\":0,\"publisher\":{\"@id\":\"https:\/\/www.mojabochnia.pl\/#organization\"},\"image\":{\"@id\":\"https:\/\/www.mojabochnia.pl\/?p=188508#primaryimage\"},\"thumbnailUrl\":\"https:\/\/www.mojabochnia.pl\/wp-content\/uploads\/2017\/05\/IMG_3154.jpg\",\"keywords\":[\"ludwik w\u0119grzyn\",\"starosta boche\u0144ski\",\"top temat\"],\"articleSection\":[\"2_ostatnie\",\"polityka i wydarzenia\",\"tematyka\"],\"inLanguage\":\"pl-PL\",\"potentialAction\":[{\"@type\":\"CommentAction\",\"name\":\"Comment\",\"target\":[\"https:\/\/www.mojabochnia.pl\/?p=188508#respond\"]}]},{\"@type\":\"WebPage\",\"@id\":\"https:\/\/www.mojabochnia.pl\/?p=188508\",\"url\":\"https:\/\/www.mojabochnia.pl\/?p=188508\",\"name\":\"Rozpocz\u0119cie roku szkolnego - starosta skierowa\u0142 list do nauczycieli i uczni\u00f3w - mojabochnia.pl - portal informacyjny\",\"isPartOf\":{\"@id\":\"https:\/\/www.mojabochnia.pl\/#website\"},\"primaryImageOfPage\":{\"@id\":\"https:\/\/www.mojabochnia.pl\/?p=188508#primaryimage\"},\"image\":{\"@id\":\"https:\/\/www.mojabochnia.pl\/?p=188508#primaryimage\"},\"thumbnailUrl\":\"https:\/\/www.mojabochnia.pl\/wp-content\/uploads\/2017\/05\/IMG_3154.jpg\",\"datePublished\":\"2018-09-03T19:51:44+00:00\",\"dateModified\":\"2018-09-04T06:38:22+00:00\",\"breadcrumb\":{\"@id\":\"https:\/\/www.mojabochnia.pl\/?p=188508#breadcrumb\"},\"inLanguage\":\"pl-PL\",\"potentialAction\":[{\"@type\":\"ReadAction\",\"target\":[\"https:\/\/www.mojabochnia.pl\/?p=188508\"]}]},{\"@type\":\"ImageObject\",\"inLanguage\":\"pl-PL\",\"@id\":\"https:\/\/www.mojabochnia.pl\/?p=188508#primaryimage\",\"url\":\"https:\/\/www.mojabochnia.pl\/wp-content\/uploads\/2017\/05\/IMG_3154.jpg\",\"contentUrl\":\"https:\/\/www.mojabochnia.pl\/wp-content\/uploads\/2017\/05\/IMG_3154.jpg\",\"width\":800,\"height\":534,\"caption\":\"Pawe\u0142 Michalczyk\"},{\"@type\":\"BreadcrumbList\",\"@id\":\"https:\/\/www.mojabochnia.pl\/?p=188508#breadcrumb\",\"itemListElement\":[{\"@type\":\"ListItem\",\"position\":1,\"name\":\"Home\",\"item\":\"https:\/\/www.mojabochnia.pl\/\"},{\"@type\":\"ListItem\",\"position\":2,\"name\":\"Rozpocz\u0119cie roku szkolnego &#8211; starosta skierowa\u0142 list do nauczycieli i uczni\u00f3w\"}]},{\"@type\":\"WebSite\",\"@id\":\"https:\/\/www.mojabochnia.pl\/#website\",\"url\":\"https:\/\/www.mojabochnia.pl\/\",\"name\":\"mojabochnia.pl - portal informacyjny\",\"description\":\"mojaBochnia to portal informacyjny o Bochni. Codziennie o Bochni piszemy i pokazujemy najwa\u017cniejsze wydarzenia\",\"publisher\":{\"@id\":\"https:\/\/www.mojabochnia.pl\/#organization\"},\"potentialAction\":[{\"@type\":\"SearchAction\",\"target\":{\"@type\":\"EntryPoint\",\"urlTemplate\":\"https:\/\/www.mojabochnia.pl\/?s={search_term_string}\"},\"query-input\":{\"@type\":\"PropertyValueSpecification\",\"valueRequired\":true,\"valueName\":\"search_term_string\"}}],\"inLanguage\":\"pl-PL\"},{\"@type\":\"Organization\",\"@id\":\"https:\/\/www.mojabochnia.pl\/#organization\",\"name\":\"mojabochnia.pl - portal informacyjny\",\"url\":\"https:\/\/www.mojabochnia.pl\/\",\"logo\":{\"@type\":\"ImageObject\",\"inLanguage\":\"pl-PL\",\"@id\":\"https:\/\/www.mojabochnia.pl\/#\/schema\/logo\/image\/\",\"url\":\"https:\/\/www.mojabochnia.pl\/wp-content\/uploads\/2017\/08\/logo-mb-opt.png\",\"contentUrl\":\"https:\/\/www.mojabochnia.pl\/wp-content\/uploads\/2017\/08\/logo-mb-opt.png\",\"width\":250,\"height\":48,\"caption\":\"mojabochnia.pl - portal informacyjny\"},\"image\":{\"@id\":\"https:\/\/www.mojabochnia.pl\/#\/schema\/logo\/image\/\"},\"sameAs\":[\"https:\/\/www.facebook.com\/mojabochnia\"]},{\"@type\":\"Person\",\"@id\":\"https:\/\/www.mojabochnia.pl\/#\/schema\/person\/d4c758656c81ae00e6496831fe7b0792\",\"name\":\"Marcin Kalinowski\",\"url\":\"https:\/\/www.mojabochnia.pl\/?author=29\"}]}<\/script>\n<!-- \/ Yoast SEO plugin. -->","yoast_head_json":{"title":"Rozpocz\u0119cie roku szkolnego - starosta skierowa\u0142 list do nauczycieli i uczni\u00f3w - mojabochnia.pl - portal informacyjny","robots":{"index":"index","follow":"follow","max-snippet":"max-snippet:-1","max-image-preview":"max-image-preview:large","max-video-preview":"max-video-preview:-1"},"canonical":"https:\/\/www.mojabochnia.pl\/?p=188508","og_locale":"pl_PL","og_type":"article","og_title":"Rozpocz\u0119cie roku szkolnego - starosta skierowa\u0142 list do nauczycieli i uczni\u00f3w - mojabochnia.pl - portal informacyjny","og_description":"Dzi\u015b w szko\u0142ach ponadgimnazjalnych prowadzonych przez Powiat Boche\u0144ski nauk\u0119 rozpocz\u0119\u0142o 3 585 uczni\u00f3w. W klasach pierwszych uczy\u0107 si\u0119 b\u0119dzie 1062 uczni\u00f3w. Najwi\u0119cej z nich bo a\u017c 520 uczni\u00f3w zawita\u0142o w mury technik\u00f3w. Od kilku lat statystycznie najwi\u0119cej uczni\u00f3w po uko\u0144czeniu gimnazjum kontynuuje nauk\u0119 w technikach. Analiza og\u00f3lnej liczby uczni\u00f3w w podziale na typy szk\u00f3\u0142 ,","og_url":"https:\/\/www.mojabochnia.pl\/?p=188508","og_site_name":"mojabochnia.pl - portal informacyjny","article_publisher":"https:\/\/www.facebook.com\/mojabochnia","article_published_time":"2018-09-03T19:51:44+00:00","article_modified_time":"2018-09-04T06:38:22+00:00","og_image":[{"width":800,"height":534,"url":"https:\/\/www.mojabochnia.pl\/wp-content\/uploads\/2017\/05\/IMG_3154.jpg","type":"image\/jpeg"}],"author":"Marcin Kalinowski","twitter_card":"summary_large_image","twitter_misc":{"Written by":"Marcin Kalinowski","Est. reading time":"3 minuty"},"schema":{"@context":"https:\/\/schema.org","@graph":[{"@type":"Article","@id":"https:\/\/www.mojabochnia.pl\/?p=188508#article","isPartOf":{"@id":"https:\/\/www.mojabochnia.pl\/?p=188508"},"author":{"name":"Marcin Kalinowski","@id":"https:\/\/www.mojabochnia.pl\/#\/schema\/person\/d4c758656c81ae00e6496831fe7b0792"},"headline":"Rozpocz\u0119cie roku szkolnego &#8211; starosta skierowa\u0142 list do nauczycieli i uczni\u00f3w","datePublished":"2018-09-03T19:51:44+00:00","dateModified":"2018-09-04T06:38:22+00:00","mainEntityOfPage":{"@id":"https:\/\/www.mojabochnia.pl\/?p=188508"},"wordCount":579,"commentCount":0,"publisher":{"@id":"https:\/\/www.mojabochnia.pl\/#organization"},"image":{"@id":"https:\/\/www.mojabochnia.pl\/?p=188508#primaryimage"},"thumbnailUrl":"https:\/\/www.mojabochnia.pl\/wp-content\/uploads\/2017\/05\/IMG_3154.jpg","keywords":["ludwik w\u0119grzyn","starosta boche\u0144ski","top temat"],"articleSection":["2_ostatnie","polityka i wydarzenia","tematyka"],"inLanguage":"pl-PL","potentialAction":[{"@type":"CommentAction","name":"Comment","target":["https:\/\/www.mojabochnia.pl\/?p=188508#respond"]}]},{"@type":"WebPage","@id":"https:\/\/www.mojabochnia.pl\/?p=188508","url":"https:\/\/www.mojabochnia.pl\/?p=188508","name":"Rozpocz\u0119cie roku szkolnego - starosta skierowa\u0142 list do nauczycieli i uczni\u00f3w - mojabochnia.pl - portal informacyjny","isPartOf":{"@id":"https:\/\/www.mojabochnia.pl\/#website"},"primaryImageOfPage":{"@id":"https:\/\/www.mojabochnia.pl\/?p=188508#primaryimage"},"image":{"@id":"https:\/\/www.mojabochnia.pl\/?p=188508#primaryimage"},"thumbnailUrl":"https:\/\/www.mojabochnia.pl\/wp-content\/uploads\/2017\/05\/IMG_3154.jpg","datePublished":"2018-09-03T19:51:44+00:00","dateModified":"2018-09-04T06:38:22+00:00","breadcrumb":{"@id":"https:\/\/www.mojabochnia.pl\/?p=188508#breadcrumb"},"inLanguage":"pl-PL","potentialAction":[{"@type":"ReadAction","target":["https:\/\/www.mojabochnia.pl\/?p=188508"]}]},{"@type":"ImageObject","inLanguage":"pl-PL","@id":"https:\/\/www.mojabochnia.pl\/?p=188508#primaryimage","url":"https:\/\/www.mojabochnia.pl\/wp-content\/uploads\/2017\/05\/IMG_3154.jpg","contentUrl":"https:\/\/www.mojabochnia.pl\/wp-content\/uploads\/2017\/05\/IMG_3154.jpg","width":800,"height":534,"caption":"Pawe\u0142 Michalczyk"},{"@type":"BreadcrumbList","@id":"https:\/\/www.mojabochnia.pl\/?p=188508#breadcrumb","itemListElement":[{"@type":"ListItem","position":1,"name":"Home","item":"https:\/\/www.mojabochnia.pl\/"},{"@type":"ListItem","position":2,"name":"Rozpocz\u0119cie roku szkolnego &#8211; starosta skierowa\u0142 list do nauczycieli i uczni\u00f3w"}]},{"@type":"WebSite","@id":"https:\/\/www.mojabochnia.pl\/#website","url":"https:\/\/www.mojabochnia.pl\/","name":"mojabochnia.pl - portal informacyjny","description":"mojaBochnia to portal informacyjny o Bochni. Codziennie o Bochni piszemy i pokazujemy najwa\u017cniejsze wydarzenia","publisher":{"@id":"https:\/\/www.mojabochnia.pl\/#organization"},"potentialAction":[{"@type":"SearchAction","target":{"@type":"EntryPoint","urlTemplate":"https:\/\/www.mojabochnia.pl\/?s={search_term_string}"},"query-input":{"@type":"PropertyValueSpecification","valueRequired":true,"valueName":"search_term_string"}}],"inLanguage":"pl-PL"},{"@type":"Organization","@id":"https:\/\/www.mojabochnia.pl\/#organization","name":"mojabochnia.pl - portal informacyjny","url":"https:\/\/www.mojabochnia.pl\/","logo":{"@type":"ImageObject","inLanguage":"pl-PL","@id":"https:\/\/www.mojabochnia.pl\/#\/schema\/logo\/image\/","url":"https:\/\/www.mojabochnia.pl\/wp-content\/uploads\/2017\/08\/logo-mb-opt.png","contentUrl":"https:\/\/www.mojabochnia.pl\/wp-content\/uploads\/2017\/08\/logo-mb-opt.png","width":250,"height":48,"caption":"mojabochnia.pl - portal informacyjny"},"image":{"@id":"https:\/\/www.mojabochnia.pl\/#\/schema\/logo\/image\/"},"sameAs":["https:\/\/www.facebook.com\/mojabochnia"]},{"@type":"Person","@id":"https:\/\/www.mojabochnia.pl\/#\/schema\/person\/d4c758656c81ae00e6496831fe7b0792","name":"Marcin Kalinowski","url":"https:\/\/www.mojabochnia.pl\/?author=29"}]}},"_links":{"self":[{"href":"https:\/\/www.mojabochnia.pl\/index.php?rest_route=\/wp\/v2\/posts\/188508","targetHints":{"allow":["GET"]}}],"collection":[{"href":"https:\/\/www.mojabochnia.pl\/index.php?rest_route=\/wp\/v2\/posts"}],"about":[{"href":"https:\/\/www.mojabochnia.pl\/index.php?rest_route=\/wp\/v2\/types\/post"}],"author":[{"embeddable":true,"href":"https:\/\/www.mojabochnia.pl\/index.php?rest_route=\/wp\/v2\/users\/29"}],"replies":[{"embeddable":true,"href":"https:\/\/www.mojabochnia.pl\/index.php?rest_route=%2Fwp%2Fv2%2Fcomments&post=188508"}],"version-history":[{"count":2,"href":"https:\/\/www.mojabochnia.pl\/index.php?rest_route=\/wp\/v2\/posts\/188508\/revisions"}],"predecessor-version":[{"id":188531,"href":"https:\/\/www.mojabochnia.pl\/index.php?rest_route=\/wp\/v2\/posts\/188508\/revisions\/188531"}],"wp:featuredmedia":[{"embeddable":true,"href":"https:\/\/www.mojabochnia.pl\/index.php?rest_route=\/wp\/v2\/media\/170885"}],"wp:attachment":[{"href":"https:\/\/www.mojabochnia.pl\/index.php?rest_route=%2Fwp%2Fv2%2Fmedia&parent=188508"}],"wp:term":[{"taxonomy":"category","embeddable":true,"href":"https:\/\/www.mojabochnia.pl\/index.php?rest_route=%2Fwp%2Fv2%2Fcategories&post=188508"},{"taxonomy":"post_tag","embeddable":true,"href":"https:\/\/www.mojabochnia.pl\/index.php?rest_route=%2Fwp%2Fv2%2Ftags&post=188508"}],"curies":[{"name":"wp","href":"https:\/\/api.w.org\/{rel}","templated":true}]}}