{"id":1885,"date":"2008-08-28T05:52:53","date_gmt":"2008-08-28T03:52:53","guid":{"rendered":"http:\/\/www.mojabochnia.pl\/?p=1885"},"modified":"2009-04-16T13:03:23","modified_gmt":"2009-04-16T11:03:23","slug":"bartlomiej-strug-skonczyl-100-lat","status":"publish","type":"post","link":"https:\/\/www.mojabochnia.pl\/?p=1885","title":{"rendered":"Bart\u0142omiej Strug sko\u0144czy\u0142 100 lat"},"content":{"rendered":"<p>W swojej wsi kosi\u0142 traw\u0119 i zbo\u017ce u wielu rolnik\u00f3w. Do dzi\u015b hoduje kr\u00f3liki, a opiekuje si\u0119 nim c\u00f3rka.<\/p>\n<p>Bart\u0142omiej Strug dzie\u0144 zaczyna od modlitwy. Szczeg\u00f3lnym nabo\u017ce\u0144stwem darzy Matk\u0119 Bo\u017c\u0105 Kalwaryjsk\u0105. Do sanktuarium w Kalwarii Zebrzydowskiej pielgrzymowa\u0142 ponad 30 razy pieszo. Zabiera\u0142 tam r\u00f3wnie\u017c swoj\u0105 ma\u0142\u017conk\u0119 i dzieci. \u017bycie jubilata wype\u0142nia\u0142a te\u017c ci\u0119\u017cka praca. Przyznaje, \u017ce w Gierczycach nie ma gospodarstwa, w kt\u00f3rym by nie pracowa\u0142. Jak m\u00f3wi jego c\u00f3rka, jest niezwykle konsekwentny w tym, co robi. \u2013 <em>Wymaga zar\u00f3wno od siebie, jak i od innych<\/em>.<\/p>\n<p>Zapytany o recept\u0119 na d\u0142ugowieczno\u015b\u0107 Bart\u0142omiej Strug podaje przede wszystkim mi\u0119dzyludzk\u0105 zgod\u0119. \u2013 <em>S\u0105siad z s\u0105siadem powinni si\u0119 szanowa\u0107, podobnie w rodzinie. Niekt\u00f3rzy si\u0119 k\u0142\u00f3c\u0105, przeklinaj\u0105. To nie \u017cycie<\/em> \u2013 m\u00f3wi stulatek.<\/p>\n<p>Dostojny jubilat jest wdowcem od 13 lat, doczeka\u0142 si\u0119 13 wnuk\u00f3w i 11 prawnuk\u00f3w. Z okazji 100-lecia urodzin w Gierczycach odby\u0142o si\u0119 specjalne przyj\u0119cie, poprzedzone Msz\u0105 \u015bw. o zdrowie i b\u0142ogos\u0142awie\u0144stwo Bo\u017ce dla Bart\u0142omieja Struga. Z ko\u015bcio\u0142a do \u015bwietlicy 100-letni m\u0119\u017cczyzna przemierzy\u0142 kilkaset metr\u00f3w pieszo. <\/p>\n","protected":false},"excerpt":{"rendered":"<p>Gierczycach w przysi\u00f3\u0142ku Czyrzyczka. Przez ca\u0142e \u017cycie ci\u0119\u017cko pracowa\u0142, m.in. w elektrowni, ale r\u00f3wnie\u017c nieobca by\u0142a mu praca na roli. <\/p>\n","protected":false},"author":4,"featured_media":0,"comment_status":"open","ping_status":"closed","sticky":false,"template":"","format":"standard","meta":{"_acf_changed":false,"footnotes":""},"categories":[5,11],"tags":[17217,17298,1029,1026,17302],"class_list":["post-1885","post","type-post","status-publish","format-standard","hentry","category-biezace-wydarzenia","category-top-temat","tag-gierczyce","tag-jubileusz","tag-staruszek","tag-wnuki","tag-zdrowie"],"acf":[],"yoast_head":"<!-- This site is optimized with the Yoast SEO plugin v26.9 - https:\/\/yoast.com\/product\/yoast-seo-wordpress\/ -->\n<title>Bart\u0142omiej Strug sko\u0144czy\u0142 100 lat - mojabochnia.pl - portal informacyjny<\/title>\n<meta name=\"robots\" content=\"index, follow, max-snippet:-1, max-image-preview:large, max-video-preview:-1\" \/>\n<link rel=\"canonical\" href=\"https:\/\/www.mojabochnia.pl\/?p=1885\" \/>\n<meta property=\"og:locale\" content=\"pl_PL\" \/>\n<meta property=\"og:type\" content=\"article\" \/>\n<meta property=\"og:title\" content=\"Bart\u0142omiej Strug sko\u0144czy\u0142 100 lat - mojabochnia.pl - portal informacyjny\" \/>\n<meta property=\"og:description\" content=\"Gierczycach w przysi\u00f3\u0142ku Czyrzyczka. Przez ca\u0142e \u017cycie ci\u0119\u017cko pracowa\u0142, m.in. w elektrowni, ale r\u00f3wnie\u017c nieobca by\u0142a mu praca na roli.\" \/>\n<meta property=\"og:url\" content=\"https:\/\/www.mojabochnia.pl\/?p=1885\" \/>\n<meta property=\"og:site_name\" content=\"mojabochnia.pl - portal informacyjny\" \/>\n<meta property=\"article:publisher\" content=\"https:\/\/www.facebook.com\/mojabochnia\" \/>\n<meta property=\"article:published_time\" content=\"2008-08-28T03:52:53+00:00\" \/>\n<meta property=\"article:modified_time\" content=\"2009-04-16T11:03:23+00:00\" \/>\n<meta name=\"author\" content=\"Pawe\u0142 Michalczyk\" \/>\n<meta name=\"twitter:card\" content=\"summary_large_image\" \/>\n<meta name=\"twitter:label1\" content=\"Written by\" \/>\n\t<meta name=\"twitter:data1\" content=\"Pawe\u0142 Michalczyk\" \/>\n\t<meta name=\"twitter:label2\" content=\"Est. reading time\" \/>\n\t<meta name=\"twitter:data2\" content=\"1 minuta\" \/>\n<script type=\"application\/ld+json\" class=\"yoast-schema-graph\">{\"@context\":\"https:\/\/schema.org\",\"@graph\":[{\"@type\":\"Article\",\"@id\":\"https:\/\/www.mojabochnia.pl\/?p=1885#article\",\"isPartOf\":{\"@id\":\"https:\/\/www.mojabochnia.pl\/?p=1885\"},\"author\":{\"name\":\"Pawe\u0142 Michalczyk\",\"@id\":\"https:\/\/www.mojabochnia.pl\/#\/schema\/person\/ea042e4724a77627963f02166828ead4\"},\"headline\":\"Bart\u0142omiej Strug sko\u0144czy\u0142 100 lat\",\"datePublished\":\"2008-08-28T03:52:53+00:00\",\"dateModified\":\"2009-04-16T11:03:23+00:00\",\"mainEntityOfPage\":{\"@id\":\"https:\/\/www.mojabochnia.pl\/?p=1885\"},\"wordCount\":200,\"commentCount\":0,\"publisher\":{\"@id\":\"https:\/\/www.mojabochnia.pl\/#organization\"},\"keywords\":[\"gierczyce\",\"jubileusz\",\"staruszek\",\"wnuki\",\"zdrowie\"],\"articleSection\":[\"2_ostatnie\",\"3_w centrum uwagi\"],\"inLanguage\":\"pl-PL\",\"potentialAction\":[{\"@type\":\"CommentAction\",\"name\":\"Comment\",\"target\":[\"https:\/\/www.mojabochnia.pl\/?p=1885#respond\"]}]},{\"@type\":\"WebPage\",\"@id\":\"https:\/\/www.mojabochnia.pl\/?p=1885\",\"url\":\"https:\/\/www.mojabochnia.pl\/?p=1885\",\"name\":\"Bart\u0142omiej Strug sko\u0144czy\u0142 100 lat - mojabochnia.pl - portal informacyjny\",\"isPartOf\":{\"@id\":\"https:\/\/www.mojabochnia.pl\/#website\"},\"datePublished\":\"2008-08-28T03:52:53+00:00\",\"dateModified\":\"2009-04-16T11:03:23+00:00\",\"breadcrumb\":{\"@id\":\"https:\/\/www.mojabochnia.pl\/?p=1885#breadcrumb\"},\"inLanguage\":\"pl-PL\",\"potentialAction\":[{\"@type\":\"ReadAction\",\"target\":[\"https:\/\/www.mojabochnia.pl\/?p=1885\"]}]},{\"@type\":\"BreadcrumbList\",\"@id\":\"https:\/\/www.mojabochnia.pl\/?p=1885#breadcrumb\",\"itemListElement\":[{\"@type\":\"ListItem\",\"position\":1,\"name\":\"Home\",\"item\":\"https:\/\/www.mojabochnia.pl\/\"},{\"@type\":\"ListItem\",\"position\":2,\"name\":\"Bart\u0142omiej Strug sko\u0144czy\u0142 100 lat\"}]},{\"@type\":\"WebSite\",\"@id\":\"https:\/\/www.mojabochnia.pl\/#website\",\"url\":\"https:\/\/www.mojabochnia.pl\/\",\"name\":\"mojabochnia.pl - portal informacyjny\",\"description\":\"mojaBochnia to portal informacyjny o Bochni. Codziennie o Bochni piszemy i pokazujemy najwa\u017cniejsze wydarzenia\",\"publisher\":{\"@id\":\"https:\/\/www.mojabochnia.pl\/#organization\"},\"potentialAction\":[{\"@type\":\"SearchAction\",\"target\":{\"@type\":\"EntryPoint\",\"urlTemplate\":\"https:\/\/www.mojabochnia.pl\/?s={search_term_string}\"},\"query-input\":{\"@type\":\"PropertyValueSpecification\",\"valueRequired\":true,\"valueName\":\"search_term_string\"}}],\"inLanguage\":\"pl-PL\"},{\"@type\":\"Organization\",\"@id\":\"https:\/\/www.mojabochnia.pl\/#organization\",\"name\":\"mojabochnia.pl - portal informacyjny\",\"url\":\"https:\/\/www.mojabochnia.pl\/\",\"logo\":{\"@type\":\"ImageObject\",\"inLanguage\":\"pl-PL\",\"@id\":\"https:\/\/www.mojabochnia.pl\/#\/schema\/logo\/image\/\",\"url\":\"https:\/\/www.mojabochnia.pl\/wp-content\/uploads\/2017\/08\/logo-mb-opt.png\",\"contentUrl\":\"https:\/\/www.mojabochnia.pl\/wp-content\/uploads\/2017\/08\/logo-mb-opt.png\",\"width\":250,\"height\":48,\"caption\":\"mojabochnia.pl - portal informacyjny\"},\"image\":{\"@id\":\"https:\/\/www.mojabochnia.pl\/#\/schema\/logo\/image\/\"},\"sameAs\":[\"https:\/\/www.facebook.com\/mojabochnia\"]},{\"@type\":\"Person\",\"@id\":\"https:\/\/www.mojabochnia.pl\/#\/schema\/person\/ea042e4724a77627963f02166828ead4\",\"name\":\"Pawe\u0142 Michalczyk\",\"url\":\"https:\/\/www.mojabochnia.pl\/?author=4\"}]}<\/script>\n<!-- \/ Yoast SEO plugin. -->","yoast_head_json":{"title":"Bart\u0142omiej Strug sko\u0144czy\u0142 100 lat - mojabochnia.pl - portal informacyjny","robots":{"index":"index","follow":"follow","max-snippet":"max-snippet:-1","max-image-preview":"max-image-preview:large","max-video-preview":"max-video-preview:-1"},"canonical":"https:\/\/www.mojabochnia.pl\/?p=1885","og_locale":"pl_PL","og_type":"article","og_title":"Bart\u0142omiej Strug sko\u0144czy\u0142 100 lat - mojabochnia.pl - portal informacyjny","og_description":"Gierczycach w przysi\u00f3\u0142ku Czyrzyczka. Przez ca\u0142e \u017cycie ci\u0119\u017cko pracowa\u0142, m.in. w elektrowni, ale r\u00f3wnie\u017c nieobca by\u0142a mu praca na roli.","og_url":"https:\/\/www.mojabochnia.pl\/?p=1885","og_site_name":"mojabochnia.pl - portal informacyjny","article_publisher":"https:\/\/www.facebook.com\/mojabochnia","article_published_time":"2008-08-28T03:52:53+00:00","article_modified_time":"2009-04-16T11:03:23+00:00","author":"Pawe\u0142 Michalczyk","twitter_card":"summary_large_image","twitter_misc":{"Written by":"Pawe\u0142 Michalczyk","Est. reading time":"1 minuta"},"schema":{"@context":"https:\/\/schema.org","@graph":[{"@type":"Article","@id":"https:\/\/www.mojabochnia.pl\/?p=1885#article","isPartOf":{"@id":"https:\/\/www.mojabochnia.pl\/?p=1885"},"author":{"name":"Pawe\u0142 Michalczyk","@id":"https:\/\/www.mojabochnia.pl\/#\/schema\/person\/ea042e4724a77627963f02166828ead4"},"headline":"Bart\u0142omiej Strug sko\u0144czy\u0142 100 lat","datePublished":"2008-08-28T03:52:53+00:00","dateModified":"2009-04-16T11:03:23+00:00","mainEntityOfPage":{"@id":"https:\/\/www.mojabochnia.pl\/?p=1885"},"wordCount":200,"commentCount":0,"publisher":{"@id":"https:\/\/www.mojabochnia.pl\/#organization"},"keywords":["gierczyce","jubileusz","staruszek","wnuki","zdrowie"],"articleSection":["2_ostatnie","3_w centrum uwagi"],"inLanguage":"pl-PL","potentialAction":[{"@type":"CommentAction","name":"Comment","target":["https:\/\/www.mojabochnia.pl\/?p=1885#respond"]}]},{"@type":"WebPage","@id":"https:\/\/www.mojabochnia.pl\/?p=1885","url":"https:\/\/www.mojabochnia.pl\/?p=1885","name":"Bart\u0142omiej Strug sko\u0144czy\u0142 100 lat - mojabochnia.pl - portal informacyjny","isPartOf":{"@id":"https:\/\/www.mojabochnia.pl\/#website"},"datePublished":"2008-08-28T03:52:53+00:00","dateModified":"2009-04-16T11:03:23+00:00","breadcrumb":{"@id":"https:\/\/www.mojabochnia.pl\/?p=1885#breadcrumb"},"inLanguage":"pl-PL","potentialAction":[{"@type":"ReadAction","target":["https:\/\/www.mojabochnia.pl\/?p=1885"]}]},{"@type":"BreadcrumbList","@id":"https:\/\/www.mojabochnia.pl\/?p=1885#breadcrumb","itemListElement":[{"@type":"ListItem","position":1,"name":"Home","item":"https:\/\/www.mojabochnia.pl\/"},{"@type":"ListItem","position":2,"name":"Bart\u0142omiej Strug sko\u0144czy\u0142 100 lat"}]},{"@type":"WebSite","@id":"https:\/\/www.mojabochnia.pl\/#website","url":"https:\/\/www.mojabochnia.pl\/","name":"mojabochnia.pl - portal informacyjny","description":"mojaBochnia to portal informacyjny o Bochni. Codziennie o Bochni piszemy i pokazujemy najwa\u017cniejsze wydarzenia","publisher":{"@id":"https:\/\/www.mojabochnia.pl\/#organization"},"potentialAction":[{"@type":"SearchAction","target":{"@type":"EntryPoint","urlTemplate":"https:\/\/www.mojabochnia.pl\/?s={search_term_string}"},"query-input":{"@type":"PropertyValueSpecification","valueRequired":true,"valueName":"search_term_string"}}],"inLanguage":"pl-PL"},{"@type":"Organization","@id":"https:\/\/www.mojabochnia.pl\/#organization","name":"mojabochnia.pl - portal informacyjny","url":"https:\/\/www.mojabochnia.pl\/","logo":{"@type":"ImageObject","inLanguage":"pl-PL","@id":"https:\/\/www.mojabochnia.pl\/#\/schema\/logo\/image\/","url":"https:\/\/www.mojabochnia.pl\/wp-content\/uploads\/2017\/08\/logo-mb-opt.png","contentUrl":"https:\/\/www.mojabochnia.pl\/wp-content\/uploads\/2017\/08\/logo-mb-opt.png","width":250,"height":48,"caption":"mojabochnia.pl - portal informacyjny"},"image":{"@id":"https:\/\/www.mojabochnia.pl\/#\/schema\/logo\/image\/"},"sameAs":["https:\/\/www.facebook.com\/mojabochnia"]},{"@type":"Person","@id":"https:\/\/www.mojabochnia.pl\/#\/schema\/person\/ea042e4724a77627963f02166828ead4","name":"Pawe\u0142 Michalczyk","url":"https:\/\/www.mojabochnia.pl\/?author=4"}]}},"_links":{"self":[{"href":"https:\/\/www.mojabochnia.pl\/index.php?rest_route=\/wp\/v2\/posts\/1885","targetHints":{"allow":["GET"]}}],"collection":[{"href":"https:\/\/www.mojabochnia.pl\/index.php?rest_route=\/wp\/v2\/posts"}],"about":[{"href":"https:\/\/www.mojabochnia.pl\/index.php?rest_route=\/wp\/v2\/types\/post"}],"author":[{"embeddable":true,"href":"https:\/\/www.mojabochnia.pl\/index.php?rest_route=\/wp\/v2\/users\/4"}],"replies":[{"embeddable":true,"href":"https:\/\/www.mojabochnia.pl\/index.php?rest_route=%2Fwp%2Fv2%2Fcomments&post=1885"}],"version-history":[{"count":0,"href":"https:\/\/www.mojabochnia.pl\/index.php?rest_route=\/wp\/v2\/posts\/1885\/revisions"}],"wp:attachment":[{"href":"https:\/\/www.mojabochnia.pl\/index.php?rest_route=%2Fwp%2Fv2%2Fmedia&parent=1885"}],"wp:term":[{"taxonomy":"category","embeddable":true,"href":"https:\/\/www.mojabochnia.pl\/index.php?rest_route=%2Fwp%2Fv2%2Fcategories&post=1885"},{"taxonomy":"post_tag","embeddable":true,"href":"https:\/\/www.mojabochnia.pl\/index.php?rest_route=%2Fwp%2Fv2%2Ftags&post=1885"}],"curies":[{"name":"wp","href":"https:\/\/api.w.org\/{rel}","templated":true}]}}