{"id":188368,"date":"2018-08-29T21:36:15","date_gmt":"2018-08-29T19:36:15","guid":{"rendered":"https:\/\/www.mojabochnia.pl\/?p=188368"},"modified":"2018-08-29T21:36:15","modified_gmt":"2018-08-29T19:36:15","slug":"kolejna-akcja-pomocy-polakom-na-litwie","status":"publish","type":"post","link":"https:\/\/www.mojabochnia.pl\/?p=188368","title":{"rendered":"Kolejna akcja pomocy Polakom Na Litwie"},"content":{"rendered":"<p>Oto tre\u015b\u0107 listu, kt\u00f3ry trafi\u0142 do naszej redakcji:<\/p>\n<p><em>Po raz kolejny zwracam si\u0119 z pro\u015bba do mieszka\u0144c\u00f3w Bochni o wsparcie rzeczowe akcji &#8222;Pomoc dla polskich dzieci na Litwie&#8221;.<br \/>\nDzi\u0119ki uprzejmo\u015bci Pana Prezesa Polskiej Sp\u00f3\u0142ki Gazownictwa otrzymali\u015bmy zgod\u0119 na wyjazd w dniach 18 wrze\u015bnia 2018 oraz to, co zawsze stanowi problem \u015brodek transportu w postaci samochodu ci\u0119\u017carowego.  Chcieliby\u015bmy zawie\u017a\u0107 dzieciom z polskich szk\u00f3\u0142 oraz polskim rodzinom produkty spo\u017cywcze d\u0142ugoterminowe, oraz wyprawki do szko\u0142y.<br \/>\nPOTRZEBNE S\u0104:<br \/>\n&#8211; \u017bywno\u015b\u0107 mi\u0119dzy innymi m\u0105ka, kasza, ry\u017c, makarony, konserwy,<br \/>\n&#8211; Przybory i artyku\u0142y szkolne,<br \/>\n&#8211; Zabawki &#8211; edukacyjne, interaktywne, klocki, lalki<br \/>\n&#8211; Pieluchy dla doros\u0142ych i prze\u015bcierad\u0142a jednorazowe dla Hospicjum w Wilnie.<br \/>\n&#8211; \u015arodki czysto\u015bci &#8211; myd\u0142a szampony, proszki do prania a zw\u0142aszcza papier toaletowy.<\/p>\n<p>Zbi\u00f3rka potrwa do 15 wrze\u015bnia 2018r, kontakt 665611305<br \/>\nTo, co zawozimy trafia bezpo\u015brednio do polskich rodzin i dzieciak\u00f3w, wi\u0119c nic si\u0119 nie marnuje.<br \/>\nZa wszelka okazan\u0105 pomoc z g\u00f3ry dzi\u0119kuj\u0119.<\/p>\n<p>Stanis\u0142aw D\u0119bosz<\/em><\/p>\n<p>Plakat promuj\u0105cy akcj\u0119: <strong><a onclick=\"javascript:pageTracker._trackPageview('\/downloads\/wp-content\/uploads\/2018\/08\/Litwa-ok.pdf');\"  href=\"https:\/\/www.mojabochnia.pl\/wp-content\/uploads\/2018\/08\/Litwa-ok.pdf\" target=\"_blank\">TUTAJ<\/a><\/strong><\/p>\n","protected":false},"excerpt":{"rendered":"<p>\u017bywno\u015b\u0107, kt\u00f3ra szybko si\u0119 nie zepsuje, przybory szkolne, zabawki, \u015brodki czysto\u015bci oraz higieny &#8211; to g\u0142\u00f3wne potrzeby wymienione w przys\u0142anym do naszej redakcji apelu o wsparcie akcji &#8222;Pomoc dla polskich dzieci na Litwie&#8221;. <\/p>\n","protected":false},"author":29,"featured_media":188375,"comment_status":"open","ping_status":"closed","sticky":false,"template":"","format":"standard","meta":{"_acf_changed":false,"footnotes":""},"categories":[4,6251,6250],"tags":[17670,20182,20819,17376],"class_list":["post-188368","post","type-post","status-publish","format-standard","has-post-thumbnail","hentry","category-krotko-i-szybko","category-polityka-i-wydarzenia","category-tematyka","tag-litwa","tag-pomoc-charytatywna","tag-pomoc-dla-polakow-na-litwie","tag-zbiorka","main_tag-pomoc-charytatywna"],"acf":[],"yoast_head":"<!-- This site is optimized with the Yoast SEO plugin v26.9 - https:\/\/yoast.com\/product\/yoast-seo-wordpress\/ -->\n<title>Kolejna akcja pomocy Polakom Na Litwie - mojabochnia.pl - portal informacyjny<\/title>\n<meta name=\"robots\" content=\"index, follow, max-snippet:-1, max-image-preview:large, max-video-preview:-1\" \/>\n<link rel=\"canonical\" href=\"https:\/\/www.mojabochnia.pl\/?p=188368\" \/>\n<meta property=\"og:locale\" content=\"pl_PL\" \/>\n<meta property=\"og:type\" content=\"article\" \/>\n<meta property=\"og:title\" content=\"Kolejna akcja pomocy Polakom Na Litwie - mojabochnia.pl - portal informacyjny\" \/>\n<meta property=\"og:description\" content=\"\u017bywno\u015b\u0107, kt\u00f3ra szybko si\u0119 nie zepsuje, przybory szkolne, zabawki, \u015brodki czysto\u015bci oraz higieny - to g\u0142\u00f3wne potrzeby wymienione w przys\u0142anym do naszej redakcji apelu o wsparcie akcji &quot;Pomoc dla polskich dzieci na Litwie&quot;.\" \/>\n<meta property=\"og:url\" content=\"https:\/\/www.mojabochnia.pl\/?p=188368\" \/>\n<meta property=\"og:site_name\" content=\"mojabochnia.pl - portal informacyjny\" \/>\n<meta property=\"article:publisher\" content=\"https:\/\/www.facebook.com\/mojabochnia\" \/>\n<meta property=\"article:published_time\" content=\"2018-08-29T19:36:15+00:00\" \/>\n<meta property=\"og:image\" content=\"https:\/\/www.mojabochnia.pl\/wp-content\/uploads\/2018\/08\/Litwa-pomoc-dla-polskich-dzieci.jpg\" \/>\n\t<meta property=\"og:image:width\" content=\"827\" \/>\n\t<meta property=\"og:image:height\" content=\"811\" \/>\n\t<meta property=\"og:image:type\" content=\"image\/jpeg\" \/>\n<meta name=\"author\" content=\"Marcin Kalinowski\" \/>\n<meta name=\"twitter:card\" content=\"summary_large_image\" \/>\n<meta name=\"twitter:label1\" content=\"Written by\" \/>\n\t<meta name=\"twitter:data1\" content=\"Marcin Kalinowski\" \/>\n\t<meta name=\"twitter:label2\" content=\"Est. reading time\" \/>\n\t<meta name=\"twitter:data2\" content=\"1 minuta\" \/>\n<script type=\"application\/ld+json\" class=\"yoast-schema-graph\">{\"@context\":\"https:\/\/schema.org\",\"@graph\":[{\"@type\":\"Article\",\"@id\":\"https:\/\/www.mojabochnia.pl\/?p=188368#article\",\"isPartOf\":{\"@id\":\"https:\/\/www.mojabochnia.pl\/?p=188368\"},\"author\":{\"name\":\"Marcin Kalinowski\",\"@id\":\"https:\/\/www.mojabochnia.pl\/#\/schema\/person\/d4c758656c81ae00e6496831fe7b0792\"},\"headline\":\"Kolejna akcja pomocy Polakom Na Litwie\",\"datePublished\":\"2018-08-29T19:36:15+00:00\",\"mainEntityOfPage\":{\"@id\":\"https:\/\/www.mojabochnia.pl\/?p=188368\"},\"wordCount\":190,\"commentCount\":0,\"publisher\":{\"@id\":\"https:\/\/www.mojabochnia.pl\/#organization\"},\"image\":{\"@id\":\"https:\/\/www.mojabochnia.pl\/?p=188368#primaryimage\"},\"thumbnailUrl\":\"https:\/\/www.mojabochnia.pl\/wp-content\/uploads\/2018\/08\/Litwa-pomoc-dla-polskich-dzieci.jpg\",\"keywords\":[\"litwa\",\"pomoc charytatywna\",\"pomoc dla Polak\u00f3w na Litwie\",\"zbi\u00f3rka\"],\"articleSection\":[\"Kr\u00f3tko i szybko\",\"polityka i wydarzenia\",\"tematyka\"],\"inLanguage\":\"pl-PL\",\"potentialAction\":[{\"@type\":\"CommentAction\",\"name\":\"Comment\",\"target\":[\"https:\/\/www.mojabochnia.pl\/?p=188368#respond\"]}]},{\"@type\":\"WebPage\",\"@id\":\"https:\/\/www.mojabochnia.pl\/?p=188368\",\"url\":\"https:\/\/www.mojabochnia.pl\/?p=188368\",\"name\":\"Kolejna akcja pomocy Polakom Na Litwie - mojabochnia.pl - portal informacyjny\",\"isPartOf\":{\"@id\":\"https:\/\/www.mojabochnia.pl\/#website\"},\"primaryImageOfPage\":{\"@id\":\"https:\/\/www.mojabochnia.pl\/?p=188368#primaryimage\"},\"image\":{\"@id\":\"https:\/\/www.mojabochnia.pl\/?p=188368#primaryimage\"},\"thumbnailUrl\":\"https:\/\/www.mojabochnia.pl\/wp-content\/uploads\/2018\/08\/Litwa-pomoc-dla-polskich-dzieci.jpg\",\"datePublished\":\"2018-08-29T19:36:15+00:00\",\"breadcrumb\":{\"@id\":\"https:\/\/www.mojabochnia.pl\/?p=188368#breadcrumb\"},\"inLanguage\":\"pl-PL\",\"potentialAction\":[{\"@type\":\"ReadAction\",\"target\":[\"https:\/\/www.mojabochnia.pl\/?p=188368\"]}]},{\"@type\":\"ImageObject\",\"inLanguage\":\"pl-PL\",\"@id\":\"https:\/\/www.mojabochnia.pl\/?p=188368#primaryimage\",\"url\":\"https:\/\/www.mojabochnia.pl\/wp-content\/uploads\/2018\/08\/Litwa-pomoc-dla-polskich-dzieci.jpg\",\"contentUrl\":\"https:\/\/www.mojabochnia.pl\/wp-content\/uploads\/2018\/08\/Litwa-pomoc-dla-polskich-dzieci.jpg\",\"width\":827,\"height\":811},{\"@type\":\"BreadcrumbList\",\"@id\":\"https:\/\/www.mojabochnia.pl\/?p=188368#breadcrumb\",\"itemListElement\":[{\"@type\":\"ListItem\",\"position\":1,\"name\":\"Home\",\"item\":\"https:\/\/www.mojabochnia.pl\/\"},{\"@type\":\"ListItem\",\"position\":2,\"name\":\"Kolejna akcja pomocy Polakom Na Litwie\"}]},{\"@type\":\"WebSite\",\"@id\":\"https:\/\/www.mojabochnia.pl\/#website\",\"url\":\"https:\/\/www.mojabochnia.pl\/\",\"name\":\"mojabochnia.pl - portal informacyjny\",\"description\":\"mojaBochnia to portal informacyjny o Bochni. Codziennie o Bochni piszemy i pokazujemy najwa\u017cniejsze wydarzenia\",\"publisher\":{\"@id\":\"https:\/\/www.mojabochnia.pl\/#organization\"},\"potentialAction\":[{\"@type\":\"SearchAction\",\"target\":{\"@type\":\"EntryPoint\",\"urlTemplate\":\"https:\/\/www.mojabochnia.pl\/?s={search_term_string}\"},\"query-input\":{\"@type\":\"PropertyValueSpecification\",\"valueRequired\":true,\"valueName\":\"search_term_string\"}}],\"inLanguage\":\"pl-PL\"},{\"@type\":\"Organization\",\"@id\":\"https:\/\/www.mojabochnia.pl\/#organization\",\"name\":\"mojabochnia.pl - portal informacyjny\",\"url\":\"https:\/\/www.mojabochnia.pl\/\",\"logo\":{\"@type\":\"ImageObject\",\"inLanguage\":\"pl-PL\",\"@id\":\"https:\/\/www.mojabochnia.pl\/#\/schema\/logo\/image\/\",\"url\":\"https:\/\/www.mojabochnia.pl\/wp-content\/uploads\/2017\/08\/logo-mb-opt.png\",\"contentUrl\":\"https:\/\/www.mojabochnia.pl\/wp-content\/uploads\/2017\/08\/logo-mb-opt.png\",\"width\":250,\"height\":48,\"caption\":\"mojabochnia.pl - portal informacyjny\"},\"image\":{\"@id\":\"https:\/\/www.mojabochnia.pl\/#\/schema\/logo\/image\/\"},\"sameAs\":[\"https:\/\/www.facebook.com\/mojabochnia\"]},{\"@type\":\"Person\",\"@id\":\"https:\/\/www.mojabochnia.pl\/#\/schema\/person\/d4c758656c81ae00e6496831fe7b0792\",\"name\":\"Marcin Kalinowski\",\"url\":\"https:\/\/www.mojabochnia.pl\/?author=29\"}]}<\/script>\n<!-- \/ Yoast SEO plugin. -->","yoast_head_json":{"title":"Kolejna akcja pomocy Polakom Na Litwie - mojabochnia.pl - portal informacyjny","robots":{"index":"index","follow":"follow","max-snippet":"max-snippet:-1","max-image-preview":"max-image-preview:large","max-video-preview":"max-video-preview:-1"},"canonical":"https:\/\/www.mojabochnia.pl\/?p=188368","og_locale":"pl_PL","og_type":"article","og_title":"Kolejna akcja pomocy Polakom Na Litwie - mojabochnia.pl - portal informacyjny","og_description":"\u017bywno\u015b\u0107, kt\u00f3ra szybko si\u0119 nie zepsuje, przybory szkolne, zabawki, \u015brodki czysto\u015bci oraz higieny - to g\u0142\u00f3wne potrzeby wymienione w przys\u0142anym do naszej redakcji apelu o wsparcie akcji \"Pomoc dla polskich dzieci na Litwie\".","og_url":"https:\/\/www.mojabochnia.pl\/?p=188368","og_site_name":"mojabochnia.pl - portal informacyjny","article_publisher":"https:\/\/www.facebook.com\/mojabochnia","article_published_time":"2018-08-29T19:36:15+00:00","og_image":[{"width":827,"height":811,"url":"https:\/\/www.mojabochnia.pl\/wp-content\/uploads\/2018\/08\/Litwa-pomoc-dla-polskich-dzieci.jpg","type":"image\/jpeg"}],"author":"Marcin Kalinowski","twitter_card":"summary_large_image","twitter_misc":{"Written by":"Marcin Kalinowski","Est. reading time":"1 minuta"},"schema":{"@context":"https:\/\/schema.org","@graph":[{"@type":"Article","@id":"https:\/\/www.mojabochnia.pl\/?p=188368#article","isPartOf":{"@id":"https:\/\/www.mojabochnia.pl\/?p=188368"},"author":{"name":"Marcin Kalinowski","@id":"https:\/\/www.mojabochnia.pl\/#\/schema\/person\/d4c758656c81ae00e6496831fe7b0792"},"headline":"Kolejna akcja pomocy Polakom Na Litwie","datePublished":"2018-08-29T19:36:15+00:00","mainEntityOfPage":{"@id":"https:\/\/www.mojabochnia.pl\/?p=188368"},"wordCount":190,"commentCount":0,"publisher":{"@id":"https:\/\/www.mojabochnia.pl\/#organization"},"image":{"@id":"https:\/\/www.mojabochnia.pl\/?p=188368#primaryimage"},"thumbnailUrl":"https:\/\/www.mojabochnia.pl\/wp-content\/uploads\/2018\/08\/Litwa-pomoc-dla-polskich-dzieci.jpg","keywords":["litwa","pomoc charytatywna","pomoc dla Polak\u00f3w na Litwie","zbi\u00f3rka"],"articleSection":["Kr\u00f3tko i szybko","polityka i wydarzenia","tematyka"],"inLanguage":"pl-PL","potentialAction":[{"@type":"CommentAction","name":"Comment","target":["https:\/\/www.mojabochnia.pl\/?p=188368#respond"]}]},{"@type":"WebPage","@id":"https:\/\/www.mojabochnia.pl\/?p=188368","url":"https:\/\/www.mojabochnia.pl\/?p=188368","name":"Kolejna akcja pomocy Polakom Na Litwie - mojabochnia.pl - portal informacyjny","isPartOf":{"@id":"https:\/\/www.mojabochnia.pl\/#website"},"primaryImageOfPage":{"@id":"https:\/\/www.mojabochnia.pl\/?p=188368#primaryimage"},"image":{"@id":"https:\/\/www.mojabochnia.pl\/?p=188368#primaryimage"},"thumbnailUrl":"https:\/\/www.mojabochnia.pl\/wp-content\/uploads\/2018\/08\/Litwa-pomoc-dla-polskich-dzieci.jpg","datePublished":"2018-08-29T19:36:15+00:00","breadcrumb":{"@id":"https:\/\/www.mojabochnia.pl\/?p=188368#breadcrumb"},"inLanguage":"pl-PL","potentialAction":[{"@type":"ReadAction","target":["https:\/\/www.mojabochnia.pl\/?p=188368"]}]},{"@type":"ImageObject","inLanguage":"pl-PL","@id":"https:\/\/www.mojabochnia.pl\/?p=188368#primaryimage","url":"https:\/\/www.mojabochnia.pl\/wp-content\/uploads\/2018\/08\/Litwa-pomoc-dla-polskich-dzieci.jpg","contentUrl":"https:\/\/www.mojabochnia.pl\/wp-content\/uploads\/2018\/08\/Litwa-pomoc-dla-polskich-dzieci.jpg","width":827,"height":811},{"@type":"BreadcrumbList","@id":"https:\/\/www.mojabochnia.pl\/?p=188368#breadcrumb","itemListElement":[{"@type":"ListItem","position":1,"name":"Home","item":"https:\/\/www.mojabochnia.pl\/"},{"@type":"ListItem","position":2,"name":"Kolejna akcja pomocy Polakom Na Litwie"}]},{"@type":"WebSite","@id":"https:\/\/www.mojabochnia.pl\/#website","url":"https:\/\/www.mojabochnia.pl\/","name":"mojabochnia.pl - portal informacyjny","description":"mojaBochnia to portal informacyjny o Bochni. Codziennie o Bochni piszemy i pokazujemy najwa\u017cniejsze wydarzenia","publisher":{"@id":"https:\/\/www.mojabochnia.pl\/#organization"},"potentialAction":[{"@type":"SearchAction","target":{"@type":"EntryPoint","urlTemplate":"https:\/\/www.mojabochnia.pl\/?s={search_term_string}"},"query-input":{"@type":"PropertyValueSpecification","valueRequired":true,"valueName":"search_term_string"}}],"inLanguage":"pl-PL"},{"@type":"Organization","@id":"https:\/\/www.mojabochnia.pl\/#organization","name":"mojabochnia.pl - portal informacyjny","url":"https:\/\/www.mojabochnia.pl\/","logo":{"@type":"ImageObject","inLanguage":"pl-PL","@id":"https:\/\/www.mojabochnia.pl\/#\/schema\/logo\/image\/","url":"https:\/\/www.mojabochnia.pl\/wp-content\/uploads\/2017\/08\/logo-mb-opt.png","contentUrl":"https:\/\/www.mojabochnia.pl\/wp-content\/uploads\/2017\/08\/logo-mb-opt.png","width":250,"height":48,"caption":"mojabochnia.pl - portal informacyjny"},"image":{"@id":"https:\/\/www.mojabochnia.pl\/#\/schema\/logo\/image\/"},"sameAs":["https:\/\/www.facebook.com\/mojabochnia"]},{"@type":"Person","@id":"https:\/\/www.mojabochnia.pl\/#\/schema\/person\/d4c758656c81ae00e6496831fe7b0792","name":"Marcin Kalinowski","url":"https:\/\/www.mojabochnia.pl\/?author=29"}]}},"_links":{"self":[{"href":"https:\/\/www.mojabochnia.pl\/index.php?rest_route=\/wp\/v2\/posts\/188368","targetHints":{"allow":["GET"]}}],"collection":[{"href":"https:\/\/www.mojabochnia.pl\/index.php?rest_route=\/wp\/v2\/posts"}],"about":[{"href":"https:\/\/www.mojabochnia.pl\/index.php?rest_route=\/wp\/v2\/types\/post"}],"author":[{"embeddable":true,"href":"https:\/\/www.mojabochnia.pl\/index.php?rest_route=\/wp\/v2\/users\/29"}],"replies":[{"embeddable":true,"href":"https:\/\/www.mojabochnia.pl\/index.php?rest_route=%2Fwp%2Fv2%2Fcomments&post=188368"}],"version-history":[{"count":4,"href":"https:\/\/www.mojabochnia.pl\/index.php?rest_route=\/wp\/v2\/posts\/188368\/revisions"}],"predecessor-version":[{"id":188374,"href":"https:\/\/www.mojabochnia.pl\/index.php?rest_route=\/wp\/v2\/posts\/188368\/revisions\/188374"}],"wp:featuredmedia":[{"embeddable":true,"href":"https:\/\/www.mojabochnia.pl\/index.php?rest_route=\/wp\/v2\/media\/188375"}],"wp:attachment":[{"href":"https:\/\/www.mojabochnia.pl\/index.php?rest_route=%2Fwp%2Fv2%2Fmedia&parent=188368"}],"wp:term":[{"taxonomy":"category","embeddable":true,"href":"https:\/\/www.mojabochnia.pl\/index.php?rest_route=%2Fwp%2Fv2%2Fcategories&post=188368"},{"taxonomy":"post_tag","embeddable":true,"href":"https:\/\/www.mojabochnia.pl\/index.php?rest_route=%2Fwp%2Fv2%2Ftags&post=188368"}],"curies":[{"name":"wp","href":"https:\/\/api.w.org\/{rel}","templated":true}]}}