{"id":187562,"date":"2018-07-26T13:22:27","date_gmt":"2018-07-26T11:22:27","guid":{"rendered":"https:\/\/www.mojabochnia.pl\/?p=187562"},"modified":"2018-07-26T13:22:27","modified_gmt":"2018-07-26T11:22:27","slug":"bochnia-swieto-policji-z-awansami-i-nagrodami","status":"publish","type":"post","link":"https:\/\/www.mojabochnia.pl\/?p=187562","title":{"rendered":"Bochnia: \u015awi\u0119to Policji z awansami i nagrodami"},"content":{"rendered":"<p align=\"justify\"><span style=\"font-size: small;\"><strong><span style=\"color: #000000;\"><span style=\"font-family: Arial, serif;\">W dniu 25 lipca 2018 roku funkcjonariusze i pracownicy Komendy Powiatowej Policji w Bochni obchodzili\u00a099 rocznic\u0119 ustanowienia Policji Pa\u0144stwowej. Z tej okazji o godz. 10.00 w siedzibie Starostwa Powiatowego w Bochni odby\u0142a si\u0119 uroczysta zbi\u00f3rka. W obchodach uczestniczyli \u00a0 \u00a0m. in. Pani Urszula Nowog\u00f3rska &#8211; Przewodnicz\u0105ca Sejmiku Wojew\u00f3dztwa Ma\u0142opolskiego, I Zast\u0119pca Komendanta Wojew\u00f3dzkiego Policji w Krakowie insp. Pawe\u0142 Dzier\u017cak, Pan Ludwik W\u0119grzyn &#8211; Starosta Boche\u0144ski, Pan J\u00f3zef Mroczek \u2013 Wicestarosta Boche\u0144ski, Pani Bernadetta G\u0105siorek \u2013 Przewodnicz\u0105ca Rady Powiatu, Pani Anna Wojakiewicz \u2013 Sekretarz Powiatu, Burmistrz Miasta Bochni Pan Stefan Kolawi\u0144ski oraz inni przedstawiciele: duchowie\u0144stwa, samorz\u0105d\u00f3w miast i gmin powiatu boche\u0144skiego, s\u0142u\u017cb mundurowych, instytucji i organizacji wsp\u00f3\u0142pracuj\u0105cych z Policj\u0105 w celu ochrony bezpiecze\u0144stwa i porz\u0105dku publicznego.<\/span><\/span><\/strong><\/span><\/p>\n<p align=\"justify\"><span style=\"color: #000000;\"><span style=\"font-family: Arial, serif;\"><span style=\"font-size: small;\">Uroczyste obchody \u015awi\u0119ta Policji rozpocz\u0119\u0142y si\u0119 w dniu 22 lipca br. Msz\u0105 \u015awi\u0119t\u0105 odprawion\u0105 w Bazylice pw. \u015awi\u0119tego Miko\u0142aja w Bochni, w kt\u00f3rej wzi\u0119li udzia\u0142 policjanci boche\u0144skiej komendy na czele z Komendantem Powiatowym insp. Tadeuszem Stachakiem, a tak\u017ce poczet sztandarowy.<\/span><\/span><\/span><\/p>\n<p align=\"justify\"><span style=\"color: #000000;\"><span style=\"font-family: Arial, serif;\"><span style=\"font-size: small;\">W trakcie uroczysto\u015bci w dniu 25 lipca zosta\u0142y wr\u0119czone, odznaczenia oraz akty nominacyjne na wy\u017csze stopnie s\u0142u\u017cbowe.<\/span><\/span><\/span><\/p>\n<p align=\"justify\"><span style=\"color: #000000;\"><span style=\"font-family: Arial, serif;\"><span style=\"font-size: small;\">Z okazji \u015awi\u0119ta Policji awansowanych na wy\u017csze stopnie policyjne zosta\u0142o 51 funkcjonariuszy Komendy Powiatowej Policji w Bochni.<\/span><\/span><\/span><\/p>\n<p align=\"justify\"><span style=\"color: #000000;\"><span style=\"font-family: Arial, serif;\"><span style=\"font-size: small;\">Awans na stopie\u0144 m\u0142odszego inspektora Policji otrzyma\u0142\u00a0<\/span><\/span><\/span><span style=\"color: #000000;\"><span style=\"font-family: Arial, serif;\"><span style=\"font-size: small;\"><b>I Zast\u0119pca<\/b><\/span><\/span><\/span><span style=\"color: #000000;\"><span style=\"font-family: Arial, serif;\"><span style=\"font-size: small;\">\u00a0<\/span><\/span><\/span><span style=\"color: #000000;\"><span style=\"font-family: Arial, serif;\"><span style=\"font-size: small;\"><b>Komendanta Powiatowego Policji w Bochni.\u00a0<\/b><\/span><\/span><\/span><span style=\"color: #000000;\"><span style=\"font-family: Arial, serif;\"><span style=\"font-size: small;\">Z tej te\u017c okazji m\u0142. insp. Robert Dudek w sali starostwa boche\u0144skiego otrzyma\u0142 od kadry kierowniczej boche\u0144skiej policji pami\u0105tkow\u0105 szabl\u0119.<\/span><\/span><\/span><\/p>\n<p align=\"justify\"><span style=\"color: #000000;\"><span style=\"font-family: Arial, serif;\"><span style=\"font-size: small;\">Ponadto awansowanych zosta\u0142o:<\/span><\/span><\/span><\/p>\n<p align=\"justify\"><span style=\"color: #000000;\"><span style=\"font-family: Arial, serif;\"><span style=\"font-size: small;\">&#8211; w korpusie oficer\u00f3w m\u0142odszych Policji: &#8211; 2 funkcjonariuszy<\/span><\/span><\/span><\/p>\n<p align=\"justify\"><span style=\"color: #000000;\"><span style=\"font-family: Arial, serif;\"><span style=\"font-size: small;\">&#8211; w korpusie aspirant\u00f3w \u2013 14 funkcjonariuszy<\/span><\/span><\/span><\/p>\n<p align=\"justify\"><span style=\"color: #000000;\"><span style=\"font-family: Arial, serif;\"><span style=\"font-size: small;\">&#8211; w korpusie podoficer\u00f3w \u2013 28 funkcjonariuszy<\/span><\/span><\/span><\/p>\n<p align=\"justify\"><span style=\"color: #000000;\"><span style=\"font-family: Arial, serif;\"><span style=\"font-size: small;\">&#8211; w korpusie szeregowych \u2013 5 funkcjonariuszy.<\/span><\/span><\/span><\/p>\n<p align=\"justify\"><span style=\"color: #000000;\"><span style=\"font-family: Arial, serif;\"><span style=\"font-size: small;\">W dow\u00f3d uznania za zaanga\u017cowanie w realizacj\u0119 zada\u0144\u00a0 na rzecz poprawy bezpiecze\u0144stwa na terenie gminy\u00a0\u00a06 funkcjonariuszy Komendy Powiatowej Policji w Bochni odebra\u0142o nagrody motywacyjne ze \u015brodk\u00f3w finansowych przekazanych przez W\u00f3jta Gminy Bochnia Pana Marka Bzdeka.<\/span><\/span><\/span><\/p>\n<p align=\"justify\"><span style=\"color: #000000;\"><span style=\"font-family: Arial, serif;\"><span style=\"font-size: small;\">Uroczysto\u015b\u0107 \u015awi\u0119ta Policji by\u0142a r\u00f3wnie\u017c okazj\u0105 do wr\u0119czenia medali i odznacze\u0144. Na uroczysto\u015bci obecny by\u0142 Pan Stanis\u0142aw Malik V-ce Prezes Zarz\u0105du Stowarzyszenia Emeryt\u00f3w i Rencist\u00f3w Policyjnych w Bochni, kt\u00f3ry wr\u0119czy\u0142 Komendantowi Powiatowemu Policji w Bochni insp. Tadeuszowi Stachakowi odznak\u0119 &#8211; w uznaniu za wybitne osi\u0105gni\u0119cia dla Stowarzyszenia.<\/span><\/span><\/span><\/p>\n<p align=\"justify\"><span style=\"color: #000000;\"><span style=\"font-family: Arial, serif;\"><span style=\"font-size: small;\">R\u00f3wnie\u017c obecny na uroczysto\u015bci Prezes Zarz\u0105du Powiatowego Ligi Obrony Kraju w Bochni, Pan Rafa\u0142 Pl\u0105der doceniaj\u0105c pomoc i owocn\u0105 wsp\u00f3\u0142prac\u0119 w realizacji zada\u0144 na rzecz Organizacji Powiatowej Ligi Obrony Kraju w Bochni postanowi\u0142 wyr\u00f3\u017cni\u0107 funkcjonariuszy boche\u0144skiej Policji, przygotowanym specjalnie na t\u0105 okazj\u0119 Medalem Ligi Obrony Kraju \u201e100 lat Niepodleg\u0142o\u015bci Polski\u201d. Medal ten otrzymali Komendant Powiatowy Policji w Bochni insp. Tadeusz Stachak, I Zast\u0119pca Komendanta Powiatowego Policji w Bochni m\u0142. insp. Robert Dudek, a tak\u017ce asp. szt. Krzysztof Pikus kierownik Ogniwa Patrolowo Interwencyjnego Wydzia\u0142u Prewencji Komendy Powiatowej Policji w Bochni.<\/span><\/span><\/span><\/p>\n<p align=\"justify\"><span style=\"color: #000000;\"><span style=\"font-family: Arial, serif;\"><span style=\"font-size: small;\">Szczeg\u00f3lny charakter mia\u0142o te\u017c przem\u00f3wienie Starosty Boche\u0144skiego Pana Ludwika W\u0119grzyna, kt\u00f3ry podkre\u015bli\u0142 wielk\u0105 wag\u0119 wsp\u00f3\u0142dzia\u0142ania samorz\u0105du i Policji na rzecz bezpiecze\u0144stwa publicznego. Doceniaj\u0105c prac\u0119 i zaanga\u017cowanie boche\u0144skich policjant\u00f3w, Pan Starosta podzi\u0119kowa\u0142 wszystkim za wzorow\u0105 s\u0142u\u017cb\u0119, pogratulowa\u0142 awansowanym, a na r\u0119ce Komendanta Powiatowego Policji w Bochni, insp. Tadeusza Stachaka przekaza\u0142 emblematy, na kt\u00f3rych widnieje\u00a0 herb Powiatu Boche\u0144skiego zespolony z gwiazd\u0105 policyjn\u0105. Zakup tych naszywek sfinansowa\u0142 samorz\u0105d po to by przekaza\u0107 je ka\u017cdemu policjantowi Komendy Powiatowej Policji w Bochni dla podkre\u015blenia tej szczeg\u00f3lnej i historycznej wi\u0119zi i wsp\u00f3\u0142pracy samorz\u0105du z Policj\u0105. Ten element umundurowania umiejscowiony jest na r\u0119kawie ka\u017cdej kurtki s\u0142u\u017cbowej policjant\u00f3w.<\/span><\/span><\/span><\/p>\n<p align=\"justify\"><span style=\"color: #000000;\"><span style=\"font-family: Arial, serif;\"><span style=\"font-size: small;\"><br \/>\nKorzystaj\u0105c z okazji, KPP w Bochni zaprasza w szeregi ma\u0142opolskiej Policji. Presti\u017c wykonywania zawodu zaufania spo\u0142ecznego, przejrzysta \u015bcie\u017cka kariery,\u00a0 mo\u017cliwo\u015b\u0107 ci\u0105g\u0142ego rozwoju osobistego, stabilne zatrudnienie w instytucji pa\u0144stwowej, to tylko niekt\u00f3re plusy s\u0142u\u017cby w Policji. Policja\u00a0 stawia na\u00a0 ludzi m\u0142odych, absolwent\u00f3w szk\u00f3\u0142 \u015brednich, oraz na osoby z wykszta\u0142ceniem wy\u017cszym\u00a0 szczeg\u00f3lnie po kierunkach przydatnych do s\u0142u\u017cby w Policji.\u00a0<\/span><\/span><\/span><\/p>\n<p align=\"justify\"><span style=\"color: #000000;\"><span style=\"font-family: Arial, serif;\"><span style=\"font-size: small;\">Preferowani s\u0105 m.in. kandydaci, posiadaj\u0105cy uprawnienia: ratownika albo ratownika medycznego, instruktora sport\u00f3w walki, strzelectwa, ratownictwa wodnego, nurkowania, czy sport\u00f3w motorowodnych. Mile widziane jest prawo jazdy kategorii \u201eA\u201d i \u201eC\u201d.<\/span><\/span><\/span><\/p>\n<p align=\"justify\"><span style=\"color: #000000;\"><span style=\"font-family: Arial, serif;\"><span style=\"font-size: small;\">Szczeg\u00f3\u0142owe informacje dotycz\u0105ce zasad\u00a0 rekrutacji dost\u0119pne s\u0105 na stronie internetowej ma\u0142opolskiej Policji<\/span><\/span><\/span><a onclick=\"javascript:pageTracker._trackPageview('\/outgoing\/malopolska.policja.gov.pl\/pl\/praca-w-policji');\"  href=\"http:\/\/malopolska.policja.gov.pl\/pl\/praca-w-policji\"><span style=\"color: #144c82;\"><span style=\"font-family: Arial, serif;\"><span style=\"font-size: small;\">http:\/\/malopolska.policja.gov.pl\/pl\/praca-w-policji<\/span><\/span><\/span><\/a><span style=\"color: #000000;\"><span style=\"font-family: Arial, serif;\"><span style=\"font-size: small;\">\u00a0lub pod numerem telefonu 12 61 54\u00a0068. Informacje r\u00f3wnie\u017c mo\u017cna uzyska\u0107 osobi\u015bcie w Komendzie Wojew\u00f3dzkiej Policji w Krakowie przy ul. Mogilskiej 109- w Sekcji Doboru Wydzia\u0142u Kadr i Szkolenia.<\/span><\/span><\/span><\/p>\n<p align=\"justify\">___<\/p>\n<p align=\"justify\">KPP w Bochni<\/p>\n<p>&nbsp;<\/p>\n\t  \r\n\t\r\n\t    <div class=\"mb-gallery\">\r\n\t    <a href=\"https:\/\/www.mojabochnia.pl\/?attachment_id=187564\" class=\"\"><img loading=\"lazy\" decoding=\"async\" width=\"100\" height=\"100\" src=\"https:\/\/www.mojabochnia.pl\/wp-content\/uploads\/2018\/07\/DSC01431-100x100.jpg\" class=\"attachment-100x100 size-100x100\" alt=\"\" \/><\/a><a href=\"https:\/\/www.mojabochnia.pl\/?attachment_id=187565\" class=\"\"><img loading=\"lazy\" decoding=\"async\" width=\"100\" height=\"100\" src=\"https:\/\/www.mojabochnia.pl\/wp-content\/uploads\/2018\/07\/DSC01462-100x100.jpg\" class=\"attachment-100x100 size-100x100\" alt=\"\" \/><\/a><a href=\"https:\/\/www.mojabochnia.pl\/?attachment_id=187566\" class=\"\"><img loading=\"lazy\" decoding=\"async\" width=\"100\" height=\"100\" src=\"https:\/\/www.mojabochnia.pl\/wp-content\/uploads\/2018\/07\/DSC01481-100x100.jpg\" class=\"attachment-100x100 size-100x100\" alt=\"\" \/><\/a><a href=\"https:\/\/www.mojabochnia.pl\/?attachment_id=187567\" class=\"\"><img loading=\"lazy\" decoding=\"async\" width=\"100\" height=\"100\" src=\"https:\/\/www.mojabochnia.pl\/wp-content\/uploads\/2018\/07\/DSC01566-100x100.jpg\" class=\"attachment-100x100 size-100x100\" alt=\"\" \/><\/a>\t    <\/div>\r\n\t    ","protected":false},"excerpt":{"rendered":"<p>W dniu 25 lipca 2018 roku funkcjonariusze i pracownicy Komendy Powiatowej Policji w Bochni obchodzili\u00a099 rocznic\u0119 ustanowienia Policji Pa\u0144stwowej. Z tej okazji o godz. 10.00 w siedzibie Starostwa Powiatowego w Bochni odby\u0142a si\u0119 uroczysta zbi\u00f3rka. W obchodach uczestniczyli \u00a0 \u00a0m. in. Pani Urszula Nowog\u00f3rska &#8211; Przewodnicz\u0105ca Sejmiku Wojew\u00f3dztwa Ma\u0142opolskiego, I Zast\u0119pca Komendanta Wojew\u00f3dzkiego Policji w<\/p>\n","protected":false},"author":1168,"featured_media":187567,"comment_status":"open","ping_status":"closed","sticky":false,"template":"","format":"standard","meta":{"_acf_changed":false,"footnotes":""},"categories":[5,6251],"tags":[17230,6176,17909,19720],"class_list":["post-187562","post","type-post","status-publish","format-standard","has-post-thumbnail","hentry","category-biezace-wydarzenia","category-polityka-i-wydarzenia","tag-awans","tag-kpp-w-bochni","tag-swieto-policji","tag-top-temat","main_tag-policja"],"acf":[],"yoast_head":"<!-- This site is optimized with the Yoast SEO plugin v26.9 - https:\/\/yoast.com\/product\/yoast-seo-wordpress\/ -->\n<title>Bochnia: \u015awi\u0119to Policji z awansami i nagrodami - mojabochnia.pl - portal informacyjny<\/title>\n<meta name=\"robots\" content=\"index, follow, max-snippet:-1, max-image-preview:large, max-video-preview:-1\" \/>\n<link rel=\"canonical\" href=\"https:\/\/www.mojabochnia.pl\/?p=187562\" \/>\n<meta property=\"og:locale\" content=\"pl_PL\" \/>\n<meta property=\"og:type\" content=\"article\" \/>\n<meta property=\"og:title\" content=\"Bochnia: \u015awi\u0119to Policji z awansami i nagrodami - mojabochnia.pl - portal informacyjny\" \/>\n<meta property=\"og:description\" content=\"W dniu 25 lipca 2018 roku funkcjonariusze i pracownicy Komendy Powiatowej Policji w Bochni obchodzili\u00a099 rocznic\u0119 ustanowienia Policji Pa\u0144stwowej. Z tej okazji o godz. 10.00 w siedzibie Starostwa Powiatowego w Bochni odby\u0142a si\u0119 uroczysta zbi\u00f3rka. W obchodach uczestniczyli \u00a0 \u00a0m. in. Pani Urszula Nowog\u00f3rska &#8211; Przewodnicz\u0105ca Sejmiku Wojew\u00f3dztwa Ma\u0142opolskiego, I Zast\u0119pca Komendanta Wojew\u00f3dzkiego Policji w\" \/>\n<meta property=\"og:url\" content=\"https:\/\/www.mojabochnia.pl\/?p=187562\" \/>\n<meta property=\"og:site_name\" content=\"mojabochnia.pl - portal informacyjny\" \/>\n<meta property=\"article:publisher\" content=\"https:\/\/www.facebook.com\/mojabochnia\" \/>\n<meta property=\"article:published_time\" content=\"2018-07-26T11:22:27+00:00\" \/>\n<meta property=\"og:image\" content=\"https:\/\/www.mojabochnia.pl\/wp-content\/uploads\/2018\/07\/DSC01566-1050x700.jpg\" \/>\n\t<meta property=\"og:image:width\" content=\"1050\" \/>\n\t<meta property=\"og:image:height\" content=\"700\" \/>\n\t<meta property=\"og:image:type\" content=\"image\/jpeg\" \/>\n<meta name=\"author\" content=\"Mateusz Franczyk\" \/>\n<meta name=\"twitter:card\" content=\"summary_large_image\" \/>\n<meta name=\"twitter:label1\" content=\"Written by\" \/>\n\t<meta name=\"twitter:data1\" content=\"Mateusz Franczyk\" \/>\n\t<meta name=\"twitter:label2\" content=\"Est. reading time\" \/>\n\t<meta name=\"twitter:data2\" content=\"4 minuty\" \/>\n<script type=\"application\/ld+json\" class=\"yoast-schema-graph\">{\"@context\":\"https:\/\/schema.org\",\"@graph\":[{\"@type\":\"Article\",\"@id\":\"https:\/\/www.mojabochnia.pl\/?p=187562#article\",\"isPartOf\":{\"@id\":\"https:\/\/www.mojabochnia.pl\/?p=187562\"},\"author\":{\"name\":\"Mateusz Franczyk\",\"@id\":\"https:\/\/www.mojabochnia.pl\/#\/schema\/person\/43d3c2066b5450cc314bfa4e9e0e0099\"},\"headline\":\"Bochnia: \u015awi\u0119to Policji z awansami i nagrodami\",\"datePublished\":\"2018-07-26T11:22:27+00:00\",\"mainEntityOfPage\":{\"@id\":\"https:\/\/www.mojabochnia.pl\/?p=187562\"},\"wordCount\":803,\"commentCount\":0,\"publisher\":{\"@id\":\"https:\/\/www.mojabochnia.pl\/#organization\"},\"image\":{\"@id\":\"https:\/\/www.mojabochnia.pl\/?p=187562#primaryimage\"},\"thumbnailUrl\":\"https:\/\/www.mojabochnia.pl\/wp-content\/uploads\/2018\/07\/DSC01566.jpg\",\"keywords\":[\"awans\",\"kpp w bochni\",\"\u015bwi\u0119to policji\",\"top temat\"],\"articleSection\":[\"2_ostatnie\",\"polityka i wydarzenia\"],\"inLanguage\":\"pl-PL\",\"potentialAction\":[{\"@type\":\"CommentAction\",\"name\":\"Comment\",\"target\":[\"https:\/\/www.mojabochnia.pl\/?p=187562#respond\"]}]},{\"@type\":\"WebPage\",\"@id\":\"https:\/\/www.mojabochnia.pl\/?p=187562\",\"url\":\"https:\/\/www.mojabochnia.pl\/?p=187562\",\"name\":\"Bochnia: \u015awi\u0119to Policji z awansami i nagrodami - mojabochnia.pl - portal informacyjny\",\"isPartOf\":{\"@id\":\"https:\/\/www.mojabochnia.pl\/#website\"},\"primaryImageOfPage\":{\"@id\":\"https:\/\/www.mojabochnia.pl\/?p=187562#primaryimage\"},\"image\":{\"@id\":\"https:\/\/www.mojabochnia.pl\/?p=187562#primaryimage\"},\"thumbnailUrl\":\"https:\/\/www.mojabochnia.pl\/wp-content\/uploads\/2018\/07\/DSC01566.jpg\",\"datePublished\":\"2018-07-26T11:22:27+00:00\",\"breadcrumb\":{\"@id\":\"https:\/\/www.mojabochnia.pl\/?p=187562#breadcrumb\"},\"inLanguage\":\"pl-PL\",\"potentialAction\":[{\"@type\":\"ReadAction\",\"target\":[\"https:\/\/www.mojabochnia.pl\/?p=187562\"]}]},{\"@type\":\"ImageObject\",\"inLanguage\":\"pl-PL\",\"@id\":\"https:\/\/www.mojabochnia.pl\/?p=187562#primaryimage\",\"url\":\"https:\/\/www.mojabochnia.pl\/wp-content\/uploads\/2018\/07\/DSC01566.jpg\",\"contentUrl\":\"https:\/\/www.mojabochnia.pl\/wp-content\/uploads\/2018\/07\/DSC01566.jpg\",\"width\":6000,\"height\":4000},{\"@type\":\"BreadcrumbList\",\"@id\":\"https:\/\/www.mojabochnia.pl\/?p=187562#breadcrumb\",\"itemListElement\":[{\"@type\":\"ListItem\",\"position\":1,\"name\":\"Home\",\"item\":\"https:\/\/www.mojabochnia.pl\/\"},{\"@type\":\"ListItem\",\"position\":2,\"name\":\"Bochnia: \u015awi\u0119to Policji z awansami i nagrodami\"}]},{\"@type\":\"WebSite\",\"@id\":\"https:\/\/www.mojabochnia.pl\/#website\",\"url\":\"https:\/\/www.mojabochnia.pl\/\",\"name\":\"mojabochnia.pl - portal informacyjny\",\"description\":\"mojaBochnia to portal informacyjny o Bochni. Codziennie o Bochni piszemy i pokazujemy najwa\u017cniejsze wydarzenia\",\"publisher\":{\"@id\":\"https:\/\/www.mojabochnia.pl\/#organization\"},\"potentialAction\":[{\"@type\":\"SearchAction\",\"target\":{\"@type\":\"EntryPoint\",\"urlTemplate\":\"https:\/\/www.mojabochnia.pl\/?s={search_term_string}\"},\"query-input\":{\"@type\":\"PropertyValueSpecification\",\"valueRequired\":true,\"valueName\":\"search_term_string\"}}],\"inLanguage\":\"pl-PL\"},{\"@type\":\"Organization\",\"@id\":\"https:\/\/www.mojabochnia.pl\/#organization\",\"name\":\"mojabochnia.pl - portal informacyjny\",\"url\":\"https:\/\/www.mojabochnia.pl\/\",\"logo\":{\"@type\":\"ImageObject\",\"inLanguage\":\"pl-PL\",\"@id\":\"https:\/\/www.mojabochnia.pl\/#\/schema\/logo\/image\/\",\"url\":\"https:\/\/www.mojabochnia.pl\/wp-content\/uploads\/2017\/08\/logo-mb-opt.png\",\"contentUrl\":\"https:\/\/www.mojabochnia.pl\/wp-content\/uploads\/2017\/08\/logo-mb-opt.png\",\"width\":250,\"height\":48,\"caption\":\"mojabochnia.pl - portal informacyjny\"},\"image\":{\"@id\":\"https:\/\/www.mojabochnia.pl\/#\/schema\/logo\/image\/\"},\"sameAs\":[\"https:\/\/www.facebook.com\/mojabochnia\"]},{\"@type\":\"Person\",\"@id\":\"https:\/\/www.mojabochnia.pl\/#\/schema\/person\/43d3c2066b5450cc314bfa4e9e0e0099\",\"name\":\"Mateusz Franczyk\",\"url\":\"https:\/\/www.mojabochnia.pl\/?author=1168\"}]}<\/script>\n<!-- \/ Yoast SEO plugin. -->","yoast_head_json":{"title":"Bochnia: \u015awi\u0119to Policji z awansami i nagrodami - mojabochnia.pl - portal informacyjny","robots":{"index":"index","follow":"follow","max-snippet":"max-snippet:-1","max-image-preview":"max-image-preview:large","max-video-preview":"max-video-preview:-1"},"canonical":"https:\/\/www.mojabochnia.pl\/?p=187562","og_locale":"pl_PL","og_type":"article","og_title":"Bochnia: \u015awi\u0119to Policji z awansami i nagrodami - mojabochnia.pl - portal informacyjny","og_description":"W dniu 25 lipca 2018 roku funkcjonariusze i pracownicy Komendy Powiatowej Policji w Bochni obchodzili\u00a099 rocznic\u0119 ustanowienia Policji Pa\u0144stwowej. Z tej okazji o godz. 10.00 w siedzibie Starostwa Powiatowego w Bochni odby\u0142a si\u0119 uroczysta zbi\u00f3rka. W obchodach uczestniczyli \u00a0 \u00a0m. in. Pani Urszula Nowog\u00f3rska &#8211; Przewodnicz\u0105ca Sejmiku Wojew\u00f3dztwa Ma\u0142opolskiego, I Zast\u0119pca Komendanta Wojew\u00f3dzkiego Policji w","og_url":"https:\/\/www.mojabochnia.pl\/?p=187562","og_site_name":"mojabochnia.pl - portal informacyjny","article_publisher":"https:\/\/www.facebook.com\/mojabochnia","article_published_time":"2018-07-26T11:22:27+00:00","og_image":[{"width":1050,"height":700,"url":"https:\/\/www.mojabochnia.pl\/wp-content\/uploads\/2018\/07\/DSC01566-1050x700.jpg","type":"image\/jpeg"}],"author":"Mateusz Franczyk","twitter_card":"summary_large_image","twitter_misc":{"Written by":"Mateusz Franczyk","Est. reading time":"4 minuty"},"schema":{"@context":"https:\/\/schema.org","@graph":[{"@type":"Article","@id":"https:\/\/www.mojabochnia.pl\/?p=187562#article","isPartOf":{"@id":"https:\/\/www.mojabochnia.pl\/?p=187562"},"author":{"name":"Mateusz Franczyk","@id":"https:\/\/www.mojabochnia.pl\/#\/schema\/person\/43d3c2066b5450cc314bfa4e9e0e0099"},"headline":"Bochnia: \u015awi\u0119to Policji z awansami i nagrodami","datePublished":"2018-07-26T11:22:27+00:00","mainEntityOfPage":{"@id":"https:\/\/www.mojabochnia.pl\/?p=187562"},"wordCount":803,"commentCount":0,"publisher":{"@id":"https:\/\/www.mojabochnia.pl\/#organization"},"image":{"@id":"https:\/\/www.mojabochnia.pl\/?p=187562#primaryimage"},"thumbnailUrl":"https:\/\/www.mojabochnia.pl\/wp-content\/uploads\/2018\/07\/DSC01566.jpg","keywords":["awans","kpp w bochni","\u015bwi\u0119to policji","top temat"],"articleSection":["2_ostatnie","polityka i wydarzenia"],"inLanguage":"pl-PL","potentialAction":[{"@type":"CommentAction","name":"Comment","target":["https:\/\/www.mojabochnia.pl\/?p=187562#respond"]}]},{"@type":"WebPage","@id":"https:\/\/www.mojabochnia.pl\/?p=187562","url":"https:\/\/www.mojabochnia.pl\/?p=187562","name":"Bochnia: \u015awi\u0119to Policji z awansami i nagrodami - mojabochnia.pl - portal informacyjny","isPartOf":{"@id":"https:\/\/www.mojabochnia.pl\/#website"},"primaryImageOfPage":{"@id":"https:\/\/www.mojabochnia.pl\/?p=187562#primaryimage"},"image":{"@id":"https:\/\/www.mojabochnia.pl\/?p=187562#primaryimage"},"thumbnailUrl":"https:\/\/www.mojabochnia.pl\/wp-content\/uploads\/2018\/07\/DSC01566.jpg","datePublished":"2018-07-26T11:22:27+00:00","breadcrumb":{"@id":"https:\/\/www.mojabochnia.pl\/?p=187562#breadcrumb"},"inLanguage":"pl-PL","potentialAction":[{"@type":"ReadAction","target":["https:\/\/www.mojabochnia.pl\/?p=187562"]}]},{"@type":"ImageObject","inLanguage":"pl-PL","@id":"https:\/\/www.mojabochnia.pl\/?p=187562#primaryimage","url":"https:\/\/www.mojabochnia.pl\/wp-content\/uploads\/2018\/07\/DSC01566.jpg","contentUrl":"https:\/\/www.mojabochnia.pl\/wp-content\/uploads\/2018\/07\/DSC01566.jpg","width":6000,"height":4000},{"@type":"BreadcrumbList","@id":"https:\/\/www.mojabochnia.pl\/?p=187562#breadcrumb","itemListElement":[{"@type":"ListItem","position":1,"name":"Home","item":"https:\/\/www.mojabochnia.pl\/"},{"@type":"ListItem","position":2,"name":"Bochnia: \u015awi\u0119to Policji z awansami i nagrodami"}]},{"@type":"WebSite","@id":"https:\/\/www.mojabochnia.pl\/#website","url":"https:\/\/www.mojabochnia.pl\/","name":"mojabochnia.pl - portal informacyjny","description":"mojaBochnia to portal informacyjny o Bochni. Codziennie o Bochni piszemy i pokazujemy najwa\u017cniejsze wydarzenia","publisher":{"@id":"https:\/\/www.mojabochnia.pl\/#organization"},"potentialAction":[{"@type":"SearchAction","target":{"@type":"EntryPoint","urlTemplate":"https:\/\/www.mojabochnia.pl\/?s={search_term_string}"},"query-input":{"@type":"PropertyValueSpecification","valueRequired":true,"valueName":"search_term_string"}}],"inLanguage":"pl-PL"},{"@type":"Organization","@id":"https:\/\/www.mojabochnia.pl\/#organization","name":"mojabochnia.pl - portal informacyjny","url":"https:\/\/www.mojabochnia.pl\/","logo":{"@type":"ImageObject","inLanguage":"pl-PL","@id":"https:\/\/www.mojabochnia.pl\/#\/schema\/logo\/image\/","url":"https:\/\/www.mojabochnia.pl\/wp-content\/uploads\/2017\/08\/logo-mb-opt.png","contentUrl":"https:\/\/www.mojabochnia.pl\/wp-content\/uploads\/2017\/08\/logo-mb-opt.png","width":250,"height":48,"caption":"mojabochnia.pl - portal informacyjny"},"image":{"@id":"https:\/\/www.mojabochnia.pl\/#\/schema\/logo\/image\/"},"sameAs":["https:\/\/www.facebook.com\/mojabochnia"]},{"@type":"Person","@id":"https:\/\/www.mojabochnia.pl\/#\/schema\/person\/43d3c2066b5450cc314bfa4e9e0e0099","name":"Mateusz Franczyk","url":"https:\/\/www.mojabochnia.pl\/?author=1168"}]}},"_links":{"self":[{"href":"https:\/\/www.mojabochnia.pl\/index.php?rest_route=\/wp\/v2\/posts\/187562","targetHints":{"allow":["GET"]}}],"collection":[{"href":"https:\/\/www.mojabochnia.pl\/index.php?rest_route=\/wp\/v2\/posts"}],"about":[{"href":"https:\/\/www.mojabochnia.pl\/index.php?rest_route=\/wp\/v2\/types\/post"}],"author":[{"embeddable":true,"href":"https:\/\/www.mojabochnia.pl\/index.php?rest_route=\/wp\/v2\/users\/1168"}],"replies":[{"embeddable":true,"href":"https:\/\/www.mojabochnia.pl\/index.php?rest_route=%2Fwp%2Fv2%2Fcomments&post=187562"}],"version-history":[{"count":1,"href":"https:\/\/www.mojabochnia.pl\/index.php?rest_route=\/wp\/v2\/posts\/187562\/revisions"}],"predecessor-version":[{"id":187568,"href":"https:\/\/www.mojabochnia.pl\/index.php?rest_route=\/wp\/v2\/posts\/187562\/revisions\/187568"}],"wp:featuredmedia":[{"embeddable":true,"href":"https:\/\/www.mojabochnia.pl\/index.php?rest_route=\/wp\/v2\/media\/187567"}],"wp:attachment":[{"href":"https:\/\/www.mojabochnia.pl\/index.php?rest_route=%2Fwp%2Fv2%2Fmedia&parent=187562"}],"wp:term":[{"taxonomy":"category","embeddable":true,"href":"https:\/\/www.mojabochnia.pl\/index.php?rest_route=%2Fwp%2Fv2%2Fcategories&post=187562"},{"taxonomy":"post_tag","embeddable":true,"href":"https:\/\/www.mojabochnia.pl\/index.php?rest_route=%2Fwp%2Fv2%2Ftags&post=187562"}],"curies":[{"name":"wp","href":"https:\/\/api.w.org\/{rel}","templated":true}]}}