{"id":187494,"date":"2018-07-26T10:15:56","date_gmt":"2018-07-26T08:15:56","guid":{"rendered":"https:\/\/www.mojabochnia.pl\/?p=187494"},"modified":"2018-07-26T10:17:26","modified_gmt":"2018-07-26T08:17:26","slug":"nowoczesna-sala-gimnastyczna-w-gminie-rzezawa","status":"publish","type":"post","link":"https:\/\/www.mojabochnia.pl\/?p=187494","title":{"rendered":"Nowoczesna sala gimnastyczna w gminie Rzezawa"},"content":{"rendered":"<p><strong><span style=\"font-family: Arial, sans-serif;\"><span style=\"font-size: medium;\">W gminie Rzezawa kolejna du\u017ca inwestycja dla mieszka\u0144c\u00f3w zosta\u0142a zako\u0144czona. Po 25 latach oczekiwa\u0144 mieszka\u0144cy doczekali si\u0119 nowoczesnej sali gimnastycznej. Istniej\u0105cy budynek szko\u0142y <\/span><\/span><span style=\"font-family: Arial, sans-serif;\"><span style=\"font-size: medium;\">podstawowej im. <\/span><\/span><span style=\"font-family: Arial, sans-serif;\"><span style=\"font-size: medium;\">Genera\u0142a Leopolda Okulickiego <\/span><\/span><span style=\"font-family: Arial, sans-serif;\"><span style=\"font-size: medium;\">w Okulicach zosta\u0142 powi\u0119kszony o budynek sali gimnastycznej z zapleczem i cz\u0119\u015bciowo u\u017cytkowym poddaszem.<\/span><\/span><\/strong><\/p>\n<p><span style=\"font-family: Arial, sans-serif;\"><span style=\"font-size: medium;\">Po wielu latach oczekiwa\u0144, uczniowie oraz ca\u0142a spo\u0142eczno\u015b\u0107 szkolna b\u0119dzie mog\u0142a w nowym miejscu trenowa\u0107 ulubione dyscypliny a tak\u017ce rozwija\u0107 swoje sportowe pasje. Jako\u015b\u0107 zaj\u0119\u0107 wychowania fizycznego niew\u0105tpliwie si\u0119 podniesie. <\/span><\/span><\/p>\n<p><span style=\"font-family: Arial, sans-serif;\"><span style=\"font-size: medium;\">Budynek o powierzchni u\u017cytkowej 611,12 m2 zosta\u0142 przystosowany do gry w pi\u0142k\u0119 no\u017cn\u0105, siatk\u00f3wk\u0119, koszyk\u00f3wk\u0119 i pi\u0142k\u0119 r\u0119czn\u0105. Opr\u00f3cz tego wybudowano galeri\u0119 widokow\u0105, z poziomu kt\u00f3rej mo\u017cna ogl\u0105da\u0107 mecze i inne imprezy okoliczno\u015bciowe. Arena sportowa <\/span><\/span><span style=\"font-family: Arial, sans-serif;\"><span style=\"font-size: medium;\"> ma wymiary 12 \u00d7 24 m. Zaplecze sali sportowej wyposa\u017cono w natryski, szatnie, zaplecze sanitarne, magazyny sprz\u0119tu sportowego i pomieszczenia gospodarcze. <\/span><\/span><\/p>\n<p><span style=\"font-family: Arial, sans-serif;\"><span style=\"font-size: medium;\">Z nowoczesnej sali gimnastycznej b\u0119d\u0105 mog\u0142y korzysta\u0107 tak\u017ce osoby niepe\u0142nosprawne, poniewa\u017c budynek zosta\u0142 do tego przystosowany. Dla os\u00f3b niepe\u0142nosprawnych zamontowano specjalne pochylnie prowadz\u0105ce do budynku i bezprogowe drzwi z hali sportowej. \u2013 <\/span><\/span><span style=\"font-family: Arial, sans-serif;\"><span style=\"font-size: medium;\"><i>To z ca\u0142\u0105 pewno\u015bci\u0105 jedna z wa\u017cniejszych inwestycji zrealizowanych w gminie Rzezawa w ostatnim czasie. Do tej pory dzieci, kt\u00f3re ucz\u0119szczaj\u0105 do szko\u0142y, by\u0142y zmuszone \u0107wiczy\u0107 w prowizorycznie urz\u0105dzonej ma\u0142ej salce, kt\u00f3ra mie\u015bci\u0142a si\u0119 w jednym z pomieszcze\u0144 dydaktycznych. Teraz jako\u015b\u0107 zaj\u0119\u0107 z wychowania fizycznego, kt\u00f3re odgrywaj\u0105 przecie\u017c niezwykle wa\u017cn\u0105 rol\u0119 w kszta\u0142towaniu m\u0142odych ludzi, zdecydowanie si\u0119 podniesie<\/i><\/span><\/span><span style=\"font-family: Arial, sans-serif;\"><span style=\"font-size: medium;\">\u2013 podkre\u015bla W\u00f3jt Gminy Rzezawa Mariusz Palej.<\/span><\/span><\/p>\n<p><span style=\"font-family: Arial, sans-serif;\"><span style=\"font-size: medium;\"> Budowa hali sportowej w Okulicach, kt\u00f3ra kosztowa\u0142a niespe\u0142na 1 mln 230 tys. z\u0142, ruszy\u0142a w po\u0142owie lipca 2016 roku. O jako\u015bci hali, podobnie jak o jako\u015bci pi\u0119ciu innych inwestycji w gminie \u015bwiadczy wyr\u00f3\u017cnienie w presti\u017cowym og\u00f3lnopolskim konkursie \u201eModernizacja Roku\u201d. <\/span><\/span><\/p>\n<blockquote><p><span style=\"font-family: Arial, sans-serif;\"><span style=\"font-size: medium;\"><i>Otrzymane nagrody bardzo mnie ciesz\u0105, poniewa\u017c \u015bwiadcz\u0105 o tym, \u017ce wykonujemy dobr\u0105 prac\u0119. W ci\u0105gu ostatnich niespe\u0142na czterech lat Gmina Rzezawa przeznaczy\u0142a ju\u017c na inwestycje rekordow\u0105 sum\u0119 niespe\u0142na 15 mln z\u0142. Znaczna cz\u0119\u015b\u0107 tej kwoty, prawie 7,5 mln z\u0142, zosta\u0142a zainwestowana w rozw\u00f3j infrastruktury sportowej. <\/i><\/span><\/span><span style=\"font-family: Arial, sans-serif;\"><span style=\"font-size: medium;\"><i>Gmina Rzezawa jako jedna z 4 gmin w wojew\u00f3dztwie otrzyma\u0142a tytu\u0142 \u201eSportowej Gminy 2017 roku\u201d. Takie sukcesy bardzo ciesz\u0105 i daj\u0105 motywacj\u0119 do dalszej pracy. Dlatego w \u017cadnym wypadku nie zamierzamy spoczywa\u0107 na\u00a0laurach, tylko nadal ca\u0142y czas rozwija\u0107 nasz\u0105 Gmin\u0119, kt\u00f3ra ma bardzo du\u017cy potencja\u0142<\/i><\/span><\/span><i> <\/i><\/p><\/blockquote>\n<p><span style=\"font-family: Arial, sans-serif;\"><span style=\"font-size: medium;\">\u2013 zaznacza W\u00f3jt Mariusz Palej. <\/span><\/span><\/p>\n<p align=\"justify\"><span style=\"font-family: Arial, sans-serif;\"><span style=\"font-size: medium;\">W ostatnim czasie w gminie wykonano te\u017c inne znacz\u0105ce inwestycje. Przy Publicznej Szkole Podstawowej w Borku powsta\u0142a \u201eSzkolna Strefa Sportu\u201d, kt\u00f3rej koszt budowy wyni\u00f3s\u0142 prawie 1 mln z\u0142otych przy 372 tys. z\u0142otych dofinansowaniu z Ministerstwa Sportu i Turystki. Opr\u00f3cz tego w Rzezawie trwa przebudowa kompleksu sportowego przy ul. Wi\u015bniowej. Powsta\u0142o tam boisko wielofunkcyjne z nawierzchni\u0105 poliuretanow\u0105 a niebawem b\u0119dzie gotowe pe\u0142nowymiarowe boisko trawiaste do gry w pi\u0142k\u0119 no\u017cn\u0105. Warto\u015b\u0107 inwestycji wynosi ponad 1,7 mln z\u0142otych. Zadanie to r\u00f3wnie\u017c otrzyma\u0142o dofinasowanie z Ministerstwa Sportu i Turystyki w wysoko\u015bci ponad 530 tys. z\u0142. Nied\u0142ugo zako\u0144czy si\u0119 r\u00f3wnie\u017c budowa sali gimnastycznej i remont boiska sportowego w Jod\u0142\u00f3wce. Zadanie kosztuje ponad 3 mln z\u0142otych z czego kwota dofinansowania z Ministerstwa Sportu i Turystyki wynios\u0142a ponad 1,5 mln z\u0142otych. Nale\u017cy te\u017c przypomnie\u0107 o otwarciu nowoczesnego Centrum Rehabilitacji w Rzezawie. Modernizacja obiektu kosztowa\u0142a 2,5 mln z\u0142otych z czego ponad 560 tys. z\u0142otych stanowi\u0142a dotacja z PFRON. <\/span><\/span><\/p>\n<p align=\"justify\"><a name=\"_gjdgxs\"><\/a> <span style=\"font-family: Arial, sans-serif;\"><span style=\"font-size: medium;\">W\u00f3jt Gminy Rzezawa bardzo du\u017c\u0105 rol\u0119 przywi\u0105zuje tak\u017ce m.in. do remont\u00f3w i budowy nowych dr\u00f3g oraz rozbudowy sieci wodoci\u0105gowej i\u00a0kanalizacyjnej na terenie gminy. Na te zadania w ostatnich latach r\u00f3wnie\u017c wydatkowano bardzo du\u017ce \u015brodki finansowe. Rozw\u00f3j gminy jest jednym z najwa\u017cniejszych zada\u0144 jakie postawi\u0142 sobie i sukcesywnie realizuje W\u00f3jt Gminy Rzezawa. Pozyskiwane dotacje i dofinansowania pozwalaj\u0105 w jeszcze wi\u0119kszym stopniu inwestowa\u0107 i modernizowa\u0107 Gmin\u0119 Rzezawa, aby mieszka\u0144cy \u017cyli w jeszcze bardziej przyjaznym otoczeniu.<\/span><\/span><\/p>\n<p>&nbsp;<\/p>\n\t  \r\n\t\r\n\t    <div class=\"mb-gallery\">\r\n\t    <a href=\"https:\/\/www.mojabochnia.pl\/?attachment_id=187496\" class=\"\"><img loading=\"lazy\" decoding=\"async\" width=\"100\" height=\"100\" src=\"https:\/\/www.mojabochnia.pl\/wp-content\/uploads\/2018\/07\/1.DJI_0012.3-100x100.jpg\" class=\"attachment-100x100 size-100x100\" alt=\"\" \/><\/a><a href=\"https:\/\/www.mojabochnia.pl\/?attachment_id=187497\" class=\"\"><img loading=\"lazy\" decoding=\"async\" width=\"100\" height=\"100\" src=\"https:\/\/www.mojabochnia.pl\/wp-content\/uploads\/2018\/07\/2.IMG_6302.2-100x100.jpg\" class=\"attachment-100x100 size-100x100\" alt=\"\" \/><\/a><a href=\"https:\/\/www.mojabochnia.pl\/?attachment_id=187498\" class=\"\"><img loading=\"lazy\" decoding=\"async\" width=\"100\" height=\"100\" src=\"https:\/\/www.mojabochnia.pl\/wp-content\/uploads\/2018\/07\/3.IMG_4284.1-100x100.jpg\" class=\"attachment-100x100 size-100x100\" alt=\"\" \/><\/a><a href=\"https:\/\/www.mojabochnia.pl\/?attachment_id=187499\" class=\"\"><img loading=\"lazy\" decoding=\"async\" width=\"100\" height=\"100\" src=\"https:\/\/www.mojabochnia.pl\/wp-content\/uploads\/2018\/07\/4.IMG_6299.1-100x100.jpg\" class=\"attachment-100x100 size-100x100\" alt=\"\" \/><\/a><a href=\"https:\/\/www.mojabochnia.pl\/?attachment_id=187500\" class=\"\"><img loading=\"lazy\" decoding=\"async\" width=\"100\" height=\"100\" src=\"https:\/\/www.mojabochnia.pl\/wp-content\/uploads\/2018\/07\/IMG_4057-100x100.jpg\" class=\"attachment-100x100 size-100x100\" alt=\"\" \/><\/a><a href=\"https:\/\/www.mojabochnia.pl\/?attachment_id=187501\" class=\"\"><img loading=\"lazy\" decoding=\"async\" width=\"100\" height=\"100\" src=\"https:\/\/www.mojabochnia.pl\/wp-content\/uploads\/2018\/07\/IMG_4060-100x100.jpg\" class=\"attachment-100x100 size-100x100\" alt=\"\" \/><\/a><a href=\"https:\/\/www.mojabochnia.pl\/?attachment_id=187502\" class=\"\"><img loading=\"lazy\" decoding=\"async\" width=\"100\" height=\"100\" src=\"https:\/\/www.mojabochnia.pl\/wp-content\/uploads\/2018\/07\/IMG_4062-100x100.jpg\" class=\"attachment-100x100 size-100x100\" alt=\"\" \/><\/a><a href=\"https:\/\/www.mojabochnia.pl\/?attachment_id=187503\" class=\"\"><img loading=\"lazy\" decoding=\"async\" width=\"100\" height=\"100\" src=\"https:\/\/www.mojabochnia.pl\/wp-content\/uploads\/2018\/07\/IMG_4064-100x100.jpg\" class=\"attachment-100x100 size-100x100\" alt=\"\" \/><\/a><a href=\"https:\/\/www.mojabochnia.pl\/?attachment_id=187504\" class=\"\"><img loading=\"lazy\" decoding=\"async\" width=\"100\" height=\"100\" src=\"https:\/\/www.mojabochnia.pl\/wp-content\/uploads\/2018\/07\/IMG_4065-100x100.jpg\" class=\"attachment-100x100 size-100x100\" alt=\"\" \/><\/a><a href=\"https:\/\/www.mojabochnia.pl\/?attachment_id=187505\" class=\"\"><img loading=\"lazy\" decoding=\"async\" width=\"100\" height=\"100\" src=\"https:\/\/www.mojabochnia.pl\/wp-content\/uploads\/2018\/07\/IMG_4070-100x100.jpg\" class=\"attachment-100x100 size-100x100\" alt=\"\" \/><\/a><a href=\"https:\/\/www.mojabochnia.pl\/?attachment_id=187506\" class=\"\"><img loading=\"lazy\" decoding=\"async\" width=\"100\" height=\"100\" src=\"https:\/\/www.mojabochnia.pl\/wp-content\/uploads\/2018\/07\/IMG_4072-100x100.jpg\" class=\"attachment-100x100 size-100x100\" alt=\"\" \/><\/a><a href=\"https:\/\/www.mojabochnia.pl\/?attachment_id=187507\" class=\"\"><img loading=\"lazy\" decoding=\"async\" width=\"100\" height=\"100\" src=\"https:\/\/www.mojabochnia.pl\/wp-content\/uploads\/2018\/07\/IMG_4076-100x100.jpg\" class=\"attachment-100x100 size-100x100\" alt=\"\" \/><\/a><a href=\"https:\/\/www.mojabochnia.pl\/?attachment_id=187508\" class=\"\"><img loading=\"lazy\" decoding=\"async\" width=\"100\" height=\"100\" src=\"https:\/\/www.mojabochnia.pl\/wp-content\/uploads\/2018\/07\/IMG_4080-100x100.jpg\" class=\"attachment-100x100 size-100x100\" alt=\"\" \/><\/a><a href=\"https:\/\/www.mojabochnia.pl\/?attachment_id=187509\" class=\"\"><img loading=\"lazy\" decoding=\"async\" width=\"100\" height=\"100\" src=\"https:\/\/www.mojabochnia.pl\/wp-content\/uploads\/2018\/07\/IMG_4082-100x100.jpg\" class=\"attachment-100x100 size-100x100\" alt=\"\" \/><\/a><a href=\"https:\/\/www.mojabochnia.pl\/?attachment_id=187510\" class=\"\"><img loading=\"lazy\" decoding=\"async\" width=\"100\" height=\"100\" src=\"https:\/\/www.mojabochnia.pl\/wp-content\/uploads\/2018\/07\/IMG_4085-100x100.jpg\" class=\"attachment-100x100 size-100x100\" alt=\"\" \/><\/a><a href=\"https:\/\/www.mojabochnia.pl\/?attachment_id=187511\" class=\"\"><img loading=\"lazy\" decoding=\"async\" width=\"100\" height=\"100\" src=\"https:\/\/www.mojabochnia.pl\/wp-content\/uploads\/2018\/07\/IMG_4086-100x100.jpg\" class=\"attachment-100x100 size-100x100\" alt=\"\" \/><\/a><a href=\"https:\/\/www.mojabochnia.pl\/?attachment_id=187512\" class=\"\"><img loading=\"lazy\" decoding=\"async\" width=\"100\" height=\"100\" src=\"https:\/\/www.mojabochnia.pl\/wp-content\/uploads\/2018\/07\/IMG_4087-100x100.jpg\" class=\"attachment-100x100 size-100x100\" alt=\"\" \/><\/a><a href=\"https:\/\/www.mojabochnia.pl\/?attachment_id=187513\" class=\"\"><img loading=\"lazy\" decoding=\"async\" width=\"100\" height=\"100\" src=\"https:\/\/www.mojabochnia.pl\/wp-content\/uploads\/2018\/07\/IMG_4089-100x100.jpg\" class=\"attachment-100x100 size-100x100\" alt=\"\" \/><\/a><a href=\"https:\/\/www.mojabochnia.pl\/?attachment_id=187514\" class=\"\"><img loading=\"lazy\" decoding=\"async\" width=\"100\" height=\"100\" src=\"https:\/\/www.mojabochnia.pl\/wp-content\/uploads\/2018\/07\/IMG_4091-100x100.jpg\" class=\"attachment-100x100 size-100x100\" alt=\"\" \/><\/a><a href=\"https:\/\/www.mojabochnia.pl\/?attachment_id=187515\" class=\"\"><img loading=\"lazy\" decoding=\"async\" width=\"100\" height=\"100\" src=\"https:\/\/www.mojabochnia.pl\/wp-content\/uploads\/2018\/07\/IMG_4092-100x100.jpg\" class=\"attachment-100x100 size-100x100\" alt=\"\" \/><\/a><a href=\"https:\/\/www.mojabochnia.pl\/?attachment_id=187516\" class=\"\"><img loading=\"lazy\" decoding=\"async\" width=\"100\" height=\"100\" src=\"https:\/\/www.mojabochnia.pl\/wp-content\/uploads\/2018\/07\/IMG_4093-100x100.jpg\" class=\"attachment-100x100 size-100x100\" alt=\"\" \/><\/a><a href=\"https:\/\/www.mojabochnia.pl\/?attachment_id=187517\" class=\"\"><img loading=\"lazy\" decoding=\"async\" width=\"100\" height=\"100\" src=\"https:\/\/www.mojabochnia.pl\/wp-content\/uploads\/2018\/07\/IMG_4094-100x100.jpg\" class=\"attachment-100x100 size-100x100\" alt=\"\" \/><\/a><a href=\"https:\/\/www.mojabochnia.pl\/?attachment_id=187518\" class=\"\"><img loading=\"lazy\" decoding=\"async\" width=\"100\" height=\"100\" src=\"https:\/\/www.mojabochnia.pl\/wp-content\/uploads\/2018\/07\/IMG_4095-100x100.jpg\" class=\"attachment-100x100 size-100x100\" alt=\"\" \/><\/a><a href=\"https:\/\/www.mojabochnia.pl\/?attachment_id=187519\" class=\"\"><img loading=\"lazy\" decoding=\"async\" width=\"100\" height=\"100\" src=\"https:\/\/www.mojabochnia.pl\/wp-content\/uploads\/2018\/07\/IMG_4097-100x100.jpg\" class=\"attachment-100x100 size-100x100\" alt=\"\" \/><\/a><a href=\"https:\/\/www.mojabochnia.pl\/?attachment_id=187520\" class=\"\"><img loading=\"lazy\" decoding=\"async\" width=\"100\" height=\"100\" src=\"https:\/\/www.mojabochnia.pl\/wp-content\/uploads\/2018\/07\/IMG_4098-100x100.jpg\" class=\"attachment-100x100 size-100x100\" alt=\"\" \/><\/a><a href=\"https:\/\/www.mojabochnia.pl\/?attachment_id=187521\" class=\"\"><img loading=\"lazy\" decoding=\"async\" width=\"100\" height=\"100\" src=\"https:\/\/www.mojabochnia.pl\/wp-content\/uploads\/2018\/07\/IMG_4099-100x100.jpg\" class=\"attachment-100x100 size-100x100\" alt=\"\" \/><\/a><a href=\"https:\/\/www.mojabochnia.pl\/?attachment_id=187522\" class=\"\"><img loading=\"lazy\" decoding=\"async\" width=\"100\" height=\"100\" src=\"https:\/\/www.mojabochnia.pl\/wp-content\/uploads\/2018\/07\/IMG_4100-100x100.jpg\" class=\"attachment-100x100 size-100x100\" alt=\"\" \/><\/a><a href=\"https:\/\/www.mojabochnia.pl\/?attachment_id=187523\" class=\"\"><img loading=\"lazy\" decoding=\"async\" width=\"100\" height=\"100\" src=\"https:\/\/www.mojabochnia.pl\/wp-content\/uploads\/2018\/07\/IMG_4102-100x100.jpg\" class=\"attachment-100x100 size-100x100\" alt=\"\" \/><\/a><a href=\"https:\/\/www.mojabochnia.pl\/?attachment_id=187524\" class=\"\"><img loading=\"lazy\" decoding=\"async\" width=\"100\" height=\"100\" src=\"https:\/\/www.mojabochnia.pl\/wp-content\/uploads\/2018\/07\/IMG_4105-100x100.jpg\" class=\"attachment-100x100 size-100x100\" alt=\"\" \/><\/a><a href=\"https:\/\/www.mojabochnia.pl\/?attachment_id=187525\" class=\"\"><img loading=\"lazy\" decoding=\"async\" width=\"100\" height=\"100\" src=\"https:\/\/www.mojabochnia.pl\/wp-content\/uploads\/2018\/07\/IMG_4106-100x100.jpg\" class=\"attachment-100x100 size-100x100\" alt=\"\" \/><\/a><a href=\"https:\/\/www.mojabochnia.pl\/?attachment_id=187526\" class=\"\"><img loading=\"lazy\" decoding=\"async\" width=\"100\" height=\"100\" src=\"https:\/\/www.mojabochnia.pl\/wp-content\/uploads\/2018\/07\/IMG_4107-100x100.jpg\" class=\"attachment-100x100 size-100x100\" alt=\"\" \/><\/a><a href=\"https:\/\/www.mojabochnia.pl\/?attachment_id=187527\" class=\"\"><img loading=\"lazy\" decoding=\"async\" width=\"100\" height=\"100\" src=\"https:\/\/www.mojabochnia.pl\/wp-content\/uploads\/2018\/07\/IMG_4108-100x100.jpg\" class=\"attachment-100x100 size-100x100\" alt=\"\" \/><\/a><a href=\"https:\/\/www.mojabochnia.pl\/?attachment_id=187528\" class=\"\"><img loading=\"lazy\" decoding=\"async\" width=\"100\" height=\"100\" src=\"https:\/\/www.mojabochnia.pl\/wp-content\/uploads\/2018\/07\/IMG_4109-100x100.jpg\" class=\"attachment-100x100 size-100x100\" alt=\"\" \/><\/a><a href=\"https:\/\/www.mojabochnia.pl\/?attachment_id=187529\" class=\"\"><img loading=\"lazy\" decoding=\"async\" width=\"100\" height=\"100\" src=\"https:\/\/www.mojabochnia.pl\/wp-content\/uploads\/2018\/07\/IMG_4110-100x100.jpg\" class=\"attachment-100x100 size-100x100\" alt=\"\" \/><\/a><a href=\"https:\/\/www.mojabochnia.pl\/?attachment_id=187530\" class=\"\"><img loading=\"lazy\" decoding=\"async\" width=\"100\" height=\"100\" src=\"https:\/\/www.mojabochnia.pl\/wp-content\/uploads\/2018\/07\/IMG_4111-100x100.jpg\" class=\"attachment-100x100 size-100x100\" alt=\"\" \/><\/a><a href=\"https:\/\/www.mojabochnia.pl\/?attachment_id=187531\" class=\"\"><img loading=\"lazy\" decoding=\"async\" width=\"100\" height=\"100\" src=\"https:\/\/www.mojabochnia.pl\/wp-content\/uploads\/2018\/07\/IMG_4115-100x100.jpg\" class=\"attachment-100x100 size-100x100\" alt=\"\" \/><\/a><a href=\"https:\/\/www.mojabochnia.pl\/?attachment_id=187532\" class=\"\"><img loading=\"lazy\" decoding=\"async\" width=\"100\" height=\"100\" src=\"https:\/\/www.mojabochnia.pl\/wp-content\/uploads\/2018\/07\/IMG_4116-100x100.jpg\" class=\"attachment-100x100 size-100x100\" alt=\"\" \/><\/a><a href=\"https:\/\/www.mojabochnia.pl\/?attachment_id=187533\" class=\"\"><img loading=\"lazy\" decoding=\"async\" width=\"100\" height=\"100\" src=\"https:\/\/www.mojabochnia.pl\/wp-content\/uploads\/2018\/07\/IMG_4119-100x100.jpg\" class=\"attachment-100x100 size-100x100\" alt=\"\" \/><\/a><a href=\"https:\/\/www.mojabochnia.pl\/?attachment_id=187534\" class=\"\"><img loading=\"lazy\" decoding=\"async\" width=\"100\" height=\"100\" src=\"https:\/\/www.mojabochnia.pl\/wp-content\/uploads\/2018\/07\/IMG_4123-100x100.jpg\" class=\"attachment-100x100 size-100x100\" alt=\"\" \/><\/a><a href=\"https:\/\/www.mojabochnia.pl\/?attachment_id=187535\" class=\"\"><img loading=\"lazy\" decoding=\"async\" width=\"100\" height=\"100\" src=\"https:\/\/www.mojabochnia.pl\/wp-content\/uploads\/2018\/07\/IMG_4124-100x100.jpg\" class=\"attachment-100x100 size-100x100\" alt=\"\" \/><\/a><a href=\"https:\/\/www.mojabochnia.pl\/?attachment_id=187536\" class=\"\"><img loading=\"lazy\" decoding=\"async\" width=\"100\" height=\"100\" src=\"https:\/\/www.mojabochnia.pl\/wp-content\/uploads\/2018\/07\/IMG_4128-100x100.jpg\" class=\"attachment-100x100 size-100x100\" alt=\"\" \/><\/a><a href=\"https:\/\/www.mojabochnia.pl\/?attachment_id=187537\" class=\"\"><img loading=\"lazy\" decoding=\"async\" width=\"100\" height=\"100\" src=\"https:\/\/www.mojabochnia.pl\/wp-content\/uploads\/2018\/07\/IMG_4132-100x100.jpg\" class=\"attachment-100x100 size-100x100\" alt=\"\" \/><\/a><a href=\"https:\/\/www.mojabochnia.pl\/?attachment_id=187538\" class=\"\"><img loading=\"lazy\" decoding=\"async\" width=\"100\" height=\"100\" src=\"https:\/\/www.mojabochnia.pl\/wp-content\/uploads\/2018\/07\/IMG_4133-100x100.jpg\" class=\"attachment-100x100 size-100x100\" alt=\"\" \/><\/a><a href=\"https:\/\/www.mojabochnia.pl\/?attachment_id=187539\" class=\"\"><img loading=\"lazy\" decoding=\"async\" width=\"100\" height=\"100\" src=\"https:\/\/www.mojabochnia.pl\/wp-content\/uploads\/2018\/07\/IMG_4134-100x100.jpg\" class=\"attachment-100x100 size-100x100\" alt=\"\" \/><\/a><a href=\"https:\/\/www.mojabochnia.pl\/?attachment_id=187540\" class=\"\"><img loading=\"lazy\" decoding=\"async\" width=\"100\" height=\"100\" src=\"https:\/\/www.mojabochnia.pl\/wp-content\/uploads\/2018\/07\/IMG_4135-100x100.jpg\" class=\"attachment-100x100 size-100x100\" alt=\"\" \/><\/a><a href=\"https:\/\/www.mojabochnia.pl\/?attachment_id=187541\" class=\"\"><img loading=\"lazy\" decoding=\"async\" width=\"100\" height=\"100\" src=\"https:\/\/www.mojabochnia.pl\/wp-content\/uploads\/2018\/07\/IMG_4137-100x100.jpg\" class=\"attachment-100x100 size-100x100\" alt=\"\" \/><\/a><a href=\"https:\/\/www.mojabochnia.pl\/?attachment_id=187542\" class=\"\"><img loading=\"lazy\" decoding=\"async\" width=\"100\" height=\"100\" src=\"https:\/\/www.mojabochnia.pl\/wp-content\/uploads\/2018\/07\/IMG_4139-100x100.jpg\" class=\"attachment-100x100 size-100x100\" alt=\"\" \/><\/a><a href=\"https:\/\/www.mojabochnia.pl\/?attachment_id=187543\" class=\"\"><img loading=\"lazy\" decoding=\"async\" width=\"100\" height=\"100\" src=\"https:\/\/www.mojabochnia.pl\/wp-content\/uploads\/2018\/07\/IMG_4140-100x100.jpg\" class=\"attachment-100x100 size-100x100\" alt=\"\" \/><\/a><a href=\"https:\/\/www.mojabochnia.pl\/?attachment_id=187544\" class=\"\"><img loading=\"lazy\" decoding=\"async\" width=\"100\" height=\"100\" src=\"https:\/\/www.mojabochnia.pl\/wp-content\/uploads\/2018\/07\/IMG_4264-100x100.jpg\" class=\"attachment-100x100 size-100x100\" alt=\"\" \/><\/a><a href=\"https:\/\/www.mojabochnia.pl\/?attachment_id=187545\" class=\"\"><img loading=\"lazy\" decoding=\"async\" width=\"100\" height=\"100\" src=\"https:\/\/www.mojabochnia.pl\/wp-content\/uploads\/2018\/07\/IMG_4265-100x100.jpg\" class=\"attachment-100x100 size-100x100\" alt=\"\" \/><\/a><a href=\"https:\/\/www.mojabochnia.pl\/?attachment_id=187546\" class=\"\"><img loading=\"lazy\" decoding=\"async\" width=\"100\" height=\"100\" src=\"https:\/\/www.mojabochnia.pl\/wp-content\/uploads\/2018\/07\/IMG_4268-100x100.jpg\" class=\"attachment-100x100 size-100x100\" alt=\"\" \/><\/a><a href=\"https:\/\/www.mojabochnia.pl\/?attachment_id=187547\" class=\"\"><img loading=\"lazy\" decoding=\"async\" width=\"100\" height=\"100\" src=\"https:\/\/www.mojabochnia.pl\/wp-content\/uploads\/2018\/07\/IMG_4269-100x100.jpg\" class=\"attachment-100x100 size-100x100\" alt=\"\" \/><\/a><a href=\"https:\/\/www.mojabochnia.pl\/?attachment_id=187548\" class=\"\"><img loading=\"lazy\" decoding=\"async\" width=\"100\" height=\"100\" src=\"https:\/\/www.mojabochnia.pl\/wp-content\/uploads\/2018\/07\/IMG_4270-100x100.jpg\" class=\"attachment-100x100 size-100x100\" alt=\"\" \/><\/a><a href=\"https:\/\/www.mojabochnia.pl\/?attachment_id=187549\" class=\"\"><img loading=\"lazy\" decoding=\"async\" width=\"100\" height=\"100\" src=\"https:\/\/www.mojabochnia.pl\/wp-content\/uploads\/2018\/07\/IMG_4271-100x100.jpg\" class=\"attachment-100x100 size-100x100\" alt=\"\" \/><\/a><a href=\"https:\/\/www.mojabochnia.pl\/?attachment_id=187550\" class=\"\"><img loading=\"lazy\" decoding=\"async\" width=\"100\" height=\"100\" src=\"https:\/\/www.mojabochnia.pl\/wp-content\/uploads\/2018\/07\/IMG_4272-100x100.jpg\" class=\"attachment-100x100 size-100x100\" alt=\"\" \/><\/a><a href=\"https:\/\/www.mojabochnia.pl\/?attachment_id=187551\" class=\"\"><img loading=\"lazy\" decoding=\"async\" width=\"100\" height=\"100\" src=\"https:\/\/www.mojabochnia.pl\/wp-content\/uploads\/2018\/07\/IMG_4273-100x100.jpg\" class=\"attachment-100x100 size-100x100\" alt=\"\" \/><\/a><a href=\"https:\/\/www.mojabochnia.pl\/?attachment_id=187552\" class=\"\"><img loading=\"lazy\" decoding=\"async\" width=\"100\" height=\"100\" src=\"https:\/\/www.mojabochnia.pl\/wp-content\/uploads\/2018\/07\/IMG_4274-100x100.jpg\" class=\"attachment-100x100 size-100x100\" alt=\"\" \/><\/a><a href=\"https:\/\/www.mojabochnia.pl\/?attachment_id=187553\" class=\"\"><img loading=\"lazy\" decoding=\"async\" width=\"100\" height=\"100\" src=\"https:\/\/www.mojabochnia.pl\/wp-content\/uploads\/2018\/07\/IMG_4275-100x100.jpg\" class=\"attachment-100x100 size-100x100\" alt=\"\" \/><\/a><a href=\"https:\/\/www.mojabochnia.pl\/?attachment_id=187554\" class=\"\"><img loading=\"lazy\" decoding=\"async\" width=\"100\" height=\"100\" src=\"https:\/\/www.mojabochnia.pl\/wp-content\/uploads\/2018\/07\/IMG_4276-100x100.jpg\" class=\"attachment-100x100 size-100x100\" alt=\"\" \/><\/a><a href=\"https:\/\/www.mojabochnia.pl\/?attachment_id=187555\" class=\"\"><img loading=\"lazy\" decoding=\"async\" width=\"100\" height=\"100\" src=\"https:\/\/www.mojabochnia.pl\/wp-content\/uploads\/2018\/07\/IMG_4277-100x100.jpg\" class=\"attachment-100x100 size-100x100\" alt=\"\" \/><\/a><a href=\"https:\/\/www.mojabochnia.pl\/?attachment_id=187556\" class=\"\"><img loading=\"lazy\" decoding=\"async\" width=\"100\" height=\"100\" src=\"https:\/\/www.mojabochnia.pl\/wp-content\/uploads\/2018\/07\/IMG_4280-100x100.jpg\" class=\"attachment-100x100 size-100x100\" alt=\"\" \/><\/a><a href=\"https:\/\/www.mojabochnia.pl\/?attachment_id=187557\" class=\"\"><img loading=\"lazy\" decoding=\"async\" width=\"100\" height=\"100\" src=\"https:\/\/www.mojabochnia.pl\/wp-content\/uploads\/2018\/07\/IMG_4282-100x100.jpg\" class=\"attachment-100x100 size-100x100\" alt=\"\" \/><\/a>\t    <\/div>\r\n\t    ","protected":false},"excerpt":{"rendered":"<p>W gminie Rzezawa kolejna du\u017ca inwestycja dla mieszka\u0144c\u00f3w zosta\u0142a zako\u0144czona. Po 25 latach oczekiwa\u0144 mieszka\u0144cy doczekali si\u0119 nowoczesnej sali gimnastycznej. Istniej\u0105cy budynek szko\u0142y podstawowej im. Genera\u0142a Leopolda Okulickiego w Okulicach zosta\u0142 powi\u0119kszony o budynek sali gimnastycznej z zapleczem i cz\u0119\u015bciowo u\u017cytkowym poddaszem. Po wielu latach oczekiwa\u0144, uczniowie oraz ca\u0142a spo\u0142eczno\u015b\u0107 szkolna b\u0119dzie mog\u0142a w nowym<\/p>\n","protected":false},"author":8,"featured_media":187500,"comment_status":"open","ping_status":"closed","sticky":false,"template":"","format":"standard","meta":{"_acf_changed":false,"footnotes":""},"categories":[5,6250],"tags":[17396,14856,17208,17161,2747,17249,19720],"class_list":["post-187494","post","type-post","status-publish","format-standard","has-post-thumbnail","hentry","category-biezace-wydarzenia","category-tematyka","tag-edukacja","tag-mariusz-palej","tag-okulice","tag-rzezawa","tag-sala-sportowa","tag-szkola","tag-top-temat","main_tag-gmina-rzezawa"],"acf":[],"yoast_head":"<!-- This site is optimized with the Yoast SEO plugin v26.9 - https:\/\/yoast.com\/product\/yoast-seo-wordpress\/ -->\n<title>Nowoczesna sala gimnastyczna w gminie Rzezawa - mojabochnia.pl - portal informacyjny<\/title>\n<meta name=\"robots\" content=\"index, follow, max-snippet:-1, max-image-preview:large, max-video-preview:-1\" \/>\n<link rel=\"canonical\" href=\"https:\/\/www.mojabochnia.pl\/?p=187494\" \/>\n<meta property=\"og:locale\" content=\"pl_PL\" \/>\n<meta property=\"og:type\" content=\"article\" \/>\n<meta property=\"og:title\" content=\"Nowoczesna sala gimnastyczna w gminie Rzezawa - mojabochnia.pl - portal informacyjny\" \/>\n<meta property=\"og:description\" content=\"W gminie Rzezawa kolejna du\u017ca inwestycja dla mieszka\u0144c\u00f3w zosta\u0142a zako\u0144czona. Po 25 latach oczekiwa\u0144 mieszka\u0144cy doczekali si\u0119 nowoczesnej sali gimnastycznej. Istniej\u0105cy budynek szko\u0142y podstawowej im. Genera\u0142a Leopolda Okulickiego w Okulicach zosta\u0142 powi\u0119kszony o budynek sali gimnastycznej z zapleczem i cz\u0119\u015bciowo u\u017cytkowym poddaszem. Po wielu latach oczekiwa\u0144, uczniowie oraz ca\u0142a spo\u0142eczno\u015b\u0107 szkolna b\u0119dzie mog\u0142a w nowym\" \/>\n<meta property=\"og:url\" content=\"https:\/\/www.mojabochnia.pl\/?p=187494\" \/>\n<meta property=\"og:site_name\" content=\"mojabochnia.pl - portal informacyjny\" \/>\n<meta property=\"article:publisher\" content=\"https:\/\/www.facebook.com\/mojabochnia\" \/>\n<meta property=\"article:published_time\" content=\"2018-07-26T08:15:56+00:00\" \/>\n<meta property=\"article:modified_time\" content=\"2018-07-26T08:17:26+00:00\" \/>\n<meta property=\"og:image\" content=\"https:\/\/www.mojabochnia.pl\/wp-content\/uploads\/2018\/07\/IMG_4057.jpg\" \/>\n\t<meta property=\"og:image:width\" content=\"1200\" \/>\n\t<meta property=\"og:image:height\" content=\"800\" \/>\n\t<meta property=\"og:image:type\" content=\"image\/jpeg\" \/>\n<meta name=\"author\" content=\"informacja prasowa\" \/>\n<meta name=\"twitter:card\" content=\"summary_large_image\" \/>\n<meta name=\"twitter:label1\" content=\"Written by\" \/>\n\t<meta name=\"twitter:data1\" content=\"informacja prasowa\" \/>\n\t<meta name=\"twitter:label2\" content=\"Est. reading time\" \/>\n\t<meta name=\"twitter:data2\" content=\"3 minuty\" \/>\n<script type=\"application\/ld+json\" class=\"yoast-schema-graph\">{\"@context\":\"https:\/\/schema.org\",\"@graph\":[{\"@type\":\"Article\",\"@id\":\"https:\/\/www.mojabochnia.pl\/?p=187494#article\",\"isPartOf\":{\"@id\":\"https:\/\/www.mojabochnia.pl\/?p=187494\"},\"author\":{\"name\":\"informacja prasowa\",\"@id\":\"https:\/\/www.mojabochnia.pl\/#\/schema\/person\/9e15cf1bcb74043790f124a3130fe41e\"},\"headline\":\"Nowoczesna sala gimnastyczna w gminie Rzezawa\",\"datePublished\":\"2018-07-26T08:15:56+00:00\",\"dateModified\":\"2018-07-26T08:17:26+00:00\",\"mainEntityOfPage\":{\"@id\":\"https:\/\/www.mojabochnia.pl\/?p=187494\"},\"wordCount\":690,\"commentCount\":0,\"publisher\":{\"@id\":\"https:\/\/www.mojabochnia.pl\/#organization\"},\"image\":{\"@id\":\"https:\/\/www.mojabochnia.pl\/?p=187494#primaryimage\"},\"thumbnailUrl\":\"https:\/\/www.mojabochnia.pl\/wp-content\/uploads\/2018\/07\/IMG_4057.jpg\",\"keywords\":[\"edukacja\",\"mariusz palej\",\"okulice\",\"Rzezawa\",\"sala sportowa\",\"szko\u0142a\",\"top temat\"],\"articleSection\":[\"2_ostatnie\",\"tematyka\"],\"inLanguage\":\"pl-PL\",\"potentialAction\":[{\"@type\":\"CommentAction\",\"name\":\"Comment\",\"target\":[\"https:\/\/www.mojabochnia.pl\/?p=187494#respond\"]}]},{\"@type\":\"WebPage\",\"@id\":\"https:\/\/www.mojabochnia.pl\/?p=187494\",\"url\":\"https:\/\/www.mojabochnia.pl\/?p=187494\",\"name\":\"Nowoczesna sala gimnastyczna w gminie Rzezawa - mojabochnia.pl - portal informacyjny\",\"isPartOf\":{\"@id\":\"https:\/\/www.mojabochnia.pl\/#website\"},\"primaryImageOfPage\":{\"@id\":\"https:\/\/www.mojabochnia.pl\/?p=187494#primaryimage\"},\"image\":{\"@id\":\"https:\/\/www.mojabochnia.pl\/?p=187494#primaryimage\"},\"thumbnailUrl\":\"https:\/\/www.mojabochnia.pl\/wp-content\/uploads\/2018\/07\/IMG_4057.jpg\",\"datePublished\":\"2018-07-26T08:15:56+00:00\",\"dateModified\":\"2018-07-26T08:17:26+00:00\",\"breadcrumb\":{\"@id\":\"https:\/\/www.mojabochnia.pl\/?p=187494#breadcrumb\"},\"inLanguage\":\"pl-PL\",\"potentialAction\":[{\"@type\":\"ReadAction\",\"target\":[\"https:\/\/www.mojabochnia.pl\/?p=187494\"]}]},{\"@type\":\"ImageObject\",\"inLanguage\":\"pl-PL\",\"@id\":\"https:\/\/www.mojabochnia.pl\/?p=187494#primaryimage\",\"url\":\"https:\/\/www.mojabochnia.pl\/wp-content\/uploads\/2018\/07\/IMG_4057.jpg\",\"contentUrl\":\"https:\/\/www.mojabochnia.pl\/wp-content\/uploads\/2018\/07\/IMG_4057.jpg\",\"width\":1200,\"height\":800},{\"@type\":\"BreadcrumbList\",\"@id\":\"https:\/\/www.mojabochnia.pl\/?p=187494#breadcrumb\",\"itemListElement\":[{\"@type\":\"ListItem\",\"position\":1,\"name\":\"Home\",\"item\":\"https:\/\/www.mojabochnia.pl\/\"},{\"@type\":\"ListItem\",\"position\":2,\"name\":\"Nowoczesna sala gimnastyczna w gminie Rzezawa\"}]},{\"@type\":\"WebSite\",\"@id\":\"https:\/\/www.mojabochnia.pl\/#website\",\"url\":\"https:\/\/www.mojabochnia.pl\/\",\"name\":\"mojabochnia.pl - portal informacyjny\",\"description\":\"mojaBochnia to portal informacyjny o Bochni. Codziennie o Bochni piszemy i pokazujemy najwa\u017cniejsze wydarzenia\",\"publisher\":{\"@id\":\"https:\/\/www.mojabochnia.pl\/#organization\"},\"potentialAction\":[{\"@type\":\"SearchAction\",\"target\":{\"@type\":\"EntryPoint\",\"urlTemplate\":\"https:\/\/www.mojabochnia.pl\/?s={search_term_string}\"},\"query-input\":{\"@type\":\"PropertyValueSpecification\",\"valueRequired\":true,\"valueName\":\"search_term_string\"}}],\"inLanguage\":\"pl-PL\"},{\"@type\":\"Organization\",\"@id\":\"https:\/\/www.mojabochnia.pl\/#organization\",\"name\":\"mojabochnia.pl - portal informacyjny\",\"url\":\"https:\/\/www.mojabochnia.pl\/\",\"logo\":{\"@type\":\"ImageObject\",\"inLanguage\":\"pl-PL\",\"@id\":\"https:\/\/www.mojabochnia.pl\/#\/schema\/logo\/image\/\",\"url\":\"https:\/\/www.mojabochnia.pl\/wp-content\/uploads\/2017\/08\/logo-mb-opt.png\",\"contentUrl\":\"https:\/\/www.mojabochnia.pl\/wp-content\/uploads\/2017\/08\/logo-mb-opt.png\",\"width\":250,\"height\":48,\"caption\":\"mojabochnia.pl - portal informacyjny\"},\"image\":{\"@id\":\"https:\/\/www.mojabochnia.pl\/#\/schema\/logo\/image\/\"},\"sameAs\":[\"https:\/\/www.facebook.com\/mojabochnia\"]},{\"@type\":\"Person\",\"@id\":\"https:\/\/www.mojabochnia.pl\/#\/schema\/person\/9e15cf1bcb74043790f124a3130fe41e\",\"name\":\"informacja prasowa\",\"sameAs\":[\"http:\/\/\"],\"url\":\"https:\/\/www.mojabochnia.pl\/?author=8\"}]}<\/script>\n<!-- \/ Yoast SEO plugin. -->","yoast_head_json":{"title":"Nowoczesna sala gimnastyczna w gminie Rzezawa - mojabochnia.pl - portal informacyjny","robots":{"index":"index","follow":"follow","max-snippet":"max-snippet:-1","max-image-preview":"max-image-preview:large","max-video-preview":"max-video-preview:-1"},"canonical":"https:\/\/www.mojabochnia.pl\/?p=187494","og_locale":"pl_PL","og_type":"article","og_title":"Nowoczesna sala gimnastyczna w gminie Rzezawa - mojabochnia.pl - portal informacyjny","og_description":"W gminie Rzezawa kolejna du\u017ca inwestycja dla mieszka\u0144c\u00f3w zosta\u0142a zako\u0144czona. Po 25 latach oczekiwa\u0144 mieszka\u0144cy doczekali si\u0119 nowoczesnej sali gimnastycznej. Istniej\u0105cy budynek szko\u0142y podstawowej im. Genera\u0142a Leopolda Okulickiego w Okulicach zosta\u0142 powi\u0119kszony o budynek sali gimnastycznej z zapleczem i cz\u0119\u015bciowo u\u017cytkowym poddaszem. Po wielu latach oczekiwa\u0144, uczniowie oraz ca\u0142a spo\u0142eczno\u015b\u0107 szkolna b\u0119dzie mog\u0142a w nowym","og_url":"https:\/\/www.mojabochnia.pl\/?p=187494","og_site_name":"mojabochnia.pl - portal informacyjny","article_publisher":"https:\/\/www.facebook.com\/mojabochnia","article_published_time":"2018-07-26T08:15:56+00:00","article_modified_time":"2018-07-26T08:17:26+00:00","og_image":[{"width":1200,"height":800,"url":"https:\/\/www.mojabochnia.pl\/wp-content\/uploads\/2018\/07\/IMG_4057.jpg","type":"image\/jpeg"}],"author":"informacja prasowa","twitter_card":"summary_large_image","twitter_misc":{"Written by":"informacja prasowa","Est. reading time":"3 minuty"},"schema":{"@context":"https:\/\/schema.org","@graph":[{"@type":"Article","@id":"https:\/\/www.mojabochnia.pl\/?p=187494#article","isPartOf":{"@id":"https:\/\/www.mojabochnia.pl\/?p=187494"},"author":{"name":"informacja prasowa","@id":"https:\/\/www.mojabochnia.pl\/#\/schema\/person\/9e15cf1bcb74043790f124a3130fe41e"},"headline":"Nowoczesna sala gimnastyczna w gminie Rzezawa","datePublished":"2018-07-26T08:15:56+00:00","dateModified":"2018-07-26T08:17:26+00:00","mainEntityOfPage":{"@id":"https:\/\/www.mojabochnia.pl\/?p=187494"},"wordCount":690,"commentCount":0,"publisher":{"@id":"https:\/\/www.mojabochnia.pl\/#organization"},"image":{"@id":"https:\/\/www.mojabochnia.pl\/?p=187494#primaryimage"},"thumbnailUrl":"https:\/\/www.mojabochnia.pl\/wp-content\/uploads\/2018\/07\/IMG_4057.jpg","keywords":["edukacja","mariusz palej","okulice","Rzezawa","sala sportowa","szko\u0142a","top temat"],"articleSection":["2_ostatnie","tematyka"],"inLanguage":"pl-PL","potentialAction":[{"@type":"CommentAction","name":"Comment","target":["https:\/\/www.mojabochnia.pl\/?p=187494#respond"]}]},{"@type":"WebPage","@id":"https:\/\/www.mojabochnia.pl\/?p=187494","url":"https:\/\/www.mojabochnia.pl\/?p=187494","name":"Nowoczesna sala gimnastyczna w gminie Rzezawa - mojabochnia.pl - portal informacyjny","isPartOf":{"@id":"https:\/\/www.mojabochnia.pl\/#website"},"primaryImageOfPage":{"@id":"https:\/\/www.mojabochnia.pl\/?p=187494#primaryimage"},"image":{"@id":"https:\/\/www.mojabochnia.pl\/?p=187494#primaryimage"},"thumbnailUrl":"https:\/\/www.mojabochnia.pl\/wp-content\/uploads\/2018\/07\/IMG_4057.jpg","datePublished":"2018-07-26T08:15:56+00:00","dateModified":"2018-07-26T08:17:26+00:00","breadcrumb":{"@id":"https:\/\/www.mojabochnia.pl\/?p=187494#breadcrumb"},"inLanguage":"pl-PL","potentialAction":[{"@type":"ReadAction","target":["https:\/\/www.mojabochnia.pl\/?p=187494"]}]},{"@type":"ImageObject","inLanguage":"pl-PL","@id":"https:\/\/www.mojabochnia.pl\/?p=187494#primaryimage","url":"https:\/\/www.mojabochnia.pl\/wp-content\/uploads\/2018\/07\/IMG_4057.jpg","contentUrl":"https:\/\/www.mojabochnia.pl\/wp-content\/uploads\/2018\/07\/IMG_4057.jpg","width":1200,"height":800},{"@type":"BreadcrumbList","@id":"https:\/\/www.mojabochnia.pl\/?p=187494#breadcrumb","itemListElement":[{"@type":"ListItem","position":1,"name":"Home","item":"https:\/\/www.mojabochnia.pl\/"},{"@type":"ListItem","position":2,"name":"Nowoczesna sala gimnastyczna w gminie Rzezawa"}]},{"@type":"WebSite","@id":"https:\/\/www.mojabochnia.pl\/#website","url":"https:\/\/www.mojabochnia.pl\/","name":"mojabochnia.pl - portal informacyjny","description":"mojaBochnia to portal informacyjny o Bochni. Codziennie o Bochni piszemy i pokazujemy najwa\u017cniejsze wydarzenia","publisher":{"@id":"https:\/\/www.mojabochnia.pl\/#organization"},"potentialAction":[{"@type":"SearchAction","target":{"@type":"EntryPoint","urlTemplate":"https:\/\/www.mojabochnia.pl\/?s={search_term_string}"},"query-input":{"@type":"PropertyValueSpecification","valueRequired":true,"valueName":"search_term_string"}}],"inLanguage":"pl-PL"},{"@type":"Organization","@id":"https:\/\/www.mojabochnia.pl\/#organization","name":"mojabochnia.pl - portal informacyjny","url":"https:\/\/www.mojabochnia.pl\/","logo":{"@type":"ImageObject","inLanguage":"pl-PL","@id":"https:\/\/www.mojabochnia.pl\/#\/schema\/logo\/image\/","url":"https:\/\/www.mojabochnia.pl\/wp-content\/uploads\/2017\/08\/logo-mb-opt.png","contentUrl":"https:\/\/www.mojabochnia.pl\/wp-content\/uploads\/2017\/08\/logo-mb-opt.png","width":250,"height":48,"caption":"mojabochnia.pl - portal informacyjny"},"image":{"@id":"https:\/\/www.mojabochnia.pl\/#\/schema\/logo\/image\/"},"sameAs":["https:\/\/www.facebook.com\/mojabochnia"]},{"@type":"Person","@id":"https:\/\/www.mojabochnia.pl\/#\/schema\/person\/9e15cf1bcb74043790f124a3130fe41e","name":"informacja prasowa","sameAs":["http:\/\/"],"url":"https:\/\/www.mojabochnia.pl\/?author=8"}]}},"_links":{"self":[{"href":"https:\/\/www.mojabochnia.pl\/index.php?rest_route=\/wp\/v2\/posts\/187494","targetHints":{"allow":["GET"]}}],"collection":[{"href":"https:\/\/www.mojabochnia.pl\/index.php?rest_route=\/wp\/v2\/posts"}],"about":[{"href":"https:\/\/www.mojabochnia.pl\/index.php?rest_route=\/wp\/v2\/types\/post"}],"author":[{"embeddable":true,"href":"https:\/\/www.mojabochnia.pl\/index.php?rest_route=\/wp\/v2\/users\/8"}],"replies":[{"embeddable":true,"href":"https:\/\/www.mojabochnia.pl\/index.php?rest_route=%2Fwp%2Fv2%2Fcomments&post=187494"}],"version-history":[{"count":3,"href":"https:\/\/www.mojabochnia.pl\/index.php?rest_route=\/wp\/v2\/posts\/187494\/revisions"}],"predecessor-version":[{"id":187561,"href":"https:\/\/www.mojabochnia.pl\/index.php?rest_route=\/wp\/v2\/posts\/187494\/revisions\/187561"}],"wp:featuredmedia":[{"embeddable":true,"href":"https:\/\/www.mojabochnia.pl\/index.php?rest_route=\/wp\/v2\/media\/187500"}],"wp:attachment":[{"href":"https:\/\/www.mojabochnia.pl\/index.php?rest_route=%2Fwp%2Fv2%2Fmedia&parent=187494"}],"wp:term":[{"taxonomy":"category","embeddable":true,"href":"https:\/\/www.mojabochnia.pl\/index.php?rest_route=%2Fwp%2Fv2%2Fcategories&post=187494"},{"taxonomy":"post_tag","embeddable":true,"href":"https:\/\/www.mojabochnia.pl\/index.php?rest_route=%2Fwp%2Fv2%2Ftags&post=187494"}],"curies":[{"name":"wp","href":"https:\/\/api.w.org\/{rel}","templated":true}]}}