{"id":187490,"date":"2018-07-26T08:50:15","date_gmt":"2018-07-26T06:50:15","guid":{"rendered":"https:\/\/www.mojabochnia.pl\/?p=187490"},"modified":"2018-07-26T08:50:15","modified_gmt":"2018-07-26T06:50:15","slug":"w-piatek-historyczna-bochenska-scena-letnia","status":"publish","type":"post","link":"https:\/\/www.mojabochnia.pl\/?p=187490","title":{"rendered":"W pi\u0105tek Historyczna Boche\u0144ska Scena Letnia"},"content":{"rendered":"<p align=\"justify\"><span style=\"color: #000000;\"><span style=\"font-family: Arial, sans-serif;\"><span style=\"font-size: small;\"><b>Ju\u017c w najbli\u017cszy pi\u0105tek, za spraw\u0105 cudownych w\u0142a\u015bciwo\u015bci boche\u0144skiej soli, przeniesiemy si\u0119 do zamierzch\u0142ych czas\u00f3w pocz\u0105tk\u00f3w Bochni. Zaprezentowana zostanie m. in. \u201eEtiuda o dziejach Solnego Grodu\u201d, przygotowana specjalnie na obchody 765. rocznicy lokacji miasta.<\/b><\/span><\/span><\/span><\/p>\n<p align=\"justify\"><span style=\"color: #000000;\"><span style=\"font-family: Arial, sans-serif;\"><span style=\"font-size: small;\">Na\u00a0pi\u0105tek 27 lipca 2018 r. zaplanowano drugie wydarzenie z\u00a0cyklu Boche\u0144ska Scena Letnia. Tym razem rozpocznie si\u0119 ono o godz. 20:00, by \u0142atwiej by\u0142o wszystkim widzom poczu\u0107 klimat multiwizualnego widowiska. Organizatorzy zapraszaj\u0105 do <span lang=\"it-IT\">Amfiteatr<\/span>u w Parku Rodzinnym Uzbornia.<\/span><\/span><\/span><\/p>\n<p align=\"justify\"><span style=\"color: #000000;\"><span style=\"font-family: Arial, sans-serif;\"><span style=\"font-size: small;\">Warto przyj\u015b\u0107 punktualnie, bo pi\u0105tkow\u0105 scen\u0119 letni\u0105 rozpocznie \u201eEtiuda o dziejach Solnego Grodu\u201d, kt\u00f3ra wprowadzi\u0142a w zachwyt samego Prezydenta RP podczas obchod\u00f3w lokacji Bochni w lutym tego roku. Kilkunastominutowy spektakl w re\u017cyserii Andrzeja Starowicza i Tomasza Ryncarza prezentuje kilka najwa\u017cniejszych wydarze\u0144 maj\u0105cych wp\u0142yw na powstanie i rozw\u00f3j Bochni. <\/span><\/span><\/span><\/p>\n<p align=\"justify\"><span style=\"color: #000000;\"><span style=\"font-family: Arial, sans-serif;\"><span style=\"font-size: small;\"><i>Przed widowni\u0105 zaprezentuj\u0105 si\u0119 wspaniali tancerze i aktorzy. Od najm\u0142odszego z nich &#8211; 10-letniego Jonasza ka\u017cdy kupi\u0142by gazet\u0119, nawet za ostatni grosz! <\/i>&#8211; zapowiada Andrzej Starowicz &#8211; wsp\u00f3\u0142tw\u00f3rca spektaklu, kt\u00f3ry w pi\u0105tek wcieli si\u0119 r\u00f3wnie\u017c w rol\u0119 konferansjera. <\/span><\/span><\/span><\/p>\n<p align=\"justify\"><span style=\"color: #000000;\"><span style=\"font-family: Arial, sans-serif;\"><span style=\"font-size: small;\">Kolejny punkt programu b\u0119dzie \u015bwietn\u0105 okazj\u0105 dla\u00a0publiczno\u015bci na zdobycie atrakcyjnych nagr\u00f3d. Przygotowano prosty, cho\u0107 pewnie nie dla wszystkich, tematyczny quiz.<\/span><\/span><\/span><\/p>\n<p align=\"justify\"><span style=\"color: #000000;\"><span style=\"font-family: Arial, sans-serif;\"><span style=\"font-size: small;\">Na zako\u0144czenie zaprezentowane zostanie Multiwizualne Show Taneczno-Akrobatyczne, w kt\u00f3rym zaprezentuj\u0105 si\u0119 arty\u015bci r\u00f3\u017cnorakich profesji. Przyjad\u0105 oni do Bochni z r\u00f3\u017cnych miast w obszarze od Warszawy po Nowy S\u0105cz i od Katowic a\u017c po Chark\u00f3w na Ukrainie. B\u0119d\u0105 to r\u00f3wnie\u017c uczestnicy takich program\u00f3w jak \u201eYou Can Dance\u201d, \u201eGot to Dance\u201d oraz \u201eMam Talent\u201d.<\/span><\/span><\/span><\/p>\n<p align=\"justify\"><span style=\"color: #000000;\"><span style=\"font-family: Arial, sans-serif;\"><span style=\"font-size: small;\">Historyczna Boche\u0144ska Scena Letnia ju\u017c w najbli\u017cszy pi\u0105tek o godz. 20:00. Serdecznie zapraszamy! <\/span><\/span><\/span><a name=\"_GoBack\"><\/a><\/p>\n<p><iframe loading=\"lazy\" title=\"27 LIPCA BOCHE\u0143SKA SCENA LETNIA - ZWIASTUN\" width=\"640\" height=\"360\" src=\"https:\/\/www.youtube.com\/embed\/ILx_H7QYKs8?feature=oembed\" frameborder=\"0\" allow=\"accelerometer; autoplay; clipboard-write; encrypted-media; gyroscope; picture-in-picture; web-share\" referrerpolicy=\"strict-origin-when-cross-origin\" allowfullscreen><\/iframe><\/p>\n<p>____<\/p>\n<p>UM BOCHNIA<\/p>\n","protected":false},"excerpt":{"rendered":"<p>Ju\u017c w najbli\u017cszy pi\u0105tek, za spraw\u0105 cudownych w\u0142a\u015bciwo\u015bci boche\u0144skiej soli, przeniesiemy si\u0119 do zamierzch\u0142ych czas\u00f3w pocz\u0105tk\u00f3w Bochni. Zaprezentowana zostanie m. in. \u201eEtiuda o dziejach Solnego Grodu\u201d, przygotowana specjalnie na obchody 765. rocznicy lokacji miasta. Na\u00a0pi\u0105tek 27 lipca 2018 r. zaplanowano drugie wydarzenie z\u00a0cyklu Boche\u0144ska Scena Letnia. Tym razem rozpocznie si\u0119 ono o godz. 20:00, by<\/p>\n","protected":false},"author":1168,"featured_media":187492,"comment_status":"open","ping_status":"closed","sticky":false,"template":"","format":"standard","meta":{"_acf_changed":false,"footnotes":""},"categories":[5,92,6250],"tags":[18135,9131,17351],"class_list":["post-187490","post","type-post","status-publish","format-standard","has-post-thumbnail","hentry","category-biezace-wydarzenia","category-kultura","category-tematyka","tag-bochenska-scena-letnia","tag-park-rodzinny-uzbornia","tag-uzbornia","main_tag-historyczna-scena-letnia"],"acf":[],"yoast_head":"<!-- This site is optimized with the Yoast SEO plugin v26.9 - https:\/\/yoast.com\/product\/yoast-seo-wordpress\/ -->\n<title>W pi\u0105tek Historyczna Boche\u0144ska Scena Letnia - mojabochnia.pl - portal informacyjny<\/title>\n<meta name=\"robots\" content=\"index, follow, max-snippet:-1, max-image-preview:large, max-video-preview:-1\" \/>\n<link rel=\"canonical\" href=\"https:\/\/www.mojabochnia.pl\/?p=187490\" \/>\n<meta property=\"og:locale\" content=\"pl_PL\" \/>\n<meta property=\"og:type\" content=\"article\" \/>\n<meta property=\"og:title\" content=\"W pi\u0105tek Historyczna Boche\u0144ska Scena Letnia - mojabochnia.pl - portal informacyjny\" \/>\n<meta property=\"og:description\" content=\"Ju\u017c w najbli\u017cszy pi\u0105tek, za spraw\u0105 cudownych w\u0142a\u015bciwo\u015bci boche\u0144skiej soli, przeniesiemy si\u0119 do zamierzch\u0142ych czas\u00f3w pocz\u0105tk\u00f3w Bochni. Zaprezentowana zostanie m. in. \u201eEtiuda o dziejach Solnego Grodu\u201d, przygotowana specjalnie na obchody 765. rocznicy lokacji miasta. Na\u00a0pi\u0105tek 27 lipca 2018 r. zaplanowano drugie wydarzenie z\u00a0cyklu Boche\u0144ska Scena Letnia. Tym razem rozpocznie si\u0119 ono o godz. 20:00, by\" \/>\n<meta property=\"og:url\" content=\"https:\/\/www.mojabochnia.pl\/?p=187490\" \/>\n<meta property=\"og:site_name\" content=\"mojabochnia.pl - portal informacyjny\" \/>\n<meta property=\"article:publisher\" content=\"https:\/\/www.facebook.com\/mojabochnia\" \/>\n<meta property=\"article:published_time\" content=\"2018-07-26T06:50:15+00:00\" \/>\n<meta property=\"og:image\" content=\"https:\/\/www.mojabochnia.pl\/wp-content\/uploads\/2018\/07\/BOCHE\u0143SKA-Historyczna-SCENA-LETNIA-2018-plakat.jpg\" \/>\n\t<meta property=\"og:image:width\" content=\"1594\" \/>\n\t<meta property=\"og:image:height\" content=\"1116\" \/>\n\t<meta property=\"og:image:type\" content=\"image\/jpeg\" \/>\n<meta name=\"author\" content=\"Mateusz Franczyk\" \/>\n<meta name=\"twitter:card\" content=\"summary_large_image\" \/>\n<meta name=\"twitter:label1\" content=\"Written by\" \/>\n\t<meta name=\"twitter:data1\" content=\"Mateusz Franczyk\" \/>\n\t<meta name=\"twitter:label2\" content=\"Est. reading time\" \/>\n\t<meta name=\"twitter:data2\" content=\"2 minuty\" \/>\n<script type=\"application\/ld+json\" class=\"yoast-schema-graph\">{\"@context\":\"https:\/\/schema.org\",\"@graph\":[{\"@type\":\"Article\",\"@id\":\"https:\/\/www.mojabochnia.pl\/?p=187490#article\",\"isPartOf\":{\"@id\":\"https:\/\/www.mojabochnia.pl\/?p=187490\"},\"author\":{\"name\":\"Mateusz Franczyk\",\"@id\":\"https:\/\/www.mojabochnia.pl\/#\/schema\/person\/43d3c2066b5450cc314bfa4e9e0e0099\"},\"headline\":\"W pi\u0105tek Historyczna Boche\u0144ska Scena Letnia\",\"datePublished\":\"2018-07-26T06:50:15+00:00\",\"mainEntityOfPage\":{\"@id\":\"https:\/\/www.mojabochnia.pl\/?p=187490\"},\"wordCount\":308,\"commentCount\":0,\"publisher\":{\"@id\":\"https:\/\/www.mojabochnia.pl\/#organization\"},\"image\":{\"@id\":\"https:\/\/www.mojabochnia.pl\/?p=187490#primaryimage\"},\"thumbnailUrl\":\"https:\/\/www.mojabochnia.pl\/wp-content\/uploads\/2018\/07\/BOCHE\u0143SKA-Historyczna-SCENA-LETNIA-2018-plakat.jpg\",\"keywords\":[\"boche\u0144ska scena letnia\",\"park rodzinny uzbornia\",\"uzbornia\"],\"articleSection\":[\"2_ostatnie\",\"kultura\",\"tematyka\"],\"inLanguage\":\"pl-PL\",\"potentialAction\":[{\"@type\":\"CommentAction\",\"name\":\"Comment\",\"target\":[\"https:\/\/www.mojabochnia.pl\/?p=187490#respond\"]}]},{\"@type\":\"WebPage\",\"@id\":\"https:\/\/www.mojabochnia.pl\/?p=187490\",\"url\":\"https:\/\/www.mojabochnia.pl\/?p=187490\",\"name\":\"W pi\u0105tek Historyczna Boche\u0144ska Scena Letnia - mojabochnia.pl - portal informacyjny\",\"isPartOf\":{\"@id\":\"https:\/\/www.mojabochnia.pl\/#website\"},\"primaryImageOfPage\":{\"@id\":\"https:\/\/www.mojabochnia.pl\/?p=187490#primaryimage\"},\"image\":{\"@id\":\"https:\/\/www.mojabochnia.pl\/?p=187490#primaryimage\"},\"thumbnailUrl\":\"https:\/\/www.mojabochnia.pl\/wp-content\/uploads\/2018\/07\/BOCHE\u0143SKA-Historyczna-SCENA-LETNIA-2018-plakat.jpg\",\"datePublished\":\"2018-07-26T06:50:15+00:00\",\"breadcrumb\":{\"@id\":\"https:\/\/www.mojabochnia.pl\/?p=187490#breadcrumb\"},\"inLanguage\":\"pl-PL\",\"potentialAction\":[{\"@type\":\"ReadAction\",\"target\":[\"https:\/\/www.mojabochnia.pl\/?p=187490\"]}]},{\"@type\":\"ImageObject\",\"inLanguage\":\"pl-PL\",\"@id\":\"https:\/\/www.mojabochnia.pl\/?p=187490#primaryimage\",\"url\":\"https:\/\/www.mojabochnia.pl\/wp-content\/uploads\/2018\/07\/BOCHE\u0143SKA-Historyczna-SCENA-LETNIA-2018-plakat.jpg\",\"contentUrl\":\"https:\/\/www.mojabochnia.pl\/wp-content\/uploads\/2018\/07\/BOCHE\u0143SKA-Historyczna-SCENA-LETNIA-2018-plakat.jpg\",\"width\":1594,\"height\":1116},{\"@type\":\"BreadcrumbList\",\"@id\":\"https:\/\/www.mojabochnia.pl\/?p=187490#breadcrumb\",\"itemListElement\":[{\"@type\":\"ListItem\",\"position\":1,\"name\":\"Home\",\"item\":\"https:\/\/www.mojabochnia.pl\/\"},{\"@type\":\"ListItem\",\"position\":2,\"name\":\"W pi\u0105tek Historyczna Boche\u0144ska Scena Letnia\"}]},{\"@type\":\"WebSite\",\"@id\":\"https:\/\/www.mojabochnia.pl\/#website\",\"url\":\"https:\/\/www.mojabochnia.pl\/\",\"name\":\"mojabochnia.pl - portal informacyjny\",\"description\":\"mojaBochnia to portal informacyjny o Bochni. Codziennie o Bochni piszemy i pokazujemy najwa\u017cniejsze wydarzenia\",\"publisher\":{\"@id\":\"https:\/\/www.mojabochnia.pl\/#organization\"},\"potentialAction\":[{\"@type\":\"SearchAction\",\"target\":{\"@type\":\"EntryPoint\",\"urlTemplate\":\"https:\/\/www.mojabochnia.pl\/?s={search_term_string}\"},\"query-input\":{\"@type\":\"PropertyValueSpecification\",\"valueRequired\":true,\"valueName\":\"search_term_string\"}}],\"inLanguage\":\"pl-PL\"},{\"@type\":\"Organization\",\"@id\":\"https:\/\/www.mojabochnia.pl\/#organization\",\"name\":\"mojabochnia.pl - portal informacyjny\",\"url\":\"https:\/\/www.mojabochnia.pl\/\",\"logo\":{\"@type\":\"ImageObject\",\"inLanguage\":\"pl-PL\",\"@id\":\"https:\/\/www.mojabochnia.pl\/#\/schema\/logo\/image\/\",\"url\":\"https:\/\/www.mojabochnia.pl\/wp-content\/uploads\/2017\/08\/logo-mb-opt.png\",\"contentUrl\":\"https:\/\/www.mojabochnia.pl\/wp-content\/uploads\/2017\/08\/logo-mb-opt.png\",\"width\":250,\"height\":48,\"caption\":\"mojabochnia.pl - portal informacyjny\"},\"image\":{\"@id\":\"https:\/\/www.mojabochnia.pl\/#\/schema\/logo\/image\/\"},\"sameAs\":[\"https:\/\/www.facebook.com\/mojabochnia\"]},{\"@type\":\"Person\",\"@id\":\"https:\/\/www.mojabochnia.pl\/#\/schema\/person\/43d3c2066b5450cc314bfa4e9e0e0099\",\"name\":\"Mateusz Franczyk\",\"url\":\"https:\/\/www.mojabochnia.pl\/?author=1168\"}]}<\/script>\n<!-- \/ Yoast SEO plugin. -->","yoast_head_json":{"title":"W pi\u0105tek Historyczna Boche\u0144ska Scena Letnia - mojabochnia.pl - portal informacyjny","robots":{"index":"index","follow":"follow","max-snippet":"max-snippet:-1","max-image-preview":"max-image-preview:large","max-video-preview":"max-video-preview:-1"},"canonical":"https:\/\/www.mojabochnia.pl\/?p=187490","og_locale":"pl_PL","og_type":"article","og_title":"W pi\u0105tek Historyczna Boche\u0144ska Scena Letnia - mojabochnia.pl - portal informacyjny","og_description":"Ju\u017c w najbli\u017cszy pi\u0105tek, za spraw\u0105 cudownych w\u0142a\u015bciwo\u015bci boche\u0144skiej soli, przeniesiemy si\u0119 do zamierzch\u0142ych czas\u00f3w pocz\u0105tk\u00f3w Bochni. Zaprezentowana zostanie m. in. \u201eEtiuda o dziejach Solnego Grodu\u201d, przygotowana specjalnie na obchody 765. rocznicy lokacji miasta. Na\u00a0pi\u0105tek 27 lipca 2018 r. zaplanowano drugie wydarzenie z\u00a0cyklu Boche\u0144ska Scena Letnia. Tym razem rozpocznie si\u0119 ono o godz. 20:00, by","og_url":"https:\/\/www.mojabochnia.pl\/?p=187490","og_site_name":"mojabochnia.pl - portal informacyjny","article_publisher":"https:\/\/www.facebook.com\/mojabochnia","article_published_time":"2018-07-26T06:50:15+00:00","og_image":[{"width":1594,"height":1116,"url":"https:\/\/www.mojabochnia.pl\/wp-content\/uploads\/2018\/07\/BOCHE\u0143SKA-Historyczna-SCENA-LETNIA-2018-plakat.jpg","type":"image\/jpeg"}],"author":"Mateusz Franczyk","twitter_card":"summary_large_image","twitter_misc":{"Written by":"Mateusz Franczyk","Est. reading time":"2 minuty"},"schema":{"@context":"https:\/\/schema.org","@graph":[{"@type":"Article","@id":"https:\/\/www.mojabochnia.pl\/?p=187490#article","isPartOf":{"@id":"https:\/\/www.mojabochnia.pl\/?p=187490"},"author":{"name":"Mateusz Franczyk","@id":"https:\/\/www.mojabochnia.pl\/#\/schema\/person\/43d3c2066b5450cc314bfa4e9e0e0099"},"headline":"W pi\u0105tek Historyczna Boche\u0144ska Scena Letnia","datePublished":"2018-07-26T06:50:15+00:00","mainEntityOfPage":{"@id":"https:\/\/www.mojabochnia.pl\/?p=187490"},"wordCount":308,"commentCount":0,"publisher":{"@id":"https:\/\/www.mojabochnia.pl\/#organization"},"image":{"@id":"https:\/\/www.mojabochnia.pl\/?p=187490#primaryimage"},"thumbnailUrl":"https:\/\/www.mojabochnia.pl\/wp-content\/uploads\/2018\/07\/BOCHE\u0143SKA-Historyczna-SCENA-LETNIA-2018-plakat.jpg","keywords":["boche\u0144ska scena letnia","park rodzinny uzbornia","uzbornia"],"articleSection":["2_ostatnie","kultura","tematyka"],"inLanguage":"pl-PL","potentialAction":[{"@type":"CommentAction","name":"Comment","target":["https:\/\/www.mojabochnia.pl\/?p=187490#respond"]}]},{"@type":"WebPage","@id":"https:\/\/www.mojabochnia.pl\/?p=187490","url":"https:\/\/www.mojabochnia.pl\/?p=187490","name":"W pi\u0105tek Historyczna Boche\u0144ska Scena Letnia - mojabochnia.pl - portal informacyjny","isPartOf":{"@id":"https:\/\/www.mojabochnia.pl\/#website"},"primaryImageOfPage":{"@id":"https:\/\/www.mojabochnia.pl\/?p=187490#primaryimage"},"image":{"@id":"https:\/\/www.mojabochnia.pl\/?p=187490#primaryimage"},"thumbnailUrl":"https:\/\/www.mojabochnia.pl\/wp-content\/uploads\/2018\/07\/BOCHE\u0143SKA-Historyczna-SCENA-LETNIA-2018-plakat.jpg","datePublished":"2018-07-26T06:50:15+00:00","breadcrumb":{"@id":"https:\/\/www.mojabochnia.pl\/?p=187490#breadcrumb"},"inLanguage":"pl-PL","potentialAction":[{"@type":"ReadAction","target":["https:\/\/www.mojabochnia.pl\/?p=187490"]}]},{"@type":"ImageObject","inLanguage":"pl-PL","@id":"https:\/\/www.mojabochnia.pl\/?p=187490#primaryimage","url":"https:\/\/www.mojabochnia.pl\/wp-content\/uploads\/2018\/07\/BOCHE\u0143SKA-Historyczna-SCENA-LETNIA-2018-plakat.jpg","contentUrl":"https:\/\/www.mojabochnia.pl\/wp-content\/uploads\/2018\/07\/BOCHE\u0143SKA-Historyczna-SCENA-LETNIA-2018-plakat.jpg","width":1594,"height":1116},{"@type":"BreadcrumbList","@id":"https:\/\/www.mojabochnia.pl\/?p=187490#breadcrumb","itemListElement":[{"@type":"ListItem","position":1,"name":"Home","item":"https:\/\/www.mojabochnia.pl\/"},{"@type":"ListItem","position":2,"name":"W pi\u0105tek Historyczna Boche\u0144ska Scena Letnia"}]},{"@type":"WebSite","@id":"https:\/\/www.mojabochnia.pl\/#website","url":"https:\/\/www.mojabochnia.pl\/","name":"mojabochnia.pl - portal informacyjny","description":"mojaBochnia to portal informacyjny o Bochni. Codziennie o Bochni piszemy i pokazujemy najwa\u017cniejsze wydarzenia","publisher":{"@id":"https:\/\/www.mojabochnia.pl\/#organization"},"potentialAction":[{"@type":"SearchAction","target":{"@type":"EntryPoint","urlTemplate":"https:\/\/www.mojabochnia.pl\/?s={search_term_string}"},"query-input":{"@type":"PropertyValueSpecification","valueRequired":true,"valueName":"search_term_string"}}],"inLanguage":"pl-PL"},{"@type":"Organization","@id":"https:\/\/www.mojabochnia.pl\/#organization","name":"mojabochnia.pl - portal informacyjny","url":"https:\/\/www.mojabochnia.pl\/","logo":{"@type":"ImageObject","inLanguage":"pl-PL","@id":"https:\/\/www.mojabochnia.pl\/#\/schema\/logo\/image\/","url":"https:\/\/www.mojabochnia.pl\/wp-content\/uploads\/2017\/08\/logo-mb-opt.png","contentUrl":"https:\/\/www.mojabochnia.pl\/wp-content\/uploads\/2017\/08\/logo-mb-opt.png","width":250,"height":48,"caption":"mojabochnia.pl - portal informacyjny"},"image":{"@id":"https:\/\/www.mojabochnia.pl\/#\/schema\/logo\/image\/"},"sameAs":["https:\/\/www.facebook.com\/mojabochnia"]},{"@type":"Person","@id":"https:\/\/www.mojabochnia.pl\/#\/schema\/person\/43d3c2066b5450cc314bfa4e9e0e0099","name":"Mateusz Franczyk","url":"https:\/\/www.mojabochnia.pl\/?author=1168"}]}},"_links":{"self":[{"href":"https:\/\/www.mojabochnia.pl\/index.php?rest_route=\/wp\/v2\/posts\/187490","targetHints":{"allow":["GET"]}}],"collection":[{"href":"https:\/\/www.mojabochnia.pl\/index.php?rest_route=\/wp\/v2\/posts"}],"about":[{"href":"https:\/\/www.mojabochnia.pl\/index.php?rest_route=\/wp\/v2\/types\/post"}],"author":[{"embeddable":true,"href":"https:\/\/www.mojabochnia.pl\/index.php?rest_route=\/wp\/v2\/users\/1168"}],"replies":[{"embeddable":true,"href":"https:\/\/www.mojabochnia.pl\/index.php?rest_route=%2Fwp%2Fv2%2Fcomments&post=187490"}],"version-history":[{"count":1,"href":"https:\/\/www.mojabochnia.pl\/index.php?rest_route=\/wp\/v2\/posts\/187490\/revisions"}],"predecessor-version":[{"id":187493,"href":"https:\/\/www.mojabochnia.pl\/index.php?rest_route=\/wp\/v2\/posts\/187490\/revisions\/187493"}],"wp:featuredmedia":[{"embeddable":true,"href":"https:\/\/www.mojabochnia.pl\/index.php?rest_route=\/wp\/v2\/media\/187492"}],"wp:attachment":[{"href":"https:\/\/www.mojabochnia.pl\/index.php?rest_route=%2Fwp%2Fv2%2Fmedia&parent=187490"}],"wp:term":[{"taxonomy":"category","embeddable":true,"href":"https:\/\/www.mojabochnia.pl\/index.php?rest_route=%2Fwp%2Fv2%2Fcategories&post=187490"},{"taxonomy":"post_tag","embeddable":true,"href":"https:\/\/www.mojabochnia.pl\/index.php?rest_route=%2Fwp%2Fv2%2Ftags&post=187490"}],"curies":[{"name":"wp","href":"https:\/\/api.w.org\/{rel}","templated":true}]}}