{"id":187433,"date":"2018-07-20T10:12:23","date_gmt":"2018-07-20T08:12:23","guid":{"rendered":"https:\/\/www.mojabochnia.pl\/?p=187433"},"modified":"2018-07-20T10:15:36","modified_gmt":"2018-07-20T08:15:36","slug":"co-sie-dzieje-z-wodociagiem-w-brzeznicy","status":"publish","type":"post","link":"https:\/\/www.mojabochnia.pl\/?p=187433","title":{"rendered":"Co si\u0119 dzieje z wodoci\u0105giem w Brze\u017anicy?"},"content":{"rendered":"<p><strong>Niepokoj\u0105ce informacje dotar\u0142y do naszej redakcji. Wed\u0142ug jednego z naszych czytelnik\u00f3w w Brze\u017anicy wyst\u0119puj\u0105 regularne awarie wodoci\u0105g\u00f3w. GZWiK twierdzi, \u017ce nie posiada potwierdzenia informacji o tak cz\u0119stych i d\u0142ugotrwa\u0142ych przerwach w dostawie wody.<\/strong><\/p>\n<p>Jak twierdzi nasz czytelnik, drugi rok pod rz\u0105d ze zmienn\u0105 cz\u0119stotliwo\u015bci\u0105 (rekordowo przez cztery nast\u0119puj\u0105ce po sobie dni), brakuje wody dostarczanej przez GZWiK.<em> Ka\u017cdorazowo pracownicy w\/w instytucji udzielaj\u0105 wyja\u015bnie\u0144 &#8211; od awarii pr\u0105du, przez \u017ale dobrane pompy a\u017c po kradzie\u017c wody gdzie\u015b po drodze. Warto zaznaczy\u0107, \u017ce zaledwie kilkusekundowa przerwa w dostawie pr\u0105du powoduje kilkugodzinny brak wody &#8211;<\/em> m\u00f3wi nasz czytelnik. Wed\u0142ug pracownika GZWiK w ostatnim czasie by\u0142y przerwy w dostawie wody do Brze\u017anicy, ale by\u0142y one spowodowane czynno\u015bciami niezale\u017cnymi od sp\u00f3\u0142ki np.\u00a0 przerwa w dostawie pr\u0105du spowodowana ostatnio wymian\u0105 sieci energetycznej w tej miejscowo\u015bci przez zak\u0142ad energetyczny, kt\u00f3ry zastosowa\u0142 co prawda zasilanie rezerwowe ale w oparciu o agregaty pr\u0105dotw\u00f3rcze, kt\u00f3re pracowa\u0142y z przerwami co skutkowa\u0142o r\u00f3wnie\u017c przerwami w pracy hydroforni wody i dla cz\u0119\u015bci mieszka\u0144c\u00f3w odczuwalnym brakiem wody lub dostaw\u0105 wody o mniejszym ci\u015bnieniu.<\/p>\n<p>Innym powodem przerw w dostawie wody w ostatnim czasie w Brze\u017anicy by\u0142o uszkodzenie g\u0142\u00f3wnej sieci wodoci\u0105gowej przez jednego z mieszka\u0144c\u00f3w. <em>Jeden z mieszka\u0144c\u00f3w\u00a0podczas prowadzenia rob\u00f3t ziemnych w\u0142asn\u0105 kopark\u0105 co skutkowa\u0142o zabrudzeniem oraz zapowietrzeniem ca\u0142ej sieci wodoci\u0105gowej i konieczno\u015bci\u0105 jej p\u0142ukania i odpowietrzania.Ca\u0142a akcja trwa\u0142a niemal tydzie\u0144 i spowodowana by\u0142a nieodpowiedzialno\u015bci\u0105 os\u00f3b trzecich na kt\u00f3rych dzia\u0142anie sp\u00f3\u0142ka nasza nie ma wp\u0142ywu, jednak ponosi negatywne konsekwencje ich czyn\u00f3w chocia\u017cby wyra\u017cone niezadowoleniem i niezrozumieniem naszych odbiorc\u00f3w us\u0142ug tu mieszka\u0144c\u00f3w Brze\u017anicy &#8211;<\/em>\u00a0m\u00f3wi w rozmowie z nasz\u0105 redakcj\u0105\u00a0Grzegorz Data, inspektor GZWiK sp. z o.o.<\/p>\n<p>Jak wiadomo awarie mog\u0105 zdarzy\u0107 si\u0119 wsz\u0119dzie. Jednak jak twierdzi nasz czytelnik, istnieje prawdopodobie\u0144stwo cz\u0119stego pope\u0142niania przest\u0119pstwa kradzie\u017cy, na kt\u00f3r\u0105 nikt nie reaguje. Chodzi tutaj o bezumowne poboru wody z hydrant\u00f3w p.po\u017c przez mieszka\u0144c\u00f3w.<em> Jest to zjawisko do\u015b\u0107 powszechne odnotowywane przez przedsi\u0119biorstwa wodoci\u0105gowe zw\u0142aszcza eksploatuj\u0105ce sieci wodoci\u0105gowe w terenach wiejskich. Ka\u017cdorazowo, je\u017celi tylko zostanie odnotowany taki proceder jest on zg\u0142aszany do stosownych organ\u00f3w \u015bcigania<\/em> &#8211; informuje Grzegorz Data. Wed\u0142ug GZWiK cz\u0119sto jednak w wyniku braku ustalenia sprawcy przez organy \u015bcigania lub ze wzgl\u0119du na skal\u0119 szkody \u2013 warto\u015b\u0107 kradzie\u017cy tj. kilkadziesi\u0105t z\u0142otych sprawa zostaje umorzona.<\/p>\n<p>&nbsp;<\/p>\n<p>&nbsp;<\/p>\n<p>&nbsp;<\/p>\n<p>&nbsp;<\/p>\n<p>&nbsp;<\/p>\n<p>&nbsp;<\/p>\n<p>&nbsp;<\/p>\n","protected":false},"excerpt":{"rendered":"<p>Niepokoj\u0105ce informacje dotar\u0142y do naszej redakcji. Wed\u0142ug jednego z naszych czytelnik\u00f3w w Brze\u017anicy wyst\u0119puj\u0105 regularne awarie wodoci\u0105g\u00f3w. GZWiK twierdzi, \u017ce nie posiada potwierdzenia informacji o tak cz\u0119stych i d\u0142ugotrwa\u0142ych przerwach w dostawie wody. Jak twierdzi nasz czytelnik, drugi rok pod rz\u0105d ze zmienn\u0105 cz\u0119stotliwo\u015bci\u0105 (rekordowo przez cztery nast\u0119puj\u0105ce po sobie dni), brakuje wody dostarczanej przez<\/p>\n","protected":false},"author":1168,"featured_media":168149,"comment_status":"open","ping_status":"closed","sticky":false,"template":"","format":"standard","meta":{"_acf_changed":false,"footnotes":""},"categories":[5,6251,6250],"tags":[17246,17225,19720,2238],"class_list":["post-187433","post","type-post","status-publish","format-standard","has-post-thumbnail","hentry","category-biezace-wydarzenia","category-polityka-i-wydarzenia","category-tematyka","tag-brzeznica","tag-gmina-bochnia","tag-top-temat","tag-wodociag","main_tag-gzwik"],"acf":[],"yoast_head":"<!-- This site is optimized with the Yoast SEO plugin v26.9 - https:\/\/yoast.com\/product\/yoast-seo-wordpress\/ -->\n<title>Co si\u0119 dzieje z wodoci\u0105giem w Brze\u017anicy? - mojabochnia.pl - portal informacyjny<\/title>\n<meta name=\"robots\" content=\"index, follow, max-snippet:-1, max-image-preview:large, max-video-preview:-1\" \/>\n<link rel=\"canonical\" href=\"https:\/\/www.mojabochnia.pl\/?p=187433\" \/>\n<meta property=\"og:locale\" content=\"pl_PL\" \/>\n<meta property=\"og:type\" content=\"article\" \/>\n<meta property=\"og:title\" content=\"Co si\u0119 dzieje z wodoci\u0105giem w Brze\u017anicy? - mojabochnia.pl - portal informacyjny\" \/>\n<meta property=\"og:description\" content=\"Niepokoj\u0105ce informacje dotar\u0142y do naszej redakcji. Wed\u0142ug jednego z naszych czytelnik\u00f3w w Brze\u017anicy wyst\u0119puj\u0105 regularne awarie wodoci\u0105g\u00f3w. GZWiK twierdzi, \u017ce nie posiada potwierdzenia informacji o tak cz\u0119stych i d\u0142ugotrwa\u0142ych przerwach w dostawie wody. Jak twierdzi nasz czytelnik, drugi rok pod rz\u0105d ze zmienn\u0105 cz\u0119stotliwo\u015bci\u0105 (rekordowo przez cztery nast\u0119puj\u0105ce po sobie dni), brakuje wody dostarczanej przez\" \/>\n<meta property=\"og:url\" content=\"https:\/\/www.mojabochnia.pl\/?p=187433\" \/>\n<meta property=\"og:site_name\" content=\"mojabochnia.pl - portal informacyjny\" \/>\n<meta property=\"article:publisher\" content=\"https:\/\/www.facebook.com\/mojabochnia\" \/>\n<meta property=\"article:published_time\" content=\"2018-07-20T08:12:23+00:00\" \/>\n<meta property=\"article:modified_time\" content=\"2018-07-20T08:15:36+00:00\" \/>\n<meta property=\"og:image\" content=\"https:\/\/www.mojabochnia.pl\/wp-content\/uploads\/2017\/02\/IMG_20160413_130503.jpg\" \/>\n\t<meta property=\"og:image:width\" content=\"800\" \/>\n\t<meta property=\"og:image:height\" content=\"450\" \/>\n\t<meta property=\"og:image:type\" content=\"image\/jpeg\" \/>\n<meta name=\"author\" content=\"Mateusz Franczyk\" \/>\n<meta name=\"twitter:card\" content=\"summary_large_image\" \/>\n<meta name=\"twitter:label1\" content=\"Written by\" \/>\n\t<meta name=\"twitter:data1\" content=\"Mateusz Franczyk\" \/>\n\t<meta name=\"twitter:label2\" content=\"Est. reading time\" \/>\n\t<meta name=\"twitter:data2\" content=\"2 minuty\" \/>\n<script type=\"application\/ld+json\" class=\"yoast-schema-graph\">{\"@context\":\"https:\/\/schema.org\",\"@graph\":[{\"@type\":\"Article\",\"@id\":\"https:\/\/www.mojabochnia.pl\/?p=187433#article\",\"isPartOf\":{\"@id\":\"https:\/\/www.mojabochnia.pl\/?p=187433\"},\"author\":{\"name\":\"Mateusz Franczyk\",\"@id\":\"https:\/\/www.mojabochnia.pl\/#\/schema\/person\/43d3c2066b5450cc314bfa4e9e0e0099\"},\"headline\":\"Co si\u0119 dzieje z wodoci\u0105giem w Brze\u017anicy?\",\"datePublished\":\"2018-07-20T08:12:23+00:00\",\"dateModified\":\"2018-07-20T08:15:36+00:00\",\"mainEntityOfPage\":{\"@id\":\"https:\/\/www.mojabochnia.pl\/?p=187433\"},\"wordCount\":474,\"commentCount\":0,\"publisher\":{\"@id\":\"https:\/\/www.mojabochnia.pl\/#organization\"},\"image\":{\"@id\":\"https:\/\/www.mojabochnia.pl\/?p=187433#primaryimage\"},\"thumbnailUrl\":\"https:\/\/www.mojabochnia.pl\/wp-content\/uploads\/2017\/02\/IMG_20160413_130503.jpg\",\"keywords\":[\"brze\u017anica\",\"gmina bochnia\",\"top temat\",\"wodoci\u0105g\"],\"articleSection\":[\"2_ostatnie\",\"polityka i wydarzenia\",\"tematyka\"],\"inLanguage\":\"pl-PL\",\"potentialAction\":[{\"@type\":\"CommentAction\",\"name\":\"Comment\",\"target\":[\"https:\/\/www.mojabochnia.pl\/?p=187433#respond\"]}]},{\"@type\":\"WebPage\",\"@id\":\"https:\/\/www.mojabochnia.pl\/?p=187433\",\"url\":\"https:\/\/www.mojabochnia.pl\/?p=187433\",\"name\":\"Co si\u0119 dzieje z wodoci\u0105giem w Brze\u017anicy? - mojabochnia.pl - portal informacyjny\",\"isPartOf\":{\"@id\":\"https:\/\/www.mojabochnia.pl\/#website\"},\"primaryImageOfPage\":{\"@id\":\"https:\/\/www.mojabochnia.pl\/?p=187433#primaryimage\"},\"image\":{\"@id\":\"https:\/\/www.mojabochnia.pl\/?p=187433#primaryimage\"},\"thumbnailUrl\":\"https:\/\/www.mojabochnia.pl\/wp-content\/uploads\/2017\/02\/IMG_20160413_130503.jpg\",\"datePublished\":\"2018-07-20T08:12:23+00:00\",\"dateModified\":\"2018-07-20T08:15:36+00:00\",\"breadcrumb\":{\"@id\":\"https:\/\/www.mojabochnia.pl\/?p=187433#breadcrumb\"},\"inLanguage\":\"pl-PL\",\"potentialAction\":[{\"@type\":\"ReadAction\",\"target\":[\"https:\/\/www.mojabochnia.pl\/?p=187433\"]}]},{\"@type\":\"ImageObject\",\"inLanguage\":\"pl-PL\",\"@id\":\"https:\/\/www.mojabochnia.pl\/?p=187433#primaryimage\",\"url\":\"https:\/\/www.mojabochnia.pl\/wp-content\/uploads\/2017\/02\/IMG_20160413_130503.jpg\",\"contentUrl\":\"https:\/\/www.mojabochnia.pl\/wp-content\/uploads\/2017\/02\/IMG_20160413_130503.jpg\",\"width\":800,\"height\":450,\"caption\":\"Pawe\u0142 Michalczyk\"},{\"@type\":\"BreadcrumbList\",\"@id\":\"https:\/\/www.mojabochnia.pl\/?p=187433#breadcrumb\",\"itemListElement\":[{\"@type\":\"ListItem\",\"position\":1,\"name\":\"Home\",\"item\":\"https:\/\/www.mojabochnia.pl\/\"},{\"@type\":\"ListItem\",\"position\":2,\"name\":\"Co si\u0119 dzieje z wodoci\u0105giem w Brze\u017anicy?\"}]},{\"@type\":\"WebSite\",\"@id\":\"https:\/\/www.mojabochnia.pl\/#website\",\"url\":\"https:\/\/www.mojabochnia.pl\/\",\"name\":\"mojabochnia.pl - portal informacyjny\",\"description\":\"mojaBochnia to portal informacyjny o Bochni. Codziennie o Bochni piszemy i pokazujemy najwa\u017cniejsze wydarzenia\",\"publisher\":{\"@id\":\"https:\/\/www.mojabochnia.pl\/#organization\"},\"potentialAction\":[{\"@type\":\"SearchAction\",\"target\":{\"@type\":\"EntryPoint\",\"urlTemplate\":\"https:\/\/www.mojabochnia.pl\/?s={search_term_string}\"},\"query-input\":{\"@type\":\"PropertyValueSpecification\",\"valueRequired\":true,\"valueName\":\"search_term_string\"}}],\"inLanguage\":\"pl-PL\"},{\"@type\":\"Organization\",\"@id\":\"https:\/\/www.mojabochnia.pl\/#organization\",\"name\":\"mojabochnia.pl - portal informacyjny\",\"url\":\"https:\/\/www.mojabochnia.pl\/\",\"logo\":{\"@type\":\"ImageObject\",\"inLanguage\":\"pl-PL\",\"@id\":\"https:\/\/www.mojabochnia.pl\/#\/schema\/logo\/image\/\",\"url\":\"https:\/\/www.mojabochnia.pl\/wp-content\/uploads\/2017\/08\/logo-mb-opt.png\",\"contentUrl\":\"https:\/\/www.mojabochnia.pl\/wp-content\/uploads\/2017\/08\/logo-mb-opt.png\",\"width\":250,\"height\":48,\"caption\":\"mojabochnia.pl - portal informacyjny\"},\"image\":{\"@id\":\"https:\/\/www.mojabochnia.pl\/#\/schema\/logo\/image\/\"},\"sameAs\":[\"https:\/\/www.facebook.com\/mojabochnia\"]},{\"@type\":\"Person\",\"@id\":\"https:\/\/www.mojabochnia.pl\/#\/schema\/person\/43d3c2066b5450cc314bfa4e9e0e0099\",\"name\":\"Mateusz Franczyk\",\"url\":\"https:\/\/www.mojabochnia.pl\/?author=1168\"}]}<\/script>\n<!-- \/ Yoast SEO plugin. -->","yoast_head_json":{"title":"Co si\u0119 dzieje z wodoci\u0105giem w Brze\u017anicy? - mojabochnia.pl - portal informacyjny","robots":{"index":"index","follow":"follow","max-snippet":"max-snippet:-1","max-image-preview":"max-image-preview:large","max-video-preview":"max-video-preview:-1"},"canonical":"https:\/\/www.mojabochnia.pl\/?p=187433","og_locale":"pl_PL","og_type":"article","og_title":"Co si\u0119 dzieje z wodoci\u0105giem w Brze\u017anicy? - mojabochnia.pl - portal informacyjny","og_description":"Niepokoj\u0105ce informacje dotar\u0142y do naszej redakcji. Wed\u0142ug jednego z naszych czytelnik\u00f3w w Brze\u017anicy wyst\u0119puj\u0105 regularne awarie wodoci\u0105g\u00f3w. GZWiK twierdzi, \u017ce nie posiada potwierdzenia informacji o tak cz\u0119stych i d\u0142ugotrwa\u0142ych przerwach w dostawie wody. Jak twierdzi nasz czytelnik, drugi rok pod rz\u0105d ze zmienn\u0105 cz\u0119stotliwo\u015bci\u0105 (rekordowo przez cztery nast\u0119puj\u0105ce po sobie dni), brakuje wody dostarczanej przez","og_url":"https:\/\/www.mojabochnia.pl\/?p=187433","og_site_name":"mojabochnia.pl - portal informacyjny","article_publisher":"https:\/\/www.facebook.com\/mojabochnia","article_published_time":"2018-07-20T08:12:23+00:00","article_modified_time":"2018-07-20T08:15:36+00:00","og_image":[{"width":800,"height":450,"url":"https:\/\/www.mojabochnia.pl\/wp-content\/uploads\/2017\/02\/IMG_20160413_130503.jpg","type":"image\/jpeg"}],"author":"Mateusz Franczyk","twitter_card":"summary_large_image","twitter_misc":{"Written by":"Mateusz Franczyk","Est. reading time":"2 minuty"},"schema":{"@context":"https:\/\/schema.org","@graph":[{"@type":"Article","@id":"https:\/\/www.mojabochnia.pl\/?p=187433#article","isPartOf":{"@id":"https:\/\/www.mojabochnia.pl\/?p=187433"},"author":{"name":"Mateusz Franczyk","@id":"https:\/\/www.mojabochnia.pl\/#\/schema\/person\/43d3c2066b5450cc314bfa4e9e0e0099"},"headline":"Co si\u0119 dzieje z wodoci\u0105giem w Brze\u017anicy?","datePublished":"2018-07-20T08:12:23+00:00","dateModified":"2018-07-20T08:15:36+00:00","mainEntityOfPage":{"@id":"https:\/\/www.mojabochnia.pl\/?p=187433"},"wordCount":474,"commentCount":0,"publisher":{"@id":"https:\/\/www.mojabochnia.pl\/#organization"},"image":{"@id":"https:\/\/www.mojabochnia.pl\/?p=187433#primaryimage"},"thumbnailUrl":"https:\/\/www.mojabochnia.pl\/wp-content\/uploads\/2017\/02\/IMG_20160413_130503.jpg","keywords":["brze\u017anica","gmina bochnia","top temat","wodoci\u0105g"],"articleSection":["2_ostatnie","polityka i wydarzenia","tematyka"],"inLanguage":"pl-PL","potentialAction":[{"@type":"CommentAction","name":"Comment","target":["https:\/\/www.mojabochnia.pl\/?p=187433#respond"]}]},{"@type":"WebPage","@id":"https:\/\/www.mojabochnia.pl\/?p=187433","url":"https:\/\/www.mojabochnia.pl\/?p=187433","name":"Co si\u0119 dzieje z wodoci\u0105giem w Brze\u017anicy? - mojabochnia.pl - portal informacyjny","isPartOf":{"@id":"https:\/\/www.mojabochnia.pl\/#website"},"primaryImageOfPage":{"@id":"https:\/\/www.mojabochnia.pl\/?p=187433#primaryimage"},"image":{"@id":"https:\/\/www.mojabochnia.pl\/?p=187433#primaryimage"},"thumbnailUrl":"https:\/\/www.mojabochnia.pl\/wp-content\/uploads\/2017\/02\/IMG_20160413_130503.jpg","datePublished":"2018-07-20T08:12:23+00:00","dateModified":"2018-07-20T08:15:36+00:00","breadcrumb":{"@id":"https:\/\/www.mojabochnia.pl\/?p=187433#breadcrumb"},"inLanguage":"pl-PL","potentialAction":[{"@type":"ReadAction","target":["https:\/\/www.mojabochnia.pl\/?p=187433"]}]},{"@type":"ImageObject","inLanguage":"pl-PL","@id":"https:\/\/www.mojabochnia.pl\/?p=187433#primaryimage","url":"https:\/\/www.mojabochnia.pl\/wp-content\/uploads\/2017\/02\/IMG_20160413_130503.jpg","contentUrl":"https:\/\/www.mojabochnia.pl\/wp-content\/uploads\/2017\/02\/IMG_20160413_130503.jpg","width":800,"height":450,"caption":"Pawe\u0142 Michalczyk"},{"@type":"BreadcrumbList","@id":"https:\/\/www.mojabochnia.pl\/?p=187433#breadcrumb","itemListElement":[{"@type":"ListItem","position":1,"name":"Home","item":"https:\/\/www.mojabochnia.pl\/"},{"@type":"ListItem","position":2,"name":"Co si\u0119 dzieje z wodoci\u0105giem w Brze\u017anicy?"}]},{"@type":"WebSite","@id":"https:\/\/www.mojabochnia.pl\/#website","url":"https:\/\/www.mojabochnia.pl\/","name":"mojabochnia.pl - portal informacyjny","description":"mojaBochnia to portal informacyjny o Bochni. Codziennie o Bochni piszemy i pokazujemy najwa\u017cniejsze wydarzenia","publisher":{"@id":"https:\/\/www.mojabochnia.pl\/#organization"},"potentialAction":[{"@type":"SearchAction","target":{"@type":"EntryPoint","urlTemplate":"https:\/\/www.mojabochnia.pl\/?s={search_term_string}"},"query-input":{"@type":"PropertyValueSpecification","valueRequired":true,"valueName":"search_term_string"}}],"inLanguage":"pl-PL"},{"@type":"Organization","@id":"https:\/\/www.mojabochnia.pl\/#organization","name":"mojabochnia.pl - portal informacyjny","url":"https:\/\/www.mojabochnia.pl\/","logo":{"@type":"ImageObject","inLanguage":"pl-PL","@id":"https:\/\/www.mojabochnia.pl\/#\/schema\/logo\/image\/","url":"https:\/\/www.mojabochnia.pl\/wp-content\/uploads\/2017\/08\/logo-mb-opt.png","contentUrl":"https:\/\/www.mojabochnia.pl\/wp-content\/uploads\/2017\/08\/logo-mb-opt.png","width":250,"height":48,"caption":"mojabochnia.pl - portal informacyjny"},"image":{"@id":"https:\/\/www.mojabochnia.pl\/#\/schema\/logo\/image\/"},"sameAs":["https:\/\/www.facebook.com\/mojabochnia"]},{"@type":"Person","@id":"https:\/\/www.mojabochnia.pl\/#\/schema\/person\/43d3c2066b5450cc314bfa4e9e0e0099","name":"Mateusz Franczyk","url":"https:\/\/www.mojabochnia.pl\/?author=1168"}]}},"_links":{"self":[{"href":"https:\/\/www.mojabochnia.pl\/index.php?rest_route=\/wp\/v2\/posts\/187433","targetHints":{"allow":["GET"]}}],"collection":[{"href":"https:\/\/www.mojabochnia.pl\/index.php?rest_route=\/wp\/v2\/posts"}],"about":[{"href":"https:\/\/www.mojabochnia.pl\/index.php?rest_route=\/wp\/v2\/types\/post"}],"author":[{"embeddable":true,"href":"https:\/\/www.mojabochnia.pl\/index.php?rest_route=\/wp\/v2\/users\/1168"}],"replies":[{"embeddable":true,"href":"https:\/\/www.mojabochnia.pl\/index.php?rest_route=%2Fwp%2Fv2%2Fcomments&post=187433"}],"version-history":[{"count":3,"href":"https:\/\/www.mojabochnia.pl\/index.php?rest_route=\/wp\/v2\/posts\/187433\/revisions"}],"predecessor-version":[{"id":187437,"href":"https:\/\/www.mojabochnia.pl\/index.php?rest_route=\/wp\/v2\/posts\/187433\/revisions\/187437"}],"wp:featuredmedia":[{"embeddable":true,"href":"https:\/\/www.mojabochnia.pl\/index.php?rest_route=\/wp\/v2\/media\/168149"}],"wp:attachment":[{"href":"https:\/\/www.mojabochnia.pl\/index.php?rest_route=%2Fwp%2Fv2%2Fmedia&parent=187433"}],"wp:term":[{"taxonomy":"category","embeddable":true,"href":"https:\/\/www.mojabochnia.pl\/index.php?rest_route=%2Fwp%2Fv2%2Fcategories&post=187433"},{"taxonomy":"post_tag","embeddable":true,"href":"https:\/\/www.mojabochnia.pl\/index.php?rest_route=%2Fwp%2Fv2%2Ftags&post=187433"}],"curies":[{"name":"wp","href":"https:\/\/api.w.org\/{rel}","templated":true}]}}