{"id":187428,"date":"2018-07-19T21:25:27","date_gmt":"2018-07-19T19:25:27","guid":{"rendered":"https:\/\/www.mojabochnia.pl\/?p=187428"},"modified":"2018-07-19T21:25:27","modified_gmt":"2018-07-19T19:25:27","slug":"30-akcji-ratowniczych-strazy-glownie-na-terenie-poludnia-powiatu","status":"publish","type":"post","link":"https:\/\/www.mojabochnia.pl\/?p=187428","title":{"rendered":"30 akcji ratowniczych stra\u017cy &#8211;\u00a0g\u0142\u00f3wnie na terenie po\u0142udnia powiatu"},"content":{"rendered":"<p><strong>W dniu wczorajszym (18\/07\/2018) boche\u0144ska stra\u017c, wskutek\u00a0intensywnych opad\u00f3w deszczu, podejmowa\u0142a 30 akcji ratowniczych &#8211;\u00a0 g\u0142\u00f3wnie na terenie po\u0142udnia powiatu.\u00a0Zaanga\u017cowanych w dzia\u0142ania by\u0142o kilkana\u015bcie zast\u0119p\u00f3w PSP i OSP.<\/strong><\/p>\n<p><span style=\"font-family: Arial; font-size: small;\">G\u0142\u00f3wne dzia\u0142ania podejmowano \u00a0na terenie Gmin: Trzciana (9 interwencji), \u0141apan\u00f3w (6 interwencji), \u017begocina (4 interwencje), Nowy Wi\u015bnicz\u00a0\u00a0 (5 interwencji), Miasto Bochnia ( 3 interwencje). G\u0142\u00f3wne dzia\u0142ania polega\u0142y na wypompowywaniu wody z podtopionych budynk\u00f3w, zabezpieczaniu obiekt\u00f3w przed zalaniem za pomoc\u0105 work\u00f3w z piaskiem, udra\u017cnianiu zatkanych przepust\u00f3w, udra\u017canianu szlak\u00f3w komunikacyjnych z powalonych drzew.<\/span><\/p>\n<blockquote><p><span style=\"font-family: Arial; font-size: small;\">Na chwil\u0119 obecn\u0105 sytuacja ulega normalizacji, opadaj\u0105 poziomy g\u0142\u00f3wnych rzek. Jedynie poziom rzeki Raby na wskutek dop\u0142ywu w\u00f3d po intensywnych opadach na po\u0142udniu powiatu &#8211; podnosi si\u0119 i brakuje jedynie 10 cm do stanu alarmowego.\u00a0<\/span><span style=\"font-family: Arial; font-size: small;\">Sytuacja na terenie powiatu jest dynamiczna, zale\u017cna od przechodzenia kolejnych fal intensywnych opad\u00f3w<\/span><\/p><\/blockquote>\n<p>&#8211; informuje\u00a0st. kpt. Gerard Wydrych z komendy powiatowej Pa\u0144stwowej Stra\u017cy Po\u017carnej.<\/p>\n","protected":false},"excerpt":{"rendered":"<p>W dniu wczorajszym (18\/07\/2018) boche\u0144ska stra\u017c, wskutek\u00a0intensywnych opad\u00f3w deszczu, podejmowa\u0142a 30 akcji ratowniczych &#8211;\u00a0 g\u0142\u00f3wnie na terenie po\u0142udnia powiatu.\u00a0Zaanga\u017cowanych w dzia\u0142ania by\u0142o kilkana\u015bcie zast\u0119p\u00f3w PSP i OSP. G\u0142\u00f3wne dzia\u0142ania podejmowano \u00a0na terenie Gmin: Trzciana (9 interwencji), \u0141apan\u00f3w (6 interwencji), \u017begocina (4 interwencje), Nowy Wi\u015bnicz\u00a0\u00a0 (5 interwencji), Miasto Bochnia ( 3 interwencje). G\u0142\u00f3wne dzia\u0142ania polega\u0142y na<\/p>\n","protected":false},"author":1168,"featured_media":187387,"comment_status":"open","ping_status":"closed","sticky":false,"template":"","format":"standard","meta":{"_acf_changed":false,"footnotes":""},"categories":[5,6251,6250],"tags":[17755,12295,19720],"class_list":["post-187428","post","type-post","status-publish","format-standard","has-post-thumbnail","hentry","category-biezace-wydarzenia","category-polityka-i-wydarzenia","category-tematyka","tag-osp","tag-psp-bochnia","tag-top-temat","main_tag-woda"],"acf":[],"yoast_head":"<!-- This site is optimized with the Yoast SEO plugin v26.9 - https:\/\/yoast.com\/product\/yoast-seo-wordpress\/ -->\n<title>30 akcji ratowniczych stra\u017cy -\u00a0g\u0142\u00f3wnie na terenie po\u0142udnia powiatu - mojabochnia.pl - portal informacyjny<\/title>\n<meta name=\"robots\" content=\"index, follow, max-snippet:-1, max-image-preview:large, max-video-preview:-1\" \/>\n<link rel=\"canonical\" href=\"https:\/\/www.mojabochnia.pl\/?p=187428\" \/>\n<meta property=\"og:locale\" content=\"pl_PL\" \/>\n<meta property=\"og:type\" content=\"article\" \/>\n<meta property=\"og:title\" content=\"30 akcji ratowniczych stra\u017cy -\u00a0g\u0142\u00f3wnie na terenie po\u0142udnia powiatu - mojabochnia.pl - portal informacyjny\" \/>\n<meta property=\"og:description\" content=\"W dniu wczorajszym (18\/07\/2018) boche\u0144ska stra\u017c, wskutek\u00a0intensywnych opad\u00f3w deszczu, podejmowa\u0142a 30 akcji ratowniczych &#8211;\u00a0 g\u0142\u00f3wnie na terenie po\u0142udnia powiatu.\u00a0Zaanga\u017cowanych w dzia\u0142ania by\u0142o kilkana\u015bcie zast\u0119p\u00f3w PSP i OSP. G\u0142\u00f3wne dzia\u0142ania podejmowano \u00a0na terenie Gmin: Trzciana (9 interwencji), \u0141apan\u00f3w (6 interwencji), \u017begocina (4 interwencje), Nowy Wi\u015bnicz\u00a0\u00a0 (5 interwencji), Miasto Bochnia ( 3 interwencje). G\u0142\u00f3wne dzia\u0142ania polega\u0142y na\" \/>\n<meta property=\"og:url\" content=\"https:\/\/www.mojabochnia.pl\/?p=187428\" \/>\n<meta property=\"og:site_name\" content=\"mojabochnia.pl - portal informacyjny\" \/>\n<meta property=\"article:publisher\" content=\"https:\/\/www.facebook.com\/mojabochnia\" \/>\n<meta property=\"article:published_time\" content=\"2018-07-19T19:25:27+00:00\" \/>\n<meta property=\"og:image\" content=\"https:\/\/www.mojabochnia.pl\/wp-content\/uploads\/2018\/07\/37349392_1905086932887913_4726940984779210752_n.jpg\" \/>\n\t<meta property=\"og:image:width\" content=\"720\" \/>\n\t<meta property=\"og:image:height\" content=\"540\" \/>\n\t<meta property=\"og:image:type\" content=\"image\/jpeg\" \/>\n<meta name=\"author\" content=\"Mateusz Franczyk\" \/>\n<meta name=\"twitter:card\" content=\"summary_large_image\" \/>\n<meta name=\"twitter:label1\" content=\"Written by\" \/>\n\t<meta name=\"twitter:data1\" content=\"Mateusz Franczyk\" \/>\n\t<meta name=\"twitter:label2\" content=\"Est. reading time\" \/>\n\t<meta name=\"twitter:data2\" content=\"1 minuta\" \/>\n<script type=\"application\/ld+json\" class=\"yoast-schema-graph\">{\"@context\":\"https:\/\/schema.org\",\"@graph\":[{\"@type\":\"Article\",\"@id\":\"https:\/\/www.mojabochnia.pl\/?p=187428#article\",\"isPartOf\":{\"@id\":\"https:\/\/www.mojabochnia.pl\/?p=187428\"},\"author\":{\"name\":\"Mateusz Franczyk\",\"@id\":\"https:\/\/www.mojabochnia.pl\/#\/schema\/person\/43d3c2066b5450cc314bfa4e9e0e0099\"},\"headline\":\"30 akcji ratowniczych stra\u017cy &#8211;\u00a0g\u0142\u00f3wnie na terenie po\u0142udnia powiatu\",\"datePublished\":\"2018-07-19T19:25:27+00:00\",\"mainEntityOfPage\":{\"@id\":\"https:\/\/www.mojabochnia.pl\/?p=187428\"},\"wordCount\":177,\"commentCount\":0,\"publisher\":{\"@id\":\"https:\/\/www.mojabochnia.pl\/#organization\"},\"image\":{\"@id\":\"https:\/\/www.mojabochnia.pl\/?p=187428#primaryimage\"},\"thumbnailUrl\":\"https:\/\/www.mojabochnia.pl\/wp-content\/uploads\/2018\/07\/37349392_1905086932887913_4726940984779210752_n.jpg\",\"keywords\":[\"osp\",\"PSP Bochnia\",\"top temat\"],\"articleSection\":[\"2_ostatnie\",\"polityka i wydarzenia\",\"tematyka\"],\"inLanguage\":\"pl-PL\",\"potentialAction\":[{\"@type\":\"CommentAction\",\"name\":\"Comment\",\"target\":[\"https:\/\/www.mojabochnia.pl\/?p=187428#respond\"]}]},{\"@type\":\"WebPage\",\"@id\":\"https:\/\/www.mojabochnia.pl\/?p=187428\",\"url\":\"https:\/\/www.mojabochnia.pl\/?p=187428\",\"name\":\"30 akcji ratowniczych stra\u017cy -\u00a0g\u0142\u00f3wnie na terenie po\u0142udnia powiatu - mojabochnia.pl - portal informacyjny\",\"isPartOf\":{\"@id\":\"https:\/\/www.mojabochnia.pl\/#website\"},\"primaryImageOfPage\":{\"@id\":\"https:\/\/www.mojabochnia.pl\/?p=187428#primaryimage\"},\"image\":{\"@id\":\"https:\/\/www.mojabochnia.pl\/?p=187428#primaryimage\"},\"thumbnailUrl\":\"https:\/\/www.mojabochnia.pl\/wp-content\/uploads\/2018\/07\/37349392_1905086932887913_4726940984779210752_n.jpg\",\"datePublished\":\"2018-07-19T19:25:27+00:00\",\"breadcrumb\":{\"@id\":\"https:\/\/www.mojabochnia.pl\/?p=187428#breadcrumb\"},\"inLanguage\":\"pl-PL\",\"potentialAction\":[{\"@type\":\"ReadAction\",\"target\":[\"https:\/\/www.mojabochnia.pl\/?p=187428\"]}]},{\"@type\":\"ImageObject\",\"inLanguage\":\"pl-PL\",\"@id\":\"https:\/\/www.mojabochnia.pl\/?p=187428#primaryimage\",\"url\":\"https:\/\/www.mojabochnia.pl\/wp-content\/uploads\/2018\/07\/37349392_1905086932887913_4726940984779210752_n.jpg\",\"contentUrl\":\"https:\/\/www.mojabochnia.pl\/wp-content\/uploads\/2018\/07\/37349392_1905086932887913_4726940984779210752_n.jpg\",\"width\":720,\"height\":540},{\"@type\":\"BreadcrumbList\",\"@id\":\"https:\/\/www.mojabochnia.pl\/?p=187428#breadcrumb\",\"itemListElement\":[{\"@type\":\"ListItem\",\"position\":1,\"name\":\"Home\",\"item\":\"https:\/\/www.mojabochnia.pl\/\"},{\"@type\":\"ListItem\",\"position\":2,\"name\":\"30 akcji ratowniczych stra\u017cy &#8211;\u00a0g\u0142\u00f3wnie na terenie po\u0142udnia powiatu\"}]},{\"@type\":\"WebSite\",\"@id\":\"https:\/\/www.mojabochnia.pl\/#website\",\"url\":\"https:\/\/www.mojabochnia.pl\/\",\"name\":\"mojabochnia.pl - portal informacyjny\",\"description\":\"mojaBochnia to portal informacyjny o Bochni. Codziennie o Bochni piszemy i pokazujemy najwa\u017cniejsze wydarzenia\",\"publisher\":{\"@id\":\"https:\/\/www.mojabochnia.pl\/#organization\"},\"potentialAction\":[{\"@type\":\"SearchAction\",\"target\":{\"@type\":\"EntryPoint\",\"urlTemplate\":\"https:\/\/www.mojabochnia.pl\/?s={search_term_string}\"},\"query-input\":{\"@type\":\"PropertyValueSpecification\",\"valueRequired\":true,\"valueName\":\"search_term_string\"}}],\"inLanguage\":\"pl-PL\"},{\"@type\":\"Organization\",\"@id\":\"https:\/\/www.mojabochnia.pl\/#organization\",\"name\":\"mojabochnia.pl - portal informacyjny\",\"url\":\"https:\/\/www.mojabochnia.pl\/\",\"logo\":{\"@type\":\"ImageObject\",\"inLanguage\":\"pl-PL\",\"@id\":\"https:\/\/www.mojabochnia.pl\/#\/schema\/logo\/image\/\",\"url\":\"https:\/\/www.mojabochnia.pl\/wp-content\/uploads\/2017\/08\/logo-mb-opt.png\",\"contentUrl\":\"https:\/\/www.mojabochnia.pl\/wp-content\/uploads\/2017\/08\/logo-mb-opt.png\",\"width\":250,\"height\":48,\"caption\":\"mojabochnia.pl - portal informacyjny\"},\"image\":{\"@id\":\"https:\/\/www.mojabochnia.pl\/#\/schema\/logo\/image\/\"},\"sameAs\":[\"https:\/\/www.facebook.com\/mojabochnia\"]},{\"@type\":\"Person\",\"@id\":\"https:\/\/www.mojabochnia.pl\/#\/schema\/person\/43d3c2066b5450cc314bfa4e9e0e0099\",\"name\":\"Mateusz Franczyk\",\"url\":\"https:\/\/www.mojabochnia.pl\/?author=1168\"}]}<\/script>\n<!-- \/ Yoast SEO plugin. -->","yoast_head_json":{"title":"30 akcji ratowniczych stra\u017cy -\u00a0g\u0142\u00f3wnie na terenie po\u0142udnia powiatu - mojabochnia.pl - portal informacyjny","robots":{"index":"index","follow":"follow","max-snippet":"max-snippet:-1","max-image-preview":"max-image-preview:large","max-video-preview":"max-video-preview:-1"},"canonical":"https:\/\/www.mojabochnia.pl\/?p=187428","og_locale":"pl_PL","og_type":"article","og_title":"30 akcji ratowniczych stra\u017cy -\u00a0g\u0142\u00f3wnie na terenie po\u0142udnia powiatu - mojabochnia.pl - portal informacyjny","og_description":"W dniu wczorajszym (18\/07\/2018) boche\u0144ska stra\u017c, wskutek\u00a0intensywnych opad\u00f3w deszczu, podejmowa\u0142a 30 akcji ratowniczych &#8211;\u00a0 g\u0142\u00f3wnie na terenie po\u0142udnia powiatu.\u00a0Zaanga\u017cowanych w dzia\u0142ania by\u0142o kilkana\u015bcie zast\u0119p\u00f3w PSP i OSP. G\u0142\u00f3wne dzia\u0142ania podejmowano \u00a0na terenie Gmin: Trzciana (9 interwencji), \u0141apan\u00f3w (6 interwencji), \u017begocina (4 interwencje), Nowy Wi\u015bnicz\u00a0\u00a0 (5 interwencji), Miasto Bochnia ( 3 interwencje). G\u0142\u00f3wne dzia\u0142ania polega\u0142y na","og_url":"https:\/\/www.mojabochnia.pl\/?p=187428","og_site_name":"mojabochnia.pl - portal informacyjny","article_publisher":"https:\/\/www.facebook.com\/mojabochnia","article_published_time":"2018-07-19T19:25:27+00:00","og_image":[{"width":720,"height":540,"url":"https:\/\/www.mojabochnia.pl\/wp-content\/uploads\/2018\/07\/37349392_1905086932887913_4726940984779210752_n.jpg","type":"image\/jpeg"}],"author":"Mateusz Franczyk","twitter_card":"summary_large_image","twitter_misc":{"Written by":"Mateusz Franczyk","Est. reading time":"1 minuta"},"schema":{"@context":"https:\/\/schema.org","@graph":[{"@type":"Article","@id":"https:\/\/www.mojabochnia.pl\/?p=187428#article","isPartOf":{"@id":"https:\/\/www.mojabochnia.pl\/?p=187428"},"author":{"name":"Mateusz Franczyk","@id":"https:\/\/www.mojabochnia.pl\/#\/schema\/person\/43d3c2066b5450cc314bfa4e9e0e0099"},"headline":"30 akcji ratowniczych stra\u017cy &#8211;\u00a0g\u0142\u00f3wnie na terenie po\u0142udnia powiatu","datePublished":"2018-07-19T19:25:27+00:00","mainEntityOfPage":{"@id":"https:\/\/www.mojabochnia.pl\/?p=187428"},"wordCount":177,"commentCount":0,"publisher":{"@id":"https:\/\/www.mojabochnia.pl\/#organization"},"image":{"@id":"https:\/\/www.mojabochnia.pl\/?p=187428#primaryimage"},"thumbnailUrl":"https:\/\/www.mojabochnia.pl\/wp-content\/uploads\/2018\/07\/37349392_1905086932887913_4726940984779210752_n.jpg","keywords":["osp","PSP Bochnia","top temat"],"articleSection":["2_ostatnie","polityka i wydarzenia","tematyka"],"inLanguage":"pl-PL","potentialAction":[{"@type":"CommentAction","name":"Comment","target":["https:\/\/www.mojabochnia.pl\/?p=187428#respond"]}]},{"@type":"WebPage","@id":"https:\/\/www.mojabochnia.pl\/?p=187428","url":"https:\/\/www.mojabochnia.pl\/?p=187428","name":"30 akcji ratowniczych stra\u017cy -\u00a0g\u0142\u00f3wnie na terenie po\u0142udnia powiatu - mojabochnia.pl - portal informacyjny","isPartOf":{"@id":"https:\/\/www.mojabochnia.pl\/#website"},"primaryImageOfPage":{"@id":"https:\/\/www.mojabochnia.pl\/?p=187428#primaryimage"},"image":{"@id":"https:\/\/www.mojabochnia.pl\/?p=187428#primaryimage"},"thumbnailUrl":"https:\/\/www.mojabochnia.pl\/wp-content\/uploads\/2018\/07\/37349392_1905086932887913_4726940984779210752_n.jpg","datePublished":"2018-07-19T19:25:27+00:00","breadcrumb":{"@id":"https:\/\/www.mojabochnia.pl\/?p=187428#breadcrumb"},"inLanguage":"pl-PL","potentialAction":[{"@type":"ReadAction","target":["https:\/\/www.mojabochnia.pl\/?p=187428"]}]},{"@type":"ImageObject","inLanguage":"pl-PL","@id":"https:\/\/www.mojabochnia.pl\/?p=187428#primaryimage","url":"https:\/\/www.mojabochnia.pl\/wp-content\/uploads\/2018\/07\/37349392_1905086932887913_4726940984779210752_n.jpg","contentUrl":"https:\/\/www.mojabochnia.pl\/wp-content\/uploads\/2018\/07\/37349392_1905086932887913_4726940984779210752_n.jpg","width":720,"height":540},{"@type":"BreadcrumbList","@id":"https:\/\/www.mojabochnia.pl\/?p=187428#breadcrumb","itemListElement":[{"@type":"ListItem","position":1,"name":"Home","item":"https:\/\/www.mojabochnia.pl\/"},{"@type":"ListItem","position":2,"name":"30 akcji ratowniczych stra\u017cy &#8211;\u00a0g\u0142\u00f3wnie na terenie po\u0142udnia powiatu"}]},{"@type":"WebSite","@id":"https:\/\/www.mojabochnia.pl\/#website","url":"https:\/\/www.mojabochnia.pl\/","name":"mojabochnia.pl - portal informacyjny","description":"mojaBochnia to portal informacyjny o Bochni. Codziennie o Bochni piszemy i pokazujemy najwa\u017cniejsze wydarzenia","publisher":{"@id":"https:\/\/www.mojabochnia.pl\/#organization"},"potentialAction":[{"@type":"SearchAction","target":{"@type":"EntryPoint","urlTemplate":"https:\/\/www.mojabochnia.pl\/?s={search_term_string}"},"query-input":{"@type":"PropertyValueSpecification","valueRequired":true,"valueName":"search_term_string"}}],"inLanguage":"pl-PL"},{"@type":"Organization","@id":"https:\/\/www.mojabochnia.pl\/#organization","name":"mojabochnia.pl - portal informacyjny","url":"https:\/\/www.mojabochnia.pl\/","logo":{"@type":"ImageObject","inLanguage":"pl-PL","@id":"https:\/\/www.mojabochnia.pl\/#\/schema\/logo\/image\/","url":"https:\/\/www.mojabochnia.pl\/wp-content\/uploads\/2017\/08\/logo-mb-opt.png","contentUrl":"https:\/\/www.mojabochnia.pl\/wp-content\/uploads\/2017\/08\/logo-mb-opt.png","width":250,"height":48,"caption":"mojabochnia.pl - portal informacyjny"},"image":{"@id":"https:\/\/www.mojabochnia.pl\/#\/schema\/logo\/image\/"},"sameAs":["https:\/\/www.facebook.com\/mojabochnia"]},{"@type":"Person","@id":"https:\/\/www.mojabochnia.pl\/#\/schema\/person\/43d3c2066b5450cc314bfa4e9e0e0099","name":"Mateusz Franczyk","url":"https:\/\/www.mojabochnia.pl\/?author=1168"}]}},"_links":{"self":[{"href":"https:\/\/www.mojabochnia.pl\/index.php?rest_route=\/wp\/v2\/posts\/187428","targetHints":{"allow":["GET"]}}],"collection":[{"href":"https:\/\/www.mojabochnia.pl\/index.php?rest_route=\/wp\/v2\/posts"}],"about":[{"href":"https:\/\/www.mojabochnia.pl\/index.php?rest_route=\/wp\/v2\/types\/post"}],"author":[{"embeddable":true,"href":"https:\/\/www.mojabochnia.pl\/index.php?rest_route=\/wp\/v2\/users\/1168"}],"replies":[{"embeddable":true,"href":"https:\/\/www.mojabochnia.pl\/index.php?rest_route=%2Fwp%2Fv2%2Fcomments&post=187428"}],"version-history":[{"count":3,"href":"https:\/\/www.mojabochnia.pl\/index.php?rest_route=\/wp\/v2\/posts\/187428\/revisions"}],"predecessor-version":[{"id":187432,"href":"https:\/\/www.mojabochnia.pl\/index.php?rest_route=\/wp\/v2\/posts\/187428\/revisions\/187432"}],"wp:featuredmedia":[{"embeddable":true,"href":"https:\/\/www.mojabochnia.pl\/index.php?rest_route=\/wp\/v2\/media\/187387"}],"wp:attachment":[{"href":"https:\/\/www.mojabochnia.pl\/index.php?rest_route=%2Fwp%2Fv2%2Fmedia&parent=187428"}],"wp:term":[{"taxonomy":"category","embeddable":true,"href":"https:\/\/www.mojabochnia.pl\/index.php?rest_route=%2Fwp%2Fv2%2Fcategories&post=187428"},{"taxonomy":"post_tag","embeddable":true,"href":"https:\/\/www.mojabochnia.pl\/index.php?rest_route=%2Fwp%2Fv2%2Ftags&post=187428"}],"curies":[{"name":"wp","href":"https:\/\/api.w.org\/{rel}","templated":true}]}}