{"id":187221,"date":"2018-07-09T10:58:14","date_gmt":"2018-07-09T08:58:14","guid":{"rendered":"https:\/\/www.mojabochnia.pl\/?p=187221"},"modified":"2018-07-09T10:58:14","modified_gmt":"2018-07-09T08:58:14","slug":"cikowice-rownac-szanse-w-ramach-konkursu-100-lecie-niepodleglosci","status":"publish","type":"post","link":"https:\/\/www.mojabochnia.pl\/?p=187221","title":{"rendered":"Cikowice: &#8222;R\u00f3wna\u0107 szanse&#8221; w ramach konkursu &#8222;100 &#8211; lecie niepodleg\u0142o\u015bci&#8221;"},"content":{"rendered":"<p><strong>\u015awietlica w Cikowicach od 1 czerwca do 30.11. br realizuje projekt z Fundacji Dzieci i M\u0142odzie\u017cy &#8222;R\u00f3wna\u0107 szanse&#8221; w ramach konkursu &#8222;100 &#8211; lecie niepodleg\u0142o\u015bci&#8221;.<\/strong><\/p>\n<p>Na kolejnych spotkaniach w miesi\u0105cu czerwcu opr\u00f3cz promocji, wykonywania baner\u00f3w, projektowania plakat\u00f3w informacyjnych z pomoc\u0105 grafika komputerowego r\u00f3wnie\u017c omawiali\u015bmy i planowali\u015bmy czekaj\u0105ce nas wydatki. W pierwszej kolejno\u015bci zakupili\u015bmy niezb\u0119dne artyku\u0142y, kt\u00f3re u\u0142atwiaj\u0105 nam realizacj\u0119 zada\u0144. Wyniki pracy i zebrane informacje wsp\u00f3lnie konsultujemy i razem podejmujemy decyzje.<\/p>\n<p>Poniewa\u017c wa\u017cn\u0105 cz\u0119\u015bci\u0105 realizacji projektu jest zorganizowanie wystawy \u201eDawnych wspomnie\u0144 czar \u201e postanowili\u015bmy od samego pocz\u0105tku gromadzi\u0107 i przynosi\u0107 do \u015bwietlicy przedmioty, fotografie os\u00f3b, miejsc o warto\u015bci historycznej, aby ekspozycja by\u0142a bogata w eksponaty.Ju\u017c na wst\u0119pie pozyskali\u015bmy kilka np aparat fotograficzny, maszyn\u0119 do krojenia , maszyn\u0119 do pisania, m\u0142ynek do kawy, projektor. Jedne wypo\u017cyczone, drugie podarowane w celu odnowienia na warsztatach konserwatorskich.<\/p>\n<p>Fotorelacje z naszych dzia\u0142a\u0144 na bie\u017c\u0105co umieszczamy na portalu facebook Wiejskiego Domu Kultury w Cikowicach, stronie Gminnego Centrum Kultury, Czytelnictwa i Sportu w Bochni oraz wysy\u0142amy do medi\u00f3w. Nad ca\u0142o\u015bci\u0105 realizacji projektu czuwa koordynator, kierownik miejscowej plac\u00f3wki.<\/p>\n<p>___<\/p>\n<p>Organizatorzy<\/p>\n<p>&nbsp;<\/p>\n\t  \r\n\t\r\n\t    <div class=\"mb-gallery\">\r\n\t    <a href=\"https:\/\/www.mojabochnia.pl\/?attachment_id=187223\" class=\"\"><img loading=\"lazy\" decoding=\"async\" width=\"100\" height=\"100\" src=\"https:\/\/www.mojabochnia.pl\/wp-content\/uploads\/2018\/07\/20180608_162451-100x100.jpg\" class=\"attachment-100x100 size-100x100\" alt=\"\" \/><\/a><a href=\"https:\/\/www.mojabochnia.pl\/?attachment_id=187224\" class=\"\"><img loading=\"lazy\" decoding=\"async\" width=\"100\" height=\"100\" src=\"https:\/\/www.mojabochnia.pl\/wp-content\/uploads\/2018\/07\/20180615_164556-100x100.jpg\" class=\"attachment-100x100 size-100x100\" alt=\"\" \/><\/a><a href=\"https:\/\/www.mojabochnia.pl\/?attachment_id=187225\" class=\"\"><img loading=\"lazy\" decoding=\"async\" width=\"100\" height=\"100\" src=\"https:\/\/www.mojabochnia.pl\/wp-content\/uploads\/2018\/07\/20180615_164841-100x100.jpg\" class=\"attachment-100x100 size-100x100\" alt=\"\" \/><\/a><a href=\"https:\/\/www.mojabochnia.pl\/?attachment_id=187226\" class=\"\"><img loading=\"lazy\" decoding=\"async\" width=\"100\" height=\"100\" src=\"https:\/\/www.mojabochnia.pl\/wp-content\/uploads\/2018\/07\/20180615_183425-100x100.jpg\" class=\"attachment-100x100 size-100x100\" alt=\"\" \/><\/a><a href=\"https:\/\/www.mojabochnia.pl\/?attachment_id=187227\" class=\"\"><img loading=\"lazy\" decoding=\"async\" width=\"100\" height=\"100\" src=\"https:\/\/www.mojabochnia.pl\/wp-content\/uploads\/2018\/07\/20180622_162157-100x100.jpg\" class=\"attachment-100x100 size-100x100\" alt=\"\" \/><\/a><a href=\"https:\/\/www.mojabochnia.pl\/?attachment_id=187228\" class=\"\"><img loading=\"lazy\" decoding=\"async\" width=\"100\" height=\"100\" src=\"https:\/\/www.mojabochnia.pl\/wp-content\/uploads\/2018\/07\/20180622_164119-100x100.jpg\" class=\"attachment-100x100 size-100x100\" alt=\"\" \/><\/a><a href=\"https:\/\/www.mojabochnia.pl\/?attachment_id=187229\" class=\"\"><img loading=\"lazy\" decoding=\"async\" width=\"100\" height=\"100\" src=\"https:\/\/www.mojabochnia.pl\/wp-content\/uploads\/2018\/07\/20180622_173403-100x100.jpg\" class=\"attachment-100x100 size-100x100\" alt=\"\" \/><\/a><a href=\"https:\/\/www.mojabochnia.pl\/?attachment_id=187230\" class=\"\"><img loading=\"lazy\" decoding=\"async\" width=\"100\" height=\"100\" src=\"https:\/\/www.mojabochnia.pl\/wp-content\/uploads\/2018\/07\/20180622_180624-100x100.jpg\" class=\"attachment-100x100 size-100x100\" alt=\"\" \/><\/a><a href=\"https:\/\/www.mojabochnia.pl\/?attachment_id=187231\" class=\"\"><img loading=\"lazy\" decoding=\"async\" width=\"100\" height=\"100\" src=\"https:\/\/www.mojabochnia.pl\/wp-content\/uploads\/2018\/07\/20180622_212326-100x100.jpg\" class=\"attachment-100x100 size-100x100\" alt=\"\" \/><\/a><a href=\"https:\/\/www.mojabochnia.pl\/?attachment_id=187232\" class=\"\"><img loading=\"lazy\" decoding=\"async\" width=\"100\" height=\"100\" src=\"https:\/\/www.mojabochnia.pl\/wp-content\/uploads\/2018\/07\/20180626_153518-100x100.jpg\" class=\"attachment-100x100 size-100x100\" alt=\"\" \/><\/a><a href=\"https:\/\/www.mojabochnia.pl\/?attachment_id=187233\" class=\"\"><img loading=\"lazy\" decoding=\"async\" width=\"100\" height=\"100\" src=\"https:\/\/www.mojabochnia.pl\/wp-content\/uploads\/2018\/07\/20180626_153636-100x100.jpg\" class=\"attachment-100x100 size-100x100\" alt=\"\" \/><\/a><a href=\"https:\/\/www.mojabochnia.pl\/?attachment_id=187234\" class=\"\"><img loading=\"lazy\" decoding=\"async\" width=\"100\" height=\"100\" src=\"https:\/\/www.mojabochnia.pl\/wp-content\/uploads\/2018\/07\/part-100x100.jpeg\" class=\"attachment-100x100 size-100x100\" alt=\"\" \/><\/a>\t    <\/div>\r\n\t    ","protected":false},"excerpt":{"rendered":"<p>\u015awietlica w Cikowicach od 1 czerwca do 30.11. br realizuje projekt z Fundacji Dzieci i M\u0142odzie\u017cy &#8222;R\u00f3wna\u0107 szanse&#8221; w ramach konkursu &#8222;100 &#8211; lecie niepodleg\u0142o\u015bci&#8221;. Na kolejnych spotkaniach w miesi\u0105cu czerwcu opr\u00f3cz promocji, wykonywania baner\u00f3w, projektowania plakat\u00f3w informacyjnych z pomoc\u0105 grafika komputerowego r\u00f3wnie\u017c omawiali\u015bmy i planowali\u015bmy czekaj\u0105ce nas wydatki. W pierwszej kolejno\u015bci zakupili\u015bmy niezb\u0119dne artyku\u0142y,<\/p>\n","protected":false},"author":8,"featured_media":187233,"comment_status":"open","ping_status":"closed","sticky":false,"template":"","format":"standard","meta":{"_acf_changed":false,"footnotes":""},"categories":[5,92,6250],"tags":[20701,20700],"class_list":["post-187221","post","type-post","status-publish","format-standard","has-post-thumbnail","hentry","category-biezace-wydarzenia","category-kultura","category-tematyka","tag-100-lat-niepodleglosci","tag-swietlica-cikowice","main_tag-cikowice"],"acf":[],"yoast_head":"<!-- This site is optimized with the Yoast SEO plugin v26.9 - https:\/\/yoast.com\/product\/yoast-seo-wordpress\/ -->\n<title>Cikowice: &quot;R\u00f3wna\u0107 szanse&quot; w ramach konkursu &quot;100 - lecie niepodleg\u0142o\u015bci&quot; - mojabochnia.pl - portal informacyjny<\/title>\n<meta name=\"robots\" content=\"index, follow, max-snippet:-1, max-image-preview:large, max-video-preview:-1\" \/>\n<link rel=\"canonical\" href=\"https:\/\/www.mojabochnia.pl\/?p=187221\" \/>\n<meta property=\"og:locale\" content=\"pl_PL\" \/>\n<meta property=\"og:type\" content=\"article\" \/>\n<meta property=\"og:title\" content=\"Cikowice: &quot;R\u00f3wna\u0107 szanse&quot; w ramach konkursu &quot;100 - lecie niepodleg\u0142o\u015bci&quot; - mojabochnia.pl - portal informacyjny\" \/>\n<meta property=\"og:description\" content=\"\u015awietlica w Cikowicach od 1 czerwca do 30.11. br realizuje projekt z Fundacji Dzieci i M\u0142odzie\u017cy &#8222;R\u00f3wna\u0107 szanse&#8221; w ramach konkursu &#8222;100 &#8211; lecie niepodleg\u0142o\u015bci&#8221;. Na kolejnych spotkaniach w miesi\u0105cu czerwcu opr\u00f3cz promocji, wykonywania baner\u00f3w, projektowania plakat\u00f3w informacyjnych z pomoc\u0105 grafika komputerowego r\u00f3wnie\u017c omawiali\u015bmy i planowali\u015bmy czekaj\u0105ce nas wydatki. W pierwszej kolejno\u015bci zakupili\u015bmy niezb\u0119dne artyku\u0142y,\" \/>\n<meta property=\"og:url\" content=\"https:\/\/www.mojabochnia.pl\/?p=187221\" \/>\n<meta property=\"og:site_name\" content=\"mojabochnia.pl - portal informacyjny\" \/>\n<meta property=\"article:publisher\" content=\"https:\/\/www.facebook.com\/mojabochnia\" \/>\n<meta property=\"article:published_time\" content=\"2018-07-09T08:58:14+00:00\" \/>\n<meta property=\"og:image\" content=\"https:\/\/www.mojabochnia.pl\/wp-content\/uploads\/2018\/07\/20180626_153636.jpg\" \/>\n\t<meta property=\"og:image:width\" content=\"4128\" \/>\n\t<meta property=\"og:image:height\" content=\"2322\" \/>\n\t<meta property=\"og:image:type\" content=\"image\/jpeg\" \/>\n<meta name=\"author\" content=\"informacja prasowa\" \/>\n<meta name=\"twitter:card\" content=\"summary_large_image\" \/>\n<meta name=\"twitter:label1\" content=\"Written by\" \/>\n\t<meta name=\"twitter:data1\" content=\"informacja prasowa\" \/>\n\t<meta name=\"twitter:label2\" content=\"Est. reading time\" \/>\n\t<meta name=\"twitter:data2\" content=\"1 minuta\" \/>\n<script type=\"application\/ld+json\" class=\"yoast-schema-graph\">{\"@context\":\"https:\/\/schema.org\",\"@graph\":[{\"@type\":\"Article\",\"@id\":\"https:\/\/www.mojabochnia.pl\/?p=187221#article\",\"isPartOf\":{\"@id\":\"https:\/\/www.mojabochnia.pl\/?p=187221\"},\"author\":{\"name\":\"informacja prasowa\",\"@id\":\"https:\/\/www.mojabochnia.pl\/#\/schema\/person\/9e15cf1bcb74043790f124a3130fe41e\"},\"headline\":\"Cikowice: &#8222;R\u00f3wna\u0107 szanse&#8221; w ramach konkursu &#8222;100 &#8211; lecie niepodleg\u0142o\u015bci&#8221;\",\"datePublished\":\"2018-07-09T08:58:14+00:00\",\"mainEntityOfPage\":{\"@id\":\"https:\/\/www.mojabochnia.pl\/?p=187221\"},\"wordCount\":218,\"commentCount\":0,\"publisher\":{\"@id\":\"https:\/\/www.mojabochnia.pl\/#organization\"},\"image\":{\"@id\":\"https:\/\/www.mojabochnia.pl\/?p=187221#primaryimage\"},\"thumbnailUrl\":\"https:\/\/www.mojabochnia.pl\/wp-content\/uploads\/2018\/07\/20180626_153636.jpg\",\"keywords\":[\"100 lat niepodleg\u0142o\u015bci\",\"\u015bwietlica cikowice\"],\"articleSection\":[\"2_ostatnie\",\"kultura\",\"tematyka\"],\"inLanguage\":\"pl-PL\",\"potentialAction\":[{\"@type\":\"CommentAction\",\"name\":\"Comment\",\"target\":[\"https:\/\/www.mojabochnia.pl\/?p=187221#respond\"]}]},{\"@type\":\"WebPage\",\"@id\":\"https:\/\/www.mojabochnia.pl\/?p=187221\",\"url\":\"https:\/\/www.mojabochnia.pl\/?p=187221\",\"name\":\"Cikowice: \\\"R\u00f3wna\u0107 szanse\\\" w ramach konkursu \\\"100 - lecie niepodleg\u0142o\u015bci\\\" - mojabochnia.pl - portal informacyjny\",\"isPartOf\":{\"@id\":\"https:\/\/www.mojabochnia.pl\/#website\"},\"primaryImageOfPage\":{\"@id\":\"https:\/\/www.mojabochnia.pl\/?p=187221#primaryimage\"},\"image\":{\"@id\":\"https:\/\/www.mojabochnia.pl\/?p=187221#primaryimage\"},\"thumbnailUrl\":\"https:\/\/www.mojabochnia.pl\/wp-content\/uploads\/2018\/07\/20180626_153636.jpg\",\"datePublished\":\"2018-07-09T08:58:14+00:00\",\"breadcrumb\":{\"@id\":\"https:\/\/www.mojabochnia.pl\/?p=187221#breadcrumb\"},\"inLanguage\":\"pl-PL\",\"potentialAction\":[{\"@type\":\"ReadAction\",\"target\":[\"https:\/\/www.mojabochnia.pl\/?p=187221\"]}]},{\"@type\":\"ImageObject\",\"inLanguage\":\"pl-PL\",\"@id\":\"https:\/\/www.mojabochnia.pl\/?p=187221#primaryimage\",\"url\":\"https:\/\/www.mojabochnia.pl\/wp-content\/uploads\/2018\/07\/20180626_153636.jpg\",\"contentUrl\":\"https:\/\/www.mojabochnia.pl\/wp-content\/uploads\/2018\/07\/20180626_153636.jpg\",\"width\":4128,\"height\":2322},{\"@type\":\"BreadcrumbList\",\"@id\":\"https:\/\/www.mojabochnia.pl\/?p=187221#breadcrumb\",\"itemListElement\":[{\"@type\":\"ListItem\",\"position\":1,\"name\":\"Home\",\"item\":\"https:\/\/www.mojabochnia.pl\/\"},{\"@type\":\"ListItem\",\"position\":2,\"name\":\"Cikowice: &#8222;R\u00f3wna\u0107 szanse&#8221; w ramach konkursu &#8222;100 &#8211; lecie niepodleg\u0142o\u015bci&#8221;\"}]},{\"@type\":\"WebSite\",\"@id\":\"https:\/\/www.mojabochnia.pl\/#website\",\"url\":\"https:\/\/www.mojabochnia.pl\/\",\"name\":\"mojabochnia.pl - portal informacyjny\",\"description\":\"mojaBochnia to portal informacyjny o Bochni. Codziennie o Bochni piszemy i pokazujemy najwa\u017cniejsze wydarzenia\",\"publisher\":{\"@id\":\"https:\/\/www.mojabochnia.pl\/#organization\"},\"potentialAction\":[{\"@type\":\"SearchAction\",\"target\":{\"@type\":\"EntryPoint\",\"urlTemplate\":\"https:\/\/www.mojabochnia.pl\/?s={search_term_string}\"},\"query-input\":{\"@type\":\"PropertyValueSpecification\",\"valueRequired\":true,\"valueName\":\"search_term_string\"}}],\"inLanguage\":\"pl-PL\"},{\"@type\":\"Organization\",\"@id\":\"https:\/\/www.mojabochnia.pl\/#organization\",\"name\":\"mojabochnia.pl - portal informacyjny\",\"url\":\"https:\/\/www.mojabochnia.pl\/\",\"logo\":{\"@type\":\"ImageObject\",\"inLanguage\":\"pl-PL\",\"@id\":\"https:\/\/www.mojabochnia.pl\/#\/schema\/logo\/image\/\",\"url\":\"https:\/\/www.mojabochnia.pl\/wp-content\/uploads\/2017\/08\/logo-mb-opt.png\",\"contentUrl\":\"https:\/\/www.mojabochnia.pl\/wp-content\/uploads\/2017\/08\/logo-mb-opt.png\",\"width\":250,\"height\":48,\"caption\":\"mojabochnia.pl - portal informacyjny\"},\"image\":{\"@id\":\"https:\/\/www.mojabochnia.pl\/#\/schema\/logo\/image\/\"},\"sameAs\":[\"https:\/\/www.facebook.com\/mojabochnia\"]},{\"@type\":\"Person\",\"@id\":\"https:\/\/www.mojabochnia.pl\/#\/schema\/person\/9e15cf1bcb74043790f124a3130fe41e\",\"name\":\"informacja prasowa\",\"sameAs\":[\"http:\/\/\"],\"url\":\"https:\/\/www.mojabochnia.pl\/?author=8\"}]}<\/script>\n<!-- \/ Yoast SEO plugin. -->","yoast_head_json":{"title":"Cikowice: \"R\u00f3wna\u0107 szanse\" w ramach konkursu \"100 - lecie niepodleg\u0142o\u015bci\" - mojabochnia.pl - portal informacyjny","robots":{"index":"index","follow":"follow","max-snippet":"max-snippet:-1","max-image-preview":"max-image-preview:large","max-video-preview":"max-video-preview:-1"},"canonical":"https:\/\/www.mojabochnia.pl\/?p=187221","og_locale":"pl_PL","og_type":"article","og_title":"Cikowice: \"R\u00f3wna\u0107 szanse\" w ramach konkursu \"100 - lecie niepodleg\u0142o\u015bci\" - mojabochnia.pl - portal informacyjny","og_description":"\u015awietlica w Cikowicach od 1 czerwca do 30.11. br realizuje projekt z Fundacji Dzieci i M\u0142odzie\u017cy &#8222;R\u00f3wna\u0107 szanse&#8221; w ramach konkursu &#8222;100 &#8211; lecie niepodleg\u0142o\u015bci&#8221;. Na kolejnych spotkaniach w miesi\u0105cu czerwcu opr\u00f3cz promocji, wykonywania baner\u00f3w, projektowania plakat\u00f3w informacyjnych z pomoc\u0105 grafika komputerowego r\u00f3wnie\u017c omawiali\u015bmy i planowali\u015bmy czekaj\u0105ce nas wydatki. W pierwszej kolejno\u015bci zakupili\u015bmy niezb\u0119dne artyku\u0142y,","og_url":"https:\/\/www.mojabochnia.pl\/?p=187221","og_site_name":"mojabochnia.pl - portal informacyjny","article_publisher":"https:\/\/www.facebook.com\/mojabochnia","article_published_time":"2018-07-09T08:58:14+00:00","og_image":[{"width":4128,"height":2322,"url":"https:\/\/www.mojabochnia.pl\/wp-content\/uploads\/2018\/07\/20180626_153636.jpg","type":"image\/jpeg"}],"author":"informacja prasowa","twitter_card":"summary_large_image","twitter_misc":{"Written by":"informacja prasowa","Est. reading time":"1 minuta"},"schema":{"@context":"https:\/\/schema.org","@graph":[{"@type":"Article","@id":"https:\/\/www.mojabochnia.pl\/?p=187221#article","isPartOf":{"@id":"https:\/\/www.mojabochnia.pl\/?p=187221"},"author":{"name":"informacja prasowa","@id":"https:\/\/www.mojabochnia.pl\/#\/schema\/person\/9e15cf1bcb74043790f124a3130fe41e"},"headline":"Cikowice: &#8222;R\u00f3wna\u0107 szanse&#8221; w ramach konkursu &#8222;100 &#8211; lecie niepodleg\u0142o\u015bci&#8221;","datePublished":"2018-07-09T08:58:14+00:00","mainEntityOfPage":{"@id":"https:\/\/www.mojabochnia.pl\/?p=187221"},"wordCount":218,"commentCount":0,"publisher":{"@id":"https:\/\/www.mojabochnia.pl\/#organization"},"image":{"@id":"https:\/\/www.mojabochnia.pl\/?p=187221#primaryimage"},"thumbnailUrl":"https:\/\/www.mojabochnia.pl\/wp-content\/uploads\/2018\/07\/20180626_153636.jpg","keywords":["100 lat niepodleg\u0142o\u015bci","\u015bwietlica cikowice"],"articleSection":["2_ostatnie","kultura","tematyka"],"inLanguage":"pl-PL","potentialAction":[{"@type":"CommentAction","name":"Comment","target":["https:\/\/www.mojabochnia.pl\/?p=187221#respond"]}]},{"@type":"WebPage","@id":"https:\/\/www.mojabochnia.pl\/?p=187221","url":"https:\/\/www.mojabochnia.pl\/?p=187221","name":"Cikowice: \"R\u00f3wna\u0107 szanse\" w ramach konkursu \"100 - lecie niepodleg\u0142o\u015bci\" - mojabochnia.pl - portal informacyjny","isPartOf":{"@id":"https:\/\/www.mojabochnia.pl\/#website"},"primaryImageOfPage":{"@id":"https:\/\/www.mojabochnia.pl\/?p=187221#primaryimage"},"image":{"@id":"https:\/\/www.mojabochnia.pl\/?p=187221#primaryimage"},"thumbnailUrl":"https:\/\/www.mojabochnia.pl\/wp-content\/uploads\/2018\/07\/20180626_153636.jpg","datePublished":"2018-07-09T08:58:14+00:00","breadcrumb":{"@id":"https:\/\/www.mojabochnia.pl\/?p=187221#breadcrumb"},"inLanguage":"pl-PL","potentialAction":[{"@type":"ReadAction","target":["https:\/\/www.mojabochnia.pl\/?p=187221"]}]},{"@type":"ImageObject","inLanguage":"pl-PL","@id":"https:\/\/www.mojabochnia.pl\/?p=187221#primaryimage","url":"https:\/\/www.mojabochnia.pl\/wp-content\/uploads\/2018\/07\/20180626_153636.jpg","contentUrl":"https:\/\/www.mojabochnia.pl\/wp-content\/uploads\/2018\/07\/20180626_153636.jpg","width":4128,"height":2322},{"@type":"BreadcrumbList","@id":"https:\/\/www.mojabochnia.pl\/?p=187221#breadcrumb","itemListElement":[{"@type":"ListItem","position":1,"name":"Home","item":"https:\/\/www.mojabochnia.pl\/"},{"@type":"ListItem","position":2,"name":"Cikowice: &#8222;R\u00f3wna\u0107 szanse&#8221; w ramach konkursu &#8222;100 &#8211; lecie niepodleg\u0142o\u015bci&#8221;"}]},{"@type":"WebSite","@id":"https:\/\/www.mojabochnia.pl\/#website","url":"https:\/\/www.mojabochnia.pl\/","name":"mojabochnia.pl - portal informacyjny","description":"mojaBochnia to portal informacyjny o Bochni. Codziennie o Bochni piszemy i pokazujemy najwa\u017cniejsze wydarzenia","publisher":{"@id":"https:\/\/www.mojabochnia.pl\/#organization"},"potentialAction":[{"@type":"SearchAction","target":{"@type":"EntryPoint","urlTemplate":"https:\/\/www.mojabochnia.pl\/?s={search_term_string}"},"query-input":{"@type":"PropertyValueSpecification","valueRequired":true,"valueName":"search_term_string"}}],"inLanguage":"pl-PL"},{"@type":"Organization","@id":"https:\/\/www.mojabochnia.pl\/#organization","name":"mojabochnia.pl - portal informacyjny","url":"https:\/\/www.mojabochnia.pl\/","logo":{"@type":"ImageObject","inLanguage":"pl-PL","@id":"https:\/\/www.mojabochnia.pl\/#\/schema\/logo\/image\/","url":"https:\/\/www.mojabochnia.pl\/wp-content\/uploads\/2017\/08\/logo-mb-opt.png","contentUrl":"https:\/\/www.mojabochnia.pl\/wp-content\/uploads\/2017\/08\/logo-mb-opt.png","width":250,"height":48,"caption":"mojabochnia.pl - portal informacyjny"},"image":{"@id":"https:\/\/www.mojabochnia.pl\/#\/schema\/logo\/image\/"},"sameAs":["https:\/\/www.facebook.com\/mojabochnia"]},{"@type":"Person","@id":"https:\/\/www.mojabochnia.pl\/#\/schema\/person\/9e15cf1bcb74043790f124a3130fe41e","name":"informacja prasowa","sameAs":["http:\/\/"],"url":"https:\/\/www.mojabochnia.pl\/?author=8"}]}},"_links":{"self":[{"href":"https:\/\/www.mojabochnia.pl\/index.php?rest_route=\/wp\/v2\/posts\/187221","targetHints":{"allow":["GET"]}}],"collection":[{"href":"https:\/\/www.mojabochnia.pl\/index.php?rest_route=\/wp\/v2\/posts"}],"about":[{"href":"https:\/\/www.mojabochnia.pl\/index.php?rest_route=\/wp\/v2\/types\/post"}],"author":[{"embeddable":true,"href":"https:\/\/www.mojabochnia.pl\/index.php?rest_route=\/wp\/v2\/users\/8"}],"replies":[{"embeddable":true,"href":"https:\/\/www.mojabochnia.pl\/index.php?rest_route=%2Fwp%2Fv2%2Fcomments&post=187221"}],"version-history":[{"count":1,"href":"https:\/\/www.mojabochnia.pl\/index.php?rest_route=\/wp\/v2\/posts\/187221\/revisions"}],"predecessor-version":[{"id":187235,"href":"https:\/\/www.mojabochnia.pl\/index.php?rest_route=\/wp\/v2\/posts\/187221\/revisions\/187235"}],"wp:featuredmedia":[{"embeddable":true,"href":"https:\/\/www.mojabochnia.pl\/index.php?rest_route=\/wp\/v2\/media\/187233"}],"wp:attachment":[{"href":"https:\/\/www.mojabochnia.pl\/index.php?rest_route=%2Fwp%2Fv2%2Fmedia&parent=187221"}],"wp:term":[{"taxonomy":"category","embeddable":true,"href":"https:\/\/www.mojabochnia.pl\/index.php?rest_route=%2Fwp%2Fv2%2Fcategories&post=187221"},{"taxonomy":"post_tag","embeddable":true,"href":"https:\/\/www.mojabochnia.pl\/index.php?rest_route=%2Fwp%2Fv2%2Ftags&post=187221"}],"curies":[{"name":"wp","href":"https:\/\/api.w.org\/{rel}","templated":true}]}}