{"id":187124,"date":"2018-07-09T09:59:31","date_gmt":"2018-07-09T07:59:31","guid":{"rendered":"https:\/\/www.mojabochnia.pl\/?p=187124"},"modified":"2018-07-09T08:12:43","modified_gmt":"2018-07-09T06:12:43","slug":"szpital-przejscie-do-sor-podziemnym-korytarzem","status":"publish","type":"post","link":"https:\/\/www.mojabochnia.pl\/?p=187124","title":{"rendered":"Szpital: Przej\u015bcie do SOR podziemnym korytarzem"},"content":{"rendered":"<p><strong>W decyduj\u0105ca faz\u0119 wkroczy\u0142 remont intensywnej terapii w boche\u0144skim szpitalu. Nadbudowanie dodatkowego pi\u0119tra tego oddzia\u0142u wymusi\u0142o konieczno\u015b\u0107 zamkni\u0119cia korytarza prowadz\u0105cego do SOR od strony ulicy Krakowskiej. W tej chwili, aby dosta\u0107 si\u0119 do oddzia\u0142u ratunkowego, ale tak\u017ce na inne oddzia\u0142y trzeba przej\u015b\u0107 podziemnym korytarzem.<\/strong><\/p>\n<p><em>Zamkni\u0119cie przej\u015bcia by\u0142o konieczne, ze wzgl\u0119du na charakter prowadzonych prac. Wszystko wskazuje na to, \u017ce przej\u015bcie zostanie ponownie przywr\u00f3cone w pa\u017adzierniku<\/em> \u2013 m\u00f3wi Jaros\u0142aw Kycia, dyrektor Szpitala Powiatowego w Bochni. Przej\u015bcie podziemnym korytarzem jest dobrze oznaczone, tak aby pacjenci nie b\u0142\u0105dzili.<\/p>\n<p>Wy\u0142\u0105czenie z ruchu tego ma\u0142ego fragmentu szpitala wi\u0105za\u0142o si\u0119 z konieczno\u015bci\u0105 tymczasowego przeniesienia kaplicy szpitalnej. W tej chwili znajduje si\u0119 ona w jednym z pomieszcze\u0144 Oddzia\u0142u Opieku\u0144czo-Leczniczego zlokalizowanego tak\u017ce na parterze plac\u00f3wki.<\/p>\n<p>Warto doda\u0107, \u017ce na SOR, a tak\u017ce na oddzia\u0142y szpitalne bez problemu mo\u017cna wej\u015b\u0107 od strony ulicy \u015awi\u0119tokrzyskiej.<\/p>\n<p>Dyrekcja szpitala przeprasza za niedogodno\u015bci zwi\u0105zane z remontem. I zapewnia, \u017ce po zako\u0144czeniu inwestycji oddzia\u0142 intensywnej terapii b\u0119dzie jednym z najnowocze\u015bniejszych w regionie.<\/p>\n<blockquote><p>Od pocz\u0105tku kadencji inwestujemy w ochron\u0119 zdrowia. To kolejny niezwykle wa\u017cny projekt, kt\u00f3ry b\u0119dzie s\u0142u\u017cy\u0142 wszystkim mieszka\u0144com naszego powiatu, bo szpital\u00a0 musi by\u0107 miejscem przyjaznym\u00a0pacjentom, a to w\u0142a\u015bnie na szpitalny oddzia\u0142 ratunkowy bardzo cz\u0119sto jest pierwszym miejscem kontaktu pacjenta ze szpitalem zw\u0142aszcza tych w stanie bezpo\u015bredniego zagro\u017cenia zdrowia, a nawet \u017cycia<\/p><\/blockquote>\n<p>\u2013 zaznacza Ludwik W\u0119grzyn, starosta boche\u0144ski.<\/p>\n","protected":false},"excerpt":{"rendered":"<p>W decyduj\u0105ca faz\u0119 wkroczy\u0142 remont intensywnej terapii w boche\u0144skim szpitalu. Nadbudowanie dodatkowego pi\u0119tra tego oddzia\u0142u wymusi\u0142o konieczno\u015b\u0107 zamkni\u0119cia korytarza prowadz\u0105cego do SOR od strony ulicy Krakowskiej. W tej chwili, aby dosta\u0107 si\u0119 do oddzia\u0142u ratunkowego, ale tak\u017ce na inne oddzia\u0142y trzeba przej\u015b\u0107 podziemnym korytarzem. Zamkni\u0119cie przej\u015bcia by\u0142o konieczne, ze wzgl\u0119du na charakter prowadzonych prac. Wszystko<\/p>\n","protected":false},"author":13,"featured_media":187126,"comment_status":"open","ping_status":"closed","sticky":false,"template":"","format":"standard","meta":{"_acf_changed":false,"footnotes":""},"categories":[5,6251,6250],"tags":[17324,3858,12715],"class_list":["post-187124","post","type-post","status-publish","format-standard","has-post-thumbnail","hentry","category-biezace-wydarzenia","category-polityka-i-wydarzenia","category-tematyka","tag-szpital","tag-szpital-powiatowy-w-bochni","tag-szpitalny-oddzial-ratunkowy","main_tag-sor"],"acf":[],"yoast_head":"<!-- This site is optimized with the Yoast SEO plugin v26.9 - https:\/\/yoast.com\/product\/yoast-seo-wordpress\/ -->\n<title>Szpital: Przej\u015bcie do SOR podziemnym korytarzem - mojabochnia.pl - portal informacyjny<\/title>\n<meta name=\"robots\" content=\"index, follow, max-snippet:-1, max-image-preview:large, max-video-preview:-1\" \/>\n<link rel=\"canonical\" href=\"https:\/\/www.mojabochnia.pl\/?p=187124\" \/>\n<meta property=\"og:locale\" content=\"pl_PL\" \/>\n<meta property=\"og:type\" content=\"article\" \/>\n<meta property=\"og:title\" content=\"Szpital: Przej\u015bcie do SOR podziemnym korytarzem - mojabochnia.pl - portal informacyjny\" \/>\n<meta property=\"og:description\" content=\"W decyduj\u0105ca faz\u0119 wkroczy\u0142 remont intensywnej terapii w boche\u0144skim szpitalu. Nadbudowanie dodatkowego pi\u0119tra tego oddzia\u0142u wymusi\u0142o konieczno\u015b\u0107 zamkni\u0119cia korytarza prowadz\u0105cego do SOR od strony ulicy Krakowskiej. W tej chwili, aby dosta\u0107 si\u0119 do oddzia\u0142u ratunkowego, ale tak\u017ce na inne oddzia\u0142y trzeba przej\u015b\u0107 podziemnym korytarzem. Zamkni\u0119cie przej\u015bcia by\u0142o konieczne, ze wzgl\u0119du na charakter prowadzonych prac. Wszystko\" \/>\n<meta property=\"og:url\" content=\"https:\/\/www.mojabochnia.pl\/?p=187124\" \/>\n<meta property=\"og:site_name\" content=\"mojabochnia.pl - portal informacyjny\" \/>\n<meta property=\"article:publisher\" content=\"https:\/\/www.facebook.com\/mojabochnia\" \/>\n<meta property=\"article:published_time\" content=\"2018-07-09T07:59:31+00:00\" \/>\n<meta property=\"og:image\" content=\"https:\/\/www.mojabochnia.pl\/wp-content\/uploads\/2018\/07\/przejscie-sor.jpg\" \/>\n\t<meta property=\"og:image:width\" content=\"1000\" \/>\n\t<meta property=\"og:image:height\" content=\"608\" \/>\n\t<meta property=\"og:image:type\" content=\"image\/jpeg\" \/>\n<meta name=\"author\" content=\"redakcja\" \/>\n<meta name=\"twitter:card\" content=\"summary_large_image\" \/>\n<meta name=\"twitter:label1\" content=\"Written by\" \/>\n\t<meta name=\"twitter:data1\" content=\"redakcja\" \/>\n\t<meta name=\"twitter:label2\" content=\"Est. reading time\" \/>\n\t<meta name=\"twitter:data2\" content=\"1 minuta\" \/>\n<script type=\"application\/ld+json\" class=\"yoast-schema-graph\">{\"@context\":\"https:\/\/schema.org\",\"@graph\":[{\"@type\":\"Article\",\"@id\":\"https:\/\/www.mojabochnia.pl\/?p=187124#article\",\"isPartOf\":{\"@id\":\"https:\/\/www.mojabochnia.pl\/?p=187124\"},\"author\":{\"name\":\"redakcja\",\"@id\":\"https:\/\/www.mojabochnia.pl\/#\/schema\/person\/7e2f20ead9902216a3384f13606c0ab7\"},\"headline\":\"Szpital: Przej\u015bcie do SOR podziemnym korytarzem\",\"datePublished\":\"2018-07-09T07:59:31+00:00\",\"mainEntityOfPage\":{\"@id\":\"https:\/\/www.mojabochnia.pl\/?p=187124\"},\"wordCount\":275,\"commentCount\":0,\"publisher\":{\"@id\":\"https:\/\/www.mojabochnia.pl\/#organization\"},\"image\":{\"@id\":\"https:\/\/www.mojabochnia.pl\/?p=187124#primaryimage\"},\"thumbnailUrl\":\"https:\/\/www.mojabochnia.pl\/wp-content\/uploads\/2018\/07\/przejscie-sor.jpg\",\"keywords\":[\"szpital\",\"szpital powiatowy w bochni\",\"szpitalny oddzia\u0142 ratunkowy\"],\"articleSection\":[\"2_ostatnie\",\"polityka i wydarzenia\",\"tematyka\"],\"inLanguage\":\"pl-PL\",\"potentialAction\":[{\"@type\":\"CommentAction\",\"name\":\"Comment\",\"target\":[\"https:\/\/www.mojabochnia.pl\/?p=187124#respond\"]}]},{\"@type\":\"WebPage\",\"@id\":\"https:\/\/www.mojabochnia.pl\/?p=187124\",\"url\":\"https:\/\/www.mojabochnia.pl\/?p=187124\",\"name\":\"Szpital: Przej\u015bcie do SOR podziemnym korytarzem - mojabochnia.pl - portal informacyjny\",\"isPartOf\":{\"@id\":\"https:\/\/www.mojabochnia.pl\/#website\"},\"primaryImageOfPage\":{\"@id\":\"https:\/\/www.mojabochnia.pl\/?p=187124#primaryimage\"},\"image\":{\"@id\":\"https:\/\/www.mojabochnia.pl\/?p=187124#primaryimage\"},\"thumbnailUrl\":\"https:\/\/www.mojabochnia.pl\/wp-content\/uploads\/2018\/07\/przejscie-sor.jpg\",\"datePublished\":\"2018-07-09T07:59:31+00:00\",\"breadcrumb\":{\"@id\":\"https:\/\/www.mojabochnia.pl\/?p=187124#breadcrumb\"},\"inLanguage\":\"pl-PL\",\"potentialAction\":[{\"@type\":\"ReadAction\",\"target\":[\"https:\/\/www.mojabochnia.pl\/?p=187124\"]}]},{\"@type\":\"ImageObject\",\"inLanguage\":\"pl-PL\",\"@id\":\"https:\/\/www.mojabochnia.pl\/?p=187124#primaryimage\",\"url\":\"https:\/\/www.mojabochnia.pl\/wp-content\/uploads\/2018\/07\/przejscie-sor.jpg\",\"contentUrl\":\"https:\/\/www.mojabochnia.pl\/wp-content\/uploads\/2018\/07\/przejscie-sor.jpg\",\"width\":1000,\"height\":608},{\"@type\":\"BreadcrumbList\",\"@id\":\"https:\/\/www.mojabochnia.pl\/?p=187124#breadcrumb\",\"itemListElement\":[{\"@type\":\"ListItem\",\"position\":1,\"name\":\"Home\",\"item\":\"https:\/\/www.mojabochnia.pl\/\"},{\"@type\":\"ListItem\",\"position\":2,\"name\":\"Szpital: Przej\u015bcie do SOR podziemnym korytarzem\"}]},{\"@type\":\"WebSite\",\"@id\":\"https:\/\/www.mojabochnia.pl\/#website\",\"url\":\"https:\/\/www.mojabochnia.pl\/\",\"name\":\"mojabochnia.pl - portal informacyjny\",\"description\":\"mojaBochnia to portal informacyjny o Bochni. Codziennie o Bochni piszemy i pokazujemy najwa\u017cniejsze wydarzenia\",\"publisher\":{\"@id\":\"https:\/\/www.mojabochnia.pl\/#organization\"},\"potentialAction\":[{\"@type\":\"SearchAction\",\"target\":{\"@type\":\"EntryPoint\",\"urlTemplate\":\"https:\/\/www.mojabochnia.pl\/?s={search_term_string}\"},\"query-input\":{\"@type\":\"PropertyValueSpecification\",\"valueRequired\":true,\"valueName\":\"search_term_string\"}}],\"inLanguage\":\"pl-PL\"},{\"@type\":\"Organization\",\"@id\":\"https:\/\/www.mojabochnia.pl\/#organization\",\"name\":\"mojabochnia.pl - portal informacyjny\",\"url\":\"https:\/\/www.mojabochnia.pl\/\",\"logo\":{\"@type\":\"ImageObject\",\"inLanguage\":\"pl-PL\",\"@id\":\"https:\/\/www.mojabochnia.pl\/#\/schema\/logo\/image\/\",\"url\":\"https:\/\/www.mojabochnia.pl\/wp-content\/uploads\/2017\/08\/logo-mb-opt.png\",\"contentUrl\":\"https:\/\/www.mojabochnia.pl\/wp-content\/uploads\/2017\/08\/logo-mb-opt.png\",\"width\":250,\"height\":48,\"caption\":\"mojabochnia.pl - portal informacyjny\"},\"image\":{\"@id\":\"https:\/\/www.mojabochnia.pl\/#\/schema\/logo\/image\/\"},\"sameAs\":[\"https:\/\/www.facebook.com\/mojabochnia\"]},{\"@type\":\"Person\",\"@id\":\"https:\/\/www.mojabochnia.pl\/#\/schema\/person\/7e2f20ead9902216a3384f13606c0ab7\",\"name\":\"redakcja\",\"sameAs\":[\"http:\/\/\"],\"url\":\"https:\/\/www.mojabochnia.pl\/?author=13\"}]}<\/script>\n<!-- \/ Yoast SEO plugin. -->","yoast_head_json":{"title":"Szpital: Przej\u015bcie do SOR podziemnym korytarzem - mojabochnia.pl - portal informacyjny","robots":{"index":"index","follow":"follow","max-snippet":"max-snippet:-1","max-image-preview":"max-image-preview:large","max-video-preview":"max-video-preview:-1"},"canonical":"https:\/\/www.mojabochnia.pl\/?p=187124","og_locale":"pl_PL","og_type":"article","og_title":"Szpital: Przej\u015bcie do SOR podziemnym korytarzem - mojabochnia.pl - portal informacyjny","og_description":"W decyduj\u0105ca faz\u0119 wkroczy\u0142 remont intensywnej terapii w boche\u0144skim szpitalu. Nadbudowanie dodatkowego pi\u0119tra tego oddzia\u0142u wymusi\u0142o konieczno\u015b\u0107 zamkni\u0119cia korytarza prowadz\u0105cego do SOR od strony ulicy Krakowskiej. W tej chwili, aby dosta\u0107 si\u0119 do oddzia\u0142u ratunkowego, ale tak\u017ce na inne oddzia\u0142y trzeba przej\u015b\u0107 podziemnym korytarzem. Zamkni\u0119cie przej\u015bcia by\u0142o konieczne, ze wzgl\u0119du na charakter prowadzonych prac. Wszystko","og_url":"https:\/\/www.mojabochnia.pl\/?p=187124","og_site_name":"mojabochnia.pl - portal informacyjny","article_publisher":"https:\/\/www.facebook.com\/mojabochnia","article_published_time":"2018-07-09T07:59:31+00:00","og_image":[{"width":1000,"height":608,"url":"https:\/\/www.mojabochnia.pl\/wp-content\/uploads\/2018\/07\/przejscie-sor.jpg","type":"image\/jpeg"}],"author":"redakcja","twitter_card":"summary_large_image","twitter_misc":{"Written by":"redakcja","Est. reading time":"1 minuta"},"schema":{"@context":"https:\/\/schema.org","@graph":[{"@type":"Article","@id":"https:\/\/www.mojabochnia.pl\/?p=187124#article","isPartOf":{"@id":"https:\/\/www.mojabochnia.pl\/?p=187124"},"author":{"name":"redakcja","@id":"https:\/\/www.mojabochnia.pl\/#\/schema\/person\/7e2f20ead9902216a3384f13606c0ab7"},"headline":"Szpital: Przej\u015bcie do SOR podziemnym korytarzem","datePublished":"2018-07-09T07:59:31+00:00","mainEntityOfPage":{"@id":"https:\/\/www.mojabochnia.pl\/?p=187124"},"wordCount":275,"commentCount":0,"publisher":{"@id":"https:\/\/www.mojabochnia.pl\/#organization"},"image":{"@id":"https:\/\/www.mojabochnia.pl\/?p=187124#primaryimage"},"thumbnailUrl":"https:\/\/www.mojabochnia.pl\/wp-content\/uploads\/2018\/07\/przejscie-sor.jpg","keywords":["szpital","szpital powiatowy w bochni","szpitalny oddzia\u0142 ratunkowy"],"articleSection":["2_ostatnie","polityka i wydarzenia","tematyka"],"inLanguage":"pl-PL","potentialAction":[{"@type":"CommentAction","name":"Comment","target":["https:\/\/www.mojabochnia.pl\/?p=187124#respond"]}]},{"@type":"WebPage","@id":"https:\/\/www.mojabochnia.pl\/?p=187124","url":"https:\/\/www.mojabochnia.pl\/?p=187124","name":"Szpital: Przej\u015bcie do SOR podziemnym korytarzem - mojabochnia.pl - portal informacyjny","isPartOf":{"@id":"https:\/\/www.mojabochnia.pl\/#website"},"primaryImageOfPage":{"@id":"https:\/\/www.mojabochnia.pl\/?p=187124#primaryimage"},"image":{"@id":"https:\/\/www.mojabochnia.pl\/?p=187124#primaryimage"},"thumbnailUrl":"https:\/\/www.mojabochnia.pl\/wp-content\/uploads\/2018\/07\/przejscie-sor.jpg","datePublished":"2018-07-09T07:59:31+00:00","breadcrumb":{"@id":"https:\/\/www.mojabochnia.pl\/?p=187124#breadcrumb"},"inLanguage":"pl-PL","potentialAction":[{"@type":"ReadAction","target":["https:\/\/www.mojabochnia.pl\/?p=187124"]}]},{"@type":"ImageObject","inLanguage":"pl-PL","@id":"https:\/\/www.mojabochnia.pl\/?p=187124#primaryimage","url":"https:\/\/www.mojabochnia.pl\/wp-content\/uploads\/2018\/07\/przejscie-sor.jpg","contentUrl":"https:\/\/www.mojabochnia.pl\/wp-content\/uploads\/2018\/07\/przejscie-sor.jpg","width":1000,"height":608},{"@type":"BreadcrumbList","@id":"https:\/\/www.mojabochnia.pl\/?p=187124#breadcrumb","itemListElement":[{"@type":"ListItem","position":1,"name":"Home","item":"https:\/\/www.mojabochnia.pl\/"},{"@type":"ListItem","position":2,"name":"Szpital: Przej\u015bcie do SOR podziemnym korytarzem"}]},{"@type":"WebSite","@id":"https:\/\/www.mojabochnia.pl\/#website","url":"https:\/\/www.mojabochnia.pl\/","name":"mojabochnia.pl - portal informacyjny","description":"mojaBochnia to portal informacyjny o Bochni. Codziennie o Bochni piszemy i pokazujemy najwa\u017cniejsze wydarzenia","publisher":{"@id":"https:\/\/www.mojabochnia.pl\/#organization"},"potentialAction":[{"@type":"SearchAction","target":{"@type":"EntryPoint","urlTemplate":"https:\/\/www.mojabochnia.pl\/?s={search_term_string}"},"query-input":{"@type":"PropertyValueSpecification","valueRequired":true,"valueName":"search_term_string"}}],"inLanguage":"pl-PL"},{"@type":"Organization","@id":"https:\/\/www.mojabochnia.pl\/#organization","name":"mojabochnia.pl - portal informacyjny","url":"https:\/\/www.mojabochnia.pl\/","logo":{"@type":"ImageObject","inLanguage":"pl-PL","@id":"https:\/\/www.mojabochnia.pl\/#\/schema\/logo\/image\/","url":"https:\/\/www.mojabochnia.pl\/wp-content\/uploads\/2017\/08\/logo-mb-opt.png","contentUrl":"https:\/\/www.mojabochnia.pl\/wp-content\/uploads\/2017\/08\/logo-mb-opt.png","width":250,"height":48,"caption":"mojabochnia.pl - portal informacyjny"},"image":{"@id":"https:\/\/www.mojabochnia.pl\/#\/schema\/logo\/image\/"},"sameAs":["https:\/\/www.facebook.com\/mojabochnia"]},{"@type":"Person","@id":"https:\/\/www.mojabochnia.pl\/#\/schema\/person\/7e2f20ead9902216a3384f13606c0ab7","name":"redakcja","sameAs":["http:\/\/"],"url":"https:\/\/www.mojabochnia.pl\/?author=13"}]}},"_links":{"self":[{"href":"https:\/\/www.mojabochnia.pl\/index.php?rest_route=\/wp\/v2\/posts\/187124","targetHints":{"allow":["GET"]}}],"collection":[{"href":"https:\/\/www.mojabochnia.pl\/index.php?rest_route=\/wp\/v2\/posts"}],"about":[{"href":"https:\/\/www.mojabochnia.pl\/index.php?rest_route=\/wp\/v2\/types\/post"}],"author":[{"embeddable":true,"href":"https:\/\/www.mojabochnia.pl\/index.php?rest_route=\/wp\/v2\/users\/13"}],"replies":[{"embeddable":true,"href":"https:\/\/www.mojabochnia.pl\/index.php?rest_route=%2Fwp%2Fv2%2Fcomments&post=187124"}],"version-history":[{"count":2,"href":"https:\/\/www.mojabochnia.pl\/index.php?rest_route=\/wp\/v2\/posts\/187124\/revisions"}],"predecessor-version":[{"id":187128,"href":"https:\/\/www.mojabochnia.pl\/index.php?rest_route=\/wp\/v2\/posts\/187124\/revisions\/187128"}],"wp:featuredmedia":[{"embeddable":true,"href":"https:\/\/www.mojabochnia.pl\/index.php?rest_route=\/wp\/v2\/media\/187126"}],"wp:attachment":[{"href":"https:\/\/www.mojabochnia.pl\/index.php?rest_route=%2Fwp%2Fv2%2Fmedia&parent=187124"}],"wp:term":[{"taxonomy":"category","embeddable":true,"href":"https:\/\/www.mojabochnia.pl\/index.php?rest_route=%2Fwp%2Fv2%2Fcategories&post=187124"},{"taxonomy":"post_tag","embeddable":true,"href":"https:\/\/www.mojabochnia.pl\/index.php?rest_route=%2Fwp%2Fv2%2Ftags&post=187124"}],"curies":[{"name":"wp","href":"https:\/\/api.w.org\/{rel}","templated":true}]}}