{"id":187036,"date":"2018-07-04T14:05:30","date_gmt":"2018-07-04T12:05:30","guid":{"rendered":"https:\/\/www.mojabochnia.pl\/?p=187036"},"modified":"2018-07-04T14:05:30","modified_gmt":"2018-07-04T12:05:30","slug":"najsmakowitszy-rosol-wybrany","status":"publish","type":"post","link":"https:\/\/www.mojabochnia.pl\/?p=187036","title":{"rendered":"Najsmakowitszy ros\u00f3\u0142 wybrany!"},"content":{"rendered":"<p class=\"western\"><span style=\"font-size: small;\"><strong><span style=\"font-family: Arial, sans-serif;\">VIII Festiwal Roso\u0142u, organizowany corocznie przez LGD Dolina Raby, kt\u00f3rego najwa\u017cniejszym elementem jest konkurs na najsmakowitszy ros\u00f3\u0142 w tym roku zorganizowano 30 czerwca 2018 r. w Centrum Konferencyjnym Nowa Bochnia &amp; SPA w Bochni, a dok\u0142adniej w tzw. \u201eKurnej Chacie\u201d. Impreza by\u0142a po\u0142\u0105czona z organizowanym w dniach 29-30.06 XI Europa Cafe po\u0142\u0105czona ze spotkaniem informacyjnym o projekcie \u201eTransnational Education in LEADER implementation\u201d (TELI2) w ramach Programu Erasmus+.<\/span><\/strong><\/span><\/p>\n<p class=\"western\"><span style=\"font-family: Arial, sans-serif;\"><span style=\"font-size: small;\"> W tym roku rywalizowano w dw\u00f3ch kategoriach \u2013 \u201eOrganizacje z obszaru LGD Dolina Raby\u201d oraz w kategorii \u201eLGD z Federacji LGD Ma\u0142opolska i inne\u201d. Roso\u0142y jak od lat ocenia\u0142o profesjonalne Jury sk\u0142adaj\u0105ce si\u0119 z zawodowych kucharzy ze Stowarzyszenia Ma\u0142opolskich Kucharzy i Cukiernik\u00f3w w tym roku byli nimi Leszek Kawa i Robert \u017bmuda, przewodnicz\u0105c\u0105 Jury zosta\u0142a Pani Sylwia \u0141adyga \u2013 uczestniczka V edycji programu MasterChef Polska oraz Ji\u0159i Krist- Przewodnicz\u0105cy sieci czeskich LGD i Katarzyna Hoffer \u2013 Kierownik Hotelu Nowa Bochnia. Ros\u00f3\u0142 jak zawsze by\u0142 oceniany wed\u0142ug \u015bci\u015ble przyj\u0119tych kryteri\u00f3w: smak i zapach, barwa i przejrzysto\u015b\u0107, rodzaj u\u017cytych sk\u0142adnik\u00f3w i ich naturalno\u015b\u0107, dodatek (wk\u0142adka), podanie i og\u00f3lne wra\u017cenie, wystr\u00f3j stoiska wystawowego oraz w\u0142asne uznanie cz\u0142onka Jury. <\/span><\/span><\/p>\n<p class=\"western\"><span style=\"font-family: Arial, sans-serif;\"><span style=\"font-size: small;\">W cz\u0119\u015bci artystycznej wyst\u0105pi\u0142a Kapela Ludowa \u201e\u0141apanowianie\u201d, kt\u00f3rej stroje zakupione zosta\u0142y ze \u015brodk\u00f3w \u201efunduszu rolnego\u201d UE za po\u015brednictwem LGD Dolina Raby. Jak zawsze mo\u017cna by\u0142o si\u0119 te\u017c dowiedzie\u0107 o innych projektach wspartych przez LGD oraz o bie\u017c\u0105cej ofercie Stowarzyszenia pomocy ze \u015brodk\u00f3w unijnych dla przedsi\u0119biorc\u00f3w i innych podmiot\u00f3w. Tradycyjnie podczas Festiwalu mo\u017cna by\u0142o skosztowa\u0107 roso\u0142\u00f3w i innych produkt\u00f3w lokalnych przygotowanych przez zespo\u0142y uczestniczce w konkursie, a tak\u017ce roso\u0142u ugotowanego przez go\u015bcia specjalnego Festiwalu Sylwi\u0119 \u0141adyg\u0119 i kucharzy hotelu \u201eNowa Bochnia\u201d.<\/span><\/span><\/p>\n<p class=\"western\" align=\"justify\"><span style=\"font-family: Arial, sans-serif;\"><span style=\"font-size: small;\">W konkursie na najsmakowitszy ros\u00f3\u0142 bra\u0142o udzia\u0142 11 dru\u017cyn podzielonych na dwie kategorie.<\/span><\/span><\/p>\n<p class=\"western\" align=\"justify\"><span style=\"font-family: Arial, sans-serif;\"><span style=\"font-size: small;\">Ka\u017cda dru\u017cyna konkursowa niezale\u017cnie czy znalaz\u0142a si\u0119 na podium otrzyma\u0142a kart\u0119 podarunkow\u0105 o warto\u015bci 300 z\u0142 oraz pami\u0105tkowy dyplom. Dru\u017cyny, kt\u00f3re zaj\u0119\u0142y miejsca na podium otrzyma\u0142y dodatkowo: za I miejsce karta podarunkowa o warto\u015bci 600 z\u0142, za II miejsce karta podarunkowa o warto\u015bci 400 z\u0142, za III miejsce karta podarunkowa o warto\u015bci 200 z\u0142.<\/span><\/span><\/p>\n<p class=\"western\"><span style=\"font-family: Arial, sans-serif;\"><span style=\"font-size: small;\"><span style=\"color: #000000;\"><b>W kategorii \u201eOrganizacje z obszaru LGD \u201eDolina Raby\u201d:<br \/>\n<\/b><\/span><span style=\"color: #000000;\">I miejsce otrzyma\u0142o Stowarzyszenie Rozwoju Wsi \u0141omna (Gmina Nowy Wi\u015bnicz)<br \/>\nII miejsce przyznano Stowarzyszeniu z Nurtem Sanki (Gmina \u017begocina)<br \/>\nIII miejsce zdoby\u0142o Ko\u0142o Gospody\u0144 Wiejskich w Ksi\u0105\u017cnicach (Gmina Gd\u00f3w).<\/span><\/span><\/span><\/p>\n<p class=\"western\"><span style=\"font-family: Arial, sans-serif;\"><span style=\"font-size: small;\"><span style=\"color: #000000;\"><b>W kategorii \u201eLGD z Federacji LGD Ma\u0142opolska i inne\u201d:<br \/>\n<\/b><\/span><span style=\"color: #000000;\">I miejsce zdoby\u0142a Lokalna Grupa Dzia\u0142ania Zielony Wierzcho\u0142ek \u015al\u0105ska<br \/>\nII miejsce otrzyma\u0142o Stowarzyszenie Lokalna Grupa Dzia\u0142ania \u201eBeskid Gorlicki\u201d<br \/>\nIII miejsce przyznano Nadwi\u015bla\u0144skiej Grupie Dzia\u0142ania \u201eE.O. CENOMA\u201d<\/span><\/span><\/span><\/p>\n<p class=\"western\" align=\"justify\"><span style=\"font-family: Arial, sans-serif;\"><span style=\"font-size: small;\"><span style=\"color: #000000;\">Nagrod\u0119\u00a0<\/span><span style=\"color: #000000;\"><b>GRAND PRIX w postaci pucharu ufundowanego przez Stowarzyszenie Ma\u0142opolskich Kucharzy i Cukiernik\u00f3w (patron\u00f3w imprezy) oraz dyplomu<\/b><\/span><span style=\"color: #000000;\">\u00a0otrzyma\u0142a dru\u017cyna kt\u00f3rej przyznano najwi\u0119ksz\u0105 ilo\u015b\u0107 punkt\u00f3w z po\u015br\u00f3d obu kategorii by\u0142a to\u00a0<\/span><span style=\"color: #000000;\"><b>Lokalna Grupa Dzia\u0142ania Zielony Wierzcho\u0142ek \u015al\u0105ska.<\/b><\/span><\/span><\/span><\/p>\n<p class=\"western\" align=\"justify\"><span style=\"font-family: Arial, sans-serif;\"><span style=\"font-size: small;\">Podczas Festiwalu Roso\u0142u od lat 6 og\u0142aszane s\u0105 wyniki konkursu na najlepsz\u0105 publikacj\u0119 o lokalnych i regionalnych kulinariach. W tym roku nagroda w konkursie \u2013 Puchar Ministra Rolnictwa i Rozwoju Wsi przyznana zosta\u0142a autorom i wydawcom ksi\u0105\u017cki \u201eKuchnia Lubelska\u201d. Publikacja zosta\u0142a sfinansowana ze \u015brodk\u00f3w Samorz\u0105du Wojew\u00f3dztwa Lubelskiego, a jej autorami s\u0105: Kamil Kotarski opracowanie merytoryczne publikacji\u00a0 i autorskie przepisy, Olga Zalewska-Wenarska i Justyna Zalewska \u2013 autorska stylizacja fotografii kulinarnych i przepisy wypiek\u00f3w tradycyjnych,\u00a0 Krzysztof Werema \u2013 fotografie kulinarne i ok\u0142adki, Artur \u017buchowski \u2013 opracowane graficzne i projekt ok\u0142adki.<\/span><\/span><\/p>\n<p class=\"western\"><span style=\"font-family: Arial, sans-serif;\"><span style=\"font-size: small;\">Ponadto przyznano wyr\u00f3\u017cnienia (w kolejno\u015bci):<\/span><\/span><\/p>\n<ol>\n<li>\n<p class=\"western\"><span style=\"color: #555555;\"><span style=\"font-family: Arial, sans-serif;\"><span style=\"font-size: small;\">Hanna Szymanderska; \u201e750 tradycyjnych polskich potraw\u201d; MULTICO Oficyna Wydawnicza Sp. zo.o., Warszawa<\/span><\/span><\/span><\/p>\n<\/li>\n<li>\n<p class=\"western\"><span style=\"color: #555555;\">\u201e<span style=\"font-family: Arial, sans-serif;\"><span style=\"font-size: small;\">Akademia smaku ziemi \u0142ukowskiej\u201d; Lokalna Grupa Dzia\u0142ania \u201eRAZEM KU LEPSZEJ PRZYSZ\u0141O\u015aCI\u201d, \u0141uk\u00f3w<\/span><\/span><\/span><\/p>\n<\/li>\n<li>\n<p class=\"western\"><span style=\"color: #555555;\">\u201e<span style=\"font-family: Arial, sans-serif;\"><span style=\"font-size: small;\">Akademia smaku ziemi zamojskiej\u201d; Stowarzyszenie Lokalna Grupa Dzia\u0142ania \u201eZiemia Zamojska\u201d, Sitno<\/span><\/span><\/span><\/p>\n<\/li>\n<li>\n<p class=\"western\"><span style=\"color: #555555;\">\u201e<span style=\"font-family: Arial, sans-serif;\"><span style=\"font-size: small;\">Kraina Trzech Rzek od kuchni przepisy kulinarne liderek rozwoju lokalnego\u201d, Stowarzyszenie Lokalna Grupa Dzia\u0142ania Kraina Trzech Rzek, Oborniki<\/span><\/span><\/span><\/p>\n<\/li>\n<li>\n<p class=\"western\"><span style=\"color: #555555;\"><span style=\"font-family: Arial, sans-serif;\"><span style=\"font-size: small;\">Maia Sobczak, \u201eQmam kasze. Do ostatniego okruszka\u201d, Wydawnictwo Marginesy, Warszawa<\/span><\/span><\/span><\/p>\n<\/li>\n<\/ol>\n<p class=\"western\"><span style=\"color: #555555;\"><span style=\"font-family: Arial, sans-serif;\"><span style=\"font-size: small;\">Sk\u0142ad kapitu\u0142y oceniaj\u0105cej:<\/span><\/span><\/span><\/p>\n<ol>\n<li>\n<p class=\"western\"><span style=\"color: #555555;\"><span style=\"font-family: Arial, sans-serif;\"><span style=\"font-size: small;\">\u0141ukasz Tomczak, Ministerstwo Rolnictwa i Rozwoju Wsi,\u00a0Departament Rozwoju Obszar\u00f3w Wiejskich<br \/>\n2. Jolanta Perkowska, Ministerstwo Inwestycji i Rozwoju,\u00a0Departament Strategii Rozwoju<br \/>\n3. El\u017cbieta Siemi\u0105tkowska, Urz\u0105d Marsza\u0142kowski\u00a0Wojew\u00f3dztwa Kujawsko-Pomorskiego, Departament\u00a0Rozwoju Obszar\u00f3w Wiejskich<br \/>\n4. Krzysztof Janiak, Centrum Doradztwa Rolniczego\u00a0w Brwinowie<br \/>\n5. Dorota Metera \u2013 Forum Rolnictwa Ekologicznego<br \/>\n6. Jacek Marcinowski \u2013 Zwi\u0105zek Rzemios\u0142a Polskiego,\u00a0Og\u00f3lnopolski Cech Rze\u017anik\u00f3w, W\u0119dliniarzy i Kucharzy.<\/span><\/span><\/span><\/p>\n<\/li>\n<\/ol>\n<p class=\"western\"><span style=\"color: #555555;\"><span style=\"font-family: Arial, sans-serif;\"><span style=\"font-size: small;\">Bardzo dzi\u0119kujemy.<\/span><\/span><\/span><\/p>\n<p class=\"western\"><span style=\"font-family: Arial, sans-serif;\"><span style=\"font-size: small;\"><span style=\"color: #555555;\"><i>Tekst: Praca zbiorowa Biura LGD<br \/>\n<\/i><\/span><\/span><\/span>\n<\/p>\n<p class=\"western\">\n\t  \r\n\t\r\n\t    <div class=\"mb-gallery\">\r\n\t    <a href=\"https:\/\/www.mojabochnia.pl\/?attachment_id=187038\" class=\"\"><img loading=\"lazy\" decoding=\"async\" width=\"100\" height=\"100\" src=\"https:\/\/www.mojabochnia.pl\/wp-content\/uploads\/2018\/07\/IMG_7397-100x100.jpg\" class=\"attachment-100x100 size-100x100\" alt=\"\" \/><\/a><a href=\"https:\/\/www.mojabochnia.pl\/?attachment_id=187039\" class=\"\"><img loading=\"lazy\" decoding=\"async\" width=\"100\" height=\"100\" src=\"https:\/\/www.mojabochnia.pl\/wp-content\/uploads\/2018\/07\/IMG_7431-100x100.jpg\" class=\"attachment-100x100 size-100x100\" alt=\"\" \/><\/a><a href=\"https:\/\/www.mojabochnia.pl\/?attachment_id=187040\" class=\"\"><img loading=\"lazy\" decoding=\"async\" width=\"100\" height=\"100\" src=\"https:\/\/www.mojabochnia.pl\/wp-content\/uploads\/2018\/07\/IMG_7530-100x100.jpg\" class=\"attachment-100x100 size-100x100\" alt=\"\" \/><\/a><a href=\"https:\/\/www.mojabochnia.pl\/?attachment_id=187041\" class=\"\"><img loading=\"lazy\" decoding=\"async\" width=\"100\" height=\"100\" src=\"https:\/\/www.mojabochnia.pl\/wp-content\/uploads\/2018\/07\/IMG_7531-100x100.jpg\" class=\"attachment-100x100 size-100x100\" alt=\"\" \/><\/a><a href=\"https:\/\/www.mojabochnia.pl\/?attachment_id=187042\" class=\"\"><img loading=\"lazy\" decoding=\"async\" width=\"100\" height=\"100\" src=\"https:\/\/www.mojabochnia.pl\/wp-content\/uploads\/2018\/07\/IMG_7598-100x100.jpg\" class=\"attachment-100x100 size-100x100\" alt=\"\" \/><\/a><a href=\"https:\/\/www.mojabochnia.pl\/?attachment_id=187043\" class=\"\"><img loading=\"lazy\" decoding=\"async\" width=\"100\" height=\"100\" src=\"https:\/\/www.mojabochnia.pl\/wp-content\/uploads\/2018\/07\/IMG_7610-100x100.jpg\" class=\"attachment-100x100 size-100x100\" alt=\"\" \/><\/a><a href=\"https:\/\/www.mojabochnia.pl\/?attachment_id=187044\" class=\"\"><img loading=\"lazy\" decoding=\"async\" width=\"100\" height=\"100\" src=\"https:\/\/www.mojabochnia.pl\/wp-content\/uploads\/2018\/07\/IMG_7690-100x100.jpg\" class=\"attachment-100x100 size-100x100\" alt=\"\" \/><\/a><a href=\"https:\/\/www.mojabochnia.pl\/?attachment_id=187045\" class=\"\"><img loading=\"lazy\" decoding=\"async\" width=\"100\" height=\"100\" src=\"https:\/\/www.mojabochnia.pl\/wp-content\/uploads\/2018\/07\/IMG_7711-100x100.jpg\" class=\"attachment-100x100 size-100x100\" alt=\"\" \/><\/a><a href=\"https:\/\/www.mojabochnia.pl\/?attachment_id=187046\" class=\"\"><img loading=\"lazy\" decoding=\"async\" width=\"100\" height=\"100\" src=\"https:\/\/www.mojabochnia.pl\/wp-content\/uploads\/2018\/07\/SAM_4000-100x100.jpg\" class=\"attachment-100x100 size-100x100\" alt=\"\" \/><\/a><a href=\"https:\/\/www.mojabochnia.pl\/?attachment_id=187047\" class=\"\"><img loading=\"lazy\" decoding=\"async\" width=\"100\" height=\"100\" src=\"https:\/\/www.mojabochnia.pl\/wp-content\/uploads\/2018\/07\/SAM_4006-100x100.jpg\" class=\"attachment-100x100 size-100x100\" alt=\"\" \/><\/a><a href=\"https:\/\/www.mojabochnia.pl\/?attachment_id=187048\" class=\"\"><img loading=\"lazy\" decoding=\"async\" width=\"100\" height=\"100\" src=\"https:\/\/www.mojabochnia.pl\/wp-content\/uploads\/2018\/07\/SAM_4008-100x100.jpg\" class=\"attachment-100x100 size-100x100\" alt=\"\" \/><\/a><a href=\"https:\/\/www.mojabochnia.pl\/?attachment_id=187049\" class=\"\"><img loading=\"lazy\" decoding=\"async\" width=\"100\" height=\"100\" src=\"https:\/\/www.mojabochnia.pl\/wp-content\/uploads\/2018\/07\/SAM_4026-100x100.jpg\" class=\"attachment-100x100 size-100x100\" alt=\"\" \/><\/a><a href=\"https:\/\/www.mojabochnia.pl\/?attachment_id=187050\" class=\"\"><img loading=\"lazy\" decoding=\"async\" width=\"100\" height=\"100\" src=\"https:\/\/www.mojabochnia.pl\/wp-content\/uploads\/2018\/07\/SAM_4079-100x100.jpg\" class=\"attachment-100x100 size-100x100\" alt=\"\" \/><\/a><a href=\"https:\/\/www.mojabochnia.pl\/?attachment_id=187051\" class=\"\"><img loading=\"lazy\" decoding=\"async\" width=\"100\" height=\"100\" src=\"https:\/\/www.mojabochnia.pl\/wp-content\/uploads\/2018\/07\/Teli2-i-EC-1-100x100.jpg\" class=\"attachment-100x100 size-100x100\" alt=\"\" \/><\/a><a href=\"https:\/\/www.mojabochnia.pl\/?attachment_id=187052\" class=\"\"><img loading=\"lazy\" decoding=\"async\" width=\"100\" height=\"100\" src=\"https:\/\/www.mojabochnia.pl\/wp-content\/uploads\/2018\/07\/Teli2-i-EC-2-100x100.jpg\" class=\"attachment-100x100 size-100x100\" alt=\"\" \/><\/a><a href=\"https:\/\/www.mojabochnia.pl\/?attachment_id=187053\" class=\"\"><img loading=\"lazy\" decoding=\"async\" width=\"100\" height=\"100\" src=\"https:\/\/www.mojabochnia.pl\/wp-content\/uploads\/2018\/07\/20180630_142812-100x100.jpg\" class=\"attachment-100x100 size-100x100\" alt=\"\" \/><\/a><a href=\"https:\/\/www.mojabochnia.pl\/?attachment_id=187054\" class=\"\"><img loading=\"lazy\" decoding=\"async\" width=\"100\" height=\"100\" src=\"https:\/\/www.mojabochnia.pl\/wp-content\/uploads\/2018\/07\/20180630_153201-100x100.jpg\" class=\"attachment-100x100 size-100x100\" alt=\"\" \/><\/a><a href=\"https:\/\/www.mojabochnia.pl\/?attachment_id=187055\" class=\"\"><img loading=\"lazy\" decoding=\"async\" width=\"100\" height=\"100\" src=\"https:\/\/www.mojabochnia.pl\/wp-content\/uploads\/2018\/07\/20180630_153202-100x100.jpg\" class=\"attachment-100x100 size-100x100\" alt=\"\" \/><\/a>\t    <\/div>\r\n\t    ","protected":false},"excerpt":{"rendered":"<p>VIII Festiwal Roso\u0142u, organizowany corocznie przez LGD Dolina Raby, kt\u00f3rego najwa\u017cniejszym elementem jest konkurs na najsmakowitszy ros\u00f3\u0142 w tym roku zorganizowano 30 czerwca 2018 r. w Centrum Konferencyjnym Nowa Bochnia &amp; SPA w Bochni, a dok\u0142adniej w tzw. \u201eKurnej Chacie\u201d. Impreza by\u0142a po\u0142\u0105czona z organizowanym w dniach 29-30.06 XI Europa Cafe po\u0142\u0105czona ze spotkaniem informacyjnym<\/p>\n","protected":false},"author":8,"featured_media":187042,"comment_status":"open","ping_status":"closed","sticky":false,"template":"","format":"standard","meta":{"_acf_changed":false,"footnotes":""},"categories":[5,6251,6250],"tags":[17116,14496,14546,19720],"class_list":["post-187036","post","type-post","status-publish","format-standard","has-post-thumbnail","hentry","category-biezace-wydarzenia","category-polityka-i-wydarzenia","category-tematyka","tag-festiwal","tag-lgd-dolina-raby","tag-rosol","tag-top-temat","main_tag-festiwal-rosolu"],"acf":[],"yoast_head":"<!-- This site is optimized with the Yoast SEO plugin v26.9 - https:\/\/yoast.com\/product\/yoast-seo-wordpress\/ -->\n<title>Najsmakowitszy ros\u00f3\u0142 wybrany! - mojabochnia.pl - portal informacyjny<\/title>\n<meta name=\"robots\" content=\"index, follow, max-snippet:-1, max-image-preview:large, max-video-preview:-1\" \/>\n<link rel=\"canonical\" href=\"https:\/\/www.mojabochnia.pl\/?p=187036\" \/>\n<meta property=\"og:locale\" content=\"pl_PL\" \/>\n<meta property=\"og:type\" content=\"article\" \/>\n<meta property=\"og:title\" content=\"Najsmakowitszy ros\u00f3\u0142 wybrany! - mojabochnia.pl - portal informacyjny\" \/>\n<meta property=\"og:description\" content=\"VIII Festiwal Roso\u0142u, organizowany corocznie przez LGD Dolina Raby, kt\u00f3rego najwa\u017cniejszym elementem jest konkurs na najsmakowitszy ros\u00f3\u0142 w tym roku zorganizowano 30 czerwca 2018 r. w Centrum Konferencyjnym Nowa Bochnia &amp; SPA w Bochni, a dok\u0142adniej w tzw. \u201eKurnej Chacie\u201d. Impreza by\u0142a po\u0142\u0105czona z organizowanym w dniach 29-30.06 XI Europa Cafe po\u0142\u0105czona ze spotkaniem informacyjnym\" \/>\n<meta property=\"og:url\" content=\"https:\/\/www.mojabochnia.pl\/?p=187036\" \/>\n<meta property=\"og:site_name\" content=\"mojabochnia.pl - portal informacyjny\" \/>\n<meta property=\"article:publisher\" content=\"https:\/\/www.facebook.com\/mojabochnia\" \/>\n<meta property=\"article:published_time\" content=\"2018-07-04T12:05:30+00:00\" \/>\n<meta property=\"og:image\" content=\"https:\/\/www.mojabochnia.pl\/wp-content\/uploads\/2018\/07\/IMG_7598.jpg\" \/>\n\t<meta property=\"og:image:width\" content=\"800\" \/>\n\t<meta property=\"og:image:height\" content=\"600\" \/>\n\t<meta property=\"og:image:type\" content=\"image\/jpeg\" \/>\n<meta name=\"author\" content=\"informacja prasowa\" \/>\n<meta name=\"twitter:card\" content=\"summary_large_image\" \/>\n<meta name=\"twitter:label1\" content=\"Written by\" \/>\n\t<meta name=\"twitter:data1\" content=\"informacja prasowa\" \/>\n\t<meta name=\"twitter:label2\" content=\"Est. reading time\" \/>\n\t<meta name=\"twitter:data2\" content=\"4 minuty\" \/>\n<script type=\"application\/ld+json\" class=\"yoast-schema-graph\">{\"@context\":\"https:\/\/schema.org\",\"@graph\":[{\"@type\":\"Article\",\"@id\":\"https:\/\/www.mojabochnia.pl\/?p=187036#article\",\"isPartOf\":{\"@id\":\"https:\/\/www.mojabochnia.pl\/?p=187036\"},\"author\":{\"name\":\"informacja prasowa\",\"@id\":\"https:\/\/www.mojabochnia.pl\/#\/schema\/person\/9e15cf1bcb74043790f124a3130fe41e\"},\"headline\":\"Najsmakowitszy ros\u00f3\u0142 wybrany!\",\"datePublished\":\"2018-07-04T12:05:30+00:00\",\"mainEntityOfPage\":{\"@id\":\"https:\/\/www.mojabochnia.pl\/?p=187036\"},\"wordCount\":781,\"commentCount\":0,\"publisher\":{\"@id\":\"https:\/\/www.mojabochnia.pl\/#organization\"},\"image\":{\"@id\":\"https:\/\/www.mojabochnia.pl\/?p=187036#primaryimage\"},\"thumbnailUrl\":\"https:\/\/www.mojabochnia.pl\/wp-content\/uploads\/2018\/07\/IMG_7598.jpg\",\"keywords\":[\"festiwal\",\"lgd dolina raby\",\"ros\u00f3\u0142\",\"top temat\"],\"articleSection\":[\"2_ostatnie\",\"polityka i wydarzenia\",\"tematyka\"],\"inLanguage\":\"pl-PL\",\"potentialAction\":[{\"@type\":\"CommentAction\",\"name\":\"Comment\",\"target\":[\"https:\/\/www.mojabochnia.pl\/?p=187036#respond\"]}]},{\"@type\":\"WebPage\",\"@id\":\"https:\/\/www.mojabochnia.pl\/?p=187036\",\"url\":\"https:\/\/www.mojabochnia.pl\/?p=187036\",\"name\":\"Najsmakowitszy ros\u00f3\u0142 wybrany! - mojabochnia.pl - portal informacyjny\",\"isPartOf\":{\"@id\":\"https:\/\/www.mojabochnia.pl\/#website\"},\"primaryImageOfPage\":{\"@id\":\"https:\/\/www.mojabochnia.pl\/?p=187036#primaryimage\"},\"image\":{\"@id\":\"https:\/\/www.mojabochnia.pl\/?p=187036#primaryimage\"},\"thumbnailUrl\":\"https:\/\/www.mojabochnia.pl\/wp-content\/uploads\/2018\/07\/IMG_7598.jpg\",\"datePublished\":\"2018-07-04T12:05:30+00:00\",\"breadcrumb\":{\"@id\":\"https:\/\/www.mojabochnia.pl\/?p=187036#breadcrumb\"},\"inLanguage\":\"pl-PL\",\"potentialAction\":[{\"@type\":\"ReadAction\",\"target\":[\"https:\/\/www.mojabochnia.pl\/?p=187036\"]}]},{\"@type\":\"ImageObject\",\"inLanguage\":\"pl-PL\",\"@id\":\"https:\/\/www.mojabochnia.pl\/?p=187036#primaryimage\",\"url\":\"https:\/\/www.mojabochnia.pl\/wp-content\/uploads\/2018\/07\/IMG_7598.jpg\",\"contentUrl\":\"https:\/\/www.mojabochnia.pl\/wp-content\/uploads\/2018\/07\/IMG_7598.jpg\",\"width\":800,\"height\":600},{\"@type\":\"BreadcrumbList\",\"@id\":\"https:\/\/www.mojabochnia.pl\/?p=187036#breadcrumb\",\"itemListElement\":[{\"@type\":\"ListItem\",\"position\":1,\"name\":\"Home\",\"item\":\"https:\/\/www.mojabochnia.pl\/\"},{\"@type\":\"ListItem\",\"position\":2,\"name\":\"Najsmakowitszy ros\u00f3\u0142 wybrany!\"}]},{\"@type\":\"WebSite\",\"@id\":\"https:\/\/www.mojabochnia.pl\/#website\",\"url\":\"https:\/\/www.mojabochnia.pl\/\",\"name\":\"mojabochnia.pl - portal informacyjny\",\"description\":\"mojaBochnia to portal informacyjny o Bochni. Codziennie o Bochni piszemy i pokazujemy najwa\u017cniejsze wydarzenia\",\"publisher\":{\"@id\":\"https:\/\/www.mojabochnia.pl\/#organization\"},\"potentialAction\":[{\"@type\":\"SearchAction\",\"target\":{\"@type\":\"EntryPoint\",\"urlTemplate\":\"https:\/\/www.mojabochnia.pl\/?s={search_term_string}\"},\"query-input\":{\"@type\":\"PropertyValueSpecification\",\"valueRequired\":true,\"valueName\":\"search_term_string\"}}],\"inLanguage\":\"pl-PL\"},{\"@type\":\"Organization\",\"@id\":\"https:\/\/www.mojabochnia.pl\/#organization\",\"name\":\"mojabochnia.pl - portal informacyjny\",\"url\":\"https:\/\/www.mojabochnia.pl\/\",\"logo\":{\"@type\":\"ImageObject\",\"inLanguage\":\"pl-PL\",\"@id\":\"https:\/\/www.mojabochnia.pl\/#\/schema\/logo\/image\/\",\"url\":\"https:\/\/www.mojabochnia.pl\/wp-content\/uploads\/2017\/08\/logo-mb-opt.png\",\"contentUrl\":\"https:\/\/www.mojabochnia.pl\/wp-content\/uploads\/2017\/08\/logo-mb-opt.png\",\"width\":250,\"height\":48,\"caption\":\"mojabochnia.pl - portal informacyjny\"},\"image\":{\"@id\":\"https:\/\/www.mojabochnia.pl\/#\/schema\/logo\/image\/\"},\"sameAs\":[\"https:\/\/www.facebook.com\/mojabochnia\"]},{\"@type\":\"Person\",\"@id\":\"https:\/\/www.mojabochnia.pl\/#\/schema\/person\/9e15cf1bcb74043790f124a3130fe41e\",\"name\":\"informacja prasowa\",\"sameAs\":[\"http:\/\/\"],\"url\":\"https:\/\/www.mojabochnia.pl\/?author=8\"}]}<\/script>\n<!-- \/ Yoast SEO plugin. -->","yoast_head_json":{"title":"Najsmakowitszy ros\u00f3\u0142 wybrany! - mojabochnia.pl - portal informacyjny","robots":{"index":"index","follow":"follow","max-snippet":"max-snippet:-1","max-image-preview":"max-image-preview:large","max-video-preview":"max-video-preview:-1"},"canonical":"https:\/\/www.mojabochnia.pl\/?p=187036","og_locale":"pl_PL","og_type":"article","og_title":"Najsmakowitszy ros\u00f3\u0142 wybrany! - mojabochnia.pl - portal informacyjny","og_description":"VIII Festiwal Roso\u0142u, organizowany corocznie przez LGD Dolina Raby, kt\u00f3rego najwa\u017cniejszym elementem jest konkurs na najsmakowitszy ros\u00f3\u0142 w tym roku zorganizowano 30 czerwca 2018 r. w Centrum Konferencyjnym Nowa Bochnia &amp; SPA w Bochni, a dok\u0142adniej w tzw. \u201eKurnej Chacie\u201d. Impreza by\u0142a po\u0142\u0105czona z organizowanym w dniach 29-30.06 XI Europa Cafe po\u0142\u0105czona ze spotkaniem informacyjnym","og_url":"https:\/\/www.mojabochnia.pl\/?p=187036","og_site_name":"mojabochnia.pl - portal informacyjny","article_publisher":"https:\/\/www.facebook.com\/mojabochnia","article_published_time":"2018-07-04T12:05:30+00:00","og_image":[{"width":800,"height":600,"url":"https:\/\/www.mojabochnia.pl\/wp-content\/uploads\/2018\/07\/IMG_7598.jpg","type":"image\/jpeg"}],"author":"informacja prasowa","twitter_card":"summary_large_image","twitter_misc":{"Written by":"informacja prasowa","Est. reading time":"4 minuty"},"schema":{"@context":"https:\/\/schema.org","@graph":[{"@type":"Article","@id":"https:\/\/www.mojabochnia.pl\/?p=187036#article","isPartOf":{"@id":"https:\/\/www.mojabochnia.pl\/?p=187036"},"author":{"name":"informacja prasowa","@id":"https:\/\/www.mojabochnia.pl\/#\/schema\/person\/9e15cf1bcb74043790f124a3130fe41e"},"headline":"Najsmakowitszy ros\u00f3\u0142 wybrany!","datePublished":"2018-07-04T12:05:30+00:00","mainEntityOfPage":{"@id":"https:\/\/www.mojabochnia.pl\/?p=187036"},"wordCount":781,"commentCount":0,"publisher":{"@id":"https:\/\/www.mojabochnia.pl\/#organization"},"image":{"@id":"https:\/\/www.mojabochnia.pl\/?p=187036#primaryimage"},"thumbnailUrl":"https:\/\/www.mojabochnia.pl\/wp-content\/uploads\/2018\/07\/IMG_7598.jpg","keywords":["festiwal","lgd dolina raby","ros\u00f3\u0142","top temat"],"articleSection":["2_ostatnie","polityka i wydarzenia","tematyka"],"inLanguage":"pl-PL","potentialAction":[{"@type":"CommentAction","name":"Comment","target":["https:\/\/www.mojabochnia.pl\/?p=187036#respond"]}]},{"@type":"WebPage","@id":"https:\/\/www.mojabochnia.pl\/?p=187036","url":"https:\/\/www.mojabochnia.pl\/?p=187036","name":"Najsmakowitszy ros\u00f3\u0142 wybrany! - mojabochnia.pl - portal informacyjny","isPartOf":{"@id":"https:\/\/www.mojabochnia.pl\/#website"},"primaryImageOfPage":{"@id":"https:\/\/www.mojabochnia.pl\/?p=187036#primaryimage"},"image":{"@id":"https:\/\/www.mojabochnia.pl\/?p=187036#primaryimage"},"thumbnailUrl":"https:\/\/www.mojabochnia.pl\/wp-content\/uploads\/2018\/07\/IMG_7598.jpg","datePublished":"2018-07-04T12:05:30+00:00","breadcrumb":{"@id":"https:\/\/www.mojabochnia.pl\/?p=187036#breadcrumb"},"inLanguage":"pl-PL","potentialAction":[{"@type":"ReadAction","target":["https:\/\/www.mojabochnia.pl\/?p=187036"]}]},{"@type":"ImageObject","inLanguage":"pl-PL","@id":"https:\/\/www.mojabochnia.pl\/?p=187036#primaryimage","url":"https:\/\/www.mojabochnia.pl\/wp-content\/uploads\/2018\/07\/IMG_7598.jpg","contentUrl":"https:\/\/www.mojabochnia.pl\/wp-content\/uploads\/2018\/07\/IMG_7598.jpg","width":800,"height":600},{"@type":"BreadcrumbList","@id":"https:\/\/www.mojabochnia.pl\/?p=187036#breadcrumb","itemListElement":[{"@type":"ListItem","position":1,"name":"Home","item":"https:\/\/www.mojabochnia.pl\/"},{"@type":"ListItem","position":2,"name":"Najsmakowitszy ros\u00f3\u0142 wybrany!"}]},{"@type":"WebSite","@id":"https:\/\/www.mojabochnia.pl\/#website","url":"https:\/\/www.mojabochnia.pl\/","name":"mojabochnia.pl - portal informacyjny","description":"mojaBochnia to portal informacyjny o Bochni. Codziennie o Bochni piszemy i pokazujemy najwa\u017cniejsze wydarzenia","publisher":{"@id":"https:\/\/www.mojabochnia.pl\/#organization"},"potentialAction":[{"@type":"SearchAction","target":{"@type":"EntryPoint","urlTemplate":"https:\/\/www.mojabochnia.pl\/?s={search_term_string}"},"query-input":{"@type":"PropertyValueSpecification","valueRequired":true,"valueName":"search_term_string"}}],"inLanguage":"pl-PL"},{"@type":"Organization","@id":"https:\/\/www.mojabochnia.pl\/#organization","name":"mojabochnia.pl - portal informacyjny","url":"https:\/\/www.mojabochnia.pl\/","logo":{"@type":"ImageObject","inLanguage":"pl-PL","@id":"https:\/\/www.mojabochnia.pl\/#\/schema\/logo\/image\/","url":"https:\/\/www.mojabochnia.pl\/wp-content\/uploads\/2017\/08\/logo-mb-opt.png","contentUrl":"https:\/\/www.mojabochnia.pl\/wp-content\/uploads\/2017\/08\/logo-mb-opt.png","width":250,"height":48,"caption":"mojabochnia.pl - portal informacyjny"},"image":{"@id":"https:\/\/www.mojabochnia.pl\/#\/schema\/logo\/image\/"},"sameAs":["https:\/\/www.facebook.com\/mojabochnia"]},{"@type":"Person","@id":"https:\/\/www.mojabochnia.pl\/#\/schema\/person\/9e15cf1bcb74043790f124a3130fe41e","name":"informacja prasowa","sameAs":["http:\/\/"],"url":"https:\/\/www.mojabochnia.pl\/?author=8"}]}},"_links":{"self":[{"href":"https:\/\/www.mojabochnia.pl\/index.php?rest_route=\/wp\/v2\/posts\/187036","targetHints":{"allow":["GET"]}}],"collection":[{"href":"https:\/\/www.mojabochnia.pl\/index.php?rest_route=\/wp\/v2\/posts"}],"about":[{"href":"https:\/\/www.mojabochnia.pl\/index.php?rest_route=\/wp\/v2\/types\/post"}],"author":[{"embeddable":true,"href":"https:\/\/www.mojabochnia.pl\/index.php?rest_route=\/wp\/v2\/users\/8"}],"replies":[{"embeddable":true,"href":"https:\/\/www.mojabochnia.pl\/index.php?rest_route=%2Fwp%2Fv2%2Fcomments&post=187036"}],"version-history":[{"count":2,"href":"https:\/\/www.mojabochnia.pl\/index.php?rest_route=\/wp\/v2\/posts\/187036\/revisions"}],"predecessor-version":[{"id":187057,"href":"https:\/\/www.mojabochnia.pl\/index.php?rest_route=\/wp\/v2\/posts\/187036\/revisions\/187057"}],"wp:featuredmedia":[{"embeddable":true,"href":"https:\/\/www.mojabochnia.pl\/index.php?rest_route=\/wp\/v2\/media\/187042"}],"wp:attachment":[{"href":"https:\/\/www.mojabochnia.pl\/index.php?rest_route=%2Fwp%2Fv2%2Fmedia&parent=187036"}],"wp:term":[{"taxonomy":"category","embeddable":true,"href":"https:\/\/www.mojabochnia.pl\/index.php?rest_route=%2Fwp%2Fv2%2Fcategories&post=187036"},{"taxonomy":"post_tag","embeddable":true,"href":"https:\/\/www.mojabochnia.pl\/index.php?rest_route=%2Fwp%2Fv2%2Ftags&post=187036"}],"curies":[{"name":"wp","href":"https:\/\/api.w.org\/{rel}","templated":true}]}}