{"id":187028,"date":"2018-07-04T08:08:44","date_gmt":"2018-07-04T06:08:44","guid":{"rendered":"https:\/\/www.mojabochnia.pl\/?p=187028"},"modified":"2018-07-04T08:10:02","modified_gmt":"2018-07-04T06:10:02","slug":"powiat-zapowiada-kolejna-edycje-weekendu-z-zabytkami-powiatu-bochenskiego","status":"publish","type":"post","link":"https:\/\/www.mojabochnia.pl\/?p=187028","title":{"rendered":"Starostwo zapowiada kolejn\u0105 edycj\u0119 Weekendu z zabytkami Powiatu Boche\u0144skiego"},"content":{"rendered":"<div>\n<div class=\"ox-393b1740ea-short_desc\"><strong>Wrzesie\u0144 to tradycyjnie miesi\u0105c, w kt\u00f3rym zapraszamy na Weekend z zabytkami Powiatu Boche\u0144skiego. W tym roku impreza ta zak\u0142adaj\u0105ca bezp\u0142atne zwiedzanie zabytk\u00f3w i instytucji kultury odbywa\u0107 si\u0119 b\u0119dzie w drugi weekend wrze\u015bnia tj. 8 i 9. Organizowana jest w ramach Europejskich Dni Dziedzictwa, w tym roku pod has\u0142em \u201eNiepodleg\u0142a dla wszystkich\u201d.<\/strong><\/div>\n<blockquote><p><i>Weekend z\u00a0zabytkami to\u00a0wyj\u0105tkowo wa\u017cny dla nas projekt, jego g\u0142\u00f3wnym celem jest promocja tego nam najbli\u017cszego ale\u00a0nie\u00a0zawsze poznanego dziedzictwa lokalnego. Te dwa dni sp\u0119dzone w\u00a0Powiecie Boche\u0144skim to\u00a0czas na\u00a0odkrywanie naszych wsp\u00f3lnych korzeni, poznanie tego co nas otacza, a na\u00a0co nie\u00a0zawsze na co dzie\u0144 mamy czas popatrze\u0107, oczywi\u015bcie ta impreza ma r\u00f3wnie\u017c wymiar turystyczny, z roku na rok odwiedza nas coraz wi\u0119cej os\u00f3b z zewn\u0105trz, zdarzaj\u0105 si\u0119 sytuacje, tak jak np. w zesz\u0142ym roku, kiedy to przyjecha\u0142y grupy turyst\u00f3w z Warszawy, Nowego S\u0105cza czy \u0141a\u0144cuta, mamy nadziej\u0119, \u017ce takich sytuacji b\u0119dzie coraz wi\u0119cej, gdy\u017c promocja tego wydarzenia jest naprawd\u0119 bardzo szeroka<\/i><\/p><\/blockquote>\n<p><i>\u2013 <\/i>m\u00f3wi Ludwik W\u0119grzyn, Starosta Boche\u0144ski.<\/p>\n<p>W\u00a0ramach weekendu przygotowane s\u0105 atrakcje dla r\u00f3\u017cnych grup odbiorc\u00f3w, jednym postaramy si\u0119 przybli\u017cy\u0107 dobra kultury i\u00a0sztuki, innym proponujemy rowerow\u0105 gr\u0119 terenow\u0105, kt\u00f3rej\u00a0uczestnicy poznaj\u0105 legend\u0119 o\u00a0zb\u00f3ju Szycie, zorganizowane te\u017c zostan\u0105 warsztaty kulinarne oparte na\u00a0ksi\u0105\u017cce kucharskiej i\u00a0kulinarnej\u00a0 im.\u00a0Stanis\u0142awa Czernieckiego, czyli przez\u00a0\u017co\u0142\u0105dek do\u00a0serca i\u00a0historii. Sympatykom spacer\u00f3w proponuj\u0105 poznanie \u00a0szlaku kr\u00f3la Kazimierza Wielkiego w\u00a0Bochni, spacer po\u00a0Nowym Wi\u015bniczu, czy\u00a0na\u00a0Kamienie Brodzi\u0144skiego. Histori\u0119 Cmentarzy \u017bydowskich przedstawi Pani Iwona Zawidzka, podczas wycieczki na\u00a0Cmentarz w\u00a0Bochni i\u00a0w\u00a0Wi\u015bniczu, a\u00a0\u015bladami wojen \u015bwiatowych w\u00a0powiecie boche\u0144skim mo\u017cna przej\u015b\u0107 pod\u00a0opiek\u0105 Pana Piotra Rogozi\u0144skiego z\u00a0Lokalnej Informacji Turystycznej w\u00a0Cichawce. \u00a0Nie\u00a0mo\u017cna zapomnie\u0107 te\u017c o\u00a0boche\u0144skim Muzeum Stanis\u0142awa Fischera\u00a0 w\u00a0Bochni, Muzeum Motyli czy\u00a0pi\u0119knych drewnianych ko\u015bcio\u0142ach, w\u00a0kt\u00f3rych\u00a0na\u00a0turyst\u00f3w b\u0119d\u0105 czekali przewodnicy. Oczywi\u015bcie ju\u017c tradycyjnie weekend zako\u0144czy si\u0119 koncertem, tym razem w\u00a0parku Rodzinnym Uzbornia oraz\u00a0ca\u0142\u0105 mas\u0105 atrakcji dla najm\u0142odszych.<\/p>\n<p>Wszystkie proponowane przez\u00a0nas miejsca, a\u00a0obecnie jest ich ponad 40\u00a0s\u0105 urzekaj\u0105ce, pocz\u0105wszy od\u00a0skarb\u00f3w architektury sakralnej, w\u00a0tym unikatowych \u015bwi\u0105ty\u0144 drewnianych, czy\u00a0te\u017c wspania\u0142ych dwork\u00f3w, nie\u00a0wspominaj\u0105c ju\u017c o\u00a0zabytkach wpisanych na\u00a0list\u0119 UNESCO. Dziedzictwo Powiatu Boche\u0144skiego jest naprawd\u0119 ogromne i\u00a0ten weekend pozwala \u00a0po\u0142\u0105czy\u0107 w\u00a0jedn\u0105 harmonijn\u0105 ca\u0142o\u015b\u0107 wszystkie nasze warto\u015bci czyli dobra kultury, warto\u015bci krajobrazowe, materialne, duchowe, po\u00a0prostu harmonijne pi\u0119kno Ziemi Boche\u0144skiej &#8211; dodaj\u0105 organizatorzy.<\/p>\n<p>Wst\u0119p do\u00a0muze\u00f3w i\u00a0zwiedzanie zabytk\u00f3w b\u0119dzie darmowe! Jedynym wyj\u0105tkiem jest Kopalnia Soli w\u00a0Bochni, gdzie ustalony zosta\u0142 50% rabat na\u00a0zjazdy.<\/p>\n<p>Trzeba te\u017c zaznaczy\u0107, i\u017c nikt, kto odwiedzi zabytki Powiatu Boche\u0144skiego w\u00a0tym czasie, nie\u00a0wr\u00f3ci zawiedziony. Dla go\u015bci przygotowane zosta\u0142y specjalne rabaty, o kt\u00f3rych poinformujemy niebawem.<\/p>\n<p>__<\/p>\n<p>SP<\/p>\n<\/div>\n","protected":false},"excerpt":{"rendered":"<p>Wrzesie\u0144 to tradycyjnie miesi\u0105c, w kt\u00f3rym zapraszamy na Weekend z zabytkami Powiatu Boche\u0144skiego. W tym roku impreza ta zak\u0142adaj\u0105ca bezp\u0142atne zwiedzanie zabytk\u00f3w i instytucji kultury odbywa\u0107 si\u0119 b\u0119dzie w drugi weekend wrze\u015bnia tj. 8 i 9. Organizowana jest w ramach Europejskich Dni Dziedzictwa, w tym roku pod has\u0142em \u201eNiepodleg\u0142a dla wszystkich\u201d. Weekend z\u00a0zabytkami to\u00a0wyj\u0105tkowo wa\u017cny<\/p>\n","protected":false},"author":1168,"featured_media":159310,"comment_status":"open","ping_status":"closed","sticky":false,"template":"","format":"standard","meta":{"_acf_changed":false,"footnotes":""},"categories":[5,92,6250],"tags":[17390,17127,6436,19720,374],"class_list":["post-187028","post","type-post","status-publish","format-standard","has-post-thumbnail","hentry","category-biezace-wydarzenia","category-kultura","category-tematyka","tag-ludwik-wegrzyn","tag-powiat-bochenski","tag-starostwo-powiatowe-w-bochni","tag-top-temat","tag-zabytki","main_tag-weekend-z-zabytkami"],"acf":[],"yoast_head":"<!-- This site is optimized with the Yoast SEO plugin v26.9 - https:\/\/yoast.com\/product\/yoast-seo-wordpress\/ -->\n<title>Starostwo zapowiada kolejn\u0105 edycj\u0119 Weekendu z zabytkami Powiatu Boche\u0144skiego - mojabochnia.pl - portal informacyjny<\/title>\n<meta name=\"robots\" content=\"index, follow, max-snippet:-1, max-image-preview:large, max-video-preview:-1\" \/>\n<link rel=\"canonical\" href=\"https:\/\/www.mojabochnia.pl\/?p=187028\" \/>\n<meta property=\"og:locale\" content=\"pl_PL\" \/>\n<meta property=\"og:type\" content=\"article\" \/>\n<meta property=\"og:title\" content=\"Starostwo zapowiada kolejn\u0105 edycj\u0119 Weekendu z zabytkami Powiatu Boche\u0144skiego - mojabochnia.pl - portal informacyjny\" \/>\n<meta property=\"og:description\" content=\"Wrzesie\u0144 to tradycyjnie miesi\u0105c, w kt\u00f3rym zapraszamy na Weekend z zabytkami Powiatu Boche\u0144skiego. W tym roku impreza ta zak\u0142adaj\u0105ca bezp\u0142atne zwiedzanie zabytk\u00f3w i instytucji kultury odbywa\u0107 si\u0119 b\u0119dzie w drugi weekend wrze\u015bnia tj. 8 i 9. Organizowana jest w ramach Europejskich Dni Dziedzictwa, w tym roku pod has\u0142em \u201eNiepodleg\u0142a dla wszystkich\u201d. Weekend z\u00a0zabytkami to\u00a0wyj\u0105tkowo wa\u017cny\" \/>\n<meta property=\"og:url\" content=\"https:\/\/www.mojabochnia.pl\/?p=187028\" \/>\n<meta property=\"og:site_name\" content=\"mojabochnia.pl - portal informacyjny\" \/>\n<meta property=\"article:publisher\" content=\"https:\/\/www.facebook.com\/mojabochnia\" \/>\n<meta property=\"article:published_time\" content=\"2018-07-04T06:08:44+00:00\" \/>\n<meta property=\"article:modified_time\" content=\"2018-07-04T06:10:02+00:00\" \/>\n<meta property=\"og:image\" content=\"https:\/\/www.mojabochnia.pl\/wp-content\/uploads\/2016\/09\/DSC_0856-7.jpg\" \/>\n\t<meta property=\"og:image:width\" content=\"800\" \/>\n\t<meta property=\"og:image:height\" content=\"536\" \/>\n\t<meta property=\"og:image:type\" content=\"image\/jpeg\" \/>\n<meta name=\"author\" content=\"Mateusz Franczyk\" \/>\n<meta name=\"twitter:card\" content=\"summary_large_image\" \/>\n<meta name=\"twitter:label1\" content=\"Written by\" \/>\n\t<meta name=\"twitter:data1\" content=\"Mateusz Franczyk\" \/>\n\t<meta name=\"twitter:label2\" content=\"Est. reading time\" \/>\n\t<meta name=\"twitter:data2\" content=\"3 minuty\" \/>\n<script type=\"application\/ld+json\" class=\"yoast-schema-graph\">{\"@context\":\"https:\/\/schema.org\",\"@graph\":[{\"@type\":\"Article\",\"@id\":\"https:\/\/www.mojabochnia.pl\/?p=187028#article\",\"isPartOf\":{\"@id\":\"https:\/\/www.mojabochnia.pl\/?p=187028\"},\"author\":{\"name\":\"Mateusz Franczyk\",\"@id\":\"https:\/\/www.mojabochnia.pl\/#\/schema\/person\/43d3c2066b5450cc314bfa4e9e0e0099\"},\"headline\":\"Starostwo zapowiada kolejn\u0105 edycj\u0119 Weekendu z zabytkami Powiatu Boche\u0144skiego\",\"datePublished\":\"2018-07-04T06:08:44+00:00\",\"dateModified\":\"2018-07-04T06:10:02+00:00\",\"mainEntityOfPage\":{\"@id\":\"https:\/\/www.mojabochnia.pl\/?p=187028\"},\"wordCount\":521,\"commentCount\":0,\"publisher\":{\"@id\":\"https:\/\/www.mojabochnia.pl\/#organization\"},\"image\":{\"@id\":\"https:\/\/www.mojabochnia.pl\/?p=187028#primaryimage\"},\"thumbnailUrl\":\"https:\/\/www.mojabochnia.pl\/wp-content\/uploads\/2016\/09\/DSC_0856-7.jpg\",\"keywords\":[\"ludwik w\u0119grzyn\",\"powiat boche\u0144ski\",\"starostwo powiatowe w bochni\",\"top temat\",\"zabytki\"],\"articleSection\":[\"2_ostatnie\",\"kultura\",\"tematyka\"],\"inLanguage\":\"pl-PL\",\"potentialAction\":[{\"@type\":\"CommentAction\",\"name\":\"Comment\",\"target\":[\"https:\/\/www.mojabochnia.pl\/?p=187028#respond\"]}]},{\"@type\":\"WebPage\",\"@id\":\"https:\/\/www.mojabochnia.pl\/?p=187028\",\"url\":\"https:\/\/www.mojabochnia.pl\/?p=187028\",\"name\":\"Starostwo zapowiada kolejn\u0105 edycj\u0119 Weekendu z zabytkami Powiatu Boche\u0144skiego - mojabochnia.pl - portal informacyjny\",\"isPartOf\":{\"@id\":\"https:\/\/www.mojabochnia.pl\/#website\"},\"primaryImageOfPage\":{\"@id\":\"https:\/\/www.mojabochnia.pl\/?p=187028#primaryimage\"},\"image\":{\"@id\":\"https:\/\/www.mojabochnia.pl\/?p=187028#primaryimage\"},\"thumbnailUrl\":\"https:\/\/www.mojabochnia.pl\/wp-content\/uploads\/2016\/09\/DSC_0856-7.jpg\",\"datePublished\":\"2018-07-04T06:08:44+00:00\",\"dateModified\":\"2018-07-04T06:10:02+00:00\",\"breadcrumb\":{\"@id\":\"https:\/\/www.mojabochnia.pl\/?p=187028#breadcrumb\"},\"inLanguage\":\"pl-PL\",\"potentialAction\":[{\"@type\":\"ReadAction\",\"target\":[\"https:\/\/www.mojabochnia.pl\/?p=187028\"]}]},{\"@type\":\"ImageObject\",\"inLanguage\":\"pl-PL\",\"@id\":\"https:\/\/www.mojabochnia.pl\/?p=187028#primaryimage\",\"url\":\"https:\/\/www.mojabochnia.pl\/wp-content\/uploads\/2016\/09\/DSC_0856-7.jpg\",\"contentUrl\":\"https:\/\/www.mojabochnia.pl\/wp-content\/uploads\/2016\/09\/DSC_0856-7.jpg\",\"width\":800,\"height\":536,\"caption\":\"materia\u0142y prasowe\"},{\"@type\":\"BreadcrumbList\",\"@id\":\"https:\/\/www.mojabochnia.pl\/?p=187028#breadcrumb\",\"itemListElement\":[{\"@type\":\"ListItem\",\"position\":1,\"name\":\"Home\",\"item\":\"https:\/\/www.mojabochnia.pl\/\"},{\"@type\":\"ListItem\",\"position\":2,\"name\":\"Starostwo zapowiada kolejn\u0105 edycj\u0119 Weekendu z zabytkami Powiatu Boche\u0144skiego\"}]},{\"@type\":\"WebSite\",\"@id\":\"https:\/\/www.mojabochnia.pl\/#website\",\"url\":\"https:\/\/www.mojabochnia.pl\/\",\"name\":\"mojabochnia.pl - portal informacyjny\",\"description\":\"mojaBochnia to portal informacyjny o Bochni. Codziennie o Bochni piszemy i pokazujemy najwa\u017cniejsze wydarzenia\",\"publisher\":{\"@id\":\"https:\/\/www.mojabochnia.pl\/#organization\"},\"potentialAction\":[{\"@type\":\"SearchAction\",\"target\":{\"@type\":\"EntryPoint\",\"urlTemplate\":\"https:\/\/www.mojabochnia.pl\/?s={search_term_string}\"},\"query-input\":{\"@type\":\"PropertyValueSpecification\",\"valueRequired\":true,\"valueName\":\"search_term_string\"}}],\"inLanguage\":\"pl-PL\"},{\"@type\":\"Organization\",\"@id\":\"https:\/\/www.mojabochnia.pl\/#organization\",\"name\":\"mojabochnia.pl - portal informacyjny\",\"url\":\"https:\/\/www.mojabochnia.pl\/\",\"logo\":{\"@type\":\"ImageObject\",\"inLanguage\":\"pl-PL\",\"@id\":\"https:\/\/www.mojabochnia.pl\/#\/schema\/logo\/image\/\",\"url\":\"https:\/\/www.mojabochnia.pl\/wp-content\/uploads\/2017\/08\/logo-mb-opt.png\",\"contentUrl\":\"https:\/\/www.mojabochnia.pl\/wp-content\/uploads\/2017\/08\/logo-mb-opt.png\",\"width\":250,\"height\":48,\"caption\":\"mojabochnia.pl - portal informacyjny\"},\"image\":{\"@id\":\"https:\/\/www.mojabochnia.pl\/#\/schema\/logo\/image\/\"},\"sameAs\":[\"https:\/\/www.facebook.com\/mojabochnia\"]},{\"@type\":\"Person\",\"@id\":\"https:\/\/www.mojabochnia.pl\/#\/schema\/person\/43d3c2066b5450cc314bfa4e9e0e0099\",\"name\":\"Mateusz Franczyk\",\"url\":\"https:\/\/www.mojabochnia.pl\/?author=1168\"}]}<\/script>\n<!-- \/ Yoast SEO plugin. -->","yoast_head_json":{"title":"Starostwo zapowiada kolejn\u0105 edycj\u0119 Weekendu z zabytkami Powiatu Boche\u0144skiego - mojabochnia.pl - portal informacyjny","robots":{"index":"index","follow":"follow","max-snippet":"max-snippet:-1","max-image-preview":"max-image-preview:large","max-video-preview":"max-video-preview:-1"},"canonical":"https:\/\/www.mojabochnia.pl\/?p=187028","og_locale":"pl_PL","og_type":"article","og_title":"Starostwo zapowiada kolejn\u0105 edycj\u0119 Weekendu z zabytkami Powiatu Boche\u0144skiego - mojabochnia.pl - portal informacyjny","og_description":"Wrzesie\u0144 to tradycyjnie miesi\u0105c, w kt\u00f3rym zapraszamy na Weekend z zabytkami Powiatu Boche\u0144skiego. W tym roku impreza ta zak\u0142adaj\u0105ca bezp\u0142atne zwiedzanie zabytk\u00f3w i instytucji kultury odbywa\u0107 si\u0119 b\u0119dzie w drugi weekend wrze\u015bnia tj. 8 i 9. Organizowana jest w ramach Europejskich Dni Dziedzictwa, w tym roku pod has\u0142em \u201eNiepodleg\u0142a dla wszystkich\u201d. Weekend z\u00a0zabytkami to\u00a0wyj\u0105tkowo wa\u017cny","og_url":"https:\/\/www.mojabochnia.pl\/?p=187028","og_site_name":"mojabochnia.pl - portal informacyjny","article_publisher":"https:\/\/www.facebook.com\/mojabochnia","article_published_time":"2018-07-04T06:08:44+00:00","article_modified_time":"2018-07-04T06:10:02+00:00","og_image":[{"width":800,"height":536,"url":"https:\/\/www.mojabochnia.pl\/wp-content\/uploads\/2016\/09\/DSC_0856-7.jpg","type":"image\/jpeg"}],"author":"Mateusz Franczyk","twitter_card":"summary_large_image","twitter_misc":{"Written by":"Mateusz Franczyk","Est. reading time":"3 minuty"},"schema":{"@context":"https:\/\/schema.org","@graph":[{"@type":"Article","@id":"https:\/\/www.mojabochnia.pl\/?p=187028#article","isPartOf":{"@id":"https:\/\/www.mojabochnia.pl\/?p=187028"},"author":{"name":"Mateusz Franczyk","@id":"https:\/\/www.mojabochnia.pl\/#\/schema\/person\/43d3c2066b5450cc314bfa4e9e0e0099"},"headline":"Starostwo zapowiada kolejn\u0105 edycj\u0119 Weekendu z zabytkami Powiatu Boche\u0144skiego","datePublished":"2018-07-04T06:08:44+00:00","dateModified":"2018-07-04T06:10:02+00:00","mainEntityOfPage":{"@id":"https:\/\/www.mojabochnia.pl\/?p=187028"},"wordCount":521,"commentCount":0,"publisher":{"@id":"https:\/\/www.mojabochnia.pl\/#organization"},"image":{"@id":"https:\/\/www.mojabochnia.pl\/?p=187028#primaryimage"},"thumbnailUrl":"https:\/\/www.mojabochnia.pl\/wp-content\/uploads\/2016\/09\/DSC_0856-7.jpg","keywords":["ludwik w\u0119grzyn","powiat boche\u0144ski","starostwo powiatowe w bochni","top temat","zabytki"],"articleSection":["2_ostatnie","kultura","tematyka"],"inLanguage":"pl-PL","potentialAction":[{"@type":"CommentAction","name":"Comment","target":["https:\/\/www.mojabochnia.pl\/?p=187028#respond"]}]},{"@type":"WebPage","@id":"https:\/\/www.mojabochnia.pl\/?p=187028","url":"https:\/\/www.mojabochnia.pl\/?p=187028","name":"Starostwo zapowiada kolejn\u0105 edycj\u0119 Weekendu z zabytkami Powiatu Boche\u0144skiego - mojabochnia.pl - portal informacyjny","isPartOf":{"@id":"https:\/\/www.mojabochnia.pl\/#website"},"primaryImageOfPage":{"@id":"https:\/\/www.mojabochnia.pl\/?p=187028#primaryimage"},"image":{"@id":"https:\/\/www.mojabochnia.pl\/?p=187028#primaryimage"},"thumbnailUrl":"https:\/\/www.mojabochnia.pl\/wp-content\/uploads\/2016\/09\/DSC_0856-7.jpg","datePublished":"2018-07-04T06:08:44+00:00","dateModified":"2018-07-04T06:10:02+00:00","breadcrumb":{"@id":"https:\/\/www.mojabochnia.pl\/?p=187028#breadcrumb"},"inLanguage":"pl-PL","potentialAction":[{"@type":"ReadAction","target":["https:\/\/www.mojabochnia.pl\/?p=187028"]}]},{"@type":"ImageObject","inLanguage":"pl-PL","@id":"https:\/\/www.mojabochnia.pl\/?p=187028#primaryimage","url":"https:\/\/www.mojabochnia.pl\/wp-content\/uploads\/2016\/09\/DSC_0856-7.jpg","contentUrl":"https:\/\/www.mojabochnia.pl\/wp-content\/uploads\/2016\/09\/DSC_0856-7.jpg","width":800,"height":536,"caption":"materia\u0142y prasowe"},{"@type":"BreadcrumbList","@id":"https:\/\/www.mojabochnia.pl\/?p=187028#breadcrumb","itemListElement":[{"@type":"ListItem","position":1,"name":"Home","item":"https:\/\/www.mojabochnia.pl\/"},{"@type":"ListItem","position":2,"name":"Starostwo zapowiada kolejn\u0105 edycj\u0119 Weekendu z zabytkami Powiatu Boche\u0144skiego"}]},{"@type":"WebSite","@id":"https:\/\/www.mojabochnia.pl\/#website","url":"https:\/\/www.mojabochnia.pl\/","name":"mojabochnia.pl - portal informacyjny","description":"mojaBochnia to portal informacyjny o Bochni. Codziennie o Bochni piszemy i pokazujemy najwa\u017cniejsze wydarzenia","publisher":{"@id":"https:\/\/www.mojabochnia.pl\/#organization"},"potentialAction":[{"@type":"SearchAction","target":{"@type":"EntryPoint","urlTemplate":"https:\/\/www.mojabochnia.pl\/?s={search_term_string}"},"query-input":{"@type":"PropertyValueSpecification","valueRequired":true,"valueName":"search_term_string"}}],"inLanguage":"pl-PL"},{"@type":"Organization","@id":"https:\/\/www.mojabochnia.pl\/#organization","name":"mojabochnia.pl - portal informacyjny","url":"https:\/\/www.mojabochnia.pl\/","logo":{"@type":"ImageObject","inLanguage":"pl-PL","@id":"https:\/\/www.mojabochnia.pl\/#\/schema\/logo\/image\/","url":"https:\/\/www.mojabochnia.pl\/wp-content\/uploads\/2017\/08\/logo-mb-opt.png","contentUrl":"https:\/\/www.mojabochnia.pl\/wp-content\/uploads\/2017\/08\/logo-mb-opt.png","width":250,"height":48,"caption":"mojabochnia.pl - portal informacyjny"},"image":{"@id":"https:\/\/www.mojabochnia.pl\/#\/schema\/logo\/image\/"},"sameAs":["https:\/\/www.facebook.com\/mojabochnia"]},{"@type":"Person","@id":"https:\/\/www.mojabochnia.pl\/#\/schema\/person\/43d3c2066b5450cc314bfa4e9e0e0099","name":"Mateusz Franczyk","url":"https:\/\/www.mojabochnia.pl\/?author=1168"}]}},"_links":{"self":[{"href":"https:\/\/www.mojabochnia.pl\/index.php?rest_route=\/wp\/v2\/posts\/187028","targetHints":{"allow":["GET"]}}],"collection":[{"href":"https:\/\/www.mojabochnia.pl\/index.php?rest_route=\/wp\/v2\/posts"}],"about":[{"href":"https:\/\/www.mojabochnia.pl\/index.php?rest_route=\/wp\/v2\/types\/post"}],"author":[{"embeddable":true,"href":"https:\/\/www.mojabochnia.pl\/index.php?rest_route=\/wp\/v2\/users\/1168"}],"replies":[{"embeddable":true,"href":"https:\/\/www.mojabochnia.pl\/index.php?rest_route=%2Fwp%2Fv2%2Fcomments&post=187028"}],"version-history":[{"count":2,"href":"https:\/\/www.mojabochnia.pl\/index.php?rest_route=\/wp\/v2\/posts\/187028\/revisions"}],"predecessor-version":[{"id":187031,"href":"https:\/\/www.mojabochnia.pl\/index.php?rest_route=\/wp\/v2\/posts\/187028\/revisions\/187031"}],"wp:featuredmedia":[{"embeddable":true,"href":"https:\/\/www.mojabochnia.pl\/index.php?rest_route=\/wp\/v2\/media\/159310"}],"wp:attachment":[{"href":"https:\/\/www.mojabochnia.pl\/index.php?rest_route=%2Fwp%2Fv2%2Fmedia&parent=187028"}],"wp:term":[{"taxonomy":"category","embeddable":true,"href":"https:\/\/www.mojabochnia.pl\/index.php?rest_route=%2Fwp%2Fv2%2Fcategories&post=187028"},{"taxonomy":"post_tag","embeddable":true,"href":"https:\/\/www.mojabochnia.pl\/index.php?rest_route=%2Fwp%2Fv2%2Ftags&post=187028"}],"curies":[{"name":"wp","href":"https:\/\/api.w.org\/{rel}","templated":true}]}}