{"id":186975,"date":"2018-06-27T17:14:29","date_gmt":"2018-06-27T15:14:29","guid":{"rendered":"https:\/\/www.mojabochnia.pl\/?p=186975"},"modified":"2018-06-27T17:14:29","modified_gmt":"2018-06-27T15:14:29","slug":"powiat-bochenski-kolejne-inwestycje-z-mysla-o-mieszkancach","status":"publish","type":"post","link":"https:\/\/www.mojabochnia.pl\/?p=186975","title":{"rendered":"Powiat boche\u0144ski: Kolejne inwestycje z my\u015bl\u0105 o mieszka\u0144cach"},"content":{"rendered":"<div class=\"short-desc\"><strong>Cztery projekty rewitalizacyjne w\u00a0gminie Bochnia, a\u00a0w\u015br\u00f3d nich modernizacja przedszkola w\u00a0Moszczenicy czy remont dawnej szko\u0142y w\u00a0Cikowicach, gdzie zaplanowano bibliotek\u0119 multimedialn\u0105 i\u00a0sal\u0119 zabaw dla dzieci \u2013 to inwestycje, kt\u00f3re ju\u017c wkr\u00f3tce zostan\u0105 zrealizowane w\u00a0powiecie boche\u0144skim. Dzi\u0119ki \u015brodkom unijnym na terenie \u201eTargowicy\u201d w\u00a0Nowym Wi\u015bniczu powstanie nowoczesny obiekt sportowo-rekreacyjny. Dofinansowany zostanie tak\u017ce projekt zwi\u0105zany z\u00a0doposa\u017ceniem jednostek OSP na boche\u0144skiej ziemi. Koszt wszystkich inwestycji szacowany jest na 4,3 mln z\u0142, z\u00a0czego dofinansowanie z\u00a0RPO stanowi ponad 2,6 mln z\u0142.<\/strong><\/div>\n<p>Umowy gwarantuj\u0105ce dotacje z\u00a0Regionalnego Programu Operacyjnego Wojew\u00f3dztwa Ma\u0142opolskiego na lata 2014-2020 podpisz\u0105: wicemarsza\u0142ek Stanis\u0142aw Sorys, burmistrz Nowego Wi\u015bnicza \u2013 Ma\u0142gorzata Wi\u0119ckowska oraz w\u00f3jt gminy Bochnia \u2013 Marek Bzdek.<\/p>\n<blockquote><p>Dzi\u0119ki \u015brodkom unijnym obserwujemy, jak zmienia si\u0119 ka\u017cdy zak\u0105tek Ma\u0142opolski. Warto przypomnie\u0107, \u017ce na rewitalizacj\u0119 ma\u0142ych i\u00a0\u015brednich miast z\u00a0ca\u0142ego wojew\u00f3dztwa przeznaczyli\u015bmy prawie 180 mln z\u0142. Realizacja tych wa\u017cnych dla mieszka\u0144c\u00f3w projekt\u00f3w pozwala mi\u0119dzy innymi tworzy\u0107 miejsca rekreacji i\u00a0wypoczynku, miejsca w\u00a0kt\u00f3rych zar\u00f3wno najm\u0142odsi Ma\u0142opolanie, jak i\u00a0doro\u015bli mog\u0105 aktywnie sp\u0119dzi\u0107 sw\u00f3j wolny czas czy odpoczywa\u0107. To wszystko sprawia, \u017ce \u017cyje si\u0119 im zdecydowanie przyjemniej<\/p><\/blockquote>\n<p>\u2013 m\u00f3wi wicemarsza\u0142ek Stanis\u0142aw Sorys.<\/p>\n<p><img loading=\"lazy\" decoding=\"async\" class=\"aligncenter size-medium wp-image-186977\" src=\"https:\/\/www.mojabochnia.pl\/wp-content\/uploads\/2018\/06\/DSC_2229-468x312.jpg\" alt=\"\" width=\"468\" height=\"312\" srcset=\"https:\/\/www.mojabochnia.pl\/wp-content\/uploads\/2018\/06\/DSC_2229-468x312.jpg 468w, https:\/\/www.mojabochnia.pl\/wp-content\/uploads\/2018\/06\/DSC_2229-120x80.jpg 120w, https:\/\/www.mojabochnia.pl\/wp-content\/uploads\/2018\/06\/DSC_2229-768x511.jpg 768w, https:\/\/www.mojabochnia.pl\/wp-content\/uploads\/2018\/06\/DSC_2229.jpg 1000w\" sizes=\"auto, (max-width: 468px) 100vw, 468px\" \/><\/p>\n<p><strong>Gmina Bochnia zrewitalizuje cztery miejsca<\/strong><\/p>\n<p>Ponad 1,8 mln z\u0142 dofinansowania z\u00a0RPO pozwoli jeszcze przed ko\u0144cem 2019 roku zrealizowa\u0107 cztery, wa\u017cne dla mieszka\u0144c\u00f3w projekty. Pierwszy z\u00a0nich dotyczy przebudowy i\u00a0rozbudowy Zespo\u0142u Szk\u00f3\u0142 Gminnych im. Henryka Sienkiewicza w\u00a0Bogucicach. To w\u0142a\u015bnie tu, z\u00a0my\u015bl\u0105 o\u00a0najm\u0142odszych, powstanie nowoczesne przedszkole. Plac\u00f3wka zostanie wyposa\u017cona w\u00a0wysokiej jako\u015bci sprz\u0119t, materia\u0142y dydaktyczne, a\u00a0tak\u017ce gry i\u00a0zabawy. Dzieci zyskaj\u0105 te\u017c przestronn\u0105 szatni\u0119. Zaplanowano tak\u017ce budow\u0119 podjazdu dla w\u00f3zk\u00f3w.<\/p>\n<p>W ramach drugiego zadania zaplanowano modernizacj\u0119 budynku po dawnej szkole w\u00a0Cikowicach, a\u00a0tak\u017ce zagospodarowanie terenu wok\u00f3\u0142 niej. To w\u0142a\u015bnie tu dzieci i\u00a0doro\u015bli b\u0119d\u0105 mogli aktywnie sp\u0119dzi\u0107 sw\u00f3j wolny czas. Na miejscu powstanie m.in. biblioteka multimedialna oraz sala dla najm\u0142odszych \u2013 tzw. \u201ekulkowo\u201d. W\u00a0pobli\u017cu zostanie wybudowany parking i\u00a0plac zabaw. Warto doda\u0107, \u017ce ca\u0142y obiekt b\u0119dzie dostosowany do os\u00f3b z\u00a0niepe\u0142nosprawno\u015bciami. Zanim to jednak nast\u0105pi plac\u00f3wk\u0119 czeka gruntowny remont pomieszcze\u0144 i\u00a0dachu, \u0142\u0105cznie z\u00a0wymian\u0105 okien i\u00a0drzwi.<\/p>\n<p>Trzeci projekt zak\u0142ada modernizacj\u0119 \u015bwietlicy wiejskiej w\u00a0Ostrowie Szlacheckim. Po wymianie pokrycia dachowego, ociepleniu i\u00a0generalnym remoncie budynku mieszka\u0144cy zyskaj\u0105 miejsce, w\u00a0kt\u00f3rym b\u0119d\u0105 mogli wsp\u00f3lnie sp\u0119dza\u0107 czas graj\u0105c w\u00a0gry czy uprawiaj\u0105c sport. Obiekt zostanie wyposa\u017cony m.in. w\u00a0rowery stacjonarne i\u00a0bie\u017cni\u0119 treningow\u0105, natomiast na zewn\u0105trz powstanie si\u0142ownia i\u00a0plac zabaw.<\/p>\n<p>Ostatnie z\u00a0zada\u0144 zostanie zrealizowane w\u00a0Moszczenicy i\u00a0dotyczy modernizacji przedszkola. Plac\u00f3wka zostanie mi\u0119dzy innymi ocieplona, zyska te\u017c nowe ogrodzenie. To w\u0142a\u015bnie tu spo\u0142eczno\u015b\u0107 lokalna b\u0119dzie mog\u0142a organizowa\u0107 wydarzenia s\u0142u\u017c\u0105ce integracji spo\u0142ecznej. Pomy\u015blano tak\u017ce o\u00a0dzieciach, dla kt\u00f3rych powstanie tu du\u017cy plac zabaw.<\/p>\n<p>Warto\u015b\u0107 tych czterech inwestycji to ponad 2,8 mln z\u0142.<\/p>\n<p><img loading=\"lazy\" decoding=\"async\" class=\"aligncenter size-medium wp-image-186978\" src=\"https:\/\/www.mojabochnia.pl\/wp-content\/uploads\/2018\/06\/DSC_2267-468x312.jpg\" alt=\"\" width=\"468\" height=\"312\" srcset=\"https:\/\/www.mojabochnia.pl\/wp-content\/uploads\/2018\/06\/DSC_2267-468x312.jpg 468w, https:\/\/www.mojabochnia.pl\/wp-content\/uploads\/2018\/06\/DSC_2267-120x80.jpg 120w, https:\/\/www.mojabochnia.pl\/wp-content\/uploads\/2018\/06\/DSC_2267-768x511.jpg 768w, https:\/\/www.mojabochnia.pl\/wp-content\/uploads\/2018\/06\/DSC_2267.jpg 1000w\" sizes=\"auto, (max-width: 468px) 100vw, 468px\" \/><\/p>\n<p><strong>Centrum sportowo-rekreacyjne w\u00a0sercu Nowego Wi\u015bnicza<\/strong><\/p>\n<p>Ju\u017c wkr\u00f3tce mieszka\u0144cy Nowego Wi\u015bnicza i\u00a0okolic b\u0119d\u0105 mogli korzysta\u0107 z\u00a0nowego obiektu sportowo-rekreacyjnego. Dzi\u0119ki zagospodarowaniu terenu \u201eTargowicy\u201d, powstanie tu nowe boisko do pi\u0142ki r\u0119cznej, no\u017cnej, koszyk\u00f3wki i\u00a0siatk\u00f3wki. Zaplanowano te\u017c bie\u017cni\u0119 biegow\u0105 oraz do skoku w\u00a0dal, a\u00a0tak\u017ce si\u0142owni\u0119 pod chmurk\u0105. Przebudowane boisko nie tylko zmieni swoje wymiary, ale co wa\u017cne b\u0119dzie otoczone pi\u0142kochwytami oraz siedziskami sportowymi dla kibic\u00f3w. W\u00a0pobli\u017cu zostan\u0105 zainstalowane tak\u017ce \u0142aweczki i\u00a0stojaki na rowery.<\/p>\n<p>Ten nowoczesny kompleks b\u0119dzie doskona\u0142ym miejscem do sp\u0119dzania wolnego czasu z\u00a0ca\u0142\u0105 rodzin\u0105. Urz\u0105dzenia sportowe b\u0119d\u0105 dostosowane zar\u00f3wno do dzieci, jak i\u00a0os\u00f3b starszych. To miejsce b\u0119dzie sprzyja\u0107 nie tylko rozwijaniu sprawno\u015bci fizycznej, ale tak\u017ce wsp\u00f3lnej zabawie.<\/p>\n<p>Ca\u0142kowity koszt inwestycji to 971 tys. z\u0142, z\u00a0czego 463 tys. z\u0142 pokryje dofinansowanie z\u00a0RPO WM 2014-2020. Przewiduje si\u0119, \u017ce inwestycja zostanie zrealizowana do ko\u0144ca 2019 roku.<\/p>\n<p><img loading=\"lazy\" decoding=\"async\" class=\"aligncenter size-medium wp-image-186979\" src=\"https:\/\/www.mojabochnia.pl\/wp-content\/uploads\/2018\/06\/DSC_2279-468x312.jpg\" alt=\"\" width=\"468\" height=\"312\" srcset=\"https:\/\/www.mojabochnia.pl\/wp-content\/uploads\/2018\/06\/DSC_2279-468x312.jpg 468w, https:\/\/www.mojabochnia.pl\/wp-content\/uploads\/2018\/06\/DSC_2279-120x80.jpg 120w, https:\/\/www.mojabochnia.pl\/wp-content\/uploads\/2018\/06\/DSC_2279-768x511.jpg 768w, https:\/\/www.mojabochnia.pl\/wp-content\/uploads\/2018\/06\/DSC_2279.jpg 1000w\" sizes=\"auto, (max-width: 468px) 100vw, 468px\" \/><\/p>\n<p><strong>Stra\u017cacy z\u00a0OSP zyskaj\u0105 nowy sprz\u0119t<\/strong><\/p>\n<p>Dzi\u0119ki jednej z\u00a0podpisanych um\u00f3w, jeszcze w\u00a0tym roku, wsparcie finansowe otrzymaj\u0105 Ochotnicze Stra\u017ce Po\u017carne z\u00a0terenu gminy Bochnia. Dofinansowanie unijne w\u00a0wysoko\u015bci 387 tys. z\u0142 pozwoli na zakup woz\u00f3w po\u017carniczych lekkich, kt\u00f3re daj\u0105 szans\u0119 na szybk\u0105 reakcj\u0119 w\u00a0sytuacji zagro\u017cenia \u2013 u\u0142atwiaj\u0105 transport ekipy ratunkowej czy dow\u00f3z niezb\u0119dnych akcesori\u00f3w.<\/p>\n<p>Stra\u017cacy ochotnicy zyskaj\u0105 tak\u017ce sprz\u0119t, kt\u00f3ry nie tylko u\u0142atwi im codzienn\u0105 prac\u0119, ale co najwa\u017cniejsze podniesie poziom bezpiecze\u0144stwa mieszka\u0144c\u00f3w. Mog\u0105 by\u0107 oni pewni, \u017ce w\u00a0razie interwencji ratownicy b\u0119d\u0105 dysponowa\u0107 najnowocze\u015bniejszym sprz\u0119tem. Zaplanowano zakup m.in.: pompy szlamowej czy w\u0119\u017ca ssawnego, niezb\u0119dnych podczas powodzi czy podtopie\u0144.<\/p>\n<p>Ponadto zostan\u0105 zakupione systemy selektywnego alarmowania, dzi\u0119ki kt\u00f3rym sygna\u0142 o\u00a0zagro\u017ceniach dotrze do danej jednostki OSP radiowo, a\u00a0nast\u0119pnie zostanie r\u0119cznie uruchomiony przez dy\u017curnego.<\/p>\n<p>Koszt zadania szacowny jest na ponad 553 tys. z\u0142.<\/p>\n<p><img loading=\"lazy\" decoding=\"async\" class=\"aligncenter size-medium wp-image-186980\" src=\"https:\/\/www.mojabochnia.pl\/wp-content\/uploads\/2018\/06\/DSC_2305-468x312.jpg\" alt=\"\" width=\"468\" height=\"312\" srcset=\"https:\/\/www.mojabochnia.pl\/wp-content\/uploads\/2018\/06\/DSC_2305-468x312.jpg 468w, https:\/\/www.mojabochnia.pl\/wp-content\/uploads\/2018\/06\/DSC_2305-120x80.jpg 120w, https:\/\/www.mojabochnia.pl\/wp-content\/uploads\/2018\/06\/DSC_2305-768x511.jpg 768w, https:\/\/www.mojabochnia.pl\/wp-content\/uploads\/2018\/06\/DSC_2305.jpg 1000w\" sizes=\"auto, (max-width: 468px) 100vw, 468px\" \/><\/p>\n<p>____<\/p>\n<p>\u017ar\u00f3d\u0142o: malopolska.pl<\/p>\n\t  \r\n\t\r\n\t    <div class=\"mb-gallery\">\r\n\t    <a href=\"https:\/\/www.mojabochnia.pl\/?attachment_id=186977\" class=\"\"><img loading=\"lazy\" decoding=\"async\" width=\"100\" height=\"100\" src=\"https:\/\/www.mojabochnia.pl\/wp-content\/uploads\/2018\/06\/DSC_2229-100x100.jpg\" class=\"attachment-100x100 size-100x100\" alt=\"\" \/><\/a><a href=\"https:\/\/www.mojabochnia.pl\/?attachment_id=186978\" class=\"\"><img loading=\"lazy\" decoding=\"async\" width=\"100\" height=\"100\" src=\"https:\/\/www.mojabochnia.pl\/wp-content\/uploads\/2018\/06\/DSC_2267-100x100.jpg\" class=\"attachment-100x100 size-100x100\" alt=\"\" \/><\/a><a href=\"https:\/\/www.mojabochnia.pl\/?attachment_id=186979\" class=\"\"><img loading=\"lazy\" decoding=\"async\" width=\"100\" height=\"100\" src=\"https:\/\/www.mojabochnia.pl\/wp-content\/uploads\/2018\/06\/DSC_2279-100x100.jpg\" class=\"attachment-100x100 size-100x100\" alt=\"\" \/><\/a><a href=\"https:\/\/www.mojabochnia.pl\/?attachment_id=186980\" class=\"\"><img loading=\"lazy\" decoding=\"async\" width=\"100\" height=\"100\" src=\"https:\/\/www.mojabochnia.pl\/wp-content\/uploads\/2018\/06\/DSC_2305-100x100.jpg\" class=\"attachment-100x100 size-100x100\" alt=\"\" \/><\/a>\t    <\/div>\r\n\t    ","protected":false},"excerpt":{"rendered":"<p>Cztery projekty rewitalizacyjne w\u00a0gminie Bochnia, a\u00a0w\u015br\u00f3d nich modernizacja przedszkola w\u00a0Moszczenicy czy remont dawnej szko\u0142y w\u00a0Cikowicach, gdzie zaplanowano bibliotek\u0119 multimedialn\u0105 i\u00a0sal\u0119 zabaw dla dzieci \u2013 to inwestycje, kt\u00f3re ju\u017c wkr\u00f3tce zostan\u0105 zrealizowane w\u00a0powiecie boche\u0144skim. Dzi\u0119ki \u015brodkom unijnym na terenie \u201eTargowicy\u201d w\u00a0Nowym Wi\u015bniczu powstanie nowoczesny obiekt sportowo-rekreacyjny. Dofinansowany zostanie tak\u017ce projekt zwi\u0105zany z\u00a0doposa\u017ceniem jednostek OSP na boche\u0144skiej<\/p>\n","protected":false},"author":8,"featured_media":186977,"comment_status":"open","ping_status":"closed","sticky":false,"template":"","format":"standard","meta":{"_acf_changed":false,"footnotes":""},"categories":[5,6251,6250],"tags":[17225,17986,17118,3893,19720],"class_list":["post-186975","post","type-post","status-publish","format-standard","has-post-thumbnail","hentry","category-biezace-wydarzenia","category-polityka-i-wydarzenia","category-tematyka","tag-gmina-bochnia","tag-gmina-nowy-wisnicz1","tag-wisnicz","tag-stanislaw-sorys","tag-top-temat","main_tag-malopolska"],"acf":[],"yoast_head":"<!-- This site is optimized with the Yoast SEO plugin v26.9 - https:\/\/yoast.com\/product\/yoast-seo-wordpress\/ -->\n<title>Powiat boche\u0144ski: Kolejne inwestycje z my\u015bl\u0105 o mieszka\u0144cach - mojabochnia.pl - portal informacyjny<\/title>\n<meta name=\"robots\" content=\"index, follow, max-snippet:-1, max-image-preview:large, max-video-preview:-1\" \/>\n<link rel=\"canonical\" href=\"https:\/\/www.mojabochnia.pl\/?p=186975\" \/>\n<meta property=\"og:locale\" content=\"pl_PL\" \/>\n<meta property=\"og:type\" content=\"article\" \/>\n<meta property=\"og:title\" content=\"Powiat boche\u0144ski: Kolejne inwestycje z my\u015bl\u0105 o mieszka\u0144cach - mojabochnia.pl - portal informacyjny\" \/>\n<meta property=\"og:description\" content=\"Cztery projekty rewitalizacyjne w\u00a0gminie Bochnia, a\u00a0w\u015br\u00f3d nich modernizacja przedszkola w\u00a0Moszczenicy czy remont dawnej szko\u0142y w\u00a0Cikowicach, gdzie zaplanowano bibliotek\u0119 multimedialn\u0105 i\u00a0sal\u0119 zabaw dla dzieci \u2013 to inwestycje, kt\u00f3re ju\u017c wkr\u00f3tce zostan\u0105 zrealizowane w\u00a0powiecie boche\u0144skim. Dzi\u0119ki \u015brodkom unijnym na terenie \u201eTargowicy\u201d w\u00a0Nowym Wi\u015bniczu powstanie nowoczesny obiekt sportowo-rekreacyjny. Dofinansowany zostanie tak\u017ce projekt zwi\u0105zany z\u00a0doposa\u017ceniem jednostek OSP na boche\u0144skiej\" \/>\n<meta property=\"og:url\" content=\"https:\/\/www.mojabochnia.pl\/?p=186975\" \/>\n<meta property=\"og:site_name\" content=\"mojabochnia.pl - portal informacyjny\" \/>\n<meta property=\"article:publisher\" content=\"https:\/\/www.facebook.com\/mojabochnia\" \/>\n<meta property=\"article:published_time\" content=\"2018-06-27T15:14:29+00:00\" \/>\n<meta property=\"og:image\" content=\"https:\/\/www.mojabochnia.pl\/wp-content\/uploads\/2018\/06\/DSC_2229.jpg\" \/>\n\t<meta property=\"og:image:width\" content=\"1000\" \/>\n\t<meta property=\"og:image:height\" content=\"666\" \/>\n\t<meta property=\"og:image:type\" content=\"image\/jpeg\" \/>\n<meta name=\"author\" content=\"informacja prasowa\" \/>\n<meta name=\"twitter:card\" content=\"summary_large_image\" \/>\n<meta name=\"twitter:label1\" content=\"Written by\" \/>\n\t<meta name=\"twitter:data1\" content=\"informacja prasowa\" \/>\n\t<meta name=\"twitter:label2\" content=\"Est. reading time\" \/>\n\t<meta name=\"twitter:data2\" content=\"4 minuty\" \/>\n<script type=\"application\/ld+json\" class=\"yoast-schema-graph\">{\"@context\":\"https:\/\/schema.org\",\"@graph\":[{\"@type\":\"Article\",\"@id\":\"https:\/\/www.mojabochnia.pl\/?p=186975#article\",\"isPartOf\":{\"@id\":\"https:\/\/www.mojabochnia.pl\/?p=186975\"},\"author\":{\"name\":\"informacja prasowa\",\"@id\":\"https:\/\/www.mojabochnia.pl\/#\/schema\/person\/9e15cf1bcb74043790f124a3130fe41e\"},\"headline\":\"Powiat boche\u0144ski: Kolejne inwestycje z my\u015bl\u0105 o mieszka\u0144cach\",\"datePublished\":\"2018-06-27T15:14:29+00:00\",\"mainEntityOfPage\":{\"@id\":\"https:\/\/www.mojabochnia.pl\/?p=186975\"},\"wordCount\":892,\"commentCount\":0,\"publisher\":{\"@id\":\"https:\/\/www.mojabochnia.pl\/#organization\"},\"image\":{\"@id\":\"https:\/\/www.mojabochnia.pl\/?p=186975#primaryimage\"},\"thumbnailUrl\":\"https:\/\/www.mojabochnia.pl\/wp-content\/uploads\/2018\/06\/DSC_2229.jpg\",\"keywords\":[\"gmina bochnia\",\"gmina nowy wi\u015bnicz\",\"Nowy Wi\u015bnicz\",\"stanis\u0142aw sorys\",\"top temat\"],\"articleSection\":[\"2_ostatnie\",\"polityka i wydarzenia\",\"tematyka\"],\"inLanguage\":\"pl-PL\",\"potentialAction\":[{\"@type\":\"CommentAction\",\"name\":\"Comment\",\"target\":[\"https:\/\/www.mojabochnia.pl\/?p=186975#respond\"]}]},{\"@type\":\"WebPage\",\"@id\":\"https:\/\/www.mojabochnia.pl\/?p=186975\",\"url\":\"https:\/\/www.mojabochnia.pl\/?p=186975\",\"name\":\"Powiat boche\u0144ski: Kolejne inwestycje z my\u015bl\u0105 o mieszka\u0144cach - mojabochnia.pl - portal informacyjny\",\"isPartOf\":{\"@id\":\"https:\/\/www.mojabochnia.pl\/#website\"},\"primaryImageOfPage\":{\"@id\":\"https:\/\/www.mojabochnia.pl\/?p=186975#primaryimage\"},\"image\":{\"@id\":\"https:\/\/www.mojabochnia.pl\/?p=186975#primaryimage\"},\"thumbnailUrl\":\"https:\/\/www.mojabochnia.pl\/wp-content\/uploads\/2018\/06\/DSC_2229.jpg\",\"datePublished\":\"2018-06-27T15:14:29+00:00\",\"breadcrumb\":{\"@id\":\"https:\/\/www.mojabochnia.pl\/?p=186975#breadcrumb\"},\"inLanguage\":\"pl-PL\",\"potentialAction\":[{\"@type\":\"ReadAction\",\"target\":[\"https:\/\/www.mojabochnia.pl\/?p=186975\"]}]},{\"@type\":\"ImageObject\",\"inLanguage\":\"pl-PL\",\"@id\":\"https:\/\/www.mojabochnia.pl\/?p=186975#primaryimage\",\"url\":\"https:\/\/www.mojabochnia.pl\/wp-content\/uploads\/2018\/06\/DSC_2229.jpg\",\"contentUrl\":\"https:\/\/www.mojabochnia.pl\/wp-content\/uploads\/2018\/06\/DSC_2229.jpg\",\"width\":1000,\"height\":666},{\"@type\":\"BreadcrumbList\",\"@id\":\"https:\/\/www.mojabochnia.pl\/?p=186975#breadcrumb\",\"itemListElement\":[{\"@type\":\"ListItem\",\"position\":1,\"name\":\"Home\",\"item\":\"https:\/\/www.mojabochnia.pl\/\"},{\"@type\":\"ListItem\",\"position\":2,\"name\":\"Powiat boche\u0144ski: Kolejne inwestycje z my\u015bl\u0105 o mieszka\u0144cach\"}]},{\"@type\":\"WebSite\",\"@id\":\"https:\/\/www.mojabochnia.pl\/#website\",\"url\":\"https:\/\/www.mojabochnia.pl\/\",\"name\":\"mojabochnia.pl - portal informacyjny\",\"description\":\"mojaBochnia to portal informacyjny o Bochni. Codziennie o Bochni piszemy i pokazujemy najwa\u017cniejsze wydarzenia\",\"publisher\":{\"@id\":\"https:\/\/www.mojabochnia.pl\/#organization\"},\"potentialAction\":[{\"@type\":\"SearchAction\",\"target\":{\"@type\":\"EntryPoint\",\"urlTemplate\":\"https:\/\/www.mojabochnia.pl\/?s={search_term_string}\"},\"query-input\":{\"@type\":\"PropertyValueSpecification\",\"valueRequired\":true,\"valueName\":\"search_term_string\"}}],\"inLanguage\":\"pl-PL\"},{\"@type\":\"Organization\",\"@id\":\"https:\/\/www.mojabochnia.pl\/#organization\",\"name\":\"mojabochnia.pl - portal informacyjny\",\"url\":\"https:\/\/www.mojabochnia.pl\/\",\"logo\":{\"@type\":\"ImageObject\",\"inLanguage\":\"pl-PL\",\"@id\":\"https:\/\/www.mojabochnia.pl\/#\/schema\/logo\/image\/\",\"url\":\"https:\/\/www.mojabochnia.pl\/wp-content\/uploads\/2017\/08\/logo-mb-opt.png\",\"contentUrl\":\"https:\/\/www.mojabochnia.pl\/wp-content\/uploads\/2017\/08\/logo-mb-opt.png\",\"width\":250,\"height\":48,\"caption\":\"mojabochnia.pl - portal informacyjny\"},\"image\":{\"@id\":\"https:\/\/www.mojabochnia.pl\/#\/schema\/logo\/image\/\"},\"sameAs\":[\"https:\/\/www.facebook.com\/mojabochnia\"]},{\"@type\":\"Person\",\"@id\":\"https:\/\/www.mojabochnia.pl\/#\/schema\/person\/9e15cf1bcb74043790f124a3130fe41e\",\"name\":\"informacja prasowa\",\"sameAs\":[\"http:\/\/\"],\"url\":\"https:\/\/www.mojabochnia.pl\/?author=8\"}]}<\/script>\n<!-- \/ Yoast SEO plugin. -->","yoast_head_json":{"title":"Powiat boche\u0144ski: Kolejne inwestycje z my\u015bl\u0105 o mieszka\u0144cach - mojabochnia.pl - portal informacyjny","robots":{"index":"index","follow":"follow","max-snippet":"max-snippet:-1","max-image-preview":"max-image-preview:large","max-video-preview":"max-video-preview:-1"},"canonical":"https:\/\/www.mojabochnia.pl\/?p=186975","og_locale":"pl_PL","og_type":"article","og_title":"Powiat boche\u0144ski: Kolejne inwestycje z my\u015bl\u0105 o mieszka\u0144cach - mojabochnia.pl - portal informacyjny","og_description":"Cztery projekty rewitalizacyjne w\u00a0gminie Bochnia, a\u00a0w\u015br\u00f3d nich modernizacja przedszkola w\u00a0Moszczenicy czy remont dawnej szko\u0142y w\u00a0Cikowicach, gdzie zaplanowano bibliotek\u0119 multimedialn\u0105 i\u00a0sal\u0119 zabaw dla dzieci \u2013 to inwestycje, kt\u00f3re ju\u017c wkr\u00f3tce zostan\u0105 zrealizowane w\u00a0powiecie boche\u0144skim. Dzi\u0119ki \u015brodkom unijnym na terenie \u201eTargowicy\u201d w\u00a0Nowym Wi\u015bniczu powstanie nowoczesny obiekt sportowo-rekreacyjny. Dofinansowany zostanie tak\u017ce projekt zwi\u0105zany z\u00a0doposa\u017ceniem jednostek OSP na boche\u0144skiej","og_url":"https:\/\/www.mojabochnia.pl\/?p=186975","og_site_name":"mojabochnia.pl - portal informacyjny","article_publisher":"https:\/\/www.facebook.com\/mojabochnia","article_published_time":"2018-06-27T15:14:29+00:00","og_image":[{"width":1000,"height":666,"url":"https:\/\/www.mojabochnia.pl\/wp-content\/uploads\/2018\/06\/DSC_2229.jpg","type":"image\/jpeg"}],"author":"informacja prasowa","twitter_card":"summary_large_image","twitter_misc":{"Written by":"informacja prasowa","Est. reading time":"4 minuty"},"schema":{"@context":"https:\/\/schema.org","@graph":[{"@type":"Article","@id":"https:\/\/www.mojabochnia.pl\/?p=186975#article","isPartOf":{"@id":"https:\/\/www.mojabochnia.pl\/?p=186975"},"author":{"name":"informacja prasowa","@id":"https:\/\/www.mojabochnia.pl\/#\/schema\/person\/9e15cf1bcb74043790f124a3130fe41e"},"headline":"Powiat boche\u0144ski: Kolejne inwestycje z my\u015bl\u0105 o mieszka\u0144cach","datePublished":"2018-06-27T15:14:29+00:00","mainEntityOfPage":{"@id":"https:\/\/www.mojabochnia.pl\/?p=186975"},"wordCount":892,"commentCount":0,"publisher":{"@id":"https:\/\/www.mojabochnia.pl\/#organization"},"image":{"@id":"https:\/\/www.mojabochnia.pl\/?p=186975#primaryimage"},"thumbnailUrl":"https:\/\/www.mojabochnia.pl\/wp-content\/uploads\/2018\/06\/DSC_2229.jpg","keywords":["gmina bochnia","gmina nowy wi\u015bnicz","Nowy Wi\u015bnicz","stanis\u0142aw sorys","top temat"],"articleSection":["2_ostatnie","polityka i wydarzenia","tematyka"],"inLanguage":"pl-PL","potentialAction":[{"@type":"CommentAction","name":"Comment","target":["https:\/\/www.mojabochnia.pl\/?p=186975#respond"]}]},{"@type":"WebPage","@id":"https:\/\/www.mojabochnia.pl\/?p=186975","url":"https:\/\/www.mojabochnia.pl\/?p=186975","name":"Powiat boche\u0144ski: Kolejne inwestycje z my\u015bl\u0105 o mieszka\u0144cach - mojabochnia.pl - portal informacyjny","isPartOf":{"@id":"https:\/\/www.mojabochnia.pl\/#website"},"primaryImageOfPage":{"@id":"https:\/\/www.mojabochnia.pl\/?p=186975#primaryimage"},"image":{"@id":"https:\/\/www.mojabochnia.pl\/?p=186975#primaryimage"},"thumbnailUrl":"https:\/\/www.mojabochnia.pl\/wp-content\/uploads\/2018\/06\/DSC_2229.jpg","datePublished":"2018-06-27T15:14:29+00:00","breadcrumb":{"@id":"https:\/\/www.mojabochnia.pl\/?p=186975#breadcrumb"},"inLanguage":"pl-PL","potentialAction":[{"@type":"ReadAction","target":["https:\/\/www.mojabochnia.pl\/?p=186975"]}]},{"@type":"ImageObject","inLanguage":"pl-PL","@id":"https:\/\/www.mojabochnia.pl\/?p=186975#primaryimage","url":"https:\/\/www.mojabochnia.pl\/wp-content\/uploads\/2018\/06\/DSC_2229.jpg","contentUrl":"https:\/\/www.mojabochnia.pl\/wp-content\/uploads\/2018\/06\/DSC_2229.jpg","width":1000,"height":666},{"@type":"BreadcrumbList","@id":"https:\/\/www.mojabochnia.pl\/?p=186975#breadcrumb","itemListElement":[{"@type":"ListItem","position":1,"name":"Home","item":"https:\/\/www.mojabochnia.pl\/"},{"@type":"ListItem","position":2,"name":"Powiat boche\u0144ski: Kolejne inwestycje z my\u015bl\u0105 o mieszka\u0144cach"}]},{"@type":"WebSite","@id":"https:\/\/www.mojabochnia.pl\/#website","url":"https:\/\/www.mojabochnia.pl\/","name":"mojabochnia.pl - portal informacyjny","description":"mojaBochnia to portal informacyjny o Bochni. Codziennie o Bochni piszemy i pokazujemy najwa\u017cniejsze wydarzenia","publisher":{"@id":"https:\/\/www.mojabochnia.pl\/#organization"},"potentialAction":[{"@type":"SearchAction","target":{"@type":"EntryPoint","urlTemplate":"https:\/\/www.mojabochnia.pl\/?s={search_term_string}"},"query-input":{"@type":"PropertyValueSpecification","valueRequired":true,"valueName":"search_term_string"}}],"inLanguage":"pl-PL"},{"@type":"Organization","@id":"https:\/\/www.mojabochnia.pl\/#organization","name":"mojabochnia.pl - portal informacyjny","url":"https:\/\/www.mojabochnia.pl\/","logo":{"@type":"ImageObject","inLanguage":"pl-PL","@id":"https:\/\/www.mojabochnia.pl\/#\/schema\/logo\/image\/","url":"https:\/\/www.mojabochnia.pl\/wp-content\/uploads\/2017\/08\/logo-mb-opt.png","contentUrl":"https:\/\/www.mojabochnia.pl\/wp-content\/uploads\/2017\/08\/logo-mb-opt.png","width":250,"height":48,"caption":"mojabochnia.pl - portal informacyjny"},"image":{"@id":"https:\/\/www.mojabochnia.pl\/#\/schema\/logo\/image\/"},"sameAs":["https:\/\/www.facebook.com\/mojabochnia"]},{"@type":"Person","@id":"https:\/\/www.mojabochnia.pl\/#\/schema\/person\/9e15cf1bcb74043790f124a3130fe41e","name":"informacja prasowa","sameAs":["http:\/\/"],"url":"https:\/\/www.mojabochnia.pl\/?author=8"}]}},"_links":{"self":[{"href":"https:\/\/www.mojabochnia.pl\/index.php?rest_route=\/wp\/v2\/posts\/186975","targetHints":{"allow":["GET"]}}],"collection":[{"href":"https:\/\/www.mojabochnia.pl\/index.php?rest_route=\/wp\/v2\/posts"}],"about":[{"href":"https:\/\/www.mojabochnia.pl\/index.php?rest_route=\/wp\/v2\/types\/post"}],"author":[{"embeddable":true,"href":"https:\/\/www.mojabochnia.pl\/index.php?rest_route=\/wp\/v2\/users\/8"}],"replies":[{"embeddable":true,"href":"https:\/\/www.mojabochnia.pl\/index.php?rest_route=%2Fwp%2Fv2%2Fcomments&post=186975"}],"version-history":[{"count":1,"href":"https:\/\/www.mojabochnia.pl\/index.php?rest_route=\/wp\/v2\/posts\/186975\/revisions"}],"predecessor-version":[{"id":186981,"href":"https:\/\/www.mojabochnia.pl\/index.php?rest_route=\/wp\/v2\/posts\/186975\/revisions\/186981"}],"wp:featuredmedia":[{"embeddable":true,"href":"https:\/\/www.mojabochnia.pl\/index.php?rest_route=\/wp\/v2\/media\/186977"}],"wp:attachment":[{"href":"https:\/\/www.mojabochnia.pl\/index.php?rest_route=%2Fwp%2Fv2%2Fmedia&parent=186975"}],"wp:term":[{"taxonomy":"category","embeddable":true,"href":"https:\/\/www.mojabochnia.pl\/index.php?rest_route=%2Fwp%2Fv2%2Fcategories&post=186975"},{"taxonomy":"post_tag","embeddable":true,"href":"https:\/\/www.mojabochnia.pl\/index.php?rest_route=%2Fwp%2Fv2%2Ftags&post=186975"}],"curies":[{"name":"wp","href":"https:\/\/api.w.org\/{rel}","templated":true}]}}