{"id":186951,"date":"2018-06-25T13:32:30","date_gmt":"2018-06-25T11:32:30","guid":{"rendered":"https:\/\/www.mojabochnia.pl\/?p=186951"},"modified":"2018-06-25T13:34:14","modified_gmt":"2018-06-25T11:34:14","slug":"ponad-2-tysiace-zlotych-zebrano-podczas-spektaklu-spiaca-krolewna","status":"publish","type":"post","link":"https:\/\/www.mojabochnia.pl\/?p=186951","title":{"rendered":"Ponad 2 tysi\u0105ce z\u0142otych zebrano podczas spektaklu ,,\u015api\u0105ca kr\u00f3lewna&#8221;"},"content":{"rendered":"<p class=\"ox-1abc050deb-MsoNormal\"><strong><span class=\"ox-1abc050deb-gmail-5yl5\">Ponad 2 tysi\u0105ce z\u0142otych zebrano podczas charytatywnego przedstawienia ,,\u015api\u0105ca kr\u00f3lewna &#8222;, kt\u00f3re odby\u0142o si\u0119 w niedziel\u0119 w Parku Uzbornia. Mimo niesprzyjaj\u0105cej aury, parkowy amfiteatr zape\u0142ni\u0142 si\u0119 publiczno\u015bci\u0105 i w\u015br\u00f3d ciep\u0142ej, wr\u0119cz rodzinnej atmosfery odby\u0142 si\u0119 spektakl, podczas kt\u00f3rego prowadzona by\u0142a kwesta. <\/span><\/strong><\/p>\n<p class=\"ox-1abc050deb-MsoNormal\"><span class=\"ox-1abc050deb-gmail-5yl5\">Prosta, acz oryginalna scenografia i ciekawa interpretacja ba\u015bni, a tak\u017ce wyj\u0105tkowy klimat, kt\u00f3ry stworzyli rodzice i ich dzieci, a tak\u017ce ca\u0142a publiczno\u015b\u0107 sprawi\u0142, i\u017c nad parkowym wzg\u00f3rzem na chwil\u0119 za\u015bwieci\u0142o s\u0142o\u0144ce. W\u015br\u00f3d widz\u00f3w nie zabrak\u0142o tak\u017ce ma\u0142ego Micha\u0142ka wraz z rodzicami, kt\u00f3rzy serdecznie podzi\u0119kowali za <\/span><span class=\"ox-1abc050deb-gmail-st\">ten gest i zebrane \u015brodki, kt\u00f3re wykorzystane zostan\u0105 na leczenie i <\/span>rehabilitacj\u0119 ch\u0142opca.\u00a0<span class=\"ox-1abc050deb-gmail-5yl5\"><br \/>\n<\/span><\/p>\n<p>___<\/p>\n<p>Organizatorzy<\/p>\n","protected":false},"excerpt":{"rendered":"<p>Ponad 2 tysi\u0105ce z\u0142otych zebrano podczas charytatywnego przedstawienia ,,\u015api\u0105ca kr\u00f3lewna &#8222;, kt\u00f3re odby\u0142o si\u0119 w niedziel\u0119 w Parku Uzbornia. Mimo niesprzyjaj\u0105cej aury, parkowy amfiteatr zape\u0142ni\u0142 si\u0119 publiczno\u015bci\u0105 i w\u015br\u00f3d ciep\u0142ej, wr\u0119cz rodzinnej atmosfery odby\u0142 si\u0119 spektakl, podczas kt\u00f3rego prowadzona by\u0142a kwesta. Prosta, acz oryginalna scenografia i ciekawa interpretacja ba\u015bni, a tak\u017ce wyj\u0105tkowy klimat, kt\u00f3ry stworzyli<\/p>\n","protected":false},"author":8,"featured_media":186953,"comment_status":"open","ping_status":"closed","sticky":false,"template":"","format":"standard","meta":{"_acf_changed":false,"footnotes":""},"categories":[5,6251,6250],"tags":[20678],"class_list":["post-186951","post","type-post","status-publish","format-standard","has-post-thumbnail","hentry","category-biezace-wydarzenia","category-polityka-i-wydarzenia","category-tematyka","tag-spiaca-krolewna"],"acf":[],"yoast_head":"<!-- This site is optimized with the Yoast SEO plugin v26.9 - https:\/\/yoast.com\/product\/yoast-seo-wordpress\/ -->\n<title>Ponad 2 tysi\u0105ce z\u0142otych zebrano podczas spektaklu ,,\u015api\u0105ca kr\u00f3lewna&quot; - mojabochnia.pl - portal informacyjny<\/title>\n<meta name=\"robots\" content=\"index, follow, max-snippet:-1, max-image-preview:large, max-video-preview:-1\" \/>\n<link rel=\"canonical\" href=\"https:\/\/www.mojabochnia.pl\/?p=186951\" \/>\n<meta property=\"og:locale\" content=\"pl_PL\" \/>\n<meta property=\"og:type\" content=\"article\" \/>\n<meta property=\"og:title\" content=\"Ponad 2 tysi\u0105ce z\u0142otych zebrano podczas spektaklu ,,\u015api\u0105ca kr\u00f3lewna&quot; - mojabochnia.pl - portal informacyjny\" \/>\n<meta property=\"og:description\" content=\"Ponad 2 tysi\u0105ce z\u0142otych zebrano podczas charytatywnego przedstawienia ,,\u015api\u0105ca kr\u00f3lewna &#8222;, kt\u00f3re odby\u0142o si\u0119 w niedziel\u0119 w Parku Uzbornia. Mimo niesprzyjaj\u0105cej aury, parkowy amfiteatr zape\u0142ni\u0142 si\u0119 publiczno\u015bci\u0105 i w\u015br\u00f3d ciep\u0142ej, wr\u0119cz rodzinnej atmosfery odby\u0142 si\u0119 spektakl, podczas kt\u00f3rego prowadzona by\u0142a kwesta. Prosta, acz oryginalna scenografia i ciekawa interpretacja ba\u015bni, a tak\u017ce wyj\u0105tkowy klimat, kt\u00f3ry stworzyli\" \/>\n<meta property=\"og:url\" content=\"https:\/\/www.mojabochnia.pl\/?p=186951\" \/>\n<meta property=\"og:site_name\" content=\"mojabochnia.pl - portal informacyjny\" \/>\n<meta property=\"article:publisher\" content=\"https:\/\/www.facebook.com\/mojabochnia\" \/>\n<meta property=\"article:published_time\" content=\"2018-06-25T11:32:30+00:00\" \/>\n<meta property=\"article:modified_time\" content=\"2018-06-25T11:34:14+00:00\" \/>\n<meta property=\"og:image\" content=\"https:\/\/www.mojabochnia.pl\/wp-content\/uploads\/2018\/06\/35972930_1964441453590440_2169486366025449472_n.jpg\" \/>\n\t<meta property=\"og:image:width\" content=\"960\" \/>\n\t<meta property=\"og:image:height\" content=\"720\" \/>\n\t<meta property=\"og:image:type\" content=\"image\/jpeg\" \/>\n<meta name=\"author\" content=\"informacja prasowa\" \/>\n<meta name=\"twitter:card\" content=\"summary_large_image\" \/>\n<meta name=\"twitter:label1\" content=\"Written by\" \/>\n\t<meta name=\"twitter:data1\" content=\"informacja prasowa\" \/>\n\t<meta name=\"twitter:label2\" content=\"Est. reading time\" \/>\n\t<meta name=\"twitter:data2\" content=\"1 minuta\" \/>\n<script type=\"application\/ld+json\" class=\"yoast-schema-graph\">{\"@context\":\"https:\/\/schema.org\",\"@graph\":[{\"@type\":\"Article\",\"@id\":\"https:\/\/www.mojabochnia.pl\/?p=186951#article\",\"isPartOf\":{\"@id\":\"https:\/\/www.mojabochnia.pl\/?p=186951\"},\"author\":{\"name\":\"informacja prasowa\",\"@id\":\"https:\/\/www.mojabochnia.pl\/#\/schema\/person\/9e15cf1bcb74043790f124a3130fe41e\"},\"headline\":\"Ponad 2 tysi\u0105ce z\u0142otych zebrano podczas spektaklu ,,\u015api\u0105ca kr\u00f3lewna&#8221;\",\"datePublished\":\"2018-06-25T11:32:30+00:00\",\"dateModified\":\"2018-06-25T11:34:14+00:00\",\"mainEntityOfPage\":{\"@id\":\"https:\/\/www.mojabochnia.pl\/?p=186951\"},\"wordCount\":147,\"commentCount\":0,\"publisher\":{\"@id\":\"https:\/\/www.mojabochnia.pl\/#organization\"},\"image\":{\"@id\":\"https:\/\/www.mojabochnia.pl\/?p=186951#primaryimage\"},\"thumbnailUrl\":\"https:\/\/www.mojabochnia.pl\/wp-content\/uploads\/2018\/06\/35972930_1964441453590440_2169486366025449472_n.jpg\",\"keywords\":[\"\u015api\u0105ca kr\u00f3lewna \\\"\"],\"articleSection\":[\"2_ostatnie\",\"polityka i wydarzenia\",\"tematyka\"],\"inLanguage\":\"pl-PL\",\"potentialAction\":[{\"@type\":\"CommentAction\",\"name\":\"Comment\",\"target\":[\"https:\/\/www.mojabochnia.pl\/?p=186951#respond\"]}]},{\"@type\":\"WebPage\",\"@id\":\"https:\/\/www.mojabochnia.pl\/?p=186951\",\"url\":\"https:\/\/www.mojabochnia.pl\/?p=186951\",\"name\":\"Ponad 2 tysi\u0105ce z\u0142otych zebrano podczas spektaklu ,,\u015api\u0105ca kr\u00f3lewna\\\" - mojabochnia.pl - portal informacyjny\",\"isPartOf\":{\"@id\":\"https:\/\/www.mojabochnia.pl\/#website\"},\"primaryImageOfPage\":{\"@id\":\"https:\/\/www.mojabochnia.pl\/?p=186951#primaryimage\"},\"image\":{\"@id\":\"https:\/\/www.mojabochnia.pl\/?p=186951#primaryimage\"},\"thumbnailUrl\":\"https:\/\/www.mojabochnia.pl\/wp-content\/uploads\/2018\/06\/35972930_1964441453590440_2169486366025449472_n.jpg\",\"datePublished\":\"2018-06-25T11:32:30+00:00\",\"dateModified\":\"2018-06-25T11:34:14+00:00\",\"breadcrumb\":{\"@id\":\"https:\/\/www.mojabochnia.pl\/?p=186951#breadcrumb\"},\"inLanguage\":\"pl-PL\",\"potentialAction\":[{\"@type\":\"ReadAction\",\"target\":[\"https:\/\/www.mojabochnia.pl\/?p=186951\"]}]},{\"@type\":\"ImageObject\",\"inLanguage\":\"pl-PL\",\"@id\":\"https:\/\/www.mojabochnia.pl\/?p=186951#primaryimage\",\"url\":\"https:\/\/www.mojabochnia.pl\/wp-content\/uploads\/2018\/06\/35972930_1964441453590440_2169486366025449472_n.jpg\",\"contentUrl\":\"https:\/\/www.mojabochnia.pl\/wp-content\/uploads\/2018\/06\/35972930_1964441453590440_2169486366025449472_n.jpg\",\"width\":960,\"height\":720},{\"@type\":\"BreadcrumbList\",\"@id\":\"https:\/\/www.mojabochnia.pl\/?p=186951#breadcrumb\",\"itemListElement\":[{\"@type\":\"ListItem\",\"position\":1,\"name\":\"Home\",\"item\":\"https:\/\/www.mojabochnia.pl\/\"},{\"@type\":\"ListItem\",\"position\":2,\"name\":\"Ponad 2 tysi\u0105ce z\u0142otych zebrano podczas spektaklu ,,\u015api\u0105ca kr\u00f3lewna&#8221;\"}]},{\"@type\":\"WebSite\",\"@id\":\"https:\/\/www.mojabochnia.pl\/#website\",\"url\":\"https:\/\/www.mojabochnia.pl\/\",\"name\":\"mojabochnia.pl - portal informacyjny\",\"description\":\"mojaBochnia to portal informacyjny o Bochni. Codziennie o Bochni piszemy i pokazujemy najwa\u017cniejsze wydarzenia\",\"publisher\":{\"@id\":\"https:\/\/www.mojabochnia.pl\/#organization\"},\"potentialAction\":[{\"@type\":\"SearchAction\",\"target\":{\"@type\":\"EntryPoint\",\"urlTemplate\":\"https:\/\/www.mojabochnia.pl\/?s={search_term_string}\"},\"query-input\":{\"@type\":\"PropertyValueSpecification\",\"valueRequired\":true,\"valueName\":\"search_term_string\"}}],\"inLanguage\":\"pl-PL\"},{\"@type\":\"Organization\",\"@id\":\"https:\/\/www.mojabochnia.pl\/#organization\",\"name\":\"mojabochnia.pl - portal informacyjny\",\"url\":\"https:\/\/www.mojabochnia.pl\/\",\"logo\":{\"@type\":\"ImageObject\",\"inLanguage\":\"pl-PL\",\"@id\":\"https:\/\/www.mojabochnia.pl\/#\/schema\/logo\/image\/\",\"url\":\"https:\/\/www.mojabochnia.pl\/wp-content\/uploads\/2017\/08\/logo-mb-opt.png\",\"contentUrl\":\"https:\/\/www.mojabochnia.pl\/wp-content\/uploads\/2017\/08\/logo-mb-opt.png\",\"width\":250,\"height\":48,\"caption\":\"mojabochnia.pl - portal informacyjny\"},\"image\":{\"@id\":\"https:\/\/www.mojabochnia.pl\/#\/schema\/logo\/image\/\"},\"sameAs\":[\"https:\/\/www.facebook.com\/mojabochnia\"]},{\"@type\":\"Person\",\"@id\":\"https:\/\/www.mojabochnia.pl\/#\/schema\/person\/9e15cf1bcb74043790f124a3130fe41e\",\"name\":\"informacja prasowa\",\"sameAs\":[\"http:\/\/\"],\"url\":\"https:\/\/www.mojabochnia.pl\/?author=8\"}]}<\/script>\n<!-- \/ Yoast SEO plugin. -->","yoast_head_json":{"title":"Ponad 2 tysi\u0105ce z\u0142otych zebrano podczas spektaklu ,,\u015api\u0105ca kr\u00f3lewna\" - mojabochnia.pl - portal informacyjny","robots":{"index":"index","follow":"follow","max-snippet":"max-snippet:-1","max-image-preview":"max-image-preview:large","max-video-preview":"max-video-preview:-1"},"canonical":"https:\/\/www.mojabochnia.pl\/?p=186951","og_locale":"pl_PL","og_type":"article","og_title":"Ponad 2 tysi\u0105ce z\u0142otych zebrano podczas spektaklu ,,\u015api\u0105ca kr\u00f3lewna\" - mojabochnia.pl - portal informacyjny","og_description":"Ponad 2 tysi\u0105ce z\u0142otych zebrano podczas charytatywnego przedstawienia ,,\u015api\u0105ca kr\u00f3lewna &#8222;, kt\u00f3re odby\u0142o si\u0119 w niedziel\u0119 w Parku Uzbornia. Mimo niesprzyjaj\u0105cej aury, parkowy amfiteatr zape\u0142ni\u0142 si\u0119 publiczno\u015bci\u0105 i w\u015br\u00f3d ciep\u0142ej, wr\u0119cz rodzinnej atmosfery odby\u0142 si\u0119 spektakl, podczas kt\u00f3rego prowadzona by\u0142a kwesta. Prosta, acz oryginalna scenografia i ciekawa interpretacja ba\u015bni, a tak\u017ce wyj\u0105tkowy klimat, kt\u00f3ry stworzyli","og_url":"https:\/\/www.mojabochnia.pl\/?p=186951","og_site_name":"mojabochnia.pl - portal informacyjny","article_publisher":"https:\/\/www.facebook.com\/mojabochnia","article_published_time":"2018-06-25T11:32:30+00:00","article_modified_time":"2018-06-25T11:34:14+00:00","og_image":[{"width":960,"height":720,"url":"https:\/\/www.mojabochnia.pl\/wp-content\/uploads\/2018\/06\/35972930_1964441453590440_2169486366025449472_n.jpg","type":"image\/jpeg"}],"author":"informacja prasowa","twitter_card":"summary_large_image","twitter_misc":{"Written by":"informacja prasowa","Est. reading time":"1 minuta"},"schema":{"@context":"https:\/\/schema.org","@graph":[{"@type":"Article","@id":"https:\/\/www.mojabochnia.pl\/?p=186951#article","isPartOf":{"@id":"https:\/\/www.mojabochnia.pl\/?p=186951"},"author":{"name":"informacja prasowa","@id":"https:\/\/www.mojabochnia.pl\/#\/schema\/person\/9e15cf1bcb74043790f124a3130fe41e"},"headline":"Ponad 2 tysi\u0105ce z\u0142otych zebrano podczas spektaklu ,,\u015api\u0105ca kr\u00f3lewna&#8221;","datePublished":"2018-06-25T11:32:30+00:00","dateModified":"2018-06-25T11:34:14+00:00","mainEntityOfPage":{"@id":"https:\/\/www.mojabochnia.pl\/?p=186951"},"wordCount":147,"commentCount":0,"publisher":{"@id":"https:\/\/www.mojabochnia.pl\/#organization"},"image":{"@id":"https:\/\/www.mojabochnia.pl\/?p=186951#primaryimage"},"thumbnailUrl":"https:\/\/www.mojabochnia.pl\/wp-content\/uploads\/2018\/06\/35972930_1964441453590440_2169486366025449472_n.jpg","keywords":["\u015api\u0105ca kr\u00f3lewna \""],"articleSection":["2_ostatnie","polityka i wydarzenia","tematyka"],"inLanguage":"pl-PL","potentialAction":[{"@type":"CommentAction","name":"Comment","target":["https:\/\/www.mojabochnia.pl\/?p=186951#respond"]}]},{"@type":"WebPage","@id":"https:\/\/www.mojabochnia.pl\/?p=186951","url":"https:\/\/www.mojabochnia.pl\/?p=186951","name":"Ponad 2 tysi\u0105ce z\u0142otych zebrano podczas spektaklu ,,\u015api\u0105ca kr\u00f3lewna\" - mojabochnia.pl - portal informacyjny","isPartOf":{"@id":"https:\/\/www.mojabochnia.pl\/#website"},"primaryImageOfPage":{"@id":"https:\/\/www.mojabochnia.pl\/?p=186951#primaryimage"},"image":{"@id":"https:\/\/www.mojabochnia.pl\/?p=186951#primaryimage"},"thumbnailUrl":"https:\/\/www.mojabochnia.pl\/wp-content\/uploads\/2018\/06\/35972930_1964441453590440_2169486366025449472_n.jpg","datePublished":"2018-06-25T11:32:30+00:00","dateModified":"2018-06-25T11:34:14+00:00","breadcrumb":{"@id":"https:\/\/www.mojabochnia.pl\/?p=186951#breadcrumb"},"inLanguage":"pl-PL","potentialAction":[{"@type":"ReadAction","target":["https:\/\/www.mojabochnia.pl\/?p=186951"]}]},{"@type":"ImageObject","inLanguage":"pl-PL","@id":"https:\/\/www.mojabochnia.pl\/?p=186951#primaryimage","url":"https:\/\/www.mojabochnia.pl\/wp-content\/uploads\/2018\/06\/35972930_1964441453590440_2169486366025449472_n.jpg","contentUrl":"https:\/\/www.mojabochnia.pl\/wp-content\/uploads\/2018\/06\/35972930_1964441453590440_2169486366025449472_n.jpg","width":960,"height":720},{"@type":"BreadcrumbList","@id":"https:\/\/www.mojabochnia.pl\/?p=186951#breadcrumb","itemListElement":[{"@type":"ListItem","position":1,"name":"Home","item":"https:\/\/www.mojabochnia.pl\/"},{"@type":"ListItem","position":2,"name":"Ponad 2 tysi\u0105ce z\u0142otych zebrano podczas spektaklu ,,\u015api\u0105ca kr\u00f3lewna&#8221;"}]},{"@type":"WebSite","@id":"https:\/\/www.mojabochnia.pl\/#website","url":"https:\/\/www.mojabochnia.pl\/","name":"mojabochnia.pl - portal informacyjny","description":"mojaBochnia to portal informacyjny o Bochni. Codziennie o Bochni piszemy i pokazujemy najwa\u017cniejsze wydarzenia","publisher":{"@id":"https:\/\/www.mojabochnia.pl\/#organization"},"potentialAction":[{"@type":"SearchAction","target":{"@type":"EntryPoint","urlTemplate":"https:\/\/www.mojabochnia.pl\/?s={search_term_string}"},"query-input":{"@type":"PropertyValueSpecification","valueRequired":true,"valueName":"search_term_string"}}],"inLanguage":"pl-PL"},{"@type":"Organization","@id":"https:\/\/www.mojabochnia.pl\/#organization","name":"mojabochnia.pl - portal informacyjny","url":"https:\/\/www.mojabochnia.pl\/","logo":{"@type":"ImageObject","inLanguage":"pl-PL","@id":"https:\/\/www.mojabochnia.pl\/#\/schema\/logo\/image\/","url":"https:\/\/www.mojabochnia.pl\/wp-content\/uploads\/2017\/08\/logo-mb-opt.png","contentUrl":"https:\/\/www.mojabochnia.pl\/wp-content\/uploads\/2017\/08\/logo-mb-opt.png","width":250,"height":48,"caption":"mojabochnia.pl - portal informacyjny"},"image":{"@id":"https:\/\/www.mojabochnia.pl\/#\/schema\/logo\/image\/"},"sameAs":["https:\/\/www.facebook.com\/mojabochnia"]},{"@type":"Person","@id":"https:\/\/www.mojabochnia.pl\/#\/schema\/person\/9e15cf1bcb74043790f124a3130fe41e","name":"informacja prasowa","sameAs":["http:\/\/"],"url":"https:\/\/www.mojabochnia.pl\/?author=8"}]}},"_links":{"self":[{"href":"https:\/\/www.mojabochnia.pl\/index.php?rest_route=\/wp\/v2\/posts\/186951","targetHints":{"allow":["GET"]}}],"collection":[{"href":"https:\/\/www.mojabochnia.pl\/index.php?rest_route=\/wp\/v2\/posts"}],"about":[{"href":"https:\/\/www.mojabochnia.pl\/index.php?rest_route=\/wp\/v2\/types\/post"}],"author":[{"embeddable":true,"href":"https:\/\/www.mojabochnia.pl\/index.php?rest_route=\/wp\/v2\/users\/8"}],"replies":[{"embeddable":true,"href":"https:\/\/www.mojabochnia.pl\/index.php?rest_route=%2Fwp%2Fv2%2Fcomments&post=186951"}],"version-history":[{"count":4,"href":"https:\/\/www.mojabochnia.pl\/index.php?rest_route=\/wp\/v2\/posts\/186951\/revisions"}],"predecessor-version":[{"id":186957,"href":"https:\/\/www.mojabochnia.pl\/index.php?rest_route=\/wp\/v2\/posts\/186951\/revisions\/186957"}],"wp:featuredmedia":[{"embeddable":true,"href":"https:\/\/www.mojabochnia.pl\/index.php?rest_route=\/wp\/v2\/media\/186953"}],"wp:attachment":[{"href":"https:\/\/www.mojabochnia.pl\/index.php?rest_route=%2Fwp%2Fv2%2Fmedia&parent=186951"}],"wp:term":[{"taxonomy":"category","embeddable":true,"href":"https:\/\/www.mojabochnia.pl\/index.php?rest_route=%2Fwp%2Fv2%2Fcategories&post=186951"},{"taxonomy":"post_tag","embeddable":true,"href":"https:\/\/www.mojabochnia.pl\/index.php?rest_route=%2Fwp%2Fv2%2Ftags&post=186951"}],"curies":[{"name":"wp","href":"https:\/\/api.w.org\/{rel}","templated":true}]}}