{"id":186947,"date":"2018-06-25T11:45:47","date_gmt":"2018-06-25T09:45:47","guid":{"rendered":"https:\/\/www.mojabochnia.pl\/?p=186947"},"modified":"2018-06-25T11:45:47","modified_gmt":"2018-06-25T09:45:47","slug":"bochnia-w-malopolskim-systemie-informacji-medycznej","status":"publish","type":"post","link":"https:\/\/www.mojabochnia.pl\/?p=186947","title":{"rendered":"Bochnia w Ma\u0142opolskim Systemie Informacji Medycznej"},"content":{"rendered":"<p><span style=\"font-size: small;\"><strong><span style=\"font-family: Arial, sans-serif;\">Szpital Powiatowy w Bochni jest jednym z blisko czterdziestu w wojew\u00f3dztwie, kt\u00f3re wejd\u0105 do Ma\u0142opolskiego Systemu Informacji Medycznej (MSIM). 13 czerwca 2018 roku przedstawiciele plac\u00f3wki i wojew\u00f3dztwa ma\u0142opolskiego podpisali umow\u0119 okre\u015blaj\u0105c\u0105 zakres i zasady wsp\u00f3\u0142pracy przy realizacji tego projektu. <\/span><\/strong><\/span><\/p>\n<p><span style=\"font-family: Arial, sans-serif;\"><span style=\"font-size: small;\">W ramach MSIM powstanie baza informacji, z kt\u00f3rej b\u0119d\u0105 mog\u0142y korzysta\u0107 ma\u0142opolskie szpitale. To u\u0142atwi prac\u0119 lekarzom, ale te\u017c pozwoli szybciej zdiagnozowa\u0107 pacjent\u00f3w.<\/span><\/span><\/p>\n<blockquote><p><span style=\"font-family: Arial, sans-serif;\"><span style=\"font-size: small;\">Chodzi o osoby, kt\u00f3re hospitalizowane np. w boche\u0144skim szpitalu, trafi\u0105 dalej do innej specjalistycznej plac\u00f3wki. Lekarze, je\u015bli oczywi\u015bcie pacjent wyrazi na to zgod\u0119, b\u0119d\u0105 mie\u0107 dost\u0119p do pe\u0142nej dokumentacji wykonanej w Bochni, bada\u0144 czy prze\u015bwietle\u0144. To b\u0119dzie dzia\u0142a\u0142o tak\u017ce w drug\u0105 stron\u0119, pomo\u017ce naszym lekarzom przyjmuj\u0105cym pacjent\u00f3w leczonych poza Bochni\u0105<\/span><\/span><\/p><\/blockquote>\n<p><span style=\"font-family: Arial, sans-serif;\"><span style=\"font-size: small;\"> \u2013 wylicza Jaros\u0142aw Kycia, dyrektor Szpitala Powiatowego w Bochni. <\/span><\/span><\/p>\n<p><span style=\"font-family: Arial, sans-serif;\"><span style=\"font-size: small;\">Wa\u017cnym elementem projektu, kt\u00f3ry zostanie wdro\u017cony w ci\u0105gu trzech lat, jest doposa\u017cenie szpitali w sprz\u0119t informatyczny. Boche\u0144ska lecznica dostanie blisko 3,5 mln z\u0142otych na wdro\u017cenie systemu. Realizacja MSIM pomo\u017ce realizowa\u0107 zobowi\u0105zania wynikaj\u0105ce z RODO.<\/span><\/span><\/p>\n<p><span style=\"font-family: Arial, sans-serif;\"><span style=\"font-size: small;\"><em>\u00a0Pozwoli nam te\u017c na modernizacj\u0119 szpitalnej sieci, kt\u00f3ra cz\u0119sto zawodzi. Zdarza\u0142y si\u0119 sytuacje, \u017ce lekarze musieli przej\u015b\u0107 na dokumentacj\u0119 papierow\u0105, bo komputery zwyczajnie odm\u00f3wi\u0142y pos\u0142usze\u0144stwa<\/em> \u2013 dodaje dyrektor Jaros\u0142aw Kycia, kt\u00f3ry by\u0142 jednym z dw\u00f3ch przedstawicieli ma\u0142opolskich szpitali pracuj\u0105cych przy przygotowywaniu za\u0142o\u017ce\u0144 tego projektu.<\/span><\/span><\/p>\n<p><span style=\"font-family: Arial, sans-serif;\"><span style=\"font-size: small;\">Ju\u017c wiadomo, \u017ce w ramach MSIM do boche\u0144skiego szpitala trafi nowy sprz\u0119t, ale tak\u017ce oprogramowanie konieczne do bezpiecznego przechowywania danych pacjent\u00f3w.<\/span><\/span><\/p>\n<blockquote><p><span style=\"font-family: Arial, sans-serif;\"><span style=\"font-size: small;\">Wszystko to bardzo \u201eodm\u0142odzi\u201d nasz\u0105 sie\u0107, kt\u00f3r\u0105 tak naprawd\u0119 ostatni\u0105 powa\u017cn\u0105 modernizacj\u0119 przesz\u0142a w 2011 roku. Sytuacja poprawi\u0142a si\u0119 pod koniec ubieg\u0142ego roku, kiedy to na poczet tych \u015brodk\u00f3w zmodernizowali\u015bmy serwerowni\u0119 szpitala, kupuj\u0105c serwery za blisko 600 tys. z\u0142 <\/span><\/span><\/p><\/blockquote>\n<p><span style=\"font-family: Arial, sans-serif;\"><span style=\"font-size: small;\">\u2013 m\u00f3wi Tomasz Migda, kierownik dzia\u0142u IT Szpitala Powiatowego w Bochni. <\/span><\/span><\/p>\n<p><span style=\"font-family: Arial, sans-serif;\"><span style=\"font-size: small;\">MSIM<\/span><\/span><span style=\"font-family: Arial, sans-serif;\"><span style=\"font-size: small;\"> prawie w ca\u0142o\u015bci b\u0119dzie finansowany z funduszy unijnych. Szpital musi do\u0142o\u017cy\u0107 do projektu ok. 350 tys. z\u0142. Liderem MSIM, kt\u00f3ry ma by\u0107 wdro\u017cony do 2021, jest Urz\u0105d Marsza\u0142kowski w Krakowie.<\/span><\/span><\/p>\n<p>___<\/p>\n<p>Szpital<\/p>\n","protected":false},"excerpt":{"rendered":"<p>Szpital Powiatowy w Bochni jest jednym z blisko czterdziestu w wojew\u00f3dztwie, kt\u00f3re wejd\u0105 do Ma\u0142opolskiego Systemu Informacji Medycznej (MSIM). 13 czerwca 2018 roku przedstawiciele plac\u00f3wki i wojew\u00f3dztwa ma\u0142opolskiego podpisali umow\u0119 okre\u015blaj\u0105c\u0105 zakres i zasady wsp\u00f3\u0142pracy przy realizacji tego projektu. W ramach MSIM powstanie baza informacji, z kt\u00f3rej b\u0119d\u0105 mog\u0142y korzysta\u0107 ma\u0142opolskie szpitale. To u\u0142atwi prac\u0119<\/p>\n","protected":false},"author":8,"featured_media":186949,"comment_status":"open","ping_status":"closed","sticky":false,"template":"","format":"standard","meta":{"_acf_changed":false,"footnotes":""},"categories":[5,6251,6250],"tags":[17324,19720],"class_list":["post-186947","post","type-post","status-publish","format-standard","has-post-thumbnail","hentry","category-biezace-wydarzenia","category-polityka-i-wydarzenia","category-tematyka","tag-szpital","tag-top-temat","main_tag-szpital-powiatowy-w-bochni"],"acf":[],"yoast_head":"<!-- This site is optimized with the Yoast SEO plugin v26.9 - https:\/\/yoast.com\/product\/yoast-seo-wordpress\/ -->\n<title>Bochnia w Ma\u0142opolskim Systemie Informacji Medycznej - mojabochnia.pl - portal informacyjny<\/title>\n<meta name=\"robots\" content=\"index, follow, max-snippet:-1, max-image-preview:large, max-video-preview:-1\" \/>\n<link rel=\"canonical\" href=\"https:\/\/www.mojabochnia.pl\/?p=186947\" \/>\n<meta property=\"og:locale\" content=\"pl_PL\" \/>\n<meta property=\"og:type\" content=\"article\" \/>\n<meta property=\"og:title\" content=\"Bochnia w Ma\u0142opolskim Systemie Informacji Medycznej - mojabochnia.pl - portal informacyjny\" \/>\n<meta property=\"og:description\" content=\"Szpital Powiatowy w Bochni jest jednym z blisko czterdziestu w wojew\u00f3dztwie, kt\u00f3re wejd\u0105 do Ma\u0142opolskiego Systemu Informacji Medycznej (MSIM). 13 czerwca 2018 roku przedstawiciele plac\u00f3wki i wojew\u00f3dztwa ma\u0142opolskiego podpisali umow\u0119 okre\u015blaj\u0105c\u0105 zakres i zasady wsp\u00f3\u0142pracy przy realizacji tego projektu. W ramach MSIM powstanie baza informacji, z kt\u00f3rej b\u0119d\u0105 mog\u0142y korzysta\u0107 ma\u0142opolskie szpitale. To u\u0142atwi prac\u0119\" \/>\n<meta property=\"og:url\" content=\"https:\/\/www.mojabochnia.pl\/?p=186947\" \/>\n<meta property=\"og:site_name\" content=\"mojabochnia.pl - portal informacyjny\" \/>\n<meta property=\"article:publisher\" content=\"https:\/\/www.facebook.com\/mojabochnia\" \/>\n<meta property=\"article:published_time\" content=\"2018-06-25T09:45:47+00:00\" \/>\n<meta property=\"og:image\" content=\"https:\/\/www.mojabochnia.pl\/wp-content\/uploads\/2018\/06\/msim-foto.jpg\" \/>\n\t<meta property=\"og:image:width\" content=\"1000\" \/>\n\t<meta property=\"og:image:height\" content=\"702\" \/>\n\t<meta property=\"og:image:type\" content=\"image\/jpeg\" \/>\n<meta name=\"author\" content=\"informacja prasowa\" \/>\n<meta name=\"twitter:card\" content=\"summary_large_image\" \/>\n<meta name=\"twitter:label1\" content=\"Written by\" \/>\n\t<meta name=\"twitter:data1\" content=\"informacja prasowa\" \/>\n\t<meta name=\"twitter:label2\" content=\"Est. reading time\" \/>\n\t<meta name=\"twitter:data2\" content=\"2 minuty\" \/>\n<script type=\"application\/ld+json\" class=\"yoast-schema-graph\">{\"@context\":\"https:\/\/schema.org\",\"@graph\":[{\"@type\":\"Article\",\"@id\":\"https:\/\/www.mojabochnia.pl\/?p=186947#article\",\"isPartOf\":{\"@id\":\"https:\/\/www.mojabochnia.pl\/?p=186947\"},\"author\":{\"name\":\"informacja prasowa\",\"@id\":\"https:\/\/www.mojabochnia.pl\/#\/schema\/person\/9e15cf1bcb74043790f124a3130fe41e\"},\"headline\":\"Bochnia w Ma\u0142opolskim Systemie Informacji Medycznej\",\"datePublished\":\"2018-06-25T09:45:47+00:00\",\"mainEntityOfPage\":{\"@id\":\"https:\/\/www.mojabochnia.pl\/?p=186947\"},\"wordCount\":381,\"commentCount\":0,\"publisher\":{\"@id\":\"https:\/\/www.mojabochnia.pl\/#organization\"},\"image\":{\"@id\":\"https:\/\/www.mojabochnia.pl\/?p=186947#primaryimage\"},\"thumbnailUrl\":\"https:\/\/www.mojabochnia.pl\/wp-content\/uploads\/2018\/06\/msim-foto.jpg\",\"keywords\":[\"szpital\",\"top temat\"],\"articleSection\":[\"2_ostatnie\",\"polityka i wydarzenia\",\"tematyka\"],\"inLanguage\":\"pl-PL\",\"potentialAction\":[{\"@type\":\"CommentAction\",\"name\":\"Comment\",\"target\":[\"https:\/\/www.mojabochnia.pl\/?p=186947#respond\"]}]},{\"@type\":\"WebPage\",\"@id\":\"https:\/\/www.mojabochnia.pl\/?p=186947\",\"url\":\"https:\/\/www.mojabochnia.pl\/?p=186947\",\"name\":\"Bochnia w Ma\u0142opolskim Systemie Informacji Medycznej - mojabochnia.pl - portal informacyjny\",\"isPartOf\":{\"@id\":\"https:\/\/www.mojabochnia.pl\/#website\"},\"primaryImageOfPage\":{\"@id\":\"https:\/\/www.mojabochnia.pl\/?p=186947#primaryimage\"},\"image\":{\"@id\":\"https:\/\/www.mojabochnia.pl\/?p=186947#primaryimage\"},\"thumbnailUrl\":\"https:\/\/www.mojabochnia.pl\/wp-content\/uploads\/2018\/06\/msim-foto.jpg\",\"datePublished\":\"2018-06-25T09:45:47+00:00\",\"breadcrumb\":{\"@id\":\"https:\/\/www.mojabochnia.pl\/?p=186947#breadcrumb\"},\"inLanguage\":\"pl-PL\",\"potentialAction\":[{\"@type\":\"ReadAction\",\"target\":[\"https:\/\/www.mojabochnia.pl\/?p=186947\"]}]},{\"@type\":\"ImageObject\",\"inLanguage\":\"pl-PL\",\"@id\":\"https:\/\/www.mojabochnia.pl\/?p=186947#primaryimage\",\"url\":\"https:\/\/www.mojabochnia.pl\/wp-content\/uploads\/2018\/06\/msim-foto.jpg\",\"contentUrl\":\"https:\/\/www.mojabochnia.pl\/wp-content\/uploads\/2018\/06\/msim-foto.jpg\",\"width\":1000,\"height\":702,\"caption\":\"dav\"},{\"@type\":\"BreadcrumbList\",\"@id\":\"https:\/\/www.mojabochnia.pl\/?p=186947#breadcrumb\",\"itemListElement\":[{\"@type\":\"ListItem\",\"position\":1,\"name\":\"Home\",\"item\":\"https:\/\/www.mojabochnia.pl\/\"},{\"@type\":\"ListItem\",\"position\":2,\"name\":\"Bochnia w Ma\u0142opolskim Systemie Informacji Medycznej\"}]},{\"@type\":\"WebSite\",\"@id\":\"https:\/\/www.mojabochnia.pl\/#website\",\"url\":\"https:\/\/www.mojabochnia.pl\/\",\"name\":\"mojabochnia.pl - portal informacyjny\",\"description\":\"mojaBochnia to portal informacyjny o Bochni. Codziennie o Bochni piszemy i pokazujemy najwa\u017cniejsze wydarzenia\",\"publisher\":{\"@id\":\"https:\/\/www.mojabochnia.pl\/#organization\"},\"potentialAction\":[{\"@type\":\"SearchAction\",\"target\":{\"@type\":\"EntryPoint\",\"urlTemplate\":\"https:\/\/www.mojabochnia.pl\/?s={search_term_string}\"},\"query-input\":{\"@type\":\"PropertyValueSpecification\",\"valueRequired\":true,\"valueName\":\"search_term_string\"}}],\"inLanguage\":\"pl-PL\"},{\"@type\":\"Organization\",\"@id\":\"https:\/\/www.mojabochnia.pl\/#organization\",\"name\":\"mojabochnia.pl - portal informacyjny\",\"url\":\"https:\/\/www.mojabochnia.pl\/\",\"logo\":{\"@type\":\"ImageObject\",\"inLanguage\":\"pl-PL\",\"@id\":\"https:\/\/www.mojabochnia.pl\/#\/schema\/logo\/image\/\",\"url\":\"https:\/\/www.mojabochnia.pl\/wp-content\/uploads\/2017\/08\/logo-mb-opt.png\",\"contentUrl\":\"https:\/\/www.mojabochnia.pl\/wp-content\/uploads\/2017\/08\/logo-mb-opt.png\",\"width\":250,\"height\":48,\"caption\":\"mojabochnia.pl - portal informacyjny\"},\"image\":{\"@id\":\"https:\/\/www.mojabochnia.pl\/#\/schema\/logo\/image\/\"},\"sameAs\":[\"https:\/\/www.facebook.com\/mojabochnia\"]},{\"@type\":\"Person\",\"@id\":\"https:\/\/www.mojabochnia.pl\/#\/schema\/person\/9e15cf1bcb74043790f124a3130fe41e\",\"name\":\"informacja prasowa\",\"sameAs\":[\"http:\/\/\"],\"url\":\"https:\/\/www.mojabochnia.pl\/?author=8\"}]}<\/script>\n<!-- \/ Yoast SEO plugin. -->","yoast_head_json":{"title":"Bochnia w Ma\u0142opolskim Systemie Informacji Medycznej - mojabochnia.pl - portal informacyjny","robots":{"index":"index","follow":"follow","max-snippet":"max-snippet:-1","max-image-preview":"max-image-preview:large","max-video-preview":"max-video-preview:-1"},"canonical":"https:\/\/www.mojabochnia.pl\/?p=186947","og_locale":"pl_PL","og_type":"article","og_title":"Bochnia w Ma\u0142opolskim Systemie Informacji Medycznej - mojabochnia.pl - portal informacyjny","og_description":"Szpital Powiatowy w Bochni jest jednym z blisko czterdziestu w wojew\u00f3dztwie, kt\u00f3re wejd\u0105 do Ma\u0142opolskiego Systemu Informacji Medycznej (MSIM). 13 czerwca 2018 roku przedstawiciele plac\u00f3wki i wojew\u00f3dztwa ma\u0142opolskiego podpisali umow\u0119 okre\u015blaj\u0105c\u0105 zakres i zasady wsp\u00f3\u0142pracy przy realizacji tego projektu. W ramach MSIM powstanie baza informacji, z kt\u00f3rej b\u0119d\u0105 mog\u0142y korzysta\u0107 ma\u0142opolskie szpitale. To u\u0142atwi prac\u0119","og_url":"https:\/\/www.mojabochnia.pl\/?p=186947","og_site_name":"mojabochnia.pl - portal informacyjny","article_publisher":"https:\/\/www.facebook.com\/mojabochnia","article_published_time":"2018-06-25T09:45:47+00:00","og_image":[{"width":1000,"height":702,"url":"https:\/\/www.mojabochnia.pl\/wp-content\/uploads\/2018\/06\/msim-foto.jpg","type":"image\/jpeg"}],"author":"informacja prasowa","twitter_card":"summary_large_image","twitter_misc":{"Written by":"informacja prasowa","Est. reading time":"2 minuty"},"schema":{"@context":"https:\/\/schema.org","@graph":[{"@type":"Article","@id":"https:\/\/www.mojabochnia.pl\/?p=186947#article","isPartOf":{"@id":"https:\/\/www.mojabochnia.pl\/?p=186947"},"author":{"name":"informacja prasowa","@id":"https:\/\/www.mojabochnia.pl\/#\/schema\/person\/9e15cf1bcb74043790f124a3130fe41e"},"headline":"Bochnia w Ma\u0142opolskim Systemie Informacji Medycznej","datePublished":"2018-06-25T09:45:47+00:00","mainEntityOfPage":{"@id":"https:\/\/www.mojabochnia.pl\/?p=186947"},"wordCount":381,"commentCount":0,"publisher":{"@id":"https:\/\/www.mojabochnia.pl\/#organization"},"image":{"@id":"https:\/\/www.mojabochnia.pl\/?p=186947#primaryimage"},"thumbnailUrl":"https:\/\/www.mojabochnia.pl\/wp-content\/uploads\/2018\/06\/msim-foto.jpg","keywords":["szpital","top temat"],"articleSection":["2_ostatnie","polityka i wydarzenia","tematyka"],"inLanguage":"pl-PL","potentialAction":[{"@type":"CommentAction","name":"Comment","target":["https:\/\/www.mojabochnia.pl\/?p=186947#respond"]}]},{"@type":"WebPage","@id":"https:\/\/www.mojabochnia.pl\/?p=186947","url":"https:\/\/www.mojabochnia.pl\/?p=186947","name":"Bochnia w Ma\u0142opolskim Systemie Informacji Medycznej - mojabochnia.pl - portal informacyjny","isPartOf":{"@id":"https:\/\/www.mojabochnia.pl\/#website"},"primaryImageOfPage":{"@id":"https:\/\/www.mojabochnia.pl\/?p=186947#primaryimage"},"image":{"@id":"https:\/\/www.mojabochnia.pl\/?p=186947#primaryimage"},"thumbnailUrl":"https:\/\/www.mojabochnia.pl\/wp-content\/uploads\/2018\/06\/msim-foto.jpg","datePublished":"2018-06-25T09:45:47+00:00","breadcrumb":{"@id":"https:\/\/www.mojabochnia.pl\/?p=186947#breadcrumb"},"inLanguage":"pl-PL","potentialAction":[{"@type":"ReadAction","target":["https:\/\/www.mojabochnia.pl\/?p=186947"]}]},{"@type":"ImageObject","inLanguage":"pl-PL","@id":"https:\/\/www.mojabochnia.pl\/?p=186947#primaryimage","url":"https:\/\/www.mojabochnia.pl\/wp-content\/uploads\/2018\/06\/msim-foto.jpg","contentUrl":"https:\/\/www.mojabochnia.pl\/wp-content\/uploads\/2018\/06\/msim-foto.jpg","width":1000,"height":702,"caption":"dav"},{"@type":"BreadcrumbList","@id":"https:\/\/www.mojabochnia.pl\/?p=186947#breadcrumb","itemListElement":[{"@type":"ListItem","position":1,"name":"Home","item":"https:\/\/www.mojabochnia.pl\/"},{"@type":"ListItem","position":2,"name":"Bochnia w Ma\u0142opolskim Systemie Informacji Medycznej"}]},{"@type":"WebSite","@id":"https:\/\/www.mojabochnia.pl\/#website","url":"https:\/\/www.mojabochnia.pl\/","name":"mojabochnia.pl - portal informacyjny","description":"mojaBochnia to portal informacyjny o Bochni. Codziennie o Bochni piszemy i pokazujemy najwa\u017cniejsze wydarzenia","publisher":{"@id":"https:\/\/www.mojabochnia.pl\/#organization"},"potentialAction":[{"@type":"SearchAction","target":{"@type":"EntryPoint","urlTemplate":"https:\/\/www.mojabochnia.pl\/?s={search_term_string}"},"query-input":{"@type":"PropertyValueSpecification","valueRequired":true,"valueName":"search_term_string"}}],"inLanguage":"pl-PL"},{"@type":"Organization","@id":"https:\/\/www.mojabochnia.pl\/#organization","name":"mojabochnia.pl - portal informacyjny","url":"https:\/\/www.mojabochnia.pl\/","logo":{"@type":"ImageObject","inLanguage":"pl-PL","@id":"https:\/\/www.mojabochnia.pl\/#\/schema\/logo\/image\/","url":"https:\/\/www.mojabochnia.pl\/wp-content\/uploads\/2017\/08\/logo-mb-opt.png","contentUrl":"https:\/\/www.mojabochnia.pl\/wp-content\/uploads\/2017\/08\/logo-mb-opt.png","width":250,"height":48,"caption":"mojabochnia.pl - portal informacyjny"},"image":{"@id":"https:\/\/www.mojabochnia.pl\/#\/schema\/logo\/image\/"},"sameAs":["https:\/\/www.facebook.com\/mojabochnia"]},{"@type":"Person","@id":"https:\/\/www.mojabochnia.pl\/#\/schema\/person\/9e15cf1bcb74043790f124a3130fe41e","name":"informacja prasowa","sameAs":["http:\/\/"],"url":"https:\/\/www.mojabochnia.pl\/?author=8"}]}},"_links":{"self":[{"href":"https:\/\/www.mojabochnia.pl\/index.php?rest_route=\/wp\/v2\/posts\/186947","targetHints":{"allow":["GET"]}}],"collection":[{"href":"https:\/\/www.mojabochnia.pl\/index.php?rest_route=\/wp\/v2\/posts"}],"about":[{"href":"https:\/\/www.mojabochnia.pl\/index.php?rest_route=\/wp\/v2\/types\/post"}],"author":[{"embeddable":true,"href":"https:\/\/www.mojabochnia.pl\/index.php?rest_route=\/wp\/v2\/users\/8"}],"replies":[{"embeddable":true,"href":"https:\/\/www.mojabochnia.pl\/index.php?rest_route=%2Fwp%2Fv2%2Fcomments&post=186947"}],"version-history":[{"count":1,"href":"https:\/\/www.mojabochnia.pl\/index.php?rest_route=\/wp\/v2\/posts\/186947\/revisions"}],"predecessor-version":[{"id":186950,"href":"https:\/\/www.mojabochnia.pl\/index.php?rest_route=\/wp\/v2\/posts\/186947\/revisions\/186950"}],"wp:featuredmedia":[{"embeddable":true,"href":"https:\/\/www.mojabochnia.pl\/index.php?rest_route=\/wp\/v2\/media\/186949"}],"wp:attachment":[{"href":"https:\/\/www.mojabochnia.pl\/index.php?rest_route=%2Fwp%2Fv2%2Fmedia&parent=186947"}],"wp:term":[{"taxonomy":"category","embeddable":true,"href":"https:\/\/www.mojabochnia.pl\/index.php?rest_route=%2Fwp%2Fv2%2Fcategories&post=186947"},{"taxonomy":"post_tag","embeddable":true,"href":"https:\/\/www.mojabochnia.pl\/index.php?rest_route=%2Fwp%2Fv2%2Ftags&post=186947"}],"curies":[{"name":"wp","href":"https:\/\/api.w.org\/{rel}","templated":true}]}}