{"id":186820,"date":"2018-06-19T18:28:42","date_gmt":"2018-06-19T16:28:42","guid":{"rendered":"https:\/\/www.mojabochnia.pl\/?p=186820"},"modified":"2018-06-19T18:28:42","modified_gmt":"2018-06-19T16:28:42","slug":"szpital-nowoczesna-endoskopia-w-nowym-lokalu","status":"publish","type":"post","link":"https:\/\/www.mojabochnia.pl\/?p=186820","title":{"rendered":"Szpital: Nowoczesna endoskopia w nowym lokalu"},"content":{"rendered":"<div data-canvas-width=\"37.796\">\n<p><b>S\u0105 ju\u017c przestronne sale, lada dzie\u0144 trafi do nich nowoczesny sprz\u0119t. Pracownia endoskopii i kolonoskopii Szpitala Powiatowego w Bochni przenosi si\u0119 do nowego 100-metrowego lokum. Uruchomienie jej zaplanowano na prze\u0142om sierpnia i wrze\u015bnia.<\/b><\/p>\n<p>W nowej kilkakrotnie wi\u0119kszej pracowni, kt\u00f3ra urz\u0105dzono w miejscu dawnego traktu porodowego, zaplanowano dwa stanowiska do badania. Jest te\u017c osobna sala wybudzeniowa i sala do znieczule\u0144 wykonywanych na \u017cyczenie pacjenta. Pracownia, zlokalizowana na trzecim pi\u0119trze, zyska te\u017c estetyczne sanitariaty oraz, co szczeg\u00f3lnie ucieszy pacjent\u00f3w okienko do rejestracji.<br \/>\nW ramach modernizacji przewidziano te\u017c zakup nowoczesnego sprz\u0119tu: kolonoskopu i gastroskopu oraz specjalistycznego aparatu do znieczulenia.<\/p>\n<blockquote><p>Mamy te\u017c jeszcze jedn\u0105 bardzo dobr\u0105 wiadomo\u015b\u0107 dla naszych pacjent\u00f3w, uda\u0142o si\u0119 nam wygospodarowa\u0107 fundusze na zakup aparatu do badania ERCP wykonywanego przy diagnostyce chor\u00f3b trzustki i dr\u00f3g \u017c\u00f3\u0142ciowych. Do tej pory osoby kwalifikowane do tego badania musieli\u015bmy zawozi\u0107 do szpitala im. S. \u017beromskiego w Krakowie, w tej chwili problem znika<\/p><\/blockquote>\n<p>\u2013 m\u00f3wi Jaros\u0142aw Kycia, dyrektor Szpitala Powiatowego w Bochni.<\/p>\n<p>Zakupiony sprz\u0119t trafi do szpitala pod koniec czerwca. Po jego wdro\u017ceniu, a tak\u017ce wykonaniu jeszcze kilku drobnych prac wyko\u0144czeniowych pracownia zostanie otwarta.<\/p>\n<p>Pracownia endoskopii i kolonoskopii w boche\u0144skim szpitalu w ci\u0105gu roku wykonuje oko\u0142o dw\u00f3ch tysi\u0119cy bada\u0144 pacjentom hospitalizowanym w szpitalu, a tak\u017ce trafiaj\u0105cym tu ze skierowania od lekarza rodzinnego. W tym drugim przypadku na badanie oczekuje si\u0119 kilka miesi\u0119cy. Jest szansa, \u017ce po oddaniu wi\u0119kszej pracowni, termin ten si\u0119 zmniejszy, tym bardziej \u017ce do lek. med. Jacka Pardy, chirurga wykonuj\u0105cego w tej chwili badania, do\u0142\u0105czy jeszcze jeden dobry specjalista.<br \/>\nModernizacja pracowni kosztowa\u0142a oko\u0142o 1,5 mln z\u0142. Fundusze na inwestycj\u0119 pochodz\u0105 z MRPO.<\/p>\n<\/div>\n\t  \r\n\t\r\n\t    <div class=\"mb-gallery\">\r\n\t    <a href=\"https:\/\/www.mojabochnia.pl\/?attachment_id=186822\" class=\"\"><img loading=\"lazy\" decoding=\"async\" width=\"100\" height=\"100\" src=\"https:\/\/www.mojabochnia.pl\/wp-content\/uploads\/2018\/06\/endoskopia-3-100x100.jpg\" class=\"attachment-100x100 size-100x100\" alt=\"\" \/><\/a><a href=\"https:\/\/www.mojabochnia.pl\/?attachment_id=186823\" class=\"\"><img loading=\"lazy\" decoding=\"async\" width=\"100\" height=\"100\" src=\"https:\/\/www.mojabochnia.pl\/wp-content\/uploads\/2018\/06\/endoskopia-5-100x100.jpg\" class=\"attachment-100x100 size-100x100\" alt=\"\" \/><\/a><a href=\"https:\/\/www.mojabochnia.pl\/?attachment_id=186824\" class=\"\"><img loading=\"lazy\" decoding=\"async\" width=\"100\" height=\"100\" src=\"https:\/\/www.mojabochnia.pl\/wp-content\/uploads\/2018\/06\/endoskopia4-100x100.jpg\" class=\"attachment-100x100 size-100x100\" alt=\"\" \/><\/a><a href=\"https:\/\/www.mojabochnia.pl\/?attachment_id=186825\" class=\"\"><img loading=\"lazy\" decoding=\"async\" width=\"100\" height=\"100\" src=\"https:\/\/www.mojabochnia.pl\/wp-content\/uploads\/2018\/06\/endoskopia-1-100x100.jpg\" class=\"attachment-100x100 size-100x100\" alt=\"\" \/><\/a><a href=\"https:\/\/www.mojabochnia.pl\/?attachment_id=186826\" class=\"\"><img loading=\"lazy\" decoding=\"async\" width=\"100\" height=\"100\" src=\"https:\/\/www.mojabochnia.pl\/wp-content\/uploads\/2018\/06\/endoskopia-2-100x100.jpg\" class=\"attachment-100x100 size-100x100\" alt=\"\" \/><\/a>\t    <\/div>\r\n\t    ","protected":false},"excerpt":{"rendered":"<p>S\u0105 ju\u017c przestronne sale, lada dzie\u0144 trafi do nich nowoczesny sprz\u0119t. Pracownia endoskopii i kolonoskopii Szpitala Powiatowego w Bochni przenosi si\u0119 do nowego 100-metrowego lokum. Uruchomienie jej zaplanowano na prze\u0142om sierpnia i wrze\u015bnia. W nowej kilkakrotnie wi\u0119kszej pracowni, kt\u00f3ra urz\u0105dzono w miejscu dawnego traktu porodowego, zaplanowano dwa stanowiska do badania. Jest te\u017c osobna sala wybudzeniowa<\/p>\n","protected":false},"author":8,"featured_media":186825,"comment_status":"open","ping_status":"closed","sticky":false,"template":"","format":"standard","meta":{"_acf_changed":false,"footnotes":""},"categories":[5,6251,6250],"tags":[11676,3858],"class_list":["post-186820","post","type-post","status-publish","format-standard","has-post-thumbnail","hentry","category-biezace-wydarzenia","category-polityka-i-wydarzenia","category-tematyka","tag-jaroslaw-kycia","tag-szpital-powiatowy-w-bochni","main_tag-szpital"],"acf":[],"yoast_head":"<!-- This site is optimized with the Yoast SEO plugin v26.9 - https:\/\/yoast.com\/product\/yoast-seo-wordpress\/ -->\n<title>Szpital: Nowoczesna endoskopia w nowym lokalu - mojabochnia.pl - portal informacyjny<\/title>\n<meta name=\"robots\" content=\"index, follow, max-snippet:-1, max-image-preview:large, max-video-preview:-1\" \/>\n<link rel=\"canonical\" href=\"https:\/\/www.mojabochnia.pl\/?p=186820\" \/>\n<meta property=\"og:locale\" content=\"pl_PL\" \/>\n<meta property=\"og:type\" content=\"article\" \/>\n<meta property=\"og:title\" content=\"Szpital: Nowoczesna endoskopia w nowym lokalu - mojabochnia.pl - portal informacyjny\" \/>\n<meta property=\"og:description\" content=\"S\u0105 ju\u017c przestronne sale, lada dzie\u0144 trafi do nich nowoczesny sprz\u0119t. Pracownia endoskopii i kolonoskopii Szpitala Powiatowego w Bochni przenosi si\u0119 do nowego 100-metrowego lokum. Uruchomienie jej zaplanowano na prze\u0142om sierpnia i wrze\u015bnia. W nowej kilkakrotnie wi\u0119kszej pracowni, kt\u00f3ra urz\u0105dzono w miejscu dawnego traktu porodowego, zaplanowano dwa stanowiska do badania. Jest te\u017c osobna sala wybudzeniowa\" \/>\n<meta property=\"og:url\" content=\"https:\/\/www.mojabochnia.pl\/?p=186820\" \/>\n<meta property=\"og:site_name\" content=\"mojabochnia.pl - portal informacyjny\" \/>\n<meta property=\"article:publisher\" content=\"https:\/\/www.facebook.com\/mojabochnia\" \/>\n<meta property=\"article:published_time\" content=\"2018-06-19T16:28:42+00:00\" \/>\n<meta property=\"og:image\" content=\"https:\/\/www.mojabochnia.pl\/wp-content\/uploads\/2018\/06\/endoskopia-1.jpg\" \/>\n\t<meta property=\"og:image:width\" content=\"1000\" \/>\n\t<meta property=\"og:image:height\" content=\"750\" \/>\n\t<meta property=\"og:image:type\" content=\"image\/jpeg\" \/>\n<meta name=\"author\" content=\"informacja prasowa\" \/>\n<meta name=\"twitter:card\" content=\"summary_large_image\" \/>\n<meta name=\"twitter:label1\" content=\"Written by\" \/>\n\t<meta name=\"twitter:data1\" content=\"informacja prasowa\" \/>\n\t<meta name=\"twitter:label2\" content=\"Est. reading time\" \/>\n\t<meta name=\"twitter:data2\" content=\"1 minuta\" \/>\n<script type=\"application\/ld+json\" class=\"yoast-schema-graph\">{\"@context\":\"https:\/\/schema.org\",\"@graph\":[{\"@type\":\"Article\",\"@id\":\"https:\/\/www.mojabochnia.pl\/?p=186820#article\",\"isPartOf\":{\"@id\":\"https:\/\/www.mojabochnia.pl\/?p=186820\"},\"author\":{\"name\":\"informacja prasowa\",\"@id\":\"https:\/\/www.mojabochnia.pl\/#\/schema\/person\/9e15cf1bcb74043790f124a3130fe41e\"},\"headline\":\"Szpital: Nowoczesna endoskopia w nowym lokalu\",\"datePublished\":\"2018-06-19T16:28:42+00:00\",\"mainEntityOfPage\":{\"@id\":\"https:\/\/www.mojabochnia.pl\/?p=186820\"},\"wordCount\":297,\"commentCount\":0,\"publisher\":{\"@id\":\"https:\/\/www.mojabochnia.pl\/#organization\"},\"image\":{\"@id\":\"https:\/\/www.mojabochnia.pl\/?p=186820#primaryimage\"},\"thumbnailUrl\":\"https:\/\/www.mojabochnia.pl\/wp-content\/uploads\/2018\/06\/endoskopia-1.jpg\",\"keywords\":[\"jaros\u0142aw kycia\",\"szpital powiatowy w bochni\"],\"articleSection\":[\"2_ostatnie\",\"polityka i wydarzenia\",\"tematyka\"],\"inLanguage\":\"pl-PL\",\"potentialAction\":[{\"@type\":\"CommentAction\",\"name\":\"Comment\",\"target\":[\"https:\/\/www.mojabochnia.pl\/?p=186820#respond\"]}]},{\"@type\":\"WebPage\",\"@id\":\"https:\/\/www.mojabochnia.pl\/?p=186820\",\"url\":\"https:\/\/www.mojabochnia.pl\/?p=186820\",\"name\":\"Szpital: Nowoczesna endoskopia w nowym lokalu - mojabochnia.pl - portal informacyjny\",\"isPartOf\":{\"@id\":\"https:\/\/www.mojabochnia.pl\/#website\"},\"primaryImageOfPage\":{\"@id\":\"https:\/\/www.mojabochnia.pl\/?p=186820#primaryimage\"},\"image\":{\"@id\":\"https:\/\/www.mojabochnia.pl\/?p=186820#primaryimage\"},\"thumbnailUrl\":\"https:\/\/www.mojabochnia.pl\/wp-content\/uploads\/2018\/06\/endoskopia-1.jpg\",\"datePublished\":\"2018-06-19T16:28:42+00:00\",\"breadcrumb\":{\"@id\":\"https:\/\/www.mojabochnia.pl\/?p=186820#breadcrumb\"},\"inLanguage\":\"pl-PL\",\"potentialAction\":[{\"@type\":\"ReadAction\",\"target\":[\"https:\/\/www.mojabochnia.pl\/?p=186820\"]}]},{\"@type\":\"ImageObject\",\"inLanguage\":\"pl-PL\",\"@id\":\"https:\/\/www.mojabochnia.pl\/?p=186820#primaryimage\",\"url\":\"https:\/\/www.mojabochnia.pl\/wp-content\/uploads\/2018\/06\/endoskopia-1.jpg\",\"contentUrl\":\"https:\/\/www.mojabochnia.pl\/wp-content\/uploads\/2018\/06\/endoskopia-1.jpg\",\"width\":1000,\"height\":750,\"caption\":\"dav\"},{\"@type\":\"BreadcrumbList\",\"@id\":\"https:\/\/www.mojabochnia.pl\/?p=186820#breadcrumb\",\"itemListElement\":[{\"@type\":\"ListItem\",\"position\":1,\"name\":\"Home\",\"item\":\"https:\/\/www.mojabochnia.pl\/\"},{\"@type\":\"ListItem\",\"position\":2,\"name\":\"Szpital: Nowoczesna endoskopia w nowym lokalu\"}]},{\"@type\":\"WebSite\",\"@id\":\"https:\/\/www.mojabochnia.pl\/#website\",\"url\":\"https:\/\/www.mojabochnia.pl\/\",\"name\":\"mojabochnia.pl - portal informacyjny\",\"description\":\"mojaBochnia to portal informacyjny o Bochni. Codziennie o Bochni piszemy i pokazujemy najwa\u017cniejsze wydarzenia\",\"publisher\":{\"@id\":\"https:\/\/www.mojabochnia.pl\/#organization\"},\"potentialAction\":[{\"@type\":\"SearchAction\",\"target\":{\"@type\":\"EntryPoint\",\"urlTemplate\":\"https:\/\/www.mojabochnia.pl\/?s={search_term_string}\"},\"query-input\":{\"@type\":\"PropertyValueSpecification\",\"valueRequired\":true,\"valueName\":\"search_term_string\"}}],\"inLanguage\":\"pl-PL\"},{\"@type\":\"Organization\",\"@id\":\"https:\/\/www.mojabochnia.pl\/#organization\",\"name\":\"mojabochnia.pl - portal informacyjny\",\"url\":\"https:\/\/www.mojabochnia.pl\/\",\"logo\":{\"@type\":\"ImageObject\",\"inLanguage\":\"pl-PL\",\"@id\":\"https:\/\/www.mojabochnia.pl\/#\/schema\/logo\/image\/\",\"url\":\"https:\/\/www.mojabochnia.pl\/wp-content\/uploads\/2017\/08\/logo-mb-opt.png\",\"contentUrl\":\"https:\/\/www.mojabochnia.pl\/wp-content\/uploads\/2017\/08\/logo-mb-opt.png\",\"width\":250,\"height\":48,\"caption\":\"mojabochnia.pl - portal informacyjny\"},\"image\":{\"@id\":\"https:\/\/www.mojabochnia.pl\/#\/schema\/logo\/image\/\"},\"sameAs\":[\"https:\/\/www.facebook.com\/mojabochnia\"]},{\"@type\":\"Person\",\"@id\":\"https:\/\/www.mojabochnia.pl\/#\/schema\/person\/9e15cf1bcb74043790f124a3130fe41e\",\"name\":\"informacja prasowa\",\"sameAs\":[\"http:\/\/\"],\"url\":\"https:\/\/www.mojabochnia.pl\/?author=8\"}]}<\/script>\n<!-- \/ Yoast SEO plugin. -->","yoast_head_json":{"title":"Szpital: Nowoczesna endoskopia w nowym lokalu - mojabochnia.pl - portal informacyjny","robots":{"index":"index","follow":"follow","max-snippet":"max-snippet:-1","max-image-preview":"max-image-preview:large","max-video-preview":"max-video-preview:-1"},"canonical":"https:\/\/www.mojabochnia.pl\/?p=186820","og_locale":"pl_PL","og_type":"article","og_title":"Szpital: Nowoczesna endoskopia w nowym lokalu - mojabochnia.pl - portal informacyjny","og_description":"S\u0105 ju\u017c przestronne sale, lada dzie\u0144 trafi do nich nowoczesny sprz\u0119t. Pracownia endoskopii i kolonoskopii Szpitala Powiatowego w Bochni przenosi si\u0119 do nowego 100-metrowego lokum. Uruchomienie jej zaplanowano na prze\u0142om sierpnia i wrze\u015bnia. W nowej kilkakrotnie wi\u0119kszej pracowni, kt\u00f3ra urz\u0105dzono w miejscu dawnego traktu porodowego, zaplanowano dwa stanowiska do badania. Jest te\u017c osobna sala wybudzeniowa","og_url":"https:\/\/www.mojabochnia.pl\/?p=186820","og_site_name":"mojabochnia.pl - portal informacyjny","article_publisher":"https:\/\/www.facebook.com\/mojabochnia","article_published_time":"2018-06-19T16:28:42+00:00","og_image":[{"width":1000,"height":750,"url":"https:\/\/www.mojabochnia.pl\/wp-content\/uploads\/2018\/06\/endoskopia-1.jpg","type":"image\/jpeg"}],"author":"informacja prasowa","twitter_card":"summary_large_image","twitter_misc":{"Written by":"informacja prasowa","Est. reading time":"1 minuta"},"schema":{"@context":"https:\/\/schema.org","@graph":[{"@type":"Article","@id":"https:\/\/www.mojabochnia.pl\/?p=186820#article","isPartOf":{"@id":"https:\/\/www.mojabochnia.pl\/?p=186820"},"author":{"name":"informacja prasowa","@id":"https:\/\/www.mojabochnia.pl\/#\/schema\/person\/9e15cf1bcb74043790f124a3130fe41e"},"headline":"Szpital: Nowoczesna endoskopia w nowym lokalu","datePublished":"2018-06-19T16:28:42+00:00","mainEntityOfPage":{"@id":"https:\/\/www.mojabochnia.pl\/?p=186820"},"wordCount":297,"commentCount":0,"publisher":{"@id":"https:\/\/www.mojabochnia.pl\/#organization"},"image":{"@id":"https:\/\/www.mojabochnia.pl\/?p=186820#primaryimage"},"thumbnailUrl":"https:\/\/www.mojabochnia.pl\/wp-content\/uploads\/2018\/06\/endoskopia-1.jpg","keywords":["jaros\u0142aw kycia","szpital powiatowy w bochni"],"articleSection":["2_ostatnie","polityka i wydarzenia","tematyka"],"inLanguage":"pl-PL","potentialAction":[{"@type":"CommentAction","name":"Comment","target":["https:\/\/www.mojabochnia.pl\/?p=186820#respond"]}]},{"@type":"WebPage","@id":"https:\/\/www.mojabochnia.pl\/?p=186820","url":"https:\/\/www.mojabochnia.pl\/?p=186820","name":"Szpital: Nowoczesna endoskopia w nowym lokalu - mojabochnia.pl - portal informacyjny","isPartOf":{"@id":"https:\/\/www.mojabochnia.pl\/#website"},"primaryImageOfPage":{"@id":"https:\/\/www.mojabochnia.pl\/?p=186820#primaryimage"},"image":{"@id":"https:\/\/www.mojabochnia.pl\/?p=186820#primaryimage"},"thumbnailUrl":"https:\/\/www.mojabochnia.pl\/wp-content\/uploads\/2018\/06\/endoskopia-1.jpg","datePublished":"2018-06-19T16:28:42+00:00","breadcrumb":{"@id":"https:\/\/www.mojabochnia.pl\/?p=186820#breadcrumb"},"inLanguage":"pl-PL","potentialAction":[{"@type":"ReadAction","target":["https:\/\/www.mojabochnia.pl\/?p=186820"]}]},{"@type":"ImageObject","inLanguage":"pl-PL","@id":"https:\/\/www.mojabochnia.pl\/?p=186820#primaryimage","url":"https:\/\/www.mojabochnia.pl\/wp-content\/uploads\/2018\/06\/endoskopia-1.jpg","contentUrl":"https:\/\/www.mojabochnia.pl\/wp-content\/uploads\/2018\/06\/endoskopia-1.jpg","width":1000,"height":750,"caption":"dav"},{"@type":"BreadcrumbList","@id":"https:\/\/www.mojabochnia.pl\/?p=186820#breadcrumb","itemListElement":[{"@type":"ListItem","position":1,"name":"Home","item":"https:\/\/www.mojabochnia.pl\/"},{"@type":"ListItem","position":2,"name":"Szpital: Nowoczesna endoskopia w nowym lokalu"}]},{"@type":"WebSite","@id":"https:\/\/www.mojabochnia.pl\/#website","url":"https:\/\/www.mojabochnia.pl\/","name":"mojabochnia.pl - portal informacyjny","description":"mojaBochnia to portal informacyjny o Bochni. Codziennie o Bochni piszemy i pokazujemy najwa\u017cniejsze wydarzenia","publisher":{"@id":"https:\/\/www.mojabochnia.pl\/#organization"},"potentialAction":[{"@type":"SearchAction","target":{"@type":"EntryPoint","urlTemplate":"https:\/\/www.mojabochnia.pl\/?s={search_term_string}"},"query-input":{"@type":"PropertyValueSpecification","valueRequired":true,"valueName":"search_term_string"}}],"inLanguage":"pl-PL"},{"@type":"Organization","@id":"https:\/\/www.mojabochnia.pl\/#organization","name":"mojabochnia.pl - portal informacyjny","url":"https:\/\/www.mojabochnia.pl\/","logo":{"@type":"ImageObject","inLanguage":"pl-PL","@id":"https:\/\/www.mojabochnia.pl\/#\/schema\/logo\/image\/","url":"https:\/\/www.mojabochnia.pl\/wp-content\/uploads\/2017\/08\/logo-mb-opt.png","contentUrl":"https:\/\/www.mojabochnia.pl\/wp-content\/uploads\/2017\/08\/logo-mb-opt.png","width":250,"height":48,"caption":"mojabochnia.pl - portal informacyjny"},"image":{"@id":"https:\/\/www.mojabochnia.pl\/#\/schema\/logo\/image\/"},"sameAs":["https:\/\/www.facebook.com\/mojabochnia"]},{"@type":"Person","@id":"https:\/\/www.mojabochnia.pl\/#\/schema\/person\/9e15cf1bcb74043790f124a3130fe41e","name":"informacja prasowa","sameAs":["http:\/\/"],"url":"https:\/\/www.mojabochnia.pl\/?author=8"}]}},"_links":{"self":[{"href":"https:\/\/www.mojabochnia.pl\/index.php?rest_route=\/wp\/v2\/posts\/186820","targetHints":{"allow":["GET"]}}],"collection":[{"href":"https:\/\/www.mojabochnia.pl\/index.php?rest_route=\/wp\/v2\/posts"}],"about":[{"href":"https:\/\/www.mojabochnia.pl\/index.php?rest_route=\/wp\/v2\/types\/post"}],"author":[{"embeddable":true,"href":"https:\/\/www.mojabochnia.pl\/index.php?rest_route=\/wp\/v2\/users\/8"}],"replies":[{"embeddable":true,"href":"https:\/\/www.mojabochnia.pl\/index.php?rest_route=%2Fwp%2Fv2%2Fcomments&post=186820"}],"version-history":[{"count":1,"href":"https:\/\/www.mojabochnia.pl\/index.php?rest_route=\/wp\/v2\/posts\/186820\/revisions"}],"predecessor-version":[{"id":186827,"href":"https:\/\/www.mojabochnia.pl\/index.php?rest_route=\/wp\/v2\/posts\/186820\/revisions\/186827"}],"wp:featuredmedia":[{"embeddable":true,"href":"https:\/\/www.mojabochnia.pl\/index.php?rest_route=\/wp\/v2\/media\/186825"}],"wp:attachment":[{"href":"https:\/\/www.mojabochnia.pl\/index.php?rest_route=%2Fwp%2Fv2%2Fmedia&parent=186820"}],"wp:term":[{"taxonomy":"category","embeddable":true,"href":"https:\/\/www.mojabochnia.pl\/index.php?rest_route=%2Fwp%2Fv2%2Fcategories&post=186820"},{"taxonomy":"post_tag","embeddable":true,"href":"https:\/\/www.mojabochnia.pl\/index.php?rest_route=%2Fwp%2Fv2%2Ftags&post=186820"}],"curies":[{"name":"wp","href":"https:\/\/api.w.org\/{rel}","templated":true}]}}