{"id":186816,"date":"2018-06-19T13:24:10","date_gmt":"2018-06-19T11:24:10","guid":{"rendered":"https:\/\/www.mojabochnia.pl\/?p=186816"},"modified":"2018-06-19T23:40:40","modified_gmt":"2018-06-19T21:40:40","slug":"parafia-pw-sw-pawla-pozegnala-swojego-proboszcza-zdjecia","status":"publish","type":"post","link":"https:\/\/www.mojabochnia.pl\/?p=186816","title":{"rendered":"Parafia pw. \u015bw. Paw\u0142a po\u017cegna\u0142a swojego proboszcza &#8211; zdj\u0119cia"},"content":{"rendered":"<p><strong>7 czerwca w\u00a0ko\u015bciele \u015bw.\u00a0Paw\u0142a Aposto\u0142a odby\u0142a si\u0119 spotkanie i Msza \u015bwi\u0119ta b\u0119d\u0105ca dzi\u0119kczynieniem za\u00a034 lata tworzenia i\u00a0prowadzenia parafii przez\u00a0Ksi\u0119dza Pra\u0142ata Jana Nowakowskiego.<\/strong><\/p>\n<p>Na\u00a0uroczysto\u015b\u0107 przyby\u0142o wiele delegacji, kt\u00f3re tu\u017c przed\u00a0rozpocz\u0119ciem Eucharystii sk\u0142ada\u0142y na\u00a0r\u0119ce Ksi\u0119dza Pra\u0142ata podzi\u0119kowania za\u00a0jego pos\u0142ug\u0119, trud i\u00a0przewodnictwo duchowe. Specjalne, boche\u0144skie wyr\u00f3\u017cnienie: Boleslaus Dux Fundator (Boles\u0142aw Ksi\u0105\u017c\u0119 Za\u0142o\u017cyciel) wr\u0119czy\u0142 Ksi\u0119dzu Pra\u0142atowi Burmistrz Miasta Bochnia Stefan Kolawi\u0144ski.<\/p>\n<p>W niedziel\u0119 odby\u0142o si\u0119 r\u00f3wnie\u017c spotkanie dzi\u0119kczynne za pos\u0142ug\u0119 ks. Pra\u0142ata. Nie zabrak\u0142o wyst\u0119p\u00f3w, koncert\u00f3w i wspomnie\u0144.<\/p>\n<p>____<\/p>\n<p>Fot. Maksymilian Tru\u015b<\/p>\n<div id='gallery-1' class='gallery galleryid-186816 gallery-columns-3 gallery-size-thumbnail'><figure class='gallery-item'>\n\t\t\t<div class='gallery-icon portrait'>\n\t\t\t\t<a href='https:\/\/www.mojabochnia.pl\/?attachment_id=186814'><img loading=\"lazy\" decoding=\"async\" width=\"120\" height=\"181\" src=\"https:\/\/www.mojabochnia.pl\/wp-content\/uploads\/2018\/06\/po\u017cegnanie_proboszcza-9-120x181.jpg\" class=\"attachment-thumbnail size-thumbnail\" alt=\"\" srcset=\"https:\/\/www.mojabochnia.pl\/wp-content\/uploads\/2018\/06\/po\u017cegnanie_proboszcza-9-120x181.jpg 120w, https:\/\/www.mojabochnia.pl\/wp-content\/uploads\/2018\/06\/po\u017cegnanie_proboszcza-9-468x705.jpg 468w, https:\/\/www.mojabochnia.pl\/wp-content\/uploads\/2018\/06\/po\u017cegnanie_proboszcza-9.jpg 510w\" sizes=\"auto, (max-width: 120px) 100vw, 120px\" \/><\/a>\n\t\t\t<\/div><\/figure><figure class='gallery-item'>\n\t\t\t<div class='gallery-icon landscape'>\n\t\t\t\t<a href='https:\/\/www.mojabochnia.pl\/?attachment_id=186813'><img loading=\"lazy\" decoding=\"async\" width=\"120\" height=\"80\" src=\"https:\/\/www.mojabochnia.pl\/wp-content\/uploads\/2018\/06\/po\u017cegnanie_proboszcza-8-120x80.jpg\" class=\"attachment-thumbnail size-thumbnail\" alt=\"\" srcset=\"https:\/\/www.mojabochnia.pl\/wp-content\/uploads\/2018\/06\/po\u017cegnanie_proboszcza-8-120x80.jpg 120w, https:\/\/www.mojabochnia.pl\/wp-content\/uploads\/2018\/06\/po\u017cegnanie_proboszcza-8-468x311.jpg 468w, https:\/\/www.mojabochnia.pl\/wp-content\/uploads\/2018\/06\/po\u017cegnanie_proboszcza-8-768x510.jpg 768w, https:\/\/www.mojabochnia.pl\/wp-content\/uploads\/2018\/06\/po\u017cegnanie_proboszcza-8-1050x698.jpg 1050w, https:\/\/www.mojabochnia.pl\/wp-content\/uploads\/2018\/06\/po\u017cegnanie_proboszcza-8.jpg 1156w\" sizes=\"auto, (max-width: 120px) 100vw, 120px\" \/><\/a>\n\t\t\t<\/div><\/figure><figure class='gallery-item'>\n\t\t\t<div class='gallery-icon portrait'>\n\t\t\t\t<a href='https:\/\/www.mojabochnia.pl\/?attachment_id=186812'><img loading=\"lazy\" decoding=\"async\" width=\"120\" height=\"181\" src=\"https:\/\/www.mojabochnia.pl\/wp-content\/uploads\/2018\/06\/po\u017cegnanie_proboszcza-7-120x181.jpg\" class=\"attachment-thumbnail size-thumbnail\" alt=\"\" srcset=\"https:\/\/www.mojabochnia.pl\/wp-content\/uploads\/2018\/06\/po\u017cegnanie_proboszcza-7-120x181.jpg 120w, https:\/\/www.mojabochnia.pl\/wp-content\/uploads\/2018\/06\/po\u017cegnanie_proboszcza-7-468x705.jpg 468w, https:\/\/www.mojabochnia.pl\/wp-content\/uploads\/2018\/06\/po\u017cegnanie_proboszcza-7.jpg 510w\" sizes=\"auto, (max-width: 120px) 100vw, 120px\" \/><\/a>\n\t\t\t<\/div><\/figure><figure class='gallery-item'>\n\t\t\t<div class='gallery-icon landscape'>\n\t\t\t\t<a href='https:\/\/www.mojabochnia.pl\/?attachment_id=186815'><img loading=\"lazy\" decoding=\"async\" width=\"120\" height=\"80\" src=\"https:\/\/www.mojabochnia.pl\/wp-content\/uploads\/2018\/06\/po\u017cegnanie_proboszcza-10-120x80.jpg\" class=\"attachment-thumbnail size-thumbnail\" alt=\"\" srcset=\"https:\/\/www.mojabochnia.pl\/wp-content\/uploads\/2018\/06\/po\u017cegnanie_proboszcza-10-120x80.jpg 120w, https:\/\/www.mojabochnia.pl\/wp-content\/uploads\/2018\/06\/po\u017cegnanie_proboszcza-10-468x311.jpg 468w, https:\/\/www.mojabochnia.pl\/wp-content\/uploads\/2018\/06\/po\u017cegnanie_proboszcza-10-768x510.jpg 768w, https:\/\/www.mojabochnia.pl\/wp-content\/uploads\/2018\/06\/po\u017cegnanie_proboszcza-10-1050x698.jpg 1050w, https:\/\/www.mojabochnia.pl\/wp-content\/uploads\/2018\/06\/po\u017cegnanie_proboszcza-10.jpg 1156w\" sizes=\"auto, (max-width: 120px) 100vw, 120px\" \/><\/a>\n\t\t\t<\/div><\/figure><figure class='gallery-item'>\n\t\t\t<div class='gallery-icon portrait'>\n\t\t\t\t<a href='https:\/\/www.mojabochnia.pl\/?attachment_id=186811'><img loading=\"lazy\" decoding=\"async\" width=\"120\" height=\"181\" src=\"https:\/\/www.mojabochnia.pl\/wp-content\/uploads\/2018\/06\/po\u017cegnanie_proboszcza-6-120x181.jpg\" class=\"attachment-thumbnail size-thumbnail\" alt=\"\" srcset=\"https:\/\/www.mojabochnia.pl\/wp-content\/uploads\/2018\/06\/po\u017cegnanie_proboszcza-6-120x181.jpg 120w, https:\/\/www.mojabochnia.pl\/wp-content\/uploads\/2018\/06\/po\u017cegnanie_proboszcza-6-468x705.jpg 468w, https:\/\/www.mojabochnia.pl\/wp-content\/uploads\/2018\/06\/po\u017cegnanie_proboszcza-6.jpg 510w\" sizes=\"auto, (max-width: 120px) 100vw, 120px\" \/><\/a>\n\t\t\t<\/div><\/figure><figure class='gallery-item'>\n\t\t\t<div class='gallery-icon landscape'>\n\t\t\t\t<a href='https:\/\/www.mojabochnia.pl\/?attachment_id=186810'><img loading=\"lazy\" decoding=\"async\" width=\"120\" height=\"80\" src=\"https:\/\/www.mojabochnia.pl\/wp-content\/uploads\/2018\/06\/po\u017cegnanie_proboszcza-5-120x80.jpg\" class=\"attachment-thumbnail size-thumbnail\" alt=\"\" srcset=\"https:\/\/www.mojabochnia.pl\/wp-content\/uploads\/2018\/06\/po\u017cegnanie_proboszcza-5-120x80.jpg 120w, https:\/\/www.mojabochnia.pl\/wp-content\/uploads\/2018\/06\/po\u017cegnanie_proboszcza-5-468x311.jpg 468w, https:\/\/www.mojabochnia.pl\/wp-content\/uploads\/2018\/06\/po\u017cegnanie_proboszcza-5-768x510.jpg 768w, https:\/\/www.mojabochnia.pl\/wp-content\/uploads\/2018\/06\/po\u017cegnanie_proboszcza-5-1050x698.jpg 1050w, https:\/\/www.mojabochnia.pl\/wp-content\/uploads\/2018\/06\/po\u017cegnanie_proboszcza-5.jpg 1156w\" sizes=\"auto, (max-width: 120px) 100vw, 120px\" \/><\/a>\n\t\t\t<\/div><\/figure><figure class='gallery-item'>\n\t\t\t<div class='gallery-icon landscape'>\n\t\t\t\t<a href='https:\/\/www.mojabochnia.pl\/?attachment_id=186809'><img loading=\"lazy\" decoding=\"async\" width=\"120\" height=\"80\" src=\"https:\/\/www.mojabochnia.pl\/wp-content\/uploads\/2018\/06\/po\u017cegnanie_proboszcza-4-120x80.jpg\" class=\"attachment-thumbnail size-thumbnail\" alt=\"\" srcset=\"https:\/\/www.mojabochnia.pl\/wp-content\/uploads\/2018\/06\/po\u017cegnanie_proboszcza-4-120x80.jpg 120w, https:\/\/www.mojabochnia.pl\/wp-content\/uploads\/2018\/06\/po\u017cegnanie_proboszcza-4-468x311.jpg 468w, https:\/\/www.mojabochnia.pl\/wp-content\/uploads\/2018\/06\/po\u017cegnanie_proboszcza-4-768x510.jpg 768w, https:\/\/www.mojabochnia.pl\/wp-content\/uploads\/2018\/06\/po\u017cegnanie_proboszcza-4-1050x698.jpg 1050w, https:\/\/www.mojabochnia.pl\/wp-content\/uploads\/2018\/06\/po\u017cegnanie_proboszcza-4.jpg 1156w\" sizes=\"auto, (max-width: 120px) 100vw, 120px\" \/><\/a>\n\t\t\t<\/div><\/figure><figure class='gallery-item'>\n\t\t\t<div class='gallery-icon landscape'>\n\t\t\t\t<a href='https:\/\/www.mojabochnia.pl\/?attachment_id=186797'><img loading=\"lazy\" decoding=\"async\" width=\"120\" height=\"80\" src=\"https:\/\/www.mojabochnia.pl\/wp-content\/uploads\/2018\/06\/po\u017cegnanie_proboszcza-35-120x80.jpg\" class=\"attachment-thumbnail size-thumbnail\" alt=\"\" srcset=\"https:\/\/www.mojabochnia.pl\/wp-content\/uploads\/2018\/06\/po\u017cegnanie_proboszcza-35-120x80.jpg 120w, https:\/\/www.mojabochnia.pl\/wp-content\/uploads\/2018\/06\/po\u017cegnanie_proboszcza-35-468x311.jpg 468w, https:\/\/www.mojabochnia.pl\/wp-content\/uploads\/2018\/06\/po\u017cegnanie_proboszcza-35-768x510.jpg 768w, https:\/\/www.mojabochnia.pl\/wp-content\/uploads\/2018\/06\/po\u017cegnanie_proboszcza-35-1050x698.jpg 1050w, https:\/\/www.mojabochnia.pl\/wp-content\/uploads\/2018\/06\/po\u017cegnanie_proboszcza-35.jpg 1156w\" sizes=\"auto, (max-width: 120px) 100vw, 120px\" \/><\/a>\n\t\t\t<\/div><\/figure><figure class='gallery-item'>\n\t\t\t<div class='gallery-icon landscape'>\n\t\t\t\t<a href='https:\/\/www.mojabochnia.pl\/?attachment_id=186785'><img loading=\"lazy\" decoding=\"async\" width=\"120\" height=\"80\" src=\"https:\/\/www.mojabochnia.pl\/wp-content\/uploads\/2018\/06\/po\u017cegnanie_proboszcza-23-120x80.jpg\" class=\"attachment-thumbnail size-thumbnail\" alt=\"\" srcset=\"https:\/\/www.mojabochnia.pl\/wp-content\/uploads\/2018\/06\/po\u017cegnanie_proboszcza-23-120x80.jpg 120w, https:\/\/www.mojabochnia.pl\/wp-content\/uploads\/2018\/06\/po\u017cegnanie_proboszcza-23-468x311.jpg 468w, https:\/\/www.mojabochnia.pl\/wp-content\/uploads\/2018\/06\/po\u017cegnanie_proboszcza-23-768x510.jpg 768w, https:\/\/www.mojabochnia.pl\/wp-content\/uploads\/2018\/06\/po\u017cegnanie_proboszcza-23-1050x698.jpg 1050w, https:\/\/www.mojabochnia.pl\/wp-content\/uploads\/2018\/06\/po\u017cegnanie_proboszcza-23.jpg 1156w\" sizes=\"auto, (max-width: 120px) 100vw, 120px\" \/><\/a>\n\t\t\t<\/div><\/figure><figure class='gallery-item'>\n\t\t\t<div class='gallery-icon landscape'>\n\t\t\t\t<a href='https:\/\/www.mojabochnia.pl\/?attachment_id=186773'><img loading=\"lazy\" decoding=\"async\" width=\"120\" height=\"80\" src=\"https:\/\/www.mojabochnia.pl\/wp-content\/uploads\/2018\/06\/po\u017cegnanie_proboszcza-11-120x80.jpg\" class=\"attachment-thumbnail size-thumbnail\" alt=\"\" srcset=\"https:\/\/www.mojabochnia.pl\/wp-content\/uploads\/2018\/06\/po\u017cegnanie_proboszcza-11-120x80.jpg 120w, https:\/\/www.mojabochnia.pl\/wp-content\/uploads\/2018\/06\/po\u017cegnanie_proboszcza-11-468x311.jpg 468w, https:\/\/www.mojabochnia.pl\/wp-content\/uploads\/2018\/06\/po\u017cegnanie_proboszcza-11-768x510.jpg 768w, https:\/\/www.mojabochnia.pl\/wp-content\/uploads\/2018\/06\/po\u017cegnanie_proboszcza-11-1050x698.jpg 1050w, https:\/\/www.mojabochnia.pl\/wp-content\/uploads\/2018\/06\/po\u017cegnanie_proboszcza-11.jpg 1156w\" sizes=\"auto, (max-width: 120px) 100vw, 120px\" \/><\/a>\n\t\t\t<\/div><\/figure><figure class='gallery-item'>\n\t\t\t<div class='gallery-icon portrait'>\n\t\t\t\t<a href='https:\/\/www.mojabochnia.pl\/?attachment_id=186774'><img loading=\"lazy\" decoding=\"async\" width=\"120\" height=\"181\" src=\"https:\/\/www.mojabochnia.pl\/wp-content\/uploads\/2018\/06\/po\u017cegnanie_proboszcza-12-120x181.jpg\" class=\"attachment-thumbnail size-thumbnail\" alt=\"\" srcset=\"https:\/\/www.mojabochnia.pl\/wp-content\/uploads\/2018\/06\/po\u017cegnanie_proboszcza-12-120x181.jpg 120w, https:\/\/www.mojabochnia.pl\/wp-content\/uploads\/2018\/06\/po\u017cegnanie_proboszcza-12-468x705.jpg 468w, https:\/\/www.mojabochnia.pl\/wp-content\/uploads\/2018\/06\/po\u017cegnanie_proboszcza-12.jpg 510w\" sizes=\"auto, (max-width: 120px) 100vw, 120px\" \/><\/a>\n\t\t\t<\/div><\/figure><figure class='gallery-item'>\n\t\t\t<div class='gallery-icon portrait'>\n\t\t\t\t<a href='https:\/\/www.mojabochnia.pl\/?attachment_id=186775'><img loading=\"lazy\" decoding=\"async\" width=\"120\" height=\"181\" src=\"https:\/\/www.mojabochnia.pl\/wp-content\/uploads\/2018\/06\/po\u017cegnanie_proboszcza-13-120x181.jpg\" class=\"attachment-thumbnail size-thumbnail\" alt=\"\" srcset=\"https:\/\/www.mojabochnia.pl\/wp-content\/uploads\/2018\/06\/po\u017cegnanie_proboszcza-13-120x181.jpg 120w, https:\/\/www.mojabochnia.pl\/wp-content\/uploads\/2018\/06\/po\u017cegnanie_proboszcza-13-468x705.jpg 468w, https:\/\/www.mojabochnia.pl\/wp-content\/uploads\/2018\/06\/po\u017cegnanie_proboszcza-13.jpg 510w\" sizes=\"auto, (max-width: 120px) 100vw, 120px\" \/><\/a>\n\t\t\t<\/div><\/figure><figure class='gallery-item'>\n\t\t\t<div class='gallery-icon portrait'>\n\t\t\t\t<a href='https:\/\/www.mojabochnia.pl\/?attachment_id=186776'><img loading=\"lazy\" decoding=\"async\" width=\"120\" height=\"181\" src=\"https:\/\/www.mojabochnia.pl\/wp-content\/uploads\/2018\/06\/po\u017cegnanie_proboszcza-14-120x181.jpg\" class=\"attachment-thumbnail size-thumbnail\" alt=\"\" srcset=\"https:\/\/www.mojabochnia.pl\/wp-content\/uploads\/2018\/06\/po\u017cegnanie_proboszcza-14-120x181.jpg 120w, https:\/\/www.mojabochnia.pl\/wp-content\/uploads\/2018\/06\/po\u017cegnanie_proboszcza-14-468x705.jpg 468w, https:\/\/www.mojabochnia.pl\/wp-content\/uploads\/2018\/06\/po\u017cegnanie_proboszcza-14.jpg 510w\" sizes=\"auto, (max-width: 120px) 100vw, 120px\" \/><\/a>\n\t\t\t<\/div><\/figure><figure class='gallery-item'>\n\t\t\t<div class='gallery-icon portrait'>\n\t\t\t\t<a href='https:\/\/www.mojabochnia.pl\/?attachment_id=186777'><img loading=\"lazy\" decoding=\"async\" width=\"120\" height=\"181\" src=\"https:\/\/www.mojabochnia.pl\/wp-content\/uploads\/2018\/06\/po\u017cegnanie_proboszcza-15-120x181.jpg\" class=\"attachment-thumbnail size-thumbnail\" alt=\"\" srcset=\"https:\/\/www.mojabochnia.pl\/wp-content\/uploads\/2018\/06\/po\u017cegnanie_proboszcza-15-120x181.jpg 120w, https:\/\/www.mojabochnia.pl\/wp-content\/uploads\/2018\/06\/po\u017cegnanie_proboszcza-15-468x705.jpg 468w, https:\/\/www.mojabochnia.pl\/wp-content\/uploads\/2018\/06\/po\u017cegnanie_proboszcza-15.jpg 510w\" sizes=\"auto, (max-width: 120px) 100vw, 120px\" \/><\/a>\n\t\t\t<\/div><\/figure><figure class='gallery-item'>\n\t\t\t<div class='gallery-icon landscape'>\n\t\t\t\t<a href='https:\/\/www.mojabochnia.pl\/?attachment_id=186778'><img loading=\"lazy\" decoding=\"async\" width=\"120\" height=\"80\" src=\"https:\/\/www.mojabochnia.pl\/wp-content\/uploads\/2018\/06\/po\u017cegnanie_proboszcza-16-120x80.jpg\" class=\"attachment-thumbnail size-thumbnail\" alt=\"\" srcset=\"https:\/\/www.mojabochnia.pl\/wp-content\/uploads\/2018\/06\/po\u017cegnanie_proboszcza-16-120x80.jpg 120w, https:\/\/www.mojabochnia.pl\/wp-content\/uploads\/2018\/06\/po\u017cegnanie_proboszcza-16-468x311.jpg 468w, https:\/\/www.mojabochnia.pl\/wp-content\/uploads\/2018\/06\/po\u017cegnanie_proboszcza-16-768x510.jpg 768w, https:\/\/www.mojabochnia.pl\/wp-content\/uploads\/2018\/06\/po\u017cegnanie_proboszcza-16-1050x698.jpg 1050w, https:\/\/www.mojabochnia.pl\/wp-content\/uploads\/2018\/06\/po\u017cegnanie_proboszcza-16.jpg 1156w\" sizes=\"auto, (max-width: 120px) 100vw, 120px\" \/><\/a>\n\t\t\t<\/div><\/figure><figure class='gallery-item'>\n\t\t\t<div class='gallery-icon portrait'>\n\t\t\t\t<a href='https:\/\/www.mojabochnia.pl\/?attachment_id=186779'><img loading=\"lazy\" decoding=\"async\" width=\"120\" height=\"181\" src=\"https:\/\/www.mojabochnia.pl\/wp-content\/uploads\/2018\/06\/po\u017cegnanie_proboszcza-17-120x181.jpg\" class=\"attachment-thumbnail size-thumbnail\" alt=\"\" srcset=\"https:\/\/www.mojabochnia.pl\/wp-content\/uploads\/2018\/06\/po\u017cegnanie_proboszcza-17-120x181.jpg 120w, https:\/\/www.mojabochnia.pl\/wp-content\/uploads\/2018\/06\/po\u017cegnanie_proboszcza-17-468x705.jpg 468w, https:\/\/www.mojabochnia.pl\/wp-content\/uploads\/2018\/06\/po\u017cegnanie_proboszcza-17.jpg 510w\" sizes=\"auto, (max-width: 120px) 100vw, 120px\" \/><\/a>\n\t\t\t<\/div><\/figure><figure class='gallery-item'>\n\t\t\t<div class='gallery-icon portrait'>\n\t\t\t\t<a href='https:\/\/www.mojabochnia.pl\/?attachment_id=186781'><img loading=\"lazy\" decoding=\"async\" width=\"120\" height=\"181\" src=\"https:\/\/www.mojabochnia.pl\/wp-content\/uploads\/2018\/06\/po\u017cegnanie_proboszcza-19-120x181.jpg\" class=\"attachment-thumbnail size-thumbnail\" alt=\"\" srcset=\"https:\/\/www.mojabochnia.pl\/wp-content\/uploads\/2018\/06\/po\u017cegnanie_proboszcza-19-120x181.jpg 120w, https:\/\/www.mojabochnia.pl\/wp-content\/uploads\/2018\/06\/po\u017cegnanie_proboszcza-19-468x705.jpg 468w, https:\/\/www.mojabochnia.pl\/wp-content\/uploads\/2018\/06\/po\u017cegnanie_proboszcza-19.jpg 510w\" sizes=\"auto, (max-width: 120px) 100vw, 120px\" \/><\/a>\n\t\t\t<\/div><\/figure><figure class='gallery-item'>\n\t\t\t<div class='gallery-icon landscape'>\n\t\t\t\t<a href='https:\/\/www.mojabochnia.pl\/?attachment_id=186782'><img loading=\"lazy\" decoding=\"async\" width=\"120\" height=\"80\" src=\"https:\/\/www.mojabochnia.pl\/wp-content\/uploads\/2018\/06\/po\u017cegnanie_proboszcza-20-120x80.jpg\" class=\"attachment-thumbnail size-thumbnail\" alt=\"\" srcset=\"https:\/\/www.mojabochnia.pl\/wp-content\/uploads\/2018\/06\/po\u017cegnanie_proboszcza-20-120x80.jpg 120w, https:\/\/www.mojabochnia.pl\/wp-content\/uploads\/2018\/06\/po\u017cegnanie_proboszcza-20-468x311.jpg 468w, https:\/\/www.mojabochnia.pl\/wp-content\/uploads\/2018\/06\/po\u017cegnanie_proboszcza-20-768x510.jpg 768w, https:\/\/www.mojabochnia.pl\/wp-content\/uploads\/2018\/06\/po\u017cegnanie_proboszcza-20-1050x698.jpg 1050w, https:\/\/www.mojabochnia.pl\/wp-content\/uploads\/2018\/06\/po\u017cegnanie_proboszcza-20.jpg 1156w\" sizes=\"auto, (max-width: 120px) 100vw, 120px\" \/><\/a>\n\t\t\t<\/div><\/figure><figure class='gallery-item'>\n\t\t\t<div class='gallery-icon portrait'>\n\t\t\t\t<a href='https:\/\/www.mojabochnia.pl\/?attachment_id=186783'><img loading=\"lazy\" decoding=\"async\" width=\"120\" height=\"181\" src=\"https:\/\/www.mojabochnia.pl\/wp-content\/uploads\/2018\/06\/po\u017cegnanie_proboszcza-21-120x181.jpg\" class=\"attachment-thumbnail size-thumbnail\" alt=\"\" srcset=\"https:\/\/www.mojabochnia.pl\/wp-content\/uploads\/2018\/06\/po\u017cegnanie_proboszcza-21-120x181.jpg 120w, https:\/\/www.mojabochnia.pl\/wp-content\/uploads\/2018\/06\/po\u017cegnanie_proboszcza-21-468x705.jpg 468w, https:\/\/www.mojabochnia.pl\/wp-content\/uploads\/2018\/06\/po\u017cegnanie_proboszcza-21.jpg 510w\" sizes=\"auto, (max-width: 120px) 100vw, 120px\" \/><\/a>\n\t\t\t<\/div><\/figure><figure class='gallery-item'>\n\t\t\t<div class='gallery-icon portrait'>\n\t\t\t\t<a href='https:\/\/www.mojabochnia.pl\/?attachment_id=186784'><img loading=\"lazy\" decoding=\"async\" width=\"120\" height=\"181\" src=\"https:\/\/www.mojabochnia.pl\/wp-content\/uploads\/2018\/06\/po\u017cegnanie_proboszcza-22-120x181.jpg\" class=\"attachment-thumbnail size-thumbnail\" alt=\"\" srcset=\"https:\/\/www.mojabochnia.pl\/wp-content\/uploads\/2018\/06\/po\u017cegnanie_proboszcza-22-120x181.jpg 120w, https:\/\/www.mojabochnia.pl\/wp-content\/uploads\/2018\/06\/po\u017cegnanie_proboszcza-22-468x705.jpg 468w, https:\/\/www.mojabochnia.pl\/wp-content\/uploads\/2018\/06\/po\u017cegnanie_proboszcza-22.jpg 510w\" sizes=\"auto, (max-width: 120px) 100vw, 120px\" \/><\/a>\n\t\t\t<\/div><\/figure><figure class='gallery-item'>\n\t\t\t<div class='gallery-icon landscape'>\n\t\t\t\t<a href='https:\/\/www.mojabochnia.pl\/?attachment_id=186796'><img loading=\"lazy\" decoding=\"async\" width=\"120\" height=\"80\" src=\"https:\/\/www.mojabochnia.pl\/wp-content\/uploads\/2018\/06\/po\u017cegnanie_proboszcza-34-120x80.jpg\" class=\"attachment-thumbnail size-thumbnail\" alt=\"\" srcset=\"https:\/\/www.mojabochnia.pl\/wp-content\/uploads\/2018\/06\/po\u017cegnanie_proboszcza-34-120x80.jpg 120w, https:\/\/www.mojabochnia.pl\/wp-content\/uploads\/2018\/06\/po\u017cegnanie_proboszcza-34-468x311.jpg 468w, https:\/\/www.mojabochnia.pl\/wp-content\/uploads\/2018\/06\/po\u017cegnanie_proboszcza-34-768x510.jpg 768w, https:\/\/www.mojabochnia.pl\/wp-content\/uploads\/2018\/06\/po\u017cegnanie_proboszcza-34-1050x698.jpg 1050w, https:\/\/www.mojabochnia.pl\/wp-content\/uploads\/2018\/06\/po\u017cegnanie_proboszcza-34.jpg 1156w\" sizes=\"auto, (max-width: 120px) 100vw, 120px\" \/><\/a>\n\t\t\t<\/div><\/figure><figure class='gallery-item'>\n\t\t\t<div class='gallery-icon landscape'>\n\t\t\t\t<a href='https:\/\/www.mojabochnia.pl\/?attachment_id=186808'><img loading=\"lazy\" decoding=\"async\" width=\"120\" height=\"80\" src=\"https:\/\/www.mojabochnia.pl\/wp-content\/uploads\/2018\/06\/po\u017cegnanie_proboszcza-3-120x80.jpg\" class=\"attachment-thumbnail size-thumbnail\" alt=\"\" srcset=\"https:\/\/www.mojabochnia.pl\/wp-content\/uploads\/2018\/06\/po\u017cegnanie_proboszcza-3-120x80.jpg 120w, https:\/\/www.mojabochnia.pl\/wp-content\/uploads\/2018\/06\/po\u017cegnanie_proboszcza-3-468x311.jpg 468w, https:\/\/www.mojabochnia.pl\/wp-content\/uploads\/2018\/06\/po\u017cegnanie_proboszcza-3-768x510.jpg 768w, https:\/\/www.mojabochnia.pl\/wp-content\/uploads\/2018\/06\/po\u017cegnanie_proboszcza-3-1050x698.jpg 1050w, https:\/\/www.mojabochnia.pl\/wp-content\/uploads\/2018\/06\/po\u017cegnanie_proboszcza-3.jpg 1156w\" sizes=\"auto, (max-width: 120px) 100vw, 120px\" \/><\/a>\n\t\t\t<\/div><\/figure><figure class='gallery-item'>\n\t\t\t<div class='gallery-icon landscape'>\n\t\t\t\t<a href='https:\/\/www.mojabochnia.pl\/?attachment_id=186807'><img loading=\"lazy\" decoding=\"async\" width=\"120\" height=\"80\" src=\"https:\/\/www.mojabochnia.pl\/wp-content\/uploads\/2018\/06\/po\u017cegnanie_proboszcza-2-120x80.jpg\" class=\"attachment-thumbnail size-thumbnail\" alt=\"\" srcset=\"https:\/\/www.mojabochnia.pl\/wp-content\/uploads\/2018\/06\/po\u017cegnanie_proboszcza-2-120x80.jpg 120w, https:\/\/www.mojabochnia.pl\/wp-content\/uploads\/2018\/06\/po\u017cegnanie_proboszcza-2-468x311.jpg 468w, https:\/\/www.mojabochnia.pl\/wp-content\/uploads\/2018\/06\/po\u017cegnanie_proboszcza-2-768x510.jpg 768w, https:\/\/www.mojabochnia.pl\/wp-content\/uploads\/2018\/06\/po\u017cegnanie_proboszcza-2-1050x698.jpg 1050w, https:\/\/www.mojabochnia.pl\/wp-content\/uploads\/2018\/06\/po\u017cegnanie_proboszcza-2.jpg 1156w\" sizes=\"auto, (max-width: 120px) 100vw, 120px\" \/><\/a>\n\t\t\t<\/div><\/figure><figure class='gallery-item'>\n\t\t\t<div class='gallery-icon landscape'>\n\t\t\t\t<a href='https:\/\/www.mojabochnia.pl\/?attachment_id=186806'><img loading=\"lazy\" decoding=\"async\" width=\"120\" height=\"80\" src=\"https:\/\/www.mojabochnia.pl\/wp-content\/uploads\/2018\/06\/po\u017cegnanie_proboszcza-1-120x80.jpg\" class=\"attachment-thumbnail size-thumbnail\" alt=\"\" srcset=\"https:\/\/www.mojabochnia.pl\/wp-content\/uploads\/2018\/06\/po\u017cegnanie_proboszcza-1-120x80.jpg 120w, https:\/\/www.mojabochnia.pl\/wp-content\/uploads\/2018\/06\/po\u017cegnanie_proboszcza-1-468x311.jpg 468w, https:\/\/www.mojabochnia.pl\/wp-content\/uploads\/2018\/06\/po\u017cegnanie_proboszcza-1-768x510.jpg 768w, https:\/\/www.mojabochnia.pl\/wp-content\/uploads\/2018\/06\/po\u017cegnanie_proboszcza-1-1050x698.jpg 1050w, https:\/\/www.mojabochnia.pl\/wp-content\/uploads\/2018\/06\/po\u017cegnanie_proboszcza-1.jpg 1156w\" sizes=\"auto, (max-width: 120px) 100vw, 120px\" \/><\/a>\n\t\t\t<\/div><\/figure><figure class='gallery-item'>\n\t\t\t<div class='gallery-icon landscape'>\n\t\t\t\t<a href='https:\/\/www.mojabochnia.pl\/?attachment_id=186805'><img loading=\"lazy\" decoding=\"async\" width=\"120\" height=\"80\" src=\"https:\/\/www.mojabochnia.pl\/wp-content\/uploads\/2018\/06\/po\u017cegnanie_proboszcza-43-120x80.jpg\" class=\"attachment-thumbnail size-thumbnail\" alt=\"\" srcset=\"https:\/\/www.mojabochnia.pl\/wp-content\/uploads\/2018\/06\/po\u017cegnanie_proboszcza-43-120x80.jpg 120w, https:\/\/www.mojabochnia.pl\/wp-content\/uploads\/2018\/06\/po\u017cegnanie_proboszcza-43-468x311.jpg 468w, https:\/\/www.mojabochnia.pl\/wp-content\/uploads\/2018\/06\/po\u017cegnanie_proboszcza-43-768x510.jpg 768w, https:\/\/www.mojabochnia.pl\/wp-content\/uploads\/2018\/06\/po\u017cegnanie_proboszcza-43-1050x698.jpg 1050w, https:\/\/www.mojabochnia.pl\/wp-content\/uploads\/2018\/06\/po\u017cegnanie_proboszcza-43.jpg 1156w\" sizes=\"auto, (max-width: 120px) 100vw, 120px\" \/><\/a>\n\t\t\t<\/div><\/figure><figure class='gallery-item'>\n\t\t\t<div class='gallery-icon landscape'>\n\t\t\t\t<a href='https:\/\/www.mojabochnia.pl\/?attachment_id=186803'><img loading=\"lazy\" decoding=\"async\" width=\"120\" height=\"80\" src=\"https:\/\/www.mojabochnia.pl\/wp-content\/uploads\/2018\/06\/po\u017cegnanie_proboszcza-41-120x80.jpg\" class=\"attachment-thumbnail size-thumbnail\" alt=\"\" srcset=\"https:\/\/www.mojabochnia.pl\/wp-content\/uploads\/2018\/06\/po\u017cegnanie_proboszcza-41-120x80.jpg 120w, https:\/\/www.mojabochnia.pl\/wp-content\/uploads\/2018\/06\/po\u017cegnanie_proboszcza-41-468x311.jpg 468w, https:\/\/www.mojabochnia.pl\/wp-content\/uploads\/2018\/06\/po\u017cegnanie_proboszcza-41-768x510.jpg 768w, https:\/\/www.mojabochnia.pl\/wp-content\/uploads\/2018\/06\/po\u017cegnanie_proboszcza-41-1050x698.jpg 1050w, https:\/\/www.mojabochnia.pl\/wp-content\/uploads\/2018\/06\/po\u017cegnanie_proboszcza-41.jpg 1156w\" sizes=\"auto, (max-width: 120px) 100vw, 120px\" \/><\/a>\n\t\t\t<\/div><\/figure><figure class='gallery-item'>\n\t\t\t<div class='gallery-icon landscape'>\n\t\t\t\t<a href='https:\/\/www.mojabochnia.pl\/?attachment_id=186804'><img loading=\"lazy\" decoding=\"async\" width=\"120\" height=\"80\" src=\"https:\/\/www.mojabochnia.pl\/wp-content\/uploads\/2018\/06\/po\u017cegnanie_proboszcza-42-120x80.jpg\" class=\"attachment-thumbnail size-thumbnail\" alt=\"\" srcset=\"https:\/\/www.mojabochnia.pl\/wp-content\/uploads\/2018\/06\/po\u017cegnanie_proboszcza-42-120x80.jpg 120w, https:\/\/www.mojabochnia.pl\/wp-content\/uploads\/2018\/06\/po\u017cegnanie_proboszcza-42-468x311.jpg 468w, https:\/\/www.mojabochnia.pl\/wp-content\/uploads\/2018\/06\/po\u017cegnanie_proboszcza-42-768x510.jpg 768w, https:\/\/www.mojabochnia.pl\/wp-content\/uploads\/2018\/06\/po\u017cegnanie_proboszcza-42-1050x698.jpg 1050w, https:\/\/www.mojabochnia.pl\/wp-content\/uploads\/2018\/06\/po\u017cegnanie_proboszcza-42.jpg 1156w\" sizes=\"auto, (max-width: 120px) 100vw, 120px\" \/><\/a>\n\t\t\t<\/div><\/figure><figure class='gallery-item'>\n\t\t\t<div class='gallery-icon portrait'>\n\t\t\t\t<a href='https:\/\/www.mojabochnia.pl\/?attachment_id=186802'><img loading=\"lazy\" decoding=\"async\" width=\"120\" height=\"181\" src=\"https:\/\/www.mojabochnia.pl\/wp-content\/uploads\/2018\/06\/po\u017cegnanie_proboszcza-40-120x181.jpg\" class=\"attachment-thumbnail size-thumbnail\" alt=\"\" srcset=\"https:\/\/www.mojabochnia.pl\/wp-content\/uploads\/2018\/06\/po\u017cegnanie_proboszcza-40-120x181.jpg 120w, https:\/\/www.mojabochnia.pl\/wp-content\/uploads\/2018\/06\/po\u017cegnanie_proboszcza-40-468x705.jpg 468w, https:\/\/www.mojabochnia.pl\/wp-content\/uploads\/2018\/06\/po\u017cegnanie_proboszcza-40.jpg 510w\" sizes=\"auto, (max-width: 120px) 100vw, 120px\" \/><\/a>\n\t\t\t<\/div><\/figure><figure class='gallery-item'>\n\t\t\t<div class='gallery-icon portrait'>\n\t\t\t\t<a href='https:\/\/www.mojabochnia.pl\/?attachment_id=186801'><img loading=\"lazy\" decoding=\"async\" width=\"120\" height=\"181\" src=\"https:\/\/www.mojabochnia.pl\/wp-content\/uploads\/2018\/06\/po\u017cegnanie_proboszcza-39-120x181.jpg\" class=\"attachment-thumbnail size-thumbnail\" alt=\"\" srcset=\"https:\/\/www.mojabochnia.pl\/wp-content\/uploads\/2018\/06\/po\u017cegnanie_proboszcza-39-120x181.jpg 120w, https:\/\/www.mojabochnia.pl\/wp-content\/uploads\/2018\/06\/po\u017cegnanie_proboszcza-39-468x705.jpg 468w, https:\/\/www.mojabochnia.pl\/wp-content\/uploads\/2018\/06\/po\u017cegnanie_proboszcza-39.jpg 510w\" sizes=\"auto, (max-width: 120px) 100vw, 120px\" \/><\/a>\n\t\t\t<\/div><\/figure><figure class='gallery-item'>\n\t\t\t<div class='gallery-icon landscape'>\n\t\t\t\t<a href='https:\/\/www.mojabochnia.pl\/?attachment_id=186800'><img loading=\"lazy\" decoding=\"async\" width=\"120\" height=\"80\" src=\"https:\/\/www.mojabochnia.pl\/wp-content\/uploads\/2018\/06\/po\u017cegnanie_proboszcza-38-120x80.jpg\" class=\"attachment-thumbnail size-thumbnail\" alt=\"\" srcset=\"https:\/\/www.mojabochnia.pl\/wp-content\/uploads\/2018\/06\/po\u017cegnanie_proboszcza-38-120x80.jpg 120w, https:\/\/www.mojabochnia.pl\/wp-content\/uploads\/2018\/06\/po\u017cegnanie_proboszcza-38-468x311.jpg 468w, https:\/\/www.mojabochnia.pl\/wp-content\/uploads\/2018\/06\/po\u017cegnanie_proboszcza-38-768x510.jpg 768w, https:\/\/www.mojabochnia.pl\/wp-content\/uploads\/2018\/06\/po\u017cegnanie_proboszcza-38-1050x698.jpg 1050w, https:\/\/www.mojabochnia.pl\/wp-content\/uploads\/2018\/06\/po\u017cegnanie_proboszcza-38.jpg 1156w\" sizes=\"auto, (max-width: 120px) 100vw, 120px\" \/><\/a>\n\t\t\t<\/div><\/figure><figure class='gallery-item'>\n\t\t\t<div class='gallery-icon portrait'>\n\t\t\t\t<a href='https:\/\/www.mojabochnia.pl\/?attachment_id=186799'><img loading=\"lazy\" decoding=\"async\" width=\"120\" height=\"181\" src=\"https:\/\/www.mojabochnia.pl\/wp-content\/uploads\/2018\/06\/po\u017cegnanie_proboszcza-37-120x181.jpg\" class=\"attachment-thumbnail size-thumbnail\" alt=\"\" srcset=\"https:\/\/www.mojabochnia.pl\/wp-content\/uploads\/2018\/06\/po\u017cegnanie_proboszcza-37-120x181.jpg 120w, https:\/\/www.mojabochnia.pl\/wp-content\/uploads\/2018\/06\/po\u017cegnanie_proboszcza-37-468x705.jpg 468w, https:\/\/www.mojabochnia.pl\/wp-content\/uploads\/2018\/06\/po\u017cegnanie_proboszcza-37.jpg 510w\" sizes=\"auto, (max-width: 120px) 100vw, 120px\" \/><\/a>\n\t\t\t<\/div><\/figure><figure class='gallery-item'>\n\t\t\t<div class='gallery-icon portrait'>\n\t\t\t\t<a href='https:\/\/www.mojabochnia.pl\/?attachment_id=186798'><img loading=\"lazy\" decoding=\"async\" width=\"120\" height=\"181\" src=\"https:\/\/www.mojabochnia.pl\/wp-content\/uploads\/2018\/06\/po\u017cegnanie_proboszcza-36-120x181.jpg\" class=\"attachment-thumbnail size-thumbnail\" alt=\"\" srcset=\"https:\/\/www.mojabochnia.pl\/wp-content\/uploads\/2018\/06\/po\u017cegnanie_proboszcza-36-120x181.jpg 120w, https:\/\/www.mojabochnia.pl\/wp-content\/uploads\/2018\/06\/po\u017cegnanie_proboszcza-36-468x705.jpg 468w, https:\/\/www.mojabochnia.pl\/wp-content\/uploads\/2018\/06\/po\u017cegnanie_proboszcza-36.jpg 510w\" sizes=\"auto, (max-width: 120px) 100vw, 120px\" \/><\/a>\n\t\t\t<\/div><\/figure><figure class='gallery-item'>\n\t\t\t<div class='gallery-icon landscape'>\n\t\t\t\t<a href='https:\/\/www.mojabochnia.pl\/?attachment_id=186786'><img loading=\"lazy\" decoding=\"async\" width=\"120\" height=\"80\" src=\"https:\/\/www.mojabochnia.pl\/wp-content\/uploads\/2018\/06\/po\u017cegnanie_proboszcza-24-120x80.jpg\" class=\"attachment-thumbnail size-thumbnail\" alt=\"\" srcset=\"https:\/\/www.mojabochnia.pl\/wp-content\/uploads\/2018\/06\/po\u017cegnanie_proboszcza-24-120x80.jpg 120w, https:\/\/www.mojabochnia.pl\/wp-content\/uploads\/2018\/06\/po\u017cegnanie_proboszcza-24-468x311.jpg 468w, https:\/\/www.mojabochnia.pl\/wp-content\/uploads\/2018\/06\/po\u017cegnanie_proboszcza-24-768x510.jpg 768w, https:\/\/www.mojabochnia.pl\/wp-content\/uploads\/2018\/06\/po\u017cegnanie_proboszcza-24-1050x698.jpg 1050w, https:\/\/www.mojabochnia.pl\/wp-content\/uploads\/2018\/06\/po\u017cegnanie_proboszcza-24.jpg 1156w\" sizes=\"auto, (max-width: 120px) 100vw, 120px\" \/><\/a>\n\t\t\t<\/div><\/figure><figure class='gallery-item'>\n\t\t\t<div class='gallery-icon landscape'>\n\t\t\t\t<a href='https:\/\/www.mojabochnia.pl\/?attachment_id=186787'><img loading=\"lazy\" decoding=\"async\" width=\"120\" height=\"80\" src=\"https:\/\/www.mojabochnia.pl\/wp-content\/uploads\/2018\/06\/po\u017cegnanie_proboszcza-25-120x80.jpg\" class=\"attachment-thumbnail size-thumbnail\" alt=\"\" srcset=\"https:\/\/www.mojabochnia.pl\/wp-content\/uploads\/2018\/06\/po\u017cegnanie_proboszcza-25-120x80.jpg 120w, https:\/\/www.mojabochnia.pl\/wp-content\/uploads\/2018\/06\/po\u017cegnanie_proboszcza-25-468x311.jpg 468w, https:\/\/www.mojabochnia.pl\/wp-content\/uploads\/2018\/06\/po\u017cegnanie_proboszcza-25-768x510.jpg 768w, https:\/\/www.mojabochnia.pl\/wp-content\/uploads\/2018\/06\/po\u017cegnanie_proboszcza-25-1050x698.jpg 1050w, https:\/\/www.mojabochnia.pl\/wp-content\/uploads\/2018\/06\/po\u017cegnanie_proboszcza-25.jpg 1156w\" sizes=\"auto, (max-width: 120px) 100vw, 120px\" \/><\/a>\n\t\t\t<\/div><\/figure><figure class='gallery-item'>\n\t\t\t<div class='gallery-icon portrait'>\n\t\t\t\t<a href='https:\/\/www.mojabochnia.pl\/?attachment_id=186788'><img loading=\"lazy\" decoding=\"async\" width=\"120\" height=\"181\" src=\"https:\/\/www.mojabochnia.pl\/wp-content\/uploads\/2018\/06\/po\u017cegnanie_proboszcza-26-120x181.jpg\" class=\"attachment-thumbnail size-thumbnail\" alt=\"\" srcset=\"https:\/\/www.mojabochnia.pl\/wp-content\/uploads\/2018\/06\/po\u017cegnanie_proboszcza-26-120x181.jpg 120w, https:\/\/www.mojabochnia.pl\/wp-content\/uploads\/2018\/06\/po\u017cegnanie_proboszcza-26-468x705.jpg 468w, https:\/\/www.mojabochnia.pl\/wp-content\/uploads\/2018\/06\/po\u017cegnanie_proboszcza-26.jpg 510w\" sizes=\"auto, (max-width: 120px) 100vw, 120px\" \/><\/a>\n\t\t\t<\/div><\/figure><figure class='gallery-item'>\n\t\t\t<div class='gallery-icon portrait'>\n\t\t\t\t<a href='https:\/\/www.mojabochnia.pl\/?attachment_id=186789'><img loading=\"lazy\" decoding=\"async\" width=\"120\" height=\"181\" src=\"https:\/\/www.mojabochnia.pl\/wp-content\/uploads\/2018\/06\/po\u017cegnanie_proboszcza-27-120x181.jpg\" class=\"attachment-thumbnail size-thumbnail\" alt=\"\" srcset=\"https:\/\/www.mojabochnia.pl\/wp-content\/uploads\/2018\/06\/po\u017cegnanie_proboszcza-27-120x181.jpg 120w, https:\/\/www.mojabochnia.pl\/wp-content\/uploads\/2018\/06\/po\u017cegnanie_proboszcza-27-468x705.jpg 468w, https:\/\/www.mojabochnia.pl\/wp-content\/uploads\/2018\/06\/po\u017cegnanie_proboszcza-27.jpg 510w\" sizes=\"auto, (max-width: 120px) 100vw, 120px\" \/><\/a>\n\t\t\t<\/div><\/figure><figure class='gallery-item'>\n\t\t\t<div class='gallery-icon portrait'>\n\t\t\t\t<a href='https:\/\/www.mojabochnia.pl\/?attachment_id=186790'><img loading=\"lazy\" decoding=\"async\" width=\"120\" height=\"181\" src=\"https:\/\/www.mojabochnia.pl\/wp-content\/uploads\/2018\/06\/po\u017cegnanie_proboszcza-28-120x181.jpg\" class=\"attachment-thumbnail size-thumbnail\" alt=\"\" srcset=\"https:\/\/www.mojabochnia.pl\/wp-content\/uploads\/2018\/06\/po\u017cegnanie_proboszcza-28-120x181.jpg 120w, https:\/\/www.mojabochnia.pl\/wp-content\/uploads\/2018\/06\/po\u017cegnanie_proboszcza-28-468x705.jpg 468w, https:\/\/www.mojabochnia.pl\/wp-content\/uploads\/2018\/06\/po\u017cegnanie_proboszcza-28.jpg 510w\" sizes=\"auto, (max-width: 120px) 100vw, 120px\" \/><\/a>\n\t\t\t<\/div><\/figure><figure class='gallery-item'>\n\t\t\t<div class='gallery-icon portrait'>\n\t\t\t\t<a href='https:\/\/www.mojabochnia.pl\/?attachment_id=186791'><img loading=\"lazy\" decoding=\"async\" width=\"120\" height=\"181\" src=\"https:\/\/www.mojabochnia.pl\/wp-content\/uploads\/2018\/06\/po\u017cegnanie_proboszcza-29-120x181.jpg\" class=\"attachment-thumbnail size-thumbnail\" alt=\"\" srcset=\"https:\/\/www.mojabochnia.pl\/wp-content\/uploads\/2018\/06\/po\u017cegnanie_proboszcza-29-120x181.jpg 120w, https:\/\/www.mojabochnia.pl\/wp-content\/uploads\/2018\/06\/po\u017cegnanie_proboszcza-29-468x705.jpg 468w, https:\/\/www.mojabochnia.pl\/wp-content\/uploads\/2018\/06\/po\u017cegnanie_proboszcza-29.jpg 510w\" sizes=\"auto, (max-width: 120px) 100vw, 120px\" \/><\/a>\n\t\t\t<\/div><\/figure><figure class='gallery-item'>\n\t\t\t<div class='gallery-icon portrait'>\n\t\t\t\t<a href='https:\/\/www.mojabochnia.pl\/?attachment_id=186792'><img loading=\"lazy\" decoding=\"async\" width=\"120\" height=\"181\" src=\"https:\/\/www.mojabochnia.pl\/wp-content\/uploads\/2018\/06\/po\u017cegnanie_proboszcza-30-120x181.jpg\" class=\"attachment-thumbnail size-thumbnail\" alt=\"\" srcset=\"https:\/\/www.mojabochnia.pl\/wp-content\/uploads\/2018\/06\/po\u017cegnanie_proboszcza-30-120x181.jpg 120w, https:\/\/www.mojabochnia.pl\/wp-content\/uploads\/2018\/06\/po\u017cegnanie_proboszcza-30-468x705.jpg 468w, https:\/\/www.mojabochnia.pl\/wp-content\/uploads\/2018\/06\/po\u017cegnanie_proboszcza-30.jpg 510w\" sizes=\"auto, (max-width: 120px) 100vw, 120px\" \/><\/a>\n\t\t\t<\/div><\/figure><figure class='gallery-item'>\n\t\t\t<div class='gallery-icon landscape'>\n\t\t\t\t<a href='https:\/\/www.mojabochnia.pl\/?attachment_id=186793'><img loading=\"lazy\" decoding=\"async\" width=\"120\" height=\"80\" src=\"https:\/\/www.mojabochnia.pl\/wp-content\/uploads\/2018\/06\/po\u017cegnanie_proboszcza-31-120x80.jpg\" class=\"attachment-thumbnail size-thumbnail\" alt=\"\" srcset=\"https:\/\/www.mojabochnia.pl\/wp-content\/uploads\/2018\/06\/po\u017cegnanie_proboszcza-31-120x80.jpg 120w, https:\/\/www.mojabochnia.pl\/wp-content\/uploads\/2018\/06\/po\u017cegnanie_proboszcza-31-468x311.jpg 468w, https:\/\/www.mojabochnia.pl\/wp-content\/uploads\/2018\/06\/po\u017cegnanie_proboszcza-31-768x510.jpg 768w, https:\/\/www.mojabochnia.pl\/wp-content\/uploads\/2018\/06\/po\u017cegnanie_proboszcza-31-1050x698.jpg 1050w, https:\/\/www.mojabochnia.pl\/wp-content\/uploads\/2018\/06\/po\u017cegnanie_proboszcza-31.jpg 1156w\" sizes=\"auto, (max-width: 120px) 100vw, 120px\" \/><\/a>\n\t\t\t<\/div><\/figure><figure class='gallery-item'>\n\t\t\t<div class='gallery-icon landscape'>\n\t\t\t\t<a href='https:\/\/www.mojabochnia.pl\/?attachment_id=186794'><img loading=\"lazy\" decoding=\"async\" width=\"120\" height=\"80\" src=\"https:\/\/www.mojabochnia.pl\/wp-content\/uploads\/2018\/06\/po\u017cegnanie_proboszcza-32-120x80.jpg\" class=\"attachment-thumbnail size-thumbnail\" alt=\"\" srcset=\"https:\/\/www.mojabochnia.pl\/wp-content\/uploads\/2018\/06\/po\u017cegnanie_proboszcza-32-120x80.jpg 120w, https:\/\/www.mojabochnia.pl\/wp-content\/uploads\/2018\/06\/po\u017cegnanie_proboszcza-32-468x311.jpg 468w, https:\/\/www.mojabochnia.pl\/wp-content\/uploads\/2018\/06\/po\u017cegnanie_proboszcza-32-768x510.jpg 768w, https:\/\/www.mojabochnia.pl\/wp-content\/uploads\/2018\/06\/po\u017cegnanie_proboszcza-32-1050x698.jpg 1050w, https:\/\/www.mojabochnia.pl\/wp-content\/uploads\/2018\/06\/po\u017cegnanie_proboszcza-32.jpg 1156w\" sizes=\"auto, (max-width: 120px) 100vw, 120px\" \/><\/a>\n\t\t\t<\/div><\/figure><figure class='gallery-item'>\n\t\t\t<div class='gallery-icon landscape'>\n\t\t\t\t<a href='https:\/\/www.mojabochnia.pl\/?attachment_id=186795'><img loading=\"lazy\" decoding=\"async\" width=\"120\" height=\"80\" src=\"https:\/\/www.mojabochnia.pl\/wp-content\/uploads\/2018\/06\/po\u017cegnanie_proboszcza-33-120x80.jpg\" class=\"attachment-thumbnail size-thumbnail\" alt=\"\" srcset=\"https:\/\/www.mojabochnia.pl\/wp-content\/uploads\/2018\/06\/po\u017cegnanie_proboszcza-33-120x80.jpg 120w, https:\/\/www.mojabochnia.pl\/wp-content\/uploads\/2018\/06\/po\u017cegnanie_proboszcza-33-468x311.jpg 468w, https:\/\/www.mojabochnia.pl\/wp-content\/uploads\/2018\/06\/po\u017cegnanie_proboszcza-33-768x510.jpg 768w, https:\/\/www.mojabochnia.pl\/wp-content\/uploads\/2018\/06\/po\u017cegnanie_proboszcza-33-1050x698.jpg 1050w, https:\/\/www.mojabochnia.pl\/wp-content\/uploads\/2018\/06\/po\u017cegnanie_proboszcza-33.jpg 1156w\" sizes=\"auto, (max-width: 120px) 100vw, 120px\" \/><\/a>\n\t\t\t<\/div><\/figure>\n\t\t<\/div>\n\n","protected":false},"excerpt":{"rendered":"<p>7 czerwca w\u00a0ko\u015bciele \u015bw.\u00a0Paw\u0142a Aposto\u0142a odby\u0142a si\u0119 spotkanie i Msza \u015bwi\u0119ta b\u0119d\u0105ca dzi\u0119kczynieniem za\u00a034 lata tworzenia i\u00a0prowadzenia parafii przez\u00a0Ksi\u0119dza Pra\u0142ata Jana Nowakowskiego. Na\u00a0uroczysto\u015b\u0107 przyby\u0142o wiele delegacji, kt\u00f3re tu\u017c przed\u00a0rozpocz\u0119ciem Eucharystii sk\u0142ada\u0142y na\u00a0r\u0119ce Ksi\u0119dza Pra\u0142ata podzi\u0119kowania za\u00a0jego pos\u0142ug\u0119, trud i\u00a0przewodnictwo duchowe. Specjalne, boche\u0144skie wyr\u00f3\u017cnienie: Boleslaus Dux Fundator (Boles\u0142aw Ksi\u0105\u017c\u0119 Za\u0142o\u017cyciel) wr\u0119czy\u0142 Ksi\u0119dzu Pra\u0142atowi Burmistrz Miasta Bochnia<\/p>\n","protected":false},"author":1168,"featured_media":186797,"comment_status":"open","ping_status":"closed","sticky":false,"template":"","format":"standard","meta":{"_acf_changed":false,"footnotes":""},"categories":[5,6251,6250],"tags":[404,17392,17552,19720],"class_list":["post-186816","post","type-post","status-publish","format-standard","has-post-thumbnail","hentry","category-biezace-wydarzenia","category-polityka-i-wydarzenia","category-tematyka","tag-ks-jan-nowakowski","tag-parafia","tag-proboszcz","tag-top-temat","main_tag-parafia-sw-pawla"],"acf":[],"yoast_head":"<!-- This site is optimized with the Yoast SEO plugin v26.9 - https:\/\/yoast.com\/product\/yoast-seo-wordpress\/ -->\n<title>Parafia pw. \u015bw. Paw\u0142a po\u017cegna\u0142a swojego proboszcza - zdj\u0119cia - mojabochnia.pl - portal informacyjny<\/title>\n<meta name=\"robots\" content=\"index, follow, max-snippet:-1, max-image-preview:large, max-video-preview:-1\" \/>\n<link rel=\"canonical\" href=\"https:\/\/www.mojabochnia.pl\/?p=186816\" \/>\n<meta property=\"og:locale\" content=\"pl_PL\" \/>\n<meta property=\"og:type\" content=\"article\" \/>\n<meta property=\"og:title\" content=\"Parafia pw. \u015bw. Paw\u0142a po\u017cegna\u0142a swojego proboszcza - zdj\u0119cia - mojabochnia.pl - portal informacyjny\" \/>\n<meta property=\"og:description\" content=\"7 czerwca w\u00a0ko\u015bciele \u015bw.\u00a0Paw\u0142a Aposto\u0142a odby\u0142a si\u0119 spotkanie i Msza \u015bwi\u0119ta b\u0119d\u0105ca dzi\u0119kczynieniem za\u00a034 lata tworzenia i\u00a0prowadzenia parafii przez\u00a0Ksi\u0119dza Pra\u0142ata Jana Nowakowskiego. Na\u00a0uroczysto\u015b\u0107 przyby\u0142o wiele delegacji, kt\u00f3re tu\u017c przed\u00a0rozpocz\u0119ciem Eucharystii sk\u0142ada\u0142y na\u00a0r\u0119ce Ksi\u0119dza Pra\u0142ata podzi\u0119kowania za\u00a0jego pos\u0142ug\u0119, trud i\u00a0przewodnictwo duchowe. Specjalne, boche\u0144skie wyr\u00f3\u017cnienie: Boleslaus Dux Fundator (Boles\u0142aw Ksi\u0105\u017c\u0119 Za\u0142o\u017cyciel) wr\u0119czy\u0142 Ksi\u0119dzu Pra\u0142atowi Burmistrz Miasta Bochnia\" \/>\n<meta property=\"og:url\" content=\"https:\/\/www.mojabochnia.pl\/?p=186816\" \/>\n<meta property=\"og:site_name\" content=\"mojabochnia.pl - portal informacyjny\" \/>\n<meta property=\"article:publisher\" content=\"https:\/\/www.facebook.com\/mojabochnia\" \/>\n<meta property=\"article:published_time\" content=\"2018-06-19T11:24:10+00:00\" \/>\n<meta property=\"article:modified_time\" content=\"2018-06-19T21:40:40+00:00\" \/>\n<meta property=\"og:image\" content=\"https:\/\/www.mojabochnia.pl\/wp-content\/uploads\/2018\/06\/po\u017cegnanie_proboszcza-35.jpg\" \/>\n\t<meta property=\"og:image:width\" content=\"1156\" \/>\n\t<meta property=\"og:image:height\" content=\"768\" \/>\n\t<meta property=\"og:image:type\" content=\"image\/jpeg\" \/>\n<meta name=\"author\" content=\"Mateusz Franczyk\" \/>\n<meta name=\"twitter:card\" content=\"summary_large_image\" \/>\n<meta name=\"twitter:label1\" content=\"Written by\" \/>\n\t<meta name=\"twitter:data1\" content=\"Mateusz Franczyk\" \/>\n\t<meta name=\"twitter:label2\" content=\"Est. reading time\" \/>\n\t<meta name=\"twitter:data2\" content=\"1 minuta\" \/>\n<script type=\"application\/ld+json\" class=\"yoast-schema-graph\">{\"@context\":\"https:\/\/schema.org\",\"@graph\":[{\"@type\":\"Article\",\"@id\":\"https:\/\/www.mojabochnia.pl\/?p=186816#article\",\"isPartOf\":{\"@id\":\"https:\/\/www.mojabochnia.pl\/?p=186816\"},\"author\":{\"name\":\"Mateusz Franczyk\",\"@id\":\"https:\/\/www.mojabochnia.pl\/#\/schema\/person\/43d3c2066b5450cc314bfa4e9e0e0099\"},\"headline\":\"Parafia pw. \u015bw. Paw\u0142a po\u017cegna\u0142a swojego proboszcza &#8211; zdj\u0119cia\",\"datePublished\":\"2018-06-19T11:24:10+00:00\",\"dateModified\":\"2018-06-19T21:40:40+00:00\",\"mainEntityOfPage\":{\"@id\":\"https:\/\/www.mojabochnia.pl\/?p=186816\"},\"wordCount\":138,\"commentCount\":0,\"publisher\":{\"@id\":\"https:\/\/www.mojabochnia.pl\/#organization\"},\"image\":{\"@id\":\"https:\/\/www.mojabochnia.pl\/?p=186816#primaryimage\"},\"thumbnailUrl\":\"https:\/\/www.mojabochnia.pl\/wp-content\/uploads\/2018\/06\/po\u017cegnanie_proboszcza-35.jpg\",\"keywords\":[\"ks. jan nowakowski\",\"parafia\",\"proboszcz\",\"top temat\"],\"articleSection\":[\"2_ostatnie\",\"polityka i wydarzenia\",\"tematyka\"],\"inLanguage\":\"pl-PL\",\"potentialAction\":[{\"@type\":\"CommentAction\",\"name\":\"Comment\",\"target\":[\"https:\/\/www.mojabochnia.pl\/?p=186816#respond\"]}]},{\"@type\":\"WebPage\",\"@id\":\"https:\/\/www.mojabochnia.pl\/?p=186816\",\"url\":\"https:\/\/www.mojabochnia.pl\/?p=186816\",\"name\":\"Parafia pw. \u015bw. Paw\u0142a po\u017cegna\u0142a swojego proboszcza - zdj\u0119cia - mojabochnia.pl - portal informacyjny\",\"isPartOf\":{\"@id\":\"https:\/\/www.mojabochnia.pl\/#website\"},\"primaryImageOfPage\":{\"@id\":\"https:\/\/www.mojabochnia.pl\/?p=186816#primaryimage\"},\"image\":{\"@id\":\"https:\/\/www.mojabochnia.pl\/?p=186816#primaryimage\"},\"thumbnailUrl\":\"https:\/\/www.mojabochnia.pl\/wp-content\/uploads\/2018\/06\/po\u017cegnanie_proboszcza-35.jpg\",\"datePublished\":\"2018-06-19T11:24:10+00:00\",\"dateModified\":\"2018-06-19T21:40:40+00:00\",\"breadcrumb\":{\"@id\":\"https:\/\/www.mojabochnia.pl\/?p=186816#breadcrumb\"},\"inLanguage\":\"pl-PL\",\"potentialAction\":[{\"@type\":\"ReadAction\",\"target\":[\"https:\/\/www.mojabochnia.pl\/?p=186816\"]}]},{\"@type\":\"ImageObject\",\"inLanguage\":\"pl-PL\",\"@id\":\"https:\/\/www.mojabochnia.pl\/?p=186816#primaryimage\",\"url\":\"https:\/\/www.mojabochnia.pl\/wp-content\/uploads\/2018\/06\/po\u017cegnanie_proboszcza-35.jpg\",\"contentUrl\":\"https:\/\/www.mojabochnia.pl\/wp-content\/uploads\/2018\/06\/po\u017cegnanie_proboszcza-35.jpg\",\"width\":1156,\"height\":768},{\"@type\":\"BreadcrumbList\",\"@id\":\"https:\/\/www.mojabochnia.pl\/?p=186816#breadcrumb\",\"itemListElement\":[{\"@type\":\"ListItem\",\"position\":1,\"name\":\"Home\",\"item\":\"https:\/\/www.mojabochnia.pl\/\"},{\"@type\":\"ListItem\",\"position\":2,\"name\":\"Parafia pw. \u015bw. Paw\u0142a po\u017cegna\u0142a swojego proboszcza &#8211; zdj\u0119cia\"}]},{\"@type\":\"WebSite\",\"@id\":\"https:\/\/www.mojabochnia.pl\/#website\",\"url\":\"https:\/\/www.mojabochnia.pl\/\",\"name\":\"mojabochnia.pl - portal informacyjny\",\"description\":\"mojaBochnia to portal informacyjny o Bochni. Codziennie o Bochni piszemy i pokazujemy najwa\u017cniejsze wydarzenia\",\"publisher\":{\"@id\":\"https:\/\/www.mojabochnia.pl\/#organization\"},\"potentialAction\":[{\"@type\":\"SearchAction\",\"target\":{\"@type\":\"EntryPoint\",\"urlTemplate\":\"https:\/\/www.mojabochnia.pl\/?s={search_term_string}\"},\"query-input\":{\"@type\":\"PropertyValueSpecification\",\"valueRequired\":true,\"valueName\":\"search_term_string\"}}],\"inLanguage\":\"pl-PL\"},{\"@type\":\"Organization\",\"@id\":\"https:\/\/www.mojabochnia.pl\/#organization\",\"name\":\"mojabochnia.pl - portal informacyjny\",\"url\":\"https:\/\/www.mojabochnia.pl\/\",\"logo\":{\"@type\":\"ImageObject\",\"inLanguage\":\"pl-PL\",\"@id\":\"https:\/\/www.mojabochnia.pl\/#\/schema\/logo\/image\/\",\"url\":\"https:\/\/www.mojabochnia.pl\/wp-content\/uploads\/2017\/08\/logo-mb-opt.png\",\"contentUrl\":\"https:\/\/www.mojabochnia.pl\/wp-content\/uploads\/2017\/08\/logo-mb-opt.png\",\"width\":250,\"height\":48,\"caption\":\"mojabochnia.pl - portal informacyjny\"},\"image\":{\"@id\":\"https:\/\/www.mojabochnia.pl\/#\/schema\/logo\/image\/\"},\"sameAs\":[\"https:\/\/www.facebook.com\/mojabochnia\"]},{\"@type\":\"Person\",\"@id\":\"https:\/\/www.mojabochnia.pl\/#\/schema\/person\/43d3c2066b5450cc314bfa4e9e0e0099\",\"name\":\"Mateusz Franczyk\",\"url\":\"https:\/\/www.mojabochnia.pl\/?author=1168\"}]}<\/script>\n<!-- \/ Yoast SEO plugin. -->","yoast_head_json":{"title":"Parafia pw. \u015bw. Paw\u0142a po\u017cegna\u0142a swojego proboszcza - zdj\u0119cia - mojabochnia.pl - portal informacyjny","robots":{"index":"index","follow":"follow","max-snippet":"max-snippet:-1","max-image-preview":"max-image-preview:large","max-video-preview":"max-video-preview:-1"},"canonical":"https:\/\/www.mojabochnia.pl\/?p=186816","og_locale":"pl_PL","og_type":"article","og_title":"Parafia pw. \u015bw. Paw\u0142a po\u017cegna\u0142a swojego proboszcza - zdj\u0119cia - mojabochnia.pl - portal informacyjny","og_description":"7 czerwca w\u00a0ko\u015bciele \u015bw.\u00a0Paw\u0142a Aposto\u0142a odby\u0142a si\u0119 spotkanie i Msza \u015bwi\u0119ta b\u0119d\u0105ca dzi\u0119kczynieniem za\u00a034 lata tworzenia i\u00a0prowadzenia parafii przez\u00a0Ksi\u0119dza Pra\u0142ata Jana Nowakowskiego. Na\u00a0uroczysto\u015b\u0107 przyby\u0142o wiele delegacji, kt\u00f3re tu\u017c przed\u00a0rozpocz\u0119ciem Eucharystii sk\u0142ada\u0142y na\u00a0r\u0119ce Ksi\u0119dza Pra\u0142ata podzi\u0119kowania za\u00a0jego pos\u0142ug\u0119, trud i\u00a0przewodnictwo duchowe. Specjalne, boche\u0144skie wyr\u00f3\u017cnienie: Boleslaus Dux Fundator (Boles\u0142aw Ksi\u0105\u017c\u0119 Za\u0142o\u017cyciel) wr\u0119czy\u0142 Ksi\u0119dzu Pra\u0142atowi Burmistrz Miasta Bochnia","og_url":"https:\/\/www.mojabochnia.pl\/?p=186816","og_site_name":"mojabochnia.pl - portal informacyjny","article_publisher":"https:\/\/www.facebook.com\/mojabochnia","article_published_time":"2018-06-19T11:24:10+00:00","article_modified_time":"2018-06-19T21:40:40+00:00","og_image":[{"width":1156,"height":768,"url":"https:\/\/www.mojabochnia.pl\/wp-content\/uploads\/2018\/06\/po\u017cegnanie_proboszcza-35.jpg","type":"image\/jpeg"}],"author":"Mateusz Franczyk","twitter_card":"summary_large_image","twitter_misc":{"Written by":"Mateusz Franczyk","Est. reading time":"1 minuta"},"schema":{"@context":"https:\/\/schema.org","@graph":[{"@type":"Article","@id":"https:\/\/www.mojabochnia.pl\/?p=186816#article","isPartOf":{"@id":"https:\/\/www.mojabochnia.pl\/?p=186816"},"author":{"name":"Mateusz Franczyk","@id":"https:\/\/www.mojabochnia.pl\/#\/schema\/person\/43d3c2066b5450cc314bfa4e9e0e0099"},"headline":"Parafia pw. \u015bw. Paw\u0142a po\u017cegna\u0142a swojego proboszcza &#8211; zdj\u0119cia","datePublished":"2018-06-19T11:24:10+00:00","dateModified":"2018-06-19T21:40:40+00:00","mainEntityOfPage":{"@id":"https:\/\/www.mojabochnia.pl\/?p=186816"},"wordCount":138,"commentCount":0,"publisher":{"@id":"https:\/\/www.mojabochnia.pl\/#organization"},"image":{"@id":"https:\/\/www.mojabochnia.pl\/?p=186816#primaryimage"},"thumbnailUrl":"https:\/\/www.mojabochnia.pl\/wp-content\/uploads\/2018\/06\/po\u017cegnanie_proboszcza-35.jpg","keywords":["ks. jan nowakowski","parafia","proboszcz","top temat"],"articleSection":["2_ostatnie","polityka i wydarzenia","tematyka"],"inLanguage":"pl-PL","potentialAction":[{"@type":"CommentAction","name":"Comment","target":["https:\/\/www.mojabochnia.pl\/?p=186816#respond"]}]},{"@type":"WebPage","@id":"https:\/\/www.mojabochnia.pl\/?p=186816","url":"https:\/\/www.mojabochnia.pl\/?p=186816","name":"Parafia pw. \u015bw. Paw\u0142a po\u017cegna\u0142a swojego proboszcza - zdj\u0119cia - mojabochnia.pl - portal informacyjny","isPartOf":{"@id":"https:\/\/www.mojabochnia.pl\/#website"},"primaryImageOfPage":{"@id":"https:\/\/www.mojabochnia.pl\/?p=186816#primaryimage"},"image":{"@id":"https:\/\/www.mojabochnia.pl\/?p=186816#primaryimage"},"thumbnailUrl":"https:\/\/www.mojabochnia.pl\/wp-content\/uploads\/2018\/06\/po\u017cegnanie_proboszcza-35.jpg","datePublished":"2018-06-19T11:24:10+00:00","dateModified":"2018-06-19T21:40:40+00:00","breadcrumb":{"@id":"https:\/\/www.mojabochnia.pl\/?p=186816#breadcrumb"},"inLanguage":"pl-PL","potentialAction":[{"@type":"ReadAction","target":["https:\/\/www.mojabochnia.pl\/?p=186816"]}]},{"@type":"ImageObject","inLanguage":"pl-PL","@id":"https:\/\/www.mojabochnia.pl\/?p=186816#primaryimage","url":"https:\/\/www.mojabochnia.pl\/wp-content\/uploads\/2018\/06\/po\u017cegnanie_proboszcza-35.jpg","contentUrl":"https:\/\/www.mojabochnia.pl\/wp-content\/uploads\/2018\/06\/po\u017cegnanie_proboszcza-35.jpg","width":1156,"height":768},{"@type":"BreadcrumbList","@id":"https:\/\/www.mojabochnia.pl\/?p=186816#breadcrumb","itemListElement":[{"@type":"ListItem","position":1,"name":"Home","item":"https:\/\/www.mojabochnia.pl\/"},{"@type":"ListItem","position":2,"name":"Parafia pw. \u015bw. Paw\u0142a po\u017cegna\u0142a swojego proboszcza &#8211; zdj\u0119cia"}]},{"@type":"WebSite","@id":"https:\/\/www.mojabochnia.pl\/#website","url":"https:\/\/www.mojabochnia.pl\/","name":"mojabochnia.pl - portal informacyjny","description":"mojaBochnia to portal informacyjny o Bochni. Codziennie o Bochni piszemy i pokazujemy najwa\u017cniejsze wydarzenia","publisher":{"@id":"https:\/\/www.mojabochnia.pl\/#organization"},"potentialAction":[{"@type":"SearchAction","target":{"@type":"EntryPoint","urlTemplate":"https:\/\/www.mojabochnia.pl\/?s={search_term_string}"},"query-input":{"@type":"PropertyValueSpecification","valueRequired":true,"valueName":"search_term_string"}}],"inLanguage":"pl-PL"},{"@type":"Organization","@id":"https:\/\/www.mojabochnia.pl\/#organization","name":"mojabochnia.pl - portal informacyjny","url":"https:\/\/www.mojabochnia.pl\/","logo":{"@type":"ImageObject","inLanguage":"pl-PL","@id":"https:\/\/www.mojabochnia.pl\/#\/schema\/logo\/image\/","url":"https:\/\/www.mojabochnia.pl\/wp-content\/uploads\/2017\/08\/logo-mb-opt.png","contentUrl":"https:\/\/www.mojabochnia.pl\/wp-content\/uploads\/2017\/08\/logo-mb-opt.png","width":250,"height":48,"caption":"mojabochnia.pl - portal informacyjny"},"image":{"@id":"https:\/\/www.mojabochnia.pl\/#\/schema\/logo\/image\/"},"sameAs":["https:\/\/www.facebook.com\/mojabochnia"]},{"@type":"Person","@id":"https:\/\/www.mojabochnia.pl\/#\/schema\/person\/43d3c2066b5450cc314bfa4e9e0e0099","name":"Mateusz Franczyk","url":"https:\/\/www.mojabochnia.pl\/?author=1168"}]}},"_links":{"self":[{"href":"https:\/\/www.mojabochnia.pl\/index.php?rest_route=\/wp\/v2\/posts\/186816","targetHints":{"allow":["GET"]}}],"collection":[{"href":"https:\/\/www.mojabochnia.pl\/index.php?rest_route=\/wp\/v2\/posts"}],"about":[{"href":"https:\/\/www.mojabochnia.pl\/index.php?rest_route=\/wp\/v2\/types\/post"}],"author":[{"embeddable":true,"href":"https:\/\/www.mojabochnia.pl\/index.php?rest_route=\/wp\/v2\/users\/1168"}],"replies":[{"embeddable":true,"href":"https:\/\/www.mojabochnia.pl\/index.php?rest_route=%2Fwp%2Fv2%2Fcomments&post=186816"}],"version-history":[{"count":3,"href":"https:\/\/www.mojabochnia.pl\/index.php?rest_route=\/wp\/v2\/posts\/186816\/revisions"}],"predecessor-version":[{"id":186829,"href":"https:\/\/www.mojabochnia.pl\/index.php?rest_route=\/wp\/v2\/posts\/186816\/revisions\/186829"}],"wp:featuredmedia":[{"embeddable":true,"href":"https:\/\/www.mojabochnia.pl\/index.php?rest_route=\/wp\/v2\/media\/186797"}],"wp:attachment":[{"href":"https:\/\/www.mojabochnia.pl\/index.php?rest_route=%2Fwp%2Fv2%2Fmedia&parent=186816"}],"wp:term":[{"taxonomy":"category","embeddable":true,"href":"https:\/\/www.mojabochnia.pl\/index.php?rest_route=%2Fwp%2Fv2%2Fcategories&post=186816"},{"taxonomy":"post_tag","embeddable":true,"href":"https:\/\/www.mojabochnia.pl\/index.php?rest_route=%2Fwp%2Fv2%2Ftags&post=186816"}],"curies":[{"name":"wp","href":"https:\/\/api.w.org\/{rel}","templated":true}]}}