{"id":186759,"date":"2018-06-18T14:36:38","date_gmt":"2018-06-18T12:36:38","guid":{"rendered":"https:\/\/www.mojabochnia.pl\/?p=186759"},"modified":"2018-06-18T14:36:38","modified_gmt":"2018-06-18T12:36:38","slug":"bochenskie-wyroznienie-dla-wicemarszalka-malopolski-stanislawa-sorysa","status":"publish","type":"post","link":"https:\/\/www.mojabochnia.pl\/?p=186759","title":{"rendered":"Boche\u0144skie wyr\u00f3\u017cnienie dla Wicemarsza\u0142ka Ma\u0142opolski Stanis\u0142awa Sorysa"},"content":{"rendered":"<p><strong>W\u00a0trakcie tegorocznych Dni Bochni nagrod\u0105 Boleslaus Dux Fundator (Boles\u0142aw Ksi\u0105\u017c\u0119 Za\u0142o\u017cyciel) przyznawan\u0105 przez\u00a0burmistrza Bochni osobom, kt\u00f3re w\u00a0swojej dzia\u0142alno\u015bci i\u00a0\u017cyciowej postawie przejawiaj\u0105 sta\u0142\u0105 dba\u0142o\u015b\u0107 o\u00a0dobre imi\u0119 i\u00a0byt Bochni, wyr\u00f3\u017cniony zosta\u0142 Wicemarsza\u0142ek Ma\u0142opolski Stanis\u0142aw Sorys.<\/strong><\/p>\n<p>W\u00a0odczytanej laudacji burmistrz Stefan Kolawi\u0144ski podkre\u015bli\u0142 osi\u0105gni\u0119cia Marsza\u0142ka Sorysa:<br \/>\n<em>\u201eKilometry nowych dr\u00f3g, nowoczesne poci\u0105gi i\u00a0ekologiczne autobusy, ogromne inwestycje s\u0142u\u017c\u0105ce ochronie \u015brodowiska, a\u00a0tak\u017ce kolejne obiekty sportowe i\u00a0kulturalne, odnowione centra miast i\u00a0wsi oraz\u00a0pomoc na\u00a0wsparcie przedsi\u0119biorczo\u015bci \u2013 zmian, jakie w\u00a0naszym regionie zachodz\u0105 dzi\u0119ki \u015brodkom unijnym nie\u00a0da si\u0119 nie\u00a0zauwa\u017cy\u0107. \u2013 Dobrze wykorzystujemy ka\u017cde euro, jakie mamy do\u00a0dyspozycji w\u00a0obecnym rozdaniu. Dzi\u0119ki temu Ma\u0142opolska znalaz\u0142a si\u0119 w\u00a0gronie 28 najszybciej rozwijaj\u0105cych si\u0119 region\u00f3w Unii Europejskiej, a\u00a0nasze PKB wzros\u0142o o\u00a036%\u201d<\/em> \u2013 to\u00a0cytat z\u00a0wypowiedzi wicemarsza\u0142ka wojew\u00f3dztwa ma\u0142opolskiego Stanis\u0142awa Sorysa na\u00a0pocz\u0105tku tego roku.<\/p>\n<p>Od\u00a01994 roku dr\u00a0hab. Stanis\u0142aw Sorys pe\u0142ni\u0142 szereg funkcji na\u00a0r\u00f3\u017cnych stanowiskach, przede wszystkim w\u00a0samorz\u0105dzie. By\u0142 radnym gminnym, powiatowym, w\u00f3jtem, wicewojewod\u0105 Ma\u0142opolski,<br \/>\na od\u00a0roku 2010 zdobytym wcze\u015bniej do\u015bwiadczeniem, dzieli si\u0119 z\u00a0nami jako cz\u0142onek Zarz\u0105du Wojew\u00f3dztwa Ma\u0142opolskiego. Tak\u00a0bogate spektrum dzia\u0142a\u0144, profesjonalizm i\u00a0kompetencje s\u0105 wyra\u017anie widoczne w\u00a0zarz\u0105dzaniu na\u00a0najwy\u017cszym szczeblu struktur samorz\u0105dowych, a\u00a0jego sp\u00f3jne i\u00a0dalekowzroczne projekty owocuj\u0105 ju\u017c teraz i\u00a0owocowa\u0107 b\u0119d\u0105 jeszcze przez\u00a0d\u0142ugie lata w\u00a0ca\u0142ym wojew\u00f3dztwie.<\/p>\n<p>Chcia\u0142bym si\u0119 jednak skupi\u0107 na\u00a0tych fragmentach szerokich dzia\u0142a\u0144 Pana Marsza\u0142ka jakich byli\u015bmy \u015bwiadkami tutaj, na\u00a0boche\u0144skiej ziemi. To\u00a0w\u0142a\u015bnie dzi\u0119ki osobistemu zaanga\u017cowaniu, przychylno\u015bci i\u00a0perspektywicznemu podej\u015bciu do\u00a0rozwoju naszej ma\u0142ej ojczyzny, zdynamizowali\u015bmy nasz regionu. Sztandarowym przyk\u0142adem jest oczywi\u015bcie Boche\u0144ska Strefa Aktywno\u015bci Gospodarczej, kt\u00f3ra\u00a0dzia\u0142a i\u00a0rozwija si\u0119 w\u00a0takim tempie, \u017ce\u00a0zaczyna brakowa\u0107 grunt\u00f3w dla kolejnych, powa\u017cnych inwestor\u00f3w, kt\u00f3rych\u00a0mamy nie\u00a0tylko\u00a0z\u00a0Polski, Europy ale\u00a0nawet z\u00a0dalekiej Japonii. Powiedzia\u0142 Pan kiedy\u015b o\u00a0takich projektach: \u201eTo inwestycje wieloletnie, wi\u0119c\u00a0ich efekty nie\u00a0s\u0105 widoczne natychmiast\u201d. Zgadzam si\u0119, ale\u00a0\u017ceby\u00a0zobaczy\u0107 te efekty nie\u00a0czekali\u015bmy a\u017c tak\u00a0d\u0142ugo. Od\u00a0oficjalnego otwarcia BSAG mijaj\u0105 dopiero cztery lata, ale\u00a0jej pozytywny wp\u0142yw ju\u017c jest widoczny, cho\u0107by w\u00a0postaci zatrudnienia kilkuset os\u00f3b i\u00a0zwi\u0119kszenia wp\u0142yw\u00f3w do\u00a0miejskiego bud\u017cetu.<\/p>\n<p>Pozw\u00f3lcie Pa\u0144stwo, \u017ce\u00a0powiem jeszcze tylko\u00a0o\u00a0trzech innych inwestycjach bardzo wspieranych przez\u00a0Wojew\u00f3dztwo Ma\u0142opolskie, szczeg\u00f3lnie przez\u00a0Pana Marsza\u0142ka Sorysa. To\u00a0Plac Targowy z\u00a0kt\u00f3rego\u00a0korzystamy dokonuj\u0105c w\u00a0dogodnych warunkach zakup\u00f3w nie\u00a0tylko\u00a0zdrowej \u017cywno\u015bci, ale\u00a0innych produkt\u00f3w i\u00a0p\u0142od\u00f3w zrobionych i\u00a0wyhodowanych przez\u00a0lokalnych producent\u00f3w i\u00a0rolnik\u00f3w. To\u00a0dotacja na\u00a0budow\u0119 t\u0119\u017cni solankowej, kt\u00f3ra\u00a0przyniesie pozytywne efekty dla zdrowia j\u0105 odwiedzaj\u0105cych, ale\u00a0te\u017c przyci\u0105gaj\u0105c turyst\u00f3w, o\u017cywi nasze \u015ar\u00f3dmie\u015bcie. To\u00a0w\u00a0ko\u0144cu podpisana uroczy\u015bcie umowa pomi\u0119dzy Bochni\u0105 a\u00a0w\u0142adzami wojew\u00f3dztwa na\u00a0rewitalizacj\u0119 naszego Rynku, realizowan\u0105 projektem \u201eRynek od\u00a0Nowa\u201d, kt\u00f3ry\u00a0na\u00a0dziesi\u0119ciolecia zmieni pozytywnie i\u00a0wyciszy od\u00a0ruchu ulicznego serce naszego miasta.<\/p>\n<p>Dostrzegamy i\u00a0bardzo sobie cenimy pomoc jak\u0105 od\u00a0lat okazuje Pan Bochni, wsp\u00f3\u0142realizuj\u0105c nasz wsp\u00f3lny plan zr\u00f3wnowa\u017conego rozwoju. Wdzi\u0119czny za\u00a0\u017cyczliwo\u015b\u0107, chcia\u0142bym te dzia\u0142ania doceni\u0107<br \/>\nw spos\u00f3b wyj\u0105tkowy i\u00a0wr\u0119czy\u0107 Panu Marsza\u0142kowi Stanis\u0142awowi Sorysowi, nasze boche\u0144skie wyr\u00f3\u017cnienie: Boleslaus Dux Fundator, przyznawane przez\u00a0burmistrza Bochni raz w\u00a0roku osobom, kt\u00f3re<br \/>\nw swojej dzia\u0142alno\u015bci i\u00a0\u017cyciowej postawie przejawiaj\u0105 sta\u0142\u0105 dba\u0142o\u015b\u0107 o\u00a0dobre imi\u0119 i\u00a0byt Bochni. Pe\u0142ni\u0105c zaszczytn\u0105 funkcj\u0119 reprezentanta i\u00a0gospodarza miasta Bochni, w\u00a0imieniu swoim i\u00a0jej mieszka\u0144c\u00f3w, chcia\u0142bym w\u00a0ten spos\u00f3b wyrazi\u0107 dla Pana najwy\u017csze uznanie za\u00a0wszystkie Pana dotychczasowe dokonania\u201d.<\/p>\n<p>____<\/p>\n<p>Urz\u0105d Miasta Bochnia<\/p>\n<p>https:\/\/www.facebook.com\/BochniaEU\/photos\/pcb.1768536786573124\/1768535083239961\/?type=3&#038;theater<\/p>\n","protected":false},"excerpt":{"rendered":"<p>W\u00a0trakcie tegorocznych Dni Bochni nagrod\u0105 Boleslaus Dux Fundator (Boles\u0142aw Ksi\u0105\u017c\u0119 Za\u0142o\u017cyciel) przyznawan\u0105 przez\u00a0burmistrza Bochni osobom, kt\u00f3re w\u00a0swojej dzia\u0142alno\u015bci i\u00a0\u017cyciowej postawie przejawiaj\u0105 sta\u0142\u0105 dba\u0142o\u015b\u0107 o\u00a0dobre imi\u0119 i\u00a0byt Bochni, wyr\u00f3\u017cniony zosta\u0142 Wicemarsza\u0142ek Ma\u0142opolski Stanis\u0142aw Sorys. W\u00a0odczytanej laudacji burmistrz Stefan Kolawi\u0144ski podkre\u015bli\u0142 osi\u0105gni\u0119cia Marsza\u0142ka Sorysa: \u201eKilometry nowych dr\u00f3g, nowoczesne poci\u0105gi i\u00a0ekologiczne autobusy, ogromne inwestycje s\u0142u\u017c\u0105ce ochronie \u015brodowiska, a\u00a0tak\u017ce<\/p>\n","protected":false},"author":8,"featured_media":186761,"comment_status":"open","ping_status":"closed","sticky":false,"template":"","format":"standard","meta":{"_acf_changed":false,"footnotes":""},"categories":[5,6251,6250],"tags":[507,3893,19720],"class_list":["post-186759","post","type-post","status-publish","format-standard","has-post-thumbnail","hentry","category-biezace-wydarzenia","category-polityka-i-wydarzenia","category-tematyka","tag-malopolska","tag-stanislaw-sorys","tag-top-temat","main_tag-boleslaus-dux-fundator"],"acf":[],"yoast_head":"<!-- This site is optimized with the Yoast SEO plugin v26.9 - https:\/\/yoast.com\/product\/yoast-seo-wordpress\/ -->\n<title>Boche\u0144skie wyr\u00f3\u017cnienie dla Wicemarsza\u0142ka Ma\u0142opolski Stanis\u0142awa Sorysa - mojabochnia.pl - portal informacyjny<\/title>\n<meta name=\"robots\" content=\"index, follow, max-snippet:-1, max-image-preview:large, max-video-preview:-1\" \/>\n<link rel=\"canonical\" href=\"https:\/\/www.mojabochnia.pl\/?p=186759\" \/>\n<meta property=\"og:locale\" content=\"pl_PL\" \/>\n<meta property=\"og:type\" content=\"article\" \/>\n<meta property=\"og:title\" content=\"Boche\u0144skie wyr\u00f3\u017cnienie dla Wicemarsza\u0142ka Ma\u0142opolski Stanis\u0142awa Sorysa - mojabochnia.pl - portal informacyjny\" \/>\n<meta property=\"og:description\" content=\"W\u00a0trakcie tegorocznych Dni Bochni nagrod\u0105 Boleslaus Dux Fundator (Boles\u0142aw Ksi\u0105\u017c\u0119 Za\u0142o\u017cyciel) przyznawan\u0105 przez\u00a0burmistrza Bochni osobom, kt\u00f3re w\u00a0swojej dzia\u0142alno\u015bci i\u00a0\u017cyciowej postawie przejawiaj\u0105 sta\u0142\u0105 dba\u0142o\u015b\u0107 o\u00a0dobre imi\u0119 i\u00a0byt Bochni, wyr\u00f3\u017cniony zosta\u0142 Wicemarsza\u0142ek Ma\u0142opolski Stanis\u0142aw Sorys. W\u00a0odczytanej laudacji burmistrz Stefan Kolawi\u0144ski podkre\u015bli\u0142 osi\u0105gni\u0119cia Marsza\u0142ka Sorysa: \u201eKilometry nowych dr\u00f3g, nowoczesne poci\u0105gi i\u00a0ekologiczne autobusy, ogromne inwestycje s\u0142u\u017c\u0105ce ochronie \u015brodowiska, a\u00a0tak\u017ce\" \/>\n<meta property=\"og:url\" content=\"https:\/\/www.mojabochnia.pl\/?p=186759\" \/>\n<meta property=\"og:site_name\" content=\"mojabochnia.pl - portal informacyjny\" \/>\n<meta property=\"article:publisher\" content=\"https:\/\/www.facebook.com\/mojabochnia\" \/>\n<meta property=\"article:published_time\" content=\"2018-06-18T12:36:38+00:00\" \/>\n<meta property=\"og:image\" content=\"https:\/\/www.mojabochnia.pl\/wp-content\/uploads\/2018\/06\/35465325_1768535186573284_7284242698402267136_o.jpg\" \/>\n\t<meta property=\"og:image:width\" content=\"1000\" \/>\n\t<meta property=\"og:image:height\" content=\"668\" \/>\n\t<meta property=\"og:image:type\" content=\"image\/jpeg\" \/>\n<meta name=\"author\" content=\"informacja prasowa\" \/>\n<meta name=\"twitter:card\" content=\"summary_large_image\" \/>\n<meta name=\"twitter:label1\" content=\"Written by\" \/>\n\t<meta name=\"twitter:data1\" content=\"informacja prasowa\" \/>\n\t<meta name=\"twitter:label2\" content=\"Est. reading time\" \/>\n\t<meta name=\"twitter:data2\" content=\"3 minuty\" \/>\n<script type=\"application\/ld+json\" class=\"yoast-schema-graph\">{\"@context\":\"https:\/\/schema.org\",\"@graph\":[{\"@type\":\"Article\",\"@id\":\"https:\/\/www.mojabochnia.pl\/?p=186759#article\",\"isPartOf\":{\"@id\":\"https:\/\/www.mojabochnia.pl\/?p=186759\"},\"author\":{\"name\":\"informacja prasowa\",\"@id\":\"https:\/\/www.mojabochnia.pl\/#\/schema\/person\/9e15cf1bcb74043790f124a3130fe41e\"},\"headline\":\"Boche\u0144skie wyr\u00f3\u017cnienie dla Wicemarsza\u0142ka Ma\u0142opolski Stanis\u0142awa Sorysa\",\"datePublished\":\"2018-06-18T12:36:38+00:00\",\"mainEntityOfPage\":{\"@id\":\"https:\/\/www.mojabochnia.pl\/?p=186759\"},\"wordCount\":703,\"commentCount\":0,\"publisher\":{\"@id\":\"https:\/\/www.mojabochnia.pl\/#organization\"},\"image\":{\"@id\":\"https:\/\/www.mojabochnia.pl\/?p=186759#primaryimage\"},\"thumbnailUrl\":\"https:\/\/www.mojabochnia.pl\/wp-content\/uploads\/2018\/06\/35465325_1768535186573284_7284242698402267136_o.jpg\",\"keywords\":[\"ma\u0142opolska\",\"stanis\u0142aw sorys\",\"top temat\"],\"articleSection\":[\"2_ostatnie\",\"polityka i wydarzenia\",\"tematyka\"],\"inLanguage\":\"pl-PL\",\"potentialAction\":[{\"@type\":\"CommentAction\",\"name\":\"Comment\",\"target\":[\"https:\/\/www.mojabochnia.pl\/?p=186759#respond\"]}]},{\"@type\":\"WebPage\",\"@id\":\"https:\/\/www.mojabochnia.pl\/?p=186759\",\"url\":\"https:\/\/www.mojabochnia.pl\/?p=186759\",\"name\":\"Boche\u0144skie wyr\u00f3\u017cnienie dla Wicemarsza\u0142ka Ma\u0142opolski Stanis\u0142awa Sorysa - mojabochnia.pl - portal informacyjny\",\"isPartOf\":{\"@id\":\"https:\/\/www.mojabochnia.pl\/#website\"},\"primaryImageOfPage\":{\"@id\":\"https:\/\/www.mojabochnia.pl\/?p=186759#primaryimage\"},\"image\":{\"@id\":\"https:\/\/www.mojabochnia.pl\/?p=186759#primaryimage\"},\"thumbnailUrl\":\"https:\/\/www.mojabochnia.pl\/wp-content\/uploads\/2018\/06\/35465325_1768535186573284_7284242698402267136_o.jpg\",\"datePublished\":\"2018-06-18T12:36:38+00:00\",\"breadcrumb\":{\"@id\":\"https:\/\/www.mojabochnia.pl\/?p=186759#breadcrumb\"},\"inLanguage\":\"pl-PL\",\"potentialAction\":[{\"@type\":\"ReadAction\",\"target\":[\"https:\/\/www.mojabochnia.pl\/?p=186759\"]}]},{\"@type\":\"ImageObject\",\"inLanguage\":\"pl-PL\",\"@id\":\"https:\/\/www.mojabochnia.pl\/?p=186759#primaryimage\",\"url\":\"https:\/\/www.mojabochnia.pl\/wp-content\/uploads\/2018\/06\/35465325_1768535186573284_7284242698402267136_o.jpg\",\"contentUrl\":\"https:\/\/www.mojabochnia.pl\/wp-content\/uploads\/2018\/06\/35465325_1768535186573284_7284242698402267136_o.jpg\",\"width\":1000,\"height\":668},{\"@type\":\"BreadcrumbList\",\"@id\":\"https:\/\/www.mojabochnia.pl\/?p=186759#breadcrumb\",\"itemListElement\":[{\"@type\":\"ListItem\",\"position\":1,\"name\":\"Home\",\"item\":\"https:\/\/www.mojabochnia.pl\/\"},{\"@type\":\"ListItem\",\"position\":2,\"name\":\"Boche\u0144skie wyr\u00f3\u017cnienie dla Wicemarsza\u0142ka Ma\u0142opolski Stanis\u0142awa Sorysa\"}]},{\"@type\":\"WebSite\",\"@id\":\"https:\/\/www.mojabochnia.pl\/#website\",\"url\":\"https:\/\/www.mojabochnia.pl\/\",\"name\":\"mojabochnia.pl - portal informacyjny\",\"description\":\"mojaBochnia to portal informacyjny o Bochni. Codziennie o Bochni piszemy i pokazujemy najwa\u017cniejsze wydarzenia\",\"publisher\":{\"@id\":\"https:\/\/www.mojabochnia.pl\/#organization\"},\"potentialAction\":[{\"@type\":\"SearchAction\",\"target\":{\"@type\":\"EntryPoint\",\"urlTemplate\":\"https:\/\/www.mojabochnia.pl\/?s={search_term_string}\"},\"query-input\":{\"@type\":\"PropertyValueSpecification\",\"valueRequired\":true,\"valueName\":\"search_term_string\"}}],\"inLanguage\":\"pl-PL\"},{\"@type\":\"Organization\",\"@id\":\"https:\/\/www.mojabochnia.pl\/#organization\",\"name\":\"mojabochnia.pl - portal informacyjny\",\"url\":\"https:\/\/www.mojabochnia.pl\/\",\"logo\":{\"@type\":\"ImageObject\",\"inLanguage\":\"pl-PL\",\"@id\":\"https:\/\/www.mojabochnia.pl\/#\/schema\/logo\/image\/\",\"url\":\"https:\/\/www.mojabochnia.pl\/wp-content\/uploads\/2017\/08\/logo-mb-opt.png\",\"contentUrl\":\"https:\/\/www.mojabochnia.pl\/wp-content\/uploads\/2017\/08\/logo-mb-opt.png\",\"width\":250,\"height\":48,\"caption\":\"mojabochnia.pl - portal informacyjny\"},\"image\":{\"@id\":\"https:\/\/www.mojabochnia.pl\/#\/schema\/logo\/image\/\"},\"sameAs\":[\"https:\/\/www.facebook.com\/mojabochnia\"]},{\"@type\":\"Person\",\"@id\":\"https:\/\/www.mojabochnia.pl\/#\/schema\/person\/9e15cf1bcb74043790f124a3130fe41e\",\"name\":\"informacja prasowa\",\"sameAs\":[\"http:\/\/\"],\"url\":\"https:\/\/www.mojabochnia.pl\/?author=8\"}]}<\/script>\n<!-- \/ Yoast SEO plugin. -->","yoast_head_json":{"title":"Boche\u0144skie wyr\u00f3\u017cnienie dla Wicemarsza\u0142ka Ma\u0142opolski Stanis\u0142awa Sorysa - mojabochnia.pl - portal informacyjny","robots":{"index":"index","follow":"follow","max-snippet":"max-snippet:-1","max-image-preview":"max-image-preview:large","max-video-preview":"max-video-preview:-1"},"canonical":"https:\/\/www.mojabochnia.pl\/?p=186759","og_locale":"pl_PL","og_type":"article","og_title":"Boche\u0144skie wyr\u00f3\u017cnienie dla Wicemarsza\u0142ka Ma\u0142opolski Stanis\u0142awa Sorysa - mojabochnia.pl - portal informacyjny","og_description":"W\u00a0trakcie tegorocznych Dni Bochni nagrod\u0105 Boleslaus Dux Fundator (Boles\u0142aw Ksi\u0105\u017c\u0119 Za\u0142o\u017cyciel) przyznawan\u0105 przez\u00a0burmistrza Bochni osobom, kt\u00f3re w\u00a0swojej dzia\u0142alno\u015bci i\u00a0\u017cyciowej postawie przejawiaj\u0105 sta\u0142\u0105 dba\u0142o\u015b\u0107 o\u00a0dobre imi\u0119 i\u00a0byt Bochni, wyr\u00f3\u017cniony zosta\u0142 Wicemarsza\u0142ek Ma\u0142opolski Stanis\u0142aw Sorys. W\u00a0odczytanej laudacji burmistrz Stefan Kolawi\u0144ski podkre\u015bli\u0142 osi\u0105gni\u0119cia Marsza\u0142ka Sorysa: \u201eKilometry nowych dr\u00f3g, nowoczesne poci\u0105gi i\u00a0ekologiczne autobusy, ogromne inwestycje s\u0142u\u017c\u0105ce ochronie \u015brodowiska, a\u00a0tak\u017ce","og_url":"https:\/\/www.mojabochnia.pl\/?p=186759","og_site_name":"mojabochnia.pl - portal informacyjny","article_publisher":"https:\/\/www.facebook.com\/mojabochnia","article_published_time":"2018-06-18T12:36:38+00:00","og_image":[{"width":1000,"height":668,"url":"https:\/\/www.mojabochnia.pl\/wp-content\/uploads\/2018\/06\/35465325_1768535186573284_7284242698402267136_o.jpg","type":"image\/jpeg"}],"author":"informacja prasowa","twitter_card":"summary_large_image","twitter_misc":{"Written by":"informacja prasowa","Est. reading time":"3 minuty"},"schema":{"@context":"https:\/\/schema.org","@graph":[{"@type":"Article","@id":"https:\/\/www.mojabochnia.pl\/?p=186759#article","isPartOf":{"@id":"https:\/\/www.mojabochnia.pl\/?p=186759"},"author":{"name":"informacja prasowa","@id":"https:\/\/www.mojabochnia.pl\/#\/schema\/person\/9e15cf1bcb74043790f124a3130fe41e"},"headline":"Boche\u0144skie wyr\u00f3\u017cnienie dla Wicemarsza\u0142ka Ma\u0142opolski Stanis\u0142awa Sorysa","datePublished":"2018-06-18T12:36:38+00:00","mainEntityOfPage":{"@id":"https:\/\/www.mojabochnia.pl\/?p=186759"},"wordCount":703,"commentCount":0,"publisher":{"@id":"https:\/\/www.mojabochnia.pl\/#organization"},"image":{"@id":"https:\/\/www.mojabochnia.pl\/?p=186759#primaryimage"},"thumbnailUrl":"https:\/\/www.mojabochnia.pl\/wp-content\/uploads\/2018\/06\/35465325_1768535186573284_7284242698402267136_o.jpg","keywords":["ma\u0142opolska","stanis\u0142aw sorys","top temat"],"articleSection":["2_ostatnie","polityka i wydarzenia","tematyka"],"inLanguage":"pl-PL","potentialAction":[{"@type":"CommentAction","name":"Comment","target":["https:\/\/www.mojabochnia.pl\/?p=186759#respond"]}]},{"@type":"WebPage","@id":"https:\/\/www.mojabochnia.pl\/?p=186759","url":"https:\/\/www.mojabochnia.pl\/?p=186759","name":"Boche\u0144skie wyr\u00f3\u017cnienie dla Wicemarsza\u0142ka Ma\u0142opolski Stanis\u0142awa Sorysa - mojabochnia.pl - portal informacyjny","isPartOf":{"@id":"https:\/\/www.mojabochnia.pl\/#website"},"primaryImageOfPage":{"@id":"https:\/\/www.mojabochnia.pl\/?p=186759#primaryimage"},"image":{"@id":"https:\/\/www.mojabochnia.pl\/?p=186759#primaryimage"},"thumbnailUrl":"https:\/\/www.mojabochnia.pl\/wp-content\/uploads\/2018\/06\/35465325_1768535186573284_7284242698402267136_o.jpg","datePublished":"2018-06-18T12:36:38+00:00","breadcrumb":{"@id":"https:\/\/www.mojabochnia.pl\/?p=186759#breadcrumb"},"inLanguage":"pl-PL","potentialAction":[{"@type":"ReadAction","target":["https:\/\/www.mojabochnia.pl\/?p=186759"]}]},{"@type":"ImageObject","inLanguage":"pl-PL","@id":"https:\/\/www.mojabochnia.pl\/?p=186759#primaryimage","url":"https:\/\/www.mojabochnia.pl\/wp-content\/uploads\/2018\/06\/35465325_1768535186573284_7284242698402267136_o.jpg","contentUrl":"https:\/\/www.mojabochnia.pl\/wp-content\/uploads\/2018\/06\/35465325_1768535186573284_7284242698402267136_o.jpg","width":1000,"height":668},{"@type":"BreadcrumbList","@id":"https:\/\/www.mojabochnia.pl\/?p=186759#breadcrumb","itemListElement":[{"@type":"ListItem","position":1,"name":"Home","item":"https:\/\/www.mojabochnia.pl\/"},{"@type":"ListItem","position":2,"name":"Boche\u0144skie wyr\u00f3\u017cnienie dla Wicemarsza\u0142ka Ma\u0142opolski Stanis\u0142awa Sorysa"}]},{"@type":"WebSite","@id":"https:\/\/www.mojabochnia.pl\/#website","url":"https:\/\/www.mojabochnia.pl\/","name":"mojabochnia.pl - portal informacyjny","description":"mojaBochnia to portal informacyjny o Bochni. Codziennie o Bochni piszemy i pokazujemy najwa\u017cniejsze wydarzenia","publisher":{"@id":"https:\/\/www.mojabochnia.pl\/#organization"},"potentialAction":[{"@type":"SearchAction","target":{"@type":"EntryPoint","urlTemplate":"https:\/\/www.mojabochnia.pl\/?s={search_term_string}"},"query-input":{"@type":"PropertyValueSpecification","valueRequired":true,"valueName":"search_term_string"}}],"inLanguage":"pl-PL"},{"@type":"Organization","@id":"https:\/\/www.mojabochnia.pl\/#organization","name":"mojabochnia.pl - portal informacyjny","url":"https:\/\/www.mojabochnia.pl\/","logo":{"@type":"ImageObject","inLanguage":"pl-PL","@id":"https:\/\/www.mojabochnia.pl\/#\/schema\/logo\/image\/","url":"https:\/\/www.mojabochnia.pl\/wp-content\/uploads\/2017\/08\/logo-mb-opt.png","contentUrl":"https:\/\/www.mojabochnia.pl\/wp-content\/uploads\/2017\/08\/logo-mb-opt.png","width":250,"height":48,"caption":"mojabochnia.pl - portal informacyjny"},"image":{"@id":"https:\/\/www.mojabochnia.pl\/#\/schema\/logo\/image\/"},"sameAs":["https:\/\/www.facebook.com\/mojabochnia"]},{"@type":"Person","@id":"https:\/\/www.mojabochnia.pl\/#\/schema\/person\/9e15cf1bcb74043790f124a3130fe41e","name":"informacja prasowa","sameAs":["http:\/\/"],"url":"https:\/\/www.mojabochnia.pl\/?author=8"}]}},"_links":{"self":[{"href":"https:\/\/www.mojabochnia.pl\/index.php?rest_route=\/wp\/v2\/posts\/186759","targetHints":{"allow":["GET"]}}],"collection":[{"href":"https:\/\/www.mojabochnia.pl\/index.php?rest_route=\/wp\/v2\/posts"}],"about":[{"href":"https:\/\/www.mojabochnia.pl\/index.php?rest_route=\/wp\/v2\/types\/post"}],"author":[{"embeddable":true,"href":"https:\/\/www.mojabochnia.pl\/index.php?rest_route=\/wp\/v2\/users\/8"}],"replies":[{"embeddable":true,"href":"https:\/\/www.mojabochnia.pl\/index.php?rest_route=%2Fwp%2Fv2%2Fcomments&post=186759"}],"version-history":[{"count":1,"href":"https:\/\/www.mojabochnia.pl\/index.php?rest_route=\/wp\/v2\/posts\/186759\/revisions"}],"predecessor-version":[{"id":186762,"href":"https:\/\/www.mojabochnia.pl\/index.php?rest_route=\/wp\/v2\/posts\/186759\/revisions\/186762"}],"wp:featuredmedia":[{"embeddable":true,"href":"https:\/\/www.mojabochnia.pl\/index.php?rest_route=\/wp\/v2\/media\/186761"}],"wp:attachment":[{"href":"https:\/\/www.mojabochnia.pl\/index.php?rest_route=%2Fwp%2Fv2%2Fmedia&parent=186759"}],"wp:term":[{"taxonomy":"category","embeddable":true,"href":"https:\/\/www.mojabochnia.pl\/index.php?rest_route=%2Fwp%2Fv2%2Fcategories&post=186759"},{"taxonomy":"post_tag","embeddable":true,"href":"https:\/\/www.mojabochnia.pl\/index.php?rest_route=%2Fwp%2Fv2%2Ftags&post=186759"}],"curies":[{"name":"wp","href":"https:\/\/api.w.org\/{rel}","templated":true}]}}