{"id":186290,"date":"2018-06-08T12:18:47","date_gmt":"2018-06-08T10:18:47","guid":{"rendered":"https:\/\/www.mojabochnia.pl\/?p=186290"},"modified":"2018-06-08T12:18:47","modified_gmt":"2018-06-08T10:18:47","slug":"zabojstwo-przy-ul-solna-gora-rusza-proces-sprawcy-grozi-min-8-lat-wiezienia","status":"publish","type":"post","link":"https:\/\/www.mojabochnia.pl\/?p=186290","title":{"rendered":"Zab\u00f3jstwo przy ul. Solna G\u00f3ra: Rusza proces, sprawcy grozi min. 8 lat wi\u0119zienia"},"content":{"rendered":"<p><strong>Trzech nastolatk\u00f3w zasiad\u0142o na \u0142awie oskar\u017conych w sprawie zab\u00f3jstwa przy ul. Solna G\u00f3ra do kt\u00f3rego dosz\u0142o pod koniec zesz\u0142orocznych wakacji. 23-letni mieszkaniec Bochni zosta\u0142 zaatakowany przez nastolatk\u00f3w. Zmar\u0142 wskutek ugodzenia no\u017cem.<\/strong><\/p>\n<p>Zarzuty us\u0142ysza\u0142o trzech nastolatk\u00f3w. G\u0142\u00f3wny podejrzany to 17-letni Damian G., us\u0142ysza\u0142 zarzut zab\u00f3jstwa i udzia\u0142y w b\u00f3jce z u\u017cyciem niebezpiecznego narz\u0119dzia. Obok niego oskar\u017cony jest Krystian B. (18 lat, zarzut udzia\u0142u w b\u00f3jce i pomocnictwo w zab\u00f3jstwie) i Jakub W. (19 lat, udzia\u0142 w b\u00f3jce).<\/p>\n<p>Siedemnastolatkowi grozi od 8 do nawet 25 lat pozbawienia wolno\u015bci. Pozosta\u0142ym maksymalnie grozi 5 i 3 lata wi\u0119zienia.<\/p>\n<p>Przypomnijmy, tragedia przy ul. Solna G\u00f3ra rozegra\u0142a si\u0119 w czwartek 24 sierpnia 2017 roku ok. godz. 22.00. Dosz\u0142o tam do k\u0142\u00f3tni. Ranny 23-latek zosta\u0142 przywieziony do szpitala w Bochni prywatnym samochodem. Niestety, mimo wysi\u0142k\u00f3w lekarzy, nie uda\u0142o si\u0119 go uratowa\u0107. W protokole operacyjnym podano, \u017ce poszkodowany mia\u0142 kilkana\u015bcie ran k\u0142utych. <em>Z ca\u0142\u0105 pewno\u015bci\u0105 mia\u0142 rany k\u0142ute serca i w\u0105troby, wygl\u0105da\u0142y jak po u\u017cyciu no\u017ca<\/em> \u2013 m\u00f3wi\u0142 w rozmowie z mojaBochnia.pl Jaros\u0142aw Gucwa, ordynator oddzia\u0142u ratunkowego szpitala w Bochni.<\/p>\n<blockquote class=\"wp-embedded-content\" data-secret=\"iJMG3iuT8e\"><p><a href=\"https:\/\/www.mojabochnia.pl\/?p=176898\">Zarzuty za zab\u00f3jstwo przy ul. Solna G\u00f3ra, dwie osoby w areszcie<\/a><\/p><\/blockquote>\n<p><iframe loading=\"lazy\" class=\"wp-embedded-content\" sandbox=\"allow-scripts\" security=\"restricted\" style=\"position: absolute; visibility: hidden;\" title=\"&#8222;Zarzuty za zab\u00f3jstwo przy ul. Solna G\u00f3ra, dwie osoby w areszcie&#8221; &#8212; mojabochnia.pl - portal informacyjny\" src=\"https:\/\/www.mojabochnia.pl\/?p=176898&#038;embed=true#?secret=hk8tb9zQC3#?secret=iJMG3iuT8e\" data-secret=\"iJMG3iuT8e\" width=\"600\" height=\"338\" frameborder=\"0\" marginwidth=\"0\" marginheight=\"0\" scrolling=\"no\"><\/iframe><\/p>\n","protected":false},"excerpt":{"rendered":"<p>Trzech nastolatk\u00f3w zasiad\u0142o na \u0142awie oskar\u017conych w sprawie zab\u00f3jstwa przy ul. Solna G\u00f3ra do kt\u00f3rego dosz\u0142o pod koniec zesz\u0142orocznych wakacji. 23-letni mieszkaniec Bochni zosta\u0142 zaatakowany przez nastolatk\u00f3w. Zmar\u0142 wskutek ugodzenia no\u017cem. Zarzuty us\u0142ysza\u0142o trzech nastolatk\u00f3w. G\u0142\u00f3wny podejrzany to 17-letni Damian G., us\u0142ysza\u0142 zarzut zab\u00f3jstwa i udzia\u0142y w b\u00f3jce z u\u017cyciem niebezpiecznego narz\u0119dzia. Obok niego oskar\u017cony<\/p>\n","protected":false},"author":1168,"featured_media":176901,"comment_status":"open","ping_status":"closed","sticky":false,"template":"","format":"standard","meta":{"_acf_changed":false,"footnotes":""},"categories":[5,6251,6250],"tags":[19720,17882],"class_list":["post-186290","post","type-post","status-publish","format-standard","has-post-thumbnail","hentry","category-biezace-wydarzenia","category-polityka-i-wydarzenia","category-tematyka","tag-top-temat","tag-zabojstwo","main_tag-solna-gora"],"acf":[],"yoast_head":"<!-- This site is optimized with the Yoast SEO plugin v26.9 - https:\/\/yoast.com\/product\/yoast-seo-wordpress\/ -->\n<title>Zab\u00f3jstwo przy ul. Solna G\u00f3ra: Rusza proces, sprawcy grozi min. 8 lat wi\u0119zienia - mojabochnia.pl - portal informacyjny<\/title>\n<meta name=\"robots\" content=\"index, follow, max-snippet:-1, max-image-preview:large, max-video-preview:-1\" \/>\n<link rel=\"canonical\" href=\"https:\/\/www.mojabochnia.pl\/?p=186290\" \/>\n<meta property=\"og:locale\" content=\"pl_PL\" \/>\n<meta property=\"og:type\" content=\"article\" \/>\n<meta property=\"og:title\" content=\"Zab\u00f3jstwo przy ul. Solna G\u00f3ra: Rusza proces, sprawcy grozi min. 8 lat wi\u0119zienia - mojabochnia.pl - portal informacyjny\" \/>\n<meta property=\"og:description\" content=\"Trzech nastolatk\u00f3w zasiad\u0142o na \u0142awie oskar\u017conych w sprawie zab\u00f3jstwa przy ul. Solna G\u00f3ra do kt\u00f3rego dosz\u0142o pod koniec zesz\u0142orocznych wakacji. 23-letni mieszkaniec Bochni zosta\u0142 zaatakowany przez nastolatk\u00f3w. Zmar\u0142 wskutek ugodzenia no\u017cem. Zarzuty us\u0142ysza\u0142o trzech nastolatk\u00f3w. G\u0142\u00f3wny podejrzany to 17-letni Damian G., us\u0142ysza\u0142 zarzut zab\u00f3jstwa i udzia\u0142y w b\u00f3jce z u\u017cyciem niebezpiecznego narz\u0119dzia. Obok niego oskar\u017cony\" \/>\n<meta property=\"og:url\" content=\"https:\/\/www.mojabochnia.pl\/?p=186290\" \/>\n<meta property=\"og:site_name\" content=\"mojabochnia.pl - portal informacyjny\" \/>\n<meta property=\"article:publisher\" content=\"https:\/\/www.facebook.com\/mojabochnia\" \/>\n<meta property=\"article:published_time\" content=\"2018-06-08T10:18:47+00:00\" \/>\n<meta property=\"og:image\" content=\"https:\/\/www.mojabochnia.pl\/wp-content\/uploads\/2017\/08\/IMG_8318-660x440.jpg\" \/>\n\t<meta property=\"og:image:width\" content=\"660\" \/>\n\t<meta property=\"og:image:height\" content=\"440\" \/>\n\t<meta property=\"og:image:type\" content=\"image\/jpeg\" \/>\n<meta name=\"author\" content=\"Mateusz Franczyk\" \/>\n<meta name=\"twitter:card\" content=\"summary_large_image\" \/>\n<meta name=\"twitter:label1\" content=\"Written by\" \/>\n\t<meta name=\"twitter:data1\" content=\"Mateusz Franczyk\" \/>\n\t<meta name=\"twitter:label2\" content=\"Est. reading time\" \/>\n\t<meta name=\"twitter:data2\" content=\"1 minuta\" \/>\n<script type=\"application\/ld+json\" class=\"yoast-schema-graph\">{\"@context\":\"https:\/\/schema.org\",\"@graph\":[{\"@type\":\"Article\",\"@id\":\"https:\/\/www.mojabochnia.pl\/?p=186290#article\",\"isPartOf\":{\"@id\":\"https:\/\/www.mojabochnia.pl\/?p=186290\"},\"author\":{\"name\":\"Mateusz Franczyk\",\"@id\":\"https:\/\/www.mojabochnia.pl\/#\/schema\/person\/43d3c2066b5450cc314bfa4e9e0e0099\"},\"headline\":\"Zab\u00f3jstwo przy ul. Solna G\u00f3ra: Rusza proces, sprawcy grozi min. 8 lat wi\u0119zienia\",\"datePublished\":\"2018-06-08T10:18:47+00:00\",\"mainEntityOfPage\":{\"@id\":\"https:\/\/www.mojabochnia.pl\/?p=186290\"},\"wordCount\":230,\"commentCount\":0,\"publisher\":{\"@id\":\"https:\/\/www.mojabochnia.pl\/#organization\"},\"image\":{\"@id\":\"https:\/\/www.mojabochnia.pl\/?p=186290#primaryimage\"},\"thumbnailUrl\":\"https:\/\/www.mojabochnia.pl\/wp-content\/uploads\/2017\/08\/IMG_8318.jpg\",\"keywords\":[\"top temat\",\"zab\u00f3jstwo\"],\"articleSection\":[\"2_ostatnie\",\"polityka i wydarzenia\",\"tematyka\"],\"inLanguage\":\"pl-PL\",\"potentialAction\":[{\"@type\":\"CommentAction\",\"name\":\"Comment\",\"target\":[\"https:\/\/www.mojabochnia.pl\/?p=186290#respond\"]}]},{\"@type\":\"WebPage\",\"@id\":\"https:\/\/www.mojabochnia.pl\/?p=186290\",\"url\":\"https:\/\/www.mojabochnia.pl\/?p=186290\",\"name\":\"Zab\u00f3jstwo przy ul. Solna G\u00f3ra: Rusza proces, sprawcy grozi min. 8 lat wi\u0119zienia - mojabochnia.pl - portal informacyjny\",\"isPartOf\":{\"@id\":\"https:\/\/www.mojabochnia.pl\/#website\"},\"primaryImageOfPage\":{\"@id\":\"https:\/\/www.mojabochnia.pl\/?p=186290#primaryimage\"},\"image\":{\"@id\":\"https:\/\/www.mojabochnia.pl\/?p=186290#primaryimage\"},\"thumbnailUrl\":\"https:\/\/www.mojabochnia.pl\/wp-content\/uploads\/2017\/08\/IMG_8318.jpg\",\"datePublished\":\"2018-06-08T10:18:47+00:00\",\"breadcrumb\":{\"@id\":\"https:\/\/www.mojabochnia.pl\/?p=186290#breadcrumb\"},\"inLanguage\":\"pl-PL\",\"potentialAction\":[{\"@type\":\"ReadAction\",\"target\":[\"https:\/\/www.mojabochnia.pl\/?p=186290\"]}]},{\"@type\":\"ImageObject\",\"inLanguage\":\"pl-PL\",\"@id\":\"https:\/\/www.mojabochnia.pl\/?p=186290#primaryimage\",\"url\":\"https:\/\/www.mojabochnia.pl\/wp-content\/uploads\/2017\/08\/IMG_8318.jpg\",\"contentUrl\":\"https:\/\/www.mojabochnia.pl\/wp-content\/uploads\/2017\/08\/IMG_8318.jpg\",\"width\":4000,\"height\":2667,\"caption\":\"Pawe\u0142 Michalczyk\"},{\"@type\":\"BreadcrumbList\",\"@id\":\"https:\/\/www.mojabochnia.pl\/?p=186290#breadcrumb\",\"itemListElement\":[{\"@type\":\"ListItem\",\"position\":1,\"name\":\"Home\",\"item\":\"https:\/\/www.mojabochnia.pl\/\"},{\"@type\":\"ListItem\",\"position\":2,\"name\":\"Zab\u00f3jstwo przy ul. Solna G\u00f3ra: Rusza proces, sprawcy grozi min. 8 lat wi\u0119zienia\"}]},{\"@type\":\"WebSite\",\"@id\":\"https:\/\/www.mojabochnia.pl\/#website\",\"url\":\"https:\/\/www.mojabochnia.pl\/\",\"name\":\"mojabochnia.pl - portal informacyjny\",\"description\":\"mojaBochnia to portal informacyjny o Bochni. Codziennie o Bochni piszemy i pokazujemy najwa\u017cniejsze wydarzenia\",\"publisher\":{\"@id\":\"https:\/\/www.mojabochnia.pl\/#organization\"},\"potentialAction\":[{\"@type\":\"SearchAction\",\"target\":{\"@type\":\"EntryPoint\",\"urlTemplate\":\"https:\/\/www.mojabochnia.pl\/?s={search_term_string}\"},\"query-input\":{\"@type\":\"PropertyValueSpecification\",\"valueRequired\":true,\"valueName\":\"search_term_string\"}}],\"inLanguage\":\"pl-PL\"},{\"@type\":\"Organization\",\"@id\":\"https:\/\/www.mojabochnia.pl\/#organization\",\"name\":\"mojabochnia.pl - portal informacyjny\",\"url\":\"https:\/\/www.mojabochnia.pl\/\",\"logo\":{\"@type\":\"ImageObject\",\"inLanguage\":\"pl-PL\",\"@id\":\"https:\/\/www.mojabochnia.pl\/#\/schema\/logo\/image\/\",\"url\":\"https:\/\/www.mojabochnia.pl\/wp-content\/uploads\/2017\/08\/logo-mb-opt.png\",\"contentUrl\":\"https:\/\/www.mojabochnia.pl\/wp-content\/uploads\/2017\/08\/logo-mb-opt.png\",\"width\":250,\"height\":48,\"caption\":\"mojabochnia.pl - portal informacyjny\"},\"image\":{\"@id\":\"https:\/\/www.mojabochnia.pl\/#\/schema\/logo\/image\/\"},\"sameAs\":[\"https:\/\/www.facebook.com\/mojabochnia\"]},{\"@type\":\"Person\",\"@id\":\"https:\/\/www.mojabochnia.pl\/#\/schema\/person\/43d3c2066b5450cc314bfa4e9e0e0099\",\"name\":\"Mateusz Franczyk\",\"url\":\"https:\/\/www.mojabochnia.pl\/?author=1168\"}]}<\/script>\n<!-- \/ Yoast SEO plugin. -->","yoast_head_json":{"title":"Zab\u00f3jstwo przy ul. Solna G\u00f3ra: Rusza proces, sprawcy grozi min. 8 lat wi\u0119zienia - mojabochnia.pl - portal informacyjny","robots":{"index":"index","follow":"follow","max-snippet":"max-snippet:-1","max-image-preview":"max-image-preview:large","max-video-preview":"max-video-preview:-1"},"canonical":"https:\/\/www.mojabochnia.pl\/?p=186290","og_locale":"pl_PL","og_type":"article","og_title":"Zab\u00f3jstwo przy ul. Solna G\u00f3ra: Rusza proces, sprawcy grozi min. 8 lat wi\u0119zienia - mojabochnia.pl - portal informacyjny","og_description":"Trzech nastolatk\u00f3w zasiad\u0142o na \u0142awie oskar\u017conych w sprawie zab\u00f3jstwa przy ul. Solna G\u00f3ra do kt\u00f3rego dosz\u0142o pod koniec zesz\u0142orocznych wakacji. 23-letni mieszkaniec Bochni zosta\u0142 zaatakowany przez nastolatk\u00f3w. Zmar\u0142 wskutek ugodzenia no\u017cem. Zarzuty us\u0142ysza\u0142o trzech nastolatk\u00f3w. G\u0142\u00f3wny podejrzany to 17-letni Damian G., us\u0142ysza\u0142 zarzut zab\u00f3jstwa i udzia\u0142y w b\u00f3jce z u\u017cyciem niebezpiecznego narz\u0119dzia. Obok niego oskar\u017cony","og_url":"https:\/\/www.mojabochnia.pl\/?p=186290","og_site_name":"mojabochnia.pl - portal informacyjny","article_publisher":"https:\/\/www.facebook.com\/mojabochnia","article_published_time":"2018-06-08T10:18:47+00:00","og_image":[{"width":660,"height":440,"url":"https:\/\/www.mojabochnia.pl\/wp-content\/uploads\/2017\/08\/IMG_8318-660x440.jpg","type":"image\/jpeg"}],"author":"Mateusz Franczyk","twitter_card":"summary_large_image","twitter_misc":{"Written by":"Mateusz Franczyk","Est. reading time":"1 minuta"},"schema":{"@context":"https:\/\/schema.org","@graph":[{"@type":"Article","@id":"https:\/\/www.mojabochnia.pl\/?p=186290#article","isPartOf":{"@id":"https:\/\/www.mojabochnia.pl\/?p=186290"},"author":{"name":"Mateusz Franczyk","@id":"https:\/\/www.mojabochnia.pl\/#\/schema\/person\/43d3c2066b5450cc314bfa4e9e0e0099"},"headline":"Zab\u00f3jstwo przy ul. Solna G\u00f3ra: Rusza proces, sprawcy grozi min. 8 lat wi\u0119zienia","datePublished":"2018-06-08T10:18:47+00:00","mainEntityOfPage":{"@id":"https:\/\/www.mojabochnia.pl\/?p=186290"},"wordCount":230,"commentCount":0,"publisher":{"@id":"https:\/\/www.mojabochnia.pl\/#organization"},"image":{"@id":"https:\/\/www.mojabochnia.pl\/?p=186290#primaryimage"},"thumbnailUrl":"https:\/\/www.mojabochnia.pl\/wp-content\/uploads\/2017\/08\/IMG_8318.jpg","keywords":["top temat","zab\u00f3jstwo"],"articleSection":["2_ostatnie","polityka i wydarzenia","tematyka"],"inLanguage":"pl-PL","potentialAction":[{"@type":"CommentAction","name":"Comment","target":["https:\/\/www.mojabochnia.pl\/?p=186290#respond"]}]},{"@type":"WebPage","@id":"https:\/\/www.mojabochnia.pl\/?p=186290","url":"https:\/\/www.mojabochnia.pl\/?p=186290","name":"Zab\u00f3jstwo przy ul. Solna G\u00f3ra: Rusza proces, sprawcy grozi min. 8 lat wi\u0119zienia - mojabochnia.pl - portal informacyjny","isPartOf":{"@id":"https:\/\/www.mojabochnia.pl\/#website"},"primaryImageOfPage":{"@id":"https:\/\/www.mojabochnia.pl\/?p=186290#primaryimage"},"image":{"@id":"https:\/\/www.mojabochnia.pl\/?p=186290#primaryimage"},"thumbnailUrl":"https:\/\/www.mojabochnia.pl\/wp-content\/uploads\/2017\/08\/IMG_8318.jpg","datePublished":"2018-06-08T10:18:47+00:00","breadcrumb":{"@id":"https:\/\/www.mojabochnia.pl\/?p=186290#breadcrumb"},"inLanguage":"pl-PL","potentialAction":[{"@type":"ReadAction","target":["https:\/\/www.mojabochnia.pl\/?p=186290"]}]},{"@type":"ImageObject","inLanguage":"pl-PL","@id":"https:\/\/www.mojabochnia.pl\/?p=186290#primaryimage","url":"https:\/\/www.mojabochnia.pl\/wp-content\/uploads\/2017\/08\/IMG_8318.jpg","contentUrl":"https:\/\/www.mojabochnia.pl\/wp-content\/uploads\/2017\/08\/IMG_8318.jpg","width":4000,"height":2667,"caption":"Pawe\u0142 Michalczyk"},{"@type":"BreadcrumbList","@id":"https:\/\/www.mojabochnia.pl\/?p=186290#breadcrumb","itemListElement":[{"@type":"ListItem","position":1,"name":"Home","item":"https:\/\/www.mojabochnia.pl\/"},{"@type":"ListItem","position":2,"name":"Zab\u00f3jstwo przy ul. Solna G\u00f3ra: Rusza proces, sprawcy grozi min. 8 lat wi\u0119zienia"}]},{"@type":"WebSite","@id":"https:\/\/www.mojabochnia.pl\/#website","url":"https:\/\/www.mojabochnia.pl\/","name":"mojabochnia.pl - portal informacyjny","description":"mojaBochnia to portal informacyjny o Bochni. Codziennie o Bochni piszemy i pokazujemy najwa\u017cniejsze wydarzenia","publisher":{"@id":"https:\/\/www.mojabochnia.pl\/#organization"},"potentialAction":[{"@type":"SearchAction","target":{"@type":"EntryPoint","urlTemplate":"https:\/\/www.mojabochnia.pl\/?s={search_term_string}"},"query-input":{"@type":"PropertyValueSpecification","valueRequired":true,"valueName":"search_term_string"}}],"inLanguage":"pl-PL"},{"@type":"Organization","@id":"https:\/\/www.mojabochnia.pl\/#organization","name":"mojabochnia.pl - portal informacyjny","url":"https:\/\/www.mojabochnia.pl\/","logo":{"@type":"ImageObject","inLanguage":"pl-PL","@id":"https:\/\/www.mojabochnia.pl\/#\/schema\/logo\/image\/","url":"https:\/\/www.mojabochnia.pl\/wp-content\/uploads\/2017\/08\/logo-mb-opt.png","contentUrl":"https:\/\/www.mojabochnia.pl\/wp-content\/uploads\/2017\/08\/logo-mb-opt.png","width":250,"height":48,"caption":"mojabochnia.pl - portal informacyjny"},"image":{"@id":"https:\/\/www.mojabochnia.pl\/#\/schema\/logo\/image\/"},"sameAs":["https:\/\/www.facebook.com\/mojabochnia"]},{"@type":"Person","@id":"https:\/\/www.mojabochnia.pl\/#\/schema\/person\/43d3c2066b5450cc314bfa4e9e0e0099","name":"Mateusz Franczyk","url":"https:\/\/www.mojabochnia.pl\/?author=1168"}]}},"_links":{"self":[{"href":"https:\/\/www.mojabochnia.pl\/index.php?rest_route=\/wp\/v2\/posts\/186290","targetHints":{"allow":["GET"]}}],"collection":[{"href":"https:\/\/www.mojabochnia.pl\/index.php?rest_route=\/wp\/v2\/posts"}],"about":[{"href":"https:\/\/www.mojabochnia.pl\/index.php?rest_route=\/wp\/v2\/types\/post"}],"author":[{"embeddable":true,"href":"https:\/\/www.mojabochnia.pl\/index.php?rest_route=\/wp\/v2\/users\/1168"}],"replies":[{"embeddable":true,"href":"https:\/\/www.mojabochnia.pl\/index.php?rest_route=%2Fwp%2Fv2%2Fcomments&post=186290"}],"version-history":[{"count":1,"href":"https:\/\/www.mojabochnia.pl\/index.php?rest_route=\/wp\/v2\/posts\/186290\/revisions"}],"predecessor-version":[{"id":186292,"href":"https:\/\/www.mojabochnia.pl\/index.php?rest_route=\/wp\/v2\/posts\/186290\/revisions\/186292"}],"wp:featuredmedia":[{"embeddable":true,"href":"https:\/\/www.mojabochnia.pl\/index.php?rest_route=\/wp\/v2\/media\/176901"}],"wp:attachment":[{"href":"https:\/\/www.mojabochnia.pl\/index.php?rest_route=%2Fwp%2Fv2%2Fmedia&parent=186290"}],"wp:term":[{"taxonomy":"category","embeddable":true,"href":"https:\/\/www.mojabochnia.pl\/index.php?rest_route=%2Fwp%2Fv2%2Fcategories&post=186290"},{"taxonomy":"post_tag","embeddable":true,"href":"https:\/\/www.mojabochnia.pl\/index.php?rest_route=%2Fwp%2Fv2%2Ftags&post=186290"}],"curies":[{"name":"wp","href":"https:\/\/api.w.org\/{rel}","templated":true}]}}