{"id":186207,"date":"2018-06-05T15:24:33","date_gmt":"2018-06-05T13:24:33","guid":{"rendered":"https:\/\/www.mojabochnia.pl\/?p=186207"},"modified":"2018-06-05T15:24:33","modified_gmt":"2018-06-05T13:24:33","slug":"po-pozarze-kamienicy-potrzebna-pomoc-poszkodowanym","status":"publish","type":"post","link":"https:\/\/www.mojabochnia.pl\/?p=186207","title":{"rendered":"Po po\u017carze kamienicy potrzebna pomoc poszkodowanym"},"content":{"rendered":"<p><strong>Trwa akcja pomocy rodzinom poszkodowanym w sobotnim po\u017carze kamienicy przy ulicy Szewskiej. Do O\u015brodka Interwencji Kryzysowej w Bochni przy ul. Karolina mo\u017cna przynosi\u0107 najbardziej potrzebne artyku\u0142y.<\/strong><\/p>\n<p>Potrzebna jest:<\/p>\n<p><strong>\u017cywno\u015b\u0107<\/strong>: herbata, cukier, konserwy,\u00a0chrupki dla dzieci, kaszki dla dzieci, witamina D dla dzieci<\/p>\n<p><strong>\u015brodki czysto\u015bci:<\/strong> pasty do z\u0119b\u00f3w, szampony, myd\u0142a lub \u017cele, proszek do prania (WIZIR i E\u00a0 dla dzieci na inne s\u0105 uczulone) kremy do twarzy, dezodoranty, szczoteczki do z\u0119b\u00f3w, szczotki dla dzieci, chusteczki nawil\u017cane, pieluchy<\/p>\n<p><strong>odzie\u017c:<\/strong> rozmiary doros\u0142ych damska i m\u0119ska (M-XXXL) dzieci: 122, 128, 89), pid\u017camy, skarpety, bielizna, podkoszulki, spodnie, sukienki<\/p>\n<p><strong>tekstylia:<\/strong> komplety po\u015bcieli, poszewki, koce , \u015bciereczki,<\/p>\n<p><strong>zabawki:<\/strong> \u00a0dla dziecka 6letniego i 16-miesi\u0119cznego.<\/p>\n<p>Przypomnijmy, \u017ce w sobotnim po\u017carze 6 rodzin straci\u0142o dach nad g\u0142ow\u0105. Wszyscy znale\u017ali tymczasowe schronienie, trudno powiedzie\u0107 kiedy i czy w og\u00f3le b\u0119d\u0105 mogli wr\u00f3ci\u0107 do swoich mieszka\u0144. Spraw\u0119 ewentualnego remontu komplikuje sytuacja prawna budynku. Jest to po\u017cydowska kamienica, kt\u00f3r\u0105 przez lata administrowa\u0142o miasto.\u00a0Wst\u0119pne straty oszacowano na 500 tys. z\u0142<\/p>\n<p>&nbsp;<\/p>\n","protected":false},"excerpt":{"rendered":"<p>Trwa akcja pomocy rodzinom poszkodowanym w sobotnim po\u017carze kamienicy przy ulicy Szewskiej. Do O\u015brodka Interwencji Kryzysowej w Bochni przy ul. Karolina mo\u017cna przynosi\u0107 najbardziej potrzebne artyku\u0142y. Potrzebna jest: \u017cywno\u015b\u0107: herbata, cukier, konserwy,\u00a0chrupki dla dzieci, kaszki dla dzieci, witamina D dla dzieci \u015brodki czysto\u015bci: pasty do z\u0119b\u00f3w, szampony, myd\u0142a lub \u017cele, proszek do prania (WIZIR i<\/p>\n","protected":false},"author":1168,"featured_media":186209,"comment_status":"open","ping_status":"closed","sticky":false,"template":"","format":"standard","meta":{"_acf_changed":false,"footnotes":""},"categories":[5,6251],"tags":[17436,17140,20615,19720],"class_list":["post-186207","post","type-post","status-publish","format-standard","has-post-thumbnail","hentry","category-biezace-wydarzenia","category-polityka-i-wydarzenia","tag-pomoc","tag-pozar","tag-szewska","tag-top-temat","main_tag-kamienica"],"acf":[],"yoast_head":"<!-- This site is optimized with the Yoast SEO plugin v26.9 - https:\/\/yoast.com\/product\/yoast-seo-wordpress\/ -->\n<title>Po po\u017carze kamienicy potrzebna pomoc poszkodowanym - mojabochnia.pl - portal informacyjny<\/title>\n<meta name=\"robots\" content=\"index, follow, max-snippet:-1, max-image-preview:large, max-video-preview:-1\" \/>\n<link rel=\"canonical\" href=\"https:\/\/www.mojabochnia.pl\/?p=186207\" \/>\n<meta property=\"og:locale\" content=\"pl_PL\" \/>\n<meta property=\"og:type\" content=\"article\" \/>\n<meta property=\"og:title\" content=\"Po po\u017carze kamienicy potrzebna pomoc poszkodowanym - mojabochnia.pl - portal informacyjny\" \/>\n<meta property=\"og:description\" content=\"Trwa akcja pomocy rodzinom poszkodowanym w sobotnim po\u017carze kamienicy przy ulicy Szewskiej. Do O\u015brodka Interwencji Kryzysowej w Bochni przy ul. Karolina mo\u017cna przynosi\u0107 najbardziej potrzebne artyku\u0142y. Potrzebna jest: \u017cywno\u015b\u0107: herbata, cukier, konserwy,\u00a0chrupki dla dzieci, kaszki dla dzieci, witamina D dla dzieci \u015brodki czysto\u015bci: pasty do z\u0119b\u00f3w, szampony, myd\u0142a lub \u017cele, proszek do prania (WIZIR i\" \/>\n<meta property=\"og:url\" content=\"https:\/\/www.mojabochnia.pl\/?p=186207\" \/>\n<meta property=\"og:site_name\" content=\"mojabochnia.pl - portal informacyjny\" \/>\n<meta property=\"article:publisher\" content=\"https:\/\/www.facebook.com\/mojabochnia\" \/>\n<meta property=\"article:published_time\" content=\"2018-06-05T13:24:33+00:00\" \/>\n<meta property=\"og:image\" content=\"https:\/\/www.mojabochnia.pl\/wp-content\/uploads\/2018\/06\/34396108_754570108265302_8679360234919034880_n.jpg\" \/>\n\t<meta property=\"og:image:width\" content=\"1000\" \/>\n\t<meta property=\"og:image:height\" content=\"750\" \/>\n\t<meta property=\"og:image:type\" content=\"image\/jpeg\" \/>\n<meta name=\"author\" content=\"Mateusz Franczyk\" \/>\n<meta name=\"twitter:card\" content=\"summary_large_image\" \/>\n<meta name=\"twitter:label1\" content=\"Written by\" \/>\n\t<meta name=\"twitter:data1\" content=\"Mateusz Franczyk\" \/>\n\t<meta name=\"twitter:label2\" content=\"Est. reading time\" \/>\n\t<meta name=\"twitter:data2\" content=\"1 minuta\" \/>\n<script type=\"application\/ld+json\" class=\"yoast-schema-graph\">{\"@context\":\"https:\/\/schema.org\",\"@graph\":[{\"@type\":\"Article\",\"@id\":\"https:\/\/www.mojabochnia.pl\/?p=186207#article\",\"isPartOf\":{\"@id\":\"https:\/\/www.mojabochnia.pl\/?p=186207\"},\"author\":{\"name\":\"Mateusz Franczyk\",\"@id\":\"https:\/\/www.mojabochnia.pl\/#\/schema\/person\/43d3c2066b5450cc314bfa4e9e0e0099\"},\"headline\":\"Po po\u017carze kamienicy potrzebna pomoc poszkodowanym\",\"datePublished\":\"2018-06-05T13:24:33+00:00\",\"mainEntityOfPage\":{\"@id\":\"https:\/\/www.mojabochnia.pl\/?p=186207\"},\"wordCount\":186,\"commentCount\":0,\"publisher\":{\"@id\":\"https:\/\/www.mojabochnia.pl\/#organization\"},\"image\":{\"@id\":\"https:\/\/www.mojabochnia.pl\/?p=186207#primaryimage\"},\"thumbnailUrl\":\"https:\/\/www.mojabochnia.pl\/wp-content\/uploads\/2018\/06\/34396108_754570108265302_8679360234919034880_n.jpg\",\"keywords\":[\"pomoc\",\"po\u017car\",\"szewska\",\"top temat\"],\"articleSection\":[\"2_ostatnie\",\"polityka i wydarzenia\"],\"inLanguage\":\"pl-PL\",\"potentialAction\":[{\"@type\":\"CommentAction\",\"name\":\"Comment\",\"target\":[\"https:\/\/www.mojabochnia.pl\/?p=186207#respond\"]}]},{\"@type\":\"WebPage\",\"@id\":\"https:\/\/www.mojabochnia.pl\/?p=186207\",\"url\":\"https:\/\/www.mojabochnia.pl\/?p=186207\",\"name\":\"Po po\u017carze kamienicy potrzebna pomoc poszkodowanym - mojabochnia.pl - portal informacyjny\",\"isPartOf\":{\"@id\":\"https:\/\/www.mojabochnia.pl\/#website\"},\"primaryImageOfPage\":{\"@id\":\"https:\/\/www.mojabochnia.pl\/?p=186207#primaryimage\"},\"image\":{\"@id\":\"https:\/\/www.mojabochnia.pl\/?p=186207#primaryimage\"},\"thumbnailUrl\":\"https:\/\/www.mojabochnia.pl\/wp-content\/uploads\/2018\/06\/34396108_754570108265302_8679360234919034880_n.jpg\",\"datePublished\":\"2018-06-05T13:24:33+00:00\",\"breadcrumb\":{\"@id\":\"https:\/\/www.mojabochnia.pl\/?p=186207#breadcrumb\"},\"inLanguage\":\"pl-PL\",\"potentialAction\":[{\"@type\":\"ReadAction\",\"target\":[\"https:\/\/www.mojabochnia.pl\/?p=186207\"]}]},{\"@type\":\"ImageObject\",\"inLanguage\":\"pl-PL\",\"@id\":\"https:\/\/www.mojabochnia.pl\/?p=186207#primaryimage\",\"url\":\"https:\/\/www.mojabochnia.pl\/wp-content\/uploads\/2018\/06\/34396108_754570108265302_8679360234919034880_n.jpg\",\"contentUrl\":\"https:\/\/www.mojabochnia.pl\/wp-content\/uploads\/2018\/06\/34396108_754570108265302_8679360234919034880_n.jpg\",\"width\":1000,\"height\":750},{\"@type\":\"BreadcrumbList\",\"@id\":\"https:\/\/www.mojabochnia.pl\/?p=186207#breadcrumb\",\"itemListElement\":[{\"@type\":\"ListItem\",\"position\":1,\"name\":\"Home\",\"item\":\"https:\/\/www.mojabochnia.pl\/\"},{\"@type\":\"ListItem\",\"position\":2,\"name\":\"Po po\u017carze kamienicy potrzebna pomoc poszkodowanym\"}]},{\"@type\":\"WebSite\",\"@id\":\"https:\/\/www.mojabochnia.pl\/#website\",\"url\":\"https:\/\/www.mojabochnia.pl\/\",\"name\":\"mojabochnia.pl - portal informacyjny\",\"description\":\"mojaBochnia to portal informacyjny o Bochni. Codziennie o Bochni piszemy i pokazujemy najwa\u017cniejsze wydarzenia\",\"publisher\":{\"@id\":\"https:\/\/www.mojabochnia.pl\/#organization\"},\"potentialAction\":[{\"@type\":\"SearchAction\",\"target\":{\"@type\":\"EntryPoint\",\"urlTemplate\":\"https:\/\/www.mojabochnia.pl\/?s={search_term_string}\"},\"query-input\":{\"@type\":\"PropertyValueSpecification\",\"valueRequired\":true,\"valueName\":\"search_term_string\"}}],\"inLanguage\":\"pl-PL\"},{\"@type\":\"Organization\",\"@id\":\"https:\/\/www.mojabochnia.pl\/#organization\",\"name\":\"mojabochnia.pl - portal informacyjny\",\"url\":\"https:\/\/www.mojabochnia.pl\/\",\"logo\":{\"@type\":\"ImageObject\",\"inLanguage\":\"pl-PL\",\"@id\":\"https:\/\/www.mojabochnia.pl\/#\/schema\/logo\/image\/\",\"url\":\"https:\/\/www.mojabochnia.pl\/wp-content\/uploads\/2017\/08\/logo-mb-opt.png\",\"contentUrl\":\"https:\/\/www.mojabochnia.pl\/wp-content\/uploads\/2017\/08\/logo-mb-opt.png\",\"width\":250,\"height\":48,\"caption\":\"mojabochnia.pl - portal informacyjny\"},\"image\":{\"@id\":\"https:\/\/www.mojabochnia.pl\/#\/schema\/logo\/image\/\"},\"sameAs\":[\"https:\/\/www.facebook.com\/mojabochnia\"]},{\"@type\":\"Person\",\"@id\":\"https:\/\/www.mojabochnia.pl\/#\/schema\/person\/43d3c2066b5450cc314bfa4e9e0e0099\",\"name\":\"Mateusz Franczyk\",\"url\":\"https:\/\/www.mojabochnia.pl\/?author=1168\"}]}<\/script>\n<!-- \/ Yoast SEO plugin. -->","yoast_head_json":{"title":"Po po\u017carze kamienicy potrzebna pomoc poszkodowanym - mojabochnia.pl - portal informacyjny","robots":{"index":"index","follow":"follow","max-snippet":"max-snippet:-1","max-image-preview":"max-image-preview:large","max-video-preview":"max-video-preview:-1"},"canonical":"https:\/\/www.mojabochnia.pl\/?p=186207","og_locale":"pl_PL","og_type":"article","og_title":"Po po\u017carze kamienicy potrzebna pomoc poszkodowanym - mojabochnia.pl - portal informacyjny","og_description":"Trwa akcja pomocy rodzinom poszkodowanym w sobotnim po\u017carze kamienicy przy ulicy Szewskiej. Do O\u015brodka Interwencji Kryzysowej w Bochni przy ul. Karolina mo\u017cna przynosi\u0107 najbardziej potrzebne artyku\u0142y. Potrzebna jest: \u017cywno\u015b\u0107: herbata, cukier, konserwy,\u00a0chrupki dla dzieci, kaszki dla dzieci, witamina D dla dzieci \u015brodki czysto\u015bci: pasty do z\u0119b\u00f3w, szampony, myd\u0142a lub \u017cele, proszek do prania (WIZIR i","og_url":"https:\/\/www.mojabochnia.pl\/?p=186207","og_site_name":"mojabochnia.pl - portal informacyjny","article_publisher":"https:\/\/www.facebook.com\/mojabochnia","article_published_time":"2018-06-05T13:24:33+00:00","og_image":[{"width":1000,"height":750,"url":"https:\/\/www.mojabochnia.pl\/wp-content\/uploads\/2018\/06\/34396108_754570108265302_8679360234919034880_n.jpg","type":"image\/jpeg"}],"author":"Mateusz Franczyk","twitter_card":"summary_large_image","twitter_misc":{"Written by":"Mateusz Franczyk","Est. reading time":"1 minuta"},"schema":{"@context":"https:\/\/schema.org","@graph":[{"@type":"Article","@id":"https:\/\/www.mojabochnia.pl\/?p=186207#article","isPartOf":{"@id":"https:\/\/www.mojabochnia.pl\/?p=186207"},"author":{"name":"Mateusz Franczyk","@id":"https:\/\/www.mojabochnia.pl\/#\/schema\/person\/43d3c2066b5450cc314bfa4e9e0e0099"},"headline":"Po po\u017carze kamienicy potrzebna pomoc poszkodowanym","datePublished":"2018-06-05T13:24:33+00:00","mainEntityOfPage":{"@id":"https:\/\/www.mojabochnia.pl\/?p=186207"},"wordCount":186,"commentCount":0,"publisher":{"@id":"https:\/\/www.mojabochnia.pl\/#organization"},"image":{"@id":"https:\/\/www.mojabochnia.pl\/?p=186207#primaryimage"},"thumbnailUrl":"https:\/\/www.mojabochnia.pl\/wp-content\/uploads\/2018\/06\/34396108_754570108265302_8679360234919034880_n.jpg","keywords":["pomoc","po\u017car","szewska","top temat"],"articleSection":["2_ostatnie","polityka i wydarzenia"],"inLanguage":"pl-PL","potentialAction":[{"@type":"CommentAction","name":"Comment","target":["https:\/\/www.mojabochnia.pl\/?p=186207#respond"]}]},{"@type":"WebPage","@id":"https:\/\/www.mojabochnia.pl\/?p=186207","url":"https:\/\/www.mojabochnia.pl\/?p=186207","name":"Po po\u017carze kamienicy potrzebna pomoc poszkodowanym - mojabochnia.pl - portal informacyjny","isPartOf":{"@id":"https:\/\/www.mojabochnia.pl\/#website"},"primaryImageOfPage":{"@id":"https:\/\/www.mojabochnia.pl\/?p=186207#primaryimage"},"image":{"@id":"https:\/\/www.mojabochnia.pl\/?p=186207#primaryimage"},"thumbnailUrl":"https:\/\/www.mojabochnia.pl\/wp-content\/uploads\/2018\/06\/34396108_754570108265302_8679360234919034880_n.jpg","datePublished":"2018-06-05T13:24:33+00:00","breadcrumb":{"@id":"https:\/\/www.mojabochnia.pl\/?p=186207#breadcrumb"},"inLanguage":"pl-PL","potentialAction":[{"@type":"ReadAction","target":["https:\/\/www.mojabochnia.pl\/?p=186207"]}]},{"@type":"ImageObject","inLanguage":"pl-PL","@id":"https:\/\/www.mojabochnia.pl\/?p=186207#primaryimage","url":"https:\/\/www.mojabochnia.pl\/wp-content\/uploads\/2018\/06\/34396108_754570108265302_8679360234919034880_n.jpg","contentUrl":"https:\/\/www.mojabochnia.pl\/wp-content\/uploads\/2018\/06\/34396108_754570108265302_8679360234919034880_n.jpg","width":1000,"height":750},{"@type":"BreadcrumbList","@id":"https:\/\/www.mojabochnia.pl\/?p=186207#breadcrumb","itemListElement":[{"@type":"ListItem","position":1,"name":"Home","item":"https:\/\/www.mojabochnia.pl\/"},{"@type":"ListItem","position":2,"name":"Po po\u017carze kamienicy potrzebna pomoc poszkodowanym"}]},{"@type":"WebSite","@id":"https:\/\/www.mojabochnia.pl\/#website","url":"https:\/\/www.mojabochnia.pl\/","name":"mojabochnia.pl - portal informacyjny","description":"mojaBochnia to portal informacyjny o Bochni. Codziennie o Bochni piszemy i pokazujemy najwa\u017cniejsze wydarzenia","publisher":{"@id":"https:\/\/www.mojabochnia.pl\/#organization"},"potentialAction":[{"@type":"SearchAction","target":{"@type":"EntryPoint","urlTemplate":"https:\/\/www.mojabochnia.pl\/?s={search_term_string}"},"query-input":{"@type":"PropertyValueSpecification","valueRequired":true,"valueName":"search_term_string"}}],"inLanguage":"pl-PL"},{"@type":"Organization","@id":"https:\/\/www.mojabochnia.pl\/#organization","name":"mojabochnia.pl - portal informacyjny","url":"https:\/\/www.mojabochnia.pl\/","logo":{"@type":"ImageObject","inLanguage":"pl-PL","@id":"https:\/\/www.mojabochnia.pl\/#\/schema\/logo\/image\/","url":"https:\/\/www.mojabochnia.pl\/wp-content\/uploads\/2017\/08\/logo-mb-opt.png","contentUrl":"https:\/\/www.mojabochnia.pl\/wp-content\/uploads\/2017\/08\/logo-mb-opt.png","width":250,"height":48,"caption":"mojabochnia.pl - portal informacyjny"},"image":{"@id":"https:\/\/www.mojabochnia.pl\/#\/schema\/logo\/image\/"},"sameAs":["https:\/\/www.facebook.com\/mojabochnia"]},{"@type":"Person","@id":"https:\/\/www.mojabochnia.pl\/#\/schema\/person\/43d3c2066b5450cc314bfa4e9e0e0099","name":"Mateusz Franczyk","url":"https:\/\/www.mojabochnia.pl\/?author=1168"}]}},"_links":{"self":[{"href":"https:\/\/www.mojabochnia.pl\/index.php?rest_route=\/wp\/v2\/posts\/186207","targetHints":{"allow":["GET"]}}],"collection":[{"href":"https:\/\/www.mojabochnia.pl\/index.php?rest_route=\/wp\/v2\/posts"}],"about":[{"href":"https:\/\/www.mojabochnia.pl\/index.php?rest_route=\/wp\/v2\/types\/post"}],"author":[{"embeddable":true,"href":"https:\/\/www.mojabochnia.pl\/index.php?rest_route=\/wp\/v2\/users\/1168"}],"replies":[{"embeddable":true,"href":"https:\/\/www.mojabochnia.pl\/index.php?rest_route=%2Fwp%2Fv2%2Fcomments&post=186207"}],"version-history":[{"count":1,"href":"https:\/\/www.mojabochnia.pl\/index.php?rest_route=\/wp\/v2\/posts\/186207\/revisions"}],"predecessor-version":[{"id":186210,"href":"https:\/\/www.mojabochnia.pl\/index.php?rest_route=\/wp\/v2\/posts\/186207\/revisions\/186210"}],"wp:featuredmedia":[{"embeddable":true,"href":"https:\/\/www.mojabochnia.pl\/index.php?rest_route=\/wp\/v2\/media\/186209"}],"wp:attachment":[{"href":"https:\/\/www.mojabochnia.pl\/index.php?rest_route=%2Fwp%2Fv2%2Fmedia&parent=186207"}],"wp:term":[{"taxonomy":"category","embeddable":true,"href":"https:\/\/www.mojabochnia.pl\/index.php?rest_route=%2Fwp%2Fv2%2Fcategories&post=186207"},{"taxonomy":"post_tag","embeddable":true,"href":"https:\/\/www.mojabochnia.pl\/index.php?rest_route=%2Fwp%2Fv2%2Ftags&post=186207"}],"curies":[{"name":"wp","href":"https:\/\/api.w.org\/{rel}","templated":true}]}}