{"id":186198,"date":"2018-06-05T11:51:51","date_gmt":"2018-06-05T09:51:51","guid":{"rendered":"https:\/\/www.mojabochnia.pl\/?p=186198"},"modified":"2018-06-05T11:51:51","modified_gmt":"2018-06-05T09:51:51","slug":"senior-znaczy-szacunek-miasteczko-seniora-pojawi-sie-w-bochni","status":"publish","type":"post","link":"https:\/\/www.mojabochnia.pl\/?p=186198","title":{"rendered":"\u201eSenior Znaczy Szacunek \u2013 Miasteczko Seniora\u201d pojawi si\u0119 w Bochni"},"content":{"rendered":"<p align=\"justify\"><span style=\"font-family: Arial, sans-serif;\"><span style=\"font-size: small;\"><b>Czy masz zdrowe serce? Jak piel\u0119gnowa\u0107 cer\u0119? Czy smartfon to skomplikowane urz\u0105dzenie? Jak nie da\u0107 si\u0119 oszuka\u0107 przez nieuczciwych sprzedawc\u00f3w pr\u0105du czy gazu? Ju\u017c 7 czerwca znajdziesz odpowiedzi m.in. na te pytania. Odwied\u017a atrakcje przygotowane dla boche\u0144skich Senior\u00f3w. Skorzystaj z programu og\u00f3lnopolskiej kampanii edukacyjno-informacyjnej \u201eSenior Znaczy Szacunek\u201d.<\/b><\/span><\/span><\/p>\n<p align=\"justify\"><span style=\"font-family: Arial, sans-serif;\"><span style=\"font-size: small;\">Krajowy Instytut Gospodarki Senioralnej, Fundacja Ziko dla Zdrowia, Play oraz Miasto Bochnia zapraszaj\u0105 do wzi\u0119cia udzia\u0142u w wyk\u0142adach, warsztatach oraz bezp\u0142atnych badaniach zdrowotnych.<br \/>\n7 czerwca w Bochni b\u0119dzie wyj\u0105tkowa okazja, aby dowiedzie\u0107 si\u0119 jak zdrowo \u017cy\u0107, jak korzysta\u0107 ze smartfona, czy jak nie da\u0107 si\u0119 oszuka\u0107.<\/span><\/span><\/p>\n<p align=\"justify\">\u201e<span style=\"font-family: Arial, sans-serif;\"><span style=\"font-size: small;\"><b>Miasteczko zdrowia dla senior\u00f3w\u201d \u2013 godz. 10.00 \u2013 16.00 \u2013 Rynek<\/b><\/span><\/span><\/p>\n<p align=\"justify\"><a name=\"_GoBack\"><\/a> <span style=\"font-family: Arial, sans-serif;\"><span style=\"font-size: small;\">W\u015br\u00f3d atrakcji znajd\u0105 si\u0119 bezp\u0142atne badania dla senior\u00f3w przygotowane przez Fundacj\u0119 Ziko dla Zdrowia, m.in. pomiar ci\u015bnienia oraz spirometria i analiza wieku serca. W programie przewidziane s\u0105 r\u00f3wnie\u017c porady kosmetyczne oraz farmaceutyczne.<\/span><\/span><\/p>\n<p align=\"justify\"><span style=\"font-family: Arial, sans-serif;\"><span style=\"font-size: small;\">Na Rynku b\u0119dzie r\u00f3wnie\u017c rozstawiony namiot, w kt\u00f3rym Stowarzyszenie Rodzina Kolpinga w Bochni b\u0119dzie wydawa\u0107 Og\u00f3lnopolsk\u0105 Kart\u0119 Seniora i promowa\u0107 lokalne projekty, kt\u00f3re aktualnie realizowane s\u0105 z my\u015bl\u0105 o Seniorach.<\/span><\/span><\/p>\n<p align=\"justify\"><span style=\"font-family: Arial, sans-serif;\"><span style=\"font-size: small;\"><b>Wyk\u0142ady i warsztaty \u2013 godz. 10.30-13.40 \u2013 Miejski Dom Kultury, ul. Regis 1<\/b><\/span><\/span><\/p>\n<p align=\"justify\"><span style=\"font-family: Arial, sans-serif;\"><span style=\"font-size: small;\">godz. 10.30-10.40 \u2013 uroczyste rozpocz\u0119cie wydarzenia \u2013 przedstawiciele Miasta Bochnia oraz przedstawiciel KIGS<\/span><\/span><\/p>\n<p align=\"justify\"><span style=\"font-family: Arial, sans-serif;\"><span style=\"font-size: small;\">godz. 10.40-11.10 \u2013 wyk\u0142ad \u201e Seniorze, nie daj si\u0119 oszuka\u0107\u201d \u2013 prowadzi ekspert Krajowego Instytutu Gospodarki Senioralnej<\/span><\/span><\/p>\n<p align=\"justify\"><span style=\"font-family: Arial, sans-serif;\"><span style=\"font-size: small;\">godz. 11.10-11.25 \u2013 wyk\u0142ad \u201eInterakcje lekowe i ich wp\u0142yw na funkcjonowanie organizmu\u201d \u2013 prowadzi ekspert Fundacji Ziko dla Zdrowia<\/span><\/span><\/p>\n<p align=\"justify\"><span style=\"font-family: Arial, sans-serif;\"><span style=\"font-size: small;\">godz. 11.25-11.40 \u2013 wyk\u0142ad \u201eNegatywne skutki samoleczenia\u201d \u2013 prowadzi ekspert Fundacji Ziko dla Zdrowia<\/span><\/span><\/p>\n<p align=\"justify\"><span style=\"font-family: Arial, sans-serif;\"><span style=\"font-size: small;\">godz. 11.45-12.05 \u2013 \u201eSeniorzy o Seniorach na weso\u0142o\u201d \u2013 wyst\u0119p cz\u0142onk\u00f3w Kolpingowskiego Klubu Seniora<\/span><\/span><\/p>\n<p align=\"justify\"><span style=\"font-family: Arial, sans-serif;\"><span style=\"font-size: small;\">godz. 12.15-13.15 \u2013 warsztat praktyczny \u201eSmartfon dla seniora\u201d \u2013 nauka podstawowych funkcji smartfona \u2013 prowadzi ekspert Krajowego Instytutu Gospodarki Senioralnej w partnerstwie z Play z wykorzystaniem specjalnie przygotowanego podr\u0119cznika<\/span><\/span><\/p>\n<p align=\"justify\"><span style=\"font-family: Arial, sans-serif;\"><span style=\"font-size: small;\">godz. 13.20-13.40 \u2013 wyst\u0119p ch\u00f3ru \u201eZ\u0142ota Jesie\u0144\u201d<\/span><\/span><\/p>\n<p align=\"justify\"><span style=\"font-family: Arial, sans-serif;\"><span style=\"font-size: small;\">Krajowy Instytut Gospodarki Senioralnej w maju 2018 roku rozpocz\u0105\u0142 II edycj\u0119 og\u00f3lnopolskiej kampanii informacyjno-edukacyjnej \u201eSenior Znaczy Szacunek\u201d. W maju i czerwcu w wybranych miastach<br \/>\nw Polsce pojawi\u0105 si\u0119 miasteczka seniora.<\/span><\/span><\/p>\n<p align=\"justify\"><span style=\"font-family: Arial, sans-serif;\"><span style=\"font-size: small;\">Partnerem technologicznym kampanii jest operator sieci kom\u00f3rkowej Play, partnerem strategicznym Fundacja Ziko dla Zdrowia, a partnerem OK Senior. Partnerem instytucjonalnym wydarzenia jest Miasto Bochnia, a partnerem Miejski Dom Kultury w Bochni. Patron medialny \u2013 Nasz Senior.<\/span><\/span><\/p>\n<p align=\"justify\"><span style=\"font-family: Arial, sans-serif;\"><span style=\"font-size: small;\">Szczeg\u00f3\u0142y na: www.seniorznaczyszacunek.pl<\/span><\/span><\/p>\n<p align=\"justify\">____<\/p>\n<p align=\"justify\">UM Bochnia<\/p>\n","protected":false},"excerpt":{"rendered":"<p>Czy masz zdrowe serce? Jak piel\u0119gnowa\u0107 cer\u0119? Czy smartfon to skomplikowane urz\u0105dzenie? Jak nie da\u0107 si\u0119 oszuka\u0107 przez nieuczciwych sprzedawc\u00f3w pr\u0105du czy gazu? Ju\u017c 7 czerwca znajdziesz odpowiedzi m.in. na te pytania. Odwied\u017a atrakcje przygotowane dla boche\u0144skich Senior\u00f3w. Skorzystaj z programu og\u00f3lnopolskiej kampanii edukacyjno-informacyjnej \u201eSenior Znaczy Szacunek\u201d. Krajowy Instytut Gospodarki Senioralnej, Fundacja Ziko dla Zdrowia,<\/p>\n","protected":false},"author":8,"featured_media":186200,"comment_status":"open","ping_status":"closed","sticky":false,"template":"","format":"standard","meta":{"_acf_changed":false,"footnotes":""},"categories":[5,6251,6250],"tags":[],"class_list":["post-186198","post","type-post","status-publish","format-standard","has-post-thumbnail","hentry","category-biezace-wydarzenia","category-polityka-i-wydarzenia","category-tematyka","main_tag-senior"],"acf":[],"yoast_head":"<!-- This site is optimized with the Yoast SEO plugin v26.9 - https:\/\/yoast.com\/product\/yoast-seo-wordpress\/ -->\n<title>\u201eSenior Znaczy Szacunek \u2013 Miasteczko Seniora\u201d pojawi si\u0119 w Bochni - mojabochnia.pl - portal informacyjny<\/title>\n<meta name=\"robots\" content=\"index, follow, max-snippet:-1, max-image-preview:large, max-video-preview:-1\" \/>\n<link rel=\"canonical\" href=\"https:\/\/www.mojabochnia.pl\/?p=186198\" \/>\n<meta property=\"og:locale\" content=\"pl_PL\" \/>\n<meta property=\"og:type\" content=\"article\" \/>\n<meta property=\"og:title\" content=\"\u201eSenior Znaczy Szacunek \u2013 Miasteczko Seniora\u201d pojawi si\u0119 w Bochni - mojabochnia.pl - portal informacyjny\" \/>\n<meta property=\"og:description\" content=\"Czy masz zdrowe serce? Jak piel\u0119gnowa\u0107 cer\u0119? Czy smartfon to skomplikowane urz\u0105dzenie? Jak nie da\u0107 si\u0119 oszuka\u0107 przez nieuczciwych sprzedawc\u00f3w pr\u0105du czy gazu? Ju\u017c 7 czerwca znajdziesz odpowiedzi m.in. na te pytania. Odwied\u017a atrakcje przygotowane dla boche\u0144skich Senior\u00f3w. Skorzystaj z programu og\u00f3lnopolskiej kampanii edukacyjno-informacyjnej \u201eSenior Znaczy Szacunek\u201d. Krajowy Instytut Gospodarki Senioralnej, Fundacja Ziko dla Zdrowia,\" \/>\n<meta property=\"og:url\" content=\"https:\/\/www.mojabochnia.pl\/?p=186198\" \/>\n<meta property=\"og:site_name\" content=\"mojabochnia.pl - portal informacyjny\" \/>\n<meta property=\"article:publisher\" content=\"https:\/\/www.facebook.com\/mojabochnia\" \/>\n<meta property=\"article:published_time\" content=\"2018-06-05T09:51:51+00:00\" \/>\n<meta property=\"og:image\" content=\"https:\/\/www.mojabochnia.pl\/wp-content\/uploads\/2018\/06\/miasteczko-Seniora_plakat.jpg\" \/>\n\t<meta property=\"og:image:width\" content=\"630\" \/>\n\t<meta property=\"og:image:height\" content=\"891\" \/>\n\t<meta property=\"og:image:type\" content=\"image\/jpeg\" \/>\n<meta name=\"author\" content=\"informacja prasowa\" \/>\n<meta name=\"twitter:card\" content=\"summary_large_image\" \/>\n<meta name=\"twitter:label1\" content=\"Written by\" \/>\n\t<meta name=\"twitter:data1\" content=\"informacja prasowa\" \/>\n\t<meta name=\"twitter:label2\" content=\"Est. reading time\" \/>\n\t<meta name=\"twitter:data2\" content=\"2 minuty\" \/>\n<script type=\"application\/ld+json\" class=\"yoast-schema-graph\">{\"@context\":\"https:\/\/schema.org\",\"@graph\":[{\"@type\":\"Article\",\"@id\":\"https:\/\/www.mojabochnia.pl\/?p=186198#article\",\"isPartOf\":{\"@id\":\"https:\/\/www.mojabochnia.pl\/?p=186198\"},\"author\":{\"name\":\"informacja prasowa\",\"@id\":\"https:\/\/www.mojabochnia.pl\/#\/schema\/person\/9e15cf1bcb74043790f124a3130fe41e\"},\"headline\":\"\u201eSenior Znaczy Szacunek \u2013 Miasteczko Seniora\u201d pojawi si\u0119 w Bochni\",\"datePublished\":\"2018-06-05T09:51:51+00:00\",\"mainEntityOfPage\":{\"@id\":\"https:\/\/www.mojabochnia.pl\/?p=186198\"},\"wordCount\":393,\"commentCount\":0,\"publisher\":{\"@id\":\"https:\/\/www.mojabochnia.pl\/#organization\"},\"image\":{\"@id\":\"https:\/\/www.mojabochnia.pl\/?p=186198#primaryimage\"},\"thumbnailUrl\":\"https:\/\/www.mojabochnia.pl\/wp-content\/uploads\/2018\/06\/miasteczko-Seniora_plakat.jpg\",\"articleSection\":[\"2_ostatnie\",\"polityka i wydarzenia\",\"tematyka\"],\"inLanguage\":\"pl-PL\",\"potentialAction\":[{\"@type\":\"CommentAction\",\"name\":\"Comment\",\"target\":[\"https:\/\/www.mojabochnia.pl\/?p=186198#respond\"]}]},{\"@type\":\"WebPage\",\"@id\":\"https:\/\/www.mojabochnia.pl\/?p=186198\",\"url\":\"https:\/\/www.mojabochnia.pl\/?p=186198\",\"name\":\"\u201eSenior Znaczy Szacunek \u2013 Miasteczko Seniora\u201d pojawi si\u0119 w Bochni - mojabochnia.pl - portal informacyjny\",\"isPartOf\":{\"@id\":\"https:\/\/www.mojabochnia.pl\/#website\"},\"primaryImageOfPage\":{\"@id\":\"https:\/\/www.mojabochnia.pl\/?p=186198#primaryimage\"},\"image\":{\"@id\":\"https:\/\/www.mojabochnia.pl\/?p=186198#primaryimage\"},\"thumbnailUrl\":\"https:\/\/www.mojabochnia.pl\/wp-content\/uploads\/2018\/06\/miasteczko-Seniora_plakat.jpg\",\"datePublished\":\"2018-06-05T09:51:51+00:00\",\"breadcrumb\":{\"@id\":\"https:\/\/www.mojabochnia.pl\/?p=186198#breadcrumb\"},\"inLanguage\":\"pl-PL\",\"potentialAction\":[{\"@type\":\"ReadAction\",\"target\":[\"https:\/\/www.mojabochnia.pl\/?p=186198\"]}]},{\"@type\":\"ImageObject\",\"inLanguage\":\"pl-PL\",\"@id\":\"https:\/\/www.mojabochnia.pl\/?p=186198#primaryimage\",\"url\":\"https:\/\/www.mojabochnia.pl\/wp-content\/uploads\/2018\/06\/miasteczko-Seniora_plakat.jpg\",\"contentUrl\":\"https:\/\/www.mojabochnia.pl\/wp-content\/uploads\/2018\/06\/miasteczko-Seniora_plakat.jpg\",\"width\":630,\"height\":891},{\"@type\":\"BreadcrumbList\",\"@id\":\"https:\/\/www.mojabochnia.pl\/?p=186198#breadcrumb\",\"itemListElement\":[{\"@type\":\"ListItem\",\"position\":1,\"name\":\"Home\",\"item\":\"https:\/\/www.mojabochnia.pl\/\"},{\"@type\":\"ListItem\",\"position\":2,\"name\":\"\u201eSenior Znaczy Szacunek \u2013 Miasteczko Seniora\u201d pojawi si\u0119 w Bochni\"}]},{\"@type\":\"WebSite\",\"@id\":\"https:\/\/www.mojabochnia.pl\/#website\",\"url\":\"https:\/\/www.mojabochnia.pl\/\",\"name\":\"mojabochnia.pl - portal informacyjny\",\"description\":\"mojaBochnia to portal informacyjny o Bochni. Codziennie o Bochni piszemy i pokazujemy najwa\u017cniejsze wydarzenia\",\"publisher\":{\"@id\":\"https:\/\/www.mojabochnia.pl\/#organization\"},\"potentialAction\":[{\"@type\":\"SearchAction\",\"target\":{\"@type\":\"EntryPoint\",\"urlTemplate\":\"https:\/\/www.mojabochnia.pl\/?s={search_term_string}\"},\"query-input\":{\"@type\":\"PropertyValueSpecification\",\"valueRequired\":true,\"valueName\":\"search_term_string\"}}],\"inLanguage\":\"pl-PL\"},{\"@type\":\"Organization\",\"@id\":\"https:\/\/www.mojabochnia.pl\/#organization\",\"name\":\"mojabochnia.pl - portal informacyjny\",\"url\":\"https:\/\/www.mojabochnia.pl\/\",\"logo\":{\"@type\":\"ImageObject\",\"inLanguage\":\"pl-PL\",\"@id\":\"https:\/\/www.mojabochnia.pl\/#\/schema\/logo\/image\/\",\"url\":\"https:\/\/www.mojabochnia.pl\/wp-content\/uploads\/2017\/08\/logo-mb-opt.png\",\"contentUrl\":\"https:\/\/www.mojabochnia.pl\/wp-content\/uploads\/2017\/08\/logo-mb-opt.png\",\"width\":250,\"height\":48,\"caption\":\"mojabochnia.pl - portal informacyjny\"},\"image\":{\"@id\":\"https:\/\/www.mojabochnia.pl\/#\/schema\/logo\/image\/\"},\"sameAs\":[\"https:\/\/www.facebook.com\/mojabochnia\"]},{\"@type\":\"Person\",\"@id\":\"https:\/\/www.mojabochnia.pl\/#\/schema\/person\/9e15cf1bcb74043790f124a3130fe41e\",\"name\":\"informacja prasowa\",\"sameAs\":[\"http:\/\/\"],\"url\":\"https:\/\/www.mojabochnia.pl\/?author=8\"}]}<\/script>\n<!-- \/ Yoast SEO plugin. -->","yoast_head_json":{"title":"\u201eSenior Znaczy Szacunek \u2013 Miasteczko Seniora\u201d pojawi si\u0119 w Bochni - mojabochnia.pl - portal informacyjny","robots":{"index":"index","follow":"follow","max-snippet":"max-snippet:-1","max-image-preview":"max-image-preview:large","max-video-preview":"max-video-preview:-1"},"canonical":"https:\/\/www.mojabochnia.pl\/?p=186198","og_locale":"pl_PL","og_type":"article","og_title":"\u201eSenior Znaczy Szacunek \u2013 Miasteczko Seniora\u201d pojawi si\u0119 w Bochni - mojabochnia.pl - portal informacyjny","og_description":"Czy masz zdrowe serce? Jak piel\u0119gnowa\u0107 cer\u0119? Czy smartfon to skomplikowane urz\u0105dzenie? Jak nie da\u0107 si\u0119 oszuka\u0107 przez nieuczciwych sprzedawc\u00f3w pr\u0105du czy gazu? Ju\u017c 7 czerwca znajdziesz odpowiedzi m.in. na te pytania. Odwied\u017a atrakcje przygotowane dla boche\u0144skich Senior\u00f3w. Skorzystaj z programu og\u00f3lnopolskiej kampanii edukacyjno-informacyjnej \u201eSenior Znaczy Szacunek\u201d. Krajowy Instytut Gospodarki Senioralnej, Fundacja Ziko dla Zdrowia,","og_url":"https:\/\/www.mojabochnia.pl\/?p=186198","og_site_name":"mojabochnia.pl - portal informacyjny","article_publisher":"https:\/\/www.facebook.com\/mojabochnia","article_published_time":"2018-06-05T09:51:51+00:00","og_image":[{"width":630,"height":891,"url":"https:\/\/www.mojabochnia.pl\/wp-content\/uploads\/2018\/06\/miasteczko-Seniora_plakat.jpg","type":"image\/jpeg"}],"author":"informacja prasowa","twitter_card":"summary_large_image","twitter_misc":{"Written by":"informacja prasowa","Est. reading time":"2 minuty"},"schema":{"@context":"https:\/\/schema.org","@graph":[{"@type":"Article","@id":"https:\/\/www.mojabochnia.pl\/?p=186198#article","isPartOf":{"@id":"https:\/\/www.mojabochnia.pl\/?p=186198"},"author":{"name":"informacja prasowa","@id":"https:\/\/www.mojabochnia.pl\/#\/schema\/person\/9e15cf1bcb74043790f124a3130fe41e"},"headline":"\u201eSenior Znaczy Szacunek \u2013 Miasteczko Seniora\u201d pojawi si\u0119 w Bochni","datePublished":"2018-06-05T09:51:51+00:00","mainEntityOfPage":{"@id":"https:\/\/www.mojabochnia.pl\/?p=186198"},"wordCount":393,"commentCount":0,"publisher":{"@id":"https:\/\/www.mojabochnia.pl\/#organization"},"image":{"@id":"https:\/\/www.mojabochnia.pl\/?p=186198#primaryimage"},"thumbnailUrl":"https:\/\/www.mojabochnia.pl\/wp-content\/uploads\/2018\/06\/miasteczko-Seniora_plakat.jpg","articleSection":["2_ostatnie","polityka i wydarzenia","tematyka"],"inLanguage":"pl-PL","potentialAction":[{"@type":"CommentAction","name":"Comment","target":["https:\/\/www.mojabochnia.pl\/?p=186198#respond"]}]},{"@type":"WebPage","@id":"https:\/\/www.mojabochnia.pl\/?p=186198","url":"https:\/\/www.mojabochnia.pl\/?p=186198","name":"\u201eSenior Znaczy Szacunek \u2013 Miasteczko Seniora\u201d pojawi si\u0119 w Bochni - mojabochnia.pl - portal informacyjny","isPartOf":{"@id":"https:\/\/www.mojabochnia.pl\/#website"},"primaryImageOfPage":{"@id":"https:\/\/www.mojabochnia.pl\/?p=186198#primaryimage"},"image":{"@id":"https:\/\/www.mojabochnia.pl\/?p=186198#primaryimage"},"thumbnailUrl":"https:\/\/www.mojabochnia.pl\/wp-content\/uploads\/2018\/06\/miasteczko-Seniora_plakat.jpg","datePublished":"2018-06-05T09:51:51+00:00","breadcrumb":{"@id":"https:\/\/www.mojabochnia.pl\/?p=186198#breadcrumb"},"inLanguage":"pl-PL","potentialAction":[{"@type":"ReadAction","target":["https:\/\/www.mojabochnia.pl\/?p=186198"]}]},{"@type":"ImageObject","inLanguage":"pl-PL","@id":"https:\/\/www.mojabochnia.pl\/?p=186198#primaryimage","url":"https:\/\/www.mojabochnia.pl\/wp-content\/uploads\/2018\/06\/miasteczko-Seniora_plakat.jpg","contentUrl":"https:\/\/www.mojabochnia.pl\/wp-content\/uploads\/2018\/06\/miasteczko-Seniora_plakat.jpg","width":630,"height":891},{"@type":"BreadcrumbList","@id":"https:\/\/www.mojabochnia.pl\/?p=186198#breadcrumb","itemListElement":[{"@type":"ListItem","position":1,"name":"Home","item":"https:\/\/www.mojabochnia.pl\/"},{"@type":"ListItem","position":2,"name":"\u201eSenior Znaczy Szacunek \u2013 Miasteczko Seniora\u201d pojawi si\u0119 w Bochni"}]},{"@type":"WebSite","@id":"https:\/\/www.mojabochnia.pl\/#website","url":"https:\/\/www.mojabochnia.pl\/","name":"mojabochnia.pl - portal informacyjny","description":"mojaBochnia to portal informacyjny o Bochni. Codziennie o Bochni piszemy i pokazujemy najwa\u017cniejsze wydarzenia","publisher":{"@id":"https:\/\/www.mojabochnia.pl\/#organization"},"potentialAction":[{"@type":"SearchAction","target":{"@type":"EntryPoint","urlTemplate":"https:\/\/www.mojabochnia.pl\/?s={search_term_string}"},"query-input":{"@type":"PropertyValueSpecification","valueRequired":true,"valueName":"search_term_string"}}],"inLanguage":"pl-PL"},{"@type":"Organization","@id":"https:\/\/www.mojabochnia.pl\/#organization","name":"mojabochnia.pl - portal informacyjny","url":"https:\/\/www.mojabochnia.pl\/","logo":{"@type":"ImageObject","inLanguage":"pl-PL","@id":"https:\/\/www.mojabochnia.pl\/#\/schema\/logo\/image\/","url":"https:\/\/www.mojabochnia.pl\/wp-content\/uploads\/2017\/08\/logo-mb-opt.png","contentUrl":"https:\/\/www.mojabochnia.pl\/wp-content\/uploads\/2017\/08\/logo-mb-opt.png","width":250,"height":48,"caption":"mojabochnia.pl - portal informacyjny"},"image":{"@id":"https:\/\/www.mojabochnia.pl\/#\/schema\/logo\/image\/"},"sameAs":["https:\/\/www.facebook.com\/mojabochnia"]},{"@type":"Person","@id":"https:\/\/www.mojabochnia.pl\/#\/schema\/person\/9e15cf1bcb74043790f124a3130fe41e","name":"informacja prasowa","sameAs":["http:\/\/"],"url":"https:\/\/www.mojabochnia.pl\/?author=8"}]}},"_links":{"self":[{"href":"https:\/\/www.mojabochnia.pl\/index.php?rest_route=\/wp\/v2\/posts\/186198","targetHints":{"allow":["GET"]}}],"collection":[{"href":"https:\/\/www.mojabochnia.pl\/index.php?rest_route=\/wp\/v2\/posts"}],"about":[{"href":"https:\/\/www.mojabochnia.pl\/index.php?rest_route=\/wp\/v2\/types\/post"}],"author":[{"embeddable":true,"href":"https:\/\/www.mojabochnia.pl\/index.php?rest_route=\/wp\/v2\/users\/8"}],"replies":[{"embeddable":true,"href":"https:\/\/www.mojabochnia.pl\/index.php?rest_route=%2Fwp%2Fv2%2Fcomments&post=186198"}],"version-history":[{"count":1,"href":"https:\/\/www.mojabochnia.pl\/index.php?rest_route=\/wp\/v2\/posts\/186198\/revisions"}],"predecessor-version":[{"id":186201,"href":"https:\/\/www.mojabochnia.pl\/index.php?rest_route=\/wp\/v2\/posts\/186198\/revisions\/186201"}],"wp:featuredmedia":[{"embeddable":true,"href":"https:\/\/www.mojabochnia.pl\/index.php?rest_route=\/wp\/v2\/media\/186200"}],"wp:attachment":[{"href":"https:\/\/www.mojabochnia.pl\/index.php?rest_route=%2Fwp%2Fv2%2Fmedia&parent=186198"}],"wp:term":[{"taxonomy":"category","embeddable":true,"href":"https:\/\/www.mojabochnia.pl\/index.php?rest_route=%2Fwp%2Fv2%2Fcategories&post=186198"},{"taxonomy":"post_tag","embeddable":true,"href":"https:\/\/www.mojabochnia.pl\/index.php?rest_route=%2Fwp%2Fv2%2Ftags&post=186198"}],"curies":[{"name":"wp","href":"https:\/\/api.w.org\/{rel}","templated":true}]}}