{"id":185167,"date":"2018-04-13T15:37:38","date_gmt":"2018-04-13T13:37:38","guid":{"rendered":"https:\/\/www.mojabochnia.pl\/?p=185167"},"modified":"2018-04-13T15:37:38","modified_gmt":"2018-04-13T13:37:38","slug":"bibliotekarka-z-bochenskiej-biblioteki-malopolskim-bibliotekarz-roku-2017","status":"publish","type":"post","link":"https:\/\/www.mojabochnia.pl\/?p=185167","title":{"rendered":"Bibliotekarka z boche\u0144skiej biblioteki Ma\u0142opolskim Bibliotekarz Roku 2017"},"content":{"rendered":"<p><strong>Iwona Multan \u2013 bibliotekarka pracuj\u0105ca w Oddziale dla Dzieci i M\u0142odzie\u017cy Powiatowej i Miejskiej Biblioteki Publicznej w Bochni zdoby\u0142a tytu\u0142 Ma\u0142opolskiego Bibliotekarza Roku 2017.<\/strong><\/p>\n<p>Og\u00f3lnopolski Konkurs, podczas kt\u00f3rego wybiera si\u0119 Bibliotekarza Roku, organizowany jest przez Stowarzyszenie Bibliotekarzy Polskich. Sk\u0142ada si\u0119 z dw\u00f3ch etap\u00f3w: wojew\u00f3dzkiego i og\u00f3lnopolskiego. Zg\u0142aszany kandydat musi spe\u0142nia\u0107 okre\u015blone w regulaminie kryteria m.in. mie\u0107 osi\u0105gni\u0119cia zawodowe, usprawniaj\u0105ce dzia\u0142anie biblioteki lub przyczyniaj\u0105ce si\u0119 do rozwoju czytelnictwa i promocji biblioteki w minionym roku. W VIII edycji Kapitu\u0142a Konkursu, kt\u00f3r\u0105 stanowi\u0105 m.in. Jerzy Wo\u017aniakiewicz \u2013 dyrektor Wojew\u00f3dzkiej Biblioteki Publicznej w Krakowie, Leszek Zegzda \u2013 cz\u0142onek Zarz\u0105du Wojew\u00f3dztwa Ma\u0142opolskiego oraz przedstawiciele bibliotek naukowych, szkolnych, pedagogicznych, publicznych i SBP po poznaniu pracy i zas\u0142ug kandydatek wybra\u0142a Iwon\u0119 Multan Ma\u0142opolskim Bibliotekarzem Roku 2017. Tym samym zosta\u0142a ona ma\u0142opolsk\u0105 kandydatk\u0105 w og\u00f3lnopolskim konkursie Bibliotekarz Roku 2017.<\/p>\n<p>11 kwietnia 2018 r. na stornie internetowej Stowarzyszenia Bibliotekarzy Polskich www.sbp.pl ruszy\u0142o g\u0142osowanie internaut\u00f3w, zach\u0119camy wi\u0119c do zalogowania si\u0119 i oddania g\u0142osu na Iwon\u0119 Multan.<\/p>\n<p>Iwona Multan od 10 lat pracuje w Powiatowej i Miejskiej Bibliotece Publicznej w Bochni. Swoje do\u015bwiadczenie zawodowe zdobywa\u0142a sukcesywnie w r\u00f3\u017cnych oddzia\u0142ach bibliotecznych: w Czytelni dla Doros\u0142ych, Wypo\u017cyczalni dla Doros\u0142ych, w Dziale Opracowania Zbior\u00f3w, a od 2016 roku w Oddziale dla Dzieci i M\u0142odzie\u017cy. Praca z dzie\u0107mi jest jej pasj\u0105. Ch\u0119tnie wsp\u00f3\u0142pracuje z wychowawcami i wychowankami przedszkoli i szk\u00f3\u0142 podstawowych. Kieruje do nich bogat\u0105 ofert\u0119 kulturaln\u0105 i edukacyjn\u0105 w postaci tematycznych lekcji i warsztat\u00f3w bibliotecznych. W minionym roku przeprowadzi\u0142a wiele lekcji bibliotecznych, w tym kilka specjalnych dla dzieci z Niepublicznego Terapeutycznego Punktu Przedszkolnego Sensori. Od 2017 roku prowadzi Klubik Skrzata \u2013 cotygodniowe zaj\u0119cia muzyczno-literackie dla dzieci w wieku do 3 lat czyli nie ucz\u0119szczaj\u0105cych do przedszkola. Zaj\u0119cia te doskonale rozwijaj\u0105 umiej\u0119tno\u015bci spo\u0142eczne i przygotowuj\u0105 do edukacji przedszkolnej. Napisa\u0142a scenariusz i przeprowadzi\u0142a Pirack\u0105 Noc w Bibliotece \u201eAhoj Przygodo &#8211; czytaj albo zgi\u0144\u201d. Program nocnej imprezy obejmowa\u0142 m.in. pasowanie na pirata, poszukiwanie skarbu ukrytego w zakamarkach biblioteki, zabawy literackie oraz nauk\u0119 pirackiego ta\u0144ca. Koordynowa\u0142a Literack\u0105 Gr\u0119 Terenow\u0105 \u201eKsi\u0105\u017cka na start\u201d, kt\u00f3r\u0105 sama opracowa\u0142a. W czerwcu 2017 roku wsp\u00f3\u0142realizowa\u0142a projekt \u201eCo za tydzie\u0144\u2026ale historia!!!\u201d dofinansowany ze \u015brodk\u00f3w Ministra Kultury i Dziedzictwa Narodowego, skierowany do dzieci i m\u0142odzie\u017cy, obejmuj\u0105cy liczne dzia\u0142ania i rozwijaj\u0105cy potrzeb\u0119 poszukiwania informacji na temat przesz\u0142o\u015bci naszego regionu. W jego ramach zrealizowano spotkania autorskie z Mariuszem Wollnym, Gra\u017cyn\u0105 B\u0105kiewicz i Ew\u0105 Stadtm\u00fcller, edukacyjn\u0105 przechadzk\u0119 po mie\u015bcie \u201eBoche\u0144skie \u015blady kr\u00f3la ch\u0142opk\u00f3w\u201d, spektakle teatralne dla dzieci \u201eO Lechu, Czechu i Rusie\u201d oraz Piknik Rodzinny w Parku Uzbornia. Du\u017ce zainteresowanie m\u0142odych odbiorc\u00f3w wzbudzi\u0142y wydarzenia zorganizowane w przestrzeni miejskiej m.in. akcja \u201eCzytanie w Altanie\u201d lub \u201ePoci\u0105g do czytania\u201d popularyzacja legend przy nadszybiu Campi Kopalni Soli. Og\u00f3\u0142em w projekcie udzia\u0142 wzi\u0119\u0142o ok. 1000 os\u00f3b.<\/p>\n<p>Podczas uroczystej gali fina\u0142owej, kt\u00f3ra odb\u0119dzie si\u0119 14 maja 2018 r. w Wojew\u00f3dzkiej Bibliotece Publicznej w Krakowie Iwona Multan otrzyma Medal Ma\u0142opolski Bibliotekarz Roku 2017. Dzi\u0119ki g\u0142osom internaut\u00f3w i g\u0142osowaniu okr\u0119g\u00f3w ma szanse na zdobycie tytu\u0142u Bibliotekarza Roku 2017, czego \u017cyczymy.<\/p>\n<p>___<\/p>\n<p>PIBP<\/p>\n","protected":false},"excerpt":{"rendered":"<p>Iwona Multan \u2013 bibliotekarka pracuj\u0105ca w Oddziale dla Dzieci i M\u0142odzie\u017cy Powiatowej i Miejskiej Biblioteki Publicznej w Bochni zdoby\u0142a tytu\u0142 Ma\u0142opolskiego Bibliotekarza Roku 2017. Og\u00f3lnopolski Konkurs, podczas kt\u00f3rego wybiera si\u0119 Bibliotekarza Roku, organizowany jest przez Stowarzyszenie Bibliotekarzy Polskich. Sk\u0142ada si\u0119 z dw\u00f3ch etap\u00f3w: wojew\u00f3dzkiego i og\u00f3lnopolskiego. Zg\u0142aszany kandydat musi spe\u0142nia\u0107 okre\u015blone w regulaminie kryteria m.in.<\/p>\n","protected":false},"author":1168,"featured_media":158843,"comment_status":"open","ping_status":"closed","sticky":false,"template":"","format":"standard","meta":{"_acf_changed":false,"footnotes":""},"categories":[5,6251,6250],"tags":[17162,14105,19720],"class_list":["post-185167","post","type-post","status-publish","format-standard","has-post-thumbnail","hentry","category-biezace-wydarzenia","category-polityka-i-wydarzenia","category-tematyka","tag-biblioteka","tag-bibliotekarz-roku","tag-top-temat","main_tag-pibp"],"acf":[],"yoast_head":"<!-- This site is optimized with the Yoast SEO plugin v26.9 - https:\/\/yoast.com\/product\/yoast-seo-wordpress\/ -->\n<title>Bibliotekarka z boche\u0144skiej biblioteki Ma\u0142opolskim Bibliotekarz Roku 2017 - mojabochnia.pl - portal informacyjny<\/title>\n<meta name=\"robots\" content=\"index, follow, max-snippet:-1, max-image-preview:large, max-video-preview:-1\" \/>\n<link rel=\"canonical\" href=\"https:\/\/www.mojabochnia.pl\/?p=185167\" \/>\n<meta property=\"og:locale\" content=\"pl_PL\" \/>\n<meta property=\"og:type\" content=\"article\" \/>\n<meta property=\"og:title\" content=\"Bibliotekarka z boche\u0144skiej biblioteki Ma\u0142opolskim Bibliotekarz Roku 2017 - mojabochnia.pl - portal informacyjny\" \/>\n<meta property=\"og:description\" content=\"Iwona Multan \u2013 bibliotekarka pracuj\u0105ca w Oddziale dla Dzieci i M\u0142odzie\u017cy Powiatowej i Miejskiej Biblioteki Publicznej w Bochni zdoby\u0142a tytu\u0142 Ma\u0142opolskiego Bibliotekarza Roku 2017. Og\u00f3lnopolski Konkurs, podczas kt\u00f3rego wybiera si\u0119 Bibliotekarza Roku, organizowany jest przez Stowarzyszenie Bibliotekarzy Polskich. Sk\u0142ada si\u0119 z dw\u00f3ch etap\u00f3w: wojew\u00f3dzkiego i og\u00f3lnopolskiego. Zg\u0142aszany kandydat musi spe\u0142nia\u0107 okre\u015blone w regulaminie kryteria m.in.\" \/>\n<meta property=\"og:url\" content=\"https:\/\/www.mojabochnia.pl\/?p=185167\" \/>\n<meta property=\"og:site_name\" content=\"mojabochnia.pl - portal informacyjny\" \/>\n<meta property=\"article:publisher\" content=\"https:\/\/www.facebook.com\/mojabochnia\" \/>\n<meta property=\"article:published_time\" content=\"2018-04-13T13:37:38+00:00\" \/>\n<meta property=\"og:image\" content=\"https:\/\/www.mojabochnia.pl\/wp-content\/uploads\/2016\/09\/DSC_1003-001.jpg\" \/>\n\t<meta property=\"og:image:width\" content=\"660\" \/>\n\t<meta property=\"og:image:height\" content=\"371\" \/>\n\t<meta property=\"og:image:type\" content=\"image\/jpeg\" \/>\n<meta name=\"author\" content=\"Mateusz Franczyk\" \/>\n<meta name=\"twitter:card\" content=\"summary_large_image\" \/>\n<meta name=\"twitter:label1\" content=\"Written by\" \/>\n\t<meta name=\"twitter:data1\" content=\"Mateusz Franczyk\" \/>\n\t<meta name=\"twitter:label2\" content=\"Est. reading time\" \/>\n\t<meta name=\"twitter:data2\" content=\"3 minuty\" \/>\n<script type=\"application\/ld+json\" class=\"yoast-schema-graph\">{\"@context\":\"https:\/\/schema.org\",\"@graph\":[{\"@type\":\"Article\",\"@id\":\"https:\/\/www.mojabochnia.pl\/?p=185167#article\",\"isPartOf\":{\"@id\":\"https:\/\/www.mojabochnia.pl\/?p=185167\"},\"author\":{\"name\":\"Mateusz Franczyk\",\"@id\":\"https:\/\/www.mojabochnia.pl\/#\/schema\/person\/43d3c2066b5450cc314bfa4e9e0e0099\"},\"headline\":\"Bibliotekarka z boche\u0144skiej biblioteki Ma\u0142opolskim Bibliotekarz Roku 2017\",\"datePublished\":\"2018-04-13T13:37:38+00:00\",\"mainEntityOfPage\":{\"@id\":\"https:\/\/www.mojabochnia.pl\/?p=185167\"},\"wordCount\":580,\"commentCount\":0,\"publisher\":{\"@id\":\"https:\/\/www.mojabochnia.pl\/#organization\"},\"image\":{\"@id\":\"https:\/\/www.mojabochnia.pl\/?p=185167#primaryimage\"},\"thumbnailUrl\":\"https:\/\/www.mojabochnia.pl\/wp-content\/uploads\/2016\/09\/DSC_1003-001.jpg\",\"keywords\":[\"biblioteka\",\"bibliotekarz roku\",\"top temat\"],\"articleSection\":[\"2_ostatnie\",\"polityka i wydarzenia\",\"tematyka\"],\"inLanguage\":\"pl-PL\",\"potentialAction\":[{\"@type\":\"CommentAction\",\"name\":\"Comment\",\"target\":[\"https:\/\/www.mojabochnia.pl\/?p=185167#respond\"]}]},{\"@type\":\"WebPage\",\"@id\":\"https:\/\/www.mojabochnia.pl\/?p=185167\",\"url\":\"https:\/\/www.mojabochnia.pl\/?p=185167\",\"name\":\"Bibliotekarka z boche\u0144skiej biblioteki Ma\u0142opolskim Bibliotekarz Roku 2017 - mojabochnia.pl - portal informacyjny\",\"isPartOf\":{\"@id\":\"https:\/\/www.mojabochnia.pl\/#website\"},\"primaryImageOfPage\":{\"@id\":\"https:\/\/www.mojabochnia.pl\/?p=185167#primaryimage\"},\"image\":{\"@id\":\"https:\/\/www.mojabochnia.pl\/?p=185167#primaryimage\"},\"thumbnailUrl\":\"https:\/\/www.mojabochnia.pl\/wp-content\/uploads\/2016\/09\/DSC_1003-001.jpg\",\"datePublished\":\"2018-04-13T13:37:38+00:00\",\"breadcrumb\":{\"@id\":\"https:\/\/www.mojabochnia.pl\/?p=185167#breadcrumb\"},\"inLanguage\":\"pl-PL\",\"potentialAction\":[{\"@type\":\"ReadAction\",\"target\":[\"https:\/\/www.mojabochnia.pl\/?p=185167\"]}]},{\"@type\":\"ImageObject\",\"inLanguage\":\"pl-PL\",\"@id\":\"https:\/\/www.mojabochnia.pl\/?p=185167#primaryimage\",\"url\":\"https:\/\/www.mojabochnia.pl\/wp-content\/uploads\/2016\/09\/DSC_1003-001.jpg\",\"contentUrl\":\"https:\/\/www.mojabochnia.pl\/wp-content\/uploads\/2016\/09\/DSC_1003-001.jpg\",\"width\":660,\"height\":371,\"caption\":\"Pawe\u0142 Michalczyk\"},{\"@type\":\"BreadcrumbList\",\"@id\":\"https:\/\/www.mojabochnia.pl\/?p=185167#breadcrumb\",\"itemListElement\":[{\"@type\":\"ListItem\",\"position\":1,\"name\":\"Home\",\"item\":\"https:\/\/www.mojabochnia.pl\/\"},{\"@type\":\"ListItem\",\"position\":2,\"name\":\"Bibliotekarka z boche\u0144skiej biblioteki Ma\u0142opolskim Bibliotekarz Roku 2017\"}]},{\"@type\":\"WebSite\",\"@id\":\"https:\/\/www.mojabochnia.pl\/#website\",\"url\":\"https:\/\/www.mojabochnia.pl\/\",\"name\":\"mojabochnia.pl - portal informacyjny\",\"description\":\"mojaBochnia to portal informacyjny o Bochni. Codziennie o Bochni piszemy i pokazujemy najwa\u017cniejsze wydarzenia\",\"publisher\":{\"@id\":\"https:\/\/www.mojabochnia.pl\/#organization\"},\"potentialAction\":[{\"@type\":\"SearchAction\",\"target\":{\"@type\":\"EntryPoint\",\"urlTemplate\":\"https:\/\/www.mojabochnia.pl\/?s={search_term_string}\"},\"query-input\":{\"@type\":\"PropertyValueSpecification\",\"valueRequired\":true,\"valueName\":\"search_term_string\"}}],\"inLanguage\":\"pl-PL\"},{\"@type\":\"Organization\",\"@id\":\"https:\/\/www.mojabochnia.pl\/#organization\",\"name\":\"mojabochnia.pl - portal informacyjny\",\"url\":\"https:\/\/www.mojabochnia.pl\/\",\"logo\":{\"@type\":\"ImageObject\",\"inLanguage\":\"pl-PL\",\"@id\":\"https:\/\/www.mojabochnia.pl\/#\/schema\/logo\/image\/\",\"url\":\"https:\/\/www.mojabochnia.pl\/wp-content\/uploads\/2017\/08\/logo-mb-opt.png\",\"contentUrl\":\"https:\/\/www.mojabochnia.pl\/wp-content\/uploads\/2017\/08\/logo-mb-opt.png\",\"width\":250,\"height\":48,\"caption\":\"mojabochnia.pl - portal informacyjny\"},\"image\":{\"@id\":\"https:\/\/www.mojabochnia.pl\/#\/schema\/logo\/image\/\"},\"sameAs\":[\"https:\/\/www.facebook.com\/mojabochnia\"]},{\"@type\":\"Person\",\"@id\":\"https:\/\/www.mojabochnia.pl\/#\/schema\/person\/43d3c2066b5450cc314bfa4e9e0e0099\",\"name\":\"Mateusz Franczyk\",\"url\":\"https:\/\/www.mojabochnia.pl\/?author=1168\"}]}<\/script>\n<!-- \/ Yoast SEO plugin. -->","yoast_head_json":{"title":"Bibliotekarka z boche\u0144skiej biblioteki Ma\u0142opolskim Bibliotekarz Roku 2017 - mojabochnia.pl - portal informacyjny","robots":{"index":"index","follow":"follow","max-snippet":"max-snippet:-1","max-image-preview":"max-image-preview:large","max-video-preview":"max-video-preview:-1"},"canonical":"https:\/\/www.mojabochnia.pl\/?p=185167","og_locale":"pl_PL","og_type":"article","og_title":"Bibliotekarka z boche\u0144skiej biblioteki Ma\u0142opolskim Bibliotekarz Roku 2017 - mojabochnia.pl - portal informacyjny","og_description":"Iwona Multan \u2013 bibliotekarka pracuj\u0105ca w Oddziale dla Dzieci i M\u0142odzie\u017cy Powiatowej i Miejskiej Biblioteki Publicznej w Bochni zdoby\u0142a tytu\u0142 Ma\u0142opolskiego Bibliotekarza Roku 2017. Og\u00f3lnopolski Konkurs, podczas kt\u00f3rego wybiera si\u0119 Bibliotekarza Roku, organizowany jest przez Stowarzyszenie Bibliotekarzy Polskich. Sk\u0142ada si\u0119 z dw\u00f3ch etap\u00f3w: wojew\u00f3dzkiego i og\u00f3lnopolskiego. Zg\u0142aszany kandydat musi spe\u0142nia\u0107 okre\u015blone w regulaminie kryteria m.in.","og_url":"https:\/\/www.mojabochnia.pl\/?p=185167","og_site_name":"mojabochnia.pl - portal informacyjny","article_publisher":"https:\/\/www.facebook.com\/mojabochnia","article_published_time":"2018-04-13T13:37:38+00:00","og_image":[{"width":660,"height":371,"url":"https:\/\/www.mojabochnia.pl\/wp-content\/uploads\/2016\/09\/DSC_1003-001.jpg","type":"image\/jpeg"}],"author":"Mateusz Franczyk","twitter_card":"summary_large_image","twitter_misc":{"Written by":"Mateusz Franczyk","Est. reading time":"3 minuty"},"schema":{"@context":"https:\/\/schema.org","@graph":[{"@type":"Article","@id":"https:\/\/www.mojabochnia.pl\/?p=185167#article","isPartOf":{"@id":"https:\/\/www.mojabochnia.pl\/?p=185167"},"author":{"name":"Mateusz Franczyk","@id":"https:\/\/www.mojabochnia.pl\/#\/schema\/person\/43d3c2066b5450cc314bfa4e9e0e0099"},"headline":"Bibliotekarka z boche\u0144skiej biblioteki Ma\u0142opolskim Bibliotekarz Roku 2017","datePublished":"2018-04-13T13:37:38+00:00","mainEntityOfPage":{"@id":"https:\/\/www.mojabochnia.pl\/?p=185167"},"wordCount":580,"commentCount":0,"publisher":{"@id":"https:\/\/www.mojabochnia.pl\/#organization"},"image":{"@id":"https:\/\/www.mojabochnia.pl\/?p=185167#primaryimage"},"thumbnailUrl":"https:\/\/www.mojabochnia.pl\/wp-content\/uploads\/2016\/09\/DSC_1003-001.jpg","keywords":["biblioteka","bibliotekarz roku","top temat"],"articleSection":["2_ostatnie","polityka i wydarzenia","tematyka"],"inLanguage":"pl-PL","potentialAction":[{"@type":"CommentAction","name":"Comment","target":["https:\/\/www.mojabochnia.pl\/?p=185167#respond"]}]},{"@type":"WebPage","@id":"https:\/\/www.mojabochnia.pl\/?p=185167","url":"https:\/\/www.mojabochnia.pl\/?p=185167","name":"Bibliotekarka z boche\u0144skiej biblioteki Ma\u0142opolskim Bibliotekarz Roku 2017 - mojabochnia.pl - portal informacyjny","isPartOf":{"@id":"https:\/\/www.mojabochnia.pl\/#website"},"primaryImageOfPage":{"@id":"https:\/\/www.mojabochnia.pl\/?p=185167#primaryimage"},"image":{"@id":"https:\/\/www.mojabochnia.pl\/?p=185167#primaryimage"},"thumbnailUrl":"https:\/\/www.mojabochnia.pl\/wp-content\/uploads\/2016\/09\/DSC_1003-001.jpg","datePublished":"2018-04-13T13:37:38+00:00","breadcrumb":{"@id":"https:\/\/www.mojabochnia.pl\/?p=185167#breadcrumb"},"inLanguage":"pl-PL","potentialAction":[{"@type":"ReadAction","target":["https:\/\/www.mojabochnia.pl\/?p=185167"]}]},{"@type":"ImageObject","inLanguage":"pl-PL","@id":"https:\/\/www.mojabochnia.pl\/?p=185167#primaryimage","url":"https:\/\/www.mojabochnia.pl\/wp-content\/uploads\/2016\/09\/DSC_1003-001.jpg","contentUrl":"https:\/\/www.mojabochnia.pl\/wp-content\/uploads\/2016\/09\/DSC_1003-001.jpg","width":660,"height":371,"caption":"Pawe\u0142 Michalczyk"},{"@type":"BreadcrumbList","@id":"https:\/\/www.mojabochnia.pl\/?p=185167#breadcrumb","itemListElement":[{"@type":"ListItem","position":1,"name":"Home","item":"https:\/\/www.mojabochnia.pl\/"},{"@type":"ListItem","position":2,"name":"Bibliotekarka z boche\u0144skiej biblioteki Ma\u0142opolskim Bibliotekarz Roku 2017"}]},{"@type":"WebSite","@id":"https:\/\/www.mojabochnia.pl\/#website","url":"https:\/\/www.mojabochnia.pl\/","name":"mojabochnia.pl - portal informacyjny","description":"mojaBochnia to portal informacyjny o Bochni. Codziennie o Bochni piszemy i pokazujemy najwa\u017cniejsze wydarzenia","publisher":{"@id":"https:\/\/www.mojabochnia.pl\/#organization"},"potentialAction":[{"@type":"SearchAction","target":{"@type":"EntryPoint","urlTemplate":"https:\/\/www.mojabochnia.pl\/?s={search_term_string}"},"query-input":{"@type":"PropertyValueSpecification","valueRequired":true,"valueName":"search_term_string"}}],"inLanguage":"pl-PL"},{"@type":"Organization","@id":"https:\/\/www.mojabochnia.pl\/#organization","name":"mojabochnia.pl - portal informacyjny","url":"https:\/\/www.mojabochnia.pl\/","logo":{"@type":"ImageObject","inLanguage":"pl-PL","@id":"https:\/\/www.mojabochnia.pl\/#\/schema\/logo\/image\/","url":"https:\/\/www.mojabochnia.pl\/wp-content\/uploads\/2017\/08\/logo-mb-opt.png","contentUrl":"https:\/\/www.mojabochnia.pl\/wp-content\/uploads\/2017\/08\/logo-mb-opt.png","width":250,"height":48,"caption":"mojabochnia.pl - portal informacyjny"},"image":{"@id":"https:\/\/www.mojabochnia.pl\/#\/schema\/logo\/image\/"},"sameAs":["https:\/\/www.facebook.com\/mojabochnia"]},{"@type":"Person","@id":"https:\/\/www.mojabochnia.pl\/#\/schema\/person\/43d3c2066b5450cc314bfa4e9e0e0099","name":"Mateusz Franczyk","url":"https:\/\/www.mojabochnia.pl\/?author=1168"}]}},"_links":{"self":[{"href":"https:\/\/www.mojabochnia.pl\/index.php?rest_route=\/wp\/v2\/posts\/185167","targetHints":{"allow":["GET"]}}],"collection":[{"href":"https:\/\/www.mojabochnia.pl\/index.php?rest_route=\/wp\/v2\/posts"}],"about":[{"href":"https:\/\/www.mojabochnia.pl\/index.php?rest_route=\/wp\/v2\/types\/post"}],"author":[{"embeddable":true,"href":"https:\/\/www.mojabochnia.pl\/index.php?rest_route=\/wp\/v2\/users\/1168"}],"replies":[{"embeddable":true,"href":"https:\/\/www.mojabochnia.pl\/index.php?rest_route=%2Fwp%2Fv2%2Fcomments&post=185167"}],"version-history":[{"count":1,"href":"https:\/\/www.mojabochnia.pl\/index.php?rest_route=\/wp\/v2\/posts\/185167\/revisions"}],"predecessor-version":[{"id":185169,"href":"https:\/\/www.mojabochnia.pl\/index.php?rest_route=\/wp\/v2\/posts\/185167\/revisions\/185169"}],"wp:featuredmedia":[{"embeddable":true,"href":"https:\/\/www.mojabochnia.pl\/index.php?rest_route=\/wp\/v2\/media\/158843"}],"wp:attachment":[{"href":"https:\/\/www.mojabochnia.pl\/index.php?rest_route=%2Fwp%2Fv2%2Fmedia&parent=185167"}],"wp:term":[{"taxonomy":"category","embeddable":true,"href":"https:\/\/www.mojabochnia.pl\/index.php?rest_route=%2Fwp%2Fv2%2Fcategories&post=185167"},{"taxonomy":"post_tag","embeddable":true,"href":"https:\/\/www.mojabochnia.pl\/index.php?rest_route=%2Fwp%2Fv2%2Ftags&post=185167"}],"curies":[{"name":"wp","href":"https:\/\/api.w.org\/{rel}","templated":true}]}}