{"id":185159,"date":"2018-04-13T15:34:41","date_gmt":"2018-04-13T13:34:41","guid":{"rendered":"https:\/\/www.mojabochnia.pl\/?p=185159"},"modified":"2018-04-13T15:34:50","modified_gmt":"2018-04-13T13:34:50","slug":"lapanow-kazdy-moze-uratowac-zycie","status":"publish","type":"post","link":"https:\/\/www.mojabochnia.pl\/?p=185159","title":{"rendered":"\u0141apan\u00f3w: Ka\u017cdy mo\u017ce uratowa\u0107 \u017cycie!"},"content":{"rendered":"<p><strong>Rozpocz\u0119\u0142a si\u0119 realizacja projektu <i>BEZPIECZNA GMINA \u0141APAN\u00d3W \u2013 Ka\u017cdy mo\u017ce uratowa\u0107 \u017cycie!<\/i> Jak zachowa\u0107 si\u0119 w sytuacji zagro\u017cenia zdrowia i \u017cycia? Co zrobi\u0107, je\u015bli jest si\u0119 \u015bwiadkiem wypadku drogowego? Coraz wi\u0119cej os\u00f3b ma \u015bwiadomo\u015b\u0107, jak wa\u017cna na co dzie\u0144 jest znajomo\u015b\u0107 zasad udzielania pierwszej pomocy. Ka\u017cdy cz\u0142owiek, kt\u00f3remu powierza si\u0119 bezpiecze\u0144stwo, zdrowie i \u017cycie drugiego cz\u0142owieka, powinien nieustannie zdawa\u0107 sobie spraw\u0119 z odpowiedzialno\u015bci, jaka na nim spoczywa.<\/strong><\/p>\n<p><span style=\"font-weight: 400;\">&#8211; <\/span><i><span style=\"font-weight: 400;\">Projekt <\/span><\/i><b><i>BEZPIECZNA GMINA \u0141APAN\u00d3W \u2013 Ka\u017cdy mo\u017ce uratowa\u0107 \u017cycie! <\/i><\/b><i><span style=\"font-weight: 400;\">to warsztaty z zakresu udzielania pierwszej pomocy. Zosta\u0142 opracowany z my\u015bl\u0105 o mieszka\u0144cach naszej gminy. W jego realizacj\u0119 zaanga\u017cowa\u0142o si\u0119 wiele os\u00f3b, w tym wszystkie jednostki Ochotniczych Stra\u017cy Po\u017carnych z terenu gminy<\/span><\/i><span style=\"font-weight: 400;\"> \u2013 m\u00f3wi Prezes Zarz\u0105du Oddzia\u0142u Gminnego ZOSP RP w \u0141apanowie w\u00f3jt Robert Roj. \u2013 <\/span><i><span style=\"font-weight: 400;\">Chcieliby\u015bmy dotrze\u0107 do jak najwi\u0119kszej liczby mieszka\u0144c\u00f3w \u2013 od przedszkolak\u00f3w po senior\u00f3w. Program ten ma za zadanie przygotowa\u0107 nasze lokalne spo\u0142ecze\u0144stwo do podejmowania w\u0142a\u015bciwego sposobu pomocy potrzebuj\u0105cym, jak i rozbudzi\u0107 zainteresowanie podstawow\u0105 wiedz\u0105 medyczn\u0105<\/span><\/i><span style=\"font-weight: 400;\"> \u2013 dodaje pomys\u0142odawca i koordynator dzia\u0142a\u0144 Celina Jacewicz.<\/span><\/p>\n<p><span style=\"font-weight: 400;\">Warsztaty s\u0105 realizowane we wszystkich szko\u0142ach gminy, w\u015br\u00f3d cz\u0142onki\u0144 K\u00f3\u0142 Gospody\u0144 Wiejskich, w klubach seniora, w domach kultury. Projekt ma charakter wolontariacki, anga\u017cuj\u0105 si\u0119 w niego uczniowie Centrum Kszta\u0142cenia Zawodowego i Ustawicznego im. \u015bw. Jana Paw\u0142a II w \u0141apanowie oraz Centrum Kultury Gminy \u0141apan\u00f3w.<\/span><\/p>\n<p><span style=\"font-weight: 400;\">Do uczestnictwa w warsztatach zapraszamy wszys<\/span><span style=\"font-weight: 400;\">tkich mieszka\u0144c\u00f3w.<\/span><\/p>\n<p><span style=\"font-weight: 400;\">Informacja: Miros\u0142aw Dro\u017cd\u017c<\/span><\/p>\n<p class=\"western\">\n\t  \r\n\t\r\n\t    <div class=\"mb-gallery\">\r\n\t    <a href=\"https:\/\/www.mojabochnia.pl\/?attachment_id=185161\" class=\"\"><img loading=\"lazy\" decoding=\"async\" width=\"100\" height=\"100\" src=\"https:\/\/www.mojabochnia.pl\/wp-content\/uploads\/2018\/04\/Bezpieczna-Gmina-\u0141apan\u00f3w-100x100.jpg\" class=\"attachment-100x100 size-100x100\" alt=\"\" \/><\/a><a href=\"https:\/\/www.mojabochnia.pl\/?attachment_id=185162\" class=\"\"><img loading=\"lazy\" decoding=\"async\" width=\"100\" height=\"100\" src=\"https:\/\/www.mojabochnia.pl\/wp-content\/uploads\/2018\/04\/Warsztaty-SP-Grabie-100x100.jpg\" class=\"attachment-100x100 size-100x100\" alt=\"\" \/><\/a><a href=\"https:\/\/www.mojabochnia.pl\/?attachment_id=185163\" class=\"\"><img loading=\"lazy\" decoding=\"async\" width=\"100\" height=\"100\" src=\"https:\/\/www.mojabochnia.pl\/wp-content\/uploads\/2018\/04\/Warsztaty-SP-\u0141apan\u00f3w-100x100.jpg\" class=\"attachment-100x100 size-100x100\" alt=\"\" \/><\/a><a href=\"https:\/\/www.mojabochnia.pl\/?attachment_id=185164\" class=\"\"><img loading=\"lazy\" decoding=\"async\" width=\"100\" height=\"100\" src=\"https:\/\/www.mojabochnia.pl\/wp-content\/uploads\/2018\/04\/Warsztaty-SP-Zbydni\u00f3w-100x100.jpg\" class=\"attachment-100x100 size-100x100\" alt=\"\" \/><\/a>\t    <\/div>\r\n\t    ","protected":false},"excerpt":{"rendered":"<p>Rozpocz\u0119\u0142a si\u0119 realizacja projektu BEZPIECZNA GMINA \u0141APAN\u00d3W \u2013 Ka\u017cdy mo\u017ce uratowa\u0107 \u017cycie! Jak zachowa\u0107 si\u0119 w sytuacji zagro\u017cenia zdrowia i \u017cycia? Co zrobi\u0107, je\u015bli jest si\u0119 \u015bwiadkiem wypadku drogowego? Coraz wi\u0119cej os\u00f3b ma \u015bwiadomo\u015b\u0107, jak wa\u017cna na co dzie\u0144 jest znajomo\u015b\u0107 zasad udzielania pierwszej pomocy. Ka\u017cdy cz\u0142owiek, kt\u00f3remu powierza si\u0119 bezpiecze\u0144stwo, zdrowie i \u017cycie drugiego<\/p>\n","protected":false},"author":8,"featured_media":185162,"comment_status":"open","ping_status":"closed","sticky":false,"template":"","format":"standard","meta":{"_acf_changed":false,"footnotes":""},"categories":[5,6251,6250],"tags":[17328,582,19720],"class_list":["post-185159","post","type-post","status-publish","format-standard","has-post-thumbnail","hentry","category-biezace-wydarzenia","category-polityka-i-wydarzenia","category-tematyka","tag-bezpieczenstwo","tag-gmina-lapanow1","tag-top-temat","main_tag-lapanow"],"acf":[],"yoast_head":"<!-- This site is optimized with the Yoast SEO plugin v26.9 - https:\/\/yoast.com\/product\/yoast-seo-wordpress\/ -->\n<title>\u0141apan\u00f3w: Ka\u017cdy mo\u017ce uratowa\u0107 \u017cycie! - mojabochnia.pl - portal informacyjny<\/title>\n<meta name=\"robots\" content=\"index, follow, max-snippet:-1, max-image-preview:large, max-video-preview:-1\" \/>\n<link rel=\"canonical\" href=\"https:\/\/www.mojabochnia.pl\/?p=185159\" \/>\n<meta property=\"og:locale\" content=\"pl_PL\" \/>\n<meta property=\"og:type\" content=\"article\" \/>\n<meta property=\"og:title\" content=\"\u0141apan\u00f3w: Ka\u017cdy mo\u017ce uratowa\u0107 \u017cycie! - mojabochnia.pl - portal informacyjny\" \/>\n<meta property=\"og:description\" content=\"Rozpocz\u0119\u0142a si\u0119 realizacja projektu BEZPIECZNA GMINA \u0141APAN\u00d3W \u2013 Ka\u017cdy mo\u017ce uratowa\u0107 \u017cycie! Jak zachowa\u0107 si\u0119 w sytuacji zagro\u017cenia zdrowia i \u017cycia? Co zrobi\u0107, je\u015bli jest si\u0119 \u015bwiadkiem wypadku drogowego? Coraz wi\u0119cej os\u00f3b ma \u015bwiadomo\u015b\u0107, jak wa\u017cna na co dzie\u0144 jest znajomo\u015b\u0107 zasad udzielania pierwszej pomocy. Ka\u017cdy cz\u0142owiek, kt\u00f3remu powierza si\u0119 bezpiecze\u0144stwo, zdrowie i \u017cycie drugiego\" \/>\n<meta property=\"og:url\" content=\"https:\/\/www.mojabochnia.pl\/?p=185159\" \/>\n<meta property=\"og:site_name\" content=\"mojabochnia.pl - portal informacyjny\" \/>\n<meta property=\"article:publisher\" content=\"https:\/\/www.facebook.com\/mojabochnia\" \/>\n<meta property=\"article:published_time\" content=\"2018-04-13T13:34:41+00:00\" \/>\n<meta property=\"article:modified_time\" content=\"2018-04-13T13:34:50+00:00\" \/>\n<meta property=\"og:image\" content=\"https:\/\/www.mojabochnia.pl\/wp-content\/uploads\/2018\/04\/Warsztaty-SP-Grabie.jpg\" \/>\n\t<meta property=\"og:image:width\" content=\"4288\" \/>\n\t<meta property=\"og:image:height\" content=\"2848\" \/>\n\t<meta property=\"og:image:type\" content=\"image\/jpeg\" \/>\n<meta name=\"author\" content=\"informacja prasowa\" \/>\n<meta name=\"twitter:card\" content=\"summary_large_image\" \/>\n<meta name=\"twitter:label1\" content=\"Written by\" \/>\n\t<meta name=\"twitter:data1\" content=\"informacja prasowa\" \/>\n\t<meta name=\"twitter:label2\" content=\"Est. reading time\" \/>\n\t<meta name=\"twitter:data2\" content=\"1 minuta\" \/>\n<script type=\"application\/ld+json\" class=\"yoast-schema-graph\">{\"@context\":\"https:\/\/schema.org\",\"@graph\":[{\"@type\":\"Article\",\"@id\":\"https:\/\/www.mojabochnia.pl\/?p=185159#article\",\"isPartOf\":{\"@id\":\"https:\/\/www.mojabochnia.pl\/?p=185159\"},\"author\":{\"name\":\"informacja prasowa\",\"@id\":\"https:\/\/www.mojabochnia.pl\/#\/schema\/person\/9e15cf1bcb74043790f124a3130fe41e\"},\"headline\":\"\u0141apan\u00f3w: Ka\u017cdy mo\u017ce uratowa\u0107 \u017cycie!\",\"datePublished\":\"2018-04-13T13:34:41+00:00\",\"dateModified\":\"2018-04-13T13:34:50+00:00\",\"mainEntityOfPage\":{\"@id\":\"https:\/\/www.mojabochnia.pl\/?p=185159\"},\"wordCount\":276,\"commentCount\":0,\"publisher\":{\"@id\":\"https:\/\/www.mojabochnia.pl\/#organization\"},\"image\":{\"@id\":\"https:\/\/www.mojabochnia.pl\/?p=185159#primaryimage\"},\"thumbnailUrl\":\"https:\/\/www.mojabochnia.pl\/wp-content\/uploads\/2018\/04\/Warsztaty-SP-Grabie.jpg\",\"keywords\":[\"bezpiecze\u0144stwo\",\"gmina \u0142apan\u00f3w\",\"top temat\"],\"articleSection\":[\"2_ostatnie\",\"polityka i wydarzenia\",\"tematyka\"],\"inLanguage\":\"pl-PL\",\"potentialAction\":[{\"@type\":\"CommentAction\",\"name\":\"Comment\",\"target\":[\"https:\/\/www.mojabochnia.pl\/?p=185159#respond\"]}]},{\"@type\":\"WebPage\",\"@id\":\"https:\/\/www.mojabochnia.pl\/?p=185159\",\"url\":\"https:\/\/www.mojabochnia.pl\/?p=185159\",\"name\":\"\u0141apan\u00f3w: Ka\u017cdy mo\u017ce uratowa\u0107 \u017cycie! - mojabochnia.pl - portal informacyjny\",\"isPartOf\":{\"@id\":\"https:\/\/www.mojabochnia.pl\/#website\"},\"primaryImageOfPage\":{\"@id\":\"https:\/\/www.mojabochnia.pl\/?p=185159#primaryimage\"},\"image\":{\"@id\":\"https:\/\/www.mojabochnia.pl\/?p=185159#primaryimage\"},\"thumbnailUrl\":\"https:\/\/www.mojabochnia.pl\/wp-content\/uploads\/2018\/04\/Warsztaty-SP-Grabie.jpg\",\"datePublished\":\"2018-04-13T13:34:41+00:00\",\"dateModified\":\"2018-04-13T13:34:50+00:00\",\"breadcrumb\":{\"@id\":\"https:\/\/www.mojabochnia.pl\/?p=185159#breadcrumb\"},\"inLanguage\":\"pl-PL\",\"potentialAction\":[{\"@type\":\"ReadAction\",\"target\":[\"https:\/\/www.mojabochnia.pl\/?p=185159\"]}]},{\"@type\":\"ImageObject\",\"inLanguage\":\"pl-PL\",\"@id\":\"https:\/\/www.mojabochnia.pl\/?p=185159#primaryimage\",\"url\":\"https:\/\/www.mojabochnia.pl\/wp-content\/uploads\/2018\/04\/Warsztaty-SP-Grabie.jpg\",\"contentUrl\":\"https:\/\/www.mojabochnia.pl\/wp-content\/uploads\/2018\/04\/Warsztaty-SP-Grabie.jpg\",\"width\":4288,\"height\":2848},{\"@type\":\"BreadcrumbList\",\"@id\":\"https:\/\/www.mojabochnia.pl\/?p=185159#breadcrumb\",\"itemListElement\":[{\"@type\":\"ListItem\",\"position\":1,\"name\":\"Home\",\"item\":\"https:\/\/www.mojabochnia.pl\/\"},{\"@type\":\"ListItem\",\"position\":2,\"name\":\"\u0141apan\u00f3w: Ka\u017cdy mo\u017ce uratowa\u0107 \u017cycie!\"}]},{\"@type\":\"WebSite\",\"@id\":\"https:\/\/www.mojabochnia.pl\/#website\",\"url\":\"https:\/\/www.mojabochnia.pl\/\",\"name\":\"mojabochnia.pl - portal informacyjny\",\"description\":\"mojaBochnia to portal informacyjny o Bochni. Codziennie o Bochni piszemy i pokazujemy najwa\u017cniejsze wydarzenia\",\"publisher\":{\"@id\":\"https:\/\/www.mojabochnia.pl\/#organization\"},\"potentialAction\":[{\"@type\":\"SearchAction\",\"target\":{\"@type\":\"EntryPoint\",\"urlTemplate\":\"https:\/\/www.mojabochnia.pl\/?s={search_term_string}\"},\"query-input\":{\"@type\":\"PropertyValueSpecification\",\"valueRequired\":true,\"valueName\":\"search_term_string\"}}],\"inLanguage\":\"pl-PL\"},{\"@type\":\"Organization\",\"@id\":\"https:\/\/www.mojabochnia.pl\/#organization\",\"name\":\"mojabochnia.pl - portal informacyjny\",\"url\":\"https:\/\/www.mojabochnia.pl\/\",\"logo\":{\"@type\":\"ImageObject\",\"inLanguage\":\"pl-PL\",\"@id\":\"https:\/\/www.mojabochnia.pl\/#\/schema\/logo\/image\/\",\"url\":\"https:\/\/www.mojabochnia.pl\/wp-content\/uploads\/2017\/08\/logo-mb-opt.png\",\"contentUrl\":\"https:\/\/www.mojabochnia.pl\/wp-content\/uploads\/2017\/08\/logo-mb-opt.png\",\"width\":250,\"height\":48,\"caption\":\"mojabochnia.pl - portal informacyjny\"},\"image\":{\"@id\":\"https:\/\/www.mojabochnia.pl\/#\/schema\/logo\/image\/\"},\"sameAs\":[\"https:\/\/www.facebook.com\/mojabochnia\"]},{\"@type\":\"Person\",\"@id\":\"https:\/\/www.mojabochnia.pl\/#\/schema\/person\/9e15cf1bcb74043790f124a3130fe41e\",\"name\":\"informacja prasowa\",\"sameAs\":[\"http:\/\/\"],\"url\":\"https:\/\/www.mojabochnia.pl\/?author=8\"}]}<\/script>\n<!-- \/ Yoast SEO plugin. -->","yoast_head_json":{"title":"\u0141apan\u00f3w: Ka\u017cdy mo\u017ce uratowa\u0107 \u017cycie! - mojabochnia.pl - portal informacyjny","robots":{"index":"index","follow":"follow","max-snippet":"max-snippet:-1","max-image-preview":"max-image-preview:large","max-video-preview":"max-video-preview:-1"},"canonical":"https:\/\/www.mojabochnia.pl\/?p=185159","og_locale":"pl_PL","og_type":"article","og_title":"\u0141apan\u00f3w: Ka\u017cdy mo\u017ce uratowa\u0107 \u017cycie! - mojabochnia.pl - portal informacyjny","og_description":"Rozpocz\u0119\u0142a si\u0119 realizacja projektu BEZPIECZNA GMINA \u0141APAN\u00d3W \u2013 Ka\u017cdy mo\u017ce uratowa\u0107 \u017cycie! Jak zachowa\u0107 si\u0119 w sytuacji zagro\u017cenia zdrowia i \u017cycia? Co zrobi\u0107, je\u015bli jest si\u0119 \u015bwiadkiem wypadku drogowego? Coraz wi\u0119cej os\u00f3b ma \u015bwiadomo\u015b\u0107, jak wa\u017cna na co dzie\u0144 jest znajomo\u015b\u0107 zasad udzielania pierwszej pomocy. Ka\u017cdy cz\u0142owiek, kt\u00f3remu powierza si\u0119 bezpiecze\u0144stwo, zdrowie i \u017cycie drugiego","og_url":"https:\/\/www.mojabochnia.pl\/?p=185159","og_site_name":"mojabochnia.pl - portal informacyjny","article_publisher":"https:\/\/www.facebook.com\/mojabochnia","article_published_time":"2018-04-13T13:34:41+00:00","article_modified_time":"2018-04-13T13:34:50+00:00","og_image":[{"width":4288,"height":2848,"url":"https:\/\/www.mojabochnia.pl\/wp-content\/uploads\/2018\/04\/Warsztaty-SP-Grabie.jpg","type":"image\/jpeg"}],"author":"informacja prasowa","twitter_card":"summary_large_image","twitter_misc":{"Written by":"informacja prasowa","Est. reading time":"1 minuta"},"schema":{"@context":"https:\/\/schema.org","@graph":[{"@type":"Article","@id":"https:\/\/www.mojabochnia.pl\/?p=185159#article","isPartOf":{"@id":"https:\/\/www.mojabochnia.pl\/?p=185159"},"author":{"name":"informacja prasowa","@id":"https:\/\/www.mojabochnia.pl\/#\/schema\/person\/9e15cf1bcb74043790f124a3130fe41e"},"headline":"\u0141apan\u00f3w: Ka\u017cdy mo\u017ce uratowa\u0107 \u017cycie!","datePublished":"2018-04-13T13:34:41+00:00","dateModified":"2018-04-13T13:34:50+00:00","mainEntityOfPage":{"@id":"https:\/\/www.mojabochnia.pl\/?p=185159"},"wordCount":276,"commentCount":0,"publisher":{"@id":"https:\/\/www.mojabochnia.pl\/#organization"},"image":{"@id":"https:\/\/www.mojabochnia.pl\/?p=185159#primaryimage"},"thumbnailUrl":"https:\/\/www.mojabochnia.pl\/wp-content\/uploads\/2018\/04\/Warsztaty-SP-Grabie.jpg","keywords":["bezpiecze\u0144stwo","gmina \u0142apan\u00f3w","top temat"],"articleSection":["2_ostatnie","polityka i wydarzenia","tematyka"],"inLanguage":"pl-PL","potentialAction":[{"@type":"CommentAction","name":"Comment","target":["https:\/\/www.mojabochnia.pl\/?p=185159#respond"]}]},{"@type":"WebPage","@id":"https:\/\/www.mojabochnia.pl\/?p=185159","url":"https:\/\/www.mojabochnia.pl\/?p=185159","name":"\u0141apan\u00f3w: Ka\u017cdy mo\u017ce uratowa\u0107 \u017cycie! - mojabochnia.pl - portal informacyjny","isPartOf":{"@id":"https:\/\/www.mojabochnia.pl\/#website"},"primaryImageOfPage":{"@id":"https:\/\/www.mojabochnia.pl\/?p=185159#primaryimage"},"image":{"@id":"https:\/\/www.mojabochnia.pl\/?p=185159#primaryimage"},"thumbnailUrl":"https:\/\/www.mojabochnia.pl\/wp-content\/uploads\/2018\/04\/Warsztaty-SP-Grabie.jpg","datePublished":"2018-04-13T13:34:41+00:00","dateModified":"2018-04-13T13:34:50+00:00","breadcrumb":{"@id":"https:\/\/www.mojabochnia.pl\/?p=185159#breadcrumb"},"inLanguage":"pl-PL","potentialAction":[{"@type":"ReadAction","target":["https:\/\/www.mojabochnia.pl\/?p=185159"]}]},{"@type":"ImageObject","inLanguage":"pl-PL","@id":"https:\/\/www.mojabochnia.pl\/?p=185159#primaryimage","url":"https:\/\/www.mojabochnia.pl\/wp-content\/uploads\/2018\/04\/Warsztaty-SP-Grabie.jpg","contentUrl":"https:\/\/www.mojabochnia.pl\/wp-content\/uploads\/2018\/04\/Warsztaty-SP-Grabie.jpg","width":4288,"height":2848},{"@type":"BreadcrumbList","@id":"https:\/\/www.mojabochnia.pl\/?p=185159#breadcrumb","itemListElement":[{"@type":"ListItem","position":1,"name":"Home","item":"https:\/\/www.mojabochnia.pl\/"},{"@type":"ListItem","position":2,"name":"\u0141apan\u00f3w: Ka\u017cdy mo\u017ce uratowa\u0107 \u017cycie!"}]},{"@type":"WebSite","@id":"https:\/\/www.mojabochnia.pl\/#website","url":"https:\/\/www.mojabochnia.pl\/","name":"mojabochnia.pl - portal informacyjny","description":"mojaBochnia to portal informacyjny o Bochni. Codziennie o Bochni piszemy i pokazujemy najwa\u017cniejsze wydarzenia","publisher":{"@id":"https:\/\/www.mojabochnia.pl\/#organization"},"potentialAction":[{"@type":"SearchAction","target":{"@type":"EntryPoint","urlTemplate":"https:\/\/www.mojabochnia.pl\/?s={search_term_string}"},"query-input":{"@type":"PropertyValueSpecification","valueRequired":true,"valueName":"search_term_string"}}],"inLanguage":"pl-PL"},{"@type":"Organization","@id":"https:\/\/www.mojabochnia.pl\/#organization","name":"mojabochnia.pl - portal informacyjny","url":"https:\/\/www.mojabochnia.pl\/","logo":{"@type":"ImageObject","inLanguage":"pl-PL","@id":"https:\/\/www.mojabochnia.pl\/#\/schema\/logo\/image\/","url":"https:\/\/www.mojabochnia.pl\/wp-content\/uploads\/2017\/08\/logo-mb-opt.png","contentUrl":"https:\/\/www.mojabochnia.pl\/wp-content\/uploads\/2017\/08\/logo-mb-opt.png","width":250,"height":48,"caption":"mojabochnia.pl - portal informacyjny"},"image":{"@id":"https:\/\/www.mojabochnia.pl\/#\/schema\/logo\/image\/"},"sameAs":["https:\/\/www.facebook.com\/mojabochnia"]},{"@type":"Person","@id":"https:\/\/www.mojabochnia.pl\/#\/schema\/person\/9e15cf1bcb74043790f124a3130fe41e","name":"informacja prasowa","sameAs":["http:\/\/"],"url":"https:\/\/www.mojabochnia.pl\/?author=8"}]}},"_links":{"self":[{"href":"https:\/\/www.mojabochnia.pl\/index.php?rest_route=\/wp\/v2\/posts\/185159","targetHints":{"allow":["GET"]}}],"collection":[{"href":"https:\/\/www.mojabochnia.pl\/index.php?rest_route=\/wp\/v2\/posts"}],"about":[{"href":"https:\/\/www.mojabochnia.pl\/index.php?rest_route=\/wp\/v2\/types\/post"}],"author":[{"embeddable":true,"href":"https:\/\/www.mojabochnia.pl\/index.php?rest_route=\/wp\/v2\/users\/8"}],"replies":[{"embeddable":true,"href":"https:\/\/www.mojabochnia.pl\/index.php?rest_route=%2Fwp%2Fv2%2Fcomments&post=185159"}],"version-history":[{"count":2,"href":"https:\/\/www.mojabochnia.pl\/index.php?rest_route=\/wp\/v2\/posts\/185159\/revisions"}],"predecessor-version":[{"id":185166,"href":"https:\/\/www.mojabochnia.pl\/index.php?rest_route=\/wp\/v2\/posts\/185159\/revisions\/185166"}],"wp:featuredmedia":[{"embeddable":true,"href":"https:\/\/www.mojabochnia.pl\/index.php?rest_route=\/wp\/v2\/media\/185162"}],"wp:attachment":[{"href":"https:\/\/www.mojabochnia.pl\/index.php?rest_route=%2Fwp%2Fv2%2Fmedia&parent=185159"}],"wp:term":[{"taxonomy":"category","embeddable":true,"href":"https:\/\/www.mojabochnia.pl\/index.php?rest_route=%2Fwp%2Fv2%2Fcategories&post=185159"},{"taxonomy":"post_tag","embeddable":true,"href":"https:\/\/www.mojabochnia.pl\/index.php?rest_route=%2Fwp%2Fv2%2Ftags&post=185159"}],"curies":[{"name":"wp","href":"https:\/\/api.w.org\/{rel}","templated":true}]}}