{"id":185140,"date":"2018-04-11T15:29:54","date_gmt":"2018-04-11T13:29:54","guid":{"rendered":"https:\/\/www.mojabochnia.pl\/?p=185140"},"modified":"2018-04-11T15:30:57","modified_gmt":"2018-04-11T13:30:57","slug":"bardusch-polska-stworzy-w-bochenskiej-strefie-aktywnosci-gospodarczej-100-miejsc-pracy-glownie-dla-kobiet","status":"publish","type":"post","link":"https:\/\/www.mojabochnia.pl\/?p=185140","title":{"rendered":"\u201eBardusch Polska\u201d stworzy w BSAG 100 miejsc pracy, g\u0142\u00f3wnie dla kobiet"},"content":{"rendered":"<p><strong>9 kwietnia na\u00a0terenach Boche\u0144skiej Strefy Aktywno\u015bci Gospodarczej zakupionych przez\u00a0firm\u0119 \u201eBardusch Polska\u201d Sp. z\u00a0o.o. mia\u0142o miejsce symboliczne \u201ewbicie pierwszej \u0142opaty\u201d.<\/strong><\/p>\n<p>Przypomnijmy, \u017ce\u00a09 listopada 2016 r. firma \u201eBardusch Polska\u201d zakupi\u0142a tereny w\u00a0BSAG o\u00a0powierzchni 0,9388 ha oferuj\u0105c 1 mln 061 tys. 982 z\u0142.<\/p>\n<p><strong>\u201eBardusch Polska\u201d<\/strong>\u00a0nale\u017cy do\u00a0mi\u0119dzynarodowej grupy \u201eBardusch\u201d, zajmuj\u0105cej si\u0119 obs\u0142ug\u0105 odzie\u017cy roboczej od\u00a0ponad 140 lat. W\u00a0Polsce rozpocz\u0119\u0142a dzia\u0142alno\u015b\u0107 w\u00a0roku 1998. Jej zak\u0142ady produkcyjne to\u00a0nowoczesne, ekologiczne pralnie przemys\u0142owe spe\u0142niaj\u0105ce najwy\u017csze standardy ochrony \u015brodowiska, a\u00a0przedmiotem dzia\u0142alno\u015bci jest wynajem i\u00a0serwis (czyli pranie i\u00a0reparacja) odzie\u017cy roboczej.<\/p>\n<p>Firma zatrudnia swoich pracownik\u00f3w na\u00a0podstawie um\u00f3w o\u00a0prac\u0119. W\u00a0Bochni zatrudnienie docelowe ma wynie\u015b\u0107 100 os\u00f3b z\u00a0czego 70% stanowi\u0107 b\u0119d\u0105 pracownicy produkcyjni, przede wszystkim kobiety. Zak\u0142ad ma mie\u0107 wielko\u015b\u0107 1500 do\u00a02000 m2.<\/p>\n<p>Firma \u201eBardusch Polska\u201d by\u0142a wielokrotnym laureatem takich nagr\u00f3d jak: \u201epracodawca organizator pracy bezpiecznej\u201d, Gazela Biznesu\u201d, Diamenty Forbesa\u201d i\u00a0posiada certyfikat \u201eFirma przyjazna Klientowi\u201d. Inwestora zak\u0142ada zako\u0144czenie inwestycji ju\u017c na\u00a0koniec 2017 roku.<\/p>\n<p>_____<\/p>\n<p>Urz\u0105d Miasta Bochnia<\/p>\n","protected":false},"excerpt":{"rendered":"<p>9 kwietnia na\u00a0terenach Boche\u0144skiej Strefy Aktywno\u015bci Gospodarczej zakupionych przez\u00a0firm\u0119 \u201eBardusch Polska\u201d Sp. z\u00a0o.o. mia\u0142o miejsce symboliczne \u201ewbicie pierwszej \u0142opaty\u201d. Przypomnijmy, \u017ce\u00a09 listopada 2016 r. firma \u201eBardusch Polska\u201d zakupi\u0142a tereny w\u00a0BSAG o\u00a0powierzchni 0,9388 ha oferuj\u0105c 1 mln 061 tys. 982 z\u0142. \u201eBardusch Polska\u201d\u00a0nale\u017cy do\u00a0mi\u0119dzynarodowej grupy \u201eBardusch\u201d, zajmuj\u0105cej si\u0119 obs\u0142ug\u0105 odzie\u017cy roboczej od\u00a0ponad 140 lat. W\u00a0Polsce rozpocz\u0119\u0142a<\/p>\n","protected":false},"author":1168,"featured_media":185142,"comment_status":"open","ping_status":"closed","sticky":false,"template":"","format":"standard","meta":{"_acf_changed":false,"footnotes":""},"categories":[5,6251,6250],"tags":[20503,20502,19720],"class_list":["post-185140","post","type-post","status-publish","format-standard","has-post-thumbnail","hentry","category-biezace-wydarzenia","category-polityka-i-wydarzenia","category-tematyka","tag-bardusch-polska","tag-ochenska-strefa-aktywnosci-gospodarczej","tag-top-temat","main_tag-bsag"],"acf":[],"yoast_head":"<!-- This site is optimized with the Yoast SEO plugin v26.9 - https:\/\/yoast.com\/product\/yoast-seo-wordpress\/ -->\n<title>\u201eBardusch Polska\u201d stworzy w BSAG 100 miejsc pracy, g\u0142\u00f3wnie dla kobiet - mojabochnia.pl - portal informacyjny<\/title>\n<meta name=\"robots\" content=\"index, follow, max-snippet:-1, max-image-preview:large, max-video-preview:-1\" \/>\n<link rel=\"canonical\" href=\"https:\/\/www.mojabochnia.pl\/?p=185140\" \/>\n<meta property=\"og:locale\" content=\"pl_PL\" \/>\n<meta property=\"og:type\" content=\"article\" \/>\n<meta property=\"og:title\" content=\"\u201eBardusch Polska\u201d stworzy w BSAG 100 miejsc pracy, g\u0142\u00f3wnie dla kobiet - mojabochnia.pl - portal informacyjny\" \/>\n<meta property=\"og:description\" content=\"9 kwietnia na\u00a0terenach Boche\u0144skiej Strefy Aktywno\u015bci Gospodarczej zakupionych przez\u00a0firm\u0119 \u201eBardusch Polska\u201d Sp. z\u00a0o.o. mia\u0142o miejsce symboliczne \u201ewbicie pierwszej \u0142opaty\u201d. Przypomnijmy, \u017ce\u00a09 listopada 2016 r. firma \u201eBardusch Polska\u201d zakupi\u0142a tereny w\u00a0BSAG o\u00a0powierzchni 0,9388 ha oferuj\u0105c 1 mln 061 tys. 982 z\u0142. \u201eBardusch Polska\u201d\u00a0nale\u017cy do\u00a0mi\u0119dzynarodowej grupy \u201eBardusch\u201d, zajmuj\u0105cej si\u0119 obs\u0142ug\u0105 odzie\u017cy roboczej od\u00a0ponad 140 lat. W\u00a0Polsce rozpocz\u0119\u0142a\" \/>\n<meta property=\"og:url\" content=\"https:\/\/www.mojabochnia.pl\/?p=185140\" \/>\n<meta property=\"og:site_name\" content=\"mojabochnia.pl - portal informacyjny\" \/>\n<meta property=\"article:publisher\" content=\"https:\/\/www.facebook.com\/mojabochnia\" \/>\n<meta property=\"article:published_time\" content=\"2018-04-11T13:29:54+00:00\" \/>\n<meta property=\"article:modified_time\" content=\"2018-04-11T13:30:57+00:00\" \/>\n<meta property=\"og:image\" content=\"https:\/\/www.mojabochnia.pl\/wp-content\/uploads\/2018\/04\/3-41.jpg\" \/>\n\t<meta property=\"og:image:width\" content=\"1000\" \/>\n\t<meta property=\"og:image:height\" content=\"677\" \/>\n\t<meta property=\"og:image:type\" content=\"image\/jpeg\" \/>\n<meta name=\"author\" content=\"Mateusz Franczyk\" \/>\n<meta name=\"twitter:card\" content=\"summary_large_image\" \/>\n<meta name=\"twitter:label1\" content=\"Written by\" \/>\n\t<meta name=\"twitter:data1\" content=\"Mateusz Franczyk\" \/>\n\t<meta name=\"twitter:label2\" content=\"Est. reading time\" \/>\n\t<meta name=\"twitter:data2\" content=\"1 minuta\" \/>\n<script type=\"application\/ld+json\" class=\"yoast-schema-graph\">{\"@context\":\"https:\/\/schema.org\",\"@graph\":[{\"@type\":\"Article\",\"@id\":\"https:\/\/www.mojabochnia.pl\/?p=185140#article\",\"isPartOf\":{\"@id\":\"https:\/\/www.mojabochnia.pl\/?p=185140\"},\"author\":{\"name\":\"Mateusz Franczyk\",\"@id\":\"https:\/\/www.mojabochnia.pl\/#\/schema\/person\/43d3c2066b5450cc314bfa4e9e0e0099\"},\"headline\":\"\u201eBardusch Polska\u201d stworzy w BSAG 100 miejsc pracy, g\u0142\u00f3wnie dla kobiet\",\"datePublished\":\"2018-04-11T13:29:54+00:00\",\"dateModified\":\"2018-04-11T13:30:57+00:00\",\"mainEntityOfPage\":{\"@id\":\"https:\/\/www.mojabochnia.pl\/?p=185140\"},\"wordCount\":193,\"commentCount\":0,\"publisher\":{\"@id\":\"https:\/\/www.mojabochnia.pl\/#organization\"},\"image\":{\"@id\":\"https:\/\/www.mojabochnia.pl\/?p=185140#primaryimage\"},\"thumbnailUrl\":\"https:\/\/www.mojabochnia.pl\/wp-content\/uploads\/2018\/04\/3-41.jpg\",\"keywords\":[\"Bardusch Polska\",\"oche\u0144ska strefa aktywno\u015bci gospodarczej\",\"top temat\"],\"articleSection\":[\"2_ostatnie\",\"polityka i wydarzenia\",\"tematyka\"],\"inLanguage\":\"pl-PL\",\"potentialAction\":[{\"@type\":\"CommentAction\",\"name\":\"Comment\",\"target\":[\"https:\/\/www.mojabochnia.pl\/?p=185140#respond\"]}]},{\"@type\":\"WebPage\",\"@id\":\"https:\/\/www.mojabochnia.pl\/?p=185140\",\"url\":\"https:\/\/www.mojabochnia.pl\/?p=185140\",\"name\":\"\u201eBardusch Polska\u201d stworzy w BSAG 100 miejsc pracy, g\u0142\u00f3wnie dla kobiet - mojabochnia.pl - portal informacyjny\",\"isPartOf\":{\"@id\":\"https:\/\/www.mojabochnia.pl\/#website\"},\"primaryImageOfPage\":{\"@id\":\"https:\/\/www.mojabochnia.pl\/?p=185140#primaryimage\"},\"image\":{\"@id\":\"https:\/\/www.mojabochnia.pl\/?p=185140#primaryimage\"},\"thumbnailUrl\":\"https:\/\/www.mojabochnia.pl\/wp-content\/uploads\/2018\/04\/3-41.jpg\",\"datePublished\":\"2018-04-11T13:29:54+00:00\",\"dateModified\":\"2018-04-11T13:30:57+00:00\",\"breadcrumb\":{\"@id\":\"https:\/\/www.mojabochnia.pl\/?p=185140#breadcrumb\"},\"inLanguage\":\"pl-PL\",\"potentialAction\":[{\"@type\":\"ReadAction\",\"target\":[\"https:\/\/www.mojabochnia.pl\/?p=185140\"]}]},{\"@type\":\"ImageObject\",\"inLanguage\":\"pl-PL\",\"@id\":\"https:\/\/www.mojabochnia.pl\/?p=185140#primaryimage\",\"url\":\"https:\/\/www.mojabochnia.pl\/wp-content\/uploads\/2018\/04\/3-41.jpg\",\"contentUrl\":\"https:\/\/www.mojabochnia.pl\/wp-content\/uploads\/2018\/04\/3-41.jpg\",\"width\":1000,\"height\":677},{\"@type\":\"BreadcrumbList\",\"@id\":\"https:\/\/www.mojabochnia.pl\/?p=185140#breadcrumb\",\"itemListElement\":[{\"@type\":\"ListItem\",\"position\":1,\"name\":\"Home\",\"item\":\"https:\/\/www.mojabochnia.pl\/\"},{\"@type\":\"ListItem\",\"position\":2,\"name\":\"\u201eBardusch Polska\u201d stworzy w BSAG 100 miejsc pracy, g\u0142\u00f3wnie dla kobiet\"}]},{\"@type\":\"WebSite\",\"@id\":\"https:\/\/www.mojabochnia.pl\/#website\",\"url\":\"https:\/\/www.mojabochnia.pl\/\",\"name\":\"mojabochnia.pl - portal informacyjny\",\"description\":\"mojaBochnia to portal informacyjny o Bochni. Codziennie o Bochni piszemy i pokazujemy najwa\u017cniejsze wydarzenia\",\"publisher\":{\"@id\":\"https:\/\/www.mojabochnia.pl\/#organization\"},\"potentialAction\":[{\"@type\":\"SearchAction\",\"target\":{\"@type\":\"EntryPoint\",\"urlTemplate\":\"https:\/\/www.mojabochnia.pl\/?s={search_term_string}\"},\"query-input\":{\"@type\":\"PropertyValueSpecification\",\"valueRequired\":true,\"valueName\":\"search_term_string\"}}],\"inLanguage\":\"pl-PL\"},{\"@type\":\"Organization\",\"@id\":\"https:\/\/www.mojabochnia.pl\/#organization\",\"name\":\"mojabochnia.pl - portal informacyjny\",\"url\":\"https:\/\/www.mojabochnia.pl\/\",\"logo\":{\"@type\":\"ImageObject\",\"inLanguage\":\"pl-PL\",\"@id\":\"https:\/\/www.mojabochnia.pl\/#\/schema\/logo\/image\/\",\"url\":\"https:\/\/www.mojabochnia.pl\/wp-content\/uploads\/2017\/08\/logo-mb-opt.png\",\"contentUrl\":\"https:\/\/www.mojabochnia.pl\/wp-content\/uploads\/2017\/08\/logo-mb-opt.png\",\"width\":250,\"height\":48,\"caption\":\"mojabochnia.pl - portal informacyjny\"},\"image\":{\"@id\":\"https:\/\/www.mojabochnia.pl\/#\/schema\/logo\/image\/\"},\"sameAs\":[\"https:\/\/www.facebook.com\/mojabochnia\"]},{\"@type\":\"Person\",\"@id\":\"https:\/\/www.mojabochnia.pl\/#\/schema\/person\/43d3c2066b5450cc314bfa4e9e0e0099\",\"name\":\"Mateusz Franczyk\",\"url\":\"https:\/\/www.mojabochnia.pl\/?author=1168\"}]}<\/script>\n<!-- \/ Yoast SEO plugin. -->","yoast_head_json":{"title":"\u201eBardusch Polska\u201d stworzy w BSAG 100 miejsc pracy, g\u0142\u00f3wnie dla kobiet - mojabochnia.pl - portal informacyjny","robots":{"index":"index","follow":"follow","max-snippet":"max-snippet:-1","max-image-preview":"max-image-preview:large","max-video-preview":"max-video-preview:-1"},"canonical":"https:\/\/www.mojabochnia.pl\/?p=185140","og_locale":"pl_PL","og_type":"article","og_title":"\u201eBardusch Polska\u201d stworzy w BSAG 100 miejsc pracy, g\u0142\u00f3wnie dla kobiet - mojabochnia.pl - portal informacyjny","og_description":"9 kwietnia na\u00a0terenach Boche\u0144skiej Strefy Aktywno\u015bci Gospodarczej zakupionych przez\u00a0firm\u0119 \u201eBardusch Polska\u201d Sp. z\u00a0o.o. mia\u0142o miejsce symboliczne \u201ewbicie pierwszej \u0142opaty\u201d. Przypomnijmy, \u017ce\u00a09 listopada 2016 r. firma \u201eBardusch Polska\u201d zakupi\u0142a tereny w\u00a0BSAG o\u00a0powierzchni 0,9388 ha oferuj\u0105c 1 mln 061 tys. 982 z\u0142. \u201eBardusch Polska\u201d\u00a0nale\u017cy do\u00a0mi\u0119dzynarodowej grupy \u201eBardusch\u201d, zajmuj\u0105cej si\u0119 obs\u0142ug\u0105 odzie\u017cy roboczej od\u00a0ponad 140 lat. W\u00a0Polsce rozpocz\u0119\u0142a","og_url":"https:\/\/www.mojabochnia.pl\/?p=185140","og_site_name":"mojabochnia.pl - portal informacyjny","article_publisher":"https:\/\/www.facebook.com\/mojabochnia","article_published_time":"2018-04-11T13:29:54+00:00","article_modified_time":"2018-04-11T13:30:57+00:00","og_image":[{"width":1000,"height":677,"url":"https:\/\/www.mojabochnia.pl\/wp-content\/uploads\/2018\/04\/3-41.jpg","type":"image\/jpeg"}],"author":"Mateusz Franczyk","twitter_card":"summary_large_image","twitter_misc":{"Written by":"Mateusz Franczyk","Est. reading time":"1 minuta"},"schema":{"@context":"https:\/\/schema.org","@graph":[{"@type":"Article","@id":"https:\/\/www.mojabochnia.pl\/?p=185140#article","isPartOf":{"@id":"https:\/\/www.mojabochnia.pl\/?p=185140"},"author":{"name":"Mateusz Franczyk","@id":"https:\/\/www.mojabochnia.pl\/#\/schema\/person\/43d3c2066b5450cc314bfa4e9e0e0099"},"headline":"\u201eBardusch Polska\u201d stworzy w BSAG 100 miejsc pracy, g\u0142\u00f3wnie dla kobiet","datePublished":"2018-04-11T13:29:54+00:00","dateModified":"2018-04-11T13:30:57+00:00","mainEntityOfPage":{"@id":"https:\/\/www.mojabochnia.pl\/?p=185140"},"wordCount":193,"commentCount":0,"publisher":{"@id":"https:\/\/www.mojabochnia.pl\/#organization"},"image":{"@id":"https:\/\/www.mojabochnia.pl\/?p=185140#primaryimage"},"thumbnailUrl":"https:\/\/www.mojabochnia.pl\/wp-content\/uploads\/2018\/04\/3-41.jpg","keywords":["Bardusch Polska","oche\u0144ska strefa aktywno\u015bci gospodarczej","top temat"],"articleSection":["2_ostatnie","polityka i wydarzenia","tematyka"],"inLanguage":"pl-PL","potentialAction":[{"@type":"CommentAction","name":"Comment","target":["https:\/\/www.mojabochnia.pl\/?p=185140#respond"]}]},{"@type":"WebPage","@id":"https:\/\/www.mojabochnia.pl\/?p=185140","url":"https:\/\/www.mojabochnia.pl\/?p=185140","name":"\u201eBardusch Polska\u201d stworzy w BSAG 100 miejsc pracy, g\u0142\u00f3wnie dla kobiet - mojabochnia.pl - portal informacyjny","isPartOf":{"@id":"https:\/\/www.mojabochnia.pl\/#website"},"primaryImageOfPage":{"@id":"https:\/\/www.mojabochnia.pl\/?p=185140#primaryimage"},"image":{"@id":"https:\/\/www.mojabochnia.pl\/?p=185140#primaryimage"},"thumbnailUrl":"https:\/\/www.mojabochnia.pl\/wp-content\/uploads\/2018\/04\/3-41.jpg","datePublished":"2018-04-11T13:29:54+00:00","dateModified":"2018-04-11T13:30:57+00:00","breadcrumb":{"@id":"https:\/\/www.mojabochnia.pl\/?p=185140#breadcrumb"},"inLanguage":"pl-PL","potentialAction":[{"@type":"ReadAction","target":["https:\/\/www.mojabochnia.pl\/?p=185140"]}]},{"@type":"ImageObject","inLanguage":"pl-PL","@id":"https:\/\/www.mojabochnia.pl\/?p=185140#primaryimage","url":"https:\/\/www.mojabochnia.pl\/wp-content\/uploads\/2018\/04\/3-41.jpg","contentUrl":"https:\/\/www.mojabochnia.pl\/wp-content\/uploads\/2018\/04\/3-41.jpg","width":1000,"height":677},{"@type":"BreadcrumbList","@id":"https:\/\/www.mojabochnia.pl\/?p=185140#breadcrumb","itemListElement":[{"@type":"ListItem","position":1,"name":"Home","item":"https:\/\/www.mojabochnia.pl\/"},{"@type":"ListItem","position":2,"name":"\u201eBardusch Polska\u201d stworzy w BSAG 100 miejsc pracy, g\u0142\u00f3wnie dla kobiet"}]},{"@type":"WebSite","@id":"https:\/\/www.mojabochnia.pl\/#website","url":"https:\/\/www.mojabochnia.pl\/","name":"mojabochnia.pl - portal informacyjny","description":"mojaBochnia to portal informacyjny o Bochni. Codziennie o Bochni piszemy i pokazujemy najwa\u017cniejsze wydarzenia","publisher":{"@id":"https:\/\/www.mojabochnia.pl\/#organization"},"potentialAction":[{"@type":"SearchAction","target":{"@type":"EntryPoint","urlTemplate":"https:\/\/www.mojabochnia.pl\/?s={search_term_string}"},"query-input":{"@type":"PropertyValueSpecification","valueRequired":true,"valueName":"search_term_string"}}],"inLanguage":"pl-PL"},{"@type":"Organization","@id":"https:\/\/www.mojabochnia.pl\/#organization","name":"mojabochnia.pl - portal informacyjny","url":"https:\/\/www.mojabochnia.pl\/","logo":{"@type":"ImageObject","inLanguage":"pl-PL","@id":"https:\/\/www.mojabochnia.pl\/#\/schema\/logo\/image\/","url":"https:\/\/www.mojabochnia.pl\/wp-content\/uploads\/2017\/08\/logo-mb-opt.png","contentUrl":"https:\/\/www.mojabochnia.pl\/wp-content\/uploads\/2017\/08\/logo-mb-opt.png","width":250,"height":48,"caption":"mojabochnia.pl - portal informacyjny"},"image":{"@id":"https:\/\/www.mojabochnia.pl\/#\/schema\/logo\/image\/"},"sameAs":["https:\/\/www.facebook.com\/mojabochnia"]},{"@type":"Person","@id":"https:\/\/www.mojabochnia.pl\/#\/schema\/person\/43d3c2066b5450cc314bfa4e9e0e0099","name":"Mateusz Franczyk","url":"https:\/\/www.mojabochnia.pl\/?author=1168"}]}},"_links":{"self":[{"href":"https:\/\/www.mojabochnia.pl\/index.php?rest_route=\/wp\/v2\/posts\/185140","targetHints":{"allow":["GET"]}}],"collection":[{"href":"https:\/\/www.mojabochnia.pl\/index.php?rest_route=\/wp\/v2\/posts"}],"about":[{"href":"https:\/\/www.mojabochnia.pl\/index.php?rest_route=\/wp\/v2\/types\/post"}],"author":[{"embeddable":true,"href":"https:\/\/www.mojabochnia.pl\/index.php?rest_route=\/wp\/v2\/users\/1168"}],"replies":[{"embeddable":true,"href":"https:\/\/www.mojabochnia.pl\/index.php?rest_route=%2Fwp%2Fv2%2Fcomments&post=185140"}],"version-history":[{"count":3,"href":"https:\/\/www.mojabochnia.pl\/index.php?rest_route=\/wp\/v2\/posts\/185140\/revisions"}],"predecessor-version":[{"id":185145,"href":"https:\/\/www.mojabochnia.pl\/index.php?rest_route=\/wp\/v2\/posts\/185140\/revisions\/185145"}],"wp:featuredmedia":[{"embeddable":true,"href":"https:\/\/www.mojabochnia.pl\/index.php?rest_route=\/wp\/v2\/media\/185142"}],"wp:attachment":[{"href":"https:\/\/www.mojabochnia.pl\/index.php?rest_route=%2Fwp%2Fv2%2Fmedia&parent=185140"}],"wp:term":[{"taxonomy":"category","embeddable":true,"href":"https:\/\/www.mojabochnia.pl\/index.php?rest_route=%2Fwp%2Fv2%2Fcategories&post=185140"},{"taxonomy":"post_tag","embeddable":true,"href":"https:\/\/www.mojabochnia.pl\/index.php?rest_route=%2Fwp%2Fv2%2Ftags&post=185140"}],"curies":[{"name":"wp","href":"https:\/\/api.w.org\/{rel}","templated":true}]}}