{"id":185132,"date":"2018-04-11T07:49:00","date_gmt":"2018-04-11T05:49:00","guid":{"rendered":"https:\/\/www.mojabochnia.pl\/?p=185132"},"modified":"2018-04-10T21:51:18","modified_gmt":"2018-04-10T19:51:18","slug":"bochnia-w-miedzynarodowym-wydarzeniu-naukowym","status":"publish","type":"post","link":"https:\/\/www.mojabochnia.pl\/?p=185132","title":{"rendered":"Bochnia w mi\u0119dzynarodowym wydarzeniu naukowym"},"content":{"rendered":"<p><strong>15-21 kwietnia 2018 r. zorganizowane zostanie w Krakowie 22. Spotkanie Sieci Szk\u00f3\u0142 Architektury z Francji i Europy \u015arodkowo-Wschodniej, nad kt\u00f3rym Patronat Honorowy obj\u0105\u0142 Konsul Generalny Francji w Krakowie oraz w\u0142adze Politechniki Krakowskiej, a partnerem jest Urz\u0105d Miasta Bochnia.<\/strong><\/p>\n<p>Uczestnikami wydarzenia b\u0119dzie 25 nauczycieli akademickich oraz 24 student\u00f3w z Bordeaux, Bratys\u0142awy, Budapesztu, Grenoble, Krakowa, Lille, \u0141odzi, Rouen, Tuluzy i Wroc\u0142awia, kt\u00f3rzy wezm\u0105 udzia\u0142 w konferencji naukowej oraz warsztatach urbanistycznych.<\/p>\n<p>W trakcie Spotkania rozstrzygni\u0119ty b\u0119dzie te\u017c Mi\u0119dzynarodowy Konkurs Studencki dotycz\u0105cy zagospodarowania Placu Floris i Placu Boles\u0142awa Wstydliwego w Bochni, kt\u00f3rego wyniki zaprezentowane zostan\u0105 w Krakowie.<\/p>\n<p>Uczestnicy wydarzenia odwiedz\u0105 Bochni\u0119, zjad\u0105 do Kopalni Soli, a nast\u0119pnie przeprowadz\u0105 warsztaty dotycz\u0105ce adaptacji obiektu Starej Warzelni przy ul. Campi.<\/p>\n<p>Realizacja boche\u0144skich temat\u00f3w 22. Spotkania Sieci Szk\u00f3\u0142 Architektury z Francji i Europy \u015arodkowo-Wschodniej jest wynikiem bardzo dobrej wsp\u00f3\u0142pracy Miasta Bochnia z Wydzia\u0142em Architektury Politechniki Krakowskiej zapocz\u0105tkowanej w lutym zesz\u0142ego roku.<\/p>\n","protected":false},"excerpt":{"rendered":"<p>15-21 kwietnia 2018 r. zorganizowane zostanie w Krakowie 22. Spotkanie Sieci Szk\u00f3\u0142 Architektury z Francji i Europy \u015arodkowo-Wschodniej, nad kt\u00f3rym Patronat Honorowy obj\u0105\u0142 Konsul Generalny Francji w Krakowie oraz w\u0142adze Politechniki Krakowskiej, a partnerem jest Urz\u0105d Miasta Bochnia. Uczestnikami wydarzenia b\u0119dzie 25 nauczycieli akademickich oraz 24 student\u00f3w z Bordeaux, Bratys\u0142awy, Budapesztu, Grenoble, Krakowa, Lille, \u0141odzi,<\/p>\n","protected":false},"author":8,"featured_media":185134,"comment_status":"open","ping_status":"closed","sticky":false,"template":"","format":"standard","meta":{"_acf_changed":false,"footnotes":""},"categories":[5,6251,6250],"tags":[2165,19720],"class_list":["post-185132","post","type-post","status-publish","format-standard","has-post-thumbnail","hentry","category-biezace-wydarzenia","category-polityka-i-wydarzenia","category-tematyka","tag-politechnika-krakowska","tag-top-temat","main_tag-spotkanie"],"acf":[],"yoast_head":"<!-- This site is optimized with the Yoast SEO plugin v26.9 - https:\/\/yoast.com\/product\/yoast-seo-wordpress\/ -->\n<title>Bochnia w mi\u0119dzynarodowym wydarzeniu naukowym - mojabochnia.pl - portal informacyjny<\/title>\n<meta name=\"robots\" content=\"index, follow, max-snippet:-1, max-image-preview:large, max-video-preview:-1\" \/>\n<link rel=\"canonical\" href=\"https:\/\/www.mojabochnia.pl\/?p=185132\" \/>\n<meta property=\"og:locale\" content=\"pl_PL\" \/>\n<meta property=\"og:type\" content=\"article\" \/>\n<meta property=\"og:title\" content=\"Bochnia w mi\u0119dzynarodowym wydarzeniu naukowym - mojabochnia.pl - portal informacyjny\" \/>\n<meta property=\"og:description\" content=\"15-21 kwietnia 2018 r. zorganizowane zostanie w Krakowie 22. Spotkanie Sieci Szk\u00f3\u0142 Architektury z Francji i Europy \u015arodkowo-Wschodniej, nad kt\u00f3rym Patronat Honorowy obj\u0105\u0142 Konsul Generalny Francji w Krakowie oraz w\u0142adze Politechniki Krakowskiej, a partnerem jest Urz\u0105d Miasta Bochnia. Uczestnikami wydarzenia b\u0119dzie 25 nauczycieli akademickich oraz 24 student\u00f3w z Bordeaux, Bratys\u0142awy, Budapesztu, Grenoble, Krakowa, Lille, \u0141odzi,\" \/>\n<meta property=\"og:url\" content=\"https:\/\/www.mojabochnia.pl\/?p=185132\" \/>\n<meta property=\"og:site_name\" content=\"mojabochnia.pl - portal informacyjny\" \/>\n<meta property=\"article:publisher\" content=\"https:\/\/www.facebook.com\/mojabochnia\" \/>\n<meta property=\"article:published_time\" content=\"2018-04-11T05:49:00+00:00\" \/>\n<meta property=\"og:image\" content=\"https:\/\/www.mojabochnia.pl\/wp-content\/uploads\/2018\/04\/podpisanie-listu-intencyjnego-3-lutego-2017-r.-okre\u015blaj\u0105cego-wsp\u00f3\u0142prac\u0119-pomi\u0119dzy-Wydzia\u0142em-Architektury-Politechniki-Krakowskiej-a-Gmin\u0105-Miasta-Bochnia.jpg\" \/>\n\t<meta property=\"og:image:width\" content=\"3717\" \/>\n\t<meta property=\"og:image:height\" content=\"2795\" \/>\n\t<meta property=\"og:image:type\" content=\"image\/jpeg\" \/>\n<meta name=\"author\" content=\"informacja prasowa\" \/>\n<meta name=\"twitter:card\" content=\"summary_large_image\" \/>\n<meta name=\"twitter:label1\" content=\"Written by\" \/>\n\t<meta name=\"twitter:data1\" content=\"informacja prasowa\" \/>\n\t<meta name=\"twitter:label2\" content=\"Est. reading time\" \/>\n\t<meta name=\"twitter:data2\" content=\"1 minuta\" \/>\n<script type=\"application\/ld+json\" class=\"yoast-schema-graph\">{\"@context\":\"https:\/\/schema.org\",\"@graph\":[{\"@type\":\"Article\",\"@id\":\"https:\/\/www.mojabochnia.pl\/?p=185132#article\",\"isPartOf\":{\"@id\":\"https:\/\/www.mojabochnia.pl\/?p=185132\"},\"author\":{\"name\":\"informacja prasowa\",\"@id\":\"https:\/\/www.mojabochnia.pl\/#\/schema\/person\/9e15cf1bcb74043790f124a3130fe41e\"},\"headline\":\"Bochnia w mi\u0119dzynarodowym wydarzeniu naukowym\",\"datePublished\":\"2018-04-11T05:49:00+00:00\",\"mainEntityOfPage\":{\"@id\":\"https:\/\/www.mojabochnia.pl\/?p=185132\"},\"wordCount\":166,\"commentCount\":0,\"publisher\":{\"@id\":\"https:\/\/www.mojabochnia.pl\/#organization\"},\"image\":{\"@id\":\"https:\/\/www.mojabochnia.pl\/?p=185132#primaryimage\"},\"thumbnailUrl\":\"https:\/\/www.mojabochnia.pl\/wp-content\/uploads\/2018\/04\/podpisanie-listu-intencyjnego-3-lutego-2017-r.-okre\u015blaj\u0105cego-wsp\u00f3\u0142prac\u0119-pomi\u0119dzy-Wydzia\u0142em-Architektury-Politechniki-Krakowskiej-a-Gmin\u0105-Miasta-Bochnia.jpg\",\"keywords\":[\"politechnika krakowska\",\"top temat\"],\"articleSection\":[\"2_ostatnie\",\"polityka i wydarzenia\",\"tematyka\"],\"inLanguage\":\"pl-PL\",\"potentialAction\":[{\"@type\":\"CommentAction\",\"name\":\"Comment\",\"target\":[\"https:\/\/www.mojabochnia.pl\/?p=185132#respond\"]}]},{\"@type\":\"WebPage\",\"@id\":\"https:\/\/www.mojabochnia.pl\/?p=185132\",\"url\":\"https:\/\/www.mojabochnia.pl\/?p=185132\",\"name\":\"Bochnia w mi\u0119dzynarodowym wydarzeniu naukowym - mojabochnia.pl - portal informacyjny\",\"isPartOf\":{\"@id\":\"https:\/\/www.mojabochnia.pl\/#website\"},\"primaryImageOfPage\":{\"@id\":\"https:\/\/www.mojabochnia.pl\/?p=185132#primaryimage\"},\"image\":{\"@id\":\"https:\/\/www.mojabochnia.pl\/?p=185132#primaryimage\"},\"thumbnailUrl\":\"https:\/\/www.mojabochnia.pl\/wp-content\/uploads\/2018\/04\/podpisanie-listu-intencyjnego-3-lutego-2017-r.-okre\u015blaj\u0105cego-wsp\u00f3\u0142prac\u0119-pomi\u0119dzy-Wydzia\u0142em-Architektury-Politechniki-Krakowskiej-a-Gmin\u0105-Miasta-Bochnia.jpg\",\"datePublished\":\"2018-04-11T05:49:00+00:00\",\"breadcrumb\":{\"@id\":\"https:\/\/www.mojabochnia.pl\/?p=185132#breadcrumb\"},\"inLanguage\":\"pl-PL\",\"potentialAction\":[{\"@type\":\"ReadAction\",\"target\":[\"https:\/\/www.mojabochnia.pl\/?p=185132\"]}]},{\"@type\":\"ImageObject\",\"inLanguage\":\"pl-PL\",\"@id\":\"https:\/\/www.mojabochnia.pl\/?p=185132#primaryimage\",\"url\":\"https:\/\/www.mojabochnia.pl\/wp-content\/uploads\/2018\/04\/podpisanie-listu-intencyjnego-3-lutego-2017-r.-okre\u015blaj\u0105cego-wsp\u00f3\u0142prac\u0119-pomi\u0119dzy-Wydzia\u0142em-Architektury-Politechniki-Krakowskiej-a-Gmin\u0105-Miasta-Bochnia.jpg\",\"contentUrl\":\"https:\/\/www.mojabochnia.pl\/wp-content\/uploads\/2018\/04\/podpisanie-listu-intencyjnego-3-lutego-2017-r.-okre\u015blaj\u0105cego-wsp\u00f3\u0142prac\u0119-pomi\u0119dzy-Wydzia\u0142em-Architektury-Politechniki-Krakowskiej-a-Gmin\u0105-Miasta-Bochnia.jpg\",\"width\":3717,\"height\":2795},{\"@type\":\"BreadcrumbList\",\"@id\":\"https:\/\/www.mojabochnia.pl\/?p=185132#breadcrumb\",\"itemListElement\":[{\"@type\":\"ListItem\",\"position\":1,\"name\":\"Home\",\"item\":\"https:\/\/www.mojabochnia.pl\/\"},{\"@type\":\"ListItem\",\"position\":2,\"name\":\"Bochnia w mi\u0119dzynarodowym wydarzeniu naukowym\"}]},{\"@type\":\"WebSite\",\"@id\":\"https:\/\/www.mojabochnia.pl\/#website\",\"url\":\"https:\/\/www.mojabochnia.pl\/\",\"name\":\"mojabochnia.pl - portal informacyjny\",\"description\":\"mojaBochnia to portal informacyjny o Bochni. Codziennie o Bochni piszemy i pokazujemy najwa\u017cniejsze wydarzenia\",\"publisher\":{\"@id\":\"https:\/\/www.mojabochnia.pl\/#organization\"},\"potentialAction\":[{\"@type\":\"SearchAction\",\"target\":{\"@type\":\"EntryPoint\",\"urlTemplate\":\"https:\/\/www.mojabochnia.pl\/?s={search_term_string}\"},\"query-input\":{\"@type\":\"PropertyValueSpecification\",\"valueRequired\":true,\"valueName\":\"search_term_string\"}}],\"inLanguage\":\"pl-PL\"},{\"@type\":\"Organization\",\"@id\":\"https:\/\/www.mojabochnia.pl\/#organization\",\"name\":\"mojabochnia.pl - portal informacyjny\",\"url\":\"https:\/\/www.mojabochnia.pl\/\",\"logo\":{\"@type\":\"ImageObject\",\"inLanguage\":\"pl-PL\",\"@id\":\"https:\/\/www.mojabochnia.pl\/#\/schema\/logo\/image\/\",\"url\":\"https:\/\/www.mojabochnia.pl\/wp-content\/uploads\/2017\/08\/logo-mb-opt.png\",\"contentUrl\":\"https:\/\/www.mojabochnia.pl\/wp-content\/uploads\/2017\/08\/logo-mb-opt.png\",\"width\":250,\"height\":48,\"caption\":\"mojabochnia.pl - portal informacyjny\"},\"image\":{\"@id\":\"https:\/\/www.mojabochnia.pl\/#\/schema\/logo\/image\/\"},\"sameAs\":[\"https:\/\/www.facebook.com\/mojabochnia\"]},{\"@type\":\"Person\",\"@id\":\"https:\/\/www.mojabochnia.pl\/#\/schema\/person\/9e15cf1bcb74043790f124a3130fe41e\",\"name\":\"informacja prasowa\",\"sameAs\":[\"http:\/\/\"],\"url\":\"https:\/\/www.mojabochnia.pl\/?author=8\"}]}<\/script>\n<!-- \/ Yoast SEO plugin. -->","yoast_head_json":{"title":"Bochnia w mi\u0119dzynarodowym wydarzeniu naukowym - mojabochnia.pl - portal informacyjny","robots":{"index":"index","follow":"follow","max-snippet":"max-snippet:-1","max-image-preview":"max-image-preview:large","max-video-preview":"max-video-preview:-1"},"canonical":"https:\/\/www.mojabochnia.pl\/?p=185132","og_locale":"pl_PL","og_type":"article","og_title":"Bochnia w mi\u0119dzynarodowym wydarzeniu naukowym - mojabochnia.pl - portal informacyjny","og_description":"15-21 kwietnia 2018 r. zorganizowane zostanie w Krakowie 22. Spotkanie Sieci Szk\u00f3\u0142 Architektury z Francji i Europy \u015arodkowo-Wschodniej, nad kt\u00f3rym Patronat Honorowy obj\u0105\u0142 Konsul Generalny Francji w Krakowie oraz w\u0142adze Politechniki Krakowskiej, a partnerem jest Urz\u0105d Miasta Bochnia. Uczestnikami wydarzenia b\u0119dzie 25 nauczycieli akademickich oraz 24 student\u00f3w z Bordeaux, Bratys\u0142awy, Budapesztu, Grenoble, Krakowa, Lille, \u0141odzi,","og_url":"https:\/\/www.mojabochnia.pl\/?p=185132","og_site_name":"mojabochnia.pl - portal informacyjny","article_publisher":"https:\/\/www.facebook.com\/mojabochnia","article_published_time":"2018-04-11T05:49:00+00:00","og_image":[{"width":3717,"height":2795,"url":"https:\/\/www.mojabochnia.pl\/wp-content\/uploads\/2018\/04\/podpisanie-listu-intencyjnego-3-lutego-2017-r.-okre\u015blaj\u0105cego-wsp\u00f3\u0142prac\u0119-pomi\u0119dzy-Wydzia\u0142em-Architektury-Politechniki-Krakowskiej-a-Gmin\u0105-Miasta-Bochnia.jpg","type":"image\/jpeg"}],"author":"informacja prasowa","twitter_card":"summary_large_image","twitter_misc":{"Written by":"informacja prasowa","Est. reading time":"1 minuta"},"schema":{"@context":"https:\/\/schema.org","@graph":[{"@type":"Article","@id":"https:\/\/www.mojabochnia.pl\/?p=185132#article","isPartOf":{"@id":"https:\/\/www.mojabochnia.pl\/?p=185132"},"author":{"name":"informacja prasowa","@id":"https:\/\/www.mojabochnia.pl\/#\/schema\/person\/9e15cf1bcb74043790f124a3130fe41e"},"headline":"Bochnia w mi\u0119dzynarodowym wydarzeniu naukowym","datePublished":"2018-04-11T05:49:00+00:00","mainEntityOfPage":{"@id":"https:\/\/www.mojabochnia.pl\/?p=185132"},"wordCount":166,"commentCount":0,"publisher":{"@id":"https:\/\/www.mojabochnia.pl\/#organization"},"image":{"@id":"https:\/\/www.mojabochnia.pl\/?p=185132#primaryimage"},"thumbnailUrl":"https:\/\/www.mojabochnia.pl\/wp-content\/uploads\/2018\/04\/podpisanie-listu-intencyjnego-3-lutego-2017-r.-okre\u015blaj\u0105cego-wsp\u00f3\u0142prac\u0119-pomi\u0119dzy-Wydzia\u0142em-Architektury-Politechniki-Krakowskiej-a-Gmin\u0105-Miasta-Bochnia.jpg","keywords":["politechnika krakowska","top temat"],"articleSection":["2_ostatnie","polityka i wydarzenia","tematyka"],"inLanguage":"pl-PL","potentialAction":[{"@type":"CommentAction","name":"Comment","target":["https:\/\/www.mojabochnia.pl\/?p=185132#respond"]}]},{"@type":"WebPage","@id":"https:\/\/www.mojabochnia.pl\/?p=185132","url":"https:\/\/www.mojabochnia.pl\/?p=185132","name":"Bochnia w mi\u0119dzynarodowym wydarzeniu naukowym - mojabochnia.pl - portal informacyjny","isPartOf":{"@id":"https:\/\/www.mojabochnia.pl\/#website"},"primaryImageOfPage":{"@id":"https:\/\/www.mojabochnia.pl\/?p=185132#primaryimage"},"image":{"@id":"https:\/\/www.mojabochnia.pl\/?p=185132#primaryimage"},"thumbnailUrl":"https:\/\/www.mojabochnia.pl\/wp-content\/uploads\/2018\/04\/podpisanie-listu-intencyjnego-3-lutego-2017-r.-okre\u015blaj\u0105cego-wsp\u00f3\u0142prac\u0119-pomi\u0119dzy-Wydzia\u0142em-Architektury-Politechniki-Krakowskiej-a-Gmin\u0105-Miasta-Bochnia.jpg","datePublished":"2018-04-11T05:49:00+00:00","breadcrumb":{"@id":"https:\/\/www.mojabochnia.pl\/?p=185132#breadcrumb"},"inLanguage":"pl-PL","potentialAction":[{"@type":"ReadAction","target":["https:\/\/www.mojabochnia.pl\/?p=185132"]}]},{"@type":"ImageObject","inLanguage":"pl-PL","@id":"https:\/\/www.mojabochnia.pl\/?p=185132#primaryimage","url":"https:\/\/www.mojabochnia.pl\/wp-content\/uploads\/2018\/04\/podpisanie-listu-intencyjnego-3-lutego-2017-r.-okre\u015blaj\u0105cego-wsp\u00f3\u0142prac\u0119-pomi\u0119dzy-Wydzia\u0142em-Architektury-Politechniki-Krakowskiej-a-Gmin\u0105-Miasta-Bochnia.jpg","contentUrl":"https:\/\/www.mojabochnia.pl\/wp-content\/uploads\/2018\/04\/podpisanie-listu-intencyjnego-3-lutego-2017-r.-okre\u015blaj\u0105cego-wsp\u00f3\u0142prac\u0119-pomi\u0119dzy-Wydzia\u0142em-Architektury-Politechniki-Krakowskiej-a-Gmin\u0105-Miasta-Bochnia.jpg","width":3717,"height":2795},{"@type":"BreadcrumbList","@id":"https:\/\/www.mojabochnia.pl\/?p=185132#breadcrumb","itemListElement":[{"@type":"ListItem","position":1,"name":"Home","item":"https:\/\/www.mojabochnia.pl\/"},{"@type":"ListItem","position":2,"name":"Bochnia w mi\u0119dzynarodowym wydarzeniu naukowym"}]},{"@type":"WebSite","@id":"https:\/\/www.mojabochnia.pl\/#website","url":"https:\/\/www.mojabochnia.pl\/","name":"mojabochnia.pl - portal informacyjny","description":"mojaBochnia to portal informacyjny o Bochni. Codziennie o Bochni piszemy i pokazujemy najwa\u017cniejsze wydarzenia","publisher":{"@id":"https:\/\/www.mojabochnia.pl\/#organization"},"potentialAction":[{"@type":"SearchAction","target":{"@type":"EntryPoint","urlTemplate":"https:\/\/www.mojabochnia.pl\/?s={search_term_string}"},"query-input":{"@type":"PropertyValueSpecification","valueRequired":true,"valueName":"search_term_string"}}],"inLanguage":"pl-PL"},{"@type":"Organization","@id":"https:\/\/www.mojabochnia.pl\/#organization","name":"mojabochnia.pl - portal informacyjny","url":"https:\/\/www.mojabochnia.pl\/","logo":{"@type":"ImageObject","inLanguage":"pl-PL","@id":"https:\/\/www.mojabochnia.pl\/#\/schema\/logo\/image\/","url":"https:\/\/www.mojabochnia.pl\/wp-content\/uploads\/2017\/08\/logo-mb-opt.png","contentUrl":"https:\/\/www.mojabochnia.pl\/wp-content\/uploads\/2017\/08\/logo-mb-opt.png","width":250,"height":48,"caption":"mojabochnia.pl - portal informacyjny"},"image":{"@id":"https:\/\/www.mojabochnia.pl\/#\/schema\/logo\/image\/"},"sameAs":["https:\/\/www.facebook.com\/mojabochnia"]},{"@type":"Person","@id":"https:\/\/www.mojabochnia.pl\/#\/schema\/person\/9e15cf1bcb74043790f124a3130fe41e","name":"informacja prasowa","sameAs":["http:\/\/"],"url":"https:\/\/www.mojabochnia.pl\/?author=8"}]}},"_links":{"self":[{"href":"https:\/\/www.mojabochnia.pl\/index.php?rest_route=\/wp\/v2\/posts\/185132","targetHints":{"allow":["GET"]}}],"collection":[{"href":"https:\/\/www.mojabochnia.pl\/index.php?rest_route=\/wp\/v2\/posts"}],"about":[{"href":"https:\/\/www.mojabochnia.pl\/index.php?rest_route=\/wp\/v2\/types\/post"}],"author":[{"embeddable":true,"href":"https:\/\/www.mojabochnia.pl\/index.php?rest_route=\/wp\/v2\/users\/8"}],"replies":[{"embeddable":true,"href":"https:\/\/www.mojabochnia.pl\/index.php?rest_route=%2Fwp%2Fv2%2Fcomments&post=185132"}],"version-history":[{"count":2,"href":"https:\/\/www.mojabochnia.pl\/index.php?rest_route=\/wp\/v2\/posts\/185132\/revisions"}],"predecessor-version":[{"id":185136,"href":"https:\/\/www.mojabochnia.pl\/index.php?rest_route=\/wp\/v2\/posts\/185132\/revisions\/185136"}],"wp:featuredmedia":[{"embeddable":true,"href":"https:\/\/www.mojabochnia.pl\/index.php?rest_route=\/wp\/v2\/media\/185134"}],"wp:attachment":[{"href":"https:\/\/www.mojabochnia.pl\/index.php?rest_route=%2Fwp%2Fv2%2Fmedia&parent=185132"}],"wp:term":[{"taxonomy":"category","embeddable":true,"href":"https:\/\/www.mojabochnia.pl\/index.php?rest_route=%2Fwp%2Fv2%2Fcategories&post=185132"},{"taxonomy":"post_tag","embeddable":true,"href":"https:\/\/www.mojabochnia.pl\/index.php?rest_route=%2Fwp%2Fv2%2Ftags&post=185132"}],"curies":[{"name":"wp","href":"https:\/\/api.w.org\/{rel}","templated":true}]}}