{"id":185115,"date":"2018-04-10T21:48:44","date_gmt":"2018-04-10T19:48:44","guid":{"rendered":"https:\/\/www.mojabochnia.pl\/?p=185115"},"modified":"2018-04-10T21:48:44","modified_gmt":"2018-04-10T19:48:44","slug":"bochnia-ma-nowego-ambasadora","status":"publish","type":"post","link":"https:\/\/www.mojabochnia.pl\/?p=185115","title":{"rendered":"Bochnia ma nowego Ambasadora"},"content":{"rendered":"<p><strong>6 kwietnia w budynku dawnego Gimnazjum nr 1 w Bochni obchodzono jubileusz\u00a0 18-lecia istnienia Europejskiego Klubu Pickwick\u2019a, na kt\u00f3ry przybyli r\u00f3wnie\u017c go\u015bcie\u00a0 z Hiszpanii. Okazj\u0105 ku temu by\u0142o wr\u0119czenie tytu\u0142u Honorowego Ambasadora Kr\u00f3lewsko-G\u00f3rniczego Miasta Bochni.\u00a0<\/strong><strong>Decyzj\u0105 Kapitu\u0142y z dnia 7 marca 2018 r. tytu\u0142 ten zosta\u0142 przyznany Carmen Sanz Garcia \u2013 profesor historii i geografii w szkole \u015bredniej IES Penyagolosa w Castellon w Hiszpanii.<\/strong><\/p>\n<p>Akt nadania oraz pami\u0105tkow\u0105 statuetk\u0119 kr\u00f3la Kazimierza Wielkiego wr\u0119czy\u0142 burmistrz Bochni Stefan Kolawi\u0144ski, wyra\u017caj\u0105c jednocze\u015bnie wdzi\u0119czno\u015b\u0107 za jej szczeg\u00f3ln\u0105 prac\u0119 na rzecz porozumienia m\u0142odzie\u017cy ponad granicami kraj\u00f3w i kultur oraz promowania Bochni w sercach i umys\u0142ach Hiszpan\u00f3w. Carmen Sanz Garcia od ponad 10 lat realizuje, na najwy\u017cszym poziomie, wsp\u00f3\u0142prac\u0119 pomi\u0119dzy szko\u0142ami Gimnazjum nr 1, obecnie Publiczn\u0105 Szko\u0142\u0105 Podstawow\u0105 nr 1 w Bochni, a szko\u0142\u0105 \u015bredni\u0105 IES Penyagolosa w Castellon.<\/p>\n<p>Jednym z efekt\u00f3w tej wsp\u00f3\u0142pracy s\u0105 regularne wymiany m\u0142odzie\u017cy szk\u00f3\u0142. Od 2007 r. by\u0142o ich 13 i wzi\u0119\u0142o w nich udzia\u0142 ponad 200 uczni\u00f3w z Bochni oraz tyle samo uczni\u00f3w z Hiszpanii. Nale\u017cy podkre\u015bli\u0107, \u017ce\u00a0 w przygotowaniu tych spotka\u0144 bior\u0105 udzia\u0142 nie tylko nauczyciele i uczniowie, ale tak\u017ce rodzice i \u015brodowiska lokalne, co w znacznej mierze poszerza zasi\u0119g tych dzia\u0142a\u0144 i promocji Bochni.<\/p>\n<p>Carmen Sanz Garcia jest mi\u0142o\u015bniczk\u0105, znawczyni\u0105 i promotork\u0105 historii i kultury Bochni w spo\u0142eczno\u015bci swojej szko\u0142y i miasta Catellon. Jako nauczycielka historii i geografii wprowadza do programu nauczania w swojej szkole du\u017co dodatkowej wiedzy o historii, tradycji i wsp\u00f3\u0142czesno\u015bci Bochni, Krakowa i Polski. Jest ambasadork\u0105 Europejskiego Klubu Pickwick\u2019a \u2013 co wyra\u017ca si\u0119 tak\u017ce w doskona\u0142ej znajomo\u015bci wszystkiego, co stanowi wsp\u00f3\u0142czesne \u017cycie Bochni i spo\u0142eczno\u015bci boche\u0144skiej szko\u0142y.<\/p>\n<p>Spytana kiedy\u015b: \u201eD<em>laczego Polska, dlaczego Bochnia tak j\u0105 zafascynowa\u0142a?<\/em>\u201d, odpowiedzia\u0142a: \u201e<em>Najpierw by\u0142am w Polsce prywatnie z moj\u0105 rodzin\u0105 i coraz g\u0142\u0119biej poznawa\u0142am wasz\u0105 trudn\u0105 histori\u0119\u00a0i r\u00f3\u017cnorodn\u0105 kultur\u0119. Kiedy pozna\u0142am Krak\u00f3w, ju\u017c wiedzia\u0142am, \u017ce chc\u0119 doprowadzi\u0107 do wsp\u00f3\u0142pracy z jak\u0105\u015b szko\u0142\u0105 z tego regionu. I w\u00f3wczas spotka\u0142am Bochni\u0119, spotka\u0142am niezwyk\u0142ych ludzi i ju\u017c po pierwszej wizycie wiedzia\u0142am, mimo, \u017ce nie zna\u0142am jeszcze, ani s\u0142owa po polsku, \u017ce jeste\u015bmy sobie bliscy, \u017ce rozumiemy si\u0119 i tak wiele \u2013 i jako nauczyciele, i uczniowie \u2013 z tej wsp\u00f3\u0142pracy wynosimy dobrego, dla siebie i dla naszych ma\u0142ych ojczyzn. Od tamtej pory Bochnia i ludzie z Bochni s\u0105 dla mnie drug\u0105 rodzin\u0105, polsk\u0105 rodzin\u0105.<\/em>\u201d<\/p>\n<p>____<\/p>\n<p>fot. \u0141ukasz Chojecki<\/p>\n\t  \r\n\t\r\n\t    <div class=\"mb-gallery\">\r\n\t    <a href=\"https:\/\/www.mojabochnia.pl\/?attachment_id=185117\" class=\"\"><img loading=\"lazy\" decoding=\"async\" width=\"100\" height=\"100\" src=\"https:\/\/www.mojabochnia.pl\/wp-content\/uploads\/2018\/04\/1-100x100.jpg\" class=\"attachment-100x100 size-100x100\" alt=\"\" \/><\/a><a href=\"https:\/\/www.mojabochnia.pl\/?attachment_id=185118\" class=\"\"><img loading=\"lazy\" decoding=\"async\" width=\"100\" height=\"100\" src=\"https:\/\/www.mojabochnia.pl\/wp-content\/uploads\/2018\/04\/2-1-100x100.jpg\" class=\"attachment-100x100 size-100x100\" alt=\"\" \/><\/a><a href=\"https:\/\/www.mojabochnia.pl\/?attachment_id=185119\" class=\"\"><img loading=\"lazy\" decoding=\"async\" width=\"100\" height=\"100\" src=\"https:\/\/www.mojabochnia.pl\/wp-content\/uploads\/2018\/04\/3-100x100.jpg\" class=\"attachment-100x100 size-100x100\" alt=\"\" \/><\/a><a href=\"https:\/\/www.mojabochnia.pl\/?attachment_id=185120\" class=\"\"><img loading=\"lazy\" decoding=\"async\" width=\"100\" height=\"100\" src=\"https:\/\/www.mojabochnia.pl\/wp-content\/uploads\/2018\/04\/4-100x100.jpg\" class=\"attachment-100x100 size-100x100\" alt=\"\" \/><\/a><a href=\"https:\/\/www.mojabochnia.pl\/?attachment_id=185121\" class=\"\"><img loading=\"lazy\" decoding=\"async\" width=\"100\" height=\"100\" src=\"https:\/\/www.mojabochnia.pl\/wp-content\/uploads\/2018\/04\/5-100x100.jpg\" class=\"attachment-100x100 size-100x100\" alt=\"\" \/><\/a><a href=\"https:\/\/www.mojabochnia.pl\/?attachment_id=185122\" class=\"\"><img loading=\"lazy\" decoding=\"async\" width=\"100\" height=\"100\" src=\"https:\/\/www.mojabochnia.pl\/wp-content\/uploads\/2018\/04\/6-100x100.jpg\" class=\"attachment-100x100 size-100x100\" alt=\"\" \/><\/a><a href=\"https:\/\/www.mojabochnia.pl\/?attachment_id=185123\" class=\"\"><img loading=\"lazy\" decoding=\"async\" width=\"100\" height=\"100\" src=\"https:\/\/www.mojabochnia.pl\/wp-content\/uploads\/2018\/04\/7-100x100.jpg\" class=\"attachment-100x100 size-100x100\" alt=\"\" \/><\/a><a href=\"https:\/\/www.mojabochnia.pl\/?attachment_id=185124\" class=\"\"><img loading=\"lazy\" decoding=\"async\" width=\"100\" height=\"100\" src=\"https:\/\/www.mojabochnia.pl\/wp-content\/uploads\/2018\/04\/8-100x100.jpg\" class=\"attachment-100x100 size-100x100\" alt=\"\" \/><\/a><a href=\"https:\/\/www.mojabochnia.pl\/?attachment_id=185125\" class=\"\"><img loading=\"lazy\" decoding=\"async\" width=\"100\" height=\"100\" src=\"https:\/\/www.mojabochnia.pl\/wp-content\/uploads\/2018\/04\/9-100x100.jpg\" class=\"attachment-100x100 size-100x100\" alt=\"\" \/><\/a><a href=\"https:\/\/www.mojabochnia.pl\/?attachment_id=185126\" class=\"\"><img loading=\"lazy\" decoding=\"async\" width=\"100\" height=\"100\" src=\"https:\/\/www.mojabochnia.pl\/wp-content\/uploads\/2018\/04\/10-100x100.jpg\" class=\"attachment-100x100 size-100x100\" alt=\"\" \/><\/a><a href=\"https:\/\/www.mojabochnia.pl\/?attachment_id=185127\" class=\"\"><img loading=\"lazy\" decoding=\"async\" width=\"100\" height=\"100\" src=\"https:\/\/www.mojabochnia.pl\/wp-content\/uploads\/2018\/04\/11-100x100.jpg\" class=\"attachment-100x100 size-100x100\" alt=\"\" \/><\/a><a href=\"https:\/\/www.mojabochnia.pl\/?attachment_id=185128\" class=\"\"><img loading=\"lazy\" decoding=\"async\" width=\"100\" height=\"100\" src=\"https:\/\/www.mojabochnia.pl\/wp-content\/uploads\/2018\/04\/12-100x100.jpg\" class=\"attachment-100x100 size-100x100\" alt=\"\" \/><\/a><a href=\"https:\/\/www.mojabochnia.pl\/?attachment_id=185129\" class=\"\"><img loading=\"lazy\" decoding=\"async\" width=\"100\" height=\"100\" src=\"https:\/\/www.mojabochnia.pl\/wp-content\/uploads\/2018\/04\/13-100x100.jpg\" class=\"attachment-100x100 size-100x100\" alt=\"\" \/><\/a><a href=\"https:\/\/www.mojabochnia.pl\/?attachment_id=185130\" class=\"\"><img loading=\"lazy\" decoding=\"async\" width=\"100\" height=\"100\" src=\"https:\/\/www.mojabochnia.pl\/wp-content\/uploads\/2018\/04\/14-100x100.jpg\" class=\"attachment-100x100 size-100x100\" alt=\"\" \/><\/a>\t    <\/div>\r\n\t    ","protected":false},"excerpt":{"rendered":"<p>6 kwietnia w budynku dawnego Gimnazjum nr 1 w Bochni obchodzono jubileusz\u00a0 18-lecia istnienia Europejskiego Klubu Pickwick\u2019a, na kt\u00f3ry przybyli r\u00f3wnie\u017c go\u015bcie\u00a0 z Hiszpanii. Okazj\u0105 ku temu by\u0142o wr\u0119czenie tytu\u0142u Honorowego Ambasadora Kr\u00f3lewsko-G\u00f3rniczego Miasta Bochni.\u00a0Decyzj\u0105 Kapitu\u0142y z dnia 7 marca 2018 r. tytu\u0142 ten zosta\u0142 przyznany Carmen Sanz Garcia \u2013 profesor historii i geografii w<\/p>\n","protected":false},"author":8,"featured_media":185129,"comment_status":"open","ping_status":"closed","sticky":false,"template":"","format":"standard","meta":{"_acf_changed":false,"footnotes":""},"categories":[5,6251,6250],"tags":[],"class_list":["post-185115","post","type-post","status-publish","format-standard","has-post-thumbnail","hentry","category-biezace-wydarzenia","category-polityka-i-wydarzenia","category-tematyka","main_tag-honorowy-obywatel-bochni"],"acf":[],"yoast_head":"<!-- This site is optimized with the Yoast SEO plugin v26.9 - https:\/\/yoast.com\/product\/yoast-seo-wordpress\/ -->\n<title>Bochnia ma nowego Ambasadora - mojabochnia.pl - portal informacyjny<\/title>\n<meta name=\"robots\" content=\"index, follow, max-snippet:-1, max-image-preview:large, max-video-preview:-1\" \/>\n<link rel=\"canonical\" href=\"https:\/\/www.mojabochnia.pl\/?p=185115\" \/>\n<meta property=\"og:locale\" content=\"pl_PL\" \/>\n<meta property=\"og:type\" content=\"article\" \/>\n<meta property=\"og:title\" content=\"Bochnia ma nowego Ambasadora - mojabochnia.pl - portal informacyjny\" \/>\n<meta property=\"og:description\" content=\"6 kwietnia w budynku dawnego Gimnazjum nr 1 w Bochni obchodzono jubileusz\u00a0 18-lecia istnienia Europejskiego Klubu Pickwick\u2019a, na kt\u00f3ry przybyli r\u00f3wnie\u017c go\u015bcie\u00a0 z Hiszpanii. Okazj\u0105 ku temu by\u0142o wr\u0119czenie tytu\u0142u Honorowego Ambasadora Kr\u00f3lewsko-G\u00f3rniczego Miasta Bochni.\u00a0Decyzj\u0105 Kapitu\u0142y z dnia 7 marca 2018 r. tytu\u0142 ten zosta\u0142 przyznany Carmen Sanz Garcia \u2013 profesor historii i geografii w\" \/>\n<meta property=\"og:url\" content=\"https:\/\/www.mojabochnia.pl\/?p=185115\" \/>\n<meta property=\"og:site_name\" content=\"mojabochnia.pl - portal informacyjny\" \/>\n<meta property=\"article:publisher\" content=\"https:\/\/www.facebook.com\/mojabochnia\" \/>\n<meta property=\"article:published_time\" content=\"2018-04-10T19:48:44+00:00\" \/>\n<meta property=\"og:image\" content=\"https:\/\/www.mojabochnia.pl\/wp-content\/uploads\/2018\/04\/13.jpg\" \/>\n\t<meta property=\"og:image:width\" content=\"1000\" \/>\n\t<meta property=\"og:image:height\" content=\"682\" \/>\n\t<meta property=\"og:image:type\" content=\"image\/jpeg\" \/>\n<meta name=\"author\" content=\"informacja prasowa\" \/>\n<meta name=\"twitter:card\" content=\"summary_large_image\" \/>\n<meta name=\"twitter:label1\" content=\"Written by\" \/>\n\t<meta name=\"twitter:data1\" content=\"informacja prasowa\" \/>\n\t<meta name=\"twitter:label2\" content=\"Est. reading time\" \/>\n\t<meta name=\"twitter:data2\" content=\"2 minuty\" \/>\n<script type=\"application\/ld+json\" class=\"yoast-schema-graph\">{\"@context\":\"https:\/\/schema.org\",\"@graph\":[{\"@type\":\"Article\",\"@id\":\"https:\/\/www.mojabochnia.pl\/?p=185115#article\",\"isPartOf\":{\"@id\":\"https:\/\/www.mojabochnia.pl\/?p=185115\"},\"author\":{\"name\":\"informacja prasowa\",\"@id\":\"https:\/\/www.mojabochnia.pl\/#\/schema\/person\/9e15cf1bcb74043790f124a3130fe41e\"},\"headline\":\"Bochnia ma nowego Ambasadora\",\"datePublished\":\"2018-04-10T19:48:44+00:00\",\"mainEntityOfPage\":{\"@id\":\"https:\/\/www.mojabochnia.pl\/?p=185115\"},\"wordCount\":444,\"commentCount\":0,\"publisher\":{\"@id\":\"https:\/\/www.mojabochnia.pl\/#organization\"},\"image\":{\"@id\":\"https:\/\/www.mojabochnia.pl\/?p=185115#primaryimage\"},\"thumbnailUrl\":\"https:\/\/www.mojabochnia.pl\/wp-content\/uploads\/2018\/04\/13.jpg\",\"articleSection\":[\"2_ostatnie\",\"polityka i wydarzenia\",\"tematyka\"],\"inLanguage\":\"pl-PL\",\"potentialAction\":[{\"@type\":\"CommentAction\",\"name\":\"Comment\",\"target\":[\"https:\/\/www.mojabochnia.pl\/?p=185115#respond\"]}]},{\"@type\":\"WebPage\",\"@id\":\"https:\/\/www.mojabochnia.pl\/?p=185115\",\"url\":\"https:\/\/www.mojabochnia.pl\/?p=185115\",\"name\":\"Bochnia ma nowego Ambasadora - mojabochnia.pl - portal informacyjny\",\"isPartOf\":{\"@id\":\"https:\/\/www.mojabochnia.pl\/#website\"},\"primaryImageOfPage\":{\"@id\":\"https:\/\/www.mojabochnia.pl\/?p=185115#primaryimage\"},\"image\":{\"@id\":\"https:\/\/www.mojabochnia.pl\/?p=185115#primaryimage\"},\"thumbnailUrl\":\"https:\/\/www.mojabochnia.pl\/wp-content\/uploads\/2018\/04\/13.jpg\",\"datePublished\":\"2018-04-10T19:48:44+00:00\",\"breadcrumb\":{\"@id\":\"https:\/\/www.mojabochnia.pl\/?p=185115#breadcrumb\"},\"inLanguage\":\"pl-PL\",\"potentialAction\":[{\"@type\":\"ReadAction\",\"target\":[\"https:\/\/www.mojabochnia.pl\/?p=185115\"]}]},{\"@type\":\"ImageObject\",\"inLanguage\":\"pl-PL\",\"@id\":\"https:\/\/www.mojabochnia.pl\/?p=185115#primaryimage\",\"url\":\"https:\/\/www.mojabochnia.pl\/wp-content\/uploads\/2018\/04\/13.jpg\",\"contentUrl\":\"https:\/\/www.mojabochnia.pl\/wp-content\/uploads\/2018\/04\/13.jpg\",\"width\":1000,\"height\":682},{\"@type\":\"BreadcrumbList\",\"@id\":\"https:\/\/www.mojabochnia.pl\/?p=185115#breadcrumb\",\"itemListElement\":[{\"@type\":\"ListItem\",\"position\":1,\"name\":\"Home\",\"item\":\"https:\/\/www.mojabochnia.pl\/\"},{\"@type\":\"ListItem\",\"position\":2,\"name\":\"Bochnia ma nowego Ambasadora\"}]},{\"@type\":\"WebSite\",\"@id\":\"https:\/\/www.mojabochnia.pl\/#website\",\"url\":\"https:\/\/www.mojabochnia.pl\/\",\"name\":\"mojabochnia.pl - portal informacyjny\",\"description\":\"mojaBochnia to portal informacyjny o Bochni. Codziennie o Bochni piszemy i pokazujemy najwa\u017cniejsze wydarzenia\",\"publisher\":{\"@id\":\"https:\/\/www.mojabochnia.pl\/#organization\"},\"potentialAction\":[{\"@type\":\"SearchAction\",\"target\":{\"@type\":\"EntryPoint\",\"urlTemplate\":\"https:\/\/www.mojabochnia.pl\/?s={search_term_string}\"},\"query-input\":{\"@type\":\"PropertyValueSpecification\",\"valueRequired\":true,\"valueName\":\"search_term_string\"}}],\"inLanguage\":\"pl-PL\"},{\"@type\":\"Organization\",\"@id\":\"https:\/\/www.mojabochnia.pl\/#organization\",\"name\":\"mojabochnia.pl - portal informacyjny\",\"url\":\"https:\/\/www.mojabochnia.pl\/\",\"logo\":{\"@type\":\"ImageObject\",\"inLanguage\":\"pl-PL\",\"@id\":\"https:\/\/www.mojabochnia.pl\/#\/schema\/logo\/image\/\",\"url\":\"https:\/\/www.mojabochnia.pl\/wp-content\/uploads\/2017\/08\/logo-mb-opt.png\",\"contentUrl\":\"https:\/\/www.mojabochnia.pl\/wp-content\/uploads\/2017\/08\/logo-mb-opt.png\",\"width\":250,\"height\":48,\"caption\":\"mojabochnia.pl - portal informacyjny\"},\"image\":{\"@id\":\"https:\/\/www.mojabochnia.pl\/#\/schema\/logo\/image\/\"},\"sameAs\":[\"https:\/\/www.facebook.com\/mojabochnia\"]},{\"@type\":\"Person\",\"@id\":\"https:\/\/www.mojabochnia.pl\/#\/schema\/person\/9e15cf1bcb74043790f124a3130fe41e\",\"name\":\"informacja prasowa\",\"sameAs\":[\"http:\/\/\"],\"url\":\"https:\/\/www.mojabochnia.pl\/?author=8\"}]}<\/script>\n<!-- \/ Yoast SEO plugin. -->","yoast_head_json":{"title":"Bochnia ma nowego Ambasadora - mojabochnia.pl - portal informacyjny","robots":{"index":"index","follow":"follow","max-snippet":"max-snippet:-1","max-image-preview":"max-image-preview:large","max-video-preview":"max-video-preview:-1"},"canonical":"https:\/\/www.mojabochnia.pl\/?p=185115","og_locale":"pl_PL","og_type":"article","og_title":"Bochnia ma nowego Ambasadora - mojabochnia.pl - portal informacyjny","og_description":"6 kwietnia w budynku dawnego Gimnazjum nr 1 w Bochni obchodzono jubileusz\u00a0 18-lecia istnienia Europejskiego Klubu Pickwick\u2019a, na kt\u00f3ry przybyli r\u00f3wnie\u017c go\u015bcie\u00a0 z Hiszpanii. Okazj\u0105 ku temu by\u0142o wr\u0119czenie tytu\u0142u Honorowego Ambasadora Kr\u00f3lewsko-G\u00f3rniczego Miasta Bochni.\u00a0Decyzj\u0105 Kapitu\u0142y z dnia 7 marca 2018 r. tytu\u0142 ten zosta\u0142 przyznany Carmen Sanz Garcia \u2013 profesor historii i geografii w","og_url":"https:\/\/www.mojabochnia.pl\/?p=185115","og_site_name":"mojabochnia.pl - portal informacyjny","article_publisher":"https:\/\/www.facebook.com\/mojabochnia","article_published_time":"2018-04-10T19:48:44+00:00","og_image":[{"width":1000,"height":682,"url":"https:\/\/www.mojabochnia.pl\/wp-content\/uploads\/2018\/04\/13.jpg","type":"image\/jpeg"}],"author":"informacja prasowa","twitter_card":"summary_large_image","twitter_misc":{"Written by":"informacja prasowa","Est. reading time":"2 minuty"},"schema":{"@context":"https:\/\/schema.org","@graph":[{"@type":"Article","@id":"https:\/\/www.mojabochnia.pl\/?p=185115#article","isPartOf":{"@id":"https:\/\/www.mojabochnia.pl\/?p=185115"},"author":{"name":"informacja prasowa","@id":"https:\/\/www.mojabochnia.pl\/#\/schema\/person\/9e15cf1bcb74043790f124a3130fe41e"},"headline":"Bochnia ma nowego Ambasadora","datePublished":"2018-04-10T19:48:44+00:00","mainEntityOfPage":{"@id":"https:\/\/www.mojabochnia.pl\/?p=185115"},"wordCount":444,"commentCount":0,"publisher":{"@id":"https:\/\/www.mojabochnia.pl\/#organization"},"image":{"@id":"https:\/\/www.mojabochnia.pl\/?p=185115#primaryimage"},"thumbnailUrl":"https:\/\/www.mojabochnia.pl\/wp-content\/uploads\/2018\/04\/13.jpg","articleSection":["2_ostatnie","polityka i wydarzenia","tematyka"],"inLanguage":"pl-PL","potentialAction":[{"@type":"CommentAction","name":"Comment","target":["https:\/\/www.mojabochnia.pl\/?p=185115#respond"]}]},{"@type":"WebPage","@id":"https:\/\/www.mojabochnia.pl\/?p=185115","url":"https:\/\/www.mojabochnia.pl\/?p=185115","name":"Bochnia ma nowego Ambasadora - mojabochnia.pl - portal informacyjny","isPartOf":{"@id":"https:\/\/www.mojabochnia.pl\/#website"},"primaryImageOfPage":{"@id":"https:\/\/www.mojabochnia.pl\/?p=185115#primaryimage"},"image":{"@id":"https:\/\/www.mojabochnia.pl\/?p=185115#primaryimage"},"thumbnailUrl":"https:\/\/www.mojabochnia.pl\/wp-content\/uploads\/2018\/04\/13.jpg","datePublished":"2018-04-10T19:48:44+00:00","breadcrumb":{"@id":"https:\/\/www.mojabochnia.pl\/?p=185115#breadcrumb"},"inLanguage":"pl-PL","potentialAction":[{"@type":"ReadAction","target":["https:\/\/www.mojabochnia.pl\/?p=185115"]}]},{"@type":"ImageObject","inLanguage":"pl-PL","@id":"https:\/\/www.mojabochnia.pl\/?p=185115#primaryimage","url":"https:\/\/www.mojabochnia.pl\/wp-content\/uploads\/2018\/04\/13.jpg","contentUrl":"https:\/\/www.mojabochnia.pl\/wp-content\/uploads\/2018\/04\/13.jpg","width":1000,"height":682},{"@type":"BreadcrumbList","@id":"https:\/\/www.mojabochnia.pl\/?p=185115#breadcrumb","itemListElement":[{"@type":"ListItem","position":1,"name":"Home","item":"https:\/\/www.mojabochnia.pl\/"},{"@type":"ListItem","position":2,"name":"Bochnia ma nowego Ambasadora"}]},{"@type":"WebSite","@id":"https:\/\/www.mojabochnia.pl\/#website","url":"https:\/\/www.mojabochnia.pl\/","name":"mojabochnia.pl - portal informacyjny","description":"mojaBochnia to portal informacyjny o Bochni. Codziennie o Bochni piszemy i pokazujemy najwa\u017cniejsze wydarzenia","publisher":{"@id":"https:\/\/www.mojabochnia.pl\/#organization"},"potentialAction":[{"@type":"SearchAction","target":{"@type":"EntryPoint","urlTemplate":"https:\/\/www.mojabochnia.pl\/?s={search_term_string}"},"query-input":{"@type":"PropertyValueSpecification","valueRequired":true,"valueName":"search_term_string"}}],"inLanguage":"pl-PL"},{"@type":"Organization","@id":"https:\/\/www.mojabochnia.pl\/#organization","name":"mojabochnia.pl - portal informacyjny","url":"https:\/\/www.mojabochnia.pl\/","logo":{"@type":"ImageObject","inLanguage":"pl-PL","@id":"https:\/\/www.mojabochnia.pl\/#\/schema\/logo\/image\/","url":"https:\/\/www.mojabochnia.pl\/wp-content\/uploads\/2017\/08\/logo-mb-opt.png","contentUrl":"https:\/\/www.mojabochnia.pl\/wp-content\/uploads\/2017\/08\/logo-mb-opt.png","width":250,"height":48,"caption":"mojabochnia.pl - portal informacyjny"},"image":{"@id":"https:\/\/www.mojabochnia.pl\/#\/schema\/logo\/image\/"},"sameAs":["https:\/\/www.facebook.com\/mojabochnia"]},{"@type":"Person","@id":"https:\/\/www.mojabochnia.pl\/#\/schema\/person\/9e15cf1bcb74043790f124a3130fe41e","name":"informacja prasowa","sameAs":["http:\/\/"],"url":"https:\/\/www.mojabochnia.pl\/?author=8"}]}},"_links":{"self":[{"href":"https:\/\/www.mojabochnia.pl\/index.php?rest_route=\/wp\/v2\/posts\/185115","targetHints":{"allow":["GET"]}}],"collection":[{"href":"https:\/\/www.mojabochnia.pl\/index.php?rest_route=\/wp\/v2\/posts"}],"about":[{"href":"https:\/\/www.mojabochnia.pl\/index.php?rest_route=\/wp\/v2\/types\/post"}],"author":[{"embeddable":true,"href":"https:\/\/www.mojabochnia.pl\/index.php?rest_route=\/wp\/v2\/users\/8"}],"replies":[{"embeddable":true,"href":"https:\/\/www.mojabochnia.pl\/index.php?rest_route=%2Fwp%2Fv2%2Fcomments&post=185115"}],"version-history":[{"count":1,"href":"https:\/\/www.mojabochnia.pl\/index.php?rest_route=\/wp\/v2\/posts\/185115\/revisions"}],"predecessor-version":[{"id":185131,"href":"https:\/\/www.mojabochnia.pl\/index.php?rest_route=\/wp\/v2\/posts\/185115\/revisions\/185131"}],"wp:featuredmedia":[{"embeddable":true,"href":"https:\/\/www.mojabochnia.pl\/index.php?rest_route=\/wp\/v2\/media\/185129"}],"wp:attachment":[{"href":"https:\/\/www.mojabochnia.pl\/index.php?rest_route=%2Fwp%2Fv2%2Fmedia&parent=185115"}],"wp:term":[{"taxonomy":"category","embeddable":true,"href":"https:\/\/www.mojabochnia.pl\/index.php?rest_route=%2Fwp%2Fv2%2Fcategories&post=185115"},{"taxonomy":"post_tag","embeddable":true,"href":"https:\/\/www.mojabochnia.pl\/index.php?rest_route=%2Fwp%2Fv2%2Ftags&post=185115"}],"curies":[{"name":"wp","href":"https:\/\/api.w.org\/{rel}","templated":true}]}}