{"id":185057,"date":"2018-04-05T10:05:00","date_gmt":"2018-04-05T08:05:00","guid":{"rendered":"https:\/\/www.mojabochnia.pl\/?p=185057"},"modified":"2018-04-05T10:05:00","modified_gmt":"2018-04-05T08:05:00","slug":"chca-zdobyc-gorska-korone-ziemi","status":"publish","type":"post","link":"https:\/\/www.mojabochnia.pl\/?p=185057","title":{"rendered":"Chc\u0105 zdoby\u0107 G\u00f3rsk\u0105 Koron\u0119 Ziemi"},"content":{"rendered":"<div class=\"short_desc\"><strong>W Starostwie Powiatowym w Bochni odby\u0142a si\u0119 wsp\u00f3lna konferencja w\u0142adz powiatu i miasta podczas kt\u00f3rej starosta boche\u0144ski Ludwik W\u0119grzyn oraz burmistrz miasta Bochnia Stefan Kolawi\u0144ski oficjalnie obj\u0119li patronatem wypraw\u0119 \u201eEverest &amp; Lhotse Expedition 2018\u201d organizowan\u0105 przez bochnianina Szczepana Brzeskiego.<\/strong><\/div>\n<div><\/div>\n<div class=\"short_desc\">Ju\u017c niebawem bo 8 kwietnia \u00a0Szczepan wsp\u00f3lnie ze swoj\u0105 partnerk\u0105 Sylwi\u0105 Bajek, wyrusz\u0105 w Himalaje. Tym razem celem Szczepana jest zdobycie Mount Everestu, najwy\u017cszego szczytu Ziemi, natomiast Sylwia chce zdoby\u0107 Lhotse, jako najm\u0142odsza Polska.<\/div>\n<p>To ju\u017c druga wyprawa podczas, kt\u00f3rej Szczepan chce zdoby\u0107 Mount Everest. W ubieg\u0142ym roku wsp\u00f3lnie z Sylwi\u0105 pr\u00f3bowali zdoby\u0107 dach \u015bwiata, jednak ich wspinaczka sko\u0144czy\u0142a si\u0119 na 8800 m ze wzgl\u0119d\u00f3w technicznych, niemniej jednak to czego dokonali jest\u00a0 wielkim sukcesem i powodem do dumy.<\/p>\n<p><em>W\u0142adzy samorz\u0105dowej zale\u017cy na tym, \u017ceby widzie\u0107 nie tylko tych ludzi, kt\u00f3rzy w codziennym \u017cyciu dostrzegaj\u0105 problemy spo\u0142eczne, gospodarcze, ale \u017ceby widzie\u0107 ludzi, kt\u00f3rzy wznosz\u0105 si\u0119 ponad to i maj\u0105 pasj\u0119, kt\u00f3ra pozwala im realizowa\u0107 w\u0142asne cele, zamiary, misje\u00a0<\/em>&#8211; m\u00f3wi\u0142 podczas konferencji starosta Ludwik W\u0119grzyn.<\/p>\n<p>Dzi\u0119ki wej\u015bciu na szczyt Bochnianin ma szans\u0119 zosta\u0107 jedn\u0105 z 23 os\u00f3b w historii Polskiej wspinaczki wysokog\u00f3rskiej, kt\u00f3ra zdoby\u0142a G\u00f3rsk\u0105 Koron\u0119 Ziemi. R\u00f3wnie\u017c jak dot\u0105d w historii tylko oko\u0142o pi\u0119\u0107dziesi\u0119ciu Polek i Polak\u00f3w stan\u0119\u0142o na najwy\u017cszym szczycie \u015bwiata \u2013 Mount Everest. Nikomu jak do tej pory z Powiatu Boche\u0144skiego nie uda\u0142o si\u0119 dokona\u0107 takiego czynu.<\/p>\n<p><em>\u017bycz\u0119 wszystkiego dobrego, ale przede wszystkim zdrowego rozs\u0105dku. Chcia\u0142bym pa\u0144stwa widzie\u0107 tutaj z powrotem zdrowych, ca\u0142ych i oczywi\u015bcie po osi\u0105gni\u0119ciu sukcesu\u00a0<\/em>\u2013 m\u00f3wi\u0142 burmistrz\u00a0 Stefan Kolawi\u0144ski.<\/p>\n<p><em>Dla mnie jest to o tyle kluczowe, bo chcia\u0142bym uko\u0144czy\u0107 Koron\u0119 Ziemi. Nie chcia\u0142bym, \u017ceby kto\u015b powiedzia\u0142: \u201eBy\u0142e\u015b prawie na Mount Evere\u015bcie\u201d. Wracam tam, aby faktycznie stan\u0105\u0107 na szczycie\u00a0<\/em>&#8211; powiedzia\u0142 podczas konferencji Szczepan Brzeski.<\/p>\n<p><em>L\u017cej wchodzi si\u0119 na o\u015bmiotysi\u0119czniki gdy ma si\u0119 ze sob\u0105 wsparcie mieszka\u0144c\u00f3w Powiatu Boche\u0144skiego i Miasta Bochni. Z przyjemno\u015bci\u0105 wnios\u0119 ona herby tak wysoko jak potrafi\u0119\u00a0<\/em>\u2013 wyja\u015bnia Szczepan.<\/p>\n<p>Tegoroczna wyprawa b\u0119dzie r\u00f3wnie\u017c po\u0142\u0105czona z celem charytatywnym, a dok\u0142adniej wsparciem\u00a0 boche\u0144skiej Fundacji Auxilium.<\/p>\n<p><strong>Plan wyprawy:<\/strong><\/p>\n<p>1. Przylot i pobyt w Katmandu &#8211; Dzie\u0144 1-2: 9-10 kwietnia;<br \/>\n2. Trekking do Everest Base Camp (EBC) &#8211; Dzie\u0144 3-11: 11-19 kwietnia;<br \/>\n3. Budowanie aklimatyzacji &#8211; Dzie\u0144 12-37: 20 kwietnia &#8211; 17 maja;<br \/>\n4. Wspinaczka na Szczyty: Everest &amp; Lhotse &#8211; Dzie\u0144 38-46: 18-25 maja;<br \/>\n5. Trekking powrotny &#8211; Dzie\u0144 47-53: 25 maja &#8211; 1 czerwca.<\/p>\n<p>&nbsp;<\/p>\n<p><strong>Szczepan Brzeski\u00a0<\/strong>to bochnianin, mi\u0142o\u015bnik g\u00f3r i wypraw, kt\u00f3ry od kilku lat zalicza najwy\u017csze szczyty \u015awiata,\u00a0 zdoby\u0142 ju\u017c m.in: Elbrus, Mont Blanc, Kilimand\u017caro, Aconcagu\u0119, Piramid\u0119 Carstensza czy G\u00f3r\u0119 Ko\u015bciuszki w Australii.<\/p>\n<p><strong>Sylwia Bajek\u00a0<\/strong>ma 26 lat, pochodzi z Rzeszowa, a na co dzie\u0144 mieszka w Krakowie, gdzie na krakowskiej ASP studiuje architektur\u0119 wn\u0119trz (ostatni rok mgr). Wraz ze swoim partnerem g\u00f3rskim i \u017cyciowym, Szczepanem Brzeskim, tworzy duet Everteam, w kt\u00f3rym realizuje swoje pasje i zajawki oko\u0142og\u00f3rskie.<\/p>\n<p>_____<\/p>\n<p>Powiat Boche\u0144ski<\/p>\n","protected":false},"excerpt":{"rendered":"<p>W Starostwie Powiatowym w Bochni odby\u0142a si\u0119 wsp\u00f3lna konferencja w\u0142adz powiatu i miasta podczas kt\u00f3rej starosta boche\u0144ski Ludwik W\u0119grzyn oraz burmistrz miasta Bochnia Stefan Kolawi\u0144ski oficjalnie obj\u0119li patronatem wypraw\u0119 \u201eEverest &amp; Lhotse Expedition 2018\u201d organizowan\u0105 przez bochnianina Szczepana Brzeskiego. Ju\u017c niebawem bo 8 kwietnia \u00a0Szczepan wsp\u00f3lnie ze swoj\u0105 partnerk\u0105 Sylwi\u0105 Bajek, wyrusz\u0105 w Himalaje. Tym<\/p>\n","protected":false},"author":8,"featured_media":185060,"comment_status":"open","ping_status":"closed","sticky":false,"template":"","format":"standard","meta":{"_acf_changed":false,"footnotes":""},"categories":[5,6251,6250],"tags":[20467,19421,19564,19720],"class_list":["post-185057","post","type-post","status-publish","format-standard","has-post-thumbnail","hentry","category-biezace-wydarzenia","category-polityka-i-wydarzenia","category-tematyka","tag-everteam","tag-mount-everest","tag-sylwia-bajek","tag-top-temat","main_tag-szczepan-brzeski"],"acf":[],"yoast_head":"<!-- This site is optimized with the Yoast SEO plugin v26.9 - https:\/\/yoast.com\/product\/yoast-seo-wordpress\/ -->\n<title>Chc\u0105 zdoby\u0107 G\u00f3rsk\u0105 Koron\u0119 Ziemi - mojabochnia.pl - portal informacyjny<\/title>\n<meta name=\"robots\" content=\"index, follow, max-snippet:-1, max-image-preview:large, max-video-preview:-1\" \/>\n<link rel=\"canonical\" href=\"https:\/\/www.mojabochnia.pl\/?p=185057\" \/>\n<meta property=\"og:locale\" content=\"pl_PL\" \/>\n<meta property=\"og:type\" content=\"article\" \/>\n<meta property=\"og:title\" content=\"Chc\u0105 zdoby\u0107 G\u00f3rsk\u0105 Koron\u0119 Ziemi - mojabochnia.pl - portal informacyjny\" \/>\n<meta property=\"og:description\" content=\"W Starostwie Powiatowym w Bochni odby\u0142a si\u0119 wsp\u00f3lna konferencja w\u0142adz powiatu i miasta podczas kt\u00f3rej starosta boche\u0144ski Ludwik W\u0119grzyn oraz burmistrz miasta Bochnia Stefan Kolawi\u0144ski oficjalnie obj\u0119li patronatem wypraw\u0119 \u201eEverest &amp; Lhotse Expedition 2018\u201d organizowan\u0105 przez bochnianina Szczepana Brzeskiego. Ju\u017c niebawem bo 8 kwietnia \u00a0Szczepan wsp\u00f3lnie ze swoj\u0105 partnerk\u0105 Sylwi\u0105 Bajek, wyrusz\u0105 w Himalaje. Tym\" \/>\n<meta property=\"og:url\" content=\"https:\/\/www.mojabochnia.pl\/?p=185057\" \/>\n<meta property=\"og:site_name\" content=\"mojabochnia.pl - portal informacyjny\" \/>\n<meta property=\"article:publisher\" content=\"https:\/\/www.facebook.com\/mojabochnia\" \/>\n<meta property=\"article:published_time\" content=\"2018-04-05T08:05:00+00:00\" \/>\n<meta property=\"og:image\" content=\"https:\/\/www.mojabochnia.pl\/wp-content\/uploads\/2018\/04\/DSC_3214_1.jpg\" \/>\n\t<meta property=\"og:image:width\" content=\"756\" \/>\n\t<meta property=\"og:image:height\" content=\"500\" \/>\n\t<meta property=\"og:image:type\" content=\"image\/jpeg\" \/>\n<meta name=\"author\" content=\"informacja prasowa\" \/>\n<meta name=\"twitter:card\" content=\"summary_large_image\" \/>\n<meta name=\"twitter:label1\" content=\"Written by\" \/>\n\t<meta name=\"twitter:data1\" content=\"informacja prasowa\" \/>\n\t<meta name=\"twitter:label2\" content=\"Est. reading time\" \/>\n\t<meta name=\"twitter:data2\" content=\"3 minuty\" \/>\n<script type=\"application\/ld+json\" class=\"yoast-schema-graph\">{\"@context\":\"https:\/\/schema.org\",\"@graph\":[{\"@type\":\"Article\",\"@id\":\"https:\/\/www.mojabochnia.pl\/?p=185057#article\",\"isPartOf\":{\"@id\":\"https:\/\/www.mojabochnia.pl\/?p=185057\"},\"author\":{\"name\":\"informacja prasowa\",\"@id\":\"https:\/\/www.mojabochnia.pl\/#\/schema\/person\/9e15cf1bcb74043790f124a3130fe41e\"},\"headline\":\"Chc\u0105 zdoby\u0107 G\u00f3rsk\u0105 Koron\u0119 Ziemi\",\"datePublished\":\"2018-04-05T08:05:00+00:00\",\"mainEntityOfPage\":{\"@id\":\"https:\/\/www.mojabochnia.pl\/?p=185057\"},\"wordCount\":537,\"commentCount\":0,\"publisher\":{\"@id\":\"https:\/\/www.mojabochnia.pl\/#organization\"},\"image\":{\"@id\":\"https:\/\/www.mojabochnia.pl\/?p=185057#primaryimage\"},\"thumbnailUrl\":\"https:\/\/www.mojabochnia.pl\/wp-content\/uploads\/2018\/04\/DSC_3214_1.jpg\",\"keywords\":[\"everteam\",\"mount everest\",\"sylwia bajek\",\"top temat\"],\"articleSection\":[\"2_ostatnie\",\"polityka i wydarzenia\",\"tematyka\"],\"inLanguage\":\"pl-PL\",\"potentialAction\":[{\"@type\":\"CommentAction\",\"name\":\"Comment\",\"target\":[\"https:\/\/www.mojabochnia.pl\/?p=185057#respond\"]}]},{\"@type\":\"WebPage\",\"@id\":\"https:\/\/www.mojabochnia.pl\/?p=185057\",\"url\":\"https:\/\/www.mojabochnia.pl\/?p=185057\",\"name\":\"Chc\u0105 zdoby\u0107 G\u00f3rsk\u0105 Koron\u0119 Ziemi - mojabochnia.pl - portal informacyjny\",\"isPartOf\":{\"@id\":\"https:\/\/www.mojabochnia.pl\/#website\"},\"primaryImageOfPage\":{\"@id\":\"https:\/\/www.mojabochnia.pl\/?p=185057#primaryimage\"},\"image\":{\"@id\":\"https:\/\/www.mojabochnia.pl\/?p=185057#primaryimage\"},\"thumbnailUrl\":\"https:\/\/www.mojabochnia.pl\/wp-content\/uploads\/2018\/04\/DSC_3214_1.jpg\",\"datePublished\":\"2018-04-05T08:05:00+00:00\",\"breadcrumb\":{\"@id\":\"https:\/\/www.mojabochnia.pl\/?p=185057#breadcrumb\"},\"inLanguage\":\"pl-PL\",\"potentialAction\":[{\"@type\":\"ReadAction\",\"target\":[\"https:\/\/www.mojabochnia.pl\/?p=185057\"]}]},{\"@type\":\"ImageObject\",\"inLanguage\":\"pl-PL\",\"@id\":\"https:\/\/www.mojabochnia.pl\/?p=185057#primaryimage\",\"url\":\"https:\/\/www.mojabochnia.pl\/wp-content\/uploads\/2018\/04\/DSC_3214_1.jpg\",\"contentUrl\":\"https:\/\/www.mojabochnia.pl\/wp-content\/uploads\/2018\/04\/DSC_3214_1.jpg\",\"width\":756,\"height\":500},{\"@type\":\"BreadcrumbList\",\"@id\":\"https:\/\/www.mojabochnia.pl\/?p=185057#breadcrumb\",\"itemListElement\":[{\"@type\":\"ListItem\",\"position\":1,\"name\":\"Home\",\"item\":\"https:\/\/www.mojabochnia.pl\/\"},{\"@type\":\"ListItem\",\"position\":2,\"name\":\"Chc\u0105 zdoby\u0107 G\u00f3rsk\u0105 Koron\u0119 Ziemi\"}]},{\"@type\":\"WebSite\",\"@id\":\"https:\/\/www.mojabochnia.pl\/#website\",\"url\":\"https:\/\/www.mojabochnia.pl\/\",\"name\":\"mojabochnia.pl - portal informacyjny\",\"description\":\"mojaBochnia to portal informacyjny o Bochni. Codziennie o Bochni piszemy i pokazujemy najwa\u017cniejsze wydarzenia\",\"publisher\":{\"@id\":\"https:\/\/www.mojabochnia.pl\/#organization\"},\"potentialAction\":[{\"@type\":\"SearchAction\",\"target\":{\"@type\":\"EntryPoint\",\"urlTemplate\":\"https:\/\/www.mojabochnia.pl\/?s={search_term_string}\"},\"query-input\":{\"@type\":\"PropertyValueSpecification\",\"valueRequired\":true,\"valueName\":\"search_term_string\"}}],\"inLanguage\":\"pl-PL\"},{\"@type\":\"Organization\",\"@id\":\"https:\/\/www.mojabochnia.pl\/#organization\",\"name\":\"mojabochnia.pl - portal informacyjny\",\"url\":\"https:\/\/www.mojabochnia.pl\/\",\"logo\":{\"@type\":\"ImageObject\",\"inLanguage\":\"pl-PL\",\"@id\":\"https:\/\/www.mojabochnia.pl\/#\/schema\/logo\/image\/\",\"url\":\"https:\/\/www.mojabochnia.pl\/wp-content\/uploads\/2017\/08\/logo-mb-opt.png\",\"contentUrl\":\"https:\/\/www.mojabochnia.pl\/wp-content\/uploads\/2017\/08\/logo-mb-opt.png\",\"width\":250,\"height\":48,\"caption\":\"mojabochnia.pl - portal informacyjny\"},\"image\":{\"@id\":\"https:\/\/www.mojabochnia.pl\/#\/schema\/logo\/image\/\"},\"sameAs\":[\"https:\/\/www.facebook.com\/mojabochnia\"]},{\"@type\":\"Person\",\"@id\":\"https:\/\/www.mojabochnia.pl\/#\/schema\/person\/9e15cf1bcb74043790f124a3130fe41e\",\"name\":\"informacja prasowa\",\"sameAs\":[\"http:\/\/\"],\"url\":\"https:\/\/www.mojabochnia.pl\/?author=8\"}]}<\/script>\n<!-- \/ Yoast SEO plugin. -->","yoast_head_json":{"title":"Chc\u0105 zdoby\u0107 G\u00f3rsk\u0105 Koron\u0119 Ziemi - mojabochnia.pl - portal informacyjny","robots":{"index":"index","follow":"follow","max-snippet":"max-snippet:-1","max-image-preview":"max-image-preview:large","max-video-preview":"max-video-preview:-1"},"canonical":"https:\/\/www.mojabochnia.pl\/?p=185057","og_locale":"pl_PL","og_type":"article","og_title":"Chc\u0105 zdoby\u0107 G\u00f3rsk\u0105 Koron\u0119 Ziemi - mojabochnia.pl - portal informacyjny","og_description":"W Starostwie Powiatowym w Bochni odby\u0142a si\u0119 wsp\u00f3lna konferencja w\u0142adz powiatu i miasta podczas kt\u00f3rej starosta boche\u0144ski Ludwik W\u0119grzyn oraz burmistrz miasta Bochnia Stefan Kolawi\u0144ski oficjalnie obj\u0119li patronatem wypraw\u0119 \u201eEverest &amp; Lhotse Expedition 2018\u201d organizowan\u0105 przez bochnianina Szczepana Brzeskiego. Ju\u017c niebawem bo 8 kwietnia \u00a0Szczepan wsp\u00f3lnie ze swoj\u0105 partnerk\u0105 Sylwi\u0105 Bajek, wyrusz\u0105 w Himalaje. Tym","og_url":"https:\/\/www.mojabochnia.pl\/?p=185057","og_site_name":"mojabochnia.pl - portal informacyjny","article_publisher":"https:\/\/www.facebook.com\/mojabochnia","article_published_time":"2018-04-05T08:05:00+00:00","og_image":[{"width":756,"height":500,"url":"https:\/\/www.mojabochnia.pl\/wp-content\/uploads\/2018\/04\/DSC_3214_1.jpg","type":"image\/jpeg"}],"author":"informacja prasowa","twitter_card":"summary_large_image","twitter_misc":{"Written by":"informacja prasowa","Est. reading time":"3 minuty"},"schema":{"@context":"https:\/\/schema.org","@graph":[{"@type":"Article","@id":"https:\/\/www.mojabochnia.pl\/?p=185057#article","isPartOf":{"@id":"https:\/\/www.mojabochnia.pl\/?p=185057"},"author":{"name":"informacja prasowa","@id":"https:\/\/www.mojabochnia.pl\/#\/schema\/person\/9e15cf1bcb74043790f124a3130fe41e"},"headline":"Chc\u0105 zdoby\u0107 G\u00f3rsk\u0105 Koron\u0119 Ziemi","datePublished":"2018-04-05T08:05:00+00:00","mainEntityOfPage":{"@id":"https:\/\/www.mojabochnia.pl\/?p=185057"},"wordCount":537,"commentCount":0,"publisher":{"@id":"https:\/\/www.mojabochnia.pl\/#organization"},"image":{"@id":"https:\/\/www.mojabochnia.pl\/?p=185057#primaryimage"},"thumbnailUrl":"https:\/\/www.mojabochnia.pl\/wp-content\/uploads\/2018\/04\/DSC_3214_1.jpg","keywords":["everteam","mount everest","sylwia bajek","top temat"],"articleSection":["2_ostatnie","polityka i wydarzenia","tematyka"],"inLanguage":"pl-PL","potentialAction":[{"@type":"CommentAction","name":"Comment","target":["https:\/\/www.mojabochnia.pl\/?p=185057#respond"]}]},{"@type":"WebPage","@id":"https:\/\/www.mojabochnia.pl\/?p=185057","url":"https:\/\/www.mojabochnia.pl\/?p=185057","name":"Chc\u0105 zdoby\u0107 G\u00f3rsk\u0105 Koron\u0119 Ziemi - mojabochnia.pl - portal informacyjny","isPartOf":{"@id":"https:\/\/www.mojabochnia.pl\/#website"},"primaryImageOfPage":{"@id":"https:\/\/www.mojabochnia.pl\/?p=185057#primaryimage"},"image":{"@id":"https:\/\/www.mojabochnia.pl\/?p=185057#primaryimage"},"thumbnailUrl":"https:\/\/www.mojabochnia.pl\/wp-content\/uploads\/2018\/04\/DSC_3214_1.jpg","datePublished":"2018-04-05T08:05:00+00:00","breadcrumb":{"@id":"https:\/\/www.mojabochnia.pl\/?p=185057#breadcrumb"},"inLanguage":"pl-PL","potentialAction":[{"@type":"ReadAction","target":["https:\/\/www.mojabochnia.pl\/?p=185057"]}]},{"@type":"ImageObject","inLanguage":"pl-PL","@id":"https:\/\/www.mojabochnia.pl\/?p=185057#primaryimage","url":"https:\/\/www.mojabochnia.pl\/wp-content\/uploads\/2018\/04\/DSC_3214_1.jpg","contentUrl":"https:\/\/www.mojabochnia.pl\/wp-content\/uploads\/2018\/04\/DSC_3214_1.jpg","width":756,"height":500},{"@type":"BreadcrumbList","@id":"https:\/\/www.mojabochnia.pl\/?p=185057#breadcrumb","itemListElement":[{"@type":"ListItem","position":1,"name":"Home","item":"https:\/\/www.mojabochnia.pl\/"},{"@type":"ListItem","position":2,"name":"Chc\u0105 zdoby\u0107 G\u00f3rsk\u0105 Koron\u0119 Ziemi"}]},{"@type":"WebSite","@id":"https:\/\/www.mojabochnia.pl\/#website","url":"https:\/\/www.mojabochnia.pl\/","name":"mojabochnia.pl - portal informacyjny","description":"mojaBochnia to portal informacyjny o Bochni. Codziennie o Bochni piszemy i pokazujemy najwa\u017cniejsze wydarzenia","publisher":{"@id":"https:\/\/www.mojabochnia.pl\/#organization"},"potentialAction":[{"@type":"SearchAction","target":{"@type":"EntryPoint","urlTemplate":"https:\/\/www.mojabochnia.pl\/?s={search_term_string}"},"query-input":{"@type":"PropertyValueSpecification","valueRequired":true,"valueName":"search_term_string"}}],"inLanguage":"pl-PL"},{"@type":"Organization","@id":"https:\/\/www.mojabochnia.pl\/#organization","name":"mojabochnia.pl - portal informacyjny","url":"https:\/\/www.mojabochnia.pl\/","logo":{"@type":"ImageObject","inLanguage":"pl-PL","@id":"https:\/\/www.mojabochnia.pl\/#\/schema\/logo\/image\/","url":"https:\/\/www.mojabochnia.pl\/wp-content\/uploads\/2017\/08\/logo-mb-opt.png","contentUrl":"https:\/\/www.mojabochnia.pl\/wp-content\/uploads\/2017\/08\/logo-mb-opt.png","width":250,"height":48,"caption":"mojabochnia.pl - portal informacyjny"},"image":{"@id":"https:\/\/www.mojabochnia.pl\/#\/schema\/logo\/image\/"},"sameAs":["https:\/\/www.facebook.com\/mojabochnia"]},{"@type":"Person","@id":"https:\/\/www.mojabochnia.pl\/#\/schema\/person\/9e15cf1bcb74043790f124a3130fe41e","name":"informacja prasowa","sameAs":["http:\/\/"],"url":"https:\/\/www.mojabochnia.pl\/?author=8"}]}},"_links":{"self":[{"href":"https:\/\/www.mojabochnia.pl\/index.php?rest_route=\/wp\/v2\/posts\/185057","targetHints":{"allow":["GET"]}}],"collection":[{"href":"https:\/\/www.mojabochnia.pl\/index.php?rest_route=\/wp\/v2\/posts"}],"about":[{"href":"https:\/\/www.mojabochnia.pl\/index.php?rest_route=\/wp\/v2\/types\/post"}],"author":[{"embeddable":true,"href":"https:\/\/www.mojabochnia.pl\/index.php?rest_route=\/wp\/v2\/users\/8"}],"replies":[{"embeddable":true,"href":"https:\/\/www.mojabochnia.pl\/index.php?rest_route=%2Fwp%2Fv2%2Fcomments&post=185057"}],"version-history":[{"count":2,"href":"https:\/\/www.mojabochnia.pl\/index.php?rest_route=\/wp\/v2\/posts\/185057\/revisions"}],"predecessor-version":[{"id":185061,"href":"https:\/\/www.mojabochnia.pl\/index.php?rest_route=\/wp\/v2\/posts\/185057\/revisions\/185061"}],"wp:featuredmedia":[{"embeddable":true,"href":"https:\/\/www.mojabochnia.pl\/index.php?rest_route=\/wp\/v2\/media\/185060"}],"wp:attachment":[{"href":"https:\/\/www.mojabochnia.pl\/index.php?rest_route=%2Fwp%2Fv2%2Fmedia&parent=185057"}],"wp:term":[{"taxonomy":"category","embeddable":true,"href":"https:\/\/www.mojabochnia.pl\/index.php?rest_route=%2Fwp%2Fv2%2Fcategories&post=185057"},{"taxonomy":"post_tag","embeddable":true,"href":"https:\/\/www.mojabochnia.pl\/index.php?rest_route=%2Fwp%2Fv2%2Ftags&post=185057"}],"curies":[{"name":"wp","href":"https:\/\/api.w.org\/{rel}","templated":true}]}}