{"id":185041,"date":"2018-04-04T14:07:09","date_gmt":"2018-04-04T12:07:09","guid":{"rendered":"https:\/\/www.mojabochnia.pl\/?p=185041"},"modified":"2018-04-04T14:07:22","modified_gmt":"2018-04-04T12:07:22","slug":"i-miejsce-uczennicy-ekonomika-w-olimpiadzie-promocji-zdrowia","status":"publish","type":"post","link":"https:\/\/www.mojabochnia.pl\/?p=185041","title":{"rendered":"I miejsce uczennicy \u201eEkonomika\u201d w Olimpiadzie Promocji Zdrowia"},"content":{"rendered":"<div class=\"short_desc\"><strong>W krakowskim oddziale Polskiego Czerwonego Krzy\u017ca odby\u0142 si\u0119 etap okr\u0119gowy Olimpiady Promocji Zdrowego Stylu \u017bycia PCK. I miejsce w kategorii \u2013 uczniowie szk\u00f3\u0142 \u015brednich, zaj\u0119\u0142a Kinga Wrona \u2013 uczennica Zespo\u0142u Szk\u00f3\u0142 nr 3 w Bochni i tym samym, b\u0119dzie reprezentowa\u0107 Ma\u0142opolski Oddzia\u0142 Okr\u0119gowy PCK podczas etapu centralnego Olimpiady, kt\u00f3ry ob\u0119dzie si\u0119 w maja w \u0141odzi.<\/strong><\/div>\n<p>Olimpiada Promocji Zdrowego Stylu \u017bycia PCK to\u00a0og\u00f3lnopolski konkurs dla tych, kt\u00f3rzy\u00a0wiedz\u0105,\u00a0jak zdrowo i\u00a0aktywnie \u017cy\u0107. Uczestnicy Olimpiady musz\u0105 wykaza\u0107 si\u0119 wiedz\u0105 dotycz\u0105c\u0105 zdrowego od\u017cywiania, przeciwdzia\u0142ania uzale\u017cnieniom, ekologii oraz\u00a0znajomo\u015bci\u0105 zasad udzielania pierwszej pomocy.\u00a0Konkurs sk\u0142ada si\u0119 z\u00a0kilku etap\u00f3w \u2013 szkolnego, rejonowego, okr\u0119gowego i\u00a0centralnego, czyli fina\u0142u. Na\u00a0ka\u017cdym etapie\u00a0Olimpiady uczestnicy musz\u0105 rozwi\u0105za\u0107 test dotycz\u0105cy prawid\u0142owego od\u017cywiania, pierwszej pomocy, ekologii oraz\u00a0promocji zdrowego stylu \u017cycia. Najlepsi uczestnicy etapu szkolnego, w\u00a0dalszych etapach dodatkowo musz\u0105 zaprezentowa\u0107 swoje umiej\u0119tno\u015bci, przeprowadzaj\u0105c akcje sportowe i\u00a0prozdrowotne w\u00a0swoich \u015brodowiskach lokalnych, a\u00a0w\u00a0finale przyst\u0119puj\u0105c do\u00a0egzaminu z\u00a0pierwszej pomocy.<\/p>\n<p>&nbsp;<\/p>\n<p>Patronat honorowy nad\u00a0Olimpiad\u0105 \u00a0obj\u0119li: Minister Edukacji Narodowej, Pa\u0144stwowy Inspektor Sanitarny, Rektor Uniwersytetu Medycznego w\u00a0\u0141odzi, Rektor Warszawskiego Uniwersytetu Medycznego, Dyrektor Instytutu \u017bywno\u015bci i\u00a0\u017bywienia oraz\u00a0Dyrektor Krajowego Centrum ds.\u00a0AIDS. Partnerem merytorycznym jest Ko\u0142o Naukowe Dietetyk\u00f3w Warszawskiego Uniwersytetu Medycznego, natomiast partnerem Coca-Cola HBC Polska.<\/p>\n<p>Nagrod\u0105 g\u0142\u00f3wn\u0105 w\u00a0kategorii \u201eszko\u0142a \u015brednia\u201d jest indeks na\u00a0jeden z\u00a0kierunk\u00f3w Wydzia\u0142u Nauk o\u00a0Zdrowiu Uniwersytetu Medycznego w\u00a0\u0141odzi.<\/p>\n<p>___<\/p>\n<p>Powiat Boche\u0144ski<\/p>\n\t  \r\n\t\r\n\t    <div class=\"mb-gallery\">\r\n\t    <a href=\"https:\/\/www.mojabochnia.pl\/?attachment_id=185043\" class=\"\"><img loading=\"lazy\" decoding=\"async\" width=\"100\" height=\"100\" src=\"https:\/\/www.mojabochnia.pl\/wp-content\/uploads\/2018\/04\/KW-100x100.jpg\" class=\"attachment-100x100 size-100x100\" alt=\"\" \/><\/a><a href=\"https:\/\/www.mojabochnia.pl\/?attachment_id=185044\" class=\"\"><img loading=\"lazy\" decoding=\"async\" width=\"100\" height=\"100\" src=\"https:\/\/www.mojabochnia.pl\/wp-content\/uploads\/2018\/04\/KW-1-100x100.jpg\" class=\"attachment-100x100 size-100x100\" alt=\"\" \/><\/a>\t    <\/div>\r\n\t    ","protected":false},"excerpt":{"rendered":"<p>W krakowskim oddziale Polskiego Czerwonego Krzy\u017ca odby\u0142 si\u0119 etap okr\u0119gowy Olimpiady Promocji Zdrowego Stylu \u017bycia PCK. I miejsce w kategorii \u2013 uczniowie szk\u00f3\u0142 \u015brednich, zaj\u0119\u0142a Kinga Wrona \u2013 uczennica Zespo\u0142u Szk\u00f3\u0142 nr 3 w Bochni i tym samym, b\u0119dzie reprezentowa\u0107 Ma\u0142opolski Oddzia\u0142 Okr\u0119gowy PCK podczas etapu centralnego Olimpiady, kt\u00f3ry ob\u0119dzie si\u0119 w maja w \u0141odzi.<\/p>\n","protected":false},"author":8,"featured_media":185044,"comment_status":"open","ping_status":"closed","sticky":false,"template":"","format":"standard","meta":{"_acf_changed":false,"footnotes":""},"categories":[5,6251,6250],"tags":[17396,17122,17249],"class_list":["post-185041","post","type-post","status-publish","format-standard","has-post-thumbnail","hentry","category-biezace-wydarzenia","category-polityka-i-wydarzenia","category-tematyka","tag-edukacja","tag-konkurs","tag-szkola","main_tag-ekonomik"],"acf":[],"yoast_head":"<!-- This site is optimized with the Yoast SEO plugin v26.9 - https:\/\/yoast.com\/product\/yoast-seo-wordpress\/ -->\n<title>I miejsce uczennicy \u201eEkonomika\u201d w Olimpiadzie Promocji Zdrowia - mojabochnia.pl - portal informacyjny<\/title>\n<meta name=\"robots\" content=\"index, follow, max-snippet:-1, max-image-preview:large, max-video-preview:-1\" \/>\n<link rel=\"canonical\" href=\"https:\/\/www.mojabochnia.pl\/?p=185041\" \/>\n<meta property=\"og:locale\" content=\"pl_PL\" \/>\n<meta property=\"og:type\" content=\"article\" \/>\n<meta property=\"og:title\" content=\"I miejsce uczennicy \u201eEkonomika\u201d w Olimpiadzie Promocji Zdrowia - mojabochnia.pl - portal informacyjny\" \/>\n<meta property=\"og:description\" content=\"W krakowskim oddziale Polskiego Czerwonego Krzy\u017ca odby\u0142 si\u0119 etap okr\u0119gowy Olimpiady Promocji Zdrowego Stylu \u017bycia PCK. I miejsce w kategorii \u2013 uczniowie szk\u00f3\u0142 \u015brednich, zaj\u0119\u0142a Kinga Wrona \u2013 uczennica Zespo\u0142u Szk\u00f3\u0142 nr 3 w Bochni i tym samym, b\u0119dzie reprezentowa\u0107 Ma\u0142opolski Oddzia\u0142 Okr\u0119gowy PCK podczas etapu centralnego Olimpiady, kt\u00f3ry ob\u0119dzie si\u0119 w maja w \u0141odzi.\" \/>\n<meta property=\"og:url\" content=\"https:\/\/www.mojabochnia.pl\/?p=185041\" \/>\n<meta property=\"og:site_name\" content=\"mojabochnia.pl - portal informacyjny\" \/>\n<meta property=\"article:publisher\" content=\"https:\/\/www.facebook.com\/mojabochnia\" \/>\n<meta property=\"article:published_time\" content=\"2018-04-04T12:07:09+00:00\" \/>\n<meta property=\"article:modified_time\" content=\"2018-04-04T12:07:22+00:00\" \/>\n<meta property=\"og:image\" content=\"https:\/\/www.mojabochnia.pl\/wp-content\/uploads\/2018\/04\/KW-1.jpg\" \/>\n\t<meta property=\"og:image:width\" content=\"342\" \/>\n\t<meta property=\"og:image:height\" content=\"500\" \/>\n\t<meta property=\"og:image:type\" content=\"image\/jpeg\" \/>\n<meta name=\"author\" content=\"informacja prasowa\" \/>\n<meta name=\"twitter:card\" content=\"summary_large_image\" \/>\n<meta name=\"twitter:label1\" content=\"Written by\" \/>\n\t<meta name=\"twitter:data1\" content=\"informacja prasowa\" \/>\n\t<meta name=\"twitter:label2\" content=\"Est. reading time\" \/>\n\t<meta name=\"twitter:data2\" content=\"1 minuta\" \/>\n<script type=\"application\/ld+json\" class=\"yoast-schema-graph\">{\"@context\":\"https:\/\/schema.org\",\"@graph\":[{\"@type\":\"Article\",\"@id\":\"https:\/\/www.mojabochnia.pl\/?p=185041#article\",\"isPartOf\":{\"@id\":\"https:\/\/www.mojabochnia.pl\/?p=185041\"},\"author\":{\"name\":\"informacja prasowa\",\"@id\":\"https:\/\/www.mojabochnia.pl\/#\/schema\/person\/9e15cf1bcb74043790f124a3130fe41e\"},\"headline\":\"I miejsce uczennicy \u201eEkonomika\u201d w Olimpiadzie Promocji Zdrowia\",\"datePublished\":\"2018-04-04T12:07:09+00:00\",\"dateModified\":\"2018-04-04T12:07:22+00:00\",\"mainEntityOfPage\":{\"@id\":\"https:\/\/www.mojabochnia.pl\/?p=185041\"},\"wordCount\":266,\"commentCount\":0,\"publisher\":{\"@id\":\"https:\/\/www.mojabochnia.pl\/#organization\"},\"image\":{\"@id\":\"https:\/\/www.mojabochnia.pl\/?p=185041#primaryimage\"},\"thumbnailUrl\":\"https:\/\/www.mojabochnia.pl\/wp-content\/uploads\/2018\/04\/KW-1.jpg\",\"keywords\":[\"edukacja\",\"konkurs\",\"szko\u0142a\"],\"articleSection\":[\"2_ostatnie\",\"polityka i wydarzenia\",\"tematyka\"],\"inLanguage\":\"pl-PL\",\"potentialAction\":[{\"@type\":\"CommentAction\",\"name\":\"Comment\",\"target\":[\"https:\/\/www.mojabochnia.pl\/?p=185041#respond\"]}]},{\"@type\":\"WebPage\",\"@id\":\"https:\/\/www.mojabochnia.pl\/?p=185041\",\"url\":\"https:\/\/www.mojabochnia.pl\/?p=185041\",\"name\":\"I miejsce uczennicy \u201eEkonomika\u201d w Olimpiadzie Promocji Zdrowia - mojabochnia.pl - portal informacyjny\",\"isPartOf\":{\"@id\":\"https:\/\/www.mojabochnia.pl\/#website\"},\"primaryImageOfPage\":{\"@id\":\"https:\/\/www.mojabochnia.pl\/?p=185041#primaryimage\"},\"image\":{\"@id\":\"https:\/\/www.mojabochnia.pl\/?p=185041#primaryimage\"},\"thumbnailUrl\":\"https:\/\/www.mojabochnia.pl\/wp-content\/uploads\/2018\/04\/KW-1.jpg\",\"datePublished\":\"2018-04-04T12:07:09+00:00\",\"dateModified\":\"2018-04-04T12:07:22+00:00\",\"breadcrumb\":{\"@id\":\"https:\/\/www.mojabochnia.pl\/?p=185041#breadcrumb\"},\"inLanguage\":\"pl-PL\",\"potentialAction\":[{\"@type\":\"ReadAction\",\"target\":[\"https:\/\/www.mojabochnia.pl\/?p=185041\"]}]},{\"@type\":\"ImageObject\",\"inLanguage\":\"pl-PL\",\"@id\":\"https:\/\/www.mojabochnia.pl\/?p=185041#primaryimage\",\"url\":\"https:\/\/www.mojabochnia.pl\/wp-content\/uploads\/2018\/04\/KW-1.jpg\",\"contentUrl\":\"https:\/\/www.mojabochnia.pl\/wp-content\/uploads\/2018\/04\/KW-1.jpg\",\"width\":342,\"height\":500},{\"@type\":\"BreadcrumbList\",\"@id\":\"https:\/\/www.mojabochnia.pl\/?p=185041#breadcrumb\",\"itemListElement\":[{\"@type\":\"ListItem\",\"position\":1,\"name\":\"Home\",\"item\":\"https:\/\/www.mojabochnia.pl\/\"},{\"@type\":\"ListItem\",\"position\":2,\"name\":\"I miejsce uczennicy \u201eEkonomika\u201d w Olimpiadzie Promocji Zdrowia\"}]},{\"@type\":\"WebSite\",\"@id\":\"https:\/\/www.mojabochnia.pl\/#website\",\"url\":\"https:\/\/www.mojabochnia.pl\/\",\"name\":\"mojabochnia.pl - portal informacyjny\",\"description\":\"mojaBochnia to portal informacyjny o Bochni. Codziennie o Bochni piszemy i pokazujemy najwa\u017cniejsze wydarzenia\",\"publisher\":{\"@id\":\"https:\/\/www.mojabochnia.pl\/#organization\"},\"potentialAction\":[{\"@type\":\"SearchAction\",\"target\":{\"@type\":\"EntryPoint\",\"urlTemplate\":\"https:\/\/www.mojabochnia.pl\/?s={search_term_string}\"},\"query-input\":{\"@type\":\"PropertyValueSpecification\",\"valueRequired\":true,\"valueName\":\"search_term_string\"}}],\"inLanguage\":\"pl-PL\"},{\"@type\":\"Organization\",\"@id\":\"https:\/\/www.mojabochnia.pl\/#organization\",\"name\":\"mojabochnia.pl - portal informacyjny\",\"url\":\"https:\/\/www.mojabochnia.pl\/\",\"logo\":{\"@type\":\"ImageObject\",\"inLanguage\":\"pl-PL\",\"@id\":\"https:\/\/www.mojabochnia.pl\/#\/schema\/logo\/image\/\",\"url\":\"https:\/\/www.mojabochnia.pl\/wp-content\/uploads\/2017\/08\/logo-mb-opt.png\",\"contentUrl\":\"https:\/\/www.mojabochnia.pl\/wp-content\/uploads\/2017\/08\/logo-mb-opt.png\",\"width\":250,\"height\":48,\"caption\":\"mojabochnia.pl - portal informacyjny\"},\"image\":{\"@id\":\"https:\/\/www.mojabochnia.pl\/#\/schema\/logo\/image\/\"},\"sameAs\":[\"https:\/\/www.facebook.com\/mojabochnia\"]},{\"@type\":\"Person\",\"@id\":\"https:\/\/www.mojabochnia.pl\/#\/schema\/person\/9e15cf1bcb74043790f124a3130fe41e\",\"name\":\"informacja prasowa\",\"sameAs\":[\"http:\/\/\"],\"url\":\"https:\/\/www.mojabochnia.pl\/?author=8\"}]}<\/script>\n<!-- \/ Yoast SEO plugin. -->","yoast_head_json":{"title":"I miejsce uczennicy \u201eEkonomika\u201d w Olimpiadzie Promocji Zdrowia - mojabochnia.pl - portal informacyjny","robots":{"index":"index","follow":"follow","max-snippet":"max-snippet:-1","max-image-preview":"max-image-preview:large","max-video-preview":"max-video-preview:-1"},"canonical":"https:\/\/www.mojabochnia.pl\/?p=185041","og_locale":"pl_PL","og_type":"article","og_title":"I miejsce uczennicy \u201eEkonomika\u201d w Olimpiadzie Promocji Zdrowia - mojabochnia.pl - portal informacyjny","og_description":"W krakowskim oddziale Polskiego Czerwonego Krzy\u017ca odby\u0142 si\u0119 etap okr\u0119gowy Olimpiady Promocji Zdrowego Stylu \u017bycia PCK. I miejsce w kategorii \u2013 uczniowie szk\u00f3\u0142 \u015brednich, zaj\u0119\u0142a Kinga Wrona \u2013 uczennica Zespo\u0142u Szk\u00f3\u0142 nr 3 w Bochni i tym samym, b\u0119dzie reprezentowa\u0107 Ma\u0142opolski Oddzia\u0142 Okr\u0119gowy PCK podczas etapu centralnego Olimpiady, kt\u00f3ry ob\u0119dzie si\u0119 w maja w \u0141odzi.","og_url":"https:\/\/www.mojabochnia.pl\/?p=185041","og_site_name":"mojabochnia.pl - portal informacyjny","article_publisher":"https:\/\/www.facebook.com\/mojabochnia","article_published_time":"2018-04-04T12:07:09+00:00","article_modified_time":"2018-04-04T12:07:22+00:00","og_image":[{"width":342,"height":500,"url":"https:\/\/www.mojabochnia.pl\/wp-content\/uploads\/2018\/04\/KW-1.jpg","type":"image\/jpeg"}],"author":"informacja prasowa","twitter_card":"summary_large_image","twitter_misc":{"Written by":"informacja prasowa","Est. reading time":"1 minuta"},"schema":{"@context":"https:\/\/schema.org","@graph":[{"@type":"Article","@id":"https:\/\/www.mojabochnia.pl\/?p=185041#article","isPartOf":{"@id":"https:\/\/www.mojabochnia.pl\/?p=185041"},"author":{"name":"informacja prasowa","@id":"https:\/\/www.mojabochnia.pl\/#\/schema\/person\/9e15cf1bcb74043790f124a3130fe41e"},"headline":"I miejsce uczennicy \u201eEkonomika\u201d w Olimpiadzie Promocji Zdrowia","datePublished":"2018-04-04T12:07:09+00:00","dateModified":"2018-04-04T12:07:22+00:00","mainEntityOfPage":{"@id":"https:\/\/www.mojabochnia.pl\/?p=185041"},"wordCount":266,"commentCount":0,"publisher":{"@id":"https:\/\/www.mojabochnia.pl\/#organization"},"image":{"@id":"https:\/\/www.mojabochnia.pl\/?p=185041#primaryimage"},"thumbnailUrl":"https:\/\/www.mojabochnia.pl\/wp-content\/uploads\/2018\/04\/KW-1.jpg","keywords":["edukacja","konkurs","szko\u0142a"],"articleSection":["2_ostatnie","polityka i wydarzenia","tematyka"],"inLanguage":"pl-PL","potentialAction":[{"@type":"CommentAction","name":"Comment","target":["https:\/\/www.mojabochnia.pl\/?p=185041#respond"]}]},{"@type":"WebPage","@id":"https:\/\/www.mojabochnia.pl\/?p=185041","url":"https:\/\/www.mojabochnia.pl\/?p=185041","name":"I miejsce uczennicy \u201eEkonomika\u201d w Olimpiadzie Promocji Zdrowia - mojabochnia.pl - portal informacyjny","isPartOf":{"@id":"https:\/\/www.mojabochnia.pl\/#website"},"primaryImageOfPage":{"@id":"https:\/\/www.mojabochnia.pl\/?p=185041#primaryimage"},"image":{"@id":"https:\/\/www.mojabochnia.pl\/?p=185041#primaryimage"},"thumbnailUrl":"https:\/\/www.mojabochnia.pl\/wp-content\/uploads\/2018\/04\/KW-1.jpg","datePublished":"2018-04-04T12:07:09+00:00","dateModified":"2018-04-04T12:07:22+00:00","breadcrumb":{"@id":"https:\/\/www.mojabochnia.pl\/?p=185041#breadcrumb"},"inLanguage":"pl-PL","potentialAction":[{"@type":"ReadAction","target":["https:\/\/www.mojabochnia.pl\/?p=185041"]}]},{"@type":"ImageObject","inLanguage":"pl-PL","@id":"https:\/\/www.mojabochnia.pl\/?p=185041#primaryimage","url":"https:\/\/www.mojabochnia.pl\/wp-content\/uploads\/2018\/04\/KW-1.jpg","contentUrl":"https:\/\/www.mojabochnia.pl\/wp-content\/uploads\/2018\/04\/KW-1.jpg","width":342,"height":500},{"@type":"BreadcrumbList","@id":"https:\/\/www.mojabochnia.pl\/?p=185041#breadcrumb","itemListElement":[{"@type":"ListItem","position":1,"name":"Home","item":"https:\/\/www.mojabochnia.pl\/"},{"@type":"ListItem","position":2,"name":"I miejsce uczennicy \u201eEkonomika\u201d w Olimpiadzie Promocji Zdrowia"}]},{"@type":"WebSite","@id":"https:\/\/www.mojabochnia.pl\/#website","url":"https:\/\/www.mojabochnia.pl\/","name":"mojabochnia.pl - portal informacyjny","description":"mojaBochnia to portal informacyjny o Bochni. Codziennie o Bochni piszemy i pokazujemy najwa\u017cniejsze wydarzenia","publisher":{"@id":"https:\/\/www.mojabochnia.pl\/#organization"},"potentialAction":[{"@type":"SearchAction","target":{"@type":"EntryPoint","urlTemplate":"https:\/\/www.mojabochnia.pl\/?s={search_term_string}"},"query-input":{"@type":"PropertyValueSpecification","valueRequired":true,"valueName":"search_term_string"}}],"inLanguage":"pl-PL"},{"@type":"Organization","@id":"https:\/\/www.mojabochnia.pl\/#organization","name":"mojabochnia.pl - portal informacyjny","url":"https:\/\/www.mojabochnia.pl\/","logo":{"@type":"ImageObject","inLanguage":"pl-PL","@id":"https:\/\/www.mojabochnia.pl\/#\/schema\/logo\/image\/","url":"https:\/\/www.mojabochnia.pl\/wp-content\/uploads\/2017\/08\/logo-mb-opt.png","contentUrl":"https:\/\/www.mojabochnia.pl\/wp-content\/uploads\/2017\/08\/logo-mb-opt.png","width":250,"height":48,"caption":"mojabochnia.pl - portal informacyjny"},"image":{"@id":"https:\/\/www.mojabochnia.pl\/#\/schema\/logo\/image\/"},"sameAs":["https:\/\/www.facebook.com\/mojabochnia"]},{"@type":"Person","@id":"https:\/\/www.mojabochnia.pl\/#\/schema\/person\/9e15cf1bcb74043790f124a3130fe41e","name":"informacja prasowa","sameAs":["http:\/\/"],"url":"https:\/\/www.mojabochnia.pl\/?author=8"}]}},"_links":{"self":[{"href":"https:\/\/www.mojabochnia.pl\/index.php?rest_route=\/wp\/v2\/posts\/185041","targetHints":{"allow":["GET"]}}],"collection":[{"href":"https:\/\/www.mojabochnia.pl\/index.php?rest_route=\/wp\/v2\/posts"}],"about":[{"href":"https:\/\/www.mojabochnia.pl\/index.php?rest_route=\/wp\/v2\/types\/post"}],"author":[{"embeddable":true,"href":"https:\/\/www.mojabochnia.pl\/index.php?rest_route=\/wp\/v2\/users\/8"}],"replies":[{"embeddable":true,"href":"https:\/\/www.mojabochnia.pl\/index.php?rest_route=%2Fwp%2Fv2%2Fcomments&post=185041"}],"version-history":[{"count":1,"href":"https:\/\/www.mojabochnia.pl\/index.php?rest_route=\/wp\/v2\/posts\/185041\/revisions"}],"predecessor-version":[{"id":185045,"href":"https:\/\/www.mojabochnia.pl\/index.php?rest_route=\/wp\/v2\/posts\/185041\/revisions\/185045"}],"wp:featuredmedia":[{"embeddable":true,"href":"https:\/\/www.mojabochnia.pl\/index.php?rest_route=\/wp\/v2\/media\/185044"}],"wp:attachment":[{"href":"https:\/\/www.mojabochnia.pl\/index.php?rest_route=%2Fwp%2Fv2%2Fmedia&parent=185041"}],"wp:term":[{"taxonomy":"category","embeddable":true,"href":"https:\/\/www.mojabochnia.pl\/index.php?rest_route=%2Fwp%2Fv2%2Fcategories&post=185041"},{"taxonomy":"post_tag","embeddable":true,"href":"https:\/\/www.mojabochnia.pl\/index.php?rest_route=%2Fwp%2Fv2%2Ftags&post=185041"}],"curies":[{"name":"wp","href":"https:\/\/api.w.org\/{rel}","templated":true}]}}