{"id":185038,"date":"2018-04-04T08:34:48","date_gmt":"2018-04-04T06:34:48","guid":{"rendered":"https:\/\/www.mojabochnia.pl\/?p=185038"},"modified":"2018-04-03T17:38:39","modified_gmt":"2018-04-03T15:38:39","slug":"klasyka-kina-na-nowo-zrekonstruowane-cyfrowo-arcydzielo-sanatorium-pod-klepsydra-zapowiedz","status":"publish","type":"post","link":"https:\/\/www.mojabochnia.pl\/?p=185038","title":{"rendered":"\u201eKlasyka kina na nowo&#8221; &#8211; zrekonstruowane cyfrowo arcydzie\u0142o \u201eSanatorium pod Klepsydr\u0105&#8221; &#8211; zapowied\u017a"},"content":{"rendered":"<p><strong>\u00a0DKF Maciste zaprasza 5 kwietnia (czwartek, godz. 19.00)) na &#8211; nagrodzony Nagrod\u0105 Specjaln\u0105 Jury podczas Mi\u0119dzynarodowego Festiwalu Filmowego w Cannes w 1973 roku &#8211; jeden z najwspanialszych polskich film\u00f3w &#8211; &#8222;Sanatorium pod klepsydr\u0105&#8221;.<\/strong><\/p>\n<p>Arcydzie\u0142o wybitnego polskiego re\u017cysera, Wojciecha Jerzego Hasa, tym razem po gruntownej rekonstrukcji cyfrowej, dzi\u0119ki kt\u00f3rej zachwyca jeszcze bardziej. To oparty na prozie Bruno Schulza, maria\u017c filmu poetyckiego i psychologicznego. Prelekcj\u0119 do filmu przeprowadzi Maciej Gil.<\/p>\n<p>Jeden z najpi\u0119kniejszych wizualnie i najbardziej oryginalnych film\u00f3w polskich. Poetycka refleksja na temat przemijania oraz nieodwracalno\u015bci \u015bmierci. Has przywo\u0142a\u0142 na ekran uniwersum sennego marzenia inkrustowanego odpryskami wspomnie\u0144 dzieci\u0144stwa, w kt\u00f3rym przemiesza\u0142y si\u0119 r\u00f3\u017cne pierwiastki: monarchia austro-w\u0119gierska, kresowa subkultura \u017cydowskich miasteczek i marzenia ma\u0142ego ch\u0142opca. \/Jan S\u0142odowski, Leksykon polskich film\u00f3w fabularnych, Warszawa 1996\/<\/p>\n<p>J\u00f3zef przyje\u017cd\u017ca do Sanatorium pod Klepsydr\u0105, prowadzonego przez doktora Gotarda, gdzie przebywa jego zmar\u0142y ojciec, przywr\u00f3cony do \u017cycia, lecz przeniesiony w inny wymiar czasu. J\u00f3zef odbywa podr\u00f3\u017c w r\u00f3\u017cne p\u0119tle czasu przesz\u0142ego \u2013 lata swojego dzieci\u0144stwa i fantastycznych marze\u0144. O\u017cywa dom rodzinny, sklep ojca, \u017cydowskie miasteczko, przewijaj\u0105 si\u0119 obrazy ewokowane kolekcjami znaczk\u00f3w i fabu\u0142y z gazetowych powie\u015bci, niezwyk\u0142y ogr\u00f3d ksi\u0119\u017cniczki Bianki, kt\u00f3ra odesz\u0142a z Rudolfem, przyjacielem J\u00f3zefa. Przy pr\u00f3bie dokonania powt\u00f3rnej p\u0119tli czasowej \u015bwiat \u017cydowskich miasteczek oraz \u017cydowskiej kultury okazuje si\u0119 zniszczony i wyludniony po tragedii holocaustu.<\/p>\n<p>Jest to film, kt\u00f3ry nie wstydzi si\u0119 \u201efilmowo\u015bci&#8221;, obficie korzysta z szans, jakie wizjonerowi ekranu oferuje dzisiejsze kino. Gdy ogl\u0105da si\u0119 Sanatorium, przychodzi refleksja, jak wiele straci\u0142 R\u0119kopis znaleziony w Saragossie z powodu tego, \u017ce zosta\u0142 zrealizowany na ta\u015bmie czarno-bia\u0142ej. Ostatni film Hasa, film-elegia, reanimuj\u0105cy sny o \u015bwiecie sprzed potopu, unika tonacji popio\u0142u, mieni si\u0119 wszystkimi barwami; w niekt\u00f3rych swych partiach urzeka widowiskowo\u015bci\u0105, kt\u00f3rej ambitne kino dzi\u015b si\u0119 nie wstydzi. My\u015bl\u0119, \u017ce w dorobku Wojciecha Hasa Sanatorium Pod Klepsydr\u0105 jest pozycj\u0105 bardzo wa\u017cn\u0105, nobilituje ona bowiem, uzasadnia jakby wstecz jego poszukiwania; w niekt\u00f3rych jego dawniejszych filmach istnia\u0142 niekiedy rozd\u017awi\u0119k pomi\u0119dzy subteln\u0105, filigranow\u0105 tkank\u0105 jego wizji a samym \u201etematem&#8221; czy \u201etre\u015bci\u0105\u201d, jakby nie daj\u0105c\u0105 si\u0119 unie\u015b\u0107 przy u\u017cyciu tych w\u0142a\u015bnie \u015brodk\u00f3w. Ot\u00f3\u017c tutaj zgodno\u015b\u0107 pomi\u0119dzy \u201ewyrazem\u201d a tym co \u201ewyra\u017cane\u201d jest zupe\u0142na: tylko przy u\u017cyciu takiego j\u0119zyka mo\u017cna przezwyci\u0119\u017cy\u0107 op\u00f3r czasu, daj\u0105c r\u00f3wnocze\u015bnie \u015bwiadectwo zag\u0142ady owych mikro\u015bwiat\u00f3w kresowych, niby marginesowych, a przecie\u017c wessanych, zasymilowanych przez nasz\u0105 pod\u015bwiadomo\u015b\u0107 kulturaln\u0105. \/Konrad Eberhardt, \u201eKino\u201d 1973, nr 12\/<\/p>\n<p>&#8212;&#8212;&#8212;&#8212;&#8212;&#8212;<br \/>\nSANATORIUM POD KLEPSYDR\u0104 \/1973\/<br \/>\n5 kwietnia \/czwartek\/ 2018, godz. 19.00<br \/>\nKino Regis, ul. Regis 1<br \/>\nbilety: 10 z\u0142, 5 z\u0142 dla cz\u0142onk\u00f3w DKF-u<br \/>\nZrealizowano przy wsparciu PISF<\/p>\n<p>&nbsp;<\/p>\n","protected":false},"excerpt":{"rendered":"<p>\u00a0DKF Maciste zaprasza 5 kwietnia (czwartek, godz. 19.00)) na &#8211; nagrodzony Nagrod\u0105 Specjaln\u0105 Jury podczas Mi\u0119dzynarodowego Festiwalu Filmowego w Cannes w 1973 roku &#8211; jeden z najwspanialszych polskich film\u00f3w &#8211; &#8222;Sanatorium pod klepsydr\u0105&#8221;. Arcydzie\u0142o wybitnego polskiego re\u017cysera, Wojciecha Jerzego Hasa, tym razem po gruntownej rekonstrukcji cyfrowej, dzi\u0119ki kt\u00f3rej zachwyca jeszcze bardziej. To oparty na prozie<\/p>\n","protected":false},"author":1168,"featured_media":64976,"comment_status":"open","ping_status":"closed","sticky":false,"template":"","format":"standard","meta":{"_acf_changed":false,"footnotes":""},"categories":[5,92,6250],"tags":[17289,20466],"class_list":["post-185038","post","type-post","status-publish","format-standard","has-post-thumbnail","hentry","category-biezace-wydarzenia","category-kultura","category-tematyka","tag-kino","tag-zapowiedz","main_tag-kino-regis"],"acf":[],"yoast_head":"<!-- This site is optimized with the Yoast SEO plugin v26.9 - https:\/\/yoast.com\/product\/yoast-seo-wordpress\/ -->\n<title>\u201eKlasyka kina na nowo&quot; - zrekonstruowane cyfrowo arcydzie\u0142o \u201eSanatorium pod Klepsydr\u0105&quot; - zapowied\u017a - mojabochnia.pl - portal informacyjny<\/title>\n<meta name=\"robots\" content=\"index, follow, max-snippet:-1, max-image-preview:large, max-video-preview:-1\" \/>\n<link rel=\"canonical\" href=\"https:\/\/www.mojabochnia.pl\/?p=185038\" \/>\n<meta property=\"og:locale\" content=\"pl_PL\" \/>\n<meta property=\"og:type\" content=\"article\" \/>\n<meta property=\"og:title\" content=\"\u201eKlasyka kina na nowo&quot; - zrekonstruowane cyfrowo arcydzie\u0142o \u201eSanatorium pod Klepsydr\u0105&quot; - zapowied\u017a - mojabochnia.pl - portal informacyjny\" \/>\n<meta property=\"og:description\" content=\"\u00a0DKF Maciste zaprasza 5 kwietnia (czwartek, godz. 19.00)) na &#8211; nagrodzony Nagrod\u0105 Specjaln\u0105 Jury podczas Mi\u0119dzynarodowego Festiwalu Filmowego w Cannes w 1973 roku &#8211; jeden z najwspanialszych polskich film\u00f3w &#8211; &#8222;Sanatorium pod klepsydr\u0105&#8221;. Arcydzie\u0142o wybitnego polskiego re\u017cysera, Wojciecha Jerzego Hasa, tym razem po gruntownej rekonstrukcji cyfrowej, dzi\u0119ki kt\u00f3rej zachwyca jeszcze bardziej. To oparty na prozie\" \/>\n<meta property=\"og:url\" content=\"https:\/\/www.mojabochnia.pl\/?p=185038\" \/>\n<meta property=\"og:site_name\" content=\"mojabochnia.pl - portal informacyjny\" \/>\n<meta property=\"article:publisher\" content=\"https:\/\/www.facebook.com\/mojabochnia\" \/>\n<meta property=\"article:published_time\" content=\"2018-04-04T06:34:48+00:00\" \/>\n<meta property=\"og:image\" content=\"https:\/\/www.mojabochnia.pl\/wp-content\/uploads\/2011\/12\/IMG_3496.jpg\" \/>\n\t<meta property=\"og:image:width\" content=\"800\" \/>\n\t<meta property=\"og:image:height\" content=\"450\" \/>\n\t<meta property=\"og:image:type\" content=\"image\/jpeg\" \/>\n<meta name=\"author\" content=\"Mateusz Franczyk\" \/>\n<meta name=\"twitter:card\" content=\"summary_large_image\" \/>\n<meta name=\"twitter:label1\" content=\"Written by\" \/>\n\t<meta name=\"twitter:data1\" content=\"Mateusz Franczyk\" \/>\n\t<meta name=\"twitter:label2\" content=\"Est. reading time\" \/>\n\t<meta name=\"twitter:data2\" content=\"2 minuty\" \/>\n<script type=\"application\/ld+json\" class=\"yoast-schema-graph\">{\"@context\":\"https:\/\/schema.org\",\"@graph\":[{\"@type\":\"Article\",\"@id\":\"https:\/\/www.mojabochnia.pl\/?p=185038#article\",\"isPartOf\":{\"@id\":\"https:\/\/www.mojabochnia.pl\/?p=185038\"},\"author\":{\"name\":\"Mateusz Franczyk\",\"@id\":\"https:\/\/www.mojabochnia.pl\/#\/schema\/person\/43d3c2066b5450cc314bfa4e9e0e0099\"},\"headline\":\"\u201eKlasyka kina na nowo&#8221; &#8211; zrekonstruowane cyfrowo arcydzie\u0142o \u201eSanatorium pod Klepsydr\u0105&#8221; &#8211; zapowied\u017a\",\"datePublished\":\"2018-04-04T06:34:48+00:00\",\"mainEntityOfPage\":{\"@id\":\"https:\/\/www.mojabochnia.pl\/?p=185038\"},\"wordCount\":481,\"commentCount\":0,\"publisher\":{\"@id\":\"https:\/\/www.mojabochnia.pl\/#organization\"},\"image\":{\"@id\":\"https:\/\/www.mojabochnia.pl\/?p=185038#primaryimage\"},\"thumbnailUrl\":\"https:\/\/www.mojabochnia.pl\/wp-content\/uploads\/2011\/12\/IMG_3496.jpg\",\"keywords\":[\"Kino\",\"zapowied\u017a\"],\"articleSection\":[\"2_ostatnie\",\"kultura\",\"tematyka\"],\"inLanguage\":\"pl-PL\",\"potentialAction\":[{\"@type\":\"CommentAction\",\"name\":\"Comment\",\"target\":[\"https:\/\/www.mojabochnia.pl\/?p=185038#respond\"]}]},{\"@type\":\"WebPage\",\"@id\":\"https:\/\/www.mojabochnia.pl\/?p=185038\",\"url\":\"https:\/\/www.mojabochnia.pl\/?p=185038\",\"name\":\"\u201eKlasyka kina na nowo\\\" - zrekonstruowane cyfrowo arcydzie\u0142o \u201eSanatorium pod Klepsydr\u0105\\\" - zapowied\u017a - mojabochnia.pl - portal informacyjny\",\"isPartOf\":{\"@id\":\"https:\/\/www.mojabochnia.pl\/#website\"},\"primaryImageOfPage\":{\"@id\":\"https:\/\/www.mojabochnia.pl\/?p=185038#primaryimage\"},\"image\":{\"@id\":\"https:\/\/www.mojabochnia.pl\/?p=185038#primaryimage\"},\"thumbnailUrl\":\"https:\/\/www.mojabochnia.pl\/wp-content\/uploads\/2011\/12\/IMG_3496.jpg\",\"datePublished\":\"2018-04-04T06:34:48+00:00\",\"breadcrumb\":{\"@id\":\"https:\/\/www.mojabochnia.pl\/?p=185038#breadcrumb\"},\"inLanguage\":\"pl-PL\",\"potentialAction\":[{\"@type\":\"ReadAction\",\"target\":[\"https:\/\/www.mojabochnia.pl\/?p=185038\"]}]},{\"@type\":\"ImageObject\",\"inLanguage\":\"pl-PL\",\"@id\":\"https:\/\/www.mojabochnia.pl\/?p=185038#primaryimage\",\"url\":\"https:\/\/www.mojabochnia.pl\/wp-content\/uploads\/2011\/12\/IMG_3496.jpg\",\"contentUrl\":\"https:\/\/www.mojabochnia.pl\/wp-content\/uploads\/2011\/12\/IMG_3496.jpg\",\"width\":800,\"height\":450,\"caption\":\"P. Michalczyk\"},{\"@type\":\"BreadcrumbList\",\"@id\":\"https:\/\/www.mojabochnia.pl\/?p=185038#breadcrumb\",\"itemListElement\":[{\"@type\":\"ListItem\",\"position\":1,\"name\":\"Home\",\"item\":\"https:\/\/www.mojabochnia.pl\/\"},{\"@type\":\"ListItem\",\"position\":2,\"name\":\"\u201eKlasyka kina na nowo&#8221; &#8211; zrekonstruowane cyfrowo arcydzie\u0142o \u201eSanatorium pod Klepsydr\u0105&#8221; &#8211; zapowied\u017a\"}]},{\"@type\":\"WebSite\",\"@id\":\"https:\/\/www.mojabochnia.pl\/#website\",\"url\":\"https:\/\/www.mojabochnia.pl\/\",\"name\":\"mojabochnia.pl - portal informacyjny\",\"description\":\"mojaBochnia to portal informacyjny o Bochni. Codziennie o Bochni piszemy i pokazujemy najwa\u017cniejsze wydarzenia\",\"publisher\":{\"@id\":\"https:\/\/www.mojabochnia.pl\/#organization\"},\"potentialAction\":[{\"@type\":\"SearchAction\",\"target\":{\"@type\":\"EntryPoint\",\"urlTemplate\":\"https:\/\/www.mojabochnia.pl\/?s={search_term_string}\"},\"query-input\":{\"@type\":\"PropertyValueSpecification\",\"valueRequired\":true,\"valueName\":\"search_term_string\"}}],\"inLanguage\":\"pl-PL\"},{\"@type\":\"Organization\",\"@id\":\"https:\/\/www.mojabochnia.pl\/#organization\",\"name\":\"mojabochnia.pl - portal informacyjny\",\"url\":\"https:\/\/www.mojabochnia.pl\/\",\"logo\":{\"@type\":\"ImageObject\",\"inLanguage\":\"pl-PL\",\"@id\":\"https:\/\/www.mojabochnia.pl\/#\/schema\/logo\/image\/\",\"url\":\"https:\/\/www.mojabochnia.pl\/wp-content\/uploads\/2017\/08\/logo-mb-opt.png\",\"contentUrl\":\"https:\/\/www.mojabochnia.pl\/wp-content\/uploads\/2017\/08\/logo-mb-opt.png\",\"width\":250,\"height\":48,\"caption\":\"mojabochnia.pl - portal informacyjny\"},\"image\":{\"@id\":\"https:\/\/www.mojabochnia.pl\/#\/schema\/logo\/image\/\"},\"sameAs\":[\"https:\/\/www.facebook.com\/mojabochnia\"]},{\"@type\":\"Person\",\"@id\":\"https:\/\/www.mojabochnia.pl\/#\/schema\/person\/43d3c2066b5450cc314bfa4e9e0e0099\",\"name\":\"Mateusz Franczyk\",\"url\":\"https:\/\/www.mojabochnia.pl\/?author=1168\"}]}<\/script>\n<!-- \/ Yoast SEO plugin. -->","yoast_head_json":{"title":"\u201eKlasyka kina na nowo\" - zrekonstruowane cyfrowo arcydzie\u0142o \u201eSanatorium pod Klepsydr\u0105\" - zapowied\u017a - mojabochnia.pl - portal informacyjny","robots":{"index":"index","follow":"follow","max-snippet":"max-snippet:-1","max-image-preview":"max-image-preview:large","max-video-preview":"max-video-preview:-1"},"canonical":"https:\/\/www.mojabochnia.pl\/?p=185038","og_locale":"pl_PL","og_type":"article","og_title":"\u201eKlasyka kina na nowo\" - zrekonstruowane cyfrowo arcydzie\u0142o \u201eSanatorium pod Klepsydr\u0105\" - zapowied\u017a - mojabochnia.pl - portal informacyjny","og_description":"\u00a0DKF Maciste zaprasza 5 kwietnia (czwartek, godz. 19.00)) na &#8211; nagrodzony Nagrod\u0105 Specjaln\u0105 Jury podczas Mi\u0119dzynarodowego Festiwalu Filmowego w Cannes w 1973 roku &#8211; jeden z najwspanialszych polskich film\u00f3w &#8211; &#8222;Sanatorium pod klepsydr\u0105&#8221;. Arcydzie\u0142o wybitnego polskiego re\u017cysera, Wojciecha Jerzego Hasa, tym razem po gruntownej rekonstrukcji cyfrowej, dzi\u0119ki kt\u00f3rej zachwyca jeszcze bardziej. To oparty na prozie","og_url":"https:\/\/www.mojabochnia.pl\/?p=185038","og_site_name":"mojabochnia.pl - portal informacyjny","article_publisher":"https:\/\/www.facebook.com\/mojabochnia","article_published_time":"2018-04-04T06:34:48+00:00","og_image":[{"width":800,"height":450,"url":"https:\/\/www.mojabochnia.pl\/wp-content\/uploads\/2011\/12\/IMG_3496.jpg","type":"image\/jpeg"}],"author":"Mateusz Franczyk","twitter_card":"summary_large_image","twitter_misc":{"Written by":"Mateusz Franczyk","Est. reading time":"2 minuty"},"schema":{"@context":"https:\/\/schema.org","@graph":[{"@type":"Article","@id":"https:\/\/www.mojabochnia.pl\/?p=185038#article","isPartOf":{"@id":"https:\/\/www.mojabochnia.pl\/?p=185038"},"author":{"name":"Mateusz Franczyk","@id":"https:\/\/www.mojabochnia.pl\/#\/schema\/person\/43d3c2066b5450cc314bfa4e9e0e0099"},"headline":"\u201eKlasyka kina na nowo&#8221; &#8211; zrekonstruowane cyfrowo arcydzie\u0142o \u201eSanatorium pod Klepsydr\u0105&#8221; &#8211; zapowied\u017a","datePublished":"2018-04-04T06:34:48+00:00","mainEntityOfPage":{"@id":"https:\/\/www.mojabochnia.pl\/?p=185038"},"wordCount":481,"commentCount":0,"publisher":{"@id":"https:\/\/www.mojabochnia.pl\/#organization"},"image":{"@id":"https:\/\/www.mojabochnia.pl\/?p=185038#primaryimage"},"thumbnailUrl":"https:\/\/www.mojabochnia.pl\/wp-content\/uploads\/2011\/12\/IMG_3496.jpg","keywords":["Kino","zapowied\u017a"],"articleSection":["2_ostatnie","kultura","tematyka"],"inLanguage":"pl-PL","potentialAction":[{"@type":"CommentAction","name":"Comment","target":["https:\/\/www.mojabochnia.pl\/?p=185038#respond"]}]},{"@type":"WebPage","@id":"https:\/\/www.mojabochnia.pl\/?p=185038","url":"https:\/\/www.mojabochnia.pl\/?p=185038","name":"\u201eKlasyka kina na nowo\" - zrekonstruowane cyfrowo arcydzie\u0142o \u201eSanatorium pod Klepsydr\u0105\" - zapowied\u017a - mojabochnia.pl - portal informacyjny","isPartOf":{"@id":"https:\/\/www.mojabochnia.pl\/#website"},"primaryImageOfPage":{"@id":"https:\/\/www.mojabochnia.pl\/?p=185038#primaryimage"},"image":{"@id":"https:\/\/www.mojabochnia.pl\/?p=185038#primaryimage"},"thumbnailUrl":"https:\/\/www.mojabochnia.pl\/wp-content\/uploads\/2011\/12\/IMG_3496.jpg","datePublished":"2018-04-04T06:34:48+00:00","breadcrumb":{"@id":"https:\/\/www.mojabochnia.pl\/?p=185038#breadcrumb"},"inLanguage":"pl-PL","potentialAction":[{"@type":"ReadAction","target":["https:\/\/www.mojabochnia.pl\/?p=185038"]}]},{"@type":"ImageObject","inLanguage":"pl-PL","@id":"https:\/\/www.mojabochnia.pl\/?p=185038#primaryimage","url":"https:\/\/www.mojabochnia.pl\/wp-content\/uploads\/2011\/12\/IMG_3496.jpg","contentUrl":"https:\/\/www.mojabochnia.pl\/wp-content\/uploads\/2011\/12\/IMG_3496.jpg","width":800,"height":450,"caption":"P. Michalczyk"},{"@type":"BreadcrumbList","@id":"https:\/\/www.mojabochnia.pl\/?p=185038#breadcrumb","itemListElement":[{"@type":"ListItem","position":1,"name":"Home","item":"https:\/\/www.mojabochnia.pl\/"},{"@type":"ListItem","position":2,"name":"\u201eKlasyka kina na nowo&#8221; &#8211; zrekonstruowane cyfrowo arcydzie\u0142o \u201eSanatorium pod Klepsydr\u0105&#8221; &#8211; zapowied\u017a"}]},{"@type":"WebSite","@id":"https:\/\/www.mojabochnia.pl\/#website","url":"https:\/\/www.mojabochnia.pl\/","name":"mojabochnia.pl - portal informacyjny","description":"mojaBochnia to portal informacyjny o Bochni. Codziennie o Bochni piszemy i pokazujemy najwa\u017cniejsze wydarzenia","publisher":{"@id":"https:\/\/www.mojabochnia.pl\/#organization"},"potentialAction":[{"@type":"SearchAction","target":{"@type":"EntryPoint","urlTemplate":"https:\/\/www.mojabochnia.pl\/?s={search_term_string}"},"query-input":{"@type":"PropertyValueSpecification","valueRequired":true,"valueName":"search_term_string"}}],"inLanguage":"pl-PL"},{"@type":"Organization","@id":"https:\/\/www.mojabochnia.pl\/#organization","name":"mojabochnia.pl - portal informacyjny","url":"https:\/\/www.mojabochnia.pl\/","logo":{"@type":"ImageObject","inLanguage":"pl-PL","@id":"https:\/\/www.mojabochnia.pl\/#\/schema\/logo\/image\/","url":"https:\/\/www.mojabochnia.pl\/wp-content\/uploads\/2017\/08\/logo-mb-opt.png","contentUrl":"https:\/\/www.mojabochnia.pl\/wp-content\/uploads\/2017\/08\/logo-mb-opt.png","width":250,"height":48,"caption":"mojabochnia.pl - portal informacyjny"},"image":{"@id":"https:\/\/www.mojabochnia.pl\/#\/schema\/logo\/image\/"},"sameAs":["https:\/\/www.facebook.com\/mojabochnia"]},{"@type":"Person","@id":"https:\/\/www.mojabochnia.pl\/#\/schema\/person\/43d3c2066b5450cc314bfa4e9e0e0099","name":"Mateusz Franczyk","url":"https:\/\/www.mojabochnia.pl\/?author=1168"}]}},"_links":{"self":[{"href":"https:\/\/www.mojabochnia.pl\/index.php?rest_route=\/wp\/v2\/posts\/185038","targetHints":{"allow":["GET"]}}],"collection":[{"href":"https:\/\/www.mojabochnia.pl\/index.php?rest_route=\/wp\/v2\/posts"}],"about":[{"href":"https:\/\/www.mojabochnia.pl\/index.php?rest_route=\/wp\/v2\/types\/post"}],"author":[{"embeddable":true,"href":"https:\/\/www.mojabochnia.pl\/index.php?rest_route=\/wp\/v2\/users\/1168"}],"replies":[{"embeddable":true,"href":"https:\/\/www.mojabochnia.pl\/index.php?rest_route=%2Fwp%2Fv2%2Fcomments&post=185038"}],"version-history":[{"count":1,"href":"https:\/\/www.mojabochnia.pl\/index.php?rest_route=\/wp\/v2\/posts\/185038\/revisions"}],"predecessor-version":[{"id":185040,"href":"https:\/\/www.mojabochnia.pl\/index.php?rest_route=\/wp\/v2\/posts\/185038\/revisions\/185040"}],"wp:featuredmedia":[{"embeddable":true,"href":"https:\/\/www.mojabochnia.pl\/index.php?rest_route=\/wp\/v2\/media\/64976"}],"wp:attachment":[{"href":"https:\/\/www.mojabochnia.pl\/index.php?rest_route=%2Fwp%2Fv2%2Fmedia&parent=185038"}],"wp:term":[{"taxonomy":"category","embeddable":true,"href":"https:\/\/www.mojabochnia.pl\/index.php?rest_route=%2Fwp%2Fv2%2Fcategories&post=185038"},{"taxonomy":"post_tag","embeddable":true,"href":"https:\/\/www.mojabochnia.pl\/index.php?rest_route=%2Fwp%2Fv2%2Ftags&post=185038"}],"curies":[{"name":"wp","href":"https:\/\/api.w.org\/{rel}","templated":true}]}}