{"id":184881,"date":"2018-03-28T11:06:00","date_gmt":"2018-03-28T09:06:00","guid":{"rendered":"https:\/\/www.mojabochnia.pl\/?p=184881"},"modified":"2018-03-28T11:06:00","modified_gmt":"2018-03-28T09:06:00","slug":"wywalczyli-bilety-do-bad-salzdetfurth","status":"publish","type":"post","link":"https:\/\/www.mojabochnia.pl\/?p=184881","title":{"rendered":"Wywalczyli bilety do Bad Salzdetfurth"},"content":{"rendered":"<p><strong>26 marca 2018 r. w Publicznej Szkole Podstawowej Nr 7 odby\u0142 si\u0119 fina\u0142 Konkursu Wiedzy o Bad Salzdetfurth \u2013 partnerskim mie\u015bcie Bochni.<\/strong><\/p>\n<p>Impulsem i inspiracj\u0105 do przeprowadzenia tego konkursu, by\u0142a niew\u0105tpliwie ubieg\u0142oroczna wystawa o naszym partnerskim, niemieckim mie\u015bcie, zorganizowana w Bochni przez Jana Ludyg\u0119 i Rolfa Jakobsa &#8211; osoby mocno zaanga\u017cowane w wsp\u00f3\u0142prac\u0119.<\/p>\n<p>Konkurs zorganizowany przez Wydzia\u0142 Promocji Urz\u0119du Miasta Bochnia, skierowany by\u0142 do boche\u0144skich uczni\u00f3w szk\u00f3\u0142 podstawowych wraz z oddzia\u0142ami klas gimnazjalnych. Mia\u0142 na celu przybli\u017cenie i zapoznanie m\u0142odego pokolenia z tradycjami, histori\u0105 oraz kultur\u0105 mieszka\u0144c\u00f3w regionu Dolnej Saksoni gdzie po\u0142o\u017cony jest Bad Salzdetfurth. Uczestnicy konkursu mieli tak\u017ce mo\u017cliwo\u015b\u0107 wykazania si\u0119 znajomo\u015bci\u0105 j\u0119zyka niemieckiego.<\/p>\n<p>Uczniowie podzieleni zostali na 7 grup (5 grup stanowi\u0142y kolejno szko\u0142y podstawowe oraz dodatkowo 2 grupy &#8211; klasy gimnazjalne) w taki spos\u00f3b, aby ka\u017cda grupa mia\u0142a r\u00f3wne szanse, okre\u015blone r\u00f3\u017cnym stopniem zaawansowania znajomo\u015bci j\u0119zyka w danej szkole.<br \/>\nPierwszy etap konkursu odbywa\u0142 si\u0119 w szko\u0142ach podstawowych i by\u0142 przeprowadzany przez nauczycieli &#8211; germanist\u00f3w. Do fina\u0142u mog\u0142o zakwalifikowa\u0107 si\u0119 po 5 uczni\u00f3w z ka\u017cdej grupy z najlepszymi wynikami. Zar\u00f3wno pierwszy etap jak i fina\u0142 nie nale\u017ca\u0142 do \u0142atwych, ale by\u0142o o co walczy\u0107, bowiem nagrod\u0105 dla zwyci\u0119zc\u00f3w jest wyjazd do partnerskiego miasta Bochni &#8211; Bad Salzdetfurth!<\/p>\n<p>Ostatecznie do fina\u0142u zakwalifikowa\u0142o si\u0119 32 uczni\u00f3w, spo\u015br\u00f3d kt\u00f3rych jury w sk\u0142adzie: El\u017cbieta Mazur &#8211; Zag\u00f3rska \u2013 nauczyciel j. Niemieckiego PSP nr 7, Marta Binkowska \u2013 nauczyciel &#8211; bibliotekarz PSP nr 7 oraz Anna Kawalec \u2013 Wydz. Promocji UMB wy\u0142oni\u0142o zwyci\u0119zc\u00f3w.<\/p>\n<p>Laureatami konkursu s\u0105:<br \/>\n&#8211; Karol Szo\u0142drowski z kl. VII b PSP nr 1<br \/>\n&#8211; Oliwia Trojan z kl. z kl. VII PSP nr 2<br \/>\n&#8211; Jakub Noskowiak z kl. VI a PSP nr 4<br \/>\n&#8211; Julia Ponikau z kl. IV a PSP nr 5<br \/>\n&#8211; Szymon Kolasi\u0144ski z kl. V c PSP nr 7<br \/>\n&#8211; Bartosz Szpisak z kl. gim II d PSP 1<br \/>\n&#8211; Julia Jeziorek z kl. gim III c PSP nr 7<\/p>\n<p>Wszyscy uczestnicy fina\u0142u z r\u0105k Sekretarza Miasta Bochnia &#8211; Edyty Groblickej-Kuc otrzymali pami\u0105tkowe dyplomy wraz z nagrodami, a zwyci\u0119zcy Konkursu dodatkowo nagrody g\u0142\u00f3wne Burmistrza Miasta Bochnia &#8211; Stefana Kolawi\u0144skiego, w postaci bilet\u00f3w do Bad Salzdetfurth. Najlepsza si\u00f3demka ju\u017c w czerwcu tego roku odwiedzi nasze partnerskie miasto, gdzie czeka ich wiele atrakcji!<\/p>\n\t  \r\n\t\r\n\t    <div class=\"mb-gallery\">\r\n\t    <a href=\"https:\/\/www.mojabochnia.pl\/?attachment_id=184883\" class=\"\"><img loading=\"lazy\" decoding=\"async\" width=\"100\" height=\"100\" src=\"https:\/\/www.mojabochnia.pl\/wp-content\/uploads\/2018\/03\/0-100x100.jpg\" class=\"attachment-100x100 size-100x100\" alt=\"\" \/><\/a><a href=\"https:\/\/www.mojabochnia.pl\/?attachment_id=184884\" class=\"\"><img loading=\"lazy\" decoding=\"async\" width=\"100\" height=\"100\" src=\"https:\/\/www.mojabochnia.pl\/wp-content\/uploads\/2018\/03\/1-1-100x100.jpg\" class=\"attachment-100x100 size-100x100\" alt=\"\" \/><\/a><a href=\"https:\/\/www.mojabochnia.pl\/?attachment_id=184885\" class=\"\"><img loading=\"lazy\" decoding=\"async\" width=\"100\" height=\"100\" src=\"https:\/\/www.mojabochnia.pl\/wp-content\/uploads\/2018\/03\/2-2-100x100.jpg\" class=\"attachment-100x100 size-100x100\" alt=\"\" \/><\/a><a href=\"https:\/\/www.mojabochnia.pl\/?attachment_id=184886\" class=\"\"><img loading=\"lazy\" decoding=\"async\" width=\"100\" height=\"100\" src=\"https:\/\/www.mojabochnia.pl\/wp-content\/uploads\/2018\/03\/3-1-100x100.jpg\" class=\"attachment-100x100 size-100x100\" alt=\"\" \/><\/a><a href=\"https:\/\/www.mojabochnia.pl\/?attachment_id=184887\" class=\"\"><img loading=\"lazy\" decoding=\"async\" width=\"100\" height=\"100\" src=\"https:\/\/www.mojabochnia.pl\/wp-content\/uploads\/2018\/03\/4-1-100x100.jpg\" class=\"attachment-100x100 size-100x100\" alt=\"\" \/><\/a><a href=\"https:\/\/www.mojabochnia.pl\/?attachment_id=184888\" class=\"\"><img loading=\"lazy\" decoding=\"async\" width=\"100\" height=\"100\" src=\"https:\/\/www.mojabochnia.pl\/wp-content\/uploads\/2018\/03\/5-1-100x100.jpg\" class=\"attachment-100x100 size-100x100\" alt=\"\" \/><\/a>\t    <\/div>\r\n\t    ","protected":false},"excerpt":{"rendered":"<p>26 marca 2018 r. w Publicznej Szkole Podstawowej Nr 7 odby\u0142 si\u0119 fina\u0142 Konkursu Wiedzy o Bad Salzdetfurth \u2013 partnerskim mie\u015bcie Bochni. Impulsem i inspiracj\u0105 do przeprowadzenia tego konkursu, by\u0142a niew\u0105tpliwie ubieg\u0142oroczna wystawa o naszym partnerskim, niemieckim mie\u015bcie, zorganizowana w Bochni przez Jana Ludyg\u0119 i Rolfa Jakobsa &#8211; osoby mocno zaanga\u017cowane w wsp\u00f3\u0142prac\u0119. Konkurs zorganizowany<\/p>\n","protected":false},"author":8,"featured_media":184887,"comment_status":"open","ping_status":"closed","sticky":false,"template":"","format":"standard","meta":{"_acf_changed":false,"footnotes":""},"categories":[5,6251,6250],"tags":[17269],"class_list":["post-184881","post","type-post","status-publish","format-standard","has-post-thumbnail","hentry","category-biezace-wydarzenia","category-polityka-i-wydarzenia","category-tematyka","tag-bochnia","main_tag-konkurs"],"acf":[],"yoast_head":"<!-- This site is optimized with the Yoast SEO plugin v26.9 - https:\/\/yoast.com\/product\/yoast-seo-wordpress\/ -->\n<title>Wywalczyli bilety do Bad Salzdetfurth - mojabochnia.pl - portal informacyjny<\/title>\n<meta name=\"robots\" content=\"index, follow, max-snippet:-1, max-image-preview:large, max-video-preview:-1\" \/>\n<link rel=\"canonical\" href=\"https:\/\/www.mojabochnia.pl\/?p=184881\" \/>\n<meta property=\"og:locale\" content=\"pl_PL\" \/>\n<meta property=\"og:type\" content=\"article\" \/>\n<meta property=\"og:title\" content=\"Wywalczyli bilety do Bad Salzdetfurth - mojabochnia.pl - portal informacyjny\" \/>\n<meta property=\"og:description\" content=\"26 marca 2018 r. w Publicznej Szkole Podstawowej Nr 7 odby\u0142 si\u0119 fina\u0142 Konkursu Wiedzy o Bad Salzdetfurth \u2013 partnerskim mie\u015bcie Bochni. Impulsem i inspiracj\u0105 do przeprowadzenia tego konkursu, by\u0142a niew\u0105tpliwie ubieg\u0142oroczna wystawa o naszym partnerskim, niemieckim mie\u015bcie, zorganizowana w Bochni przez Jana Ludyg\u0119 i Rolfa Jakobsa &#8211; osoby mocno zaanga\u017cowane w wsp\u00f3\u0142prac\u0119. Konkurs zorganizowany\" \/>\n<meta property=\"og:url\" content=\"https:\/\/www.mojabochnia.pl\/?p=184881\" \/>\n<meta property=\"og:site_name\" content=\"mojabochnia.pl - portal informacyjny\" \/>\n<meta property=\"article:publisher\" content=\"https:\/\/www.facebook.com\/mojabochnia\" \/>\n<meta property=\"article:published_time\" content=\"2018-03-28T09:06:00+00:00\" \/>\n<meta property=\"og:image\" content=\"https:\/\/www.mojabochnia.pl\/wp-content\/uploads\/2018\/03\/4-1.jpg\" \/>\n\t<meta property=\"og:image:width\" content=\"1000\" \/>\n\t<meta property=\"og:image:height\" content=\"668\" \/>\n\t<meta property=\"og:image:type\" content=\"image\/jpeg\" \/>\n<meta name=\"author\" content=\"informacja prasowa\" \/>\n<meta name=\"twitter:card\" content=\"summary_large_image\" \/>\n<meta name=\"twitter:label1\" content=\"Written by\" \/>\n\t<meta name=\"twitter:data1\" content=\"informacja prasowa\" \/>\n\t<meta name=\"twitter:label2\" content=\"Est. reading time\" \/>\n\t<meta name=\"twitter:data2\" content=\"2 minuty\" \/>\n<script type=\"application\/ld+json\" class=\"yoast-schema-graph\">{\"@context\":\"https:\/\/schema.org\",\"@graph\":[{\"@type\":\"Article\",\"@id\":\"https:\/\/www.mojabochnia.pl\/?p=184881#article\",\"isPartOf\":{\"@id\":\"https:\/\/www.mojabochnia.pl\/?p=184881\"},\"author\":{\"name\":\"informacja prasowa\",\"@id\":\"https:\/\/www.mojabochnia.pl\/#\/schema\/person\/9e15cf1bcb74043790f124a3130fe41e\"},\"headline\":\"Wywalczyli bilety do Bad Salzdetfurth\",\"datePublished\":\"2018-03-28T09:06:00+00:00\",\"mainEntityOfPage\":{\"@id\":\"https:\/\/www.mojabochnia.pl\/?p=184881\"},\"wordCount\":415,\"commentCount\":0,\"publisher\":{\"@id\":\"https:\/\/www.mojabochnia.pl\/#organization\"},\"image\":{\"@id\":\"https:\/\/www.mojabochnia.pl\/?p=184881#primaryimage\"},\"thumbnailUrl\":\"https:\/\/www.mojabochnia.pl\/wp-content\/uploads\/2018\/03\/4-1.jpg\",\"keywords\":[\"bochnia\"],\"articleSection\":[\"2_ostatnie\",\"polityka i wydarzenia\",\"tematyka\"],\"inLanguage\":\"pl-PL\",\"potentialAction\":[{\"@type\":\"CommentAction\",\"name\":\"Comment\",\"target\":[\"https:\/\/www.mojabochnia.pl\/?p=184881#respond\"]}]},{\"@type\":\"WebPage\",\"@id\":\"https:\/\/www.mojabochnia.pl\/?p=184881\",\"url\":\"https:\/\/www.mojabochnia.pl\/?p=184881\",\"name\":\"Wywalczyli bilety do Bad Salzdetfurth - mojabochnia.pl - portal informacyjny\",\"isPartOf\":{\"@id\":\"https:\/\/www.mojabochnia.pl\/#website\"},\"primaryImageOfPage\":{\"@id\":\"https:\/\/www.mojabochnia.pl\/?p=184881#primaryimage\"},\"image\":{\"@id\":\"https:\/\/www.mojabochnia.pl\/?p=184881#primaryimage\"},\"thumbnailUrl\":\"https:\/\/www.mojabochnia.pl\/wp-content\/uploads\/2018\/03\/4-1.jpg\",\"datePublished\":\"2018-03-28T09:06:00+00:00\",\"breadcrumb\":{\"@id\":\"https:\/\/www.mojabochnia.pl\/?p=184881#breadcrumb\"},\"inLanguage\":\"pl-PL\",\"potentialAction\":[{\"@type\":\"ReadAction\",\"target\":[\"https:\/\/www.mojabochnia.pl\/?p=184881\"]}]},{\"@type\":\"ImageObject\",\"inLanguage\":\"pl-PL\",\"@id\":\"https:\/\/www.mojabochnia.pl\/?p=184881#primaryimage\",\"url\":\"https:\/\/www.mojabochnia.pl\/wp-content\/uploads\/2018\/03\/4-1.jpg\",\"contentUrl\":\"https:\/\/www.mojabochnia.pl\/wp-content\/uploads\/2018\/03\/4-1.jpg\",\"width\":1000,\"height\":668},{\"@type\":\"BreadcrumbList\",\"@id\":\"https:\/\/www.mojabochnia.pl\/?p=184881#breadcrumb\",\"itemListElement\":[{\"@type\":\"ListItem\",\"position\":1,\"name\":\"Home\",\"item\":\"https:\/\/www.mojabochnia.pl\/\"},{\"@type\":\"ListItem\",\"position\":2,\"name\":\"Wywalczyli bilety do Bad Salzdetfurth\"}]},{\"@type\":\"WebSite\",\"@id\":\"https:\/\/www.mojabochnia.pl\/#website\",\"url\":\"https:\/\/www.mojabochnia.pl\/\",\"name\":\"mojabochnia.pl - portal informacyjny\",\"description\":\"mojaBochnia to portal informacyjny o Bochni. Codziennie o Bochni piszemy i pokazujemy najwa\u017cniejsze wydarzenia\",\"publisher\":{\"@id\":\"https:\/\/www.mojabochnia.pl\/#organization\"},\"potentialAction\":[{\"@type\":\"SearchAction\",\"target\":{\"@type\":\"EntryPoint\",\"urlTemplate\":\"https:\/\/www.mojabochnia.pl\/?s={search_term_string}\"},\"query-input\":{\"@type\":\"PropertyValueSpecification\",\"valueRequired\":true,\"valueName\":\"search_term_string\"}}],\"inLanguage\":\"pl-PL\"},{\"@type\":\"Organization\",\"@id\":\"https:\/\/www.mojabochnia.pl\/#organization\",\"name\":\"mojabochnia.pl - portal informacyjny\",\"url\":\"https:\/\/www.mojabochnia.pl\/\",\"logo\":{\"@type\":\"ImageObject\",\"inLanguage\":\"pl-PL\",\"@id\":\"https:\/\/www.mojabochnia.pl\/#\/schema\/logo\/image\/\",\"url\":\"https:\/\/www.mojabochnia.pl\/wp-content\/uploads\/2017\/08\/logo-mb-opt.png\",\"contentUrl\":\"https:\/\/www.mojabochnia.pl\/wp-content\/uploads\/2017\/08\/logo-mb-opt.png\",\"width\":250,\"height\":48,\"caption\":\"mojabochnia.pl - portal informacyjny\"},\"image\":{\"@id\":\"https:\/\/www.mojabochnia.pl\/#\/schema\/logo\/image\/\"},\"sameAs\":[\"https:\/\/www.facebook.com\/mojabochnia\"]},{\"@type\":\"Person\",\"@id\":\"https:\/\/www.mojabochnia.pl\/#\/schema\/person\/9e15cf1bcb74043790f124a3130fe41e\",\"name\":\"informacja prasowa\",\"sameAs\":[\"http:\/\/\"],\"url\":\"https:\/\/www.mojabochnia.pl\/?author=8\"}]}<\/script>\n<!-- \/ Yoast SEO plugin. -->","yoast_head_json":{"title":"Wywalczyli bilety do Bad Salzdetfurth - mojabochnia.pl - portal informacyjny","robots":{"index":"index","follow":"follow","max-snippet":"max-snippet:-1","max-image-preview":"max-image-preview:large","max-video-preview":"max-video-preview:-1"},"canonical":"https:\/\/www.mojabochnia.pl\/?p=184881","og_locale":"pl_PL","og_type":"article","og_title":"Wywalczyli bilety do Bad Salzdetfurth - mojabochnia.pl - portal informacyjny","og_description":"26 marca 2018 r. w Publicznej Szkole Podstawowej Nr 7 odby\u0142 si\u0119 fina\u0142 Konkursu Wiedzy o Bad Salzdetfurth \u2013 partnerskim mie\u015bcie Bochni. Impulsem i inspiracj\u0105 do przeprowadzenia tego konkursu, by\u0142a niew\u0105tpliwie ubieg\u0142oroczna wystawa o naszym partnerskim, niemieckim mie\u015bcie, zorganizowana w Bochni przez Jana Ludyg\u0119 i Rolfa Jakobsa &#8211; osoby mocno zaanga\u017cowane w wsp\u00f3\u0142prac\u0119. Konkurs zorganizowany","og_url":"https:\/\/www.mojabochnia.pl\/?p=184881","og_site_name":"mojabochnia.pl - portal informacyjny","article_publisher":"https:\/\/www.facebook.com\/mojabochnia","article_published_time":"2018-03-28T09:06:00+00:00","og_image":[{"width":1000,"height":668,"url":"https:\/\/www.mojabochnia.pl\/wp-content\/uploads\/2018\/03\/4-1.jpg","type":"image\/jpeg"}],"author":"informacja prasowa","twitter_card":"summary_large_image","twitter_misc":{"Written by":"informacja prasowa","Est. reading time":"2 minuty"},"schema":{"@context":"https:\/\/schema.org","@graph":[{"@type":"Article","@id":"https:\/\/www.mojabochnia.pl\/?p=184881#article","isPartOf":{"@id":"https:\/\/www.mojabochnia.pl\/?p=184881"},"author":{"name":"informacja prasowa","@id":"https:\/\/www.mojabochnia.pl\/#\/schema\/person\/9e15cf1bcb74043790f124a3130fe41e"},"headline":"Wywalczyli bilety do Bad Salzdetfurth","datePublished":"2018-03-28T09:06:00+00:00","mainEntityOfPage":{"@id":"https:\/\/www.mojabochnia.pl\/?p=184881"},"wordCount":415,"commentCount":0,"publisher":{"@id":"https:\/\/www.mojabochnia.pl\/#organization"},"image":{"@id":"https:\/\/www.mojabochnia.pl\/?p=184881#primaryimage"},"thumbnailUrl":"https:\/\/www.mojabochnia.pl\/wp-content\/uploads\/2018\/03\/4-1.jpg","keywords":["bochnia"],"articleSection":["2_ostatnie","polityka i wydarzenia","tematyka"],"inLanguage":"pl-PL","potentialAction":[{"@type":"CommentAction","name":"Comment","target":["https:\/\/www.mojabochnia.pl\/?p=184881#respond"]}]},{"@type":"WebPage","@id":"https:\/\/www.mojabochnia.pl\/?p=184881","url":"https:\/\/www.mojabochnia.pl\/?p=184881","name":"Wywalczyli bilety do Bad Salzdetfurth - mojabochnia.pl - portal informacyjny","isPartOf":{"@id":"https:\/\/www.mojabochnia.pl\/#website"},"primaryImageOfPage":{"@id":"https:\/\/www.mojabochnia.pl\/?p=184881#primaryimage"},"image":{"@id":"https:\/\/www.mojabochnia.pl\/?p=184881#primaryimage"},"thumbnailUrl":"https:\/\/www.mojabochnia.pl\/wp-content\/uploads\/2018\/03\/4-1.jpg","datePublished":"2018-03-28T09:06:00+00:00","breadcrumb":{"@id":"https:\/\/www.mojabochnia.pl\/?p=184881#breadcrumb"},"inLanguage":"pl-PL","potentialAction":[{"@type":"ReadAction","target":["https:\/\/www.mojabochnia.pl\/?p=184881"]}]},{"@type":"ImageObject","inLanguage":"pl-PL","@id":"https:\/\/www.mojabochnia.pl\/?p=184881#primaryimage","url":"https:\/\/www.mojabochnia.pl\/wp-content\/uploads\/2018\/03\/4-1.jpg","contentUrl":"https:\/\/www.mojabochnia.pl\/wp-content\/uploads\/2018\/03\/4-1.jpg","width":1000,"height":668},{"@type":"BreadcrumbList","@id":"https:\/\/www.mojabochnia.pl\/?p=184881#breadcrumb","itemListElement":[{"@type":"ListItem","position":1,"name":"Home","item":"https:\/\/www.mojabochnia.pl\/"},{"@type":"ListItem","position":2,"name":"Wywalczyli bilety do Bad Salzdetfurth"}]},{"@type":"WebSite","@id":"https:\/\/www.mojabochnia.pl\/#website","url":"https:\/\/www.mojabochnia.pl\/","name":"mojabochnia.pl - portal informacyjny","description":"mojaBochnia to portal informacyjny o Bochni. Codziennie o Bochni piszemy i pokazujemy najwa\u017cniejsze wydarzenia","publisher":{"@id":"https:\/\/www.mojabochnia.pl\/#organization"},"potentialAction":[{"@type":"SearchAction","target":{"@type":"EntryPoint","urlTemplate":"https:\/\/www.mojabochnia.pl\/?s={search_term_string}"},"query-input":{"@type":"PropertyValueSpecification","valueRequired":true,"valueName":"search_term_string"}}],"inLanguage":"pl-PL"},{"@type":"Organization","@id":"https:\/\/www.mojabochnia.pl\/#organization","name":"mojabochnia.pl - portal informacyjny","url":"https:\/\/www.mojabochnia.pl\/","logo":{"@type":"ImageObject","inLanguage":"pl-PL","@id":"https:\/\/www.mojabochnia.pl\/#\/schema\/logo\/image\/","url":"https:\/\/www.mojabochnia.pl\/wp-content\/uploads\/2017\/08\/logo-mb-opt.png","contentUrl":"https:\/\/www.mojabochnia.pl\/wp-content\/uploads\/2017\/08\/logo-mb-opt.png","width":250,"height":48,"caption":"mojabochnia.pl - portal informacyjny"},"image":{"@id":"https:\/\/www.mojabochnia.pl\/#\/schema\/logo\/image\/"},"sameAs":["https:\/\/www.facebook.com\/mojabochnia"]},{"@type":"Person","@id":"https:\/\/www.mojabochnia.pl\/#\/schema\/person\/9e15cf1bcb74043790f124a3130fe41e","name":"informacja prasowa","sameAs":["http:\/\/"],"url":"https:\/\/www.mojabochnia.pl\/?author=8"}]}},"_links":{"self":[{"href":"https:\/\/www.mojabochnia.pl\/index.php?rest_route=\/wp\/v2\/posts\/184881","targetHints":{"allow":["GET"]}}],"collection":[{"href":"https:\/\/www.mojabochnia.pl\/index.php?rest_route=\/wp\/v2\/posts"}],"about":[{"href":"https:\/\/www.mojabochnia.pl\/index.php?rest_route=\/wp\/v2\/types\/post"}],"author":[{"embeddable":true,"href":"https:\/\/www.mojabochnia.pl\/index.php?rest_route=\/wp\/v2\/users\/8"}],"replies":[{"embeddable":true,"href":"https:\/\/www.mojabochnia.pl\/index.php?rest_route=%2Fwp%2Fv2%2Fcomments&post=184881"}],"version-history":[{"count":1,"href":"https:\/\/www.mojabochnia.pl\/index.php?rest_route=\/wp\/v2\/posts\/184881\/revisions"}],"predecessor-version":[{"id":184889,"href":"https:\/\/www.mojabochnia.pl\/index.php?rest_route=\/wp\/v2\/posts\/184881\/revisions\/184889"}],"wp:featuredmedia":[{"embeddable":true,"href":"https:\/\/www.mojabochnia.pl\/index.php?rest_route=\/wp\/v2\/media\/184887"}],"wp:attachment":[{"href":"https:\/\/www.mojabochnia.pl\/index.php?rest_route=%2Fwp%2Fv2%2Fmedia&parent=184881"}],"wp:term":[{"taxonomy":"category","embeddable":true,"href":"https:\/\/www.mojabochnia.pl\/index.php?rest_route=%2Fwp%2Fv2%2Fcategories&post=184881"},{"taxonomy":"post_tag","embeddable":true,"href":"https:\/\/www.mojabochnia.pl\/index.php?rest_route=%2Fwp%2Fv2%2Ftags&post=184881"}],"curies":[{"name":"wp","href":"https:\/\/api.w.org\/{rel}","templated":true}]}}