{"id":184875,"date":"2018-03-28T11:01:01","date_gmt":"2018-03-28T09:01:01","guid":{"rendered":"https:\/\/www.mojabochnia.pl\/?p=184875"},"modified":"2018-03-28T11:01:01","modified_gmt":"2018-03-28T09:01:01","slug":"starostwo-zacheca-do-zglaszania-dobrze-czyniacych-z-powiatu-bochenskiego","status":"publish","type":"post","link":"https:\/\/www.mojabochnia.pl\/?p=184875","title":{"rendered":"Starostwo zach\u0119ca do zg\u0142aszania dobrze czyni\u0105cych z Powiatu Boche\u0144skiego"},"content":{"rendered":"<div class=\"short_desc\"><strong>Znasz osob\u0119 lub organizacj\u0119 kt\u00f3ra zas\u0142uguje na szczeg\u00f3lne wyr\u00f3\u017cnienie? Zg\u0142o\u015b kandydat\u00f3w do nagrody Bene Meritus dla Powiatu Boche\u0144skiego. Dobrze czyni\u0105cy sprawiaj\u0105, \u017ce \u015bwiat staje si\u0119 lepszy i udowadniaj\u0105, \u017ce dzi\u0119ki wsp\u00f3lnej pracy dla dobra innych mo\u017cna osi\u0105gn\u0105\u0107 wiele i jeszcze wi\u0119cej. Dzi\u0119ki nagrodzie bene meritus mo\u017cemy doceni\u0107 ich prac\u0119, zaanga\u017cowanie i podzi\u0119kowa\u0107 im za t\u0105 w\u0142a\u015bnie dzia\u0142alno\u015b\u0107, a tak\u017ce pokaza\u0107 ich codzienny wysi\u0142ek. Zg\u0142oszenia przyjmowane s\u0105 do 15 kwietnia br.<\/strong><\/div>\n<p>Zobacz materia\u0142 wideo &#8211;\u00a0<strong><a onclick=\"javascript:pageTracker._trackPageview('\/outgoing\/www.youtube.com\/watch?v=COjEPFJ16Bs');\"  href=\"https:\/\/www.youtube.com\/watch?v=COjEPFJ16Bs\">TUTAJ<\/a><\/strong><\/p>\n<p>Do tej pory nagrody &#8222;Bene Meritus dla Powiatu Boche\u0144skiego&#8221; otrzymali \u015bp. Janusz Kulig (2003), Zdzis\u0142awa Gnoi\u0144ska (2005), Ludmi\u0142a Gut, Jan Flasza (2006), \u015bp. Anna \u0141\u0119kawa (2008), Czes\u0142aw D\u017awigaj(2008), Uzdrowisko Kopalnia Soli Bochnia(2008), Cech Rzemios\u0142 R\u00f3\u017cnych (2008), ch\u00f3r Pueri Cantores Sancti Nicolai (2008) Adam Sosnowiec (2009) Piotr Janeczek (2009), ks. Stanis\u0142aw Jachym (2011), oraz Ochotnicze Stra\u017ce Po\u017carne z terenu Powiatu Boche\u0144skiego (2011),Orkiestra D\u0119ta Grobla (2012), Jan Czesak Przewodnicz\u0105cy Rady Nadzorczej Krakowskiego Banku Sp\u00f3\u0142dzielczego (2012), Marek Rudnik (2013), Eleonora Chmielarska (2015), Leopold Grabowski (2015), I Liceum Og\u00f3lnokszta\u0142c\u0105ce im. Kr\u00f3la Kazimierza Wielkiego w Bochni (2017) oraz Liceum Plastyczne im. Jana Matejki w Nowym Wi\u015bniczu (2017).<\/p>\n<p>Odznaczenie \u00a0przyznawane jest osobom i instytucjom, kt\u00f3re w spos\u00f3b szczeg\u00f3lny przyczyni\u0142y si\u0119 do rozwoju i promocji Powiatu Boche\u0144skiego. Decyzj\u0119 o wr\u0119czeniu podejmuje Kapitu\u0142a powo\u0142ana przez Rad\u0119 Powiatu, a podstaw\u0105 jest wniosek z\u0142o\u017cony w urz\u0119dzie.<\/p>\n<p>W Kapitule zasiadaj\u0105 radni powiatu boche\u0144skiego oraz osoby uhonorowane w latach ubieg\u0142ych. Wnioski o przyznanie honorowego wyr\u00f3\u017cnienia mog\u0105 sk\u0142ada\u0107 osoby prawne, jednostki organizacyjne, instytucje, stowarzyszenia i organizacje spo\u0142eczno-polityczne. Wniosek o nadanie honorowego wyr\u00f3\u017cnienia powinien zawiera\u0107 wskazanie osoby potencjalnego nominata oraz opis jego zas\u0142ug dla rozwoju i promocji Powiatu Boche\u0144skiego.<\/p>\n<p>Wszelkich dodatkowych informacji udziela Biuro Promocji Starostwa Powiatowego w Bochni pod numerem tel. 014 615-37-73.<\/p>\n<p>Szczeg\u00f3\u0142owy regulamin, wniosek oraz lista os\u00f3b i instytucji nagrodzonych w latach ubieg\u0142ych dost\u0119pne s\u0105\u00a0\u00a0<strong><a onclick=\"javascript:pageTracker._trackPageview('\/outgoing\/www.powiat.bochnia.pl\/nasz-powiat\/bene-meritus.html');\"  href=\"https:\/\/www.powiat.bochnia.pl\/nasz-powiat\/bene-meritus.html\">TUTAJ<\/a><\/strong><\/p>\n","protected":false},"excerpt":{"rendered":"<p>Znasz osob\u0119 lub organizacj\u0119 kt\u00f3ra zas\u0142uguje na szczeg\u00f3lne wyr\u00f3\u017cnienie? Zg\u0142o\u015b kandydat\u00f3w do nagrody Bene Meritus dla Powiatu Boche\u0144skiego. Dobrze czyni\u0105cy sprawiaj\u0105, \u017ce \u015bwiat staje si\u0119 lepszy i udowadniaj\u0105, \u017ce dzi\u0119ki wsp\u00f3lnej pracy dla dobra innych mo\u017cna osi\u0105gn\u0105\u0107 wiele i jeszcze wi\u0119cej. Dzi\u0119ki nagrodzie bene meritus mo\u017cemy doceni\u0107 ich prac\u0119, zaanga\u017cowanie i podzi\u0119kowa\u0107 im za t\u0105<\/p>\n","protected":false},"author":1168,"featured_media":184877,"comment_status":"open","ping_status":"closed","sticky":false,"template":"","format":"standard","meta":{"_acf_changed":false,"footnotes":""},"categories":[5,6251,6250],"tags":[17127,6436,19720],"class_list":["post-184875","post","type-post","status-publish","format-standard","has-post-thumbnail","hentry","category-biezace-wydarzenia","category-polityka-i-wydarzenia","category-tematyka","tag-powiat-bochenski","tag-starostwo-powiatowe-w-bochni","tag-top-temat","main_tag-dobrze-czyniacy"],"acf":[],"yoast_head":"<!-- This site is optimized with the Yoast SEO plugin v26.9 - https:\/\/yoast.com\/product\/yoast-seo-wordpress\/ -->\n<title>Starostwo zach\u0119ca do zg\u0142aszania dobrze czyni\u0105cych z Powiatu Boche\u0144skiego - mojabochnia.pl - portal informacyjny<\/title>\n<meta name=\"robots\" content=\"index, follow, max-snippet:-1, max-image-preview:large, max-video-preview:-1\" \/>\n<link rel=\"canonical\" href=\"https:\/\/www.mojabochnia.pl\/?p=184875\" \/>\n<meta property=\"og:locale\" content=\"pl_PL\" \/>\n<meta property=\"og:type\" content=\"article\" \/>\n<meta property=\"og:title\" content=\"Starostwo zach\u0119ca do zg\u0142aszania dobrze czyni\u0105cych z Powiatu Boche\u0144skiego - mojabochnia.pl - portal informacyjny\" \/>\n<meta property=\"og:description\" content=\"Znasz osob\u0119 lub organizacj\u0119 kt\u00f3ra zas\u0142uguje na szczeg\u00f3lne wyr\u00f3\u017cnienie? Zg\u0142o\u015b kandydat\u00f3w do nagrody Bene Meritus dla Powiatu Boche\u0144skiego. Dobrze czyni\u0105cy sprawiaj\u0105, \u017ce \u015bwiat staje si\u0119 lepszy i udowadniaj\u0105, \u017ce dzi\u0119ki wsp\u00f3lnej pracy dla dobra innych mo\u017cna osi\u0105gn\u0105\u0107 wiele i jeszcze wi\u0119cej. Dzi\u0119ki nagrodzie bene meritus mo\u017cemy doceni\u0107 ich prac\u0119, zaanga\u017cowanie i podzi\u0119kowa\u0107 im za t\u0105\" \/>\n<meta property=\"og:url\" content=\"https:\/\/www.mojabochnia.pl\/?p=184875\" \/>\n<meta property=\"og:site_name\" content=\"mojabochnia.pl - portal informacyjny\" \/>\n<meta property=\"article:publisher\" content=\"https:\/\/www.facebook.com\/mojabochnia\" \/>\n<meta property=\"article:published_time\" content=\"2018-03-28T09:01:01+00:00\" \/>\n<meta property=\"og:image\" content=\"https:\/\/www.mojabochnia.pl\/wp-content\/uploads\/2018\/03\/DSC_9615_1.jpg\" \/>\n\t<meta property=\"og:image:width\" content=\"756\" \/>\n\t<meta property=\"og:image:height\" content=\"500\" \/>\n\t<meta property=\"og:image:type\" content=\"image\/jpeg\" \/>\n<meta name=\"author\" content=\"Mateusz Franczyk\" \/>\n<meta name=\"twitter:card\" content=\"summary_large_image\" \/>\n<meta name=\"twitter:label1\" content=\"Written by\" \/>\n\t<meta name=\"twitter:data1\" content=\"Mateusz Franczyk\" \/>\n\t<meta name=\"twitter:label2\" content=\"Est. reading time\" \/>\n\t<meta name=\"twitter:data2\" content=\"2 minuty\" \/>\n<script type=\"application\/ld+json\" class=\"yoast-schema-graph\">{\"@context\":\"https:\/\/schema.org\",\"@graph\":[{\"@type\":\"Article\",\"@id\":\"https:\/\/www.mojabochnia.pl\/?p=184875#article\",\"isPartOf\":{\"@id\":\"https:\/\/www.mojabochnia.pl\/?p=184875\"},\"author\":{\"name\":\"Mateusz Franczyk\",\"@id\":\"https:\/\/www.mojabochnia.pl\/#\/schema\/person\/43d3c2066b5450cc314bfa4e9e0e0099\"},\"headline\":\"Starostwo zach\u0119ca do zg\u0142aszania dobrze czyni\u0105cych z Powiatu Boche\u0144skiego\",\"datePublished\":\"2018-03-28T09:01:01+00:00\",\"mainEntityOfPage\":{\"@id\":\"https:\/\/www.mojabochnia.pl\/?p=184875\"},\"wordCount\":352,\"commentCount\":0,\"publisher\":{\"@id\":\"https:\/\/www.mojabochnia.pl\/#organization\"},\"image\":{\"@id\":\"https:\/\/www.mojabochnia.pl\/?p=184875#primaryimage\"},\"thumbnailUrl\":\"https:\/\/www.mojabochnia.pl\/wp-content\/uploads\/2018\/03\/DSC_9615_1.jpg\",\"keywords\":[\"powiat boche\u0144ski\",\"starostwo powiatowe w bochni\",\"top temat\"],\"articleSection\":[\"2_ostatnie\",\"polityka i wydarzenia\",\"tematyka\"],\"inLanguage\":\"pl-PL\",\"potentialAction\":[{\"@type\":\"CommentAction\",\"name\":\"Comment\",\"target\":[\"https:\/\/www.mojabochnia.pl\/?p=184875#respond\"]}]},{\"@type\":\"WebPage\",\"@id\":\"https:\/\/www.mojabochnia.pl\/?p=184875\",\"url\":\"https:\/\/www.mojabochnia.pl\/?p=184875\",\"name\":\"Starostwo zach\u0119ca do zg\u0142aszania dobrze czyni\u0105cych z Powiatu Boche\u0144skiego - mojabochnia.pl - portal informacyjny\",\"isPartOf\":{\"@id\":\"https:\/\/www.mojabochnia.pl\/#website\"},\"primaryImageOfPage\":{\"@id\":\"https:\/\/www.mojabochnia.pl\/?p=184875#primaryimage\"},\"image\":{\"@id\":\"https:\/\/www.mojabochnia.pl\/?p=184875#primaryimage\"},\"thumbnailUrl\":\"https:\/\/www.mojabochnia.pl\/wp-content\/uploads\/2018\/03\/DSC_9615_1.jpg\",\"datePublished\":\"2018-03-28T09:01:01+00:00\",\"breadcrumb\":{\"@id\":\"https:\/\/www.mojabochnia.pl\/?p=184875#breadcrumb\"},\"inLanguage\":\"pl-PL\",\"potentialAction\":[{\"@type\":\"ReadAction\",\"target\":[\"https:\/\/www.mojabochnia.pl\/?p=184875\"]}]},{\"@type\":\"ImageObject\",\"inLanguage\":\"pl-PL\",\"@id\":\"https:\/\/www.mojabochnia.pl\/?p=184875#primaryimage\",\"url\":\"https:\/\/www.mojabochnia.pl\/wp-content\/uploads\/2018\/03\/DSC_9615_1.jpg\",\"contentUrl\":\"https:\/\/www.mojabochnia.pl\/wp-content\/uploads\/2018\/03\/DSC_9615_1.jpg\",\"width\":756,\"height\":500},{\"@type\":\"BreadcrumbList\",\"@id\":\"https:\/\/www.mojabochnia.pl\/?p=184875#breadcrumb\",\"itemListElement\":[{\"@type\":\"ListItem\",\"position\":1,\"name\":\"Home\",\"item\":\"https:\/\/www.mojabochnia.pl\/\"},{\"@type\":\"ListItem\",\"position\":2,\"name\":\"Starostwo zach\u0119ca do zg\u0142aszania dobrze czyni\u0105cych z Powiatu Boche\u0144skiego\"}]},{\"@type\":\"WebSite\",\"@id\":\"https:\/\/www.mojabochnia.pl\/#website\",\"url\":\"https:\/\/www.mojabochnia.pl\/\",\"name\":\"mojabochnia.pl - portal informacyjny\",\"description\":\"mojaBochnia to portal informacyjny o Bochni. Codziennie o Bochni piszemy i pokazujemy najwa\u017cniejsze wydarzenia\",\"publisher\":{\"@id\":\"https:\/\/www.mojabochnia.pl\/#organization\"},\"potentialAction\":[{\"@type\":\"SearchAction\",\"target\":{\"@type\":\"EntryPoint\",\"urlTemplate\":\"https:\/\/www.mojabochnia.pl\/?s={search_term_string}\"},\"query-input\":{\"@type\":\"PropertyValueSpecification\",\"valueRequired\":true,\"valueName\":\"search_term_string\"}}],\"inLanguage\":\"pl-PL\"},{\"@type\":\"Organization\",\"@id\":\"https:\/\/www.mojabochnia.pl\/#organization\",\"name\":\"mojabochnia.pl - portal informacyjny\",\"url\":\"https:\/\/www.mojabochnia.pl\/\",\"logo\":{\"@type\":\"ImageObject\",\"inLanguage\":\"pl-PL\",\"@id\":\"https:\/\/www.mojabochnia.pl\/#\/schema\/logo\/image\/\",\"url\":\"https:\/\/www.mojabochnia.pl\/wp-content\/uploads\/2017\/08\/logo-mb-opt.png\",\"contentUrl\":\"https:\/\/www.mojabochnia.pl\/wp-content\/uploads\/2017\/08\/logo-mb-opt.png\",\"width\":250,\"height\":48,\"caption\":\"mojabochnia.pl - portal informacyjny\"},\"image\":{\"@id\":\"https:\/\/www.mojabochnia.pl\/#\/schema\/logo\/image\/\"},\"sameAs\":[\"https:\/\/www.facebook.com\/mojabochnia\"]},{\"@type\":\"Person\",\"@id\":\"https:\/\/www.mojabochnia.pl\/#\/schema\/person\/43d3c2066b5450cc314bfa4e9e0e0099\",\"name\":\"Mateusz Franczyk\",\"url\":\"https:\/\/www.mojabochnia.pl\/?author=1168\"}]}<\/script>\n<!-- \/ Yoast SEO plugin. -->","yoast_head_json":{"title":"Starostwo zach\u0119ca do zg\u0142aszania dobrze czyni\u0105cych z Powiatu Boche\u0144skiego - mojabochnia.pl - portal informacyjny","robots":{"index":"index","follow":"follow","max-snippet":"max-snippet:-1","max-image-preview":"max-image-preview:large","max-video-preview":"max-video-preview:-1"},"canonical":"https:\/\/www.mojabochnia.pl\/?p=184875","og_locale":"pl_PL","og_type":"article","og_title":"Starostwo zach\u0119ca do zg\u0142aszania dobrze czyni\u0105cych z Powiatu Boche\u0144skiego - mojabochnia.pl - portal informacyjny","og_description":"Znasz osob\u0119 lub organizacj\u0119 kt\u00f3ra zas\u0142uguje na szczeg\u00f3lne wyr\u00f3\u017cnienie? Zg\u0142o\u015b kandydat\u00f3w do nagrody Bene Meritus dla Powiatu Boche\u0144skiego. Dobrze czyni\u0105cy sprawiaj\u0105, \u017ce \u015bwiat staje si\u0119 lepszy i udowadniaj\u0105, \u017ce dzi\u0119ki wsp\u00f3lnej pracy dla dobra innych mo\u017cna osi\u0105gn\u0105\u0107 wiele i jeszcze wi\u0119cej. Dzi\u0119ki nagrodzie bene meritus mo\u017cemy doceni\u0107 ich prac\u0119, zaanga\u017cowanie i podzi\u0119kowa\u0107 im za t\u0105","og_url":"https:\/\/www.mojabochnia.pl\/?p=184875","og_site_name":"mojabochnia.pl - portal informacyjny","article_publisher":"https:\/\/www.facebook.com\/mojabochnia","article_published_time":"2018-03-28T09:01:01+00:00","og_image":[{"width":756,"height":500,"url":"https:\/\/www.mojabochnia.pl\/wp-content\/uploads\/2018\/03\/DSC_9615_1.jpg","type":"image\/jpeg"}],"author":"Mateusz Franczyk","twitter_card":"summary_large_image","twitter_misc":{"Written by":"Mateusz Franczyk","Est. reading time":"2 minuty"},"schema":{"@context":"https:\/\/schema.org","@graph":[{"@type":"Article","@id":"https:\/\/www.mojabochnia.pl\/?p=184875#article","isPartOf":{"@id":"https:\/\/www.mojabochnia.pl\/?p=184875"},"author":{"name":"Mateusz Franczyk","@id":"https:\/\/www.mojabochnia.pl\/#\/schema\/person\/43d3c2066b5450cc314bfa4e9e0e0099"},"headline":"Starostwo zach\u0119ca do zg\u0142aszania dobrze czyni\u0105cych z Powiatu Boche\u0144skiego","datePublished":"2018-03-28T09:01:01+00:00","mainEntityOfPage":{"@id":"https:\/\/www.mojabochnia.pl\/?p=184875"},"wordCount":352,"commentCount":0,"publisher":{"@id":"https:\/\/www.mojabochnia.pl\/#organization"},"image":{"@id":"https:\/\/www.mojabochnia.pl\/?p=184875#primaryimage"},"thumbnailUrl":"https:\/\/www.mojabochnia.pl\/wp-content\/uploads\/2018\/03\/DSC_9615_1.jpg","keywords":["powiat boche\u0144ski","starostwo powiatowe w bochni","top temat"],"articleSection":["2_ostatnie","polityka i wydarzenia","tematyka"],"inLanguage":"pl-PL","potentialAction":[{"@type":"CommentAction","name":"Comment","target":["https:\/\/www.mojabochnia.pl\/?p=184875#respond"]}]},{"@type":"WebPage","@id":"https:\/\/www.mojabochnia.pl\/?p=184875","url":"https:\/\/www.mojabochnia.pl\/?p=184875","name":"Starostwo zach\u0119ca do zg\u0142aszania dobrze czyni\u0105cych z Powiatu Boche\u0144skiego - mojabochnia.pl - portal informacyjny","isPartOf":{"@id":"https:\/\/www.mojabochnia.pl\/#website"},"primaryImageOfPage":{"@id":"https:\/\/www.mojabochnia.pl\/?p=184875#primaryimage"},"image":{"@id":"https:\/\/www.mojabochnia.pl\/?p=184875#primaryimage"},"thumbnailUrl":"https:\/\/www.mojabochnia.pl\/wp-content\/uploads\/2018\/03\/DSC_9615_1.jpg","datePublished":"2018-03-28T09:01:01+00:00","breadcrumb":{"@id":"https:\/\/www.mojabochnia.pl\/?p=184875#breadcrumb"},"inLanguage":"pl-PL","potentialAction":[{"@type":"ReadAction","target":["https:\/\/www.mojabochnia.pl\/?p=184875"]}]},{"@type":"ImageObject","inLanguage":"pl-PL","@id":"https:\/\/www.mojabochnia.pl\/?p=184875#primaryimage","url":"https:\/\/www.mojabochnia.pl\/wp-content\/uploads\/2018\/03\/DSC_9615_1.jpg","contentUrl":"https:\/\/www.mojabochnia.pl\/wp-content\/uploads\/2018\/03\/DSC_9615_1.jpg","width":756,"height":500},{"@type":"BreadcrumbList","@id":"https:\/\/www.mojabochnia.pl\/?p=184875#breadcrumb","itemListElement":[{"@type":"ListItem","position":1,"name":"Home","item":"https:\/\/www.mojabochnia.pl\/"},{"@type":"ListItem","position":2,"name":"Starostwo zach\u0119ca do zg\u0142aszania dobrze czyni\u0105cych z Powiatu Boche\u0144skiego"}]},{"@type":"WebSite","@id":"https:\/\/www.mojabochnia.pl\/#website","url":"https:\/\/www.mojabochnia.pl\/","name":"mojabochnia.pl - portal informacyjny","description":"mojaBochnia to portal informacyjny o Bochni. Codziennie o Bochni piszemy i pokazujemy najwa\u017cniejsze wydarzenia","publisher":{"@id":"https:\/\/www.mojabochnia.pl\/#organization"},"potentialAction":[{"@type":"SearchAction","target":{"@type":"EntryPoint","urlTemplate":"https:\/\/www.mojabochnia.pl\/?s={search_term_string}"},"query-input":{"@type":"PropertyValueSpecification","valueRequired":true,"valueName":"search_term_string"}}],"inLanguage":"pl-PL"},{"@type":"Organization","@id":"https:\/\/www.mojabochnia.pl\/#organization","name":"mojabochnia.pl - portal informacyjny","url":"https:\/\/www.mojabochnia.pl\/","logo":{"@type":"ImageObject","inLanguage":"pl-PL","@id":"https:\/\/www.mojabochnia.pl\/#\/schema\/logo\/image\/","url":"https:\/\/www.mojabochnia.pl\/wp-content\/uploads\/2017\/08\/logo-mb-opt.png","contentUrl":"https:\/\/www.mojabochnia.pl\/wp-content\/uploads\/2017\/08\/logo-mb-opt.png","width":250,"height":48,"caption":"mojabochnia.pl - portal informacyjny"},"image":{"@id":"https:\/\/www.mojabochnia.pl\/#\/schema\/logo\/image\/"},"sameAs":["https:\/\/www.facebook.com\/mojabochnia"]},{"@type":"Person","@id":"https:\/\/www.mojabochnia.pl\/#\/schema\/person\/43d3c2066b5450cc314bfa4e9e0e0099","name":"Mateusz Franczyk","url":"https:\/\/www.mojabochnia.pl\/?author=1168"}]}},"_links":{"self":[{"href":"https:\/\/www.mojabochnia.pl\/index.php?rest_route=\/wp\/v2\/posts\/184875","targetHints":{"allow":["GET"]}}],"collection":[{"href":"https:\/\/www.mojabochnia.pl\/index.php?rest_route=\/wp\/v2\/posts"}],"about":[{"href":"https:\/\/www.mojabochnia.pl\/index.php?rest_route=\/wp\/v2\/types\/post"}],"author":[{"embeddable":true,"href":"https:\/\/www.mojabochnia.pl\/index.php?rest_route=\/wp\/v2\/users\/1168"}],"replies":[{"embeddable":true,"href":"https:\/\/www.mojabochnia.pl\/index.php?rest_route=%2Fwp%2Fv2%2Fcomments&post=184875"}],"version-history":[{"count":1,"href":"https:\/\/www.mojabochnia.pl\/index.php?rest_route=\/wp\/v2\/posts\/184875\/revisions"}],"predecessor-version":[{"id":184878,"href":"https:\/\/www.mojabochnia.pl\/index.php?rest_route=\/wp\/v2\/posts\/184875\/revisions\/184878"}],"wp:featuredmedia":[{"embeddable":true,"href":"https:\/\/www.mojabochnia.pl\/index.php?rest_route=\/wp\/v2\/media\/184877"}],"wp:attachment":[{"href":"https:\/\/www.mojabochnia.pl\/index.php?rest_route=%2Fwp%2Fv2%2Fmedia&parent=184875"}],"wp:term":[{"taxonomy":"category","embeddable":true,"href":"https:\/\/www.mojabochnia.pl\/index.php?rest_route=%2Fwp%2Fv2%2Fcategories&post=184875"},{"taxonomy":"post_tag","embeddable":true,"href":"https:\/\/www.mojabochnia.pl\/index.php?rest_route=%2Fwp%2Fv2%2Ftags&post=184875"}],"curies":[{"name":"wp","href":"https:\/\/api.w.org\/{rel}","templated":true}]}}